{"id":28709,"date":"2025-11-03T10:05:33","date_gmt":"2025-11-03T13:05:33","guid":{"rendered":"https:\/\/vamosporlaliberacion.org\/crpmlm\/?p=28709"},"modified":"2025-11-03T10:05:37","modified_gmt":"2025-11-03T13:05:37","slug":"vienen-por-todo-y-los-podemos-parar-es-en-las-calles-y-somos-mayoria","status":"publish","type":"post","link":"https:\/\/vamosporlaliberacion.org\/crpmlm\/vienen-por-todo-y-los-podemos-parar-es-en-las-calles-y-somos-mayoria\/","title":{"rendered":"VIENEN POR TODO Y LOS PODEMOS PARAR, ES EN LAS CALLES Y SOMOS MAYOR\u00cdA"},"content":{"rendered":"\n<h3 class=\"wp-block-heading\">Elecciones legislativas: gan\u00f3 la casta, perdi\u00f3 el pueblo y el pa\u00eds<\/h3>\n\n\n\n<h3 class=\"wp-block-heading\"><strong>Con decisi\u00f3n, valent\u00eda y audacia, desatemos y unamos todas las luchas<\/strong><\/h3>\n\n\n\n<p style=\"margin-bottom:-2px\"><strong>Documento para el debate<\/strong><\/p>\n\n\n\n<p style=\"margin-top:-5px\"><strong>(algunas reflexiones sobre las elecciones del 26\/10, el gobierno de Milei y la oposici\u00f3n popular)<\/strong><\/p>\n\n\n\n<p>No hay una sola explicaci\u00f3n a los acontecimientos que nos atraviesan que dieron m\u00e1s poder a los enemigos declarados del pueblo y la patria que ir\u00e1n por todo en una segunda etapa del saqueo organizado.<\/p>\n\n\n\n<h3 class=\"wp-block-heading\"><strong>Temor a la cat\u00e1strofe<\/strong><\/h3>\n\n\n\n<p>Sin entrar en un orden podemos decir que aun los sectores populares que votaron al oficialismo no lo hicieron por acuerdo de su condici\u00f3n econ\u00f3mica que se ha derrumbado en lo que va de gobierno libertario, sino por varias razones a saber, como el \u201cacto reflejo\u201d frente a la posibilidad de que \u201cvuele todo por los aires\u201d el d\u00eda despu\u00e9s como lo vaticinaba tanto el oficialismo como la oposici\u00f3n, donde el debate se traslad\u00f3 a cuanto se iba a ir el d\u00f3lar, que para la poblaci\u00f3n de a pie se refleja en los precios de los alimentos y servicios hasta la posibilidad de un cambio de gobierno sin certezas de nada en la vereda del opuesta. <strong>Frente a esto prim\u00f3 la cordura de mantenerse en el \u201cbote averiado\u201d, roto y con entrada de agua evidenciada en el fracaso de la pol\u00edtica econ\u00f3mica<\/strong> sostenida por el nuevo endeudamiento con el FMI y los d\u00f3lares del tesoro de EEUU practicando una injerencia nunca vista en la vida econ\u00f3mica y pol\u00edtica del pa\u00eds. <strong>Esto dio como resultado que ese bote no naufragara antes de las elecciones dando una idea de estabilidad pasajera.<\/strong><\/p>\n\n\n\n<p>Esto se vio reflejado a\u00fan en las ciudades y cordones industriales que estuvieron en conflicto por despidos como en Villa Constituci\u00f3n (Santa Fe), donde la LLA gan\u00f3 por escaso margen o empat\u00f3 con FP seg\u00fan los circuitos de la misma ciudad. En la misma provincia, en las ciudades portuarias gan\u00f3 LLA. En la Ciudad de C\u00f3rdoba se da de la misma manera en las barriadas obreras donde la LLA se impuso, aunque repartida con Provincias Unidas (la lista del peronismo oficialista en la provincia).<\/p>\n\n\n\n<h3 class=\"wp-block-heading\"><strong>Una luz de alarma y m\u00e1s de lo mismo<\/strong><\/h3>\n\n\n\n<p>El triunfo de Fuerza Patria el 7\/09 activ\u00f3 las alarmas en la derecha que no hab\u00eda ido a votar en aquella elecci\u00f3n provincial o lo hizo por opciones menores de derecha o centroderecha, pero no LLA. Pero junto con esto, FP si bien perdi\u00f3 en el camino de estos 50 d\u00edas m\u00e1s de 250 mil votos, mantendr\u00eda el porcentaje si atendemos a que los extranjeros en esta elecci\u00f3n no pod\u00edan votar y si en aquella provincial, lo que marcar\u00eda un acierto en desdoblar las elecciones como se hizo.<\/p>\n\n\n\n<p>Esto no quita que, atendiendo a esta realidad, se perdi\u00f3 por lo que no se puede soslayar el debate de c\u00f3mo fue la campa\u00f1a donde se evidenci\u00f3 la ca\u00edda en la militancia y hasta boicot. Tambi\u00e9n habr\u00eda que bucear en el car\u00e1cter de la elecci\u00f3n respecto a la del 7\/09, ya que aquella fue marcada por la cercan\u00eda de una elecci\u00f3n local respecto a sus candidatos, y donde los intendentes fueron los armadores de las listas. A diferencia del armado para el 26\/10 donde los candidatos son extraterritoriales y esos jefes comunales no incidieron en el armado que digitaron el triunvirato Cristina, Axel y Massa.<\/p>\n\n\n\n<p><strong>Esto tambi\u00e9n abre otro interrogante en cuanto a que no hay recambios en el principal partido de la oposici\u00f3n, el peronismo, mostrando los m\u00e9todos y caras de siempre<\/strong>. Agravado por no presentar ninguna propuesta que les de a esos millones en la tormenta, una salida hacia el futuro inmediato. <strong>Creyeron que solo con \u201cfrenar a Milei\u201d alcanzaba<\/strong>, pero no abordaron el debate de puntos fuertes del gobierno nacional como por ejemplo la inflaci\u00f3n o la pobreza. A esto sumado a que los principales dirigentxs estuvieron ausentes de los acontecimientos que atravesaron a los mas necesitados como el Garrahan, jubilados reprimidos cada semana o la discapacidad. Pero tambi\u00e9n pagamos que esos jerarcas enquistados en la CGT sigan el camino de la traici\u00f3n y las agachadas frente al gobierno de los monopolios que no par\u00f3 de despedir y cerrar f\u00e1bricas (m\u00e1s de 20.000 Pymes cerraron en lo que va del gobierno), manteniendo el salario a la baja. Esos mismos impresentables de la foto con Kicillof a solo tres d\u00edas de las elecciones.<\/p>\n\n\n\n<p>Los pases de factura dentro del peronismo se disparan con una figura como kicillof que \u201cbanca la parada\u201d en la derrota, aunque el porcentaje del 41% sea el m\u00e1s importante para el peronismo en una elecci\u00f3n de medio termino desde hace m\u00e1s de 20 a\u00f1os. El kirchnerismo se planta en que no hab\u00eda que haber desdoblado las elecciones y como quien disfruta la derrota Cristina baila en el balc\u00f3n de su casa\/prisi\u00f3n la misma noche del 26, mostrando que a veces poco les importa el dolor de la militancia que se jug\u00f3 en la campa\u00f1a y quienes sufrieron la dura derrota.<\/p>\n\n\n\n<h3 class=\"wp-block-heading\"><strong>Mas elementos<\/strong><\/h3>\n\n\n\n<p>Los resultados ayudan a ver varias caras de la misma moneda, y no quedarse solo con el esc\u00e1ndalo de corrupci\u00f3n, lavado y narcopol\u00edtica pensando que el repudio se iba a expresar de manera inmediata en la voluntad de la mayor\u00eda electoral, pero soslayando a una oposici\u00f3n que carga tambi\u00e9n con sus \u201cmuertos en el ropero\u201d. La militancia muchas veces paga caro \u201cel agite\u201d de peque\u00f1os relatos que se muestran como que \u201ces el todo\u201d cuando en realidad es solo una parte de la realidad, lejos del d\u00eda a d\u00eda del subsuelo de la patria, aquellos que padecen la pobreza, la desocupaci\u00f3n o la falta de medicamentos, entre otros. La sorpresa de los resultados electorales habr\u00eda que buscarlos tambi\u00e9n en estas causas. <em><strong>\u201cAcampar entre las flores\u201d <\/strong><\/em><strong>sosten\u00eda Mao Tse-Tung<\/strong> <strong>a la hora de investigar para llegar a saber lo que piensan en los territorios o lugares de trabajo.<\/strong><\/p>\n\n\n\n<p><strong>En este sentido, el gobierno se bas\u00f3 en que \u201clo duro ya pas\u00f3\u201d y que \u201cel 26 termina la primera etapa\u201d de una gesti\u00f3n que baj\u00f3 la inflaci\u00f3n y la pobreza<\/strong>, si bien con un costo social tremendo y adem\u00e1s manipulando las mediciones, fue valorado por una franja que hace grandes esfuerzos, castigada, pero que frente a la ausencia de opciones de poder desde el campo popular, <strong>ya sea porque no las hay o por balance de la historia reciente, opta por renovar el contrato y esperar a que la segunda etapa derrame algo m\u00e1s para abajo o se conforme \u201cuna nueva arca popular\u201d que los lleve a buen puerto.<\/strong><\/p>\n\n\n\n<p>Es importante tambi\u00e9n sumar en este contexto, la sensaci\u00f3n de estabilidad en los precios de los alimentos y, si bien el ejecutivo llev\u00f3 como ariete el \u201criesgo kuka\u201d o el \u201cenemigo kuka\u201d, y en su recorrido por este a\u00f1o y ocho meses barri\u00f3 con los programas sociales, presupuestos, alimentos y comedores manifestando su odio a la \u201cjusticia social\u201d, <strong>mantuvo y fue actualizando la AUH manteniendo as\u00ed, el entramado de un tejido donde se sostienen millones de familias de mas bajos recursos a la que le suman algunas changas y\/o ayudas municipales o provinciales<\/strong>. Esta tambi\u00e9n es una explicaci\u00f3n del porque no estall\u00f3 el conflicto social hace ya tiempo, sumada a la divisi\u00f3n que lograron instalar en la sociedad en el primer periodo de gobierno, en cuanto a <em>\u201cterminar con los planeros que viven del Estado engordando las cajas de las organizaciones sociales y pol\u00edticas\u201d,<\/em> acompa\u00f1ada por la \u201ceficacia\u201d del protocolo anti piquetes y la represi\u00f3n sobre todo aquellas luchas m\u00e1s aisladas que llevan mayores enfrentamientos con sectores medios y asalariados.<\/p>\n\n\n<div class=\"wp-block-image\">\n<figure class=\"aligncenter size-large is-resized\"><img data-recalc-dims=\"1\" loading=\"lazy\" decoding=\"async\" width=\"696\" height=\"386\" src=\"https:\/\/i0.wp.com\/vamosporlaliberacion.org\/crpmlm\/wp-content\/uploads\/2025\/11\/Despidos-en-Acindar.jpg?resize=696%2C386&#038;ssl=1\" alt=\"\" class=\"wp-image-28711\" style=\"width:694px;height:auto\" srcset=\"https:\/\/i0.wp.com\/vamosporlaliberacion.org\/crpmlm\/wp-content\/uploads\/2025\/11\/Despidos-en-Acindar.jpg?resize=700%2C388&amp;ssl=1 700w, https:\/\/i0.wp.com\/vamosporlaliberacion.org\/crpmlm\/wp-content\/uploads\/2025\/11\/Despidos-en-Acindar.jpg?resize=300%2C166&amp;ssl=1 300w, https:\/\/i0.wp.com\/vamosporlaliberacion.org\/crpmlm\/wp-content\/uploads\/2025\/11\/Despidos-en-Acindar.jpg?resize=768%2C426&amp;ssl=1 768w, https:\/\/i0.wp.com\/vamosporlaliberacion.org\/crpmlm\/wp-content\/uploads\/2025\/11\/Despidos-en-Acindar.jpg?resize=150%2C83&amp;ssl=1 150w, https:\/\/i0.wp.com\/vamosporlaliberacion.org\/crpmlm\/wp-content\/uploads\/2025\/11\/Despidos-en-Acindar.jpg?resize=696%2C385&amp;ssl=1 696w, https:\/\/i0.wp.com\/vamosporlaliberacion.org\/crpmlm\/wp-content\/uploads\/2025\/11\/Despidos-en-Acindar.jpg?resize=757%2C420&amp;ssl=1 757w, https:\/\/i0.wp.com\/vamosporlaliberacion.org\/crpmlm\/wp-content\/uploads\/2025\/11\/Despidos-en-Acindar.jpg?w=1022&amp;ssl=1 1022w\" sizes=\"auto, (max-width: 696px) 100vw, 696px\" \/><figcaption class=\"wp-element-caption\">Acindar en lucha!! A pesar de los incesantes despidos, LLA gan\u00f3 en Villa Constituci\u00f3n, Santa Fe.<\/figcaption><\/figure>\n<\/div>\n\n\n<p><strong>Esto es importante ya que fortaleci\u00f3 el statu quo de las clases dominantes en cuanto a que \u201ctodo es a trav\u00e9s de las instituciones\u201d, <\/strong>abandonando las calles como escenario de la manifestaci\u00f3n ciudadana negando as\u00ed, incluso, el propio origen de la rep\u00fablica. <strong>Esta idea abarca desde la ultraderecha hasta expresiones del progresismo como lo vimos en este periodo.<\/strong><\/p>\n\n\n\n<p>Esto, alimenta otro elemento que suma al resultado electoral como es la consolidaci\u00f3n de \u201cbloques\u201d de pensamiento de derecha, conservadores o de ultraderecha que, si bien cambia de colores a lo largo de los \u00faltimos a\u00f1os, se mantiene el numero electoral. Las caracter\u00edsticas son el individualismo, el odio al llamado \u201cpopulismo\u201d, expresado en el peronismo hasta la izquierda y el Estado.<\/p>\n\n\n\n<p>Estas franjas se nutren del fracaso de las pol\u00edticas y dirigentes del llamado progresismo que, si bien han otorgado derechos a los sectores m\u00e1s golpeados cuando gobernaron, muchas de esas medidas no representan necesariamente pol\u00edticas soberanas ya que han mantenido la estructura dependiente de la econom\u00eda con todo lo que ello significa en la macro y la micro econom\u00eda. Pero, sobre todo, para diferenciarse del neoliberalismo que gobierna solo para los sectores concentrados, esas corrientes desde el campo popular, aplican la premisa de \u201cgobernar para todos\u201d, obviando que en ese \u201ctodos\u201d inevitablemente los que gana son aquellos sectores que componen la \u00ednfima minor\u00eda del 1% que tiene la sart\u00e9n por el mango de la econom\u00eda, la justicia y la pol\u00edtica. Los sectores populares sostenemos en la actual etapa hist\u00f3rica, \u201cgobernar para la inmensa mayor\u00eda\u201d lo que implica interpelar y cambiar la matriz econ\u00f3mica y su correlato en la superestructura.<\/p>\n\n\n\n<h3 class=\"wp-block-heading\"><strong>Muertos y nonatos<\/strong><\/h3>\n\n\n\n<p>Estas elecciones tambi\u00e9n tuvieron \u201cmuertos y nonatos\u201d expresados en la casi desaparici\u00f3n en el Congreso del PRO, ahora ya se pasaron a LLA 9 diputados del PRO con lo que el oficialismo contar\u00eda con el tercio para frenar la nulidad de los DNU y un eventual Juicio Pol\u00edtico. La UCR qued\u00f3 solo con tres diputados debati\u00e9ndose si ser\u00e1n deglutidos por la LLA o se integraran a un bloque de centro derecha como Provincias Unidas que no termin\u00f3 de nacer dejando a los gobernadores como Santa Fe, C\u00f3rdoba, Chubut, Corrientes o Jujuy en una dura derrota en una elecci\u00f3n ultra polarizada, pero donde ellos pagaron tambi\u00e9n sus pol\u00edticas, donde descargan el ajuste del gobierno nacional sobre las espaldas de lxs trabajadores del estado, el recorte de programas y la obra p\u00fablica, a la vez que son obsecuentes a la hora de votar las leyes y decretos del gobierno nacional que arrasa con el federalismo.<\/p>\n\n\n<div class=\"wp-block-image\">\n<figure class=\"aligncenter size-large is-resized\"><img data-recalc-dims=\"1\" loading=\"lazy\" decoding=\"async\" width=\"696\" height=\"389\" src=\"https:\/\/i0.wp.com\/vamosporlaliberacion.org\/crpmlm\/wp-content\/uploads\/2025\/11\/Provincias-Unidas.jpg?resize=696%2C389&#038;ssl=1\" alt=\"\" class=\"wp-image-28712\" style=\"width:596px;height:auto\" srcset=\"https:\/\/i0.wp.com\/vamosporlaliberacion.org\/crpmlm\/wp-content\/uploads\/2025\/11\/Provincias-Unidas.jpg?resize=700%2C391&amp;ssl=1 700w, https:\/\/i0.wp.com\/vamosporlaliberacion.org\/crpmlm\/wp-content\/uploads\/2025\/11\/Provincias-Unidas.jpg?resize=300%2C168&amp;ssl=1 300w, https:\/\/i0.wp.com\/vamosporlaliberacion.org\/crpmlm\/wp-content\/uploads\/2025\/11\/Provincias-Unidas.jpg?resize=768%2C429&amp;ssl=1 768w, https:\/\/i0.wp.com\/vamosporlaliberacion.org\/crpmlm\/wp-content\/uploads\/2025\/11\/Provincias-Unidas.jpg?resize=150%2C84&amp;ssl=1 150w, https:\/\/i0.wp.com\/vamosporlaliberacion.org\/crpmlm\/wp-content\/uploads\/2025\/11\/Provincias-Unidas.jpg?resize=696%2C389&amp;ssl=1 696w, https:\/\/i0.wp.com\/vamosporlaliberacion.org\/crpmlm\/wp-content\/uploads\/2025\/11\/Provincias-Unidas.jpg?resize=752%2C420&amp;ssl=1 752w, https:\/\/i0.wp.com\/vamosporlaliberacion.org\/crpmlm\/wp-content\/uploads\/2025\/11\/Provincias-Unidas.jpg?w=770&amp;ssl=1 770w\" sizes=\"auto, (max-width: 696px) 100vw, 696px\" \/><figcaption class=\"wp-element-caption\">Los gobernadores del grupo Provincias Unidas<\/figcaption><\/figure>\n<\/div>\n\n\n<p>La primera reacci\u00f3n de esa debilidad, es correr presurosos a reunirse con el gobierno nacional para lograr un acuerdo que les de recursos en sus provincias y les habiliten nuevos endeudamientos a la situaci\u00f3n de asfixia que padecen la mayor\u00eda. La primera prueba ser\u00e1, sin dudas apoyar en el Congreso las leyes de Reforma Laboral, Tributaria y Previsional.<\/p>\n\n\n\n<p>Pero luego de esta foto, Milei y su hermana \u201csinceran\u201d el gabinete y cierran posibles fisuras dejando afuera al ex ministro Guillermo Francos como Jefe de Gabinete, poniendo a Manuel Adorni en ese puesto y poniendo en el Ministerio del Interior a Diego Santilli, reci\u00e9n electo diputado que salt\u00f3 del PRO a LLA.<\/p>\n\n\n\n<p>Pero tambi\u00e9n hubo un reacomodo en los \u00faltimos d\u00edas antes de las elecciones, sobre todo a partir de la ofensiva de EEUU que cambi\u00f3 el mapa, donde no solo dio mayor estabilidad en base a la \u201cextorci\u00f3n y billetera\u201d, sino que ofreci\u00f3 grandes negocios para los gobernadores en este nuevo periodo, sobre la base de la entrega de los recursos como el litio, tierras raras, agua, centrales el\u00e9ctricas, uranio, puertos y bases militares. <strong>Entonces les cabe la pregunta, \u00bfPor qu\u00e9 estar en la vereda del frente en esta nueva etapa? <\/strong>Esto, tambi\u00e9n puede explicar el traspaso de votos a LLA en varios distritos, como tambi\u00e9n la garant\u00eda de gobernabilidad que necesitar\u00e1 el ejecutivo nacional en el Congreso. <strong>Pero esto reci\u00e9n empieza y habr\u00e1 que ver los acontecimientos econ\u00f3micos y pol\u00edticos.<\/strong><\/p>\n\n\n\n<h3 class=\"wp-block-heading\"><strong>La batalla cultural<\/strong><\/h3>\n\n\n\n<p>La gran equivocaci\u00f3n de Milei y los que lo rodean, es que piensan que se puede desterrar las ideas para siempre. <em>\u201cvamos a terminar con el populismo para siempre\u201d<\/em> dijo en el cierre de su campa\u00f1a y ahora cree, con los resultados en la mano, que eso es posible. Pero en todo caso el \u201ctriunfo de la no pol\u00edtica\u201d est\u00e1 basado en un n\u00facleo duro que sostiene estos dogmas en un marco internacional hacia esa direcci\u00f3n, pero, sobre todo, en tener ocupadas a grandes franjas populares en como poner un plato en la mesa, buscar laburo o sostenerse econ\u00f3micamente alimentando muchas veces el \u201cs\u00e1lvese quien pueda\u201d, el individualismo, mientras buscan arrebatarles a los j\u00f3venes el arma de la pol\u00edtica, la solidaridad y la empat\u00eda para transformar la realidad cotidiana. <strong>El ataque a la pol\u00edtica como enemigo se evidencia en la decadencia de las instituciones y el avance hacia la autocracia<\/strong>, o donde se cambian los valores, donde el presidente puede ser parte de una estafa \u201cporque es entre privados\u201d o porque en definitiva \u201ctodos roban\u201d.<\/p>\n\n\n\n<h3 class=\"wp-block-heading\"><strong>No hay cheque en blanco<\/strong><\/h3>\n\n\n\n<p><strong>Los antecedentes inmediatos de los resultados dan una certeza en cuanto a que no hay \u201ccheque en blanco\u201d, y solo se extendi\u00f3 el contrato a la espera de alg\u00fan resultado favorable en esta segunda etapa.<\/strong> Ahora el oficialismo no podr\u00e1 usar el \u201criesgo kuka\u201d y va contar con la colaboraci\u00f3n de los gobernadores que saben que \u201c2+2 es 4\u201d y los tercios necesarios en el Congreso. <strong>Ahora tendr\u00e1n que hacer pasar una espada m\u00e1s larga con motor mas potente de la motosierra, que estar\u00e1n expresadas en las tres leyes que pretende aprobar como la reforma laboral, previsional y tributaria, sumado a las exigencias de EEUU en cuanto a profundizar su presencia en la disputa geopol\u00edtica con China. Para estos objetivos logr\u00f3 una gran carta con este triunfo, ya que Trump considera a nuestro pa\u00eds vital para el armado de la regi\u00f3n sumando el triunfo resiente de la derecha en Bolivia cerrando un cerco sobre Brasil.<\/strong><\/p>\n\n\n\n<p>Pero tanto el gobierno como los sectores populares sabemos de la volatilidad de la pol\u00edtica con un antecedente inmediato como fue el triunfo de Macri en las elecciones legislativas del 2017, para luego \u201cvenirse cuesta abajo\u201d con endeudamiento hist\u00f3rico y devaluaci\u00f3n, lo que gener\u00f3 el aumento de las luchas que derivaron en la posterior derrota electoral.<\/p>\n\n\n\n<p>Es importante analizar el resultado electoral (nota al pie) para ver c\u00f3mo se compone la elecci\u00f3n y observar que LLA sac\u00f3 el 27% de los votantes, siendo superado por la abstenci\u00f3n, el voto blanco y nulo. Este es un componente importante a la hora de ver un estado de \u00e1nimo, si bien el ausentismo no se produce en un marco social como el 2001, pero tampoco otorga su voto a tal o cual candidato y menos al oficialismo que perdi\u00f3 desde las elecciones del 2023, alrededor de cinco millones de votos.<\/p>\n\n\n<div class=\"wp-block-image\">\n<figure class=\"aligncenter size-large is-resized\" style=\"margin-bottom:25px\"><img data-recalc-dims=\"1\" loading=\"lazy\" decoding=\"async\" width=\"696\" height=\"442\" src=\"https:\/\/i0.wp.com\/vamosporlaliberacion.org\/crpmlm\/wp-content\/uploads\/2025\/11\/colageEditorial3-11-25.jpg?resize=696%2C442&#038;ssl=1\" alt=\"\" class=\"wp-image-28713\" style=\"width:555px;height:auto\" srcset=\"https:\/\/i0.wp.com\/vamosporlaliberacion.org\/crpmlm\/wp-content\/uploads\/2025\/11\/colageEditorial3-11-25.jpg?resize=700%2C445&amp;ssl=1 700w, https:\/\/i0.wp.com\/vamosporlaliberacion.org\/crpmlm\/wp-content\/uploads\/2025\/11\/colageEditorial3-11-25.jpg?resize=300%2C191&amp;ssl=1 300w, https:\/\/i0.wp.com\/vamosporlaliberacion.org\/crpmlm\/wp-content\/uploads\/2025\/11\/colageEditorial3-11-25.jpg?resize=150%2C95&amp;ssl=1 150w, https:\/\/i0.wp.com\/vamosporlaliberacion.org\/crpmlm\/wp-content\/uploads\/2025\/11\/colageEditorial3-11-25.jpg?resize=696%2C442&amp;ssl=1 696w, https:\/\/i0.wp.com\/vamosporlaliberacion.org\/crpmlm\/wp-content\/uploads\/2025\/11\/colageEditorial3-11-25.jpg?resize=661%2C420&amp;ssl=1 661w, https:\/\/i0.wp.com\/vamosporlaliberacion.org\/crpmlm\/wp-content\/uploads\/2025\/11\/colageEditorial3-11-25.jpg?w=744&amp;ssl=1 744w\" sizes=\"auto, (max-width: 696px) 100vw, 696px\" \/><\/figure>\n<\/div>\n\n\n<p><strong>Sin dudas el balance de las fuerzas populares debe llevar a rodear los sectores muy golpeados en estas elecciones que han luchado y luchan como el Garrahan, discapacidad, universitarios, jubiladxs, entre otros y lograr certezas en cuanto a que la movilizaci\u00f3n popular ser\u00e1 la clave, en tiempos donde los enemigos declarados controlan el parlamento y dem\u00e1s instituciones.<\/strong><\/p>\n\n\n\n<p><strong>Promover el debate democr\u00e1tico fortalecer\u00e1 la unidad para poder organizar la lucha e ir construyendo una opci\u00f3n de poder con caras nuevas, programas de gobierno y protagonismo de los sectores mas castigados.<\/strong><\/p>\n\n\n\n<p><strong>La realidad indica que es sumamente necesario poner en debate las tres leyes que pretende el gobierno, el FMI y Trump que tenga como resultado imponer una huelga general con bloqueos y cortes que impida lo que el Congreso puede aprobar que nos llevar\u00eda al pre-peronismo de principios del siglo XX o m\u00e1s atr\u00e1s.<\/strong><\/p>\n\n\n\n<h3 class=\"wp-block-heading\"><strong>NOTA<\/strong><\/h3>\n\n\n\n<ul class=\"wp-block-list\">\n<li><strong>Resultados Elecciones Legislativas 2025 sobre Padr\u00f3n Total<\/strong><\/li>\n\n\n\n<li><strong>Padr\u00f3n Electoral Total:<\/strong><\/li>\n\n\n\n<li>36.800.000 (100,00%)<\/li>\n\n\n\n<li><strong>Ausentismo (No Votaron):<\/strong><\/li>\n\n\n\n<li>11.834.400 (32,16%) (Es importante se\u00f1alar que se calcula un ausentismo estructural del 15% desde las elecciones de 1983)<\/li>\n\n\n\n<li><strong>Total, de Votos Emitidos:<\/strong><\/li>\n\n\n\n<li>24.965.600 (67,84%)<\/li>\n\n\n\n<li><strong>Votos Nulos:<\/strong><\/li>\n\n\n\n<li>597.938 (1,62%)<\/li>\n\n\n\n<li><strong>Votos en Blanco:<\/strong><\/li>\n\n\n\n<li>664.994 (1,81%)<\/li>\n\n\n\n<li><strong>Votos para La Libertad Avanza (y aliados)<\/strong><\/li>\n\n\n\n<li>10.165.717 (27,62%)<\/li>\n\n\n\n<li><strong>Votos para Fuerza Patria (y aliados):<\/strong><\/li>\n\n\n\n<li>7.859.330 (21,36%)<\/li>\n\n\n\n<li><strong>Votos para Otras Fuerzas:<\/strong><\/li>\n\n\n\n<li>5.679.417 (15,43%)<\/li>\n<\/ul>\n\n\n\n<p><\/p>\n<!-- AddThis Advanced Settings generic via filter on the_content --><!-- AddThis Share Buttons generic via filter on the_content -->","protected":false},"excerpt":{"rendered":"<p>Elecciones legislativas: gan\u00f3 la casta, perdi\u00f3 el pueblo y el pa\u00eds Con decisi\u00f3n, valent\u00eda y audacia, desatemos y unamos todas las luchas Documento para el debate (algunas reflexiones sobre las elecciones del 26\/10, el gobierno de Milei y la oposici\u00f3n popular) No hay una sola explicaci\u00f3n a los acontecimientos que nos atraviesan que dieron m\u00e1s [&hellip;]<!-- AddThis Advanced Settings generic via filter on get_the_excerpt --><!-- AddThis Share Buttons generic via filter on get_the_excerpt --><\/p>\n","protected":false},"author":9,"featured_media":28710,"comment_status":"closed","ping_status":"closed","sticky":false,"template":"","format":"standard","meta":{"_jetpack_memberships_contains_paid_content":false,"footnotes":""},"categories":[1881,1699],"tags":[],"class_list":{"0":"post-28709","1":"post","2":"type-post","3":"status-publish","4":"format-standard","5":"has-post-thumbnail","7":"category-editoriales","8":"category-noticias"},"yoast_head":"<!-- This site is optimized with the Yoast SEO plugin v27.4 - https:\/\/yoast.com\/product\/yoast-seo-wordpress\/ -->\n<title>VIENEN POR TODO Y LOS PODEMOS PARAR, ES EN LAS CALLES Y SOMOS MAYOR\u00cdA - Vamos por la Liberaci\u00f3n<\/title>\n<meta name=\"description\" content=\"Elecciones legislativas: gan\u00f3 la casta, perdi\u00f3 el pueblo y el pa\u00edsCon decisi\u00f3n, valent\u00eda y audacia, desatemos y unamos todas las luchas\" \/>\n<meta name=\"robots\" content=\"index, follow, max-snippet:-1, max-image-preview:large, max-video-preview:-1\" \/>\n<link rel=\"canonical\" href=\"https:\/\/vamosporlaliberacion.org\/crpmlm\/vienen-por-todo-y-los-podemos-parar-es-en-las-calles-y-somos-mayoria\/\" \/>\n<meta name=\"twitter:label1\" content=\"Escrito por\" \/>\n\t<meta name=\"twitter:data1\" content=\"Prensa Vamos\" \/>\n\t<meta name=\"twitter:label2\" content=\"Tiempo de lectura\" \/>\n\t<meta name=\"twitter:data2\" content=\"13 minutos\" \/>\n<script type=\"application\/ld+json\" class=\"yoast-schema-graph\">{\"@context\":\"https:\\\/\\\/schema.org\",\"@graph\":[{\"@type\":\"Article\",\"@id\":\"https:\\\/\\\/vamosporlaliberacion.org\\\/crpmlm\\\/vienen-por-todo-y-los-podemos-parar-es-en-las-calles-y-somos-mayoria\\\/#article\",\"isPartOf\":{\"@id\":\"https:\\\/\\\/vamosporlaliberacion.org\\\/crpmlm\\\/vienen-por-todo-y-los-podemos-parar-es-en-las-calles-y-somos-mayoria\\\/\"},\"author\":{\"name\":\"Prensa Vamos\",\"@id\":\"https:\\\/\\\/vamosporlaliberacion.org\\\/crpmlm\\\/#\\\/schema\\\/person\\\/ebdbd4bf0e9418b9f0c0a93395366b2f\"},\"headline\":\"VIENEN POR TODO Y LOS PODEMOS PARAR, ES EN LAS CALLES Y SOMOS MAYOR\u00cdA\",\"datePublished\":\"2025-11-03T13:05:33+00:00\",\"dateModified\":\"2025-11-03T13:05:37+00:00\",\"mainEntityOfPage\":{\"@id\":\"https:\\\/\\\/vamosporlaliberacion.org\\\/crpmlm\\\/vienen-por-todo-y-los-podemos-parar-es-en-las-calles-y-somos-mayoria\\\/\"},\"wordCount\":2787,\"image\":{\"@id\":\"https:\\\/\\\/vamosporlaliberacion.org\\\/crpmlm\\\/vienen-por-todo-y-los-podemos-parar-es-en-las-calles-y-somos-mayoria\\\/#primaryimage\"},\"thumbnailUrl\":\"https:\\\/\\\/i0.wp.com\\\/vamosporlaliberacion.org\\\/crpmlm\\\/wp-content\\\/uploads\\\/2025\\\/11\\\/Milei-Trump-MapaElecciones102025.jpg?fit=967%2C528&ssl=1\",\"articleSection\":[\"Editoriales\",\"Noticias\"],\"inLanguage\":\"es\"},{\"@type\":\"WebPage\",\"@id\":\"https:\\\/\\\/vamosporlaliberacion.org\\\/crpmlm\\\/vienen-por-todo-y-los-podemos-parar-es-en-las-calles-y-somos-mayoria\\\/\",\"url\":\"https:\\\/\\\/vamosporlaliberacion.org\\\/crpmlm\\\/vienen-por-todo-y-los-podemos-parar-es-en-las-calles-y-somos-mayoria\\\/\",\"name\":\"VIENEN POR TODO Y LOS PODEMOS PARAR, ES EN LAS CALLES Y SOMOS MAYOR\u00cdA - Vamos por la Liberaci\u00f3n\",\"isPartOf\":{\"@id\":\"https:\\\/\\\/vamosporlaliberacion.org\\\/crpmlm\\\/#website\"},\"primaryImageOfPage\":{\"@id\":\"https:\\\/\\\/vamosporlaliberacion.org\\\/crpmlm\\\/vienen-por-todo-y-los-podemos-parar-es-en-las-calles-y-somos-mayoria\\\/#primaryimage\"},\"image\":{\"@id\":\"https:\\\/\\\/vamosporlaliberacion.org\\\/crpmlm\\\/vienen-por-todo-y-los-podemos-parar-es-en-las-calles-y-somos-mayoria\\\/#primaryimage\"},\"thumbnailUrl\":\"https:\\\/\\\/i0.wp.com\\\/vamosporlaliberacion.org\\\/crpmlm\\\/wp-content\\\/uploads\\\/2025\\\/11\\\/Milei-Trump-MapaElecciones102025.jpg?fit=967%2C528&ssl=1\",\"datePublished\":\"2025-11-03T13:05:33+00:00\",\"dateModified\":\"2025-11-03T13:05:37+00:00\",\"author\":{\"@id\":\"https:\\\/\\\/vamosporlaliberacion.org\\\/crpmlm\\\/#\\\/schema\\\/person\\\/ebdbd4bf0e9418b9f0c0a93395366b2f\"},\"description\":\"Elecciones legislativas: gan\u00f3 la casta, perdi\u00f3 el pueblo y el pa\u00edsCon decisi\u00f3n, valent\u00eda y audacia, desatemos y unamos todas las luchas\",\"breadcrumb\":{\"@id\":\"https:\\\/\\\/vamosporlaliberacion.org\\\/crpmlm\\\/vienen-por-todo-y-los-podemos-parar-es-en-las-calles-y-somos-mayoria\\\/#breadcrumb\"},\"inLanguage\":\"es\",\"potentialAction\":[{\"@type\":\"ReadAction\",\"target\":[\"https:\\\/\\\/vamosporlaliberacion.org\\\/crpmlm\\\/vienen-por-todo-y-los-podemos-parar-es-en-las-calles-y-somos-mayoria\\\/\"]}]},{\"@type\":\"ImageObject\",\"inLanguage\":\"es\",\"@id\":\"https:\\\/\\\/vamosporlaliberacion.org\\\/crpmlm\\\/vienen-por-todo-y-los-podemos-parar-es-en-las-calles-y-somos-mayoria\\\/#primaryimage\",\"url\":\"https:\\\/\\\/i0.wp.com\\\/vamosporlaliberacion.org\\\/crpmlm\\\/wp-content\\\/uploads\\\/2025\\\/11\\\/Milei-Trump-MapaElecciones102025.jpg?fit=967%2C528&ssl=1\",\"contentUrl\":\"https:\\\/\\\/i0.wp.com\\\/vamosporlaliberacion.org\\\/crpmlm\\\/wp-content\\\/uploads\\\/2025\\\/11\\\/Milei-Trump-MapaElecciones102025.jpg?fit=967%2C528&ssl=1\",\"width\":967,\"height\":528},{\"@type\":\"BreadcrumbList\",\"@id\":\"https:\\\/\\\/vamosporlaliberacion.org\\\/crpmlm\\\/vienen-por-todo-y-los-podemos-parar-es-en-las-calles-y-somos-mayoria\\\/#breadcrumb\",\"itemListElement\":[{\"@type\":\"ListItem\",\"position\":1,\"name\":\"Portada\",\"item\":\"https:\\\/\\\/vamosporlaliberacion.org\\\/crpmlm\\\/\"},{\"@type\":\"ListItem\",\"position\":2,\"name\":\"VIENEN POR TODO Y LOS PODEMOS PARAR, ES EN LAS CALLES Y SOMOS MAYOR\u00cdA\"}]},{\"@type\":\"WebSite\",\"@id\":\"https:\\\/\\\/vamosporlaliberacion.org\\\/crpmlm\\\/#website\",\"url\":\"https:\\\/\\\/vamosporlaliberacion.org\\\/crpmlm\\\/\",\"name\":\"Vamos por la Liberaci\u00f3n\",\"description\":\"Prensa CR\",\"potentialAction\":[{\"@type\":\"SearchAction\",\"target\":{\"@type\":\"EntryPoint\",\"urlTemplate\":\"https:\\\/\\\/vamosporlaliberacion.org\\\/crpmlm\\\/?s={search_term_string}\"},\"query-input\":{\"@type\":\"PropertyValueSpecification\",\"valueRequired\":true,\"valueName\":\"search_term_string\"}}],\"inLanguage\":\"es\"},{\"@type\":\"Person\",\"@id\":\"https:\\\/\\\/vamosporlaliberacion.org\\\/crpmlm\\\/#\\\/schema\\\/person\\\/ebdbd4bf0e9418b9f0c0a93395366b2f\",\"name\":\"Prensa Vamos\",\"sameAs\":[\"http:\\\/\\\/vamposporlaliberacion.org\"],\"url\":\"https:\\\/\\\/vamosporlaliberacion.org\\\/crpmlm\\\/author\\\/editor\\\/\"}]}<\/script>\n<!-- \/ Yoast SEO plugin. -->","yoast_head_json":{"title":"VIENEN POR TODO Y LOS PODEMOS PARAR, ES EN LAS CALLES Y SOMOS MAYOR\u00cdA - Vamos por la Liberaci\u00f3n","description":"Elecciones legislativas: gan\u00f3 la casta, perdi\u00f3 el pueblo y el pa\u00edsCon decisi\u00f3n, valent\u00eda y audacia, desatemos y unamos todas las luchas","robots":{"index":"index","follow":"follow","max-snippet":"max-snippet:-1","max-image-preview":"max-image-preview:large","max-video-preview":"max-video-preview:-1"},"canonical":"https:\/\/vamosporlaliberacion.org\/crpmlm\/vienen-por-todo-y-los-podemos-parar-es-en-las-calles-y-somos-mayoria\/","twitter_misc":{"Escrito por":"Prensa Vamos","Tiempo de lectura":"13 minutos"},"schema":{"@context":"https:\/\/schema.org","@graph":[{"@type":"Article","@id":"https:\/\/vamosporlaliberacion.org\/crpmlm\/vienen-por-todo-y-los-podemos-parar-es-en-las-calles-y-somos-mayoria\/#article","isPartOf":{"@id":"https:\/\/vamosporlaliberacion.org\/crpmlm\/vienen-por-todo-y-los-podemos-parar-es-en-las-calles-y-somos-mayoria\/"},"author":{"name":"Prensa Vamos","@id":"https:\/\/vamosporlaliberacion.org\/crpmlm\/#\/schema\/person\/ebdbd4bf0e9418b9f0c0a93395366b2f"},"headline":"VIENEN POR TODO Y LOS PODEMOS PARAR, ES EN LAS CALLES Y SOMOS MAYOR\u00cdA","datePublished":"2025-11-03T13:05:33+00:00","dateModified":"2025-11-03T13:05:37+00:00","mainEntityOfPage":{"@id":"https:\/\/vamosporlaliberacion.org\/crpmlm\/vienen-por-todo-y-los-podemos-parar-es-en-las-calles-y-somos-mayoria\/"},"wordCount":2787,"image":{"@id":"https:\/\/vamosporlaliberacion.org\/crpmlm\/vienen-por-todo-y-los-podemos-parar-es-en-las-calles-y-somos-mayoria\/#primaryimage"},"thumbnailUrl":"https:\/\/i0.wp.com\/vamosporlaliberacion.org\/crpmlm\/wp-content\/uploads\/2025\/11\/Milei-Trump-MapaElecciones102025.jpg?fit=967%2C528&ssl=1","articleSection":["Editoriales","Noticias"],"inLanguage":"es"},{"@type":"WebPage","@id":"https:\/\/vamosporlaliberacion.org\/crpmlm\/vienen-por-todo-y-los-podemos-parar-es-en-las-calles-y-somos-mayoria\/","url":"https:\/\/vamosporlaliberacion.org\/crpmlm\/vienen-por-todo-y-los-podemos-parar-es-en-las-calles-y-somos-mayoria\/","name":"VIENEN POR TODO Y LOS PODEMOS PARAR, ES EN LAS CALLES Y SOMOS MAYOR\u00cdA - Vamos por la Liberaci\u00f3n","isPartOf":{"@id":"https:\/\/vamosporlaliberacion.org\/crpmlm\/#website"},"primaryImageOfPage":{"@id":"https:\/\/vamosporlaliberacion.org\/crpmlm\/vienen-por-todo-y-los-podemos-parar-es-en-las-calles-y-somos-mayoria\/#primaryimage"},"image":{"@id":"https:\/\/vamosporlaliberacion.org\/crpmlm\/vienen-por-todo-y-los-podemos-parar-es-en-las-calles-y-somos-mayoria\/#primaryimage"},"thumbnailUrl":"https:\/\/i0.wp.com\/vamosporlaliberacion.org\/crpmlm\/wp-content\/uploads\/2025\/11\/Milei-Trump-MapaElecciones102025.jpg?fit=967%2C528&ssl=1","datePublished":"2025-11-03T13:05:33+00:00","dateModified":"2025-11-03T13:05:37+00:00","author":{"@id":"https:\/\/vamosporlaliberacion.org\/crpmlm\/#\/schema\/person\/ebdbd4bf0e9418b9f0c0a93395366b2f"},"description":"Elecciones legislativas: gan\u00f3 la casta, perdi\u00f3 el pueblo y el pa\u00edsCon decisi\u00f3n, valent\u00eda y audacia, desatemos y unamos todas las luchas","breadcrumb":{"@id":"https:\/\/vamosporlaliberacion.org\/crpmlm\/vienen-por-todo-y-los-podemos-parar-es-en-las-calles-y-somos-mayoria\/#breadcrumb"},"inLanguage":"es","potentialAction":[{"@type":"ReadAction","target":["https:\/\/vamosporlaliberacion.org\/crpmlm\/vienen-por-todo-y-los-podemos-parar-es-en-las-calles-y-somos-mayoria\/"]}]},{"@type":"ImageObject","inLanguage":"es","@id":"https:\/\/vamosporlaliberacion.org\/crpmlm\/vienen-por-todo-y-los-podemos-parar-es-en-las-calles-y-somos-mayoria\/#primaryimage","url":"https:\/\/i0.wp.com\/vamosporlaliberacion.org\/crpmlm\/wp-content\/uploads\/2025\/11\/Milei-Trump-MapaElecciones102025.jpg?fit=967%2C528&ssl=1","contentUrl":"https:\/\/i0.wp.com\/vamosporlaliberacion.org\/crpmlm\/wp-content\/uploads\/2025\/11\/Milei-Trump-MapaElecciones102025.jpg?fit=967%2C528&ssl=1","width":967,"height":528},{"@type":"BreadcrumbList","@id":"https:\/\/vamosporlaliberacion.org\/crpmlm\/vienen-por-todo-y-los-podemos-parar-es-en-las-calles-y-somos-mayoria\/#breadcrumb","itemListElement":[{"@type":"ListItem","position":1,"name":"Portada","item":"https:\/\/vamosporlaliberacion.org\/crpmlm\/"},{"@type":"ListItem","position":2,"name":"VIENEN POR TODO Y LOS PODEMOS PARAR, ES EN LAS CALLES Y SOMOS MAYOR\u00cdA"}]},{"@type":"WebSite","@id":"https:\/\/vamosporlaliberacion.org\/crpmlm\/#website","url":"https:\/\/vamosporlaliberacion.org\/crpmlm\/","name":"Vamos por la Liberaci\u00f3n","description":"Prensa CR","potentialAction":[{"@type":"SearchAction","target":{"@type":"EntryPoint","urlTemplate":"https:\/\/vamosporlaliberacion.org\/crpmlm\/?s={search_term_string}"},"query-input":{"@type":"PropertyValueSpecification","valueRequired":true,"valueName":"search_term_string"}}],"inLanguage":"es"},{"@type":"Person","@id":"https:\/\/vamosporlaliberacion.org\/crpmlm\/#\/schema\/person\/ebdbd4bf0e9418b9f0c0a93395366b2f","name":"Prensa Vamos","sameAs":["http:\/\/vamposporlaliberacion.org"],"url":"https:\/\/vamosporlaliberacion.org\/crpmlm\/author\/editor\/"}]}},"jetpack_featured_media_url":"https:\/\/i0.wp.com\/vamosporlaliberacion.org\/crpmlm\/wp-content\/uploads\/2025\/11\/Milei-Trump-MapaElecciones102025.jpg?fit=967%2C528&ssl=1","jetpack_sharing_enabled":true,"_links":{"self":[{"href":"https:\/\/vamosporlaliberacion.org\/crpmlm\/wp-json\/wp\/v2\/posts\/28709","targetHints":{"allow":["GET"]}}],"collection":[{"href":"https:\/\/vamosporlaliberacion.org\/crpmlm\/wp-json\/wp\/v2\/posts"}],"about":[{"href":"https:\/\/vamosporlaliberacion.org\/crpmlm\/wp-json\/wp\/v2\/types\/post"}],"author":[{"embeddable":true,"href":"https:\/\/vamosporlaliberacion.org\/crpmlm\/wp-json\/wp\/v2\/users\/9"}],"replies":[{"embeddable":true,"href":"https:\/\/vamosporlaliberacion.org\/crpmlm\/wp-json\/wp\/v2\/comments?post=28709"}],"version-history":[{"count":1,"href":"https:\/\/vamosporlaliberacion.org\/crpmlm\/wp-json\/wp\/v2\/posts\/28709\/revisions"}],"predecessor-version":[{"id":28714,"href":"https:\/\/vamosporlaliberacion.org\/crpmlm\/wp-json\/wp\/v2\/posts\/28709\/revisions\/28714"}],"wp:featuredmedia":[{"embeddable":true,"href":"https:\/\/vamosporlaliberacion.org\/crpmlm\/wp-json\/wp\/v2\/media\/28710"}],"wp:attachment":[{"href":"https:\/\/vamosporlaliberacion.org\/crpmlm\/wp-json\/wp\/v2\/media?parent=28709"}],"wp:term":[{"taxonomy":"category","embeddable":true,"href":"https:\/\/vamosporlaliberacion.org\/crpmlm\/wp-json\/wp\/v2\/categories?post=28709"},{"taxonomy":"post_tag","embeddable":true,"href":"https:\/\/vamosporlaliberacion.org\/crpmlm\/wp-json\/wp\/v2\/tags?post=28709"}],"curies":[{"name":"wp","href":"https:\/\/api.w.org\/{rel}","templated":true}]}}