{"id":28670,"date":"2025-09-23T14:33:44","date_gmt":"2025-09-23T17:33:44","guid":{"rendered":"https:\/\/vamosporlaliberacion.org\/crpmlm\/?p=28670"},"modified":"2025-09-23T15:48:36","modified_gmt":"2025-09-23T18:48:36","slug":"colonia-si-patria-no","status":"publish","type":"post","link":"https:\/\/vamosporlaliberacion.org\/crpmlm\/colonia-si-patria-no\/","title":{"rendered":"COLONIA SI, PATRIA NO"},"content":{"rendered":"\n<h3 class=\"wp-block-heading\">Frente al fracaso del plan econ\u00f3mico, la falta de d\u00f3lares y el castigo pol\u00edtico\u2026el gobierno se arrastra a los pies de EEUU y los terratenientes.<\/h3>\n\n\n\n<p>Es el lema del gobierno, dispuesto a entregar la soberan\u00eda a cambio de lograr una \u201cestabilidad\u201d para ganar las elecciones. No le alcanzaron los 31.000 millones de d\u00f3lares del blanqueo, 14.000 millones extra del FMI, 2.000 millones del repo (bicicleta financiera), sumando que la Bolsa de Comercio de Rosario calcula que a fines de 2025 habr\u00e1n ingresado 32 mil millones por la liquidaci\u00f3n del agro. \u00bfQu\u00e9 hicieron con los d\u00f3lares? <strong>\u00a1\u00a1Se lo fugaron en la timba financiera!!<\/strong> Ahora, desesperados, cuando el barco se hunde, t\u00e9cnicamente en default (cesaci\u00f3n de pagos), vendiendo solo en tres d\u00edas 1.100 millones de d\u00f3lares, en medio de una crisis pol\u00edtica, el gobierno toma dos medidas desesperadas: por un lado, elimina las retenciones a las exportaciones agropecuarias y pide auxilio al tesoro de EEUU que este responde r\u00e1pidamente con el auxilio a su \u201caliado sist\u00e9mico\u201d, Javier Milei.<\/p>\n\n\n\n<p>Manotazos de ahogado que nos llevan a rifar nuestra soberan\u00eda y agrava la situaci\u00f3n econ\u00f3mica de gran parte de la poblaci\u00f3n que pagaremos <strong>la atroz transferencia de recursos que aumentar\u00e1 el d\u00e9ficit ya que caer\u00e1 la recaudaci\u00f3n para sostener la quita de retenciones a los sectores m\u00e1s concentrados del campo.<\/strong> Hay que tener en cuenta que esta es una medida acordada con las exportadoras, que son las beneficiadas, ya que el grueso de los peque\u00f1os y medianos productores ya rindieron la cosecha y son estas las que retienen para luego rendir, que ahora con la medida del gobierno no lo har\u00e1n, y con lo que se ahorraran de la quita compraran d\u00f3lares ya que estos se esperan que aumenten luego del 31 de octubre.<\/p>\n\n\n<div class=\"wp-block-image\">\n<figure class=\"aligncenter size-large is-resized\"><img data-recalc-dims=\"1\" loading=\"lazy\" decoding=\"async\" width=\"696\" height=\"416\" src=\"https:\/\/i0.wp.com\/vamosporlaliberacion.org\/crpmlm\/wp-content\/uploads\/2025\/09\/Cauputo-Goergieva-700x418.jpeg?resize=696%2C416\" alt=\"\" class=\"wp-image-28674\" style=\"width:413px;height:auto\" srcset=\"https:\/\/i0.wp.com\/vamosporlaliberacion.org\/crpmlm\/wp-content\/uploads\/2025\/09\/Cauputo-Goergieva.jpeg?resize=700%2C418&amp;ssl=1 700w, https:\/\/i0.wp.com\/vamosporlaliberacion.org\/crpmlm\/wp-content\/uploads\/2025\/09\/Cauputo-Goergieva.jpeg?resize=300%2C179&amp;ssl=1 300w, https:\/\/i0.wp.com\/vamosporlaliberacion.org\/crpmlm\/wp-content\/uploads\/2025\/09\/Cauputo-Goergieva.jpeg?resize=150%2C90&amp;ssl=1 150w, https:\/\/i0.wp.com\/vamosporlaliberacion.org\/crpmlm\/wp-content\/uploads\/2025\/09\/Cauputo-Goergieva.jpeg?resize=696%2C416&amp;ssl=1 696w, https:\/\/i0.wp.com\/vamosporlaliberacion.org\/crpmlm\/wp-content\/uploads\/2025\/09\/Cauputo-Goergieva.jpeg?resize=703%2C420&amp;ssl=1 703w, https:\/\/i0.wp.com\/vamosporlaliberacion.org\/crpmlm\/wp-content\/uploads\/2025\/09\/Cauputo-Goergieva.jpeg?w=750&amp;ssl=1 750w\" sizes=\"auto, (max-width: 696px) 100vw, 696px\" \/><figcaption class=\"wp-element-caption\">Ministro de Econom\u00eda Luis Caputo con Kristalina Georgieva<\/figcaption><\/figure>\n<\/div>\n\n\n<p>El blindaje de EEUU, que algunos hablan de 10.000 millones de d\u00f3lares, solo tiene un antecedente en la llamada crisis del tequila con epicentro en M\u00e9xico en 1994, donde EEUU en ese entonces gobernado por el dem\u00f3crata Bill Clinton, lo auxili\u00f3 con 20.000 millones de d\u00f3lares, con consecuencias atroces. EE.UU. impuso como condici\u00f3n un recorte del gasto p\u00fablico, una ca\u00edda del d\u00e9ficit comercial y la limitaci\u00f3n de los salarios, entre otras medidas de ajuste. Las consecuencias fueron brutales, el desempleo y la pobreza se dispararon, llevando a que un gran porcentaje de la poblaci\u00f3n cayera en la pobreza, la inflaci\u00f3n aument\u00f3 y el salario m\u00ednimo real se devalu\u00f3, disminuyendo dr\u00e1sticamente el poder adquisitivo de las familias. Sectores asalariados medios sufrieron la p\u00e9rdida de sus bienes, como casas y autos, debido al aumento de las deudas y las tasas bancarias.<\/p>\n\n\n\n<p><strong>Este blindaje va tener las consecuencias hartas conocidas de p\u00e9rdida de soberan\u00eda.<\/strong> Milei se puede transformar en otro Zelenski y Argentina en una nueva Ucrania, donde los EEUU exigen a cambio las riquezas naturales y la instalaci\u00f3n de bases militares, aparte del control nuclear y armamentos a cambio de la ayuda econ\u00f3mica y militar.<\/p>\n\n\n\n<p><strong>La alianza estrat\u00e9gica del gobierno argentino con EEUU y la OTAN se profundiza sobre la base de la debilidad del gobierno local, la crisis en EEUU y la disputa geopol\u00edtica en su patio trasero con China que ha avanzado en la regi\u00f3n sur del continente donde Argentina est\u00e1 rodeada de gobiernos progresistas. <\/strong>Las exigencias que pretender\u00e1 EEUU no la sabemos, pero si conocemos su necesidad de tierras raras (litio), petr\u00f3leo y gas (Vaca Muerta), agua, etc.<\/p>\n\n\n<div class=\"wp-block-image\">\n<figure class=\"aligncenter size-full is-resized\"><img data-recalc-dims=\"1\" loading=\"lazy\" decoding=\"async\" width=\"655\" height=\"368\" src=\"https:\/\/i0.wp.com\/vamosporlaliberacion.org\/crpmlm\/wp-content\/uploads\/2025\/09\/Milei-Zelenski.jpeg?resize=655%2C368\" alt=\"\" class=\"wp-image-28673\" style=\"width:517px;height:auto\" srcset=\"https:\/\/i0.wp.com\/vamosporlaliberacion.org\/crpmlm\/wp-content\/uploads\/2025\/09\/Milei-Zelenski.jpeg?w=655&amp;ssl=1 655w, https:\/\/i0.wp.com\/vamosporlaliberacion.org\/crpmlm\/wp-content\/uploads\/2025\/09\/Milei-Zelenski.jpeg?resize=300%2C169&amp;ssl=1 300w, https:\/\/i0.wp.com\/vamosporlaliberacion.org\/crpmlm\/wp-content\/uploads\/2025\/09\/Milei-Zelenski.jpeg?resize=150%2C84&amp;ssl=1 150w\" sizes=\"auto, (max-width: 655px) 100vw, 655px\" \/><figcaption class=\"wp-element-caption\">Milei con el presidente de Ucrania Volodymyr Zelensky<\/figcaption><\/figure>\n<\/div>\n\n\n<p>Trump se maneja con las herramientas conocidas de las potencias imperialistas sobre los pa\u00edses dependientes, con una \u201czanahoria\u201d econ\u00f3mica en una mano y la militar en la otra. En Venezuela muestra la garra militar para derrotar al gobierno de Maduro, con otras como El Salvador o Argentina utiliza la garra de la zanahoria econ\u00f3mica para penetrar, quedarse con riquezas y desplazar a sus rivales geopol\u00edticos.<\/p>\n\n\n\n<p><strong>A esto se le suma la peligrosidad de que en nuestro pa\u00eds tenemos un presidente y gobierno que aspiran a ser un \u201cPuerto Rico\u201d, una colonia o estado mas de EEUU,<\/strong> <strong>que no tiene empacho de aliarse a las derechas mas aberrantes en el orden internacional y apoyar genocidios como los de Israel en Palestina.<\/strong><\/p>\n\n\n\n<p><strong>HAY QUE TERMINAR CON MILEI Y SU POL\u00cdTICA<\/strong><\/p>\n\n\n\n<p>Por eso hay que terminar con este gobierno y su pol\u00edtica de sometimiento a las oligarqu\u00edas nativas y las potencias imperialistas como EEUU e Israel.<\/p>\n\n\n\n<p><strong>Un gobierno que desprecia los derechos y las instituciones democr\u00e1ticas como el Congreso y las leyes en favor de los m\u00e1s vulnerables que de all\u00ed emanan sentando un precedente hist\u00f3rico, como la \u201cdevoluci\u00f3n\u201d de la Ley de discapacidad aprobada dos veces en el Congreso, poni\u00e9ndose por arriba, profundizando el camino autoritario que eligi\u00f3 gobernando por decreto, sin presupuesto y tratado de \u201cnidos de ratas\u201d.<\/strong><\/p>\n\n\n\n<p><strong>No va a cumplir una Ley, mientras vendi\u00f3 d\u00f3lares que significan dos presupuestos para discapacidad y Garrahan. Todas medidas pasibles de juicio pol\u00edtico al jefe de gabinete y al propio Milei.<\/strong><\/p>\n\n\n\n<p>Un gobierno que ahora con el blindaje de los EEUU y el FMI se mostrar\u00e1 mas envalentonado para ir a fondo con el ajuste, la entrega descarada y la violaci\u00f3n del estado de derecho como hace Trump en su pa\u00eds. Tambi\u00e9n salvar\u00e1 a los bonistas y acreedores como el FMI y profundizar\u00e1 la ca\u00edda estrepitosa de la econom\u00eda, el avance de los despidos y la recesi\u00f3n que se acerca a una depresi\u00f3n. <strong>Una historia que ya vivimos.<\/strong><\/p>\n\n\n<div class=\"wp-block-image\">\n<figure class=\"aligncenter size-large is-resized\"><img data-recalc-dims=\"1\" loading=\"lazy\" decoding=\"async\" width=\"696\" height=\"364\" src=\"https:\/\/i0.wp.com\/vamosporlaliberacion.org\/crpmlm\/wp-content\/uploads\/2025\/09\/MarchaUniversitaria-700x366.jpeg?resize=696%2C364\" alt=\"\" class=\"wp-image-28672\" style=\"width:524px;height:auto\" srcset=\"https:\/\/i0.wp.com\/vamosporlaliberacion.org\/crpmlm\/wp-content\/uploads\/2025\/09\/MarchaUniversitaria.jpeg?resize=700%2C366&amp;ssl=1 700w, https:\/\/i0.wp.com\/vamosporlaliberacion.org\/crpmlm\/wp-content\/uploads\/2025\/09\/MarchaUniversitaria.jpeg?resize=300%2C157&amp;ssl=1 300w, https:\/\/i0.wp.com\/vamosporlaliberacion.org\/crpmlm\/wp-content\/uploads\/2025\/09\/MarchaUniversitaria.jpeg?resize=768%2C401&amp;ssl=1 768w, https:\/\/i0.wp.com\/vamosporlaliberacion.org\/crpmlm\/wp-content\/uploads\/2025\/09\/MarchaUniversitaria.jpeg?resize=150%2C78&amp;ssl=1 150w, https:\/\/i0.wp.com\/vamosporlaliberacion.org\/crpmlm\/wp-content\/uploads\/2025\/09\/MarchaUniversitaria.jpeg?resize=696%2C364&amp;ssl=1 696w, https:\/\/i0.wp.com\/vamosporlaliberacion.org\/crpmlm\/wp-content\/uploads\/2025\/09\/MarchaUniversitaria.jpeg?resize=804%2C420&amp;ssl=1 804w, https:\/\/i0.wp.com\/vamosporlaliberacion.org\/crpmlm\/wp-content\/uploads\/2025\/09\/MarchaUniversitaria.jpeg?w=999&amp;ssl=1 999w\" sizes=\"auto, (max-width: 696px) 100vw, 696px\" \/><\/figure>\n<\/div>\n\n\n<p><strong>El pueblo en las calles ya ha mostrado ser garant\u00eda para imponer cambios en la pol\u00edtica,<\/strong> as\u00ed fue la incansable lucha de la salud, discapacidad y la educaci\u00f3n que incidi\u00f3 para que se rechacen los vetos de Milei.<\/p>\n\n\n\n<p><strong>En la misma direcci\u00f3n, trabajaremos para que los sectores populares repitan el gran triunfo electoral de Fuerza Patria en la Pcia de BsAs, y se imponga en todo el pa\u00eds con la derrota del gobierno en las elecciones del 26 de octubre.<\/strong><\/p>\n\n\n\n<p>Ser\u00e1n los pueblos en las calles y rutas los que seguir\u00e1n presionando para que el Congreso est\u00e9 a la altura y se manifieste ahora en contra de este nuevo blindaje con sometimiento que pretende Milei y Trump.<\/p>\n\n\n\n<p><strong>Ser\u00e1n los pueblos en las calles quienes logren que la CGT y CTAs se manifiesten en un paro nacional hasta que se imponga el juicio pol\u00edtico<\/strong> como manda la Constituci\u00f3n, frente al mal desempe\u00f1o de funciones y el sometimiento de la patria.<\/p>\n\n\n\n<p>Porque ser\u00e1n los pueblos en las calles los que impongan una Asamblea Constituyente <strong>que siente las bases para el desarrollo soberano del pa\u00eds.<\/strong><\/p>\n\n\n\n<h2 class=\"wp-block-heading has-text-align-center\"><strong>\u00a1PATRIA SI, COLONIA NO!<\/strong><\/h2>\n<!-- AddThis Advanced Settings generic via filter on the_content --><!-- AddThis Share Buttons generic via filter on the_content -->","protected":false},"excerpt":{"rendered":"<p>Frente al fracaso del plan econ\u00f3mico, la falta de d\u00f3lares y el castigo pol\u00edtico\u2026el gobierno se arrastra a los pies de EEUU y los terratenientes. Es el lema del gobierno, dispuesto a entregar la soberan\u00eda a cambio de lograr una \u201cestabilidad\u201d para ganar las elecciones. No le alcanzaron los 31.000 millones de d\u00f3lares del blanqueo, [&hellip;]<!-- AddThis Advanced Settings generic via filter on get_the_excerpt --><!-- AddThis Share Buttons generic via filter on get_the_excerpt --><\/p>\n","protected":false},"author":9,"featured_media":28671,"comment_status":"closed","ping_status":"closed","sticky":false,"template":"","format":"standard","meta":{"_jetpack_memberships_contains_paid_content":false,"footnotes":""},"categories":[1881,1699],"tags":[],"class_list":{"0":"post-28670","1":"post","2":"type-post","3":"status-publish","4":"format-standard","5":"has-post-thumbnail","7":"category-editoriales","8":"category-noticias"},"yoast_head":"<!-- This site is optimized with the Yoast SEO plugin v27.4 - https:\/\/yoast.com\/product\/yoast-seo-wordpress\/ -->\n<title>COLONIA SI, PATRIA NO - Vamos por la Liberaci\u00f3n<\/title>\n<meta name=\"robots\" content=\"index, follow, max-snippet:-1, max-image-preview:large, max-video-preview:-1\" \/>\n<link rel=\"canonical\" href=\"https:\/\/vamosporlaliberacion.org\/crpmlm\/colonia-si-patria-no\/\" \/>\n<meta name=\"twitter:label1\" content=\"Escrito por\" \/>\n\t<meta name=\"twitter:data1\" content=\"Prensa Vamos\" \/>\n\t<meta name=\"twitter:label2\" content=\"Tiempo de lectura\" \/>\n\t<meta name=\"twitter:data2\" content=\"6 minutos\" \/>\n<script type=\"application\/ld+json\" class=\"yoast-schema-graph\">{\"@context\":\"https:\\\/\\\/schema.org\",\"@graph\":[{\"@type\":\"Article\",\"@id\":\"https:\\\/\\\/vamosporlaliberacion.org\\\/crpmlm\\\/colonia-si-patria-no\\\/#article\",\"isPartOf\":{\"@id\":\"https:\\\/\\\/vamosporlaliberacion.org\\\/crpmlm\\\/colonia-si-patria-no\\\/\"},\"author\":{\"name\":\"Prensa Vamos\",\"@id\":\"https:\\\/\\\/vamosporlaliberacion.org\\\/crpmlm\\\/#\\\/schema\\\/person\\\/ebdbd4bf0e9418b9f0c0a93395366b2f\"},\"headline\":\"COLONIA SI, PATRIA NO\",\"datePublished\":\"2025-09-23T17:33:44+00:00\",\"dateModified\":\"2025-09-23T18:48:36+00:00\",\"mainEntityOfPage\":{\"@id\":\"https:\\\/\\\/vamosporlaliberacion.org\\\/crpmlm\\\/colonia-si-patria-no\\\/\"},\"wordCount\":1164,\"image\":{\"@id\":\"https:\\\/\\\/vamosporlaliberacion.org\\\/crpmlm\\\/colonia-si-patria-no\\\/#primaryimage\"},\"thumbnailUrl\":\"https:\\\/\\\/i0.wp.com\\\/vamosporlaliberacion.org\\\/crpmlm\\\/wp-content\\\/uploads\\\/2025\\\/09\\\/Milei-Trump-Netanyahu.jpg?fit=735%2C398&ssl=1\",\"articleSection\":[\"Editoriales\",\"Noticias\"],\"inLanguage\":\"es\"},{\"@type\":\"WebPage\",\"@id\":\"https:\\\/\\\/vamosporlaliberacion.org\\\/crpmlm\\\/colonia-si-patria-no\\\/\",\"url\":\"https:\\\/\\\/vamosporlaliberacion.org\\\/crpmlm\\\/colonia-si-patria-no\\\/\",\"name\":\"COLONIA SI, PATRIA NO - Vamos por la Liberaci\u00f3n\",\"isPartOf\":{\"@id\":\"https:\\\/\\\/vamosporlaliberacion.org\\\/crpmlm\\\/#website\"},\"primaryImageOfPage\":{\"@id\":\"https:\\\/\\\/vamosporlaliberacion.org\\\/crpmlm\\\/colonia-si-patria-no\\\/#primaryimage\"},\"image\":{\"@id\":\"https:\\\/\\\/vamosporlaliberacion.org\\\/crpmlm\\\/colonia-si-patria-no\\\/#primaryimage\"},\"thumbnailUrl\":\"https:\\\/\\\/i0.wp.com\\\/vamosporlaliberacion.org\\\/crpmlm\\\/wp-content\\\/uploads\\\/2025\\\/09\\\/Milei-Trump-Netanyahu.jpg?fit=735%2C398&ssl=1\",\"datePublished\":\"2025-09-23T17:33:44+00:00\",\"dateModified\":\"2025-09-23T18:48:36+00:00\",\"author\":{\"@id\":\"https:\\\/\\\/vamosporlaliberacion.org\\\/crpmlm\\\/#\\\/schema\\\/person\\\/ebdbd4bf0e9418b9f0c0a93395366b2f\"},\"breadcrumb\":{\"@id\":\"https:\\\/\\\/vamosporlaliberacion.org\\\/crpmlm\\\/colonia-si-patria-no\\\/#breadcrumb\"},\"inLanguage\":\"es\",\"potentialAction\":[{\"@type\":\"ReadAction\",\"target\":[\"https:\\\/\\\/vamosporlaliberacion.org\\\/crpmlm\\\/colonia-si-patria-no\\\/\"]}]},{\"@type\":\"ImageObject\",\"inLanguage\":\"es\",\"@id\":\"https:\\\/\\\/vamosporlaliberacion.org\\\/crpmlm\\\/colonia-si-patria-no\\\/#primaryimage\",\"url\":\"https:\\\/\\\/i0.wp.com\\\/vamosporlaliberacion.org\\\/crpmlm\\\/wp-content\\\/uploads\\\/2025\\\/09\\\/Milei-Trump-Netanyahu.jpg?fit=735%2C398&ssl=1\",\"contentUrl\":\"https:\\\/\\\/i0.wp.com\\\/vamosporlaliberacion.org\\\/crpmlm\\\/wp-content\\\/uploads\\\/2025\\\/09\\\/Milei-Trump-Netanyahu.jpg?fit=735%2C398&ssl=1\",\"width\":735,\"height\":398},{\"@type\":\"BreadcrumbList\",\"@id\":\"https:\\\/\\\/vamosporlaliberacion.org\\\/crpmlm\\\/colonia-si-patria-no\\\/#breadcrumb\",\"itemListElement\":[{\"@type\":\"ListItem\",\"position\":1,\"name\":\"Portada\",\"item\":\"https:\\\/\\\/vamosporlaliberacion.org\\\/crpmlm\\\/\"},{\"@type\":\"ListItem\",\"position\":2,\"name\":\"COLONIA SI, PATRIA NO\"}]},{\"@type\":\"WebSite\",\"@id\":\"https:\\\/\\\/vamosporlaliberacion.org\\\/crpmlm\\\/#website\",\"url\":\"https:\\\/\\\/vamosporlaliberacion.org\\\/crpmlm\\\/\",\"name\":\"Vamos por la Liberaci\u00f3n\",\"description\":\"Prensa CR\",\"potentialAction\":[{\"@type\":\"SearchAction\",\"target\":{\"@type\":\"EntryPoint\",\"urlTemplate\":\"https:\\\/\\\/vamosporlaliberacion.org\\\/crpmlm\\\/?s={search_term_string}\"},\"query-input\":{\"@type\":\"PropertyValueSpecification\",\"valueRequired\":true,\"valueName\":\"search_term_string\"}}],\"inLanguage\":\"es\"},{\"@type\":\"Person\",\"@id\":\"https:\\\/\\\/vamosporlaliberacion.org\\\/crpmlm\\\/#\\\/schema\\\/person\\\/ebdbd4bf0e9418b9f0c0a93395366b2f\",\"name\":\"Prensa Vamos\",\"sameAs\":[\"http:\\\/\\\/vamposporlaliberacion.org\"],\"url\":\"https:\\\/\\\/vamosporlaliberacion.org\\\/crpmlm\\\/author\\\/editor\\\/\"}]}<\/script>\n<!-- \/ Yoast SEO plugin. -->","yoast_head_json":{"title":"COLONIA SI, PATRIA NO - Vamos por la Liberaci\u00f3n","robots":{"index":"index","follow":"follow","max-snippet":"max-snippet:-1","max-image-preview":"max-image-preview:large","max-video-preview":"max-video-preview:-1"},"canonical":"https:\/\/vamosporlaliberacion.org\/crpmlm\/colonia-si-patria-no\/","twitter_misc":{"Escrito por":"Prensa Vamos","Tiempo de lectura":"6 minutos"},"schema":{"@context":"https:\/\/schema.org","@graph":[{"@type":"Article","@id":"https:\/\/vamosporlaliberacion.org\/crpmlm\/colonia-si-patria-no\/#article","isPartOf":{"@id":"https:\/\/vamosporlaliberacion.org\/crpmlm\/colonia-si-patria-no\/"},"author":{"name":"Prensa Vamos","@id":"https:\/\/vamosporlaliberacion.org\/crpmlm\/#\/schema\/person\/ebdbd4bf0e9418b9f0c0a93395366b2f"},"headline":"COLONIA SI, PATRIA NO","datePublished":"2025-09-23T17:33:44+00:00","dateModified":"2025-09-23T18:48:36+00:00","mainEntityOfPage":{"@id":"https:\/\/vamosporlaliberacion.org\/crpmlm\/colonia-si-patria-no\/"},"wordCount":1164,"image":{"@id":"https:\/\/vamosporlaliberacion.org\/crpmlm\/colonia-si-patria-no\/#primaryimage"},"thumbnailUrl":"https:\/\/i0.wp.com\/vamosporlaliberacion.org\/crpmlm\/wp-content\/uploads\/2025\/09\/Milei-Trump-Netanyahu.jpg?fit=735%2C398&ssl=1","articleSection":["Editoriales","Noticias"],"inLanguage":"es"},{"@type":"WebPage","@id":"https:\/\/vamosporlaliberacion.org\/crpmlm\/colonia-si-patria-no\/","url":"https:\/\/vamosporlaliberacion.org\/crpmlm\/colonia-si-patria-no\/","name":"COLONIA SI, PATRIA NO - Vamos por la Liberaci\u00f3n","isPartOf":{"@id":"https:\/\/vamosporlaliberacion.org\/crpmlm\/#website"},"primaryImageOfPage":{"@id":"https:\/\/vamosporlaliberacion.org\/crpmlm\/colonia-si-patria-no\/#primaryimage"},"image":{"@id":"https:\/\/vamosporlaliberacion.org\/crpmlm\/colonia-si-patria-no\/#primaryimage"},"thumbnailUrl":"https:\/\/i0.wp.com\/vamosporlaliberacion.org\/crpmlm\/wp-content\/uploads\/2025\/09\/Milei-Trump-Netanyahu.jpg?fit=735%2C398&ssl=1","datePublished":"2025-09-23T17:33:44+00:00","dateModified":"2025-09-23T18:48:36+00:00","author":{"@id":"https:\/\/vamosporlaliberacion.org\/crpmlm\/#\/schema\/person\/ebdbd4bf0e9418b9f0c0a93395366b2f"},"breadcrumb":{"@id":"https:\/\/vamosporlaliberacion.org\/crpmlm\/colonia-si-patria-no\/#breadcrumb"},"inLanguage":"es","potentialAction":[{"@type":"ReadAction","target":["https:\/\/vamosporlaliberacion.org\/crpmlm\/colonia-si-patria-no\/"]}]},{"@type":"ImageObject","inLanguage":"es","@id":"https:\/\/vamosporlaliberacion.org\/crpmlm\/colonia-si-patria-no\/#primaryimage","url":"https:\/\/i0.wp.com\/vamosporlaliberacion.org\/crpmlm\/wp-content\/uploads\/2025\/09\/Milei-Trump-Netanyahu.jpg?fit=735%2C398&ssl=1","contentUrl":"https:\/\/i0.wp.com\/vamosporlaliberacion.org\/crpmlm\/wp-content\/uploads\/2025\/09\/Milei-Trump-Netanyahu.jpg?fit=735%2C398&ssl=1","width":735,"height":398},{"@type":"BreadcrumbList","@id":"https:\/\/vamosporlaliberacion.org\/crpmlm\/colonia-si-patria-no\/#breadcrumb","itemListElement":[{"@type":"ListItem","position":1,"name":"Portada","item":"https:\/\/vamosporlaliberacion.org\/crpmlm\/"},{"@type":"ListItem","position":2,"name":"COLONIA SI, PATRIA NO"}]},{"@type":"WebSite","@id":"https:\/\/vamosporlaliberacion.org\/crpmlm\/#website","url":"https:\/\/vamosporlaliberacion.org\/crpmlm\/","name":"Vamos por la Liberaci\u00f3n","description":"Prensa CR","potentialAction":[{"@type":"SearchAction","target":{"@type":"EntryPoint","urlTemplate":"https:\/\/vamosporlaliberacion.org\/crpmlm\/?s={search_term_string}"},"query-input":{"@type":"PropertyValueSpecification","valueRequired":true,"valueName":"search_term_string"}}],"inLanguage":"es"},{"@type":"Person","@id":"https:\/\/vamosporlaliberacion.org\/crpmlm\/#\/schema\/person\/ebdbd4bf0e9418b9f0c0a93395366b2f","name":"Prensa Vamos","sameAs":["http:\/\/vamposporlaliberacion.org"],"url":"https:\/\/vamosporlaliberacion.org\/crpmlm\/author\/editor\/"}]}},"jetpack_featured_media_url":"https:\/\/i0.wp.com\/vamosporlaliberacion.org\/crpmlm\/wp-content\/uploads\/2025\/09\/Milei-Trump-Netanyahu.jpg?fit=735%2C398&ssl=1","jetpack_sharing_enabled":true,"_links":{"self":[{"href":"https:\/\/vamosporlaliberacion.org\/crpmlm\/wp-json\/wp\/v2\/posts\/28670","targetHints":{"allow":["GET"]}}],"collection":[{"href":"https:\/\/vamosporlaliberacion.org\/crpmlm\/wp-json\/wp\/v2\/posts"}],"about":[{"href":"https:\/\/vamosporlaliberacion.org\/crpmlm\/wp-json\/wp\/v2\/types\/post"}],"author":[{"embeddable":true,"href":"https:\/\/vamosporlaliberacion.org\/crpmlm\/wp-json\/wp\/v2\/users\/9"}],"replies":[{"embeddable":true,"href":"https:\/\/vamosporlaliberacion.org\/crpmlm\/wp-json\/wp\/v2\/comments?post=28670"}],"version-history":[{"count":3,"href":"https:\/\/vamosporlaliberacion.org\/crpmlm\/wp-json\/wp\/v2\/posts\/28670\/revisions"}],"predecessor-version":[{"id":28677,"href":"https:\/\/vamosporlaliberacion.org\/crpmlm\/wp-json\/wp\/v2\/posts\/28670\/revisions\/28677"}],"wp:featuredmedia":[{"embeddable":true,"href":"https:\/\/vamosporlaliberacion.org\/crpmlm\/wp-json\/wp\/v2\/media\/28671"}],"wp:attachment":[{"href":"https:\/\/vamosporlaliberacion.org\/crpmlm\/wp-json\/wp\/v2\/media?parent=28670"}],"wp:term":[{"taxonomy":"category","embeddable":true,"href":"https:\/\/vamosporlaliberacion.org\/crpmlm\/wp-json\/wp\/v2\/categories?post=28670"},{"taxonomy":"post_tag","embeddable":true,"href":"https:\/\/vamosporlaliberacion.org\/crpmlm\/wp-json\/wp\/v2\/tags?post=28670"}],"curies":[{"name":"wp","href":"https:\/\/api.w.org\/{rel}","templated":true}]}}