{"id":28622,"date":"2025-07-23T14:28:39","date_gmt":"2025-07-23T17:28:39","guid":{"rendered":"https:\/\/vamosporlaliberacion.org\/crpmlm\/?p=28622"},"modified":"2025-07-23T14:28:42","modified_gmt":"2025-07-23T17:28:42","slug":"patria-si-colonia-no","status":"publish","type":"post","link":"https:\/\/vamosporlaliberacion.org\/crpmlm\/patria-si-colonia-no\/","title":{"rendered":"\u00a1PATRIA SI, COLONIA NO!"},"content":{"rendered":"\n<p>Las declaraciones del nuevo embajador de EEUU en Argentina, Peter Lamelas, desnuda los planes de ese pa\u00eds gobernado por Donald Trump en acuerdo con Javier Milei, para someter y reducir a nuestro pa\u00eds a una colonia para el saqueo y dominio en la disputa geopol\u00edtica con otras potencias como China en la regi\u00f3n.<\/p>\n\n\n\n<p>El descaro con que este nuevo \u201cVirrey\u201d, Lamelas, se refiere al control de las provincias, nuestros recursos, la justicia y dejando en evidencia la participaci\u00f3n de su pa\u00eds en la persecuci\u00f3n y c\u00e1rcel de Cristina Kirchner, representa un verdadero peligro y un escal\u00f3n mas descarado en la entrega y sumisi\u00f3n que significa la pol\u00edtica del gobierno de Javier Milei alineado a EEUU e Israel.<\/p>\n\n\n\n<p><strong>El gobierno ha llegado muy lejos en el ajuste y la entrega, pero se prepara para un nuevo per\u00edodo de sometimiento en momentos donde las contradicciones en el plano internacional se agudizan con la guerra comercial y la guerra militar y EEUU, en serios problemas econ\u00f3micos y pol\u00edticos en su interior<\/strong>, huye hacia delante y recurre a la confrontaci\u00f3n en lo econ\u00f3mico con los aranceles como lo hace con Brasil, y pretende manejar nuestro pa\u00eds confrontando con China como lo manifest\u00f3 Lamelas, recibiendo la respuesta inmediata y desafiante de la potencia asi\u00e1tica, que hasta plantea que \u00a1argentina no sea campo de batalla de la disputa de las potencias en pugna!.<\/p>\n\n\n\n<p><strong>Lamelas tambi\u00e9n se inmiscuye abiertamente en la pol\u00edtica planteando la necesidad de que \u201cal oficialismo le vaya bien en las elecciones para que este proyecto continue\u201d, de la misma manera que lo plante\u00f3 en su momento la titular del FMI otorgando luego los 20.000 millones de d\u00f3lares al gobierno argentino<\/strong>, de los cuales ya se fugaron mas del 40% sin ninguna inversi\u00f3n en una escuela, puente o salud\u2026todo para sostener la timba y la mentira del super\u00e1vit financiero, pero evidenciando la crisis con el ofrecimiento de \u201csuper tasas de inter\u00e9s\u201d a los bancos como un \u201crespirador\u201d de corto alcance para sostener un plan econ\u00f3mico muerto, sin inversiones y sin prestamistas a la vista, tratando de evitar que los pesos se vayan a la compra de d\u00f3lares.<\/p>\n\n\n\n<p><strong>En la historia, este presente de nuevas \u201crelaciones carnales\u201d con Milei, solo se compara con el embajador de EEUU <\/strong><strong>Spruille Braden quien en 1945 impuls\u00f3 la llamada Uni\u00f3n Democr\u00e1tica contra Per\u00f3n, o a\u00f1os despu\u00e9s<\/strong><strong> con la llegada de Richard Nixon a nuestro pa\u00eds en 1958 siendo recibido por Isaac Rojas, aquel nefasto almirante, cabeza de la llamada \u201cfusiladora\u201d que bombarde\u00f3 Plaza de Mayo <\/strong><strong>el 16 de junio de 1955<\/strong><strong> con m\u00e1s de 300 muertos y meses despu\u00e9s dieron el golpe palaciego al General Per\u00f3n.<\/strong><\/p>\n\n\n\n<div class=\"wp-block-jetpack-tiled-gallery aligncenter is-style-rectangular\"><div class=\"\"><div class=\"tiled-gallery__gallery\"><div class=\"tiled-gallery__row\"><div class=\"tiled-gallery__col\" style=\"flex-basis:38.55235%\"><figure class=\"tiled-gallery__item\"><img decoding=\"async\" srcset=\"https:\/\/i0.wp.com\/vamosporlaliberacion.org\/crpmlm\/wp-content\/uploads\/2025\/07\/Braden-o-Peron.jpeg?strip=info&#038;w=300 300w\" alt=\"\" data-height=\"278\" data-id=\"28629\" data-link=\"https:\/\/vamosporlaliberacion.org\/crpmlm\/braden-o-peron\/\" data-url=\"http:\/\/vamosporlaliberacion.org\/crpmlm\/wp-content\/uploads\/2025\/07\/Braden-o-Peron.jpeg\" data-width=\"300\" src=\"https:\/\/i0.wp.com\/vamosporlaliberacion.org\/crpmlm\/wp-content\/uploads\/2025\/07\/Braden-o-Peron.jpeg\" data-amp-layout=\"responsive\" tabindex=\"0\" role=\"button\" aria-label=\"Abrir la imagen 1 de 2 en pantalla completa\"\/><\/figure><\/div><div class=\"tiled-gallery__col\" style=\"flex-basis:61.44765%\"><figure class=\"tiled-gallery__item\"><img decoding=\"async\" srcset=\"https:\/\/i0.wp.com\/vamosporlaliberacion.org\/crpmlm\/wp-content\/uploads\/2025\/07\/Rojas-con-Nixon-700x406.jpg?strip=info&#038;w=600 600w,https:\/\/i0.wp.com\/vamosporlaliberacion.org\/crpmlm\/wp-content\/uploads\/2025\/07\/Rojas-con-Nixon-700x406.jpg?strip=info&#038;w=899 899w\" alt=\"\" data-height=\"522\" data-id=\"28631\" data-link=\"https:\/\/vamosporlaliberacion.org\/crpmlm\/?attachment_id=28631\" data-url=\"http:\/\/vamosporlaliberacion.org\/crpmlm\/wp-content\/uploads\/2025\/07\/Rojas-con-Nixon-700x406.jpg\" data-width=\"899\" src=\"https:\/\/i0.wp.com\/vamosporlaliberacion.org\/crpmlm\/wp-content\/uploads\/2025\/07\/Rojas-con-Nixon-700x406.jpg\" data-amp-layout=\"responsive\" tabindex=\"0\" role=\"button\" aria-label=\"Abrir la imagen 2 de 2 en pantalla completa\"\/><\/figure><\/div><\/div><\/div><\/div><\/div>\n\n\n\n<h3 class=\"wp-block-heading\"><strong>Derecha Fest<\/strong><\/h3>\n\n\n\n<p>La ultraderecha encabezada por Milei, en su evento \u201cprivado\u201d en C\u00f3rdoba, expusieron la retorica dogm\u00e1tica del sost\u00e9n de sus aspiraciones, bordeando \u201cun fascismo exterminador\u201d sobre el populismo, las minor\u00edas y la izquierda. Juran exterminar en la \u201cbatalla cultural\u201d la ideolog\u00eda comunista o todo aquello que se acerque al \u201cestatismo\u201d. Rara y atrasada forma de presentar una cruzada que mas temprano que tarde termina en represi\u00f3n, persecuci\u00f3n o dictadura como la vivimos con 30.000 desaparecidos y asesinados.<\/p>\n\n\n\n<p>Pero no puede haber avance de estas ideas en la superestructura pol\u00edtica-cultural que pretenden, al margen de la base econ\u00f3mica, que se basa en tener al pueblo sometido, mirando y contando cada peso para poder llegar a fin de mes, agachando la cabeza, rebuscando la inventiva para laburar en tres o cuatro changas para poder comer o directamente endeudarse para comprar alimentos y lo b\u00e1sico de cada d\u00eda.<\/p>\n\n\n\n<p>Pero la realidad va mostrando tambi\u00e9n que crece el rechazo y la bronca de muchos que creyeron en las promesas y mentiras del presidente sostenedor de esta <strong>base econ\u00f3mica que se achica para las grandes mayor\u00edas, recortando en salud, educaci\u00f3n, obra publica y cientos de miles de despidos en el Estado y privados, con salarios planchados, jubilaciones de indigencia y una industria diezmada mientras se agranda para la elite monop\u00f3lica que detenta el poder como Milei lo expuso hace pocos d\u00edas en el Jockey Club.<\/strong><\/p>\n\n\n\n<p>Una ideolog\u00eda que esgrime la \u201cbaja de la inflaci\u00f3n\u201d mientras aumenta todo lo que consumimos, una mentira dirigida como \u201czanahoria a los chanchos\u201d. Otra mentira es la \u201cno emisi\u00f3n\u201d de dinero, pero no pueden explicar porque la inflaci\u00f3n es fluctuante y sube\u2026<\/p>\n\n\n\n<p><strong>Este es el peligro del apoyo desembozado del imperialismo yanqui a estos proyectos medievales en lo cultural y econ\u00f3mico, donde solo se propone \u201cser siervos de la gleba\u201d, acudiendo a las necesidades de la centralidad que ejerce un supremo, en este caso Trump, Israel y occidente.<\/strong><\/p>\n\n\n\n<h3 class=\"wp-block-heading\"><strong>Lucha y elecciones<\/strong><\/h3>\n\n\n\n<p><strong>Este proyecto necesita ser revalidado en las elecciones de medio termino en la Pcia de BsAs el pr\u00f3ximo septiembre y en octubre a nivel nacional. La ultraderecha, expresada en la LLA, se degluti\u00f3 al PRO y busca ampliar su papel en el Congreso, que le de mas espalda para una segunda etapa de entrega y despojo nacional, pero tambi\u00e9n para avanzar sobre el movimiento obrero con flexibilizaci\u00f3n a fondo y privatizaci\u00f3n del sistema previsional.<\/strong><\/p>\n\n\n\n<p>Si bien es cierto que el campo popular debe cerrar filas para que esta pol\u00edtica no avance, lo central est\u00e1 en las luchas, antes y despu\u00e9s de las elecciones. <strong>En este escenario, sin dudas es necesario optar por las expresiones que pueden derrotar a la alianza de la ultra derecha y la derecha con apoyo de EEUU. A la vez que fortalecer las luchas como la del Garrahan,<\/strong><\/p>\n\n\n<div class=\"wp-block-image\">\n<figure class=\"aligncenter size-large is-resized\" style=\"margin-bottom:25px\"><img data-recalc-dims=\"1\" loading=\"lazy\" decoding=\"async\" width=\"696\" height=\"392\" src=\"https:\/\/i0.wp.com\/vamosporlaliberacion.org\/crpmlm\/wp-content\/uploads\/2025\/07\/ResidentesGarrahan-700x394.jpg?resize=696%2C392\" alt=\"\" class=\"wp-image-28627\" style=\"width:558px;height:auto\" srcset=\"https:\/\/i0.wp.com\/vamosporlaliberacion.org\/crpmlm\/wp-content\/uploads\/2025\/07\/ResidentesGarrahan.jpg?resize=700%2C394&amp;ssl=1 700w, https:\/\/i0.wp.com\/vamosporlaliberacion.org\/crpmlm\/wp-content\/uploads\/2025\/07\/ResidentesGarrahan.jpg?resize=300%2C169&amp;ssl=1 300w, https:\/\/i0.wp.com\/vamosporlaliberacion.org\/crpmlm\/wp-content\/uploads\/2025\/07\/ResidentesGarrahan.jpg?resize=768%2C432&amp;ssl=1 768w, https:\/\/i0.wp.com\/vamosporlaliberacion.org\/crpmlm\/wp-content\/uploads\/2025\/07\/ResidentesGarrahan.jpg?resize=150%2C84&amp;ssl=1 150w, https:\/\/i0.wp.com\/vamosporlaliberacion.org\/crpmlm\/wp-content\/uploads\/2025\/07\/ResidentesGarrahan.jpg?resize=696%2C391&amp;ssl=1 696w, https:\/\/i0.wp.com\/vamosporlaliberacion.org\/crpmlm\/wp-content\/uploads\/2025\/07\/ResidentesGarrahan.jpg?resize=747%2C420&amp;ssl=1 747w, https:\/\/i0.wp.com\/vamosporlaliberacion.org\/crpmlm\/wp-content\/uploads\/2025\/07\/ResidentesGarrahan.jpg?w=987&amp;ssl=1 987w\" sizes=\"auto, (max-width: 696px) 100vw, 696px\" \/><\/figure>\n<\/div>\n\n\n<p><strong>jubilados, discapacitados, R\u00edo Tercero, etc., es la garant\u00eda para que los sectores verdaderamente populares puedan avanzar y pugnar por dirigir el gran desaf\u00edo de derrotar esta pol\u00edtica y este gobierno<\/strong>, sabiendo que las fotos y personajes repetidos del pasado reciente, solo traen resignaci\u00f3n e incertidumbre en bastos sectores del campo popular que responden no yendo a votar o siendo \u201cpresas f\u00e1ciles\u201d de las mentiras de la ultraderecha.<\/p>\n\n\n\n<p><strong>Es necesario golpear juntos en estas elecciones con todos aquellos sectores que enfrentan esta pol\u00edtica de ajuste y cruel despojo, pero la realidad muestra que es necesario tambi\u00e9n, imponer con el pueblo en las calles, el juicio pol\u00edtico y el llamado a una Asamblea Constituyente Soberana que cambie la matriz econ\u00f3mica en que se asienta el pa\u00eds, como condici\u00f3n para aspirar a una matriz cultural y pol\u00edtica soberana donde las amplias mayor\u00edas sean protagonistas en la construcci\u00f3n de su propio destino.<\/strong><\/p>\n<!-- AddThis Advanced Settings generic via filter on the_content --><!-- AddThis Share Buttons generic via filter on the_content -->","protected":false},"excerpt":{"rendered":"<p>Las declaraciones del nuevo embajador de EEUU en Argentina, Peter Lamelas, desnuda los planes de ese pa\u00eds gobernado por Donald Trump en acuerdo con Javier Milei, para someter y reducir a nuestro pa\u00eds a una colonia para el saqueo y dominio en la disputa geopol\u00edtica con otras potencias como China en la regi\u00f3n. El descaro [&hellip;]<!-- AddThis Advanced Settings generic via filter on get_the_excerpt --><!-- AddThis Share Buttons generic via filter on get_the_excerpt --><\/p>\n","protected":false},"author":9,"featured_media":28628,"comment_status":"closed","ping_status":"closed","sticky":false,"template":"","format":"standard","meta":{"_jetpack_memberships_contains_paid_content":false,"footnotes":""},"categories":[1881,1699],"tags":[],"class_list":{"0":"post-28622","1":"post","2":"type-post","3":"status-publish","4":"format-standard","5":"has-post-thumbnail","7":"category-editoriales","8":"category-noticias"},"yoast_head":"<!-- This site is optimized with the Yoast SEO plugin v27.4 - https:\/\/yoast.com\/product\/yoast-seo-wordpress\/ -->\n<title>\u00a1PATRIA SI, COLONIA NO! - Vamos por la Liberaci\u00f3n<\/title>\n<meta name=\"description\" content=\"Las declaraciones del nuevo embajador de EEUU en Argentina, Peter Lamelas, desnuda los planes de ese pa\u00eds gobernado por Donald Trump en acuerdo con Javier Milei, para someter y reducir a nuestro pa\u00eds a una colonia para el saqueo y dominio en la disputa geopol\u00edtica con otras potencias como China en la regi\u00f3n.\" \/>\n<meta name=\"robots\" content=\"index, follow, max-snippet:-1, max-image-preview:large, max-video-preview:-1\" \/>\n<link rel=\"canonical\" href=\"https:\/\/vamosporlaliberacion.org\/crpmlm\/patria-si-colonia-no\/\" \/>\n<meta name=\"twitter:label1\" content=\"Escrito por\" \/>\n\t<meta name=\"twitter:data1\" content=\"Prensa Vamos\" \/>\n\t<meta name=\"twitter:label2\" content=\"Tiempo de lectura\" \/>\n\t<meta name=\"twitter:data2\" content=\"6 minutos\" \/>\n<script type=\"application\/ld+json\" class=\"yoast-schema-graph\">{\"@context\":\"https:\\\/\\\/schema.org\",\"@graph\":[{\"@type\":\"Article\",\"@id\":\"https:\\\/\\\/vamosporlaliberacion.org\\\/crpmlm\\\/patria-si-colonia-no\\\/#article\",\"isPartOf\":{\"@id\":\"https:\\\/\\\/vamosporlaliberacion.org\\\/crpmlm\\\/patria-si-colonia-no\\\/\"},\"author\":{\"name\":\"Prensa Vamos\",\"@id\":\"https:\\\/\\\/vamosporlaliberacion.org\\\/crpmlm\\\/#\\\/schema\\\/person\\\/ebdbd4bf0e9418b9f0c0a93395366b2f\"},\"headline\":\"\u00a1PATRIA SI, COLONIA NO!\",\"datePublished\":\"2025-07-23T17:28:39+00:00\",\"dateModified\":\"2025-07-23T17:28:42+00:00\",\"mainEntityOfPage\":{\"@id\":\"https:\\\/\\\/vamosporlaliberacion.org\\\/crpmlm\\\/patria-si-colonia-no\\\/\"},\"wordCount\":1124,\"image\":{\"@id\":\"https:\\\/\\\/vamosporlaliberacion.org\\\/crpmlm\\\/patria-si-colonia-no\\\/#primaryimage\"},\"thumbnailUrl\":\"https:\\\/\\\/i0.wp.com\\\/vamosporlaliberacion.org\\\/crpmlm\\\/wp-content\\\/uploads\\\/2025\\\/07\\\/Milei-Lamelas.jpg?fit=700%2C467&ssl=1\",\"articleSection\":[\"Editoriales\",\"Noticias\"],\"inLanguage\":\"es\"},{\"@type\":\"WebPage\",\"@id\":\"https:\\\/\\\/vamosporlaliberacion.org\\\/crpmlm\\\/patria-si-colonia-no\\\/\",\"url\":\"https:\\\/\\\/vamosporlaliberacion.org\\\/crpmlm\\\/patria-si-colonia-no\\\/\",\"name\":\"\u00a1PATRIA SI, COLONIA NO! - Vamos por la Liberaci\u00f3n\",\"isPartOf\":{\"@id\":\"https:\\\/\\\/vamosporlaliberacion.org\\\/crpmlm\\\/#website\"},\"primaryImageOfPage\":{\"@id\":\"https:\\\/\\\/vamosporlaliberacion.org\\\/crpmlm\\\/patria-si-colonia-no\\\/#primaryimage\"},\"image\":{\"@id\":\"https:\\\/\\\/vamosporlaliberacion.org\\\/crpmlm\\\/patria-si-colonia-no\\\/#primaryimage\"},\"thumbnailUrl\":\"https:\\\/\\\/i0.wp.com\\\/vamosporlaliberacion.org\\\/crpmlm\\\/wp-content\\\/uploads\\\/2025\\\/07\\\/Milei-Lamelas.jpg?fit=700%2C467&ssl=1\",\"datePublished\":\"2025-07-23T17:28:39+00:00\",\"dateModified\":\"2025-07-23T17:28:42+00:00\",\"author\":{\"@id\":\"https:\\\/\\\/vamosporlaliberacion.org\\\/crpmlm\\\/#\\\/schema\\\/person\\\/ebdbd4bf0e9418b9f0c0a93395366b2f\"},\"description\":\"Las declaraciones del nuevo embajador de EEUU en Argentina, Peter Lamelas, desnuda los planes de ese pa\u00eds gobernado por Donald Trump en acuerdo con Javier Milei, para someter y reducir a nuestro pa\u00eds a una colonia para el saqueo y dominio en la disputa geopol\u00edtica con otras potencias como China en la regi\u00f3n.\",\"breadcrumb\":{\"@id\":\"https:\\\/\\\/vamosporlaliberacion.org\\\/crpmlm\\\/patria-si-colonia-no\\\/#breadcrumb\"},\"inLanguage\":\"es\",\"potentialAction\":[{\"@type\":\"ReadAction\",\"target\":[\"https:\\\/\\\/vamosporlaliberacion.org\\\/crpmlm\\\/patria-si-colonia-no\\\/\"]}]},{\"@type\":\"ImageObject\",\"inLanguage\":\"es\",\"@id\":\"https:\\\/\\\/vamosporlaliberacion.org\\\/crpmlm\\\/patria-si-colonia-no\\\/#primaryimage\",\"url\":\"https:\\\/\\\/i0.wp.com\\\/vamosporlaliberacion.org\\\/crpmlm\\\/wp-content\\\/uploads\\\/2025\\\/07\\\/Milei-Lamelas.jpg?fit=700%2C467&ssl=1\",\"contentUrl\":\"https:\\\/\\\/i0.wp.com\\\/vamosporlaliberacion.org\\\/crpmlm\\\/wp-content\\\/uploads\\\/2025\\\/07\\\/Milei-Lamelas.jpg?fit=700%2C467&ssl=1\",\"width\":700,\"height\":467},{\"@type\":\"BreadcrumbList\",\"@id\":\"https:\\\/\\\/vamosporlaliberacion.org\\\/crpmlm\\\/patria-si-colonia-no\\\/#breadcrumb\",\"itemListElement\":[{\"@type\":\"ListItem\",\"position\":1,\"name\":\"Portada\",\"item\":\"https:\\\/\\\/vamosporlaliberacion.org\\\/crpmlm\\\/\"},{\"@type\":\"ListItem\",\"position\":2,\"name\":\"\u00a1PATRIA SI, COLONIA NO!\"}]},{\"@type\":\"WebSite\",\"@id\":\"https:\\\/\\\/vamosporlaliberacion.org\\\/crpmlm\\\/#website\",\"url\":\"https:\\\/\\\/vamosporlaliberacion.org\\\/crpmlm\\\/\",\"name\":\"Vamos por la Liberaci\u00f3n\",\"description\":\"Prensa CR\",\"potentialAction\":[{\"@type\":\"SearchAction\",\"target\":{\"@type\":\"EntryPoint\",\"urlTemplate\":\"https:\\\/\\\/vamosporlaliberacion.org\\\/crpmlm\\\/?s={search_term_string}\"},\"query-input\":{\"@type\":\"PropertyValueSpecification\",\"valueRequired\":true,\"valueName\":\"search_term_string\"}}],\"inLanguage\":\"es\"},{\"@type\":\"Person\",\"@id\":\"https:\\\/\\\/vamosporlaliberacion.org\\\/crpmlm\\\/#\\\/schema\\\/person\\\/ebdbd4bf0e9418b9f0c0a93395366b2f\",\"name\":\"Prensa Vamos\",\"sameAs\":[\"http:\\\/\\\/vamposporlaliberacion.org\"],\"url\":\"https:\\\/\\\/vamosporlaliberacion.org\\\/crpmlm\\\/author\\\/editor\\\/\"}]}<\/script>\n<!-- \/ Yoast SEO plugin. -->","yoast_head_json":{"title":"\u00a1PATRIA SI, COLONIA NO! - Vamos por la Liberaci\u00f3n","description":"Las declaraciones del nuevo embajador de EEUU en Argentina, Peter Lamelas, desnuda los planes de ese pa\u00eds gobernado por Donald Trump en acuerdo con Javier Milei, para someter y reducir a nuestro pa\u00eds a una colonia para el saqueo y dominio en la disputa geopol\u00edtica con otras potencias como China en la regi\u00f3n.","robots":{"index":"index","follow":"follow","max-snippet":"max-snippet:-1","max-image-preview":"max-image-preview:large","max-video-preview":"max-video-preview:-1"},"canonical":"https:\/\/vamosporlaliberacion.org\/crpmlm\/patria-si-colonia-no\/","twitter_misc":{"Escrito por":"Prensa Vamos","Tiempo de lectura":"6 minutos"},"schema":{"@context":"https:\/\/schema.org","@graph":[{"@type":"Article","@id":"https:\/\/vamosporlaliberacion.org\/crpmlm\/patria-si-colonia-no\/#article","isPartOf":{"@id":"https:\/\/vamosporlaliberacion.org\/crpmlm\/patria-si-colonia-no\/"},"author":{"name":"Prensa Vamos","@id":"https:\/\/vamosporlaliberacion.org\/crpmlm\/#\/schema\/person\/ebdbd4bf0e9418b9f0c0a93395366b2f"},"headline":"\u00a1PATRIA SI, COLONIA NO!","datePublished":"2025-07-23T17:28:39+00:00","dateModified":"2025-07-23T17:28:42+00:00","mainEntityOfPage":{"@id":"https:\/\/vamosporlaliberacion.org\/crpmlm\/patria-si-colonia-no\/"},"wordCount":1124,"image":{"@id":"https:\/\/vamosporlaliberacion.org\/crpmlm\/patria-si-colonia-no\/#primaryimage"},"thumbnailUrl":"https:\/\/i0.wp.com\/vamosporlaliberacion.org\/crpmlm\/wp-content\/uploads\/2025\/07\/Milei-Lamelas.jpg?fit=700%2C467&ssl=1","articleSection":["Editoriales","Noticias"],"inLanguage":"es"},{"@type":"WebPage","@id":"https:\/\/vamosporlaliberacion.org\/crpmlm\/patria-si-colonia-no\/","url":"https:\/\/vamosporlaliberacion.org\/crpmlm\/patria-si-colonia-no\/","name":"\u00a1PATRIA SI, COLONIA NO! - Vamos por la Liberaci\u00f3n","isPartOf":{"@id":"https:\/\/vamosporlaliberacion.org\/crpmlm\/#website"},"primaryImageOfPage":{"@id":"https:\/\/vamosporlaliberacion.org\/crpmlm\/patria-si-colonia-no\/#primaryimage"},"image":{"@id":"https:\/\/vamosporlaliberacion.org\/crpmlm\/patria-si-colonia-no\/#primaryimage"},"thumbnailUrl":"https:\/\/i0.wp.com\/vamosporlaliberacion.org\/crpmlm\/wp-content\/uploads\/2025\/07\/Milei-Lamelas.jpg?fit=700%2C467&ssl=1","datePublished":"2025-07-23T17:28:39+00:00","dateModified":"2025-07-23T17:28:42+00:00","author":{"@id":"https:\/\/vamosporlaliberacion.org\/crpmlm\/#\/schema\/person\/ebdbd4bf0e9418b9f0c0a93395366b2f"},"description":"Las declaraciones del nuevo embajador de EEUU en Argentina, Peter Lamelas, desnuda los planes de ese pa\u00eds gobernado por Donald Trump en acuerdo con Javier Milei, para someter y reducir a nuestro pa\u00eds a una colonia para el saqueo y dominio en la disputa geopol\u00edtica con otras potencias como China en la regi\u00f3n.","breadcrumb":{"@id":"https:\/\/vamosporlaliberacion.org\/crpmlm\/patria-si-colonia-no\/#breadcrumb"},"inLanguage":"es","potentialAction":[{"@type":"ReadAction","target":["https:\/\/vamosporlaliberacion.org\/crpmlm\/patria-si-colonia-no\/"]}]},{"@type":"ImageObject","inLanguage":"es","@id":"https:\/\/vamosporlaliberacion.org\/crpmlm\/patria-si-colonia-no\/#primaryimage","url":"https:\/\/i0.wp.com\/vamosporlaliberacion.org\/crpmlm\/wp-content\/uploads\/2025\/07\/Milei-Lamelas.jpg?fit=700%2C467&ssl=1","contentUrl":"https:\/\/i0.wp.com\/vamosporlaliberacion.org\/crpmlm\/wp-content\/uploads\/2025\/07\/Milei-Lamelas.jpg?fit=700%2C467&ssl=1","width":700,"height":467},{"@type":"BreadcrumbList","@id":"https:\/\/vamosporlaliberacion.org\/crpmlm\/patria-si-colonia-no\/#breadcrumb","itemListElement":[{"@type":"ListItem","position":1,"name":"Portada","item":"https:\/\/vamosporlaliberacion.org\/crpmlm\/"},{"@type":"ListItem","position":2,"name":"\u00a1PATRIA SI, COLONIA NO!"}]},{"@type":"WebSite","@id":"https:\/\/vamosporlaliberacion.org\/crpmlm\/#website","url":"https:\/\/vamosporlaliberacion.org\/crpmlm\/","name":"Vamos por la Liberaci\u00f3n","description":"Prensa CR","potentialAction":[{"@type":"SearchAction","target":{"@type":"EntryPoint","urlTemplate":"https:\/\/vamosporlaliberacion.org\/crpmlm\/?s={search_term_string}"},"query-input":{"@type":"PropertyValueSpecification","valueRequired":true,"valueName":"search_term_string"}}],"inLanguage":"es"},{"@type":"Person","@id":"https:\/\/vamosporlaliberacion.org\/crpmlm\/#\/schema\/person\/ebdbd4bf0e9418b9f0c0a93395366b2f","name":"Prensa Vamos","sameAs":["http:\/\/vamposporlaliberacion.org"],"url":"https:\/\/vamosporlaliberacion.org\/crpmlm\/author\/editor\/"}]}},"jetpack_featured_media_url":"https:\/\/i0.wp.com\/vamosporlaliberacion.org\/crpmlm\/wp-content\/uploads\/2025\/07\/Milei-Lamelas.jpg?fit=700%2C467&ssl=1","jetpack_sharing_enabled":true,"_links":{"self":[{"href":"https:\/\/vamosporlaliberacion.org\/crpmlm\/wp-json\/wp\/v2\/posts\/28622","targetHints":{"allow":["GET"]}}],"collection":[{"href":"https:\/\/vamosporlaliberacion.org\/crpmlm\/wp-json\/wp\/v2\/posts"}],"about":[{"href":"https:\/\/vamosporlaliberacion.org\/crpmlm\/wp-json\/wp\/v2\/types\/post"}],"author":[{"embeddable":true,"href":"https:\/\/vamosporlaliberacion.org\/crpmlm\/wp-json\/wp\/v2\/users\/9"}],"replies":[{"embeddable":true,"href":"https:\/\/vamosporlaliberacion.org\/crpmlm\/wp-json\/wp\/v2\/comments?post=28622"}],"version-history":[{"count":1,"href":"https:\/\/vamosporlaliberacion.org\/crpmlm\/wp-json\/wp\/v2\/posts\/28622\/revisions"}],"predecessor-version":[{"id":28632,"href":"https:\/\/vamosporlaliberacion.org\/crpmlm\/wp-json\/wp\/v2\/posts\/28622\/revisions\/28632"}],"wp:featuredmedia":[{"embeddable":true,"href":"https:\/\/vamosporlaliberacion.org\/crpmlm\/wp-json\/wp\/v2\/media\/28628"}],"wp:attachment":[{"href":"https:\/\/vamosporlaliberacion.org\/crpmlm\/wp-json\/wp\/v2\/media?parent=28622"}],"wp:term":[{"taxonomy":"category","embeddable":true,"href":"https:\/\/vamosporlaliberacion.org\/crpmlm\/wp-json\/wp\/v2\/categories?post=28622"},{"taxonomy":"post_tag","embeddable":true,"href":"https:\/\/vamosporlaliberacion.org\/crpmlm\/wp-json\/wp\/v2\/tags?post=28622"}],"curies":[{"name":"wp","href":"https:\/\/api.w.org\/{rel}","templated":true}]}}