{"id":28590,"date":"2025-06-17T08:31:12","date_gmt":"2025-06-17T11:31:12","guid":{"rendered":"https:\/\/vamosporlaliberacion.org\/crpmlm\/?p=28590"},"modified":"2025-06-17T08:48:56","modified_gmt":"2025-06-17T11:48:56","slug":"la-proscripcion-de-cristina-la-oligarquia-y-sus-viejas-recetas","status":"publish","type":"post","link":"https:\/\/vamosporlaliberacion.org\/crpmlm\/la-proscripcion-de-cristina-la-oligarquia-y-sus-viejas-recetas\/","title":{"rendered":"La proscripci\u00f3n de Cristina: la oligarqu\u00eda y sus viejas recetas"},"content":{"rendered":"\n<h3 class=\"wp-block-heading\"><em><strong>16 de junio 1955 a 70 a\u00f1os del bombardeo a Plaza de Mayo<\/strong><\/em><\/h3>\n\n\n\n<p>Con la condena a Cristina Kirchner se abre un nuevo ciclo en el pa\u00eds, marcado por un sector de las clases dominantes que busca perpetrarse con autoritarismo, represi\u00f3n y proscripciones. <strong>Esta es la clara se\u00f1al que persigue el fallo de la Corte Suprema al servicio de los due\u00f1os del poder. Las contradicciones con el pueblo se agudizan.<\/strong><\/p>\n\n\n\n<p>Esta neo-oligarqu\u00eda dominada por due\u00f1os de monopolios industriales, medios y tierras, de origen nacionales e internacionales, marcan el ritmo de la econom\u00eda donde abrevan y se enriquecen; <strong>a la vez que para tales acciones necesitan del poder pol\u00edtico y jur\u00eddico desde el Estado mismo.<\/strong><\/p>\n\n\n\n<p>Las formas de llegar a esos objetivos son diversos y perversos empapados del odio de clase que destilan sobre todo aquello que tenga que ver con lo popular, como aquel nefasto junio del \u00b455 con el bombardeo a Plaza de Mayo como anticipo del golpe de Estado de septiembre del mismo a\u00f1o.<strong> Mostrando descarnadamente que, en una sociedad dividida en clases como la sociedad capitalista, para que una clase avance debe retroceder otra, o, dicho de otra forma, una sociedad donde la redistribuci\u00f3n de la riqueza es una quimera.<\/strong><\/p>\n\n\n\n<figure class=\"wp-block-gallery has-nested-images columns-default is-cropped wp-block-gallery-1 is-layout-flex wp-block-gallery-is-layout-flex\">\n<figure class=\"wp-block-image size-large\"><img data-recalc-dims=\"1\" loading=\"lazy\" decoding=\"async\" width=\"696\" height=\"463\" data-id=\"28593\" src=\"https:\/\/i0.wp.com\/vamosporlaliberacion.org\/crpmlm\/wp-content\/uploads\/2025\/06\/BombardeoPlaza1955.jpeg?resize=696%2C463&#038;ssl=1\" alt=\"\" class=\"wp-image-28593\" srcset=\"https:\/\/i0.wp.com\/vamosporlaliberacion.org\/crpmlm\/wp-content\/uploads\/2025\/06\/BombardeoPlaza1955.jpeg?resize=700%2C466&amp;ssl=1 700w, https:\/\/i0.wp.com\/vamosporlaliberacion.org\/crpmlm\/wp-content\/uploads\/2025\/06\/BombardeoPlaza1955.jpeg?resize=300%2C200&amp;ssl=1 300w, https:\/\/i0.wp.com\/vamosporlaliberacion.org\/crpmlm\/wp-content\/uploads\/2025\/06\/BombardeoPlaza1955.jpeg?resize=768%2C511&amp;ssl=1 768w, https:\/\/i0.wp.com\/vamosporlaliberacion.org\/crpmlm\/wp-content\/uploads\/2025\/06\/BombardeoPlaza1955.jpeg?resize=150%2C100&amp;ssl=1 150w, https:\/\/i0.wp.com\/vamosporlaliberacion.org\/crpmlm\/wp-content\/uploads\/2025\/06\/BombardeoPlaza1955.jpeg?resize=696%2C463&amp;ssl=1 696w, https:\/\/i0.wp.com\/vamosporlaliberacion.org\/crpmlm\/wp-content\/uploads\/2025\/06\/BombardeoPlaza1955.jpeg?resize=631%2C420&amp;ssl=1 631w, https:\/\/i0.wp.com\/vamosporlaliberacion.org\/crpmlm\/wp-content\/uploads\/2025\/06\/BombardeoPlaza1955.jpeg?w=1068&amp;ssl=1 1068w\" sizes=\"auto, (max-width: 696px) 100vw, 696px\" \/><\/figure>\n\n\n\n<figure class=\"wp-block-image size-large\"><img data-recalc-dims=\"1\" loading=\"lazy\" decoding=\"async\" width=\"696\" height=\"392\" data-id=\"28592\" src=\"https:\/\/i0.wp.com\/vamosporlaliberacion.org\/crpmlm\/wp-content\/uploads\/2025\/06\/BombardeoPlaza1955-2.jpeg?resize=696%2C392&#038;ssl=1\" alt=\"\" class=\"wp-image-28592\" srcset=\"https:\/\/i0.wp.com\/vamosporlaliberacion.org\/crpmlm\/wp-content\/uploads\/2025\/06\/BombardeoPlaza1955-2.jpeg?resize=700%2C394&amp;ssl=1 700w, https:\/\/i0.wp.com\/vamosporlaliberacion.org\/crpmlm\/wp-content\/uploads\/2025\/06\/BombardeoPlaza1955-2.jpeg?resize=300%2C169&amp;ssl=1 300w, https:\/\/i0.wp.com\/vamosporlaliberacion.org\/crpmlm\/wp-content\/uploads\/2025\/06\/BombardeoPlaza1955-2.jpeg?resize=768%2C432&amp;ssl=1 768w, https:\/\/i0.wp.com\/vamosporlaliberacion.org\/crpmlm\/wp-content\/uploads\/2025\/06\/BombardeoPlaza1955-2.jpeg?resize=150%2C84&amp;ssl=1 150w, https:\/\/i0.wp.com\/vamosporlaliberacion.org\/crpmlm\/wp-content\/uploads\/2025\/06\/BombardeoPlaza1955-2.jpeg?resize=696%2C392&amp;ssl=1 696w, https:\/\/i0.wp.com\/vamosporlaliberacion.org\/crpmlm\/wp-content\/uploads\/2025\/06\/BombardeoPlaza1955-2.jpeg?resize=746%2C420&amp;ssl=1 746w, https:\/\/i0.wp.com\/vamosporlaliberacion.org\/crpmlm\/wp-content\/uploads\/2025\/06\/BombardeoPlaza1955-2.jpeg?w=1068&amp;ssl=1 1068w\" sizes=\"auto, (max-width: 696px) 100vw, 696px\" \/><\/figure>\n<\/figure>\n\n\n\n<p style=\"margin-top:25px\">Formas que podemos resumir en aquellas que rigen dentro del \u201cestado de derecho\u201d y aquellas que violan la convivencia democr\u00e1tica. Cuando hablamos \u201cdentro del estado de derecho\u201d no decimos que siempre son reglas democr\u00e1ticas, <strong>ya que esas \u201creglas\u201d la mayor\u00eda de las veces son inherentes al car\u00e1cter del sistema que habl\u00e1bamos m\u00e1s arriba<\/strong>, pero siempre los sectores populares han aprovechado m\u00e1s a su favor contradicciones en el sistema republicano que bajo autocracias (como el presente) o dictaduras.<\/p>\n\n\n\n<p>Los sectores de poder buscan no perder sus privilegios y ganar nuevos ya sea por elecciones, como el presente con Milei o mediante golpes de estado o represivos ya sea en democracia o dictaduras con persecuciones, desapariciones, asesinatos y <strong>hasta bombardeos a la poblaci\u00f3n civil para asesinar un l\u00edder como el General Per\u00f3n aquel 16 de junio de 1955 y su posterior exilio obligado luego del golpe de estado, o en estos tiempos con el fallo de la Corte Suprema que proscribe a Cristina Kirchner,<\/strong> <strong>a quien primero quisieron asesinar y fallaron, admitido por el propio monopolio Clar\u00edn<\/strong> cuando titul\u00f3 el d\u00eda posterior al intento de magnicidio: <em>\u201cla bala que no sali\u00f3, el fallo que si saldr\u00e1\u201d<\/em>.<\/p>\n\n\n\n<p>No es la intenci\u00f3n de esta nota analizar diferencias entre estos lideres del peronismo, porque las hay, <strong>pero si las similitudes ya que son golpeados por estar en el campo popular y haber otorgado derechos a las amplias mayor\u00edas.<\/strong> Pero esto no implica que las nuevas generaciones conozcan esa historia y salgan a defenderla. <strong>Quiz\u00e1s all\u00ed est\u00e1n radicadas las limitaciones de estos dirigentes, el de no haber preparado al pueblo, a la medida de los enemigos declarados, para defender lo conquistado.<\/strong><\/p>\n\n\n\n<p>El <em>\u201cprefiero el tiempo a la sangre\u201d<\/em> por el que opt\u00f3 Per\u00f3n luego del golpe de septiembre del \u00b455 o el relato emancipador, que fue acompa\u00f1ado con importantes conquistas y reformas durante el kirchnerismo, mientras se manten\u00eda la estructura dependiente de la econom\u00eda, no impidi\u00f3 que volviera la vieja oligarqu\u00eda con nuevos ropajes como vivimos con el macrismo, que, si bien fueron derrotarlos en el 2019, volvimos a entrar nuevamente en una nueva gran decepci\u00f3n con el Frente de Todos. <strong>Quiz\u00e1s esta \u00faltima sea la experiencia m\u00e1s cabalgada por parte la neo-oligarquia sobre la cabeza de los mas j\u00f3venes. La pagamos muy caro.<\/strong><\/p>\n\n\n\n<p>Estos enemigos, hoy m\u00e1s poderosos por los avances tecnol\u00f3gicos en materia de comunicaci\u00f3n que en aquel \u201955, le dedic\u00f3 y dedica una estructura gigantesca para macerar las cabezas j\u00f3venes para que vivan en la ignorancia sobre la historia reciente.<\/p>\n\n\n\n<p>La gigantesca labor para eliminar el \u201cpensamiento cr\u00edtico\u201d de la realizaci\u00f3n de las personas es, quiz\u00e1s, una de las batallas mas grandes en el presente donde se combinan dos aspectos centrales, a saber, <strong>por un lado el desconocimiento de la historia, y por otro el concepto de verdad no basado en fundamentos desde la realidad objetiva, sino del relato donde se alimenta la \u201cpos-verdad\u201d del discurso \u00fanico<\/strong>, donde adem\u00e1s, lo popular est\u00e1 vinculado a \u201cla corrupci\u00f3n\u201d o \u201cvivir del Estado\u201d, \u201c\u00f1oquis de manera directa o indirecta influenciado por el sector m\u00e1s popular del peronismo\u201d. A esto se le suma \u201cel dogma libertario\u201d donde el enemigo no solo es el \u201cpopulismo\u201d, sino tambi\u00e9n la \u201cizquierda\u201d y \u201cel socialismo\u201d.<\/p>\n\n\n\n<h3 class=\"wp-block-heading\"><strong>La base econ\u00f3mica y la superestructura<\/strong><\/h3>\n\n\n\n<p><strong>Necesitan una juventud y un pueblo d\u00f3cil para aceptar sin demasiados sobresaltos las pol\u00edticas de ajuste brutal y \u201cla entrega sin fin\u201d que preparan para el futuro inmediato.<\/strong> Pero primero tienen que sostener un plan econ\u00f3mico, ya conocido en la historia reciente por su fracaso y su amplio da\u00f1o.<\/p>\n\n\n\n<p><strong>Su gran fracaso puede volver a ser su ignorancia en cuanto a tratar de separar definitivamente la base econ\u00f3mica del mensaje pol\u00edtico-cultural que se trata de inocular en la sociedad.<\/strong> As\u00ed, buscan negar o suavizar con retorica los efectos del ajuste y tratar de instalar una idea de estabilidad con una \u201cinflaci\u00f3n a la baja\u201d, <strong>ocultando la bomba de tiempo en marcha que ya destruy\u00f3 en la historia la econom\u00eda y riquezas del pa\u00eds.<\/strong><\/p>\n\n\n\n<p>Pero son muy altos los costos para mantener \u201cel veranito\u201d de esta relativa estabilidad. <strong>Por un lado, porque se sostiene con un ajuste brutal, el congelamiento de los salarios y una quita criminal sobre las jubilaciones y pensiones<\/strong>, <strong>sumado a<\/strong> <strong>nuevos endeudamientos para mantener el d\u00f3lar planchado<\/strong>, y es lo que no va cerrando en sectores de la poblaci\u00f3n que tuvo expectativas en el gobierno, vacila frente a los escenarios electorales, pero la est\u00e1 pasando muy mal, mientras ve como los due\u00f1os del poder son m\u00e1s ricos que antes\u2026<\/p>\n\n\n\n<p>Por lo descripto, podemos decir <strong>que esta estabilidad tiene \u201cpies de barro\u201d,<\/strong> basado en salarios planchados frente al aumento de servicios y bienes de consumo masivo, y la entrada de d\u00f3lares, pero las alarmas no se disipan, ya que el malestar en las clase obrera por las condiciones de trabajo y los bajos salarios se pudieron ver en los abandonos y los cortes de la Panamericana que se sucedieron el d\u00eda que la Corte ratific\u00f3 la condena a Cristina, donde se combin\u00f3 el rechazo a un nuevo manotazo de autoritarismo, con una situaci\u00f3n de bronca por abajo por el ajuste a los salarios donde ya se perdieron m\u00e1s del 30% del poder adquisitivo. <strong>Estas manifestaciones vienen precedidas por marchas y paros de sectores industriales como en Tierra del Fuego o Acindar, de la docencia en el interior, estatales en el orden nacional contra los despidos y quitas de presupuestos en la salud.<\/strong><\/p>\n\n\n\n<p>Por otra parte, la falta de d\u00f3lares golpea al coraz\u00f3n del plan Caputo-Milei, pero como este plan es una \u201cmesa de dinero\u201d donde manda la especulaci\u00f3n financiera, sin inversiones ni desarrollo propio, caen las exportaciones con ellas la entrada de d\u00f3lares y suben las importaciones, con ella la salida de d\u00f3lares.<\/p>\n\n\n\n<p>Se elimin\u00f3 la obra p\u00fablica y un sin n\u00famero de programas y partidas presupuestarias que fueron redireccionadas a sostener la timba y la corrupci\u00f3n. Para citar un ejemplo, est\u00e1 parada la inversi\u00f3n donde, a pesar de una mayor liquidaci\u00f3n del campo debido a la baja de retenciones, <strong>el volumen no logr\u00f3 compensar y la recaudaci\u00f3n por derechos de exportaci\u00f3n (DEX) cay\u00f3 un 35,9% interanual en mayo<\/strong>. En el quinto mes del a\u00f1o, los ingresos a las arcas del Estado cayeron 18% frente al mismo del a\u00f1o pasado. <strong>Mientras, el \u201cplan colch\u00f3n\u201d no trae mayor entusiasmo en los sectores que poseen d\u00f3lares guardados por descreimiento y desconfianza.<\/strong><\/p>\n\n\n\n<p>Pero no tienen otro plan que este para allanar el camino para ganar las elecciones de medio termino y con ello lograr un nuevo espaldarazo para otra etapa del ajuste y la entrega. Y si la ven fulera por las crecientes luchas populares, estimuladas por el ajuste y en buena medida por el fallo de la corte contra Cristina, pueden optar por medidas represivas a otra escala, hasta el Estado de sitio como desliza Macri si <em>\u201cest\u00e1 en juego la democracia\u201d<\/em>. <strong>Los due\u00f1os del poder sostienen esta disyuntiva.<\/strong><\/p>\n\n\n<div class=\"wp-block-image\">\n<figure class=\"aligncenter size-large is-resized\"><img data-recalc-dims=\"1\" loading=\"lazy\" decoding=\"async\" width=\"696\" height=\"550\" src=\"https:\/\/i0.wp.com\/vamosporlaliberacion.org\/crpmlm\/wp-content\/uploads\/2025\/06\/CorteSuprema2025-700x553.jpeg?resize=696%2C550\" alt=\"\" class=\"wp-image-28591\" style=\"width:525px;height:auto\" srcset=\"https:\/\/i0.wp.com\/vamosporlaliberacion.org\/crpmlm\/wp-content\/uploads\/2025\/06\/CorteSuprema2025.jpeg?resize=700%2C553&amp;ssl=1 700w, https:\/\/i0.wp.com\/vamosporlaliberacion.org\/crpmlm\/wp-content\/uploads\/2025\/06\/CorteSuprema2025.jpeg?resize=300%2C237&amp;ssl=1 300w, https:\/\/i0.wp.com\/vamosporlaliberacion.org\/crpmlm\/wp-content\/uploads\/2025\/06\/CorteSuprema2025.jpeg?resize=150%2C118&amp;ssl=1 150w, https:\/\/i0.wp.com\/vamosporlaliberacion.org\/crpmlm\/wp-content\/uploads\/2025\/06\/CorteSuprema2025.jpeg?resize=696%2C549&amp;ssl=1 696w, https:\/\/i0.wp.com\/vamosporlaliberacion.org\/crpmlm\/wp-content\/uploads\/2025\/06\/CorteSuprema2025.jpeg?resize=532%2C420&amp;ssl=1 532w, https:\/\/i0.wp.com\/vamosporlaliberacion.org\/crpmlm\/wp-content\/uploads\/2025\/06\/CorteSuprema2025.jpeg?w=736&amp;ssl=1 736w\" sizes=\"auto, (max-width: 696px) 100vw, 696px\" \/><figcaption class=\"wp-element-caption\">Integrantes de la Corte Suprema<\/figcaption><\/figure>\n<\/div>\n\n\n<p>La baja de la inflaci\u00f3n no solo es explicable por la mala medici\u00f3n del INDEC, donde no incluye alquileres, expensas y algunos servicios y bienes a la hora de medir gastos, <strong>sino tambi\u00e9n por la ca\u00edda del consumo masivo que no encuentra piso<\/strong>, (las ventas para el d\u00eda del padre cayeron un 9% respecto al 2024), mientras crece el endeudamiento de las familias. <strong>Entonces, por el contrario, si se aumentaran los salarios y con ello el consumo y se dejara libre el d\u00f3lar (relato de Milei en campa\u00f1a), el plan se cae como un castillo de naipes o peor a\u00fan, como una bolsa de cemento. <\/strong>Ahora queda claro que la eliminaci\u00f3n del cepo es una mentira ya que la estabilidad se alimenta con m\u00e1s deuda en d\u00f3lares con tasas usurarias. Por estas razones se explica porque el ejecutivo no quiere discutir el presupuesto.<\/p>\n\n\n\n<p><strong>El objetivo inmediato es no perder las elecciones de medio termino, y es all\u00ed donde estorba Cristina como la principal l\u00edder de la oposici\u00f3n y el principal escollo para estos planes.<\/strong> De all\u00ed la proscripci\u00f3n, basada en una causa viciada de nulidad, con jueces y fiscales corruptos e impunes hasta el esc\u00e1ndalo en sus v\u00ednculos p\u00fablicos con el ex presidente Macri y empresarios como Magneto (Clar\u00edn). Con una Corte de 3 miembros, Horacio Rosatti, Carlos Rosenkrantz y Ricardo Lorenzetti, donde los dos primeros fueron puestos por el ex presidente Macri y uno de ellos, Rosenkrantz, encabeza el estudio jur\u00eddico que tiene como cliente al grupo Clar\u00edn.<\/p>\n\n\n\n<p><strong>Si hay proscripci\u00f3n a la principal candidata de la oposici\u00f3n, como afirmamos mas arriba, retrocede la democracia.<\/strong> Y esto es lo que se degrada y por eso hay que salir a la calle, porque esta neo-oligarqu\u00eda va por todo, como sostiene luego del fallo el propio Macri cuando amenaza que la movilizaci\u00f3n popular puede hacer peligrar la democracia.<\/p>\n\n\n\n<h3 class=\"wp-block-heading\"><strong>La contradicci\u00f3n pueblo-oligarqu\u00eda<\/strong><\/h3>\n\n\n\n<p>Esta contradicci\u00f3n est\u00e1 alimentada por el contexto internacional de guerra y avance de los sectores de la derecha guerreristas y m\u00e1s despreciables hacia la condici\u00f3n humana y la naturaleza como el genocida Netanyahu que pretende hacer desaparecer a Palestina y dominar Medio Oriente ahora con un nuevo bombardeo sobre Ir\u00e1n.<\/p>\n\n\n\n<p>La alianza estrat\u00e9gica que propone Milei con el genocida Netanyahu va tener un alto costo para nuestro pa\u00eds, y<strong>a sea por la entrega escandalosa de tierras en el sur y negocios \u201cllave en mano\u201d a Israel<\/strong>, pero tambi\u00e9n por las consecuencias de alinearse con un Estado que propone la guerra y sojuzgamiento de un pueblo como el iran\u00ed y palestino. <strong>Con el menemismo ya vivimos las consecuencias de esos alineamientos con la bomba a la Embajada de Israel y la voladura de la AMIA<\/strong>.<\/p>\n\n\n<div class=\"wp-block-image\">\n<figure class=\"aligncenter size-large is-resized\" style=\"margin-bottom:0px\"><img data-recalc-dims=\"1\" loading=\"lazy\" decoding=\"async\" width=\"696\" height=\"463\" src=\"https:\/\/i0.wp.com\/vamosporlaliberacion.org\/crpmlm\/wp-content\/uploads\/2025\/06\/Milei-Netanyahu-700x466.jpeg?resize=696%2C463\" alt=\"\" class=\"wp-image-28594\" style=\"width:511px;height:auto\" srcset=\"https:\/\/i0.wp.com\/vamosporlaliberacion.org\/crpmlm\/wp-content\/uploads\/2025\/06\/Milei-Netanyahu.jpeg?resize=700%2C466&amp;ssl=1 700w, https:\/\/i0.wp.com\/vamosporlaliberacion.org\/crpmlm\/wp-content\/uploads\/2025\/06\/Milei-Netanyahu.jpeg?resize=300%2C200&amp;ssl=1 300w, https:\/\/i0.wp.com\/vamosporlaliberacion.org\/crpmlm\/wp-content\/uploads\/2025\/06\/Milei-Netanyahu.jpeg?resize=768%2C511&amp;ssl=1 768w, https:\/\/i0.wp.com\/vamosporlaliberacion.org\/crpmlm\/wp-content\/uploads\/2025\/06\/Milei-Netanyahu.jpeg?resize=150%2C100&amp;ssl=1 150w, https:\/\/i0.wp.com\/vamosporlaliberacion.org\/crpmlm\/wp-content\/uploads\/2025\/06\/Milei-Netanyahu.jpeg?resize=696%2C463&amp;ssl=1 696w, https:\/\/i0.wp.com\/vamosporlaliberacion.org\/crpmlm\/wp-content\/uploads\/2025\/06\/Milei-Netanyahu.jpeg?resize=631%2C420&amp;ssl=1 631w, https:\/\/i0.wp.com\/vamosporlaliberacion.org\/crpmlm\/wp-content\/uploads\/2025\/06\/Milei-Netanyahu.jpeg?w=900&amp;ssl=1 900w\" sizes=\"auto, (max-width: 696px) 100vw, 696px\" \/><figcaption class=\"wp-element-caption\">Milei con el primer ministro de Israel Benjam\u00edn Netanyahu<\/figcaption><\/figure>\n<\/div>\n\n\n<p>Pero es posible y necesario emprender la unidad en las calles para defender las libertades democr\u00e1ticas, barrer con la proscripci\u00f3n a Cristina Kirchner, exigir la ruptura de relaciones con el Estado genocida de Israel y abrir un camino emancipador que <strong>tenga como primer objetivo parar a la unidad fr\u00e1gil de la derecha y la ultraderecha como expresi\u00f3n de esa neo-oligarqu\u00eda que con viejas recetas busca perpetrarse en el poder.<\/strong><\/p>\n\n\n\n<p><strong>Prometen una confrontaci\u00f3n brutal contra los sectores populares, pero no les arrendamos las ganancias al final del ciclo,<\/strong> porque el pueblo aun golpeado, siempre vuelve. Y los comunistas revolucionarios juntos con miles trataremos de estar a la altura para no volver atr\u00e1s, aprender de los errores y marchar con las banderas hacia la liberaci\u00f3n nacional y social.<\/p>\n<!-- AddThis Advanced Settings generic via filter on the_content --><!-- AddThis Share Buttons generic via filter on the_content -->","protected":false},"excerpt":{"rendered":"<p>16 de junio 1955 a 70 a\u00f1os del bombardeo a Plaza de Mayo Con la condena a Cristina Kirchner se abre un nuevo ciclo en el pa\u00eds, marcado por un sector de las clases dominantes que busca perpetrarse con autoritarismo, represi\u00f3n y proscripciones. Esta es la clara se\u00f1al que persigue el fallo de la Corte [&hellip;]<!-- AddThis Advanced Settings generic via filter on get_the_excerpt --><!-- AddThis Share Buttons generic via filter on get_the_excerpt --><\/p>\n","protected":false},"author":9,"featured_media":28595,"comment_status":"closed","ping_status":"closed","sticky":false,"template":"","format":"standard","meta":{"_jetpack_memberships_contains_paid_content":false,"footnotes":""},"categories":[1881,1699],"tags":[],"class_list":{"0":"post-28590","1":"post","2":"type-post","3":"status-publish","4":"format-standard","5":"has-post-thumbnail","7":"category-editoriales","8":"category-noticias"},"yoast_head":"<!-- This site is optimized with the Yoast SEO plugin v27.4 - https:\/\/yoast.com\/product\/yoast-seo-wordpress\/ -->\n<title>La proscripci\u00f3n de Cristina: la oligarqu\u00eda y sus viejas recetas - Vamos por la Liberaci\u00f3n<\/title>\n<meta name=\"robots\" content=\"index, follow, max-snippet:-1, max-image-preview:large, max-video-preview:-1\" \/>\n<link rel=\"canonical\" href=\"https:\/\/vamosporlaliberacion.org\/crpmlm\/la-proscripcion-de-cristina-la-oligarquia-y-sus-viejas-recetas\/\" \/>\n<meta name=\"twitter:label1\" content=\"Escrito por\" \/>\n\t<meta name=\"twitter:data1\" content=\"Prensa Vamos\" \/>\n\t<meta name=\"twitter:label2\" content=\"Tiempo de lectura\" \/>\n\t<meta name=\"twitter:data2\" content=\"10 minutos\" \/>\n<script type=\"application\/ld+json\" class=\"yoast-schema-graph\">{\"@context\":\"https:\\\/\\\/schema.org\",\"@graph\":[{\"@type\":\"Article\",\"@id\":\"https:\\\/\\\/vamosporlaliberacion.org\\\/crpmlm\\\/la-proscripcion-de-cristina-la-oligarquia-y-sus-viejas-recetas\\\/#article\",\"isPartOf\":{\"@id\":\"https:\\\/\\\/vamosporlaliberacion.org\\\/crpmlm\\\/la-proscripcion-de-cristina-la-oligarquia-y-sus-viejas-recetas\\\/\"},\"author\":{\"name\":\"Prensa Vamos\",\"@id\":\"https:\\\/\\\/vamosporlaliberacion.org\\\/crpmlm\\\/#\\\/schema\\\/person\\\/ebdbd4bf0e9418b9f0c0a93395366b2f\"},\"headline\":\"La proscripci\u00f3n de Cristina: la oligarqu\u00eda y sus viejas recetas\",\"datePublished\":\"2025-06-17T11:31:12+00:00\",\"dateModified\":\"2025-06-17T11:48:56+00:00\",\"mainEntityOfPage\":{\"@id\":\"https:\\\/\\\/vamosporlaliberacion.org\\\/crpmlm\\\/la-proscripcion-de-cristina-la-oligarquia-y-sus-viejas-recetas\\\/\"},\"wordCount\":2058,\"image\":{\"@id\":\"https:\\\/\\\/vamosporlaliberacion.org\\\/crpmlm\\\/la-proscripcion-de-cristina-la-oligarquia-y-sus-viejas-recetas\\\/#primaryimage\"},\"thumbnailUrl\":\"https:\\\/\\\/i0.wp.com\\\/vamosporlaliberacion.org\\\/crpmlm\\\/wp-content\\\/uploads\\\/2025\\\/06\\\/CristinaBalcon.jpg?fit=900%2C473&ssl=1\",\"articleSection\":[\"Editoriales\",\"Noticias\"],\"inLanguage\":\"es\"},{\"@type\":\"WebPage\",\"@id\":\"https:\\\/\\\/vamosporlaliberacion.org\\\/crpmlm\\\/la-proscripcion-de-cristina-la-oligarquia-y-sus-viejas-recetas\\\/\",\"url\":\"https:\\\/\\\/vamosporlaliberacion.org\\\/crpmlm\\\/la-proscripcion-de-cristina-la-oligarquia-y-sus-viejas-recetas\\\/\",\"name\":\"La proscripci\u00f3n de Cristina: la oligarqu\u00eda y sus viejas recetas - Vamos por la Liberaci\u00f3n\",\"isPartOf\":{\"@id\":\"https:\\\/\\\/vamosporlaliberacion.org\\\/crpmlm\\\/#website\"},\"primaryImageOfPage\":{\"@id\":\"https:\\\/\\\/vamosporlaliberacion.org\\\/crpmlm\\\/la-proscripcion-de-cristina-la-oligarquia-y-sus-viejas-recetas\\\/#primaryimage\"},\"image\":{\"@id\":\"https:\\\/\\\/vamosporlaliberacion.org\\\/crpmlm\\\/la-proscripcion-de-cristina-la-oligarquia-y-sus-viejas-recetas\\\/#primaryimage\"},\"thumbnailUrl\":\"https:\\\/\\\/i0.wp.com\\\/vamosporlaliberacion.org\\\/crpmlm\\\/wp-content\\\/uploads\\\/2025\\\/06\\\/CristinaBalcon.jpg?fit=900%2C473&ssl=1\",\"datePublished\":\"2025-06-17T11:31:12+00:00\",\"dateModified\":\"2025-06-17T11:48:56+00:00\",\"author\":{\"@id\":\"https:\\\/\\\/vamosporlaliberacion.org\\\/crpmlm\\\/#\\\/schema\\\/person\\\/ebdbd4bf0e9418b9f0c0a93395366b2f\"},\"breadcrumb\":{\"@id\":\"https:\\\/\\\/vamosporlaliberacion.org\\\/crpmlm\\\/la-proscripcion-de-cristina-la-oligarquia-y-sus-viejas-recetas\\\/#breadcrumb\"},\"inLanguage\":\"es\",\"potentialAction\":[{\"@type\":\"ReadAction\",\"target\":[\"https:\\\/\\\/vamosporlaliberacion.org\\\/crpmlm\\\/la-proscripcion-de-cristina-la-oligarquia-y-sus-viejas-recetas\\\/\"]}]},{\"@type\":\"ImageObject\",\"inLanguage\":\"es\",\"@id\":\"https:\\\/\\\/vamosporlaliberacion.org\\\/crpmlm\\\/la-proscripcion-de-cristina-la-oligarquia-y-sus-viejas-recetas\\\/#primaryimage\",\"url\":\"https:\\\/\\\/i0.wp.com\\\/vamosporlaliberacion.org\\\/crpmlm\\\/wp-content\\\/uploads\\\/2025\\\/06\\\/CristinaBalcon.jpg?fit=900%2C473&ssl=1\",\"contentUrl\":\"https:\\\/\\\/i0.wp.com\\\/vamosporlaliberacion.org\\\/crpmlm\\\/wp-content\\\/uploads\\\/2025\\\/06\\\/CristinaBalcon.jpg?fit=900%2C473&ssl=1\",\"width\":900,\"height\":473},{\"@type\":\"BreadcrumbList\",\"@id\":\"https:\\\/\\\/vamosporlaliberacion.org\\\/crpmlm\\\/la-proscripcion-de-cristina-la-oligarquia-y-sus-viejas-recetas\\\/#breadcrumb\",\"itemListElement\":[{\"@type\":\"ListItem\",\"position\":1,\"name\":\"Portada\",\"item\":\"https:\\\/\\\/vamosporlaliberacion.org\\\/crpmlm\\\/\"},{\"@type\":\"ListItem\",\"position\":2,\"name\":\"La proscripci\u00f3n de Cristina: la oligarqu\u00eda y sus viejas recetas\"}]},{\"@type\":\"WebSite\",\"@id\":\"https:\\\/\\\/vamosporlaliberacion.org\\\/crpmlm\\\/#website\",\"url\":\"https:\\\/\\\/vamosporlaliberacion.org\\\/crpmlm\\\/\",\"name\":\"Vamos por la Liberaci\u00f3n\",\"description\":\"Prensa CR\",\"potentialAction\":[{\"@type\":\"SearchAction\",\"target\":{\"@type\":\"EntryPoint\",\"urlTemplate\":\"https:\\\/\\\/vamosporlaliberacion.org\\\/crpmlm\\\/?s={search_term_string}\"},\"query-input\":{\"@type\":\"PropertyValueSpecification\",\"valueRequired\":true,\"valueName\":\"search_term_string\"}}],\"inLanguage\":\"es\"},{\"@type\":\"Person\",\"@id\":\"https:\\\/\\\/vamosporlaliberacion.org\\\/crpmlm\\\/#\\\/schema\\\/person\\\/ebdbd4bf0e9418b9f0c0a93395366b2f\",\"name\":\"Prensa Vamos\",\"sameAs\":[\"http:\\\/\\\/vamposporlaliberacion.org\"],\"url\":\"https:\\\/\\\/vamosporlaliberacion.org\\\/crpmlm\\\/author\\\/editor\\\/\"}]}<\/script>\n<!-- \/ Yoast SEO plugin. -->","yoast_head_json":{"title":"La proscripci\u00f3n de Cristina: la oligarqu\u00eda y sus viejas recetas - Vamos por la Liberaci\u00f3n","robots":{"index":"index","follow":"follow","max-snippet":"max-snippet:-1","max-image-preview":"max-image-preview:large","max-video-preview":"max-video-preview:-1"},"canonical":"https:\/\/vamosporlaliberacion.org\/crpmlm\/la-proscripcion-de-cristina-la-oligarquia-y-sus-viejas-recetas\/","twitter_misc":{"Escrito por":"Prensa Vamos","Tiempo de lectura":"10 minutos"},"schema":{"@context":"https:\/\/schema.org","@graph":[{"@type":"Article","@id":"https:\/\/vamosporlaliberacion.org\/crpmlm\/la-proscripcion-de-cristina-la-oligarquia-y-sus-viejas-recetas\/#article","isPartOf":{"@id":"https:\/\/vamosporlaliberacion.org\/crpmlm\/la-proscripcion-de-cristina-la-oligarquia-y-sus-viejas-recetas\/"},"author":{"name":"Prensa Vamos","@id":"https:\/\/vamosporlaliberacion.org\/crpmlm\/#\/schema\/person\/ebdbd4bf0e9418b9f0c0a93395366b2f"},"headline":"La proscripci\u00f3n de Cristina: la oligarqu\u00eda y sus viejas recetas","datePublished":"2025-06-17T11:31:12+00:00","dateModified":"2025-06-17T11:48:56+00:00","mainEntityOfPage":{"@id":"https:\/\/vamosporlaliberacion.org\/crpmlm\/la-proscripcion-de-cristina-la-oligarquia-y-sus-viejas-recetas\/"},"wordCount":2058,"image":{"@id":"https:\/\/vamosporlaliberacion.org\/crpmlm\/la-proscripcion-de-cristina-la-oligarquia-y-sus-viejas-recetas\/#primaryimage"},"thumbnailUrl":"https:\/\/i0.wp.com\/vamosporlaliberacion.org\/crpmlm\/wp-content\/uploads\/2025\/06\/CristinaBalcon.jpg?fit=900%2C473&ssl=1","articleSection":["Editoriales","Noticias"],"inLanguage":"es"},{"@type":"WebPage","@id":"https:\/\/vamosporlaliberacion.org\/crpmlm\/la-proscripcion-de-cristina-la-oligarquia-y-sus-viejas-recetas\/","url":"https:\/\/vamosporlaliberacion.org\/crpmlm\/la-proscripcion-de-cristina-la-oligarquia-y-sus-viejas-recetas\/","name":"La proscripci\u00f3n de Cristina: la oligarqu\u00eda y sus viejas recetas - Vamos por la Liberaci\u00f3n","isPartOf":{"@id":"https:\/\/vamosporlaliberacion.org\/crpmlm\/#website"},"primaryImageOfPage":{"@id":"https:\/\/vamosporlaliberacion.org\/crpmlm\/la-proscripcion-de-cristina-la-oligarquia-y-sus-viejas-recetas\/#primaryimage"},"image":{"@id":"https:\/\/vamosporlaliberacion.org\/crpmlm\/la-proscripcion-de-cristina-la-oligarquia-y-sus-viejas-recetas\/#primaryimage"},"thumbnailUrl":"https:\/\/i0.wp.com\/vamosporlaliberacion.org\/crpmlm\/wp-content\/uploads\/2025\/06\/CristinaBalcon.jpg?fit=900%2C473&ssl=1","datePublished":"2025-06-17T11:31:12+00:00","dateModified":"2025-06-17T11:48:56+00:00","author":{"@id":"https:\/\/vamosporlaliberacion.org\/crpmlm\/#\/schema\/person\/ebdbd4bf0e9418b9f0c0a93395366b2f"},"breadcrumb":{"@id":"https:\/\/vamosporlaliberacion.org\/crpmlm\/la-proscripcion-de-cristina-la-oligarquia-y-sus-viejas-recetas\/#breadcrumb"},"inLanguage":"es","potentialAction":[{"@type":"ReadAction","target":["https:\/\/vamosporlaliberacion.org\/crpmlm\/la-proscripcion-de-cristina-la-oligarquia-y-sus-viejas-recetas\/"]}]},{"@type":"ImageObject","inLanguage":"es","@id":"https:\/\/vamosporlaliberacion.org\/crpmlm\/la-proscripcion-de-cristina-la-oligarquia-y-sus-viejas-recetas\/#primaryimage","url":"https:\/\/i0.wp.com\/vamosporlaliberacion.org\/crpmlm\/wp-content\/uploads\/2025\/06\/CristinaBalcon.jpg?fit=900%2C473&ssl=1","contentUrl":"https:\/\/i0.wp.com\/vamosporlaliberacion.org\/crpmlm\/wp-content\/uploads\/2025\/06\/CristinaBalcon.jpg?fit=900%2C473&ssl=1","width":900,"height":473},{"@type":"BreadcrumbList","@id":"https:\/\/vamosporlaliberacion.org\/crpmlm\/la-proscripcion-de-cristina-la-oligarquia-y-sus-viejas-recetas\/#breadcrumb","itemListElement":[{"@type":"ListItem","position":1,"name":"Portada","item":"https:\/\/vamosporlaliberacion.org\/crpmlm\/"},{"@type":"ListItem","position":2,"name":"La proscripci\u00f3n de Cristina: la oligarqu\u00eda y sus viejas recetas"}]},{"@type":"WebSite","@id":"https:\/\/vamosporlaliberacion.org\/crpmlm\/#website","url":"https:\/\/vamosporlaliberacion.org\/crpmlm\/","name":"Vamos por la Liberaci\u00f3n","description":"Prensa CR","potentialAction":[{"@type":"SearchAction","target":{"@type":"EntryPoint","urlTemplate":"https:\/\/vamosporlaliberacion.org\/crpmlm\/?s={search_term_string}"},"query-input":{"@type":"PropertyValueSpecification","valueRequired":true,"valueName":"search_term_string"}}],"inLanguage":"es"},{"@type":"Person","@id":"https:\/\/vamosporlaliberacion.org\/crpmlm\/#\/schema\/person\/ebdbd4bf0e9418b9f0c0a93395366b2f","name":"Prensa Vamos","sameAs":["http:\/\/vamposporlaliberacion.org"],"url":"https:\/\/vamosporlaliberacion.org\/crpmlm\/author\/editor\/"}]}},"jetpack_featured_media_url":"https:\/\/i0.wp.com\/vamosporlaliberacion.org\/crpmlm\/wp-content\/uploads\/2025\/06\/CristinaBalcon.jpg?fit=900%2C473&ssl=1","jetpack_sharing_enabled":true,"_links":{"self":[{"href":"https:\/\/vamosporlaliberacion.org\/crpmlm\/wp-json\/wp\/v2\/posts\/28590","targetHints":{"allow":["GET"]}}],"collection":[{"href":"https:\/\/vamosporlaliberacion.org\/crpmlm\/wp-json\/wp\/v2\/posts"}],"about":[{"href":"https:\/\/vamosporlaliberacion.org\/crpmlm\/wp-json\/wp\/v2\/types\/post"}],"author":[{"embeddable":true,"href":"https:\/\/vamosporlaliberacion.org\/crpmlm\/wp-json\/wp\/v2\/users\/9"}],"replies":[{"embeddable":true,"href":"https:\/\/vamosporlaliberacion.org\/crpmlm\/wp-json\/wp\/v2\/comments?post=28590"}],"version-history":[{"count":6,"href":"https:\/\/vamosporlaliberacion.org\/crpmlm\/wp-json\/wp\/v2\/posts\/28590\/revisions"}],"predecessor-version":[{"id":28603,"href":"https:\/\/vamosporlaliberacion.org\/crpmlm\/wp-json\/wp\/v2\/posts\/28590\/revisions\/28603"}],"wp:featuredmedia":[{"embeddable":true,"href":"https:\/\/vamosporlaliberacion.org\/crpmlm\/wp-json\/wp\/v2\/media\/28595"}],"wp:attachment":[{"href":"https:\/\/vamosporlaliberacion.org\/crpmlm\/wp-json\/wp\/v2\/media?parent=28590"}],"wp:term":[{"taxonomy":"category","embeddable":true,"href":"https:\/\/vamosporlaliberacion.org\/crpmlm\/wp-json\/wp\/v2\/categories?post=28590"},{"taxonomy":"post_tag","embeddable":true,"href":"https:\/\/vamosporlaliberacion.org\/crpmlm\/wp-json\/wp\/v2\/tags?post=28590"}],"curies":[{"name":"wp","href":"https:\/\/api.w.org\/{rel}","templated":true}]}}