{"id":28510,"date":"2025-05-23T11:01:14","date_gmt":"2025-05-23T14:01:14","guid":{"rendered":"https:\/\/vamosporlaliberacion.org\/crpmlm\/?p=28510"},"modified":"2025-05-23T15:16:09","modified_gmt":"2025-05-23T18:16:09","slug":"tierra-del-fuego-en-pie-de-lucha","status":"publish","type":"post","link":"https:\/\/vamosporlaliberacion.org\/crpmlm\/tierra-del-fuego-en-pie-de-lucha\/","title":{"rendered":"Tierra del Fuego en pie de lucha"},"content":{"rendered":"\n<h2 class=\"wp-block-heading\"><strong>Todos somos Tierra del Fuego<\/strong><\/h2>\n\n\n\n<p><em>El pueblo de Tierra del Fuego <strong>se puso de pie junto a sus obreros<\/strong> en contra de los despidos que pueden producirse por<strong> la rebaja de los aranceles impositivos a los celulares y productos electr\u00f3nicos importados<\/strong>. El miercoles 21 se movilizaron masivamente ante la crisis de producci\u00f3n en la provincia que supone esta medida, que pone en evidencia los acuerdos del gobierno de Milei en la generaci\u00f3n de tierra liberada para la instalaci\u00f3n de la base yanqui. Y no se queda ah\u00ed, tambi\u00e9n aprestan la creaci\u00f3n de un comando represivo de todas las fuerzas de seguridad nacionales comandadas por Pato Bullrich, porque esto no cierra sin palos al pueblo.<\/em><\/p>\n\n\n\n<p>El proyecto productivo de Tierra del Fuego entendida como unidad estrat\u00e9gica del Atlantico Sur y la puerta de ingreso a la Ant\u00e1rtida, siempre tuvo como norte incentivar la industria para aumentar la poblaci\u00f3n, con el claro objetivo de defender la soberan\u00eda de una zona estrat\u00e9gica del mundo. La inclusi\u00f3n de Malvinas a esta provincia muestra a las claras est\u00e1 situaci\u00f3n. Es un proyecto para todos los argentinos, como expresaban el mi\u00e9rcoles muchos obreros metal\u00fargicos en huelga.<\/p>\n\n\n\n<div class=\"wp-block-jetpack-tiled-gallery aligncenter is-style-rectangular\"><div class=\"\"><div class=\"tiled-gallery__gallery\"><div class=\"tiled-gallery__row\"><div class=\"tiled-gallery__col\" style=\"flex-basis:45.97880%\"><figure class=\"tiled-gallery__item\"><img decoding=\"async\" srcset=\"https:\/\/i0.wp.com\/vamosporlaliberacion.org\/crpmlm\/wp-content\/uploads\/2025\/05\/conflictoTDFmayo2025-700x468.jpg?strip=info&#038;w=600 600w,https:\/\/i0.wp.com\/vamosporlaliberacion.org\/crpmlm\/wp-content\/uploads\/2025\/05\/conflictoTDFmayo2025-700x468.jpg?strip=info&#038;w=790 790w\" alt=\"\" data-height=\"528\" data-id=\"28518\" data-link=\"https:\/\/vamosporlaliberacion.org\/crpmlm\/?attachment_id=28518\" data-url=\"http:\/\/vamosporlaliberacion.org\/crpmlm\/wp-content\/uploads\/2025\/05\/conflictoTDFmayo2025-700x468.jpg\" data-width=\"790\" src=\"https:\/\/i0.wp.com\/vamosporlaliberacion.org\/crpmlm\/wp-content\/uploads\/2025\/05\/conflictoTDFmayo2025-700x468.jpg\" data-amp-layout=\"responsive\" tabindex=\"0\" role=\"button\" aria-label=\"Abrir la imagen 1 de 2 en pantalla completa\"\/><\/figure><\/div><div class=\"tiled-gallery__col\" style=\"flex-basis:54.02120%\"><figure class=\"tiled-gallery__item\"><img decoding=\"async\" srcset=\"https:\/\/i0.wp.com\/vamosporlaliberacion.org\/crpmlm\/wp-content\/uploads\/2025\/05\/conflictoTDFmayo2025-3-camioneros-700x398.jpg?strip=info&#038;w=600 600w,https:\/\/i0.wp.com\/vamosporlaliberacion.org\/crpmlm\/wp-content\/uploads\/2025\/05\/conflictoTDFmayo2025-3-camioneros-700x398.jpg?strip=info&#038;w=900 900w,https:\/\/i0.wp.com\/vamosporlaliberacion.org\/crpmlm\/wp-content\/uploads\/2025\/05\/conflictoTDFmayo2025-3-camioneros-700x398.jpg?strip=info&#038;w=999 999w\" alt=\"\" data-height=\"568\" data-id=\"28517\" data-link=\"https:\/\/vamosporlaliberacion.org\/crpmlm\/?attachment_id=28517\" data-url=\"http:\/\/vamosporlaliberacion.org\/crpmlm\/wp-content\/uploads\/2025\/05\/conflictoTDFmayo2025-3-camioneros-700x398.jpg\" data-width=\"999\" src=\"https:\/\/i0.wp.com\/vamosporlaliberacion.org\/crpmlm\/wp-content\/uploads\/2025\/05\/conflictoTDFmayo2025-3-camioneros-700x398.jpg\" data-amp-layout=\"responsive\" tabindex=\"0\" role=\"button\" aria-label=\"Abrir la imagen 2 de 2 en pantalla completa\"\/><\/figure><\/div><\/div><\/div><\/div><\/div>\n\n\n\n<pre class=\"wp-block-preformatted\"><em>Arriba fotos de UOM y Camioneros en la marha del 21\/5. Si bien la medida afectar\u00e1 a toda la isla, estos dos gremios ser\u00e1n los m\u00e1s afectados por las medidas de Milei<\/em>.<\/pre>\n\n\n\n<p>Durante a\u00f1os migraron trabajadores con y sin familia de todos los rincones de la Argentina. Hoy hay hijos y nietos nacidos en ese territorio el m\u00e1s austral del mundo. Lo habitan casi 200 mil personas, muy arraigados y dispuestos a combatir el compulsivo intento de entrega territorial y de nuestra soberan\u00eda por parte del Presidente Milei.<\/p>\n\n\n\n<p>Este ataque no es el primero. Durante los \u201890 se gener\u00f3 una enorme crisis social, que gener\u00f3 numerosas huelgas y manifestaciones. En una de ellas, la represi\u00f3n policial mat\u00f3 a un obrero salte\u00f1o, llamado Victor Choke transform\u00e1ndolo en bandera de lucha en esa \u00e9poca. Macri, como presidente volvi\u00f3 a la carga y ahora el gobierno de Milei realiza uno de los embates m\u00e1s grandes contra el r\u00e9gimen de promoci\u00f3n industrial en Tierra del Fuego que tiene m\u00e1s de 50 a\u00f1os, con la intenci\u00f3n de generar miles de despidos y migraci\u00f3n de familias enteras para limpiarle la zona al proyecto estrat\u00e9gico de EEUU, la OTAN e Israel.<\/p>\n\n\n<div class=\"wp-block-image\">\n<figure class=\"aligncenter size-large is-resized\"><img data-recalc-dims=\"1\" loading=\"lazy\" decoding=\"async\" width=\"696\" height=\"345\" src=\"https:\/\/i0.wp.com\/vamosporlaliberacion.org\/crpmlm\/wp-content\/uploads\/2025\/05\/conflictoTDFmayo2025-3-jefeComandoSur-700x347.jpg?resize=696%2C345\" alt=\"\" class=\"wp-image-28513\" style=\"width:591px;height:auto\" srcset=\"https:\/\/i0.wp.com\/vamosporlaliberacion.org\/crpmlm\/wp-content\/uploads\/2025\/05\/conflictoTDFmayo2025-3-jefeComandoSur.jpg?resize=700%2C347&amp;ssl=1 700w, https:\/\/i0.wp.com\/vamosporlaliberacion.org\/crpmlm\/wp-content\/uploads\/2025\/05\/conflictoTDFmayo2025-3-jefeComandoSur.jpg?resize=300%2C149&amp;ssl=1 300w, https:\/\/i0.wp.com\/vamosporlaliberacion.org\/crpmlm\/wp-content\/uploads\/2025\/05\/conflictoTDFmayo2025-3-jefeComandoSur.jpg?resize=768%2C381&amp;ssl=1 768w, https:\/\/i0.wp.com\/vamosporlaliberacion.org\/crpmlm\/wp-content\/uploads\/2025\/05\/conflictoTDFmayo2025-3-jefeComandoSur.jpg?resize=150%2C74&amp;ssl=1 150w, https:\/\/i0.wp.com\/vamosporlaliberacion.org\/crpmlm\/wp-content\/uploads\/2025\/05\/conflictoTDFmayo2025-3-jefeComandoSur.jpg?resize=696%2C345&amp;ssl=1 696w, https:\/\/i0.wp.com\/vamosporlaliberacion.org\/crpmlm\/wp-content\/uploads\/2025\/05\/conflictoTDFmayo2025-3-jefeComandoSur.jpg?resize=324%2C160&amp;ssl=1 324w, https:\/\/i0.wp.com\/vamosporlaliberacion.org\/crpmlm\/wp-content\/uploads\/2025\/05\/conflictoTDFmayo2025-3-jefeComandoSur.jpg?w=819&amp;ssl=1 819w\" sizes=\"auto, (max-width: 696px) 100vw, 696px\" \/><figcaption class=\"wp-element-caption\">El jefe del Comando Sur de EEUU, Almirante de la Marina Alvin Holsey, en la tierra de Ushuaia donde pretenden la base militar yanqui.<\/figcaption><\/figure>\n<\/div>\n\n\n<p>Que vivan del turismo y la pesca o se dediquen a otra cosa dijo a los medios Milei con cero empat\u00eda y sin crear ni un puesto de trabajo en ninguna regi\u00f3n porque su pol\u00edtica es de extraccionismo feroz, destrucci\u00f3n de la industria y fuga de capitales con la bicicleta finaciera.<\/p>\n\n\n\n<p>En una seguidilla de actos antipopulares, se dio casi en simult\u00e1neo la aprobaci\u00f3n del pr\u00e9stamo del FMI, la presencia del jefe del Comando Sur estadounidense, que tambi\u00e9n estuvo en Malvinas, y la rebaja de aranceles a los electr\u00f3nicos importados. Una jugada que bien puede interpretarse como cl\u00e1usula del acuerdo antipopular y de entrega con el FMI.<\/p>\n\n\n\n<p>Horacio Catena, Secretario General del SUTEF, sindicato docente de Tierra del Fuego que encabez\u00f3 las columnas en R\u00edo Grande, explic\u00f3 en el programa BT China de Radio con Vos, <strong>que el proyecto territorial ten\u00eda tres patas. El r\u00e9gimen industrial, el paso por aguas argentinas y la construcci\u00f3n de una base militar a lo que se sum\u00f3 la construcci\u00f3n de un puerto log\u00edstico en R\u00edo Grande<\/strong>. Varias de estas cuestiones no se concretaron. Partiendo de que sus propuestas siempre fueron de crecimiento de la matriz productiva y de la investigaci\u00f3nen ciencia y t\u00e9cnica, respondiendo a la pregunta de que ser\u00edan pocos los despidos como dice el gobierno, consider\u00f3 que m\u00e1s de 10000 despidos es una cantidad muy considerable para una ciudad como R\u00edo Grande. Tambi\u00e9n expres\u00f3 la necesidad del desarrollo de una industria electr\u00f3nica nacional, a la que consideran como estrat\u00e9gica. No es reemplazar el r\u00e9gimen industrial sino ampliarlo.<\/p>\n\n\n\n<p>Respondiendo al tema de la pesca, dijo que la misma a sido desalentada y han entregado el Atl\u00e1ntico sur y la pesca de altura a lo japoneses, rusos, a los chinos y tiene que ver mucho con lo que pasa en Malvinas y no es extra\u00f1o porque lo poco que hab\u00eda de pesca en Tierra del Fuego fue destruido en los a\u00f1os 90. El turismo no puede reemplazar los empleos que genera la industria. En esto se refiri\u00f3 tambi\u00e9n que hasta los noventa mucha gente iba y ven\u00eda de la isla porque ten\u00edan un norte, desde hace mucho tiempo, eso ya no ocurre, hay arraigo de generaciones. \u201cHoy nuestros hijos no tienen un norte\u201d fuera de la isla.<\/p>\n\n\n\n<p>Horacio se refiri\u00f3 a las movilizaciones del mi\u00e9rcoles 21 como \u201cImpresionantes\u201d, \u201cimpactantes\u201d y \u201cemocionantes\u201d y que \u201ctrascendieron lo sindical\u201d. Apoyaron los comerciantes medianos y chicos. Hubo una gran unidad de \u201cconcepci\u00f3n\u201d, es \u201cindustria, es tecnolog\u00eda, pero tambi\u00e9n es soberan\u00eda\u201d y con esto \u201cda un salto cultural en la batalla que nos impone el gobierno\u201d.<\/p>\n\n\n\n<p>Expres\u00f3 que la lucha va a continuar, el pueblo de Tierra del Fuego tiene experiencia y no se va a entregar, no va a entregar la soberan\u00eda ni la industria. Reafirmando esto, se refiri\u00f3 diciendo que es un pueblo que ha resistido al menemismo, el macrismo y la desmalvinizaci\u00f3n y la importancia de los ex combatientes, historia que subestima el gobierno de Milei.<\/p>\n\n\n\n<div class=\"wp-block-jetpack-tiled-gallery aligncenter is-style-rectangular\"><div class=\"\"><div class=\"tiled-gallery__gallery\"><div class=\"tiled-gallery__row\"><div class=\"tiled-gallery__col\" style=\"flex-basis:48.18601%\"><figure class=\"tiled-gallery__item\"><img decoding=\"async\" srcset=\"https:\/\/i0.wp.com\/vamosporlaliberacion.org\/crpmlm\/wp-content\/uploads\/2025\/05\/conflictoTDFmayo2025-3-palco-700x389.jpg?strip=info&#038;w=600 600w,https:\/\/i0.wp.com\/vamosporlaliberacion.org\/crpmlm\/wp-content\/uploads\/2025\/05\/conflictoTDFmayo2025-3-palco-700x389.jpg?strip=info&#038;w=718 718w\" alt=\"\" data-height=\"399\" data-id=\"28516\" data-link=\"https:\/\/vamosporlaliberacion.org\/crpmlm\/?attachment_id=28516\" data-url=\"http:\/\/vamosporlaliberacion.org\/crpmlm\/wp-content\/uploads\/2025\/05\/conflictoTDFmayo2025-3-palco-700x389.jpg\" data-width=\"718\" src=\"https:\/\/i0.wp.com\/vamosporlaliberacion.org\/crpmlm\/wp-content\/uploads\/2025\/05\/conflictoTDFmayo2025-3-palco-700x389.jpg\" data-amp-layout=\"responsive\" tabindex=\"0\" role=\"button\" aria-label=\"Abrir la imagen 1 de 2 en pantalla completa\"\/><\/figure><\/div><div class=\"tiled-gallery__col\" style=\"flex-basis:51.81399%\"><figure class=\"tiled-gallery__item\"><img decoding=\"async\" srcset=\"https:\/\/i0.wp.com\/vamosporlaliberacion.org\/crpmlm\/wp-content\/uploads\/2025\/05\/conflictoTDFmayo2025-3-catena-700x362.jpg?strip=info&#038;w=600 600w,https:\/\/i0.wp.com\/vamosporlaliberacion.org\/crpmlm\/wp-content\/uploads\/2025\/05\/conflictoTDFmayo2025-3-catena-700x362.jpg?strip=info&#038;w=720 720w\" alt=\"\" data-height=\"372\" data-id=\"28515\" data-link=\"https:\/\/vamosporlaliberacion.org\/crpmlm\/?attachment_id=28515\" data-url=\"http:\/\/vamosporlaliberacion.org\/crpmlm\/wp-content\/uploads\/2025\/05\/conflictoTDFmayo2025-3-catena-700x362.jpg\" data-width=\"720\" src=\"https:\/\/i0.wp.com\/vamosporlaliberacion.org\/crpmlm\/wp-content\/uploads\/2025\/05\/conflictoTDFmayo2025-3-catena-700x362.jpg\" data-amp-layout=\"responsive\" tabindex=\"0\" role=\"button\" aria-label=\"Abrir la imagen 2 de 2 en pantalla completa\"\/><\/figure><\/div><\/div><\/div><\/div><\/div>\n\n\n\n<p><em>Arriba, el palco de la enorme movilizaci\u00f3n del 21\/5 con dirigentes de todo el pa\u00eds. A la derecha el Secretario General del SUTEF, Horacio Catena.<\/em><\/p>\n\n\n\n<p>\u201c<em><strong>El conflicto va a radicalizarse, y van a tener que buscar una soluci\u00f3n para este problema, pero nos ha dejado bien posicionados para discutir los temas estrat\u00e9gicos\u2026\u201d <\/strong><\/em>dijo a Jairo Straccia en su programa del jueves muy tempranito.<\/p>\n\n\n\n<p>Est\u00e1 semana, y como nada sacia el esp\u00edritu antipopular del \u201cJavo\u201d Milei, firm\u00f3 un decreto limitando el derecho a huelga para trabajadores de servicios esenciales, con tanta amplitud, que casi todo es escencial. Seguro lo hizo mirando la huelga metal\u00fargica de Tierra del Fuego.<\/p>\n\n\n\n<p>Refiri\u00e9ndose a esto, Catena expres\u00f3, \u201c<em><strong>Lo esencial es la inversi\u00f3n en el sistema educativo, no el cercenamiento del derecho de huelga<\/strong><\/em>\u00ab<\/p>\n\n\n\n<p>El gobierno nacional disfruta quitando derechos y entregando nuestro territorio. Disfruta que los narcos laven dinero y que los barcos extranjeros hagan lo que quieran en <strong>nuestra<\/strong> hidrov\u00eda del R\u00edo Paran\u00e1. No toca el m\u00e1s m\u00ednimo inter\u00e9s de los poderosos internos o externos. A nuestro pueblo le hace falta que baje el precio de los alimentos, la rebaja al IVA de los mismos ser\u00eda una soluci\u00f3n, como as\u00ed tambi\u00e9n a la tecnolog\u00eda en comunicaciones y los servicios, no la baja de aranceles a productos importados.<\/p>\n\n\n<div class=\"wp-block-image\">\n<figure class=\"aligncenter size-large is-resized\"><img data-recalc-dims=\"1\" loading=\"lazy\" decoding=\"async\" width=\"696\" height=\"312\" src=\"https:\/\/i0.wp.com\/vamosporlaliberacion.org\/crpmlm\/wp-content\/uploads\/2025\/04\/MileiGergievaCaputo-abrazo-2-700x314.jpg?resize=696%2C312\" alt=\"\" class=\"wp-image-28451\" style=\"width:504px;height:auto\" srcset=\"https:\/\/i0.wp.com\/vamosporlaliberacion.org\/crpmlm\/wp-content\/uploads\/2025\/04\/MileiGergievaCaputo-abrazo-2.jpg?resize=700%2C314&amp;ssl=1 700w, https:\/\/i0.wp.com\/vamosporlaliberacion.org\/crpmlm\/wp-content\/uploads\/2025\/04\/MileiGergievaCaputo-abrazo-2.jpg?resize=300%2C135&amp;ssl=1 300w, https:\/\/i0.wp.com\/vamosporlaliberacion.org\/crpmlm\/wp-content\/uploads\/2025\/04\/MileiGergievaCaputo-abrazo-2.jpg?resize=768%2C345&amp;ssl=1 768w, https:\/\/i0.wp.com\/vamosporlaliberacion.org\/crpmlm\/wp-content\/uploads\/2025\/04\/MileiGergievaCaputo-abrazo-2.jpg?resize=150%2C67&amp;ssl=1 150w, https:\/\/i0.wp.com\/vamosporlaliberacion.org\/crpmlm\/wp-content\/uploads\/2025\/04\/MileiGergievaCaputo-abrazo-2.jpg?resize=696%2C313&amp;ssl=1 696w, https:\/\/i0.wp.com\/vamosporlaliberacion.org\/crpmlm\/wp-content\/uploads\/2025\/04\/MileiGergievaCaputo-abrazo-2.jpg?resize=935%2C420&amp;ssl=1 935w, https:\/\/i0.wp.com\/vamosporlaliberacion.org\/crpmlm\/wp-content\/uploads\/2025\/04\/MileiGergievaCaputo-abrazo-2.jpg?w=1011&amp;ssl=1 1011w\" sizes=\"auto, (max-width: 696px) 100vw, 696px\" \/><\/figure>\n<\/div>\n\n\n<p>Los beneficiados por este nefasto plan Milei-Caputo-FMI son un pu\u00f1ado de ricos. Un impuesto a la riqueza a estos, para invertir en educaci\u00f3n, salud, ciencia y t\u00e9cnica para nuestro pueblo es muy necesario en los tiempos que corren con tanta pobreza. No s\u00e9 pueden perder mas puestos de trabajo, ni territorio soberano en manos del imperialismo que sea.<\/p>\n\n\n\n<p><strong>A esta pol\u00edtica de entrega se la combate en las calles y en cada territorio!!<\/strong><\/p>\n\n\n\n<h2 class=\"wp-block-heading has-text-align-center\"><strong>Viva la lucha del pueblo de Tierra del Fuego!!!<\/strong><\/h2>\n\n\n\n<p>Compartimos el comunica del SUTEF sobre el decreto de Gobierno nacional.<\/p>\n\n\n\n<figure class=\"wp-block-embed is-type-rich is-provider-instagram wp-block-embed-instagram\"><div class=\"wp-block-embed__wrapper\">\n<blockquote class=\"instagram-media\" data-instgrm-captioned data-instgrm-permalink=\"https:\/\/www.instagram.com\/p\/DJ4RaDaRgMY\/?utm_source=ig_embed&amp;utm_campaign=loading\" data-instgrm-version=\"14\" style=\" background:#FFF; border:0; border-radius:3px; box-shadow:0 0 1px 0 rgba(0,0,0,0.5),0 1px 10px 0 rgba(0,0,0,0.15); margin: 1px; max-width:658px; min-width:326px; padding:0; width:99.375%; width:-webkit-calc(100% - 2px); width:calc(100% - 2px);\"><div style=\"padding:16px;\"> <a href=\"https:\/\/www.instagram.com\/p\/DJ4RaDaRgMY\/?utm_source=ig_embed&amp;utm_campaign=loading\" style=\" background:#FFFFFF; line-height:0; padding:0 0; text-align:center; text-decoration:none; width:100%;\" target=\"_blank\"> <div style=\" display: flex; flex-direction: row; align-items: center;\"> <div style=\"background-color: #F4F4F4; border-radius: 50%; flex-grow: 0; height: 40px; margin-right: 14px; width: 40px;\"><\/div> <div style=\"display: flex; flex-direction: column; flex-grow: 1; justify-content: center;\"> <div style=\" background-color: #F4F4F4; border-radius: 4px; flex-grow: 0; height: 14px; margin-bottom: 6px; width: 100px;\"><\/div> <div style=\" background-color: #F4F4F4; border-radius: 4px; flex-grow: 0; height: 14px; width: 60px;\"><\/div><\/div><\/div><div style=\"padding: 19% 0;\"><\/div> <div style=\"display:block; height:50px; margin:0 auto 12px; width:50px;\"><svg width=\"50px\" height=\"50px\" viewBox=\"0 0 60 60\" version=\"1.1\" xmlns=\"https:\/\/www.w3.org\/2000\/svg\" xmlns:xlink=\"https:\/\/www.w3.org\/1999\/xlink\"><g stroke=\"none\" stroke-width=\"1\" fill=\"none\" fill-rule=\"evenodd\"><g transform=\"translate(-511.000000, -20.000000)\" fill=\"#000000\"><g><path d=\"M556.869,30.41 C554.814,30.41 553.148,32.076 553.148,34.131 C553.148,36.186 554.814,37.852 556.869,37.852 C558.924,37.852 560.59,36.186 560.59,34.131 C560.59,32.076 558.924,30.41 556.869,30.41 M541,60.657 C535.114,60.657 530.342,55.887 530.342,50 C530.342,44.114 535.114,39.342 541,39.342 C546.887,39.342 551.658,44.114 551.658,50 C551.658,55.887 546.887,60.657 541,60.657 M541,33.886 C532.1,33.886 524.886,41.1 524.886,50 C524.886,58.899 532.1,66.113 541,66.113 C549.9,66.113 557.115,58.899 557.115,50 C557.115,41.1 549.9,33.886 541,33.886 M565.378,62.101 C565.244,65.022 564.756,66.606 564.346,67.663 C563.803,69.06 563.154,70.057 562.106,71.106 C561.058,72.155 560.06,72.803 558.662,73.347 C557.607,73.757 556.021,74.244 553.102,74.378 C549.944,74.521 548.997,74.552 541,74.552 C533.003,74.552 532.056,74.521 528.898,74.378 C525.979,74.244 524.393,73.757 523.338,73.347 C521.94,72.803 520.942,72.155 519.894,71.106 C518.846,70.057 518.197,69.06 517.654,67.663 C517.244,66.606 516.755,65.022 516.623,62.101 C516.479,58.943 516.448,57.996 516.448,50 C516.448,42.003 516.479,41.056 516.623,37.899 C516.755,34.978 517.244,33.391 517.654,32.338 C518.197,30.938 518.846,29.942 519.894,28.894 C520.942,27.846 521.94,27.196 523.338,26.654 C524.393,26.244 525.979,25.756 528.898,25.623 C532.057,25.479 533.004,25.448 541,25.448 C548.997,25.448 549.943,25.479 553.102,25.623 C556.021,25.756 557.607,26.244 558.662,26.654 C560.06,27.196 561.058,27.846 562.106,28.894 C563.154,29.942 563.803,30.938 564.346,32.338 C564.756,33.391 565.244,34.978 565.378,37.899 C565.522,41.056 565.552,42.003 565.552,50 C565.552,57.996 565.522,58.943 565.378,62.101 M570.82,37.631 C570.674,34.438 570.167,32.258 569.425,30.349 C568.659,28.377 567.633,26.702 565.965,25.035 C564.297,23.368 562.623,22.342 560.652,21.575 C558.743,20.834 556.562,20.326 553.369,20.18 C550.169,20.033 549.148,20 541,20 C532.853,20 531.831,20.033 528.631,20.18 C525.438,20.326 523.257,20.834 521.349,21.575 C519.376,22.342 517.703,23.368 516.035,25.035 C514.368,26.702 513.342,28.377 512.574,30.349 C511.834,32.258 511.326,34.438 511.181,37.631 C511.035,40.831 511,41.851 511,50 C511,58.147 511.035,59.17 511.181,62.369 C511.326,65.562 511.834,67.743 512.574,69.651 C513.342,71.625 514.368,73.296 516.035,74.965 C517.703,76.634 519.376,77.658 521.349,78.425 C523.257,79.167 525.438,79.673 528.631,79.82 C531.831,79.965 532.853,80.001 541,80.001 C549.148,80.001 550.169,79.965 553.369,79.82 C556.562,79.673 558.743,79.167 560.652,78.425 C562.623,77.658 564.297,76.634 565.965,74.965 C567.633,73.296 568.659,71.625 569.425,69.651 C570.167,67.743 570.674,65.562 570.82,62.369 C570.966,59.17 571,58.147 571,50 C571,41.851 570.966,40.831 570.82,37.631\"><\/path><\/g><\/g><\/g><\/svg><\/div><div style=\"padding-top: 8px;\"> <div style=\" color:#3897f0; font-family:Arial,sans-serif; font-size:14px; font-style:normal; font-weight:550; line-height:18px;\">View this post on Instagram<\/div><\/div><div style=\"padding: 12.5% 0;\"><\/div> <div style=\"display: flex; flex-direction: row; margin-bottom: 14px; align-items: center;\"><div> <div style=\"background-color: #F4F4F4; border-radius: 50%; height: 12.5px; width: 12.5px; transform: translateX(0px) translateY(7px);\"><\/div> <div style=\"background-color: #F4F4F4; height: 12.5px; transform: rotate(-45deg) translateX(3px) translateY(1px); width: 12.5px; flex-grow: 0; margin-right: 14px; margin-left: 2px;\"><\/div> <div style=\"background-color: #F4F4F4; border-radius: 50%; height: 12.5px; width: 12.5px; transform: translateX(9px) translateY(-18px);\"><\/div><\/div><div style=\"margin-left: 8px;\"> <div style=\" background-color: #F4F4F4; border-radius: 50%; flex-grow: 0; height: 20px; width: 20px;\"><\/div> <div style=\" width: 0; height: 0; border-top: 2px solid transparent; border-left: 6px solid #f4f4f4; border-bottom: 2px solid transparent; transform: translateX(16px) translateY(-4px) rotate(30deg)\"><\/div><\/div><div style=\"margin-left: auto;\"> <div style=\" width: 0px; border-top: 8px solid #F4F4F4; border-right: 8px solid transparent; transform: translateY(16px);\"><\/div> <div style=\" background-color: #F4F4F4; flex-grow: 0; height: 12px; width: 16px; transform: translateY(-4px);\"><\/div> <div style=\" width: 0; height: 0; border-top: 8px solid #F4F4F4; border-left: 8px solid transparent; transform: translateY(-4px) translateX(8px);\"><\/div><\/div><\/div> <div style=\"display: flex; flex-direction: column; flex-grow: 1; justify-content: center; margin-bottom: 24px;\"> <div style=\" background-color: #F4F4F4; border-radius: 4px; flex-grow: 0; height: 14px; margin-bottom: 6px; width: 224px;\"><\/div> <div style=\" background-color: #F4F4F4; border-radius: 4px; flex-grow: 0; height: 14px; width: 144px;\"><\/div><\/div><\/a><p style=\" color:#c9c8cd; font-family:Arial,sans-serif; font-size:14px; line-height:17px; margin-bottom:0; margin-top:8px; overflow:hidden; padding:8px 0 7px; text-align:center; text-overflow:ellipsis; white-space:nowrap;\"><a href=\"https:\/\/www.instagram.com\/p\/DJ4RaDaRgMY\/?utm_source=ig_embed&amp;utm_campaign=loading\" style=\" color:#c9c8cd; font-family:Arial,sans-serif; font-size:14px; font-style:normal; font-weight:normal; line-height:17px; text-decoration:none;\" target=\"_blank\">A post shared by SUTEF (@sutefprensa)<\/a><\/p><\/div><\/blockquote><script async src=\"\/\/platform.instagram.com\/en_US\/embeds.js\"><\/script>\n<\/div><\/figure>\n<!-- AddThis Advanced Settings generic via filter on the_content --><!-- AddThis Share Buttons generic via filter on the_content -->","protected":false},"excerpt":{"rendered":"<p>Todos somos Tierra del Fuego El pueblo de Tierra del Fuego se puso de pie junto a sus obreros en contra de los despidos que pueden producirse por la rebaja de los aranceles impositivos a los celulares y productos electr\u00f3nicos importados. El miercoles 21 se movilizaron masivamente ante la crisis de producci\u00f3n en la provincia [&hellip;]<!-- AddThis Advanced Settings generic via filter on get_the_excerpt --><!-- AddThis Share Buttons generic via filter on get_the_excerpt --><\/p>\n","protected":false},"author":9,"featured_media":28511,"comment_status":"closed","ping_status":"closed","sticky":false,"template":"","format":"standard","meta":{"_jetpack_memberships_contains_paid_content":false,"footnotes":""},"categories":[1881,1699],"tags":[],"class_list":{"0":"post-28510","1":"post","2":"type-post","3":"status-publish","4":"format-standard","5":"has-post-thumbnail","7":"category-editoriales","8":"category-noticias"},"yoast_head":"<!-- This site is optimized with the Yoast SEO plugin v27.4 - https:\/\/yoast.com\/product\/yoast-seo-wordpress\/ -->\n<title>Tierra del Fuego en pie de lucha - Vamos por la Liberaci\u00f3n<\/title>\n<meta name=\"robots\" content=\"index, follow, max-snippet:-1, max-image-preview:large, max-video-preview:-1\" \/>\n<link rel=\"canonical\" href=\"https:\/\/vamosporlaliberacion.org\/crpmlm\/tierra-del-fuego-en-pie-de-lucha\/\" \/>\n<meta name=\"twitter:label1\" content=\"Escrito por\" \/>\n\t<meta name=\"twitter:data1\" content=\"Prensa Vamos\" \/>\n\t<meta name=\"twitter:label2\" content=\"Tiempo de lectura\" \/>\n\t<meta name=\"twitter:data2\" content=\"7 minutos\" \/>\n<script type=\"application\/ld+json\" class=\"yoast-schema-graph\">{\"@context\":\"https:\\\/\\\/schema.org\",\"@graph\":[{\"@type\":\"Article\",\"@id\":\"https:\\\/\\\/vamosporlaliberacion.org\\\/crpmlm\\\/tierra-del-fuego-en-pie-de-lucha\\\/#article\",\"isPartOf\":{\"@id\":\"https:\\\/\\\/vamosporlaliberacion.org\\\/crpmlm\\\/tierra-del-fuego-en-pie-de-lucha\\\/\"},\"author\":{\"name\":\"Prensa Vamos\",\"@id\":\"https:\\\/\\\/vamosporlaliberacion.org\\\/crpmlm\\\/#\\\/schema\\\/person\\\/ebdbd4bf0e9418b9f0c0a93395366b2f\"},\"headline\":\"Tierra del Fuego en pie de lucha\",\"datePublished\":\"2025-05-23T14:01:14+00:00\",\"dateModified\":\"2025-05-23T18:16:09+00:00\",\"mainEntityOfPage\":{\"@id\":\"https:\\\/\\\/vamosporlaliberacion.org\\\/crpmlm\\\/tierra-del-fuego-en-pie-de-lucha\\\/\"},\"wordCount\":1271,\"image\":{\"@id\":\"https:\\\/\\\/vamosporlaliberacion.org\\\/crpmlm\\\/tierra-del-fuego-en-pie-de-lucha\\\/#primaryimage\"},\"thumbnailUrl\":\"https:\\\/\\\/i0.wp.com\\\/vamosporlaliberacion.org\\\/crpmlm\\\/wp-content\\\/uploads\\\/2025\\\/05\\\/conflictoTDFmayo2025-3-MarchaTapa.jpg?fit=1213%2C378&ssl=1\",\"articleSection\":[\"Editoriales\",\"Noticias\"],\"inLanguage\":\"es\"},{\"@type\":\"WebPage\",\"@id\":\"https:\\\/\\\/vamosporlaliberacion.org\\\/crpmlm\\\/tierra-del-fuego-en-pie-de-lucha\\\/\",\"url\":\"https:\\\/\\\/vamosporlaliberacion.org\\\/crpmlm\\\/tierra-del-fuego-en-pie-de-lucha\\\/\",\"name\":\"Tierra del Fuego en pie de lucha - Vamos por la Liberaci\u00f3n\",\"isPartOf\":{\"@id\":\"https:\\\/\\\/vamosporlaliberacion.org\\\/crpmlm\\\/#website\"},\"primaryImageOfPage\":{\"@id\":\"https:\\\/\\\/vamosporlaliberacion.org\\\/crpmlm\\\/tierra-del-fuego-en-pie-de-lucha\\\/#primaryimage\"},\"image\":{\"@id\":\"https:\\\/\\\/vamosporlaliberacion.org\\\/crpmlm\\\/tierra-del-fuego-en-pie-de-lucha\\\/#primaryimage\"},\"thumbnailUrl\":\"https:\\\/\\\/i0.wp.com\\\/vamosporlaliberacion.org\\\/crpmlm\\\/wp-content\\\/uploads\\\/2025\\\/05\\\/conflictoTDFmayo2025-3-MarchaTapa.jpg?fit=1213%2C378&ssl=1\",\"datePublished\":\"2025-05-23T14:01:14+00:00\",\"dateModified\":\"2025-05-23T18:16:09+00:00\",\"author\":{\"@id\":\"https:\\\/\\\/vamosporlaliberacion.org\\\/crpmlm\\\/#\\\/schema\\\/person\\\/ebdbd4bf0e9418b9f0c0a93395366b2f\"},\"breadcrumb\":{\"@id\":\"https:\\\/\\\/vamosporlaliberacion.org\\\/crpmlm\\\/tierra-del-fuego-en-pie-de-lucha\\\/#breadcrumb\"},\"inLanguage\":\"es\",\"potentialAction\":[{\"@type\":\"ReadAction\",\"target\":[\"https:\\\/\\\/vamosporlaliberacion.org\\\/crpmlm\\\/tierra-del-fuego-en-pie-de-lucha\\\/\"]}]},{\"@type\":\"ImageObject\",\"inLanguage\":\"es\",\"@id\":\"https:\\\/\\\/vamosporlaliberacion.org\\\/crpmlm\\\/tierra-del-fuego-en-pie-de-lucha\\\/#primaryimage\",\"url\":\"https:\\\/\\\/i0.wp.com\\\/vamosporlaliberacion.org\\\/crpmlm\\\/wp-content\\\/uploads\\\/2025\\\/05\\\/conflictoTDFmayo2025-3-MarchaTapa.jpg?fit=1213%2C378&ssl=1\",\"contentUrl\":\"https:\\\/\\\/i0.wp.com\\\/vamosporlaliberacion.org\\\/crpmlm\\\/wp-content\\\/uploads\\\/2025\\\/05\\\/conflictoTDFmayo2025-3-MarchaTapa.jpg?fit=1213%2C378&ssl=1\",\"width\":1213,\"height\":378},{\"@type\":\"BreadcrumbList\",\"@id\":\"https:\\\/\\\/vamosporlaliberacion.org\\\/crpmlm\\\/tierra-del-fuego-en-pie-de-lucha\\\/#breadcrumb\",\"itemListElement\":[{\"@type\":\"ListItem\",\"position\":1,\"name\":\"Portada\",\"item\":\"https:\\\/\\\/vamosporlaliberacion.org\\\/crpmlm\\\/\"},{\"@type\":\"ListItem\",\"position\":2,\"name\":\"Tierra del Fuego en pie de lucha\"}]},{\"@type\":\"WebSite\",\"@id\":\"https:\\\/\\\/vamosporlaliberacion.org\\\/crpmlm\\\/#website\",\"url\":\"https:\\\/\\\/vamosporlaliberacion.org\\\/crpmlm\\\/\",\"name\":\"Vamos por la Liberaci\u00f3n\",\"description\":\"Prensa CR\",\"potentialAction\":[{\"@type\":\"SearchAction\",\"target\":{\"@type\":\"EntryPoint\",\"urlTemplate\":\"https:\\\/\\\/vamosporlaliberacion.org\\\/crpmlm\\\/?s={search_term_string}\"},\"query-input\":{\"@type\":\"PropertyValueSpecification\",\"valueRequired\":true,\"valueName\":\"search_term_string\"}}],\"inLanguage\":\"es\"},{\"@type\":\"Person\",\"@id\":\"https:\\\/\\\/vamosporlaliberacion.org\\\/crpmlm\\\/#\\\/schema\\\/person\\\/ebdbd4bf0e9418b9f0c0a93395366b2f\",\"name\":\"Prensa Vamos\",\"sameAs\":[\"http:\\\/\\\/vamposporlaliberacion.org\"],\"url\":\"https:\\\/\\\/vamosporlaliberacion.org\\\/crpmlm\\\/author\\\/editor\\\/\"}]}<\/script>\n<!-- \/ Yoast SEO plugin. -->","yoast_head_json":{"title":"Tierra del Fuego en pie de lucha - Vamos por la Liberaci\u00f3n","robots":{"index":"index","follow":"follow","max-snippet":"max-snippet:-1","max-image-preview":"max-image-preview:large","max-video-preview":"max-video-preview:-1"},"canonical":"https:\/\/vamosporlaliberacion.org\/crpmlm\/tierra-del-fuego-en-pie-de-lucha\/","twitter_misc":{"Escrito por":"Prensa Vamos","Tiempo de lectura":"7 minutos"},"schema":{"@context":"https:\/\/schema.org","@graph":[{"@type":"Article","@id":"https:\/\/vamosporlaliberacion.org\/crpmlm\/tierra-del-fuego-en-pie-de-lucha\/#article","isPartOf":{"@id":"https:\/\/vamosporlaliberacion.org\/crpmlm\/tierra-del-fuego-en-pie-de-lucha\/"},"author":{"name":"Prensa Vamos","@id":"https:\/\/vamosporlaliberacion.org\/crpmlm\/#\/schema\/person\/ebdbd4bf0e9418b9f0c0a93395366b2f"},"headline":"Tierra del Fuego en pie de lucha","datePublished":"2025-05-23T14:01:14+00:00","dateModified":"2025-05-23T18:16:09+00:00","mainEntityOfPage":{"@id":"https:\/\/vamosporlaliberacion.org\/crpmlm\/tierra-del-fuego-en-pie-de-lucha\/"},"wordCount":1271,"image":{"@id":"https:\/\/vamosporlaliberacion.org\/crpmlm\/tierra-del-fuego-en-pie-de-lucha\/#primaryimage"},"thumbnailUrl":"https:\/\/i0.wp.com\/vamosporlaliberacion.org\/crpmlm\/wp-content\/uploads\/2025\/05\/conflictoTDFmayo2025-3-MarchaTapa.jpg?fit=1213%2C378&ssl=1","articleSection":["Editoriales","Noticias"],"inLanguage":"es"},{"@type":"WebPage","@id":"https:\/\/vamosporlaliberacion.org\/crpmlm\/tierra-del-fuego-en-pie-de-lucha\/","url":"https:\/\/vamosporlaliberacion.org\/crpmlm\/tierra-del-fuego-en-pie-de-lucha\/","name":"Tierra del Fuego en pie de lucha - Vamos por la Liberaci\u00f3n","isPartOf":{"@id":"https:\/\/vamosporlaliberacion.org\/crpmlm\/#website"},"primaryImageOfPage":{"@id":"https:\/\/vamosporlaliberacion.org\/crpmlm\/tierra-del-fuego-en-pie-de-lucha\/#primaryimage"},"image":{"@id":"https:\/\/vamosporlaliberacion.org\/crpmlm\/tierra-del-fuego-en-pie-de-lucha\/#primaryimage"},"thumbnailUrl":"https:\/\/i0.wp.com\/vamosporlaliberacion.org\/crpmlm\/wp-content\/uploads\/2025\/05\/conflictoTDFmayo2025-3-MarchaTapa.jpg?fit=1213%2C378&ssl=1","datePublished":"2025-05-23T14:01:14+00:00","dateModified":"2025-05-23T18:16:09+00:00","author":{"@id":"https:\/\/vamosporlaliberacion.org\/crpmlm\/#\/schema\/person\/ebdbd4bf0e9418b9f0c0a93395366b2f"},"breadcrumb":{"@id":"https:\/\/vamosporlaliberacion.org\/crpmlm\/tierra-del-fuego-en-pie-de-lucha\/#breadcrumb"},"inLanguage":"es","potentialAction":[{"@type":"ReadAction","target":["https:\/\/vamosporlaliberacion.org\/crpmlm\/tierra-del-fuego-en-pie-de-lucha\/"]}]},{"@type":"ImageObject","inLanguage":"es","@id":"https:\/\/vamosporlaliberacion.org\/crpmlm\/tierra-del-fuego-en-pie-de-lucha\/#primaryimage","url":"https:\/\/i0.wp.com\/vamosporlaliberacion.org\/crpmlm\/wp-content\/uploads\/2025\/05\/conflictoTDFmayo2025-3-MarchaTapa.jpg?fit=1213%2C378&ssl=1","contentUrl":"https:\/\/i0.wp.com\/vamosporlaliberacion.org\/crpmlm\/wp-content\/uploads\/2025\/05\/conflictoTDFmayo2025-3-MarchaTapa.jpg?fit=1213%2C378&ssl=1","width":1213,"height":378},{"@type":"BreadcrumbList","@id":"https:\/\/vamosporlaliberacion.org\/crpmlm\/tierra-del-fuego-en-pie-de-lucha\/#breadcrumb","itemListElement":[{"@type":"ListItem","position":1,"name":"Portada","item":"https:\/\/vamosporlaliberacion.org\/crpmlm\/"},{"@type":"ListItem","position":2,"name":"Tierra del Fuego en pie de lucha"}]},{"@type":"WebSite","@id":"https:\/\/vamosporlaliberacion.org\/crpmlm\/#website","url":"https:\/\/vamosporlaliberacion.org\/crpmlm\/","name":"Vamos por la Liberaci\u00f3n","description":"Prensa CR","potentialAction":[{"@type":"SearchAction","target":{"@type":"EntryPoint","urlTemplate":"https:\/\/vamosporlaliberacion.org\/crpmlm\/?s={search_term_string}"},"query-input":{"@type":"PropertyValueSpecification","valueRequired":true,"valueName":"search_term_string"}}],"inLanguage":"es"},{"@type":"Person","@id":"https:\/\/vamosporlaliberacion.org\/crpmlm\/#\/schema\/person\/ebdbd4bf0e9418b9f0c0a93395366b2f","name":"Prensa Vamos","sameAs":["http:\/\/vamposporlaliberacion.org"],"url":"https:\/\/vamosporlaliberacion.org\/crpmlm\/author\/editor\/"}]}},"jetpack_featured_media_url":"https:\/\/i0.wp.com\/vamosporlaliberacion.org\/crpmlm\/wp-content\/uploads\/2025\/05\/conflictoTDFmayo2025-3-MarchaTapa.jpg?fit=1213%2C378&ssl=1","jetpack_sharing_enabled":true,"_links":{"self":[{"href":"https:\/\/vamosporlaliberacion.org\/crpmlm\/wp-json\/wp\/v2\/posts\/28510","targetHints":{"allow":["GET"]}}],"collection":[{"href":"https:\/\/vamosporlaliberacion.org\/crpmlm\/wp-json\/wp\/v2\/posts"}],"about":[{"href":"https:\/\/vamosporlaliberacion.org\/crpmlm\/wp-json\/wp\/v2\/types\/post"}],"author":[{"embeddable":true,"href":"https:\/\/vamosporlaliberacion.org\/crpmlm\/wp-json\/wp\/v2\/users\/9"}],"replies":[{"embeddable":true,"href":"https:\/\/vamosporlaliberacion.org\/crpmlm\/wp-json\/wp\/v2\/comments?post=28510"}],"version-history":[{"count":5,"href":"https:\/\/vamosporlaliberacion.org\/crpmlm\/wp-json\/wp\/v2\/posts\/28510\/revisions"}],"predecessor-version":[{"id":28525,"href":"https:\/\/vamosporlaliberacion.org\/crpmlm\/wp-json\/wp\/v2\/posts\/28510\/revisions\/28525"}],"wp:featuredmedia":[{"embeddable":true,"href":"https:\/\/vamosporlaliberacion.org\/crpmlm\/wp-json\/wp\/v2\/media\/28511"}],"wp:attachment":[{"href":"https:\/\/vamosporlaliberacion.org\/crpmlm\/wp-json\/wp\/v2\/media?parent=28510"}],"wp:term":[{"taxonomy":"category","embeddable":true,"href":"https:\/\/vamosporlaliberacion.org\/crpmlm\/wp-json\/wp\/v2\/categories?post=28510"},{"taxonomy":"post_tag","embeddable":true,"href":"https:\/\/vamosporlaliberacion.org\/crpmlm\/wp-json\/wp\/v2\/tags?post=28510"}],"curies":[{"name":"wp","href":"https:\/\/api.w.org\/{rel}","templated":true}]}}