{"id":28457,"date":"2025-05-01T11:31:00","date_gmt":"2025-05-01T14:31:00","guid":{"rendered":"https:\/\/vamosporlaliberacion.org\/crpmlm\/?p=28457"},"modified":"2025-05-01T13:05:09","modified_gmt":"2025-05-01T16:05:09","slug":"1-de-mayo-dia-internacional-de-los-trabajadores","status":"publish","type":"post","link":"https:\/\/vamosporlaliberacion.org\/crpmlm\/1-de-mayo-dia-internacional-de-los-trabajadores\/","title":{"rendered":"1\u00b0 de Mayo &#8211; D\u00eda Internacional de lxs Trabajadores y Trabajadoras"},"content":{"rendered":"\n<p>Recordar a los M\u00e1rtires de Chicago, asesinados en el a\u00f1o 1886 luego de aquel 1ero de mayo de huelga por la jornada laboral de 8 horas,&nbsp;es traer al presente las condiciones en las que viven lxs trabajadorxs,&nbsp;bajo el capitalismo en su fase monopolista, imperialista,&nbsp;que esclaviza a millones de personas en jornadas extenuantes, superexplotadas, arrastrando al hambre y la miseria a millones,&nbsp;destruyendo los ecosistemas e inoculando pestes, pandemias y guerras cuando cre\u00edamos que lo hab\u00edamos visto todo.<\/p>\n\n\n\n<p>Se borraron las fronteras de conquistas logradas por luchas hist\u00f3ricas del movimiento obrero para mejorar sus condiciones de trabajo.&nbsp;La esclavizaci\u00f3n moderna de la mano de obra asalariada ha bajado varios escalones del infierno capitalista&nbsp;donde ese crecimiento desigual que benefician a las metr\u00f3polis imperialistas lo padecen pa\u00edses como el nuestro pagando a la larga o a la corta esa exportaci\u00f3n de capital.<\/p>\n\n\n<div class=\"wp-block-image\">\n<figure class=\"aligncenter size-full is-resized\"><img data-recalc-dims=\"1\" loading=\"lazy\" decoding=\"async\" width=\"279\" height=\"235\" src=\"https:\/\/i0.wp.com\/vamosporlaliberacion.org\/crpmlm\/wp-content\/uploads\/2023\/04\/IMG-20230430-WA0011.jpg?resize=279%2C235\" alt=\"\" class=\"wp-image-26680\" style=\"width:369px;height:auto\" srcset=\"https:\/\/i0.wp.com\/vamosporlaliberacion.org\/crpmlm\/wp-content\/uploads\/2023\/04\/IMG-20230430-WA0011.jpg?w=279&amp;ssl=1 279w, https:\/\/i0.wp.com\/vamosporlaliberacion.org\/crpmlm\/wp-content\/uploads\/2023\/04\/IMG-20230430-WA0011.jpg?resize=150%2C126&amp;ssl=1 150w\" sizes=\"auto, (max-width: 279px) 100vw, 279px\" \/><figcaption class=\"wp-element-caption\">M\u00e1rtires de Chicago<\/figcaption><\/figure>\n<\/div>\n\n\n<p>Condicionamientos y sometimientos con deudas externas impagables y la penetraci\u00f3n de sus monopolios estatales o privados que \u201cclavan sus garras\u201d sobre nuestras riquezas y superexplotaci\u00f3n a los trabajadorxs con la ayuda de la clase terratenientes y los agentes en las oligarqu\u00edas locales. Estas potencias que se muestran \u201camigas de los pueblos y el desarrollo laboral\u201d,&nbsp;nos arrojan al lugar de ser proveedores de materias primas en la divisi\u00f3n internacional que ellos manejan para que su infernal maquinaria no se detenga.<\/p>\n\n\n\n<p><strong>\u00a1Somos Optimistas!<\/strong><\/p>\n\n\n\n<p>Pas\u00f3 mucha agua bajo el puente, y por suerte la clase obrera acaudillando a su pueblo pudo mostrar que pod\u00eda superar esa esclavitud, transformando de cuajo la realidad, poniendo todo \u201cpatas para arriba\u201d y empezar a construir otra sociedad donde el trabajo sea una realizaci\u00f3n para la humanidad y no un yugo que pesa sobre sus cabezas al servicio de la m\u00e1xima ganancia de un pu\u00f1ado.<\/p>\n\n\n\n<p>Aquellos pa\u00edses que vivieron las revoluciones de liberaron y comenzaron a construir el socialismo, escribieron en su historia las epopeyas a donde recurrir para llenar de optimismo el presente y el futuro.<\/p>\n\n\n\n<p><strong>Nadie dijo que esas haza\u00f1as populares se construyen de la noche a la ma\u00f1ana, no.<\/strong> Como tampoco lo fue el capitalismo en la historia de la humanidad.&nbsp;No puede ser un&nbsp;\u201cchasquido entre los dedos\u201d&nbsp;sustituir un modo de producci\u00f3n por otro.<\/p>\n\n\n\n<p>Estamos transitando ese largo proceso de transici\u00f3n en una \u00e9poca revolucionaria, dolorosa, de avances y retrocesos.&nbsp;Estaremos m\u00e1s cerca de lograr esos nobles objetivos si pasamos en limpio los aciertos, pero tambi\u00e9n los errores de los procesos emancipadores donde se pudo llegar lejos, pero fueron derrotados.<\/p>\n\n\n\n<p>Estas derrotas sirvieron a los enemigos del pueblo para teorizar contra las vanguardias revolucionarias, comunistas o \u201czurdos\u201d pero la realidad ha mostrado que los movimientos espont\u00e1neos son ef\u00edmeros si no van precedidos de fuertes organizaciones revolucionarias, haciendo viable la liberaci\u00f3n de los pueblos con una poderosa unidad en el frente \u00fanico popular y revolucionario. &nbsp;<\/p>\n\n\n\n<p>La clase obrera mundial se puso de pie luego de dos guerras mundiales, de dos crisis econ\u00f3micas hist\u00f3ricas, de la derrota de los procesos revolucionario donde se conquistaron avances hasta aun hoy no superados por el capitalismo. Se puso de pie luego del \u201cfin de la historia\u201d cuando el capitalismo imperialista parec\u00eda invencible. Pero ese triunfo trajo m\u00e1s sufrimientos, guerras, crisis y pandemias. <strong>Pero la l\u00f3gica de los pueblos es inalterable, comprobada por la historia de la lucha de clases&nbsp;\u201cLuchar, fracasar, volver a luchar, fracasar de nuevo, volver otra vez a luchar, y as\u00ed hasta la victoria.\u201d&nbsp;(Mao Tse-Tung).<\/strong><\/p>\n\n\n\n<p>Los acontecimientos en el umbral de una nueva guerra mundial, m\u00e1s venenosa que todas las anteriores, muestran a un sistema putrefacto, donde las cupulas de los bloques en pugna emanan solo m\u00e1s putrefacci\u00f3n a su paso. Un periodo hist\u00f3rico donde EEUU ha entrado en el ciclo de su crisis de hegemon\u00eda, llenando de razones a las afirmaciones de Lenin en cuanto a las caracter\u00edsticas de esta etapa, la \u00faltima del capitalismo, dominada por los monopolios imperialistas.<\/p>\n\n\n\n<p>Un periodo donde la clase obrera mundial resiste y se rebela frente a los embates de los Estados y los monopolios que empujan los bajos salarios, ajustes, inflaci\u00f3n o precarizaci\u00f3n laboral. Sabemos que no todas las luchas son triunfantes, pero marcan el camino para millones,&nbsp;aunque se trate de ocultarlas con el control monop\u00f3lico de la tecnolog\u00eda y la comunicaci\u00f3n, pero tambi\u00e9n muestra que es un arma de doble filo, ya que tambi\u00e9n encierra una contradicci\u00f3n que es usada para transmitir las im\u00e1genes y mensajes de quienes los enfrentan.<\/p>\n\n\n\n<p>Un 1ero de Mayo sumergido en un periodo donde florecen las expresiones fascistas de una derecha que se aprovecha como hienas, de las pol\u00edticas de ajuste&nbsp;que hunden a los pueblos golpeando su vida cotidiana pero tambi\u00e9n su moral.<\/p>\n\n\n\n<p>Derechas y ultraderechas que crecieron bajo la sombra de un supuesto \u201cprogresismo\u201d surgido del campo popular, cortoplacista, defensor y practicante del \u201carte de lo posible\u201d, dej\u00e1ndoles el poder a los inescrupulosos de siempre, \u201ccon tal que derramen algo para el lado del pueblo\u201d y as\u00ed \u201ctratar de encajar lo cuadrado en lo redondo\u201d en la quimera de \u201cgobernar para todos\u201d o \u201credistribuir la riqueza\u201d, en una sociedad que se basa en que unos pocos oprimen a la inmensa mayor\u00eda, para hacer su fortunas a base de los excedentes y la plusval\u00eda extra\u00edda de lxs laburantes. O sea, la b\u00fasqueda de la m\u00e1xima ganancia.<\/p>\n\n\n\n<p>\u00bfO alguien piensa que sus fortunas o sus tierras son porque son \u201cbuenas personas\u201d o \u201cbuenos emprendedores\u201d?&nbsp;\u201cgobernar para todos\u201d, es gobernar para esas \u201cbuenas personas\u201d due\u00f1as del poder que siempre quieren m\u00e1s y cuanto m\u00e1s se les concede m\u00e1s entramos en sus fauces para ser destrozados! Y ahora vienen por m\u00e1s\u2026por todo el poder sin condicionamientos.<\/p>\n\n\n\n<p><strong>1\u00b0 de mayo 2025<\/strong><\/p>\n\n\n\n<p>La realidad de lxs trabajadores es de las peores de los \u00faltimos a\u00f1os. El gobierno de la ultra derecha celebra un ajuste feroz que no tiene antecedentes en la historia. \u00bfC\u00f3mo puede haber lugar para algo bueno para los trabajadores? Si tomamos las propias palabras y medidas del gobierno, podremos medir el grado de claudicaci\u00f3n de esa rancia dirigencia sindical, viejos conocidos, enquistados en los sindicatos. Nada de ese ajuste se podr\u00eda haber hecho sin su colaboraci\u00f3n. Como nada de ese ajuste hist\u00f3rico podr\u00eda haber pasado sin las agachadas de legisladorxs y gobernadores.<\/p>\n\n\n\n<p>Un 1\u00b0 de mayo donde han madurado las medidas del gobierno, pero van por m\u00e1s y quieren recoger sus frutos. Esgrimen la \u201crecuperaci\u00f3n\u201d del salario despu\u00e9s que nos hundieron, despu\u00e9s que se perdi\u00f3 m\u00e1s del 20% y negando el costo de la canasta familiar, que arroja que m\u00e1s del 60% de lxs asalariadxs son pobres, m\u00e1s los jubilados y pensionados en el umbral de la indigencia donde lo \u00fanico que suman son gases y palos cada mi\u00e9rcoles.<\/p>\n\n\n\n<p>Un 1\u00b0 de mayo donde lxs trabajadores pagan las consecuencias del acuerdo ruinoso con el FMI que trajo una nueva devaluaci\u00f3n con aumentos de costos de servicios b\u00e1sicos y alimentos.<\/p>\n\n\n\n<p>Un 1\u00b0 de Mayo donde celebran el pu\u00f1ado de los que tienen el poder porque como dijo el ministro Caputo, <em>\u201cAl bajar el gasto, lo que hicimos fue devolverle los recursos al sector privado\u201d. Y \u201cal tener un estado m\u00e1s chico, ustedes tienen que poner menos plata para bancar al Estado\u201d<\/em>. \u00a1\u00a1Para ellos gobiernan!! Mientras las Pymes se funden con la ola importadora solo comparable con el menemismo o la \u201cplata dulce\u201d de Mart\u00ednez de Hoz con Videla y la dictadura.<\/p>\n\n\n<div class=\"wp-block-image\">\n<figure class=\"aligncenter size-large is-resized\"><img data-recalc-dims=\"1\" loading=\"lazy\" decoding=\"async\" width=\"696\" height=\"392\" src=\"https:\/\/i0.wp.com\/vamosporlaliberacion.org\/crpmlm\/wp-content\/uploads\/2025\/05\/CaputoUIA-700x394.jpg?resize=696%2C392\" alt=\"\" class=\"wp-image-28459\" style=\"width:529px;height:auto\" srcset=\"https:\/\/i0.wp.com\/vamosporlaliberacion.org\/crpmlm\/wp-content\/uploads\/2025\/05\/CaputoUIA.jpg?resize=700%2C394&amp;ssl=1 700w, https:\/\/i0.wp.com\/vamosporlaliberacion.org\/crpmlm\/wp-content\/uploads\/2025\/05\/CaputoUIA.jpg?resize=300%2C169&amp;ssl=1 300w, https:\/\/i0.wp.com\/vamosporlaliberacion.org\/crpmlm\/wp-content\/uploads\/2025\/05\/CaputoUIA.jpg?resize=768%2C432&amp;ssl=1 768w, https:\/\/i0.wp.com\/vamosporlaliberacion.org\/crpmlm\/wp-content\/uploads\/2025\/05\/CaputoUIA.jpg?resize=150%2C84&amp;ssl=1 150w, https:\/\/i0.wp.com\/vamosporlaliberacion.org\/crpmlm\/wp-content\/uploads\/2025\/05\/CaputoUIA.jpg?resize=696%2C391&amp;ssl=1 696w, https:\/\/i0.wp.com\/vamosporlaliberacion.org\/crpmlm\/wp-content\/uploads\/2025\/05\/CaputoUIA.jpg?resize=747%2C420&amp;ssl=1 747w, https:\/\/i0.wp.com\/vamosporlaliberacion.org\/crpmlm\/wp-content\/uploads\/2025\/05\/CaputoUIA.jpg?w=900&amp;ssl=1 900w\" sizes=\"auto, (max-width: 696px) 100vw, 696px\" \/><figcaption class=\"wp-element-caption\">El Ministro Caputo reunido con la UIA<\/figcaption><\/figure>\n<\/div>\n\n\n<p>Achican el Estado, la industria y el pa\u00eds soberano. Ajustan todo, pero aqu\u00ed pagan los cientos de miles que lo perdieron todo, los precarizados sin derechos, los recursos naturales, la tierra para vivir y trabajar, los pueblos originarios y cientos de derechos democr\u00e1ticos arrancados donde se ajust\u00f3 tambi\u00e9n el valor de la democracia como la conocemos.<\/p>\n\n\n\n<p><strong>Si ellos van por todo, hace falta pararlos para desde all\u00ed comenzar la contraofensiva con una perspectiva liberadora y no de medias tintas\u2026esas del \u201carte de lo posible\u201d ya la vivimos.<\/strong><\/p>\n\n\n\n<p><strong>Hace falta revoluci\u00f3n y poner todo \u201cpatas para arriba\u201d para que desde esos cimientos comenzar a construir la esperanza de millones, teniendo a la cabeza a la clase trabajadora, aquella que produce y sostiene todo lo que conocemos, pero no es due\u00f1a de los medios que utiliza para producir, porque los posee aquel pu\u00f1ado que solo busca chupar su sangre para lograr su m\u00e1xima ganancia con total crueldad en tiempos de tiran\u00eda como los que corren.<\/strong><\/p>\n\n\n\n<p>Nuevamente tratan de silenciar las movilizaciones en todo el pa\u00eds en este 1\u00b0 de mayo, porque necesitan abonar esas teor\u00edas fracasadas del \u201cel fin de la historia\u201d que dan por \u201cmuerta a la clase obrera\u201d, por el contrario, es desde sus entra\u00f1as, aun en las perores condiciones como las que soporta en la actualidad y cuando parece que la noche y la fiesta para pocos va ser para siempre, <strong>los pueblos vuelven como la novena ola, aquella que los marinos se\u00f1alan como la m\u00e1s grande y peligrosa que las anteriores.<\/strong><\/p>\n\n\n\n<p><strong>De eso se trata, de construir la \u201cnovena ola\u201d que teman los poderosos y el fascismo en todas sus versiones porque saben que ser\u00e1n aplastados.<\/strong><\/p>\n\n\n\n<h2 class=\"wp-block-heading\"><strong>\u00a1VIVA EL 1\u00b0 DE MAYO!<\/strong><\/h2>\n\n\n\n<h2 class=\"wp-block-heading\"><strong>\u00a1VIVA LA CLASE TRABAJADORA!<\/strong><\/h2>\n\n\n\n<p class=\"has-text-align-right\"><strong><em>Gustavo Funes<\/em><\/strong><\/p>\n<!-- AddThis Advanced Settings generic via filter on the_content --><!-- AddThis Share Buttons generic via filter on the_content -->","protected":false},"excerpt":{"rendered":"<p>Recordar a los M\u00e1rtires de Chicago, asesinados en el a\u00f1o 1886 luego de aquel 1ero de mayo de huelga por la jornada laboral de 8 horas,&nbsp;es traer al presente las condiciones en las que viven lxs trabajadorxs,&nbsp;bajo el capitalismo en su fase monopolista, imperialista,&nbsp;que esclaviza a millones de personas en jornadas extenuantes, superexplotadas, arrastrando al [&hellip;]<!-- AddThis Advanced Settings generic via filter on get_the_excerpt --><!-- AddThis Share Buttons generic via filter on get_the_excerpt --><\/p>\n","protected":false},"author":9,"featured_media":28458,"comment_status":"closed","ping_status":"closed","sticky":false,"template":"","format":"standard","meta":{"_jetpack_memberships_contains_paid_content":false,"footnotes":""},"categories":[1699],"tags":[],"class_list":{"0":"post-28457","1":"post","2":"type-post","3":"status-publish","4":"format-standard","5":"has-post-thumbnail","7":"category-noticias"},"yoast_head":"<!-- This site is optimized with the Yoast SEO plugin v27.4 - https:\/\/yoast.com\/product\/yoast-seo-wordpress\/ -->\n<title>1\u00b0 de Mayo - D\u00eda Internacional de lxs Trabajadores y Trabajadoras - Vamos por la Liberaci\u00f3n<\/title>\n<meta name=\"robots\" content=\"index, follow, max-snippet:-1, max-image-preview:large, max-video-preview:-1\" \/>\n<link rel=\"canonical\" href=\"https:\/\/vamosporlaliberacion.org\/crpmlm\/1-de-mayo-dia-internacional-de-los-trabajadores\/\" \/>\n<meta name=\"twitter:label1\" content=\"Escrito por\" \/>\n\t<meta name=\"twitter:data1\" content=\"Prensa Vamos\" \/>\n\t<meta name=\"twitter:label2\" content=\"Tiempo de lectura\" \/>\n\t<meta name=\"twitter:data2\" content=\"8 minutos\" \/>\n<script type=\"application\/ld+json\" class=\"yoast-schema-graph\">{\"@context\":\"https:\\\/\\\/schema.org\",\"@graph\":[{\"@type\":\"Article\",\"@id\":\"https:\\\/\\\/vamosporlaliberacion.org\\\/crpmlm\\\/1-de-mayo-dia-internacional-de-los-trabajadores\\\/#article\",\"isPartOf\":{\"@id\":\"https:\\\/\\\/vamosporlaliberacion.org\\\/crpmlm\\\/1-de-mayo-dia-internacional-de-los-trabajadores\\\/\"},\"author\":{\"name\":\"Prensa Vamos\",\"@id\":\"https:\\\/\\\/vamosporlaliberacion.org\\\/crpmlm\\\/#\\\/schema\\\/person\\\/ebdbd4bf0e9418b9f0c0a93395366b2f\"},\"headline\":\"1\u00b0 de Mayo &#8211; D\u00eda Internacional de lxs Trabajadores y Trabajadoras\",\"datePublished\":\"2025-05-01T14:31:00+00:00\",\"dateModified\":\"2025-05-01T16:05:09+00:00\",\"mainEntityOfPage\":{\"@id\":\"https:\\\/\\\/vamosporlaliberacion.org\\\/crpmlm\\\/1-de-mayo-dia-internacional-de-los-trabajadores\\\/\"},\"wordCount\":1627,\"image\":{\"@id\":\"https:\\\/\\\/vamosporlaliberacion.org\\\/crpmlm\\\/1-de-mayo-dia-internacional-de-los-trabajadores\\\/#primaryimage\"},\"thumbnailUrl\":\"https:\\\/\\\/i0.wp.com\\\/vamosporlaliberacion.org\\\/crpmlm\\\/wp-content\\\/uploads\\\/2025\\\/05\\\/marchaCGT30-4-2025.jpg?fit=682%2C915&ssl=1\",\"articleSection\":[\"Noticias\"],\"inLanguage\":\"es\"},{\"@type\":\"WebPage\",\"@id\":\"https:\\\/\\\/vamosporlaliberacion.org\\\/crpmlm\\\/1-de-mayo-dia-internacional-de-los-trabajadores\\\/\",\"url\":\"https:\\\/\\\/vamosporlaliberacion.org\\\/crpmlm\\\/1-de-mayo-dia-internacional-de-los-trabajadores\\\/\",\"name\":\"1\u00b0 de Mayo - D\u00eda Internacional de lxs Trabajadores y Trabajadoras - Vamos por la Liberaci\u00f3n\",\"isPartOf\":{\"@id\":\"https:\\\/\\\/vamosporlaliberacion.org\\\/crpmlm\\\/#website\"},\"primaryImageOfPage\":{\"@id\":\"https:\\\/\\\/vamosporlaliberacion.org\\\/crpmlm\\\/1-de-mayo-dia-internacional-de-los-trabajadores\\\/#primaryimage\"},\"image\":{\"@id\":\"https:\\\/\\\/vamosporlaliberacion.org\\\/crpmlm\\\/1-de-mayo-dia-internacional-de-los-trabajadores\\\/#primaryimage\"},\"thumbnailUrl\":\"https:\\\/\\\/i0.wp.com\\\/vamosporlaliberacion.org\\\/crpmlm\\\/wp-content\\\/uploads\\\/2025\\\/05\\\/marchaCGT30-4-2025.jpg?fit=682%2C915&ssl=1\",\"datePublished\":\"2025-05-01T14:31:00+00:00\",\"dateModified\":\"2025-05-01T16:05:09+00:00\",\"author\":{\"@id\":\"https:\\\/\\\/vamosporlaliberacion.org\\\/crpmlm\\\/#\\\/schema\\\/person\\\/ebdbd4bf0e9418b9f0c0a93395366b2f\"},\"breadcrumb\":{\"@id\":\"https:\\\/\\\/vamosporlaliberacion.org\\\/crpmlm\\\/1-de-mayo-dia-internacional-de-los-trabajadores\\\/#breadcrumb\"},\"inLanguage\":\"es\",\"potentialAction\":[{\"@type\":\"ReadAction\",\"target\":[\"https:\\\/\\\/vamosporlaliberacion.org\\\/crpmlm\\\/1-de-mayo-dia-internacional-de-los-trabajadores\\\/\"]}]},{\"@type\":\"ImageObject\",\"inLanguage\":\"es\",\"@id\":\"https:\\\/\\\/vamosporlaliberacion.org\\\/crpmlm\\\/1-de-mayo-dia-internacional-de-los-trabajadores\\\/#primaryimage\",\"url\":\"https:\\\/\\\/i0.wp.com\\\/vamosporlaliberacion.org\\\/crpmlm\\\/wp-content\\\/uploads\\\/2025\\\/05\\\/marchaCGT30-4-2025.jpg?fit=682%2C915&ssl=1\",\"contentUrl\":\"https:\\\/\\\/i0.wp.com\\\/vamosporlaliberacion.org\\\/crpmlm\\\/wp-content\\\/uploads\\\/2025\\\/05\\\/marchaCGT30-4-2025.jpg?fit=682%2C915&ssl=1\",\"width\":682,\"height\":915},{\"@type\":\"BreadcrumbList\",\"@id\":\"https:\\\/\\\/vamosporlaliberacion.org\\\/crpmlm\\\/1-de-mayo-dia-internacional-de-los-trabajadores\\\/#breadcrumb\",\"itemListElement\":[{\"@type\":\"ListItem\",\"position\":1,\"name\":\"Portada\",\"item\":\"https:\\\/\\\/vamosporlaliberacion.org\\\/crpmlm\\\/\"},{\"@type\":\"ListItem\",\"position\":2,\"name\":\"1\u00b0 de Mayo &#8211; D\u00eda Internacional de lxs Trabajadores y Trabajadoras\"}]},{\"@type\":\"WebSite\",\"@id\":\"https:\\\/\\\/vamosporlaliberacion.org\\\/crpmlm\\\/#website\",\"url\":\"https:\\\/\\\/vamosporlaliberacion.org\\\/crpmlm\\\/\",\"name\":\"Vamos por la Liberaci\u00f3n\",\"description\":\"Prensa CR\",\"potentialAction\":[{\"@type\":\"SearchAction\",\"target\":{\"@type\":\"EntryPoint\",\"urlTemplate\":\"https:\\\/\\\/vamosporlaliberacion.org\\\/crpmlm\\\/?s={search_term_string}\"},\"query-input\":{\"@type\":\"PropertyValueSpecification\",\"valueRequired\":true,\"valueName\":\"search_term_string\"}}],\"inLanguage\":\"es\"},{\"@type\":\"Person\",\"@id\":\"https:\\\/\\\/vamosporlaliberacion.org\\\/crpmlm\\\/#\\\/schema\\\/person\\\/ebdbd4bf0e9418b9f0c0a93395366b2f\",\"name\":\"Prensa Vamos\",\"sameAs\":[\"http:\\\/\\\/vamposporlaliberacion.org\"],\"url\":\"https:\\\/\\\/vamosporlaliberacion.org\\\/crpmlm\\\/author\\\/editor\\\/\"}]}<\/script>\n<!-- \/ Yoast SEO plugin. -->","yoast_head_json":{"title":"1\u00b0 de Mayo - D\u00eda Internacional de lxs Trabajadores y Trabajadoras - Vamos por la Liberaci\u00f3n","robots":{"index":"index","follow":"follow","max-snippet":"max-snippet:-1","max-image-preview":"max-image-preview:large","max-video-preview":"max-video-preview:-1"},"canonical":"https:\/\/vamosporlaliberacion.org\/crpmlm\/1-de-mayo-dia-internacional-de-los-trabajadores\/","twitter_misc":{"Escrito por":"Prensa Vamos","Tiempo de lectura":"8 minutos"},"schema":{"@context":"https:\/\/schema.org","@graph":[{"@type":"Article","@id":"https:\/\/vamosporlaliberacion.org\/crpmlm\/1-de-mayo-dia-internacional-de-los-trabajadores\/#article","isPartOf":{"@id":"https:\/\/vamosporlaliberacion.org\/crpmlm\/1-de-mayo-dia-internacional-de-los-trabajadores\/"},"author":{"name":"Prensa Vamos","@id":"https:\/\/vamosporlaliberacion.org\/crpmlm\/#\/schema\/person\/ebdbd4bf0e9418b9f0c0a93395366b2f"},"headline":"1\u00b0 de Mayo &#8211; D\u00eda Internacional de lxs Trabajadores y Trabajadoras","datePublished":"2025-05-01T14:31:00+00:00","dateModified":"2025-05-01T16:05:09+00:00","mainEntityOfPage":{"@id":"https:\/\/vamosporlaliberacion.org\/crpmlm\/1-de-mayo-dia-internacional-de-los-trabajadores\/"},"wordCount":1627,"image":{"@id":"https:\/\/vamosporlaliberacion.org\/crpmlm\/1-de-mayo-dia-internacional-de-los-trabajadores\/#primaryimage"},"thumbnailUrl":"https:\/\/i0.wp.com\/vamosporlaliberacion.org\/crpmlm\/wp-content\/uploads\/2025\/05\/marchaCGT30-4-2025.jpg?fit=682%2C915&ssl=1","articleSection":["Noticias"],"inLanguage":"es"},{"@type":"WebPage","@id":"https:\/\/vamosporlaliberacion.org\/crpmlm\/1-de-mayo-dia-internacional-de-los-trabajadores\/","url":"https:\/\/vamosporlaliberacion.org\/crpmlm\/1-de-mayo-dia-internacional-de-los-trabajadores\/","name":"1\u00b0 de Mayo - D\u00eda Internacional de lxs Trabajadores y Trabajadoras - Vamos por la Liberaci\u00f3n","isPartOf":{"@id":"https:\/\/vamosporlaliberacion.org\/crpmlm\/#website"},"primaryImageOfPage":{"@id":"https:\/\/vamosporlaliberacion.org\/crpmlm\/1-de-mayo-dia-internacional-de-los-trabajadores\/#primaryimage"},"image":{"@id":"https:\/\/vamosporlaliberacion.org\/crpmlm\/1-de-mayo-dia-internacional-de-los-trabajadores\/#primaryimage"},"thumbnailUrl":"https:\/\/i0.wp.com\/vamosporlaliberacion.org\/crpmlm\/wp-content\/uploads\/2025\/05\/marchaCGT30-4-2025.jpg?fit=682%2C915&ssl=1","datePublished":"2025-05-01T14:31:00+00:00","dateModified":"2025-05-01T16:05:09+00:00","author":{"@id":"https:\/\/vamosporlaliberacion.org\/crpmlm\/#\/schema\/person\/ebdbd4bf0e9418b9f0c0a93395366b2f"},"breadcrumb":{"@id":"https:\/\/vamosporlaliberacion.org\/crpmlm\/1-de-mayo-dia-internacional-de-los-trabajadores\/#breadcrumb"},"inLanguage":"es","potentialAction":[{"@type":"ReadAction","target":["https:\/\/vamosporlaliberacion.org\/crpmlm\/1-de-mayo-dia-internacional-de-los-trabajadores\/"]}]},{"@type":"ImageObject","inLanguage":"es","@id":"https:\/\/vamosporlaliberacion.org\/crpmlm\/1-de-mayo-dia-internacional-de-los-trabajadores\/#primaryimage","url":"https:\/\/i0.wp.com\/vamosporlaliberacion.org\/crpmlm\/wp-content\/uploads\/2025\/05\/marchaCGT30-4-2025.jpg?fit=682%2C915&ssl=1","contentUrl":"https:\/\/i0.wp.com\/vamosporlaliberacion.org\/crpmlm\/wp-content\/uploads\/2025\/05\/marchaCGT30-4-2025.jpg?fit=682%2C915&ssl=1","width":682,"height":915},{"@type":"BreadcrumbList","@id":"https:\/\/vamosporlaliberacion.org\/crpmlm\/1-de-mayo-dia-internacional-de-los-trabajadores\/#breadcrumb","itemListElement":[{"@type":"ListItem","position":1,"name":"Portada","item":"https:\/\/vamosporlaliberacion.org\/crpmlm\/"},{"@type":"ListItem","position":2,"name":"1\u00b0 de Mayo &#8211; D\u00eda Internacional de lxs Trabajadores y Trabajadoras"}]},{"@type":"WebSite","@id":"https:\/\/vamosporlaliberacion.org\/crpmlm\/#website","url":"https:\/\/vamosporlaliberacion.org\/crpmlm\/","name":"Vamos por la Liberaci\u00f3n","description":"Prensa CR","potentialAction":[{"@type":"SearchAction","target":{"@type":"EntryPoint","urlTemplate":"https:\/\/vamosporlaliberacion.org\/crpmlm\/?s={search_term_string}"},"query-input":{"@type":"PropertyValueSpecification","valueRequired":true,"valueName":"search_term_string"}}],"inLanguage":"es"},{"@type":"Person","@id":"https:\/\/vamosporlaliberacion.org\/crpmlm\/#\/schema\/person\/ebdbd4bf0e9418b9f0c0a93395366b2f","name":"Prensa Vamos","sameAs":["http:\/\/vamposporlaliberacion.org"],"url":"https:\/\/vamosporlaliberacion.org\/crpmlm\/author\/editor\/"}]}},"jetpack_featured_media_url":"https:\/\/i0.wp.com\/vamosporlaliberacion.org\/crpmlm\/wp-content\/uploads\/2025\/05\/marchaCGT30-4-2025.jpg?fit=682%2C915&ssl=1","jetpack_sharing_enabled":true,"_links":{"self":[{"href":"https:\/\/vamosporlaliberacion.org\/crpmlm\/wp-json\/wp\/v2\/posts\/28457","targetHints":{"allow":["GET"]}}],"collection":[{"href":"https:\/\/vamosporlaliberacion.org\/crpmlm\/wp-json\/wp\/v2\/posts"}],"about":[{"href":"https:\/\/vamosporlaliberacion.org\/crpmlm\/wp-json\/wp\/v2\/types\/post"}],"author":[{"embeddable":true,"href":"https:\/\/vamosporlaliberacion.org\/crpmlm\/wp-json\/wp\/v2\/users\/9"}],"replies":[{"embeddable":true,"href":"https:\/\/vamosporlaliberacion.org\/crpmlm\/wp-json\/wp\/v2\/comments?post=28457"}],"version-history":[{"count":2,"href":"https:\/\/vamosporlaliberacion.org\/crpmlm\/wp-json\/wp\/v2\/posts\/28457\/revisions"}],"predecessor-version":[{"id":28464,"href":"https:\/\/vamosporlaliberacion.org\/crpmlm\/wp-json\/wp\/v2\/posts\/28457\/revisions\/28464"}],"wp:featuredmedia":[{"embeddable":true,"href":"https:\/\/vamosporlaliberacion.org\/crpmlm\/wp-json\/wp\/v2\/media\/28458"}],"wp:attachment":[{"href":"https:\/\/vamosporlaliberacion.org\/crpmlm\/wp-json\/wp\/v2\/media?parent=28457"}],"wp:term":[{"taxonomy":"category","embeddable":true,"href":"https:\/\/vamosporlaliberacion.org\/crpmlm\/wp-json\/wp\/v2\/categories?post=28457"},{"taxonomy":"post_tag","embeddable":true,"href":"https:\/\/vamosporlaliberacion.org\/crpmlm\/wp-json\/wp\/v2\/tags?post=28457"}],"curies":[{"name":"wp","href":"https:\/\/api.w.org\/{rel}","templated":true}]}}