{"id":28424,"date":"2025-04-11T22:24:00","date_gmt":"2025-04-12T01:24:00","guid":{"rendered":"https:\/\/vamosporlaliberacion.org\/crpmlm\/?p=28424"},"modified":"2025-04-11T22:53:33","modified_gmt":"2025-04-12T01:53:33","slug":"paro-general-cgt-4-2025","status":"publish","type":"post","link":"https:\/\/vamosporlaliberacion.org\/crpmlm\/paro-general-cgt-4-2025\/","title":{"rendered":"El paro nacional mostr\u00f3 el camino para pararlos"},"content":{"rendered":"\n<h2 class=\"wp-block-heading\">Frente a un nuevo endeudamiento con el FMI y m\u00e1s devaluaci\u00f3n.<\/h2>\n\n\n\n<p><em>Mientras el FMI desembarca una vez m\u00e1s en nuestro pa\u00eds, Trump desata una \u201cguerra comercial\u201d con China, Milei se arrastra a los pies de EEUU, prometi\u00e9ndoles m\u00e1s ajuste con 30% de devaluaci\u00f3n y m\u00e1s entrega nacional\u2026el pueblo en las calles les marc\u00f3 la cancha.<\/em><\/p>\n\n\n\n<h3 class=\"wp-block-heading\">EL FMI gobierna: devaluaci\u00f3n del 30%, m\u00e1s ajuste y entrega<\/h3>\n\n\n\n<p>Este cap\u00edtulo que protagoniza un gobierno arrastrado y cipayo y el FMI lleg\u00f3 a su fin con el anuncio de devaluaci\u00f3n del d\u00f3lar libre en un 30% y el fin del cepo. La devaluaci\u00f3n la pagar\u00e1n los salarios y se expresar\u00e1 en el precio de los alimentos y servicios. El fin del cepo lo festejan los especuladores y fugadores de divisas a los que se les dan garant\u00edas para operar.<\/p>\n\n\n<div class=\"wp-block-image\">\n<figure class=\"aligncenter size-large is-resized\" style=\"margin-bottom:25px\"><img data-recalc-dims=\"1\" loading=\"lazy\" decoding=\"async\" width=\"488\" height=\"700\" src=\"https:\/\/i0.wp.com\/vamosporlaliberacion.org\/crpmlm\/wp-content\/uploads\/2025\/04\/ClarinFMI2018.jpg?resize=488%2C700&#038;ssl=1\" alt=\"\" class=\"wp-image-28428\" style=\"width:414px;height:auto\" srcset=\"https:\/\/i0.wp.com\/vamosporlaliberacion.org\/crpmlm\/wp-content\/uploads\/2025\/04\/ClarinFMI2018.jpg?resize=488%2C700&amp;ssl=1 488w, https:\/\/i0.wp.com\/vamosporlaliberacion.org\/crpmlm\/wp-content\/uploads\/2025\/04\/ClarinFMI2018.jpg?resize=209%2C300&amp;ssl=1 209w, https:\/\/i0.wp.com\/vamosporlaliberacion.org\/crpmlm\/wp-content\/uploads\/2025\/04\/ClarinFMI2018.jpg?resize=150%2C215&amp;ssl=1 150w, https:\/\/i0.wp.com\/vamosporlaliberacion.org\/crpmlm\/wp-content\/uploads\/2025\/04\/ClarinFMI2018.jpg?resize=300%2C430&amp;ssl=1 300w, https:\/\/i0.wp.com\/vamosporlaliberacion.org\/crpmlm\/wp-content\/uploads\/2025\/04\/ClarinFMI2018.jpg?resize=696%2C998&amp;ssl=1 696w, https:\/\/i0.wp.com\/vamosporlaliberacion.org\/crpmlm\/wp-content\/uploads\/2025\/04\/ClarinFMI2018.jpg?resize=293%2C420&amp;ssl=1 293w, https:\/\/i0.wp.com\/vamosporlaliberacion.org\/crpmlm\/wp-content\/uploads\/2025\/04\/ClarinFMI2018.jpg?w=711&amp;ssl=1 711w\" sizes=\"auto, (max-width: 488px) 100vw, 488px\" \/><\/figure>\n<\/div>\n\n\n<p><strong>Una vez m\u00e1s, el gobierno, usa una ret\u00f3rica dogm\u00e1tica para mostrar el pragmatismo puro y duro de viejas recetas que llevaron a la ruina del pa\u00eds cuando los programas econ\u00f3micos neoliberales se agotaron.<\/strong> El gobierno celebra el acuerdo con el FMI y de paso oculta que hace tres meses la inflaci\u00f3n sube. Marzo 3,7%.<\/p>\n\n\n\n<h3 class=\"wp-block-heading\">La clase obrera se pone de pie<\/h3>\n\n\n\n<p>Las calles estaban desiertas, al igual que las estaciones de trenes, subtes y baja intensidad de colectivos, a pesar de la carnereada de la direcci\u00f3n de la UTA. <strong>Pero para medir con contundencia donde se sinti\u00f3 el paro de 24 horas fueron los centros de concentraci\u00f3n obrera en el pa\u00eds.<\/strong> \u00a1All\u00ed la masividad fue contundente! y muestra a una clase que la golpean, algunos la dan por muerta y superada, pero est\u00e1 y por las perdidas que esgrime el gobierno que se perdieron por el paro, son los que producen las riquezas del pa\u00eds y son muestra de su poder\u00edo a la hora de la lucha, a pesar de tantas agachadas y traiciones de muchos dirigentes sindicales.<\/p>\n\n\n\n<p>La jornada ven\u00eda con antecedente de luchas como la de la <strong>docencia, parando, cortando la ruta y en huelga de hambre en Misiones, de igual manera que se hace con paros y movilizaciones en Tierra del Fuego y los jubilados como todos los mi\u00e9rcoles.<\/strong><\/p>\n\n\n<div class=\"wp-block-image\">\n<figure class=\"aligncenter size-full is-resized\" style=\"margin-bottom:25px\"><img data-recalc-dims=\"1\" loading=\"lazy\" decoding=\"async\" width=\"320\" height=\"205\" src=\"https:\/\/i0.wp.com\/vamosporlaliberacion.org\/crpmlm\/wp-content\/uploads\/2025\/04\/Misiones-4-2025-1-.jpeg?resize=320%2C205&#038;ssl=1\" alt=\"\" class=\"wp-image-28429\" style=\"width:535px;height:auto\" srcset=\"https:\/\/i0.wp.com\/vamosporlaliberacion.org\/crpmlm\/wp-content\/uploads\/2025\/04\/Misiones-4-2025-1-.jpeg?w=320&amp;ssl=1 320w, https:\/\/i0.wp.com\/vamosporlaliberacion.org\/crpmlm\/wp-content\/uploads\/2025\/04\/Misiones-4-2025-1-.jpeg?resize=300%2C192&amp;ssl=1 300w, https:\/\/i0.wp.com\/vamosporlaliberacion.org\/crpmlm\/wp-content\/uploads\/2025\/04\/Misiones-4-2025-1-.jpeg?resize=150%2C96&amp;ssl=1 150w\" sizes=\"auto, (max-width: 320px) 100vw, 320px\" \/><\/figure>\n<\/div>\n\n\n<p>La jornada del paro de 24hs comenz\u00f3 con la gigantesca marcha en apoyo a los jubilados en Congreso el d\u00eda mi\u00e9rcoles, al igual que en el interior del pa\u00eds, <strong>lo que dio el car\u00e1cter de un paro activo de 36hs como hace mucho no se ve\u00eda<\/strong>.<\/p>\n\n\n\n<p>Decenas de miles volvieron a ganar las calles desafiando la represi\u00f3n que no fue, mostrando una vez mas que la masividad en la unidad en la acci\u00f3n derriba protocolos represivos. <em><strong>\u201cEstamos contentos porque estamos juntos, en la calle apoyando a nuestros viejos\u201d<\/strong><\/em><strong>, contaba una trabajadora que se moviliz\u00f3 el mi\u00e9rcoles, y no es para menos ya que muestra que a pesar del ajuste brutal y los golpes cotidianos a nuestro estado de \u00e1nimo, encontrarnos en la lucha es el mejor ant\u00eddoto.<\/strong><\/p>\n\n\n\n<p>El paro fue una gran respuesta al hartazgo de una pol\u00edtica que lo \u00fanico que tiene para mostrar son los n\u00fameros mal medidos, de una inflaci\u00f3n que cantaban a la baja mientras los alimentos, transportes, medicamentos, prepagas y dem\u00e1s servicios, suben. Pero eso termin\u00f3 y ya no se puede ocultar el rebote inevitable.<\/p>\n\n\n\n<p><strong>Los \u00edndices mal medidos del INDEC muestran el tercer mes consecutivo de aumento de la inflaci\u00f3n, ahora con un 3,7%<\/strong> <strong>para el mes de marzo<\/strong>. <strong>Se termin\u00f3 el relato.<\/strong> Ese promedio se compone con el 5,9% en alimentos, 4,6% en vestimenta y calzado y 21% en educaci\u00f3n, entre otros rubros que escalaron fuerte.<\/p>\n\n\n\n<p><strong>Esta es la muestra del fracaso del plan econ\u00f3mico que solo trae sufrimientos para la inmensa mayor\u00eda del pueblo en beneficio del 1% m\u00e1s rico de la poblaci\u00f3n.<\/strong><\/p>\n\n\n\n<p>Ahora, una vez m\u00e1s, despu\u00e9s de dilapidar las reservas en la \u201cbicicleta financiera\u201d, detener el consumo y llevar a la recesi\u00f3n del pa\u00eds con m\u00e1s de la mitad 56% de capacidad ociosa en la industria, el endeudador, ganador del \u201crecord Guines\u201d del endeudamiento, Luis Caputo nos volver\u00e1 a ensartar con el FMI con m\u00e1s de 20.000 millones de d\u00f3lares que pagaran generaciones con sangre.<\/p>\n\n\n\n<p><strong>Cuando llega el FMI a cualquier pa\u00eds es como el pulmotor que solo prolonga una agon\u00eda que puede ser m\u00e1s larga o m\u00e1s corta, pero inevitablemente con un duro desenlace<\/strong>. Ahora ese \u201csalvavidas de plomo\u201d lo trataran de usar, como ya lo hizo Macri, para tratar de ganar las elecciones y garantizarles la fuga a los amigos del poder, mientras el FMI y los EEUU se garantizar\u00e1n el cobro con capitales, medidas antipopulares con devaluaci\u00f3n, m\u00e1s despidos y aumento de la edad jubilatoria, m\u00e1s presencia militar y nuestros recursos naturales, destruyendo el pa\u00eds. Esta es la repetida historia reciente, ac\u00e1 y en el mundo.<\/p>\n\n\n\n<p>La llegada del secretario del tesoro de EEUU, trae un apoyo, (se habla tambi\u00e9n de una partida del tesoro de 10.000 millones de d\u00f3lares extras) pero m\u00e1s trae de control para garantizarse las exigencias que imponen, entre ellas un plan para desandar el v\u00ednculo con China, en medio de la guerra comercial con EEUU y una nueva renovaci\u00f3n del Swap con el gigante asi\u00e1tico por parte de nuestro pa\u00eds.<\/p>\n\n\n\n<p><strong>La postura arrastrada y cipaya del gobierno de Milei respecto a EEUU, nos pone en una situaci\u00f3n de gran desventaja y gran sumisi\u00f3n, frente a un Trump que ha demostrado que la pol\u00edtica para la mafia no es hacer amigos<\/strong>, sino subordinados a los que los trata de \u201clame culos\u201d mientras les promete una foto y nos deja de comprar carne y mantiene el 10% de aranceles.<\/p>\n\n\n\n<h3 class=\"wp-block-heading\">Mientras el gobierno quema reservas, las del pueblo crecen&#8230;<\/h3>\n\n\n\n<p>El paro mostr\u00f3 que hay reservas en la clase obrera y los sectores populares, que van dando vuelta una p\u00e1gina de expectativas, transitando otra de bronca y odio. <strong>\u201cLa alegr\u00eda est\u00e1 en la lucha\u201d por que nos vemos las caras y compartimos la desesperanza que nos atraviesa, frente a una pol\u00edtica de motosierra que tiene como combustible la divisi\u00f3n casi criminal de quienes son la referencia en el campo popular.<\/strong><\/p>\n\n\n\n<div class=\"wp-block-jetpack-slideshow aligncenter\" data-effect=\"slide\"><div class=\"wp-block-jetpack-slideshow_container swiper-container\"><ul class=\"wp-block-jetpack-slideshow_swiper-wrapper swiper-wrapper\"><li class=\"wp-block-jetpack-slideshow_slide swiper-slide\"><figure><img data-recalc-dims=\"1\" loading=\"lazy\" decoding=\"async\" width=\"696\" height=\"392\" alt=\"\" class=\"wp-block-jetpack-slideshow_image wp-image-28427\" data-id=\"28427\" src=\"https:\/\/i0.wp.com\/vamosporlaliberacion.org\/crpmlm\/wp-content\/uploads\/2025\/04\/ParoCGT10-4-25_2-700x394.jpg?resize=696%2C392\" srcset=\"https:\/\/i0.wp.com\/vamosporlaliberacion.org\/crpmlm\/wp-content\/uploads\/2025\/04\/ParoCGT10-4-25_2.jpg?resize=700%2C394&amp;ssl=1 700w, https:\/\/i0.wp.com\/vamosporlaliberacion.org\/crpmlm\/wp-content\/uploads\/2025\/04\/ParoCGT10-4-25_2.jpg?resize=300%2C169&amp;ssl=1 300w, https:\/\/i0.wp.com\/vamosporlaliberacion.org\/crpmlm\/wp-content\/uploads\/2025\/04\/ParoCGT10-4-25_2.jpg?resize=150%2C84&amp;ssl=1 150w, https:\/\/i0.wp.com\/vamosporlaliberacion.org\/crpmlm\/wp-content\/uploads\/2025\/04\/ParoCGT10-4-25_2.jpg?resize=696%2C392&amp;ssl=1 696w, https:\/\/i0.wp.com\/vamosporlaliberacion.org\/crpmlm\/wp-content\/uploads\/2025\/04\/ParoCGT10-4-25_2.jpg?resize=746%2C420&amp;ssl=1 746w, https:\/\/i0.wp.com\/vamosporlaliberacion.org\/crpmlm\/wp-content\/uploads\/2025\/04\/ParoCGT10-4-25_2.jpg?w=750&amp;ssl=1 750w\" sizes=\"(max-width: 696px) 100vw, 696px\" \/><figcaption class=\"wp-block-jetpack-slideshow_caption gallery-caption\">C\u00f3rdoba<\/figcaption><\/figure><\/li><li class=\"wp-block-jetpack-slideshow_slide swiper-slide\"><figure><img data-recalc-dims=\"1\" loading=\"lazy\" decoding=\"async\" width=\"696\" height=\"464\" alt=\"\" class=\"wp-block-jetpack-slideshow_image wp-image-28430\" data-id=\"28430\" src=\"https:\/\/i0.wp.com\/vamosporlaliberacion.org\/crpmlm\/wp-content\/uploads\/2025\/04\/ParoCGT10-4-25_5-TDF.jpg?resize=696%2C464\" srcset=\"https:\/\/i0.wp.com\/vamosporlaliberacion.org\/crpmlm\/wp-content\/uploads\/2025\/04\/ParoCGT10-4-25_5-TDF.jpg?w=696&amp;ssl=1 696w, https:\/\/i0.wp.com\/vamosporlaliberacion.org\/crpmlm\/wp-content\/uploads\/2025\/04\/ParoCGT10-4-25_5-TDF.jpg?resize=300%2C200&amp;ssl=1 300w, https:\/\/i0.wp.com\/vamosporlaliberacion.org\/crpmlm\/wp-content\/uploads\/2025\/04\/ParoCGT10-4-25_5-TDF.jpg?resize=150%2C100&amp;ssl=1 150w, https:\/\/i0.wp.com\/vamosporlaliberacion.org\/crpmlm\/wp-content\/uploads\/2025\/04\/ParoCGT10-4-25_5-TDF.jpg?resize=630%2C420&amp;ssl=1 630w\" sizes=\"(max-width: 696px) 100vw, 696px\" \/><figcaption class=\"wp-block-jetpack-slideshow_caption gallery-caption\">Tierra del Fuego<\/figcaption><\/figure><\/li><li class=\"wp-block-jetpack-slideshow_slide swiper-slide\"><figure><img data-recalc-dims=\"1\" loading=\"lazy\" decoding=\"async\" width=\"696\" height=\"392\" alt=\"\" class=\"wp-block-jetpack-slideshow_image wp-image-28431\" data-id=\"28431\" src=\"https:\/\/i0.wp.com\/vamosporlaliberacion.org\/crpmlm\/wp-content\/uploads\/2025\/04\/ParoCGT10-4-25_4-700x394.jpg?resize=696%2C392\" srcset=\"https:\/\/i0.wp.com\/vamosporlaliberacion.org\/crpmlm\/wp-content\/uploads\/2025\/04\/ParoCGT10-4-25_4.jpg?resize=700%2C394&amp;ssl=1 700w, https:\/\/i0.wp.com\/vamosporlaliberacion.org\/crpmlm\/wp-content\/uploads\/2025\/04\/ParoCGT10-4-25_4.jpg?resize=300%2C169&amp;ssl=1 300w, https:\/\/i0.wp.com\/vamosporlaliberacion.org\/crpmlm\/wp-content\/uploads\/2025\/04\/ParoCGT10-4-25_4.jpg?resize=768%2C432&amp;ssl=1 768w, https:\/\/i0.wp.com\/vamosporlaliberacion.org\/crpmlm\/wp-content\/uploads\/2025\/04\/ParoCGT10-4-25_4.jpg?resize=150%2C84&amp;ssl=1 150w, https:\/\/i0.wp.com\/vamosporlaliberacion.org\/crpmlm\/wp-content\/uploads\/2025\/04\/ParoCGT10-4-25_4.jpg?resize=696%2C392&amp;ssl=1 696w, https:\/\/i0.wp.com\/vamosporlaliberacion.org\/crpmlm\/wp-content\/uploads\/2025\/04\/ParoCGT10-4-25_4.jpg?resize=746%2C420&amp;ssl=1 746w, https:\/\/i0.wp.com\/vamosporlaliberacion.org\/crpmlm\/wp-content\/uploads\/2025\/04\/ParoCGT10-4-25_4.jpg?w=993&amp;ssl=1 993w\" sizes=\"(max-width: 696px) 100vw, 696px\" \/><figcaption class=\"wp-block-jetpack-slideshow_caption gallery-caption\">Congreso<\/figcaption><\/figure><\/li><li class=\"wp-block-jetpack-slideshow_slide swiper-slide\"><figure><img data-recalc-dims=\"1\" loading=\"lazy\" decoding=\"async\" width=\"696\" height=\"392\" alt=\"\" class=\"wp-block-jetpack-slideshow_image wp-image-28432\" data-id=\"28432\" src=\"https:\/\/i0.wp.com\/vamosporlaliberacion.org\/crpmlm\/wp-content\/uploads\/2025\/04\/ParoCGT10-4-25_3-700x394.jpg?resize=696%2C392\" srcset=\"https:\/\/i0.wp.com\/vamosporlaliberacion.org\/crpmlm\/wp-content\/uploads\/2025\/04\/ParoCGT10-4-25_3.jpg?resize=700%2C394&amp;ssl=1 700w, https:\/\/i0.wp.com\/vamosporlaliberacion.org\/crpmlm\/wp-content\/uploads\/2025\/04\/ParoCGT10-4-25_3.jpg?resize=300%2C169&amp;ssl=1 300w, https:\/\/i0.wp.com\/vamosporlaliberacion.org\/crpmlm\/wp-content\/uploads\/2025\/04\/ParoCGT10-4-25_3.jpg?resize=768%2C432&amp;ssl=1 768w, https:\/\/i0.wp.com\/vamosporlaliberacion.org\/crpmlm\/wp-content\/uploads\/2025\/04\/ParoCGT10-4-25_3.jpg?resize=150%2C84&amp;ssl=1 150w, https:\/\/i0.wp.com\/vamosporlaliberacion.org\/crpmlm\/wp-content\/uploads\/2025\/04\/ParoCGT10-4-25_3.jpg?resize=696%2C392&amp;ssl=1 696w, https:\/\/i0.wp.com\/vamosporlaliberacion.org\/crpmlm\/wp-content\/uploads\/2025\/04\/ParoCGT10-4-25_3.jpg?resize=1068%2C601&amp;ssl=1 1068w, https:\/\/i0.wp.com\/vamosporlaliberacion.org\/crpmlm\/wp-content\/uploads\/2025\/04\/ParoCGT10-4-25_3.jpg?resize=747%2C420&amp;ssl=1 747w, https:\/\/i0.wp.com\/vamosporlaliberacion.org\/crpmlm\/wp-content\/uploads\/2025\/04\/ParoCGT10-4-25_3.jpg?w=1280&amp;ssl=1 1280w\" sizes=\"(max-width: 696px) 100vw, 696px\" \/><figcaption class=\"wp-block-jetpack-slideshow_caption gallery-caption\">Una imagen del paro repetida en todo el pa\u00eds.<\/figcaption><\/figure><\/li><\/ul><a class=\"wp-block-jetpack-slideshow_button-prev swiper-button-prev swiper-button-white\" role=\"button\"><\/a><a class=\"wp-block-jetpack-slideshow_button-next swiper-button-next swiper-button-white\" role=\"button\"><\/a><a aria-label=\"Pause Slideshow\" class=\"wp-block-jetpack-slideshow_button-pause\" role=\"button\"><\/a><div class=\"wp-block-jetpack-slideshow_pagination swiper-pagination swiper-pagination-white\"><\/div><\/div><\/div>\n\n\n\n<p>Pero el paro tambi\u00e9n mostr\u00f3 que se puede superar aun los momentos mas cr\u00edticos, y se puede empezar a trazar nuevos horizontes<strong>, donde se de paso a lo nuevo que quiere pelearla para no volver atr\u00e1s, en b\u00fasqueda de certezas que solo est\u00e1n en el cambio de matriz econ\u00f3mica y cultural, derrotando a la ultraderecha y derecha que sostiene la dependencia, pero tambi\u00e9n dejando atr\u00e1s a los sostenedores del \u201cstatu quo\u201d extractivista donde solo ven \u201clo posible\u201d mientras sostienen la gobernabilidad y hacen uso de \u201cun relato duro con hechos blandos\u201d\u2026mientras unos \u201cpreparan recambios por arriba\u201d y otros sue\u00f1an con pol\u00edticas de mayor derrame pero manteniendo la dependencia, el endeudamiento y el extractivismo como pol\u00edtica de Estado.<\/strong><\/p>\n\n\n\n<p>\u201cRegar la plantita de la lucha\u201d es la tarea de este periodo, porque si bien debemos castigar duramente al gobierno nacional y sus aliados en las elecciones, no abandonar la lucha es la garant\u00eda de desuni\u00f3n para quienes gobiernan para los due\u00f1os del poder. <strong>No hay mejor manera de abordar las elecciones que aprovecharlas para mostrar un programa y sumar fuerzas para conquistarlo con el pueblo en las calles.<\/strong><\/p>\n\n\n\n<p>Queremos derrotar esta pol\u00edtica, pero no para engordar a los mismos de siempre, sino para dar mas contundencia a la unidad democr\u00e1tica, antiimperialista, antiterrateniente, feminista y ecologista <strong>para darle una direcci\u00f3n clara al pueblo, en una perspectiva revolucionaria y emancipadora.<\/strong><\/p>\n<!-- AddThis Advanced Settings generic via filter on the_content --><!-- AddThis Share Buttons generic via filter on the_content -->","protected":false},"excerpt":{"rendered":"<p>Frente a un nuevo endeudamiento con el FMI y m\u00e1s devaluaci\u00f3n. Mientras el FMI desembarca una vez m\u00e1s en nuestro pa\u00eds, Trump desata una \u201cguerra comercial\u201d con China, Milei se arrastra a los pies de EEUU, prometi\u00e9ndoles m\u00e1s ajuste con 30% de devaluaci\u00f3n y m\u00e1s entrega nacional\u2026el pueblo en las calles les marc\u00f3 la cancha. [&hellip;]<!-- AddThis Advanced Settings generic via filter on get_the_excerpt --><!-- AddThis Share Buttons generic via filter on get_the_excerpt --><\/p>\n","protected":false},"author":9,"featured_media":28426,"comment_status":"closed","ping_status":"closed","sticky":false,"template":"","format":"standard","meta":{"_jetpack_memberships_contains_paid_content":false,"footnotes":""},"categories":[1881,1699],"tags":[],"class_list":{"0":"post-28424","1":"post","2":"type-post","3":"status-publish","4":"format-standard","5":"has-post-thumbnail","7":"category-editoriales","8":"category-noticias"},"yoast_head":"<!-- This site is optimized with the Yoast SEO plugin v27.4 - https:\/\/yoast.com\/product\/yoast-seo-wordpress\/ -->\n<title>El paro nacional mostr\u00f3 el camino para pararlos - Vamos por la Liberaci\u00f3n<\/title>\n<meta name=\"robots\" content=\"index, follow, max-snippet:-1, max-image-preview:large, max-video-preview:-1\" \/>\n<link rel=\"canonical\" href=\"https:\/\/vamosporlaliberacion.org\/crpmlm\/paro-general-cgt-4-2025\/\" \/>\n<meta name=\"twitter:label1\" content=\"Escrito por\" \/>\n\t<meta name=\"twitter:data1\" content=\"Prensa Vamos\" \/>\n\t<meta name=\"twitter:label2\" content=\"Tiempo de lectura\" \/>\n\t<meta name=\"twitter:data2\" content=\"8 minutos\" \/>\n<script type=\"application\/ld+json\" class=\"yoast-schema-graph\">{\"@context\":\"https:\\\/\\\/schema.org\",\"@graph\":[{\"@type\":\"Article\",\"@id\":\"https:\\\/\\\/vamosporlaliberacion.org\\\/crpmlm\\\/paro-general-cgt-4-2025\\\/#article\",\"isPartOf\":{\"@id\":\"https:\\\/\\\/vamosporlaliberacion.org\\\/crpmlm\\\/paro-general-cgt-4-2025\\\/\"},\"author\":{\"name\":\"Prensa Vamos\",\"@id\":\"https:\\\/\\\/vamosporlaliberacion.org\\\/crpmlm\\\/#\\\/schema\\\/person\\\/ebdbd4bf0e9418b9f0c0a93395366b2f\"},\"headline\":\"El paro nacional mostr\u00f3 el camino para pararlos\",\"datePublished\":\"2025-04-12T01:24:00+00:00\",\"dateModified\":\"2025-04-12T01:53:33+00:00\",\"mainEntityOfPage\":{\"@id\":\"https:\\\/\\\/vamosporlaliberacion.org\\\/crpmlm\\\/paro-general-cgt-4-2025\\\/\"},\"wordCount\":1334,\"image\":{\"@id\":\"https:\\\/\\\/vamosporlaliberacion.org\\\/crpmlm\\\/paro-general-cgt-4-2025\\\/#primaryimage\"},\"thumbnailUrl\":\"https:\\\/\\\/i0.wp.com\\\/vamosporlaliberacion.org\\\/crpmlm\\\/wp-content\\\/uploads\\\/2025\\\/04\\\/ParoCGT10-4-25_1.jpg?fit=750%2C375&ssl=1\",\"articleSection\":[\"Editoriales\",\"Noticias\"],\"inLanguage\":\"es\"},{\"@type\":\"WebPage\",\"@id\":\"https:\\\/\\\/vamosporlaliberacion.org\\\/crpmlm\\\/paro-general-cgt-4-2025\\\/\",\"url\":\"https:\\\/\\\/vamosporlaliberacion.org\\\/crpmlm\\\/paro-general-cgt-4-2025\\\/\",\"name\":\"El paro nacional mostr\u00f3 el camino para pararlos - Vamos por la Liberaci\u00f3n\",\"isPartOf\":{\"@id\":\"https:\\\/\\\/vamosporlaliberacion.org\\\/crpmlm\\\/#website\"},\"primaryImageOfPage\":{\"@id\":\"https:\\\/\\\/vamosporlaliberacion.org\\\/crpmlm\\\/paro-general-cgt-4-2025\\\/#primaryimage\"},\"image\":{\"@id\":\"https:\\\/\\\/vamosporlaliberacion.org\\\/crpmlm\\\/paro-general-cgt-4-2025\\\/#primaryimage\"},\"thumbnailUrl\":\"https:\\\/\\\/i0.wp.com\\\/vamosporlaliberacion.org\\\/crpmlm\\\/wp-content\\\/uploads\\\/2025\\\/04\\\/ParoCGT10-4-25_1.jpg?fit=750%2C375&ssl=1\",\"datePublished\":\"2025-04-12T01:24:00+00:00\",\"dateModified\":\"2025-04-12T01:53:33+00:00\",\"author\":{\"@id\":\"https:\\\/\\\/vamosporlaliberacion.org\\\/crpmlm\\\/#\\\/schema\\\/person\\\/ebdbd4bf0e9418b9f0c0a93395366b2f\"},\"breadcrumb\":{\"@id\":\"https:\\\/\\\/vamosporlaliberacion.org\\\/crpmlm\\\/paro-general-cgt-4-2025\\\/#breadcrumb\"},\"inLanguage\":\"es\",\"potentialAction\":[{\"@type\":\"ReadAction\",\"target\":[\"https:\\\/\\\/vamosporlaliberacion.org\\\/crpmlm\\\/paro-general-cgt-4-2025\\\/\"]}]},{\"@type\":\"ImageObject\",\"inLanguage\":\"es\",\"@id\":\"https:\\\/\\\/vamosporlaliberacion.org\\\/crpmlm\\\/paro-general-cgt-4-2025\\\/#primaryimage\",\"url\":\"https:\\\/\\\/i0.wp.com\\\/vamosporlaliberacion.org\\\/crpmlm\\\/wp-content\\\/uploads\\\/2025\\\/04\\\/ParoCGT10-4-25_1.jpg?fit=750%2C375&ssl=1\",\"contentUrl\":\"https:\\\/\\\/i0.wp.com\\\/vamosporlaliberacion.org\\\/crpmlm\\\/wp-content\\\/uploads\\\/2025\\\/04\\\/ParoCGT10-4-25_1.jpg?fit=750%2C375&ssl=1\",\"width\":750,\"height\":375},{\"@type\":\"BreadcrumbList\",\"@id\":\"https:\\\/\\\/vamosporlaliberacion.org\\\/crpmlm\\\/paro-general-cgt-4-2025\\\/#breadcrumb\",\"itemListElement\":[{\"@type\":\"ListItem\",\"position\":1,\"name\":\"Portada\",\"item\":\"https:\\\/\\\/vamosporlaliberacion.org\\\/crpmlm\\\/\"},{\"@type\":\"ListItem\",\"position\":2,\"name\":\"El paro nacional mostr\u00f3 el camino para pararlos\"}]},{\"@type\":\"WebSite\",\"@id\":\"https:\\\/\\\/vamosporlaliberacion.org\\\/crpmlm\\\/#website\",\"url\":\"https:\\\/\\\/vamosporlaliberacion.org\\\/crpmlm\\\/\",\"name\":\"Vamos por la Liberaci\u00f3n\",\"description\":\"Prensa CR\",\"potentialAction\":[{\"@type\":\"SearchAction\",\"target\":{\"@type\":\"EntryPoint\",\"urlTemplate\":\"https:\\\/\\\/vamosporlaliberacion.org\\\/crpmlm\\\/?s={search_term_string}\"},\"query-input\":{\"@type\":\"PropertyValueSpecification\",\"valueRequired\":true,\"valueName\":\"search_term_string\"}}],\"inLanguage\":\"es\"},{\"@type\":\"Person\",\"@id\":\"https:\\\/\\\/vamosporlaliberacion.org\\\/crpmlm\\\/#\\\/schema\\\/person\\\/ebdbd4bf0e9418b9f0c0a93395366b2f\",\"name\":\"Prensa Vamos\",\"sameAs\":[\"http:\\\/\\\/vamposporlaliberacion.org\"],\"url\":\"https:\\\/\\\/vamosporlaliberacion.org\\\/crpmlm\\\/author\\\/editor\\\/\"}]}<\/script>\n<!-- \/ Yoast SEO plugin. -->","yoast_head_json":{"title":"El paro nacional mostr\u00f3 el camino para pararlos - Vamos por la Liberaci\u00f3n","robots":{"index":"index","follow":"follow","max-snippet":"max-snippet:-1","max-image-preview":"max-image-preview:large","max-video-preview":"max-video-preview:-1"},"canonical":"https:\/\/vamosporlaliberacion.org\/crpmlm\/paro-general-cgt-4-2025\/","twitter_misc":{"Escrito por":"Prensa Vamos","Tiempo de lectura":"8 minutos"},"schema":{"@context":"https:\/\/schema.org","@graph":[{"@type":"Article","@id":"https:\/\/vamosporlaliberacion.org\/crpmlm\/paro-general-cgt-4-2025\/#article","isPartOf":{"@id":"https:\/\/vamosporlaliberacion.org\/crpmlm\/paro-general-cgt-4-2025\/"},"author":{"name":"Prensa Vamos","@id":"https:\/\/vamosporlaliberacion.org\/crpmlm\/#\/schema\/person\/ebdbd4bf0e9418b9f0c0a93395366b2f"},"headline":"El paro nacional mostr\u00f3 el camino para pararlos","datePublished":"2025-04-12T01:24:00+00:00","dateModified":"2025-04-12T01:53:33+00:00","mainEntityOfPage":{"@id":"https:\/\/vamosporlaliberacion.org\/crpmlm\/paro-general-cgt-4-2025\/"},"wordCount":1334,"image":{"@id":"https:\/\/vamosporlaliberacion.org\/crpmlm\/paro-general-cgt-4-2025\/#primaryimage"},"thumbnailUrl":"https:\/\/i0.wp.com\/vamosporlaliberacion.org\/crpmlm\/wp-content\/uploads\/2025\/04\/ParoCGT10-4-25_1.jpg?fit=750%2C375&ssl=1","articleSection":["Editoriales","Noticias"],"inLanguage":"es"},{"@type":"WebPage","@id":"https:\/\/vamosporlaliberacion.org\/crpmlm\/paro-general-cgt-4-2025\/","url":"https:\/\/vamosporlaliberacion.org\/crpmlm\/paro-general-cgt-4-2025\/","name":"El paro nacional mostr\u00f3 el camino para pararlos - Vamos por la Liberaci\u00f3n","isPartOf":{"@id":"https:\/\/vamosporlaliberacion.org\/crpmlm\/#website"},"primaryImageOfPage":{"@id":"https:\/\/vamosporlaliberacion.org\/crpmlm\/paro-general-cgt-4-2025\/#primaryimage"},"image":{"@id":"https:\/\/vamosporlaliberacion.org\/crpmlm\/paro-general-cgt-4-2025\/#primaryimage"},"thumbnailUrl":"https:\/\/i0.wp.com\/vamosporlaliberacion.org\/crpmlm\/wp-content\/uploads\/2025\/04\/ParoCGT10-4-25_1.jpg?fit=750%2C375&ssl=1","datePublished":"2025-04-12T01:24:00+00:00","dateModified":"2025-04-12T01:53:33+00:00","author":{"@id":"https:\/\/vamosporlaliberacion.org\/crpmlm\/#\/schema\/person\/ebdbd4bf0e9418b9f0c0a93395366b2f"},"breadcrumb":{"@id":"https:\/\/vamosporlaliberacion.org\/crpmlm\/paro-general-cgt-4-2025\/#breadcrumb"},"inLanguage":"es","potentialAction":[{"@type":"ReadAction","target":["https:\/\/vamosporlaliberacion.org\/crpmlm\/paro-general-cgt-4-2025\/"]}]},{"@type":"ImageObject","inLanguage":"es","@id":"https:\/\/vamosporlaliberacion.org\/crpmlm\/paro-general-cgt-4-2025\/#primaryimage","url":"https:\/\/i0.wp.com\/vamosporlaliberacion.org\/crpmlm\/wp-content\/uploads\/2025\/04\/ParoCGT10-4-25_1.jpg?fit=750%2C375&ssl=1","contentUrl":"https:\/\/i0.wp.com\/vamosporlaliberacion.org\/crpmlm\/wp-content\/uploads\/2025\/04\/ParoCGT10-4-25_1.jpg?fit=750%2C375&ssl=1","width":750,"height":375},{"@type":"BreadcrumbList","@id":"https:\/\/vamosporlaliberacion.org\/crpmlm\/paro-general-cgt-4-2025\/#breadcrumb","itemListElement":[{"@type":"ListItem","position":1,"name":"Portada","item":"https:\/\/vamosporlaliberacion.org\/crpmlm\/"},{"@type":"ListItem","position":2,"name":"El paro nacional mostr\u00f3 el camino para pararlos"}]},{"@type":"WebSite","@id":"https:\/\/vamosporlaliberacion.org\/crpmlm\/#website","url":"https:\/\/vamosporlaliberacion.org\/crpmlm\/","name":"Vamos por la Liberaci\u00f3n","description":"Prensa CR","potentialAction":[{"@type":"SearchAction","target":{"@type":"EntryPoint","urlTemplate":"https:\/\/vamosporlaliberacion.org\/crpmlm\/?s={search_term_string}"},"query-input":{"@type":"PropertyValueSpecification","valueRequired":true,"valueName":"search_term_string"}}],"inLanguage":"es"},{"@type":"Person","@id":"https:\/\/vamosporlaliberacion.org\/crpmlm\/#\/schema\/person\/ebdbd4bf0e9418b9f0c0a93395366b2f","name":"Prensa Vamos","sameAs":["http:\/\/vamposporlaliberacion.org"],"url":"https:\/\/vamosporlaliberacion.org\/crpmlm\/author\/editor\/"}]}},"jetpack_featured_media_url":"https:\/\/i0.wp.com\/vamosporlaliberacion.org\/crpmlm\/wp-content\/uploads\/2025\/04\/ParoCGT10-4-25_1.jpg?fit=750%2C375&ssl=1","jetpack_sharing_enabled":true,"_links":{"self":[{"href":"https:\/\/vamosporlaliberacion.org\/crpmlm\/wp-json\/wp\/v2\/posts\/28424","targetHints":{"allow":["GET"]}}],"collection":[{"href":"https:\/\/vamosporlaliberacion.org\/crpmlm\/wp-json\/wp\/v2\/posts"}],"about":[{"href":"https:\/\/vamosporlaliberacion.org\/crpmlm\/wp-json\/wp\/v2\/types\/post"}],"author":[{"embeddable":true,"href":"https:\/\/vamosporlaliberacion.org\/crpmlm\/wp-json\/wp\/v2\/users\/9"}],"replies":[{"embeddable":true,"href":"https:\/\/vamosporlaliberacion.org\/crpmlm\/wp-json\/wp\/v2\/comments?post=28424"}],"version-history":[{"count":6,"href":"https:\/\/vamosporlaliberacion.org\/crpmlm\/wp-json\/wp\/v2\/posts\/28424\/revisions"}],"predecessor-version":[{"id":28440,"href":"https:\/\/vamosporlaliberacion.org\/crpmlm\/wp-json\/wp\/v2\/posts\/28424\/revisions\/28440"}],"wp:featuredmedia":[{"embeddable":true,"href":"https:\/\/vamosporlaliberacion.org\/crpmlm\/wp-json\/wp\/v2\/media\/28426"}],"wp:attachment":[{"href":"https:\/\/vamosporlaliberacion.org\/crpmlm\/wp-json\/wp\/v2\/media?parent=28424"}],"wp:term":[{"taxonomy":"category","embeddable":true,"href":"https:\/\/vamosporlaliberacion.org\/crpmlm\/wp-json\/wp\/v2\/categories?post=28424"},{"taxonomy":"post_tag","embeddable":true,"href":"https:\/\/vamosporlaliberacion.org\/crpmlm\/wp-json\/wp\/v2\/tags?post=28424"}],"curies":[{"name":"wp","href":"https:\/\/api.w.org\/{rel}","templated":true}]}}