{"id":28415,"date":"2025-04-01T19:11:34","date_gmt":"2025-04-01T22:11:34","guid":{"rendered":"https:\/\/vamosporlaliberacion.org\/crpmlm\/?p=28415"},"modified":"2025-04-01T19:12:46","modified_gmt":"2025-04-01T22:12:46","slug":"se-presento-el-frente-confluencia-por-la-igualdad-y-la-soberania-en-caba","status":"publish","type":"post","link":"https:\/\/vamosporlaliberacion.org\/crpmlm\/se-presento-el-frente-confluencia-por-la-igualdad-y-la-soberania-en-caba\/","title":{"rendered":"Se present\u00f3 el frente Confluencia por la Igualdad y la Soberan\u00eda en CABA"},"content":{"rendered":"\n<p>Integrado por Patria de Iguales espacio del cual es parte el Movimiento Popular Liberacion (MPL) , junto con el PC y Unidad Popular, partido pol\u00edtico del ex director del banco naci\u00f3n y ex diputado nacional, Claudio Lozano.<\/p>\n\n\n\n<p>De esta manera existe en la CABA una propuesta electoral que desde hace a\u00f1os viene luchando contra el extractivismo en la ciudad, el negocio inmobiliario, y por las necesidades de los sectores populares y los m\u00e1s necesitados. Teniendo en claro que este es un paso para seguir construyendo un gran frente de unidad que luche en las calles para derrotar no solo a la derecha en la ciudad si no tambi\u00e9n al gobierno de Milei y el FMI a nivel nacional.<\/p>\n\n\n\n<p>La lista esta encabeza por la Ingeniera Eva Koutsovitis, investigadora y docente universitaria, fundadora del Movimiento la Ciudad Somos Quienes la Habitamos.<\/p>\n\n\n\n<p>Ser\u00e1 acompa\u00f1ada por Ariel Elger militante del partido comunista y docente de la CABA, M\u00f3nica Ruejas referente social y comunitaria del barrio Los Piletones y Sergio Parra integrante del MPL, trabajador no docente de la Facultad de Ciencias Sociales. Licenciado en gesti\u00f3n de pol\u00edticas p\u00fablicas y ex delegado de la comisi\u00f3n interna no docente de la Facultad.<\/p>\n\n\n\n<p>Tambi\u00e9n integran la lista Jonatan Aguilar, Magdalena Salinas y Lucas Bianca Logro\u00f1o.<\/p>\n<!-- AddThis Advanced Settings generic via filter on the_content --><!-- AddThis Share Buttons generic via filter on the_content -->","protected":false},"excerpt":{"rendered":"<p>Integrado por Patria de Iguales espacio del cual es parte el Movimiento Popular Liberacion (MPL) , junto con el PC y Unidad Popular, partido pol\u00edtico del ex director del banco naci\u00f3n y ex diputado nacional, Claudio Lozano. De esta manera existe en la CABA una propuesta electoral que desde hace a\u00f1os viene luchando contra el [&hellip;]<!-- AddThis Advanced Settings generic via filter on get_the_excerpt --><!-- AddThis Share Buttons generic via filter on get_the_excerpt --><\/p>\n","protected":false},"author":9,"featured_media":28416,"comment_status":"closed","ping_status":"closed","sticky":false,"template":"","format":"standard","meta":{"_jetpack_memberships_contains_paid_content":false,"footnotes":""},"categories":[1699],"tags":[],"class_list":{"0":"post-28415","1":"post","2":"type-post","3":"status-publish","4":"format-standard","5":"has-post-thumbnail","7":"category-noticias"},"yoast_head":"<!-- This site is optimized with the Yoast SEO plugin v27.4 - https:\/\/yoast.com\/product\/yoast-seo-wordpress\/ -->\n<title>Se present\u00f3 el frente Confluencia por la Igualdad y la Soberan\u00eda en CABA - Vamos por la Liberaci\u00f3n<\/title>\n<meta name=\"robots\" content=\"index, follow, max-snippet:-1, max-image-preview:large, max-video-preview:-1\" \/>\n<link rel=\"canonical\" href=\"https:\/\/vamosporlaliberacion.org\/crpmlm\/se-presento-el-frente-confluencia-por-la-igualdad-y-la-soberania-en-caba\/\" \/>\n<meta name=\"twitter:label1\" content=\"Escrito por\" \/>\n\t<meta name=\"twitter:data1\" content=\"Prensa Vamos\" \/>\n\t<meta name=\"twitter:label2\" content=\"Tiempo de lectura\" \/>\n\t<meta name=\"twitter:data2\" content=\"2 minutos\" \/>\n<script type=\"application\/ld+json\" class=\"yoast-schema-graph\">{\"@context\":\"https:\\\/\\\/schema.org\",\"@graph\":[{\"@type\":\"Article\",\"@id\":\"https:\\\/\\\/vamosporlaliberacion.org\\\/crpmlm\\\/se-presento-el-frente-confluencia-por-la-igualdad-y-la-soberania-en-caba\\\/#article\",\"isPartOf\":{\"@id\":\"https:\\\/\\\/vamosporlaliberacion.org\\\/crpmlm\\\/se-presento-el-frente-confluencia-por-la-igualdad-y-la-soberania-en-caba\\\/\"},\"author\":{\"name\":\"Prensa Vamos\",\"@id\":\"https:\\\/\\\/vamosporlaliberacion.org\\\/crpmlm\\\/#\\\/schema\\\/person\\\/ebdbd4bf0e9418b9f0c0a93395366b2f\"},\"headline\":\"Se present\u00f3 el frente Confluencia por la Igualdad y la Soberan\u00eda en CABA\",\"datePublished\":\"2025-04-01T22:11:34+00:00\",\"dateModified\":\"2025-04-01T22:12:46+00:00\",\"mainEntityOfPage\":{\"@id\":\"https:\\\/\\\/vamosporlaliberacion.org\\\/crpmlm\\\/se-presento-el-frente-confluencia-por-la-igualdad-y-la-soberania-en-caba\\\/\"},\"wordCount\":235,\"image\":{\"@id\":\"https:\\\/\\\/vamosporlaliberacion.org\\\/crpmlm\\\/se-presento-el-frente-confluencia-por-la-igualdad-y-la-soberania-en-caba\\\/#primaryimage\"},\"thumbnailUrl\":\"https:\\\/\\\/i0.wp.com\\\/vamosporlaliberacion.org\\\/crpmlm\\\/wp-content\\\/uploads\\\/2025\\\/04\\\/Confluncia-todos.jpg?fit=1446%2C978&ssl=1\",\"articleSection\":[\"Noticias\"],\"inLanguage\":\"es\"},{\"@type\":\"WebPage\",\"@id\":\"https:\\\/\\\/vamosporlaliberacion.org\\\/crpmlm\\\/se-presento-el-frente-confluencia-por-la-igualdad-y-la-soberania-en-caba\\\/\",\"url\":\"https:\\\/\\\/vamosporlaliberacion.org\\\/crpmlm\\\/se-presento-el-frente-confluencia-por-la-igualdad-y-la-soberania-en-caba\\\/\",\"name\":\"Se present\u00f3 el frente Confluencia por la Igualdad y la Soberan\u00eda en CABA - Vamos por la Liberaci\u00f3n\",\"isPartOf\":{\"@id\":\"https:\\\/\\\/vamosporlaliberacion.org\\\/crpmlm\\\/#website\"},\"primaryImageOfPage\":{\"@id\":\"https:\\\/\\\/vamosporlaliberacion.org\\\/crpmlm\\\/se-presento-el-frente-confluencia-por-la-igualdad-y-la-soberania-en-caba\\\/#primaryimage\"},\"image\":{\"@id\":\"https:\\\/\\\/vamosporlaliberacion.org\\\/crpmlm\\\/se-presento-el-frente-confluencia-por-la-igualdad-y-la-soberania-en-caba\\\/#primaryimage\"},\"thumbnailUrl\":\"https:\\\/\\\/i0.wp.com\\\/vamosporlaliberacion.org\\\/crpmlm\\\/wp-content\\\/uploads\\\/2025\\\/04\\\/Confluncia-todos.jpg?fit=1446%2C978&ssl=1\",\"datePublished\":\"2025-04-01T22:11:34+00:00\",\"dateModified\":\"2025-04-01T22:12:46+00:00\",\"author\":{\"@id\":\"https:\\\/\\\/vamosporlaliberacion.org\\\/crpmlm\\\/#\\\/schema\\\/person\\\/ebdbd4bf0e9418b9f0c0a93395366b2f\"},\"breadcrumb\":{\"@id\":\"https:\\\/\\\/vamosporlaliberacion.org\\\/crpmlm\\\/se-presento-el-frente-confluencia-por-la-igualdad-y-la-soberania-en-caba\\\/#breadcrumb\"},\"inLanguage\":\"es\",\"potentialAction\":[{\"@type\":\"ReadAction\",\"target\":[\"https:\\\/\\\/vamosporlaliberacion.org\\\/crpmlm\\\/se-presento-el-frente-confluencia-por-la-igualdad-y-la-soberania-en-caba\\\/\"]}]},{\"@type\":\"ImageObject\",\"inLanguage\":\"es\",\"@id\":\"https:\\\/\\\/vamosporlaliberacion.org\\\/crpmlm\\\/se-presento-el-frente-confluencia-por-la-igualdad-y-la-soberania-en-caba\\\/#primaryimage\",\"url\":\"https:\\\/\\\/i0.wp.com\\\/vamosporlaliberacion.org\\\/crpmlm\\\/wp-content\\\/uploads\\\/2025\\\/04\\\/Confluncia-todos.jpg?fit=1446%2C978&ssl=1\",\"contentUrl\":\"https:\\\/\\\/i0.wp.com\\\/vamosporlaliberacion.org\\\/crpmlm\\\/wp-content\\\/uploads\\\/2025\\\/04\\\/Confluncia-todos.jpg?fit=1446%2C978&ssl=1\",\"width\":1446,\"height\":978},{\"@type\":\"BreadcrumbList\",\"@id\":\"https:\\\/\\\/vamosporlaliberacion.org\\\/crpmlm\\\/se-presento-el-frente-confluencia-por-la-igualdad-y-la-soberania-en-caba\\\/#breadcrumb\",\"itemListElement\":[{\"@type\":\"ListItem\",\"position\":1,\"name\":\"Portada\",\"item\":\"https:\\\/\\\/vamosporlaliberacion.org\\\/crpmlm\\\/\"},{\"@type\":\"ListItem\",\"position\":2,\"name\":\"Se present\u00f3 el frente Confluencia por la Igualdad y la Soberan\u00eda en CABA\"}]},{\"@type\":\"WebSite\",\"@id\":\"https:\\\/\\\/vamosporlaliberacion.org\\\/crpmlm\\\/#website\",\"url\":\"https:\\\/\\\/vamosporlaliberacion.org\\\/crpmlm\\\/\",\"name\":\"Vamos por la Liberaci\u00f3n\",\"description\":\"Prensa CR\",\"potentialAction\":[{\"@type\":\"SearchAction\",\"target\":{\"@type\":\"EntryPoint\",\"urlTemplate\":\"https:\\\/\\\/vamosporlaliberacion.org\\\/crpmlm\\\/?s={search_term_string}\"},\"query-input\":{\"@type\":\"PropertyValueSpecification\",\"valueRequired\":true,\"valueName\":\"search_term_string\"}}],\"inLanguage\":\"es\"},{\"@type\":\"Person\",\"@id\":\"https:\\\/\\\/vamosporlaliberacion.org\\\/crpmlm\\\/#\\\/schema\\\/person\\\/ebdbd4bf0e9418b9f0c0a93395366b2f\",\"name\":\"Prensa Vamos\",\"sameAs\":[\"http:\\\/\\\/vamposporlaliberacion.org\"],\"url\":\"https:\\\/\\\/vamosporlaliberacion.org\\\/crpmlm\\\/author\\\/editor\\\/\"}]}<\/script>\n<!-- \/ Yoast SEO plugin. -->","yoast_head_json":{"title":"Se present\u00f3 el frente Confluencia por la Igualdad y la Soberan\u00eda en CABA - Vamos por la Liberaci\u00f3n","robots":{"index":"index","follow":"follow","max-snippet":"max-snippet:-1","max-image-preview":"max-image-preview:large","max-video-preview":"max-video-preview:-1"},"canonical":"https:\/\/vamosporlaliberacion.org\/crpmlm\/se-presento-el-frente-confluencia-por-la-igualdad-y-la-soberania-en-caba\/","twitter_misc":{"Escrito por":"Prensa Vamos","Tiempo de lectura":"2 minutos"},"schema":{"@context":"https:\/\/schema.org","@graph":[{"@type":"Article","@id":"https:\/\/vamosporlaliberacion.org\/crpmlm\/se-presento-el-frente-confluencia-por-la-igualdad-y-la-soberania-en-caba\/#article","isPartOf":{"@id":"https:\/\/vamosporlaliberacion.org\/crpmlm\/se-presento-el-frente-confluencia-por-la-igualdad-y-la-soberania-en-caba\/"},"author":{"name":"Prensa Vamos","@id":"https:\/\/vamosporlaliberacion.org\/crpmlm\/#\/schema\/person\/ebdbd4bf0e9418b9f0c0a93395366b2f"},"headline":"Se present\u00f3 el frente Confluencia por la Igualdad y la Soberan\u00eda en CABA","datePublished":"2025-04-01T22:11:34+00:00","dateModified":"2025-04-01T22:12:46+00:00","mainEntityOfPage":{"@id":"https:\/\/vamosporlaliberacion.org\/crpmlm\/se-presento-el-frente-confluencia-por-la-igualdad-y-la-soberania-en-caba\/"},"wordCount":235,"image":{"@id":"https:\/\/vamosporlaliberacion.org\/crpmlm\/se-presento-el-frente-confluencia-por-la-igualdad-y-la-soberania-en-caba\/#primaryimage"},"thumbnailUrl":"https:\/\/i0.wp.com\/vamosporlaliberacion.org\/crpmlm\/wp-content\/uploads\/2025\/04\/Confluncia-todos.jpg?fit=1446%2C978&ssl=1","articleSection":["Noticias"],"inLanguage":"es"},{"@type":"WebPage","@id":"https:\/\/vamosporlaliberacion.org\/crpmlm\/se-presento-el-frente-confluencia-por-la-igualdad-y-la-soberania-en-caba\/","url":"https:\/\/vamosporlaliberacion.org\/crpmlm\/se-presento-el-frente-confluencia-por-la-igualdad-y-la-soberania-en-caba\/","name":"Se present\u00f3 el frente Confluencia por la Igualdad y la Soberan\u00eda en CABA - Vamos por la Liberaci\u00f3n","isPartOf":{"@id":"https:\/\/vamosporlaliberacion.org\/crpmlm\/#website"},"primaryImageOfPage":{"@id":"https:\/\/vamosporlaliberacion.org\/crpmlm\/se-presento-el-frente-confluencia-por-la-igualdad-y-la-soberania-en-caba\/#primaryimage"},"image":{"@id":"https:\/\/vamosporlaliberacion.org\/crpmlm\/se-presento-el-frente-confluencia-por-la-igualdad-y-la-soberania-en-caba\/#primaryimage"},"thumbnailUrl":"https:\/\/i0.wp.com\/vamosporlaliberacion.org\/crpmlm\/wp-content\/uploads\/2025\/04\/Confluncia-todos.jpg?fit=1446%2C978&ssl=1","datePublished":"2025-04-01T22:11:34+00:00","dateModified":"2025-04-01T22:12:46+00:00","author":{"@id":"https:\/\/vamosporlaliberacion.org\/crpmlm\/#\/schema\/person\/ebdbd4bf0e9418b9f0c0a93395366b2f"},"breadcrumb":{"@id":"https:\/\/vamosporlaliberacion.org\/crpmlm\/se-presento-el-frente-confluencia-por-la-igualdad-y-la-soberania-en-caba\/#breadcrumb"},"inLanguage":"es","potentialAction":[{"@type":"ReadAction","target":["https:\/\/vamosporlaliberacion.org\/crpmlm\/se-presento-el-frente-confluencia-por-la-igualdad-y-la-soberania-en-caba\/"]}]},{"@type":"ImageObject","inLanguage":"es","@id":"https:\/\/vamosporlaliberacion.org\/crpmlm\/se-presento-el-frente-confluencia-por-la-igualdad-y-la-soberania-en-caba\/#primaryimage","url":"https:\/\/i0.wp.com\/vamosporlaliberacion.org\/crpmlm\/wp-content\/uploads\/2025\/04\/Confluncia-todos.jpg?fit=1446%2C978&ssl=1","contentUrl":"https:\/\/i0.wp.com\/vamosporlaliberacion.org\/crpmlm\/wp-content\/uploads\/2025\/04\/Confluncia-todos.jpg?fit=1446%2C978&ssl=1","width":1446,"height":978},{"@type":"BreadcrumbList","@id":"https:\/\/vamosporlaliberacion.org\/crpmlm\/se-presento-el-frente-confluencia-por-la-igualdad-y-la-soberania-en-caba\/#breadcrumb","itemListElement":[{"@type":"ListItem","position":1,"name":"Portada","item":"https:\/\/vamosporlaliberacion.org\/crpmlm\/"},{"@type":"ListItem","position":2,"name":"Se present\u00f3 el frente Confluencia por la Igualdad y la Soberan\u00eda en CABA"}]},{"@type":"WebSite","@id":"https:\/\/vamosporlaliberacion.org\/crpmlm\/#website","url":"https:\/\/vamosporlaliberacion.org\/crpmlm\/","name":"Vamos por la Liberaci\u00f3n","description":"Prensa CR","potentialAction":[{"@type":"SearchAction","target":{"@type":"EntryPoint","urlTemplate":"https:\/\/vamosporlaliberacion.org\/crpmlm\/?s={search_term_string}"},"query-input":{"@type":"PropertyValueSpecification","valueRequired":true,"valueName":"search_term_string"}}],"inLanguage":"es"},{"@type":"Person","@id":"https:\/\/vamosporlaliberacion.org\/crpmlm\/#\/schema\/person\/ebdbd4bf0e9418b9f0c0a93395366b2f","name":"Prensa Vamos","sameAs":["http:\/\/vamposporlaliberacion.org"],"url":"https:\/\/vamosporlaliberacion.org\/crpmlm\/author\/editor\/"}]}},"jetpack_featured_media_url":"https:\/\/i0.wp.com\/vamosporlaliberacion.org\/crpmlm\/wp-content\/uploads\/2025\/04\/Confluncia-todos.jpg?fit=1446%2C978&ssl=1","jetpack_sharing_enabled":true,"_links":{"self":[{"href":"https:\/\/vamosporlaliberacion.org\/crpmlm\/wp-json\/wp\/v2\/posts\/28415","targetHints":{"allow":["GET"]}}],"collection":[{"href":"https:\/\/vamosporlaliberacion.org\/crpmlm\/wp-json\/wp\/v2\/posts"}],"about":[{"href":"https:\/\/vamosporlaliberacion.org\/crpmlm\/wp-json\/wp\/v2\/types\/post"}],"author":[{"embeddable":true,"href":"https:\/\/vamosporlaliberacion.org\/crpmlm\/wp-json\/wp\/v2\/users\/9"}],"replies":[{"embeddable":true,"href":"https:\/\/vamosporlaliberacion.org\/crpmlm\/wp-json\/wp\/v2\/comments?post=28415"}],"version-history":[{"count":2,"href":"https:\/\/vamosporlaliberacion.org\/crpmlm\/wp-json\/wp\/v2\/posts\/28415\/revisions"}],"predecessor-version":[{"id":28418,"href":"https:\/\/vamosporlaliberacion.org\/crpmlm\/wp-json\/wp\/v2\/posts\/28415\/revisions\/28418"}],"wp:featuredmedia":[{"embeddable":true,"href":"https:\/\/vamosporlaliberacion.org\/crpmlm\/wp-json\/wp\/v2\/media\/28416"}],"wp:attachment":[{"href":"https:\/\/vamosporlaliberacion.org\/crpmlm\/wp-json\/wp\/v2\/media?parent=28415"}],"wp:term":[{"taxonomy":"category","embeddable":true,"href":"https:\/\/vamosporlaliberacion.org\/crpmlm\/wp-json\/wp\/v2\/categories?post=28415"},{"taxonomy":"post_tag","embeddable":true,"href":"https:\/\/vamosporlaliberacion.org\/crpmlm\/wp-json\/wp\/v2\/tags?post=28415"}],"curies":[{"name":"wp","href":"https:\/\/api.w.org\/{rel}","templated":true}]}}