{"id":28092,"date":"2024-09-26T14:21:43","date_gmt":"2024-09-26T17:21:43","guid":{"rendered":"http:\/\/vamosporlaliberacion.org\/crpmlm\/?p=28092"},"modified":"2024-09-26T14:31:26","modified_gmt":"2024-09-26T17:31:26","slug":"todos-el-2-10-a-la-marcha-federal-en-defensa-de-la-educacion-publica","status":"publish","type":"post","link":"https:\/\/vamosporlaliberacion.org\/crpmlm\/todos-el-2-10-a-la-marcha-federal-en-defensa-de-la-educacion-publica\/","title":{"rendered":"Todos el 2\/10 a la Marcha Federal en defensa de la educaci\u00f3n p\u00fablica"},"content":{"rendered":"\n<p><strong>La marcha contra el veto de Milei a la ley de financiamiento universitario, se ha transformado en Marcha Federal Educativa por el llamado al paro y movilizaci\u00f3n por parte de la CTERA para el  2 de octubre junto con el frente de gremios universitarios (docentes y no docentes), la Federaci\u00f3n Universitaria Argentina (FUA) y el CIN (Consejo Interuniversitario Nacional).<\/strong><\/p>\n\n\n\n<p>El martes 24 de septiembre, con una gran movilizaci\u00f3n frente al Hospital de Cl\u00ednicas de la UBA y una marcha de abrazo al mismo, comenzaron las jornadas de visibilizaci\u00f3n del conflicto presupuestario y salarial que mantienen las universidades nacionales con el gobierno de Milei. Este movimiento contin\u00faa con un paro docente de 48 hs el 26 y 27\/9 y un paro no docente el 26\/9 que mantiene hoy, las dependencias universitarias cerradas, de cara a la gran marcha del 2\/10.<\/p>\n\n\n<div class=\"wp-block-image\">\n<figure class=\"aligncenter size-large is-resized\"><img data-recalc-dims=\"1\" loading=\"lazy\" decoding=\"async\" width=\"696\" height=\"392\" src=\"https:\/\/i0.wp.com\/vamosporlaliberacion.org\/crpmlm\/wp-content\/uploads\/2024\/09\/abrazoAlClinicas24-9-24-700x394.jpeg?resize=696%2C392\" alt=\"\" class=\"wp-image-28095\" style=\"width:631px;height:auto\" srcset=\"https:\/\/i0.wp.com\/vamosporlaliberacion.org\/crpmlm\/wp-content\/uploads\/2024\/09\/abrazoAlClinicas24-9-24.jpeg?resize=700%2C394&amp;ssl=1 700w, https:\/\/i0.wp.com\/vamosporlaliberacion.org\/crpmlm\/wp-content\/uploads\/2024\/09\/abrazoAlClinicas24-9-24.jpeg?resize=300%2C169&amp;ssl=1 300w, https:\/\/i0.wp.com\/vamosporlaliberacion.org\/crpmlm\/wp-content\/uploads\/2024\/09\/abrazoAlClinicas24-9-24.jpeg?resize=768%2C432&amp;ssl=1 768w, https:\/\/i0.wp.com\/vamosporlaliberacion.org\/crpmlm\/wp-content\/uploads\/2024\/09\/abrazoAlClinicas24-9-24.jpeg?resize=1536%2C865&amp;ssl=1 1536w, https:\/\/i0.wp.com\/vamosporlaliberacion.org\/crpmlm\/wp-content\/uploads\/2024\/09\/abrazoAlClinicas24-9-24.jpeg?resize=150%2C84&amp;ssl=1 150w, https:\/\/i0.wp.com\/vamosporlaliberacion.org\/crpmlm\/wp-content\/uploads\/2024\/09\/abrazoAlClinicas24-9-24.jpeg?resize=696%2C392&amp;ssl=1 696w, https:\/\/i0.wp.com\/vamosporlaliberacion.org\/crpmlm\/wp-content\/uploads\/2024\/09\/abrazoAlClinicas24-9-24.jpeg?resize=1068%2C601&amp;ssl=1 1068w, https:\/\/i0.wp.com\/vamosporlaliberacion.org\/crpmlm\/wp-content\/uploads\/2024\/09\/abrazoAlClinicas24-9-24.jpeg?resize=746%2C420&amp;ssl=1 746w, https:\/\/i0.wp.com\/vamosporlaliberacion.org\/crpmlm\/wp-content\/uploads\/2024\/09\/abrazoAlClinicas24-9-24.jpeg?w=1600&amp;ssl=1 1600w, https:\/\/i0.wp.com\/vamosporlaliberacion.org\/crpmlm\/wp-content\/uploads\/2024\/09\/abrazoAlClinicas24-9-24.jpeg?w=1392&amp;ssl=1 1392w\" sizes=\"auto, (max-width: 696px) 100vw, 696px\" \/><figcaption class=\"wp-element-caption\">Nodocentes en el abrazo al Cl\u00ednicas-UBA<\/figcaption><\/figure>\n<\/div>\n\n\n<p>Milei suma a su eslogan de ser el m\u00e1s ajustador del la historia, el de ser el presidente de los vetos antipopulares. Ya realiz\u00f3, con un sector impresentable de los diputados, el veto al aumento a los jubilados, que adem\u00e1s de ser hambreados son reprimidos todos los mi\u00e9rcoles en su concentraci\u00f3n por aumento de asignaciones y el retorno de la cobertura total de medicamentos esenciales, en el Congreso Nacional. Ahora va por el financiamiento universitario, al que ya recort\u00f3 brutalmente por inflaci\u00f3n y redujo los salarios de los trabajadores universitarios al menos un 40%.<\/p>\n\n\n<div class=\"wp-block-image\">\n<figure class=\"aligncenter size-large is-resized\"><img data-recalc-dims=\"1\" loading=\"lazy\" decoding=\"async\" width=\"696\" height=\"392\" src=\"https:\/\/i0.wp.com\/vamosporlaliberacion.org\/crpmlm\/wp-content\/uploads\/2024\/09\/abrazoAlClinicas24-9-24-3-700x394.jpeg?resize=696%2C392\" alt=\"\" class=\"wp-image-28094\" style=\"width:558px;height:auto\" srcset=\"https:\/\/i0.wp.com\/vamosporlaliberacion.org\/crpmlm\/wp-content\/uploads\/2024\/09\/abrazoAlClinicas24-9-24-3.jpeg?resize=700%2C394&amp;ssl=1 700w, https:\/\/i0.wp.com\/vamosporlaliberacion.org\/crpmlm\/wp-content\/uploads\/2024\/09\/abrazoAlClinicas24-9-24-3.jpeg?resize=300%2C169&amp;ssl=1 300w, https:\/\/i0.wp.com\/vamosporlaliberacion.org\/crpmlm\/wp-content\/uploads\/2024\/09\/abrazoAlClinicas24-9-24-3.jpeg?resize=768%2C432&amp;ssl=1 768w, https:\/\/i0.wp.com\/vamosporlaliberacion.org\/crpmlm\/wp-content\/uploads\/2024\/09\/abrazoAlClinicas24-9-24-3.jpeg?resize=1536%2C865&amp;ssl=1 1536w, https:\/\/i0.wp.com\/vamosporlaliberacion.org\/crpmlm\/wp-content\/uploads\/2024\/09\/abrazoAlClinicas24-9-24-3.jpeg?resize=150%2C84&amp;ssl=1 150w, https:\/\/i0.wp.com\/vamosporlaliberacion.org\/crpmlm\/wp-content\/uploads\/2024\/09\/abrazoAlClinicas24-9-24-3.jpeg?resize=696%2C392&amp;ssl=1 696w, https:\/\/i0.wp.com\/vamosporlaliberacion.org\/crpmlm\/wp-content\/uploads\/2024\/09\/abrazoAlClinicas24-9-24-3.jpeg?resize=1068%2C601&amp;ssl=1 1068w, https:\/\/i0.wp.com\/vamosporlaliberacion.org\/crpmlm\/wp-content\/uploads\/2024\/09\/abrazoAlClinicas24-9-24-3.jpeg?resize=746%2C420&amp;ssl=1 746w, https:\/\/i0.wp.com\/vamosporlaliberacion.org\/crpmlm\/wp-content\/uploads\/2024\/09\/abrazoAlClinicas24-9-24-3.jpeg?w=1600&amp;ssl=1 1600w, https:\/\/i0.wp.com\/vamosporlaliberacion.org\/crpmlm\/wp-content\/uploads\/2024\/09\/abrazoAlClinicas24-9-24-3.jpeg?w=1392&amp;ssl=1 1392w\" sizes=\"auto, (max-width: 696px) 100vw, 696px\" \/><figcaption class=\"wp-element-caption\">Abrazo al Cl\u00ednicas &#8211; UBA<\/figcaption><\/figure>\n<\/div>\n\n\n<p><\/p>\n\n\n\n<p><a><\/a> Los salarios de pobreza que cobran todos los trabajadores universitarios atenta contra la calidad educativa. <strong>Las universidades nacionales argentinas se ubican entre las mejores del mundo y son un ejemplo de que se puede dar educaci<\/strong><strong>\u00f3n superior de excelencia de forma libre y gratuita garantizada por el Estado<\/strong>. La pol\u00edtica de desfinanciamiento educativo del gobierno empuja a los trabajadores docentes a otras tareas para llegar a fin de mes, deteriorando de exprofeso la educaci\u00f3n de nuestros hijos.<\/p>\n\n\n\n<p>Estamos frente a un gobierno que ha puesto el pago de la deuda externa, un robo al pueblo en el que particip\u00f3 entre otros su Ministro \u201cestrella\u201d Luis Caputo, en el centro de su \u201cequilibrio fiscal cero\u201d, dejando trabajadores en la calle, licuando salarios y jubilaciones y provocando una recesi\u00f3n casi sin precedentes, que arrasa con pymes, detiene f\u00e1bricas provocando miles de suspensiones.<\/p>\n\n\n\n<p>Hoy se anuncia el \u00edndice de pobreza. Se habla de un 56%, lo que significa que el vaciamiento econ\u00f3mico y la entrega del gobierno de LLA, subi\u00f3 en 10 meses un 15% la pobreza. Otro logro rel\u00e1mpago de la atroz pol\u00edtica antipopular y vendepatria de Milei, que deja <strong>millones de trabajadores pobres<\/strong>.<\/p>\n\n\n\n<p>En las \u00faltimas elecciones de claustros y de centros de estudiantes en la UBA, se evidenci\u00f3 un avance de sectores populares. En ese marco, en las facultades donde LLA present\u00f3 lista, tuvo una intenci\u00f3n de voto muy baja, evidenciando un cambio en cuanto al estado de \u00e1nimo de la juventud. Por otro lado, hay un avance en el protagonismo de las mujeres, porque aparte de que una estudiante dirige la FUA, varias precidencias de centros las encabezan mujeres.<\/p>\n\n\n\n<p>Es necesario trabajar y debatir en cada sector y aulas, buscando la organizaci\u00f3n y la unidad amplia de los compa\u00f1eros contra la pol\u00edtica antipopular del gobierno. Organizaci\u00f3n para la lucha en cada lugar y en las calles. El aumento de la pobreza, el mapa de despidos en el Estado, el vaciamiento en salud y educaci\u00f3n as\u00ed lo requieren.<\/p>\n\n\n\n<h3 class=\"wp-block-heading\" style=\"margin-bottom:-23px\"><strong>Con salarios de hambre las universidades no funcionan.<\/strong><\/h3>\n\n\n\n<h3 class=\"wp-block-heading\" style=\"margin-bottom:-23px\"><strong>No al veto de Milei a la Ley de financiamiento universitario.<\/strong><\/h3>\n\n\n\n<h3 class=\"wp-block-heading\" style=\"margin-bottom:-23px\"><strong>Paro activo y marcha al Congreso el 2\/10.<\/strong><\/h3>\n\n\n\n<h3 class=\"wp-block-heading\"><strong>Por una Nueva Ley de Financiamiento Educativo.<\/strong><\/h3>\n\n\n\n<p><\/p>\n<!-- AddThis Advanced Settings generic via filter on the_content --><!-- AddThis Share Buttons generic via filter on the_content -->","protected":false},"excerpt":{"rendered":"<p>La marcha contra el veto de Milei a la ley de financiamiento universitario, se ha transformado en Marcha Federal Educativa por el llamado al paro y movilizaci\u00f3n por parte de la CTERA para el 2 de octubre junto con el frente de gremios universitarios (docentes y no docentes), la Federaci\u00f3n Universitaria Argentina (FUA) y el [&hellip;]<!-- AddThis Advanced Settings generic via filter on get_the_excerpt --><!-- AddThis Share Buttons generic via filter on get_the_excerpt --><\/p>\n","protected":false},"author":9,"featured_media":28093,"comment_status":"closed","ping_status":"closed","sticky":false,"template":"","format":"standard","meta":{"_jetpack_memberships_contains_paid_content":false,"footnotes":""},"categories":[1932,1699],"tags":[],"class_list":{"0":"post-28092","1":"post","2":"type-post","3":"status-publish","4":"format-standard","5":"has-post-thumbnail","7":"category-educacion","8":"category-noticias"},"yoast_head":"<!-- This site is optimized with the Yoast SEO plugin v27.4 - https:\/\/yoast.com\/product\/yoast-seo-wordpress\/ -->\n<title>Todos el 2\/10 a la Marcha Federal en defensa de la educaci\u00f3n p\u00fablica - Vamos por la Liberaci\u00f3n<\/title>\n<meta name=\"description\" content=\"La marcha contra el veto de Milei a la ley de financiamiento universitario, se ha transformado en Marcha Federal Educativa por el llamado al paro y movilizaci\u00f3n por parte de la CTERA para el de 2 de octubre junto con el frente de gremios universitarios (docentes y no docentes), la Federaci\u00f3n Universitaria Argentina (FUA) y el CIN (Consejo Interuniversitario Nacional).\" \/>\n<meta name=\"robots\" content=\"index, follow, max-snippet:-1, max-image-preview:large, max-video-preview:-1\" \/>\n<link rel=\"canonical\" href=\"http:\/\/vamosporlaliberacion.org\/crpmlm\/todos-el-2-10-a-la-marcha-federal-en-defensa-de-la-educacion-publica\/\" \/>\n<meta name=\"twitter:label1\" content=\"Escrito por\" \/>\n\t<meta name=\"twitter:data1\" content=\"Prensa Vamos\" \/>\n\t<meta name=\"twitter:label2\" content=\"Tiempo de lectura\" \/>\n\t<meta name=\"twitter:data2\" content=\"4 minutos\" \/>\n<script type=\"application\/ld+json\" class=\"yoast-schema-graph\">{\"@context\":\"https:\\\/\\\/schema.org\",\"@graph\":[{\"@type\":\"Article\",\"@id\":\"http:\\\/\\\/vamosporlaliberacion.org\\\/crpmlm\\\/todos-el-2-10-a-la-marcha-federal-en-defensa-de-la-educacion-publica\\\/#article\",\"isPartOf\":{\"@id\":\"http:\\\/\\\/vamosporlaliberacion.org\\\/crpmlm\\\/todos-el-2-10-a-la-marcha-federal-en-defensa-de-la-educacion-publica\\\/\"},\"author\":{\"name\":\"Prensa Vamos\",\"@id\":\"https:\\\/\\\/vamosporlaliberacion.org\\\/crpmlm\\\/#\\\/schema\\\/person\\\/ebdbd4bf0e9418b9f0c0a93395366b2f\"},\"headline\":\"Todos el 2\\\/10 a la Marcha Federal en defensa de la educaci\u00f3n p\u00fablica\",\"datePublished\":\"2024-09-26T17:21:43+00:00\",\"dateModified\":\"2024-09-26T17:31:26+00:00\",\"mainEntityOfPage\":{\"@id\":\"http:\\\/\\\/vamosporlaliberacion.org\\\/crpmlm\\\/todos-el-2-10-a-la-marcha-federal-en-defensa-de-la-educacion-publica\\\/\"},\"wordCount\":635,\"image\":{\"@id\":\"http:\\\/\\\/vamosporlaliberacion.org\\\/crpmlm\\\/todos-el-2-10-a-la-marcha-federal-en-defensa-de-la-educacion-publica\\\/#primaryimage\"},\"thumbnailUrl\":\"https:\\\/\\\/i0.wp.com\\\/vamosporlaliberacion.org\\\/crpmlm\\\/wp-content\\\/uploads\\\/2024\\\/09\\\/abrazoAlClinicas24-9-24-2.jpeg?fit=900%2C507&ssl=1\",\"articleSection\":[\"Educaci\u00f3n\",\"Noticias\"],\"inLanguage\":\"es\"},{\"@type\":\"WebPage\",\"@id\":\"http:\\\/\\\/vamosporlaliberacion.org\\\/crpmlm\\\/todos-el-2-10-a-la-marcha-federal-en-defensa-de-la-educacion-publica\\\/\",\"url\":\"http:\\\/\\\/vamosporlaliberacion.org\\\/crpmlm\\\/todos-el-2-10-a-la-marcha-federal-en-defensa-de-la-educacion-publica\\\/\",\"name\":\"Todos el 2\\\/10 a la Marcha Federal en defensa de la educaci\u00f3n p\u00fablica - Vamos por la Liberaci\u00f3n\",\"isPartOf\":{\"@id\":\"https:\\\/\\\/vamosporlaliberacion.org\\\/crpmlm\\\/#website\"},\"primaryImageOfPage\":{\"@id\":\"http:\\\/\\\/vamosporlaliberacion.org\\\/crpmlm\\\/todos-el-2-10-a-la-marcha-federal-en-defensa-de-la-educacion-publica\\\/#primaryimage\"},\"image\":{\"@id\":\"http:\\\/\\\/vamosporlaliberacion.org\\\/crpmlm\\\/todos-el-2-10-a-la-marcha-federal-en-defensa-de-la-educacion-publica\\\/#primaryimage\"},\"thumbnailUrl\":\"https:\\\/\\\/i0.wp.com\\\/vamosporlaliberacion.org\\\/crpmlm\\\/wp-content\\\/uploads\\\/2024\\\/09\\\/abrazoAlClinicas24-9-24-2.jpeg?fit=900%2C507&ssl=1\",\"datePublished\":\"2024-09-26T17:21:43+00:00\",\"dateModified\":\"2024-09-26T17:31:26+00:00\",\"author\":{\"@id\":\"https:\\\/\\\/vamosporlaliberacion.org\\\/crpmlm\\\/#\\\/schema\\\/person\\\/ebdbd4bf0e9418b9f0c0a93395366b2f\"},\"description\":\"La marcha contra el veto de Milei a la ley de financiamiento universitario, se ha transformado en Marcha Federal Educativa por el llamado al paro y movilizaci\u00f3n por parte de la CTERA para el de 2 de octubre junto con el frente de gremios universitarios (docentes y no docentes), la Federaci\u00f3n Universitaria Argentina (FUA) y el CIN (Consejo Interuniversitario Nacional).\",\"breadcrumb\":{\"@id\":\"http:\\\/\\\/vamosporlaliberacion.org\\\/crpmlm\\\/todos-el-2-10-a-la-marcha-federal-en-defensa-de-la-educacion-publica\\\/#breadcrumb\"},\"inLanguage\":\"es\",\"potentialAction\":[{\"@type\":\"ReadAction\",\"target\":[\"http:\\\/\\\/vamosporlaliberacion.org\\\/crpmlm\\\/todos-el-2-10-a-la-marcha-federal-en-defensa-de-la-educacion-publica\\\/\"]}]},{\"@type\":\"ImageObject\",\"inLanguage\":\"es\",\"@id\":\"http:\\\/\\\/vamosporlaliberacion.org\\\/crpmlm\\\/todos-el-2-10-a-la-marcha-federal-en-defensa-de-la-educacion-publica\\\/#primaryimage\",\"url\":\"https:\\\/\\\/i0.wp.com\\\/vamosporlaliberacion.org\\\/crpmlm\\\/wp-content\\\/uploads\\\/2024\\\/09\\\/abrazoAlClinicas24-9-24-2.jpeg?fit=900%2C507&ssl=1\",\"contentUrl\":\"https:\\\/\\\/i0.wp.com\\\/vamosporlaliberacion.org\\\/crpmlm\\\/wp-content\\\/uploads\\\/2024\\\/09\\\/abrazoAlClinicas24-9-24-2.jpeg?fit=900%2C507&ssl=1\",\"width\":900,\"height\":507},{\"@type\":\"BreadcrumbList\",\"@id\":\"http:\\\/\\\/vamosporlaliberacion.org\\\/crpmlm\\\/todos-el-2-10-a-la-marcha-federal-en-defensa-de-la-educacion-publica\\\/#breadcrumb\",\"itemListElement\":[{\"@type\":\"ListItem\",\"position\":1,\"name\":\"Portada\",\"item\":\"https:\\\/\\\/vamosporlaliberacion.org\\\/crpmlm\\\/\"},{\"@type\":\"ListItem\",\"position\":2,\"name\":\"Todos el 2\\\/10 a la Marcha Federal en defensa de la educaci\u00f3n p\u00fablica\"}]},{\"@type\":\"WebSite\",\"@id\":\"https:\\\/\\\/vamosporlaliberacion.org\\\/crpmlm\\\/#website\",\"url\":\"https:\\\/\\\/vamosporlaliberacion.org\\\/crpmlm\\\/\",\"name\":\"Vamos por la Liberaci\u00f3n\",\"description\":\"Prensa CR\",\"potentialAction\":[{\"@type\":\"SearchAction\",\"target\":{\"@type\":\"EntryPoint\",\"urlTemplate\":\"https:\\\/\\\/vamosporlaliberacion.org\\\/crpmlm\\\/?s={search_term_string}\"},\"query-input\":{\"@type\":\"PropertyValueSpecification\",\"valueRequired\":true,\"valueName\":\"search_term_string\"}}],\"inLanguage\":\"es\"},{\"@type\":\"Person\",\"@id\":\"https:\\\/\\\/vamosporlaliberacion.org\\\/crpmlm\\\/#\\\/schema\\\/person\\\/ebdbd4bf0e9418b9f0c0a93395366b2f\",\"name\":\"Prensa Vamos\",\"sameAs\":[\"http:\\\/\\\/vamposporlaliberacion.org\"],\"url\":\"https:\\\/\\\/vamosporlaliberacion.org\\\/crpmlm\\\/author\\\/editor\\\/\"}]}<\/script>\n<!-- \/ Yoast SEO plugin. -->","yoast_head_json":{"title":"Todos el 2\/10 a la Marcha Federal en defensa de la educaci\u00f3n p\u00fablica - Vamos por la Liberaci\u00f3n","description":"La marcha contra el veto de Milei a la ley de financiamiento universitario, se ha transformado en Marcha Federal Educativa por el llamado al paro y movilizaci\u00f3n por parte de la CTERA para el de 2 de octubre junto con el frente de gremios universitarios (docentes y no docentes), la Federaci\u00f3n Universitaria Argentina (FUA) y el CIN (Consejo Interuniversitario Nacional).","robots":{"index":"index","follow":"follow","max-snippet":"max-snippet:-1","max-image-preview":"max-image-preview:large","max-video-preview":"max-video-preview:-1"},"canonical":"http:\/\/vamosporlaliberacion.org\/crpmlm\/todos-el-2-10-a-la-marcha-federal-en-defensa-de-la-educacion-publica\/","twitter_misc":{"Escrito por":"Prensa Vamos","Tiempo de lectura":"4 minutos"},"schema":{"@context":"https:\/\/schema.org","@graph":[{"@type":"Article","@id":"http:\/\/vamosporlaliberacion.org\/crpmlm\/todos-el-2-10-a-la-marcha-federal-en-defensa-de-la-educacion-publica\/#article","isPartOf":{"@id":"http:\/\/vamosporlaliberacion.org\/crpmlm\/todos-el-2-10-a-la-marcha-federal-en-defensa-de-la-educacion-publica\/"},"author":{"name":"Prensa Vamos","@id":"https:\/\/vamosporlaliberacion.org\/crpmlm\/#\/schema\/person\/ebdbd4bf0e9418b9f0c0a93395366b2f"},"headline":"Todos el 2\/10 a la Marcha Federal en defensa de la educaci\u00f3n p\u00fablica","datePublished":"2024-09-26T17:21:43+00:00","dateModified":"2024-09-26T17:31:26+00:00","mainEntityOfPage":{"@id":"http:\/\/vamosporlaliberacion.org\/crpmlm\/todos-el-2-10-a-la-marcha-federal-en-defensa-de-la-educacion-publica\/"},"wordCount":635,"image":{"@id":"http:\/\/vamosporlaliberacion.org\/crpmlm\/todos-el-2-10-a-la-marcha-federal-en-defensa-de-la-educacion-publica\/#primaryimage"},"thumbnailUrl":"https:\/\/i0.wp.com\/vamosporlaliberacion.org\/crpmlm\/wp-content\/uploads\/2024\/09\/abrazoAlClinicas24-9-24-2.jpeg?fit=900%2C507&ssl=1","articleSection":["Educaci\u00f3n","Noticias"],"inLanguage":"es"},{"@type":"WebPage","@id":"http:\/\/vamosporlaliberacion.org\/crpmlm\/todos-el-2-10-a-la-marcha-federal-en-defensa-de-la-educacion-publica\/","url":"http:\/\/vamosporlaliberacion.org\/crpmlm\/todos-el-2-10-a-la-marcha-federal-en-defensa-de-la-educacion-publica\/","name":"Todos el 2\/10 a la Marcha Federal en defensa de la educaci\u00f3n p\u00fablica - Vamos por la Liberaci\u00f3n","isPartOf":{"@id":"https:\/\/vamosporlaliberacion.org\/crpmlm\/#website"},"primaryImageOfPage":{"@id":"http:\/\/vamosporlaliberacion.org\/crpmlm\/todos-el-2-10-a-la-marcha-federal-en-defensa-de-la-educacion-publica\/#primaryimage"},"image":{"@id":"http:\/\/vamosporlaliberacion.org\/crpmlm\/todos-el-2-10-a-la-marcha-federal-en-defensa-de-la-educacion-publica\/#primaryimage"},"thumbnailUrl":"https:\/\/i0.wp.com\/vamosporlaliberacion.org\/crpmlm\/wp-content\/uploads\/2024\/09\/abrazoAlClinicas24-9-24-2.jpeg?fit=900%2C507&ssl=1","datePublished":"2024-09-26T17:21:43+00:00","dateModified":"2024-09-26T17:31:26+00:00","author":{"@id":"https:\/\/vamosporlaliberacion.org\/crpmlm\/#\/schema\/person\/ebdbd4bf0e9418b9f0c0a93395366b2f"},"description":"La marcha contra el veto de Milei a la ley de financiamiento universitario, se ha transformado en Marcha Federal Educativa por el llamado al paro y movilizaci\u00f3n por parte de la CTERA para el de 2 de octubre junto con el frente de gremios universitarios (docentes y no docentes), la Federaci\u00f3n Universitaria Argentina (FUA) y el CIN (Consejo Interuniversitario Nacional).","breadcrumb":{"@id":"http:\/\/vamosporlaliberacion.org\/crpmlm\/todos-el-2-10-a-la-marcha-federal-en-defensa-de-la-educacion-publica\/#breadcrumb"},"inLanguage":"es","potentialAction":[{"@type":"ReadAction","target":["http:\/\/vamosporlaliberacion.org\/crpmlm\/todos-el-2-10-a-la-marcha-federal-en-defensa-de-la-educacion-publica\/"]}]},{"@type":"ImageObject","inLanguage":"es","@id":"http:\/\/vamosporlaliberacion.org\/crpmlm\/todos-el-2-10-a-la-marcha-federal-en-defensa-de-la-educacion-publica\/#primaryimage","url":"https:\/\/i0.wp.com\/vamosporlaliberacion.org\/crpmlm\/wp-content\/uploads\/2024\/09\/abrazoAlClinicas24-9-24-2.jpeg?fit=900%2C507&ssl=1","contentUrl":"https:\/\/i0.wp.com\/vamosporlaliberacion.org\/crpmlm\/wp-content\/uploads\/2024\/09\/abrazoAlClinicas24-9-24-2.jpeg?fit=900%2C507&ssl=1","width":900,"height":507},{"@type":"BreadcrumbList","@id":"http:\/\/vamosporlaliberacion.org\/crpmlm\/todos-el-2-10-a-la-marcha-federal-en-defensa-de-la-educacion-publica\/#breadcrumb","itemListElement":[{"@type":"ListItem","position":1,"name":"Portada","item":"https:\/\/vamosporlaliberacion.org\/crpmlm\/"},{"@type":"ListItem","position":2,"name":"Todos el 2\/10 a la Marcha Federal en defensa de la educaci\u00f3n p\u00fablica"}]},{"@type":"WebSite","@id":"https:\/\/vamosporlaliberacion.org\/crpmlm\/#website","url":"https:\/\/vamosporlaliberacion.org\/crpmlm\/","name":"Vamos por la Liberaci\u00f3n","description":"Prensa CR","potentialAction":[{"@type":"SearchAction","target":{"@type":"EntryPoint","urlTemplate":"https:\/\/vamosporlaliberacion.org\/crpmlm\/?s={search_term_string}"},"query-input":{"@type":"PropertyValueSpecification","valueRequired":true,"valueName":"search_term_string"}}],"inLanguage":"es"},{"@type":"Person","@id":"https:\/\/vamosporlaliberacion.org\/crpmlm\/#\/schema\/person\/ebdbd4bf0e9418b9f0c0a93395366b2f","name":"Prensa Vamos","sameAs":["http:\/\/vamposporlaliberacion.org"],"url":"https:\/\/vamosporlaliberacion.org\/crpmlm\/author\/editor\/"}]}},"jetpack_featured_media_url":"https:\/\/i0.wp.com\/vamosporlaliberacion.org\/crpmlm\/wp-content\/uploads\/2024\/09\/abrazoAlClinicas24-9-24-2.jpeg?fit=900%2C507&ssl=1","jetpack_sharing_enabled":true,"_links":{"self":[{"href":"https:\/\/vamosporlaliberacion.org\/crpmlm\/wp-json\/wp\/v2\/posts\/28092","targetHints":{"allow":["GET"]}}],"collection":[{"href":"https:\/\/vamosporlaliberacion.org\/crpmlm\/wp-json\/wp\/v2\/posts"}],"about":[{"href":"https:\/\/vamosporlaliberacion.org\/crpmlm\/wp-json\/wp\/v2\/types\/post"}],"author":[{"embeddable":true,"href":"https:\/\/vamosporlaliberacion.org\/crpmlm\/wp-json\/wp\/v2\/users\/9"}],"replies":[{"embeddable":true,"href":"https:\/\/vamosporlaliberacion.org\/crpmlm\/wp-json\/wp\/v2\/comments?post=28092"}],"version-history":[{"count":3,"href":"https:\/\/vamosporlaliberacion.org\/crpmlm\/wp-json\/wp\/v2\/posts\/28092\/revisions"}],"predecessor-version":[{"id":28099,"href":"https:\/\/vamosporlaliberacion.org\/crpmlm\/wp-json\/wp\/v2\/posts\/28092\/revisions\/28099"}],"wp:featuredmedia":[{"embeddable":true,"href":"https:\/\/vamosporlaliberacion.org\/crpmlm\/wp-json\/wp\/v2\/media\/28093"}],"wp:attachment":[{"href":"https:\/\/vamosporlaliberacion.org\/crpmlm\/wp-json\/wp\/v2\/media?parent=28092"}],"wp:term":[{"taxonomy":"category","embeddable":true,"href":"https:\/\/vamosporlaliberacion.org\/crpmlm\/wp-json\/wp\/v2\/categories?post=28092"},{"taxonomy":"post_tag","embeddable":true,"href":"https:\/\/vamosporlaliberacion.org\/crpmlm\/wp-json\/wp\/v2\/tags?post=28092"}],"curies":[{"name":"wp","href":"https:\/\/api.w.org\/{rel}","templated":true}]}}