{"id":27980,"date":"2024-07-08T20:00:40","date_gmt":"2024-07-08T23:00:40","guid":{"rendered":"http:\/\/vamosporlaliberacion.org\/crpmlm\/?p=27980"},"modified":"2024-07-08T20:00:43","modified_gmt":"2024-07-08T23:00:43","slug":"francia-se-salva-de-la-catastrofe","status":"publish","type":"post","link":"https:\/\/vamosporlaliberacion.org\/crpmlm\/francia-se-salva-de-la-catastrofe\/","title":{"rendered":"Francia se salva de la Cat\u00e1strofe"},"content":{"rendered":"\n<h3 class=\"wp-block-heading\"><strong>La coalici\u00f3n de izquierda del Nuevo Frente Popular obtuvo una sorprendente victoria en la segunda vuelta de las elecciones parlamentarias en Francia, y tanto el Fascismo como el Neonazismo &#8211; ahora con el eufemismo de ultraderecha &#8211; han sido asestados con un golpe tremendo.<\/strong><\/h3>\n\n\n\n<p>Aunque el Nuevo Frente Popular que acaba de ganar las elecciones legislativas en Francia con Jean Luc M\u00e9lenchon a la cabeza del frente, obteniendo con esto la primera mayor\u00eda en la Asamblea Nacional, los medios hegem\u00f3nicos dirigidos por las Potencias Imperialistas y pro Israelita, inmediatamente luego de conocerse la victoria del Nuevo Frente, comenzaron a esmerilar el proyecto antifascista que gan\u00f3 las elecciones, diciendo de M\u00e9lenchon que no es el lider de la Izquierda Francesa, a pesar que representa al partido m\u00e1s fuerte de esta.<\/p>\n\n\n\n<p>Lo han se\u00f1alado ademas de putinista, extremista y antisemita. Est\u00e1 claro que los grandes poderes no van a aceptar esta derrota y van a combatirla sin ninguna duda, y har\u00e1n todo lo posible para destruir a M\u00e9lenchon y a su partido, La Francia Insumisa.<\/p>\n\n\n\n<p>Luego de la primera vuelta, parec\u00eda que todo estaba en manos y a favor de la ultraderecha encabezada por Le Pen, pero al final qued\u00f3 en tercer lugar, teniendo a un Macron en una resistencia debilitada.<\/p>\n\n\n\n<p>Entre otros, los partidos que forman el nuevo Frente Popular franc\u00e9s est\u00e1n Los Ecologistas, La Francia Insumisa, el Partido Comunista Franc\u00e9s o el Partido Socialista a los que se han unido otras formaciones como Plaza P\u00fablica (PP), Generaci\u00f3n-s o la Izquierda Republicana y Socialista (GRS).<em>(eldiarioar.com 08\/07\/2024)<\/em><\/p>\n\n\n\n<p>Los principios politicos que nacieron alli, libertad, igualdad y fraternidad tienen una nueva oportunidad, Francia est\u00e1 de pie y resistiendo las embestidas de una nueva ola Europea de Neofascismo.<\/p>\n\n\n\n<p>De acuerdo con el recuento electoral, el nuevo Frente Popular es el bloque con m\u00e1s esca\u00f1os \u2013182\u2013, por delante del bloque presidencial \u2013168 asientos\u2013, mientras la extrema derecha de Marine Le Pen queda en tercer lugar \u2013143 asientos.<\/p>\n\n\n\n<p>De los 182 del Nuevo Frente Popular, la Francia Insumisa tiene 71 esca\u00f1os, mientras que el PS se queda en 61. En tercer lugar de la coalici\u00f3n, los ecologistas tendr\u00e1n 33 esca\u00f1os y los comunistas, 9.<em>(eldiarioar.com 08\/07\/2024).<\/em><\/p>\n\n\n\n<p>Ahora bien: dado que el r\u00e9gimen pol\u00edtico de Francia es una combinaci\u00f3n entre un presidencialismo atenuado y un parlamentarismo igualmente acotado el presidente Emmanuel Macron podr\u00eda &#8211; extendiendo sus atribuciones m\u00e1s all\u00e1 de lo tradicional &#8211; hacer caso omiso del veredicto de las urnas y designar a un PM de su gusto, claro que con el riesgo de crear una crisis pol\u00edtica de proporciones a escasas tres semanas de la inauguraci\u00f3n de los Juegos Ol\u00edmpicos de Par\u00eds.<em>(rebelion.org 08\/07\/2024.<\/em><\/p>\n\n\n\n<p>Queda claro porque las elites globales pro OTANistas del establishment no dejar\u00e1n en paz a Melenchon y a su coalici\u00f3n, m\u00e1s abajo, su programa deja en claro ese odio que tienen los poderes hacia cualquier pol\u00edtica que presente derechos hacia y en favor de los trabajadores, desocupados y extranjeros.<\/p>\n\n\n\n<p>Lo sucedido este domingo en Francia m\u00e1s el hecho consumado de la derrota del Partido Conservador en el Reino Unido, podr\u00eda sentar las bases de un nuevo mundo y un punto de inflexi\u00f3n que avizore el comienzo del fin del Neofascismo y todas sus variantes de derecha en Europa, y que posiblemente se extienda tambi\u00e9n a Latinoam\u00e9rica.<\/p>\n\n\n\n<p>Lo ocurrido este Jueves pasado en Inglaterra y este Domingo en Francia, no augura vientos favorables para los Fascistas de todos los continentes, sabemos que cuando sufren derrotas pol\u00edticas, su m\u00e1s cercana en infaltable herramienta es la guerra y la destrucci\u00f3n, as\u00ed lo han hecho hist\u00f3ricamente.<\/p>\n\n\n\n<p>En este marco, la ense\u00f1anza de esta semana pasada es que no son momentos de tibiezas, para derrotar al Fascismo hace falta un programa que no dude hacia donde se va, pero sobre todo sin concesiones a la derecha y los Imperialismos, de lo contrario, el rumbo caer\u00e1, por su propio destino.<\/p>\n\n\n\n<h3 class=\"wp-block-heading\"><strong>El Programa del Nuevo Frente Popular<\/strong><\/h3>\n\n\n\n<p><em><strong>Los primeros 15 d\u00edas, la ruptura<\/strong><\/em><\/p>\n\n\n\n<ul class=\"wp-block-list\">\n<li>Congelar por decreto los precios de los productos de primera necesidad en alimentaci\u00f3n, energ\u00eda y carburantes<\/li>\n<\/ul>\n\n\n\n<ul class=\"wp-block-list\">\n<li>Derogar inmediatamente los decretos de aplicaci\u00f3n de la reforma de Emmanuel Macron que eleva la edad de jubilaci\u00f3n a 64 a\u00f1os, as\u00ed como la reforma del seguro de desempleo<\/li>\n<\/ul>\n\n\n\n<ul class=\"wp-block-list\">\n<li>Aumentar la pensi\u00f3n m\u00ednima contributiva al nivel del salario m\u00ednimo y la pensi\u00f3n m\u00ednima de vejez al nivel del umbral de pobreza<\/li>\n<\/ul>\n\n\n\n<ul class=\"wp-block-list\">\n<li>Aumentar los salarios elevando el salario m\u00ednimo a 1.600 euros netos e incrementando el punto de indexaci\u00f3n de los funcionarios en un 10%<\/li>\n<\/ul>\n\n\n\n<ul class=\"wp-block-list\">\n<li>Entablar negociaciones comerciales garantizando un precio m\u00ednimo a los agricultores y gravando los superbeneficios de los agroindustriales y la gran distribuci\u00f3n<\/li>\n<\/ul>\n\n\n\n<ul class=\"wp-block-list\">\n<li>Aumentar un 10% el APL (subsidio personalizado de vivienda)<\/li>\n<\/ul>\n\n\n\n<p><em><strong>Asumir el reto Clim\u00e1tico<\/strong><\/em><\/p>\n\n\n\n<ul class=\"wp-block-list\">\n<li>Declarar una moratoria sobre los grandes proyectos de infraestructuras de autopistas<\/li>\n<\/ul>\n\n\n\n<ul class=\"wp-block-list\">\n<li>Adoptar una moratoria sobre los mega cuencas.<\/li>\n<\/ul>\n\n\n\n<ul class=\"wp-block-list\">\n<li>Aplicar normas precisas para compartir el agua entre todas las actividades.<\/li>\n<\/ul>\n\n\n\n<p><em><strong>Defender el derecho a la vivienda<\/strong><\/em><\/p>\n\n\n\n<ul class=\"wp-block-list\">\n<li>Relanzar la construcci\u00f3n de viviendas sociales revirtiendo los recortes anuales de 1.400 millones de euros de Macron a las organizaciones de vivienda social<\/li>\n<\/ul>\n\n\n\n<ul class=\"wp-block-list\">\n<li>Crear alojamientos de emergencia para la acogida incondicional y, en situaciones de urgencia, requisar las viviendas vac\u00edas necesarias para alojar a las personas sin hogar.<\/li>\n<\/ul>\n\n\n\n<p><em><strong>Reparar los servicios p\u00fablicos<\/strong><\/em><\/p>\n\n\n\n<ul class=\"wp-block-list\">\n<li>Organizar una conferencia para salvar el sistema hospitalario p\u00fablico de la saturaci\u00f3n durante el verano, y proponer que se mejore el trabajo nocturno y de fin de semana del personal<\/li>\n<\/ul>\n\n\n\n<ul class=\"wp-block-list\">\n<li>Restablecer el papel emancipador de la escuela p\u00fablica derogando el \u00abchoque de conocimientos\u00bb de Macron, y preservar la libertad de ense\u00f1anza<\/li>\n<\/ul>\n\n\n\n<ul class=\"wp-block-list\">\n<li>Dar los primeros pasos hacia la gratuidad total de la escuela: comedor, material, transporte, actividades extraescolares<\/li>\n<\/ul>\n\n\n\n<ul class=\"wp-block-list\">\n<li>Aumentar la cuant\u00eda del Pass\u2019Sport a 150 euros y extender su uso al deporte escolar a tiempo para el inicio del nuevo curso escolar.<\/li>\n<\/ul>\n\n\n\n<p><em><strong>Apaciguar<\/strong><\/em><\/p>\n\n\n\n<ul class=\"wp-block-list\">\n<li>Relanzar la creaci\u00f3n de puestos de trabajo subvencionados para las asociaciones, en particular las deportivas y de educaci\u00f3n popular<\/li>\n<\/ul>\n\n\n\n<ul class=\"wp-block-list\">\n<li>Desplegar los primeros equipos de polic\u00eda de proximidad, prohibir los LBD y las granadas mutiladoras y desmantelar los BRAV-M.<\/li>\n<\/ul>\n\n\n\n<p><em><strong>Restablecer la paz en Kanaky, Nueva Caledonia<\/strong><\/em><\/p>\n\n\n\n<ul class=\"wp-block-list\">\n<li>Abandonar el proceso de reforma constitucional destinado a descongelar inmediatamente al electorado. Se trata de un fuerte gesto de apaciguamiento que permitir\u00e1 volver a la v\u00eda del di\u00e1logo y de la b\u00fasqueda de consenso. A trav\u00e9s de la misi\u00f3n de di\u00e1logo, volver a la promesa de un \u00abdestino com\u00fan\u00bb, en el esp\u00edritu de los Acuerdos de Matignon y Numea y de la imparcialidad del Estado, apoyando la b\u00fasqueda de un proyecto de acuerdo global que ponga en marcha un verdadero proceso de emancipaci\u00f3n y descolonizaci\u00f3n<\/li>\n<\/ul>\n\n\n\n<p><em><strong>Poner en la agenda los cambios en Europa<\/strong><\/em><\/p>\n\n\n\n<ul class=\"wp-block-list\">\n<li>Rechazar las restricciones de austeridad del pacto presupuestario<\/li>\n<\/ul>\n\n\n\n<ul class=\"wp-block-list\">\n<li>Proponer una reforma de la Pol\u00edtica Agr\u00edcola Com\u00fan (PAC)<\/li>\n<\/ul>\n\n\n\n<p><em><strong>Promover la diplomacia Francesa al servicio de la paz.<\/strong><\/em><\/p>\n\n\n\n<ul class=\"wp-block-list\">\n<li>Presentar propuestas para una diplomacia que promueva los bienes comunes mundiales<\/li>\n<\/ul>\n\n\n\n<ul class=\"wp-block-list\">\n<li>Una diplomacia que preserve nuestro medio ambiente: reconocimiento del delito de ecocidio, protecci\u00f3n de los fondos marinos, defensa de la gesti\u00f3n de los polos como bien com\u00fan de la humanidad, apoyo a la creaci\u00f3n de un tribunal internacional para la justicia clim\u00e1tica y medioambiental<\/li>\n<\/ul>\n\n\n\n<ul class=\"wp-block-list\">\n<li>Diplomacia al servicio de la salud: defensa del levantamiento de las patentes sobre las vacunas y los recursos m\u00e9dicos para luchar contra las pandemias<\/li>\n<\/ul>\n\n\n\n<ul class=\"wp-block-list\">\n<li>Una diplomacia que garantice la desmilitarizaci\u00f3n y la descontaminaci\u00f3n del espacio<\/li>\n<\/ul>\n\n\n\n<ul class=\"wp-block-list\">\n<li>Adoptar una diplomacia feminista aumentando la financiaci\u00f3n internacional de los derechos de la mujer y presionando para que se adopte en Europa la cl\u00e1usula de la legislaci\u00f3n m\u00e1s favorecida<\/li>\n<\/ul>\n\n\n\n<ul class=\"wp-block-list\">\n<li>Hacer cumplir el compromiso de Francia de destinar el 0,7% de la RNB a la ayuda oficial al desarrollo<\/li>\n<\/ul>\n\n\n\n<p><em><strong>Actuar por un alto al fuego inmediato en Gaza y por una paz justa y duradera.<\/strong><\/em><\/p>\n\n\n\n<ul class=\"wp-block-list\">\n<li>Romper con el apoyo culpable del gobierno franc\u00e9s al gobierno supremacista de extrema derecha de Netanyahu para imponer un alto el fuego inmediato en Gaza y garantizar el cumplimiento de la orden de la Corte Internacional de Justicia (CIJ), que se refiere sin ambig\u00fcedad a un riesgo de genocidio<\/li>\n<\/ul>\n\n\n\n<ul class=\"wp-block-list\">\n<li>Actuar por la liberaci\u00f3n de los rehenes retenidos desde las masacres terroristas de Ham\u00e1s, cuyo proyecto teocr\u00e1tico rechazamos, y por la liberaci\u00f3n de los presos pol\u00edticos palestinos<\/li>\n<\/ul>\n\n\n\n<ul class=\"wp-block-list\">\n<li>Apoyar a la Corte Penal Internacional (CPI) en su procesamiento de los dirigentes de Ham\u00e1s y del gobierno de Netanyahu<\/li>\n<\/ul>\n\n\n\n<ul class=\"wp-block-list\">\n<li>Reconocer inmediatamente el Estado de Palestina junto al Estado de Israel sobre la base de las resoluciones de la ONU<\/li>\n<\/ul>\n\n\n\n<ul class=\"wp-block-list\">\n<li>Declarar un embargo sobre el suministro de armas a Israel<\/li>\n<\/ul>\n\n\n\n<ul class=\"wp-block-list\">\n<li>Imponer sanciones contra el gobierno de extrema derecha de Netanyahu hasta que respete el derecho internacional en Gaza y Cisjordania<\/li>\n<\/ul>\n\n\n\n<ul class=\"wp-block-list\">\n<li>Pedir la suspensi\u00f3n del Acuerdo de Asociaci\u00f3n Uni\u00f3n Europea-Israel, supeditada al respeto de los derechos humanos<\/li>\n<\/ul>\n\n\n\n<ul class=\"wp-block-list\">\n<li>Permitir la celebraci\u00f3n de elecciones libres bajo supervisi\u00f3n internacional para que los palestinos puedan decidir su propio destino<\/li>\n<\/ul>\n\n\n\n<ul class=\"wp-block-list\">\n<li>Garantizar el respeto de la soberan\u00eda del L\u00edbano y la protecci\u00f3n de las 700 tropas francesas que trabajan con cascos azules por el derecho internacional<\/li>\n<\/ul>\n\n\n\n<p><strong>Parte 2: 100 primeros d\u00edas, el verano de las bifurcaciones<\/strong><\/p>\n\n\n\n<h3 class=\"wp-block-heading\"><strong>APROBAR UNA GRAN LEY PARA AUMENTAR EL PODER ADQUISITIVO<\/strong><\/h3>\n\n\n\n<ul class=\"wp-block-list\">\n<li>Organizar una gran conferencia social sobre salarios, empleo y competencias<\/li>\n<\/ul>\n\n\n\n<ul class=\"wp-block-list\">\n<li>Indexar los salarios a la inflaci\u00f3n y elevar la Asignaci\u00f3n de Autonom\u00eda para Minusv\u00e1lidos (AAH) al nivel del salario m\u00ednimo<\/li>\n<\/ul>\n\n\n\n<ul class=\"wp-block-list\">\n<li>Suprimir el impuesto de Macron del 10% sobre las facturas de energ\u00eda, anular el aumento previsto del precio del gas el 1 de julio, limitar las comisiones bancarias, hacer gratuito el primer KwH, suprimir los cortes de electricidad, calefacci\u00f3n y gas (excluida la tregua invernal), anular las reformas de Macron sobre la renta de solidaridad activa (RSA)<\/li>\n<\/ul>\n\n\n\n<h3 class=\"wp-block-heading\"><strong>APROBAR UNA IMPORTANTE LEY SANITARIA<\/strong><\/h3>\n\n\n\n<ul class=\"wp-block-list\">\n<li>Regular la instalaci\u00f3n de m\u00e9dicos en los desiertos m\u00e9dicos y restablecer la atenci\u00f3n de guardia para los m\u00e9dicos liberales en los centros de salud<\/li>\n<\/ul>\n\n\n\n<ul class=\"wp-block-list\">\n<li>Condicionar la apertura de cl\u00ednicas privadas a la participaci\u00f3n en la atenci\u00f3n continuada y a la garant\u00eda de gastos de bolsillo cero<\/li>\n<\/ul>\n\n\n\n<ul class=\"wp-block-list\">\n<li>Poner en marcha un plan plurianual de contrataci\u00f3n de profesionales sanitarios y m\u00e9dico-sociales (m\u00e9dicos, enfermeros, auxiliares sanitarios, personal administrativo) y mejorar las profesiones y los salarios<\/li>\n<\/ul>\n\n\n\n<ul class=\"wp-block-list\">\n<li>Crear un centro farmac\u00e9utico p\u00fablico con requisitos de almacenamiento m\u00e1s estrictos<\/li>\n<\/ul>\n\n\n\n<ul class=\"wp-block-list\">\n<li>Prohibir todos los contaminantes eternos (PFAS) para todos los usos, incluidos los utensilios de cocina<\/li>\n<\/ul>\n\n\n\n<h3 class=\"wp-block-heading\"><strong>APROBAR UNA IMPORTANTE LEY DE EDUCACI\u00d3N<\/strong><\/h3>\n\n\n\n<ul class=\"wp-block-list\">\n<li>Reducir el n\u00famero de alumnos por clase para mejorar la media europea de 19 alumnos<\/li>\n<\/ul>\n\n\n\n<ul class=\"wp-block-list\">\n<li>Modular la financiaci\u00f3n de los centros escolares \u2014incluidos los privados\u2014 en funci\u00f3n de su cumplimiento de los objetivos de diversidad social<\/li>\n<\/ul>\n\n\n\n<ul class=\"wp-block-list\">\n<li>Democratizar la universidad suprimiendo Parcoursup y la selecci\u00f3n en las universidades p\u00fablicas, e introducir comidas a 1 euro en los albergues Crous<\/li>\n<\/ul>\n\n\n\n<ul class=\"wp-block-list\">\n<li>Invertir en la educaci\u00f3n nacional en funci\u00f3n de las necesidades, comprometi\u00e9ndose a subir las escalas salariales, reinvirtiendo en los edificios escolares, aumentando el personal m\u00e9dico escolar \u2014garantizando el n\u00famero de efectivos por escuela\u2014 y la vida escolar, reconociendo su papel educativo, creando un servicio p\u00fablico de apoyo a los alumnos con discapacidad, y formando y dando un estatuto permanente a los actuales cuidadores de alumnos con discapacidad (AESH)<\/li>\n<\/ul>\n\n\n\n<ul class=\"wp-block-list\">\n<li>Introducir una garant\u00eda de autonom\u00eda para complementar los ingresos de los hogares que se encuentran por debajo del umbral de pobreza (accesible a partir de los 18 a\u00f1os para los que no pagan impuestos y a partir de los 16 a\u00f1os para los estudiantes de formaci\u00f3n profesional)<\/li>\n<\/ul>\n\n\n\n<h3 class=\"wp-block-heading\"><strong>INICIAR LA PLANIFICACI\u00d3N ECOL\u00d3GICA<\/strong><\/h3>\n\n\n\n<ul class=\"wp-block-list\">\n<li>Aprobar una ley sobre energ\u00eda y clima<\/li>\n<\/ul>\n\n\n\n<ul class=\"wp-block-list\">\n<li>Consagrar el principio de la regla verde<\/li>\n<\/ul>\n\n\n\n<ul class=\"wp-block-list\">\n<li>Poner en marcha un plan clim\u00e1tico cuyo objetivo sea la neutralidad de carbono para 2050<\/li>\n<\/ul>\n\n\n\n<ul class=\"wp-block-list\">\n<li>Garantizar que todas las viviendas est\u00e9n totalmente aisladas, aumentando las ayudas a todos los hogares y garantizando que los hogares con bajos ingresos est\u00e9n totalmente cubiertos<\/li>\n<\/ul>\n\n\n\n<ul class=\"wp-block-list\">\n<li>Acelerar la renovaci\u00f3n de los edificios p\u00fablicos (escuelas, hospitales, etc.)<\/li>\n<\/ul>\n\n\n\n<ul class=\"wp-block-list\">\n<li>Reforzar la estructura de los sectores franceses y europeos de producci\u00f3n de energ\u00edas renovables (de la fabricaci\u00f3n a la producci\u00f3n)<\/li>\n<\/ul>\n\n\n\n<ul class=\"wp-block-list\">\n<li>Convertir a Francia en el l\u00edder europeo de la energ\u00eda marina, con la energ\u00eda e\u00f3lica marina y el desarrollo de la energ\u00eda mareomotriz<\/li>\n<\/ul>\n\n\n\n<ul class=\"wp-block-list\">\n<li>Anular la fusi\u00f3n entre la Agencia Francesa de Seguridad Nuclear (ASN) y el Instituto Franc\u00e9s de Investigaci\u00f3n sobre Seguridad Nuclear (IRSN)<\/li>\n<\/ul>\n\n\n\n<ul class=\"wp-block-list\">\n<li>Rechazar la privatizaci\u00f3n de las presas hidroel\u00e9ctricas<\/li>\n<\/ul>\n\n\n\n<h3 class=\"wp-block-heading\"><strong>COMBATIR TODAS LAS FORMAS DE RACISMO, ANTISEMITISMO E ISLAMOFOBIA<\/strong><\/h3>\n\n\n\n<ul class=\"wp-block-list\">\n<li>En un momento en que la extrema derecha amenaza, se\u00f1alamos que los discursos y las acciones racistas, antisemitas e islam\u00f3fobas se extienden por toda la sociedad y experimentan una explosi\u00f3n preocupante y sin precedentes. No puede haber tolerancia ante tales amenazas y comportamientos, vengan de donde vengan<\/li>\n<\/ul>\n\n\n\n<ul class=\"wp-block-list\">\n<li>Atacar a nuestros compatriotas por el color de su piel o por su religi\u00f3n supuesta o real es un ataque a la Rep\u00fablica. Ver c\u00f3mo algunos de ellos abandonan o quieren abandonar nuestro pa\u00eds es un fracaso colectivo.<\/li>\n<\/ul>\n\n\n\n<h3 class=\"wp-block-heading\"><em><strong>Nos comprometemos a :<\/strong><\/em><\/h3>\n\n\n\n<ul class=\"wp-block-list\">\n<li>Dar a la justicia los medios para perseguir y castigar a los autores de comentarios o actos racistas, islam\u00f3fobos y antisemitas<\/li>\n\n\n\n<li>Crear una Comisi\u00f3n de Igualdad con un Observatorio de la Discriminaci\u00f3n y unidades especializadas en los servicios p\u00fablicos y los tribunales de apelaci\u00f3n<\/li>\n\n\n\n<li>Adoptar y aplicar un plan de lucha contra la discriminaci\u00f3n, especialmente en materia de contrataci\u00f3n, salud y vivienda, e intensificar las sanciones<\/li>\n\n\n\n<li>El antisemitismo tiene una tr\u00e1gica historia en nuestro pa\u00eds que no debe repetirse. Hay que combatir a todos los que propagan el odio contra los jud\u00edos<\/li>\n\n\n\n<li>Propondremos un plan interministerial para comprender, prevenir y combatir el antisemitismo en Francia, en particular en la escuela, y sus efectos en la vida de las personas que lo sufren<\/li>\n\n\n\n<li>Otra forma de odio se dirige especialmente contra los musulmanes o las personas asimiladas a esta religi\u00f3n. Se deriva en particular de la omnipresencia del discurso islam\u00f3fobo en ciertos medios de comunicaci\u00f3n escritos y audiovisuales<\/li>\n\n\n\n<li>Propondremos un plan interministerial para comprender, prevenir y combatir la islamofobia en Francia, y sus efectos sobre quienes la padecen<\/li>\n\n\n\n<li>Garantizaremos la seguridad de los lugares de culto y culturales (jud\u00edos, musulmanes, cristianos) de nuestro pa\u00eds reforzando, si es necesario, todas las medidas de protecci\u00f3n policial de las que gozan<\/li>\n<\/ul>\n\n\n\n<h3 class=\"wp-block-heading\"><strong>SUPRIMIR LOS PRIVILEGIOS DE LOS MULTIMILLONARIOS<\/strong><\/h3>\n\n\n\n<ul class=\"wp-block-list\">\n<li>Aprobar una ley de finanzas rectificativa el 4 de agosto para adoptar una pol\u00edtica fiscal justa, que incluya las siguientes medidas:<\/li>\n<\/ul>\n\n\n\n<ul class=\"wp-block-list\">\n<li>Aumentar la progresividad del impuesto sobre la renta a 14 tramos<\/li>\n\n\n\n<li>Hacer progresivo el CSG<\/li>\n<\/ul>\n\n\n\n<ul class=\"wp-block-list\">\n<li>Reintroducir un impuesto sobre el patrimonio (ISF) m\u00e1s fuerte con un componente clim\u00e1tico<\/li>\n\n\n\n<li>Suprimir el impuesto \u00fanico y restablecer el impuesto de salida<\/li>\n\n\n\n<li>Suprimir los nichos fiscales ineficientes, injustos y contaminantes<\/li>\n\n\n\n<li>Reformar el impuesto de sucesiones para hacerlo m\u00e1s progresivo, centr\u00e1ndose en los patrimonios m\u00e1s elevados e introduciendo un l\u00edmite m\u00e1ximo de herencia<\/li>\n\n\n\n<li>Introducir un impuesto sobre los productos importados basado en el kilometraje.<\/li>\n<\/ul>\n\n\n\n<h3 class=\"wp-block-heading\"><strong>Parte 3: Las transformaciones<\/strong><\/h3>\n\n\n\n<h3 class=\"wp-block-heading\"><strong>VUELVE EL SERVICIO P\u00daBLICO<\/strong><\/h3>\n\n\n\n<ul class=\"wp-block-list\">\n<li>Comenzar a compensar el d\u00e9ficit de puestos de funcionarios en los hospitales p\u00fablicos, los servicios asistenciales y m\u00e9dico-sociales, las escuelas p\u00fablicas, el sistema judicial, los departamentos y organismos gubernamentales, mediante la mejora de los puestos de trabajo y los salarios<\/li>\n<\/ul>\n\n\n\n<ul class=\"wp-block-list\">\n<li>Garantizar el acceso a los servicios p\u00fablicos para todos, independientemente de su nacionalidad, en todo el pa\u00eds, mediante un plan de inversiones: nadie deber\u00eda vivir a menos de treinta minutos de un punto de recepci\u00f3n de servicios p\u00fablicos<\/li>\n<\/ul>\n\n\n\n<ul class=\"wp-block-list\">\n<li>Garantizar que todas las familias tengan acceso a una atenci\u00f3n infantil adecuada mediante un servicio p\u00fablico de atenci\u00f3n infantil que ofrezca 500.000 plazas en guarder\u00edas u otras soluciones de atenci\u00f3n infantil<\/li>\n<\/ul>\n\n\n\n<ul class=\"wp-block-list\">\n<li>Organizar asambleas generales de los barrios populares y asambleas generales de las zonas rurales para construir una verdadera igualdad territorial, en particular en materia de servicios p\u00fablicos<\/li>\n<\/ul>\n\n\n\n<ul class=\"wp-block-list\">\n<li>Poner en marcha un plan para las personas mayores mediante la renovaci\u00f3n de las residencias de ancianos (EHPAD) y el aumento y la formaci\u00f3n del n\u00famero de profesionales que trabajan con las personas mayores<\/li>\n<\/ul>\n\n\n\n<ul class=\"wp-block-list\">\n<li>Prohibir las estancias en hoteles en el marco de la Ayuda Social a la Infancia y prohibir la salida anticipada de la tutela a los 18 a\u00f1os<\/li>\n<\/ul>\n\n\n\n<ul class=\"wp-block-list\">\n<li>Elaborar una ley de programaci\u00f3n de la investigaci\u00f3n m\u00e1s ambiciosa<\/li>\n<\/ul>\n\n\n\n<h3 class=\"wp-block-heading\"><strong>GARANTIZAR EL DERECHO A LA VIVIENDA<\/strong><\/h3>\n\n\n\n<ul class=\"wp-block-list\">\n<li>Construir 200.000 viviendas p\u00fablicas al a\u00f1o durante cinco a\u00f1os con los m\u00e1s altos est\u00e1ndares ecol\u00f3gicos<\/li>\n<\/ul>\n\n\n\n<ul class=\"wp-block-list\">\n<li>Aprobar una gran ley para garantizar el derecho a una vivienda efectiva, que incluya en particular:<\/li>\n<\/ul>\n\n\n\n<ul class=\"wp-block-list\">\n<li>La derogaci\u00f3n de la ley Kasbarian, que criminaliza a los inquilinos, y prohibici\u00f3n de los desahucios por impago del alquiler sin oferta de alojamiento alternativo<\/li>\n\n\n\n<li>El control obligatorio de los alquileres en las zonas de tensi\u00f3n, as\u00ed como el control del precio del suelo<\/li>\n\n\n\n<li>Una garant\u00eda de alquiler universal para dar seguridad tanto a propietarios como a inquilinos<\/li>\n\n\n\n<li>No se cuestionar\u00e1 la ley SRU y se endurecer\u00e1n las sanciones a los ayuntamientos que la incumplan<\/li>\n\n\n\n<li>El pr\u00e9stamo a tipo cero estar\u00e1 abierto a todos los compradores por primera vez, independientemente de su ubicaci\u00f3n geogr\u00e1fica o de si compran una propiedad nueva o ya existente<\/li>\n<\/ul>\n\n\n\n<h3 class=\"wp-block-heading\"><strong>EL NUEVO DERECHO A LA JUBILACI\u00d3N<\/strong><\/h3>\n\n\n\n<ul class=\"wp-block-list\">\n<li>Reafirmar el objetivo com\u00fan del derecho a la jubilaci\u00f3n a los 60 a\u00f1os<\/li>\n<\/ul>\n\n\n\n<ul class=\"wp-block-list\">\n<li>Restablecer los factores de trabajo penoso suprimidos por Emmanuel Macron<\/li>\n<\/ul>\n\n\n\n<ul class=\"wp-block-list\">\n<li>Tener en cuenta la RSA para validar los trimestres hacia la jubilaci\u00f3n<\/li>\n<\/ul>\n\n\n\n<ul class=\"wp-block-list\">\n<li>Indexar las pensiones a los salarios<\/li>\n<\/ul>\n\n\n\n<ul class=\"wp-block-list\">\n<li>Cotizar los dividendos, la participaci\u00f3n en los beneficios, el ahorro de los asalariados, la recompra de acciones y el pago de las horas extraordinarias<\/li>\n<\/ul>\n\n\n\n<ul class=\"wp-block-list\">\n<li>Aumentar las cotizaciones a las pensiones en 0,25 puntos al a\u00f1o durante 5 a\u00f1os y ajustar las cotizaciones patronales a la Seguridad Social<\/li>\n<\/ul>\n\n\n\n<ul class=\"wp-block-list\">\n<li>Crear un recargo sobre los salarios elevados<\/li>\n<\/ul>\n\n\n\n<h3 class=\"wp-block-heading\"><strong>HACIA UNA 6\u00aa REP\u00daBLICA<\/strong><\/h3>\n\n\n\n<ul class=\"wp-block-list\">\n<li>Suprimir la monarqu\u00eda presidencial en la pr\u00e1ctica institucional:<\/li>\n<\/ul>\n\n\n\n<ul class=\"wp-block-list\">\n<li>Introducir la representaci\u00f3n proporcional<\/li>\n\n\n\n<li>Revitalizar el Parlamento<\/li>\n\n\n\n<li>Derogar el 49,3<\/li>\n\n\n\n<li>Defender una descentralizaci\u00f3n efectiva reforzando la democracia local dentro de la unidad de la Rep\u00fablica<\/li>\n\n\n\n<li>Introducir el refer\u00e9ndum de iniciativa ciudadana (RIC) y reforzar el refer\u00e9ndum de iniciativa compartida, en particular reduciendo el umbral de firmas de ciudadanos necesario para activarlo<\/li>\n\n\n\n<li>Avanzar hacia una 6\u00aa Rep\u00fablica convocando una asamblea constituyente de ciudadanos elegidos.<\/li>\n<\/ul>\n\n\n\n<h3 class=\"wp-block-heading\"><strong>SEGURIDAD Y JUSTICIA<\/strong><\/h3>\n\n\n\n<ul class=\"wp-block-list\">\n<li>Garantizar la seguridad de la poblaci\u00f3n restableciendo la polic\u00eda local, desechando la reforma Darmanin que ha debilitado a la polic\u00eda judicial, manteniendo todas las gendarmer\u00edas, aumentando el n\u00famero de polic\u00edas judiciales, t\u00e9cnicas, cient\u00edficas y de inteligencia, as\u00ed como las unidades encargadas del narcotr\u00e1fico, la delincuencia financiera, la trata de seres humanos y desmantelando las redes mafiosas<\/li>\n<\/ul>\n\n\n\n<ul class=\"wp-block-list\">\n<li>Revisar y ampliar la formaci\u00f3n de la polic\u00eda<\/li>\n<\/ul>\n\n\n\n<ul class=\"wp-block-list\">\n<li>Introducir un nuevo c\u00f3digo deontol\u00f3gico, suprimir la IGPN y la IGGN y sustituirlas por un nuevo \u00f3rgano independiente, adscrito al Defensor del Pueblo<\/li>\n<\/ul>\n\n\n\n<ul class=\"wp-block-list\">\n<li>Aumentar los recursos del sistema judicial para garantizar que todos los procedimientos se tramitan de forma justa y en un plazo razonable, en particular mediante la contrataci\u00f3n de magistrados, secretarios judiciales y agentes de protecci\u00f3n de menores<\/li>\n<\/ul>\n\n\n\n<ul class=\"wp-block-list\">\n<li>Tomar medidas contra el hacinamiento en las c\u00e1rceles, garantizar condiciones dignas de detenci\u00f3n y dotar a la administraci\u00f3n penitenciaria y judicial de los medios necesarios para llevar a cabo su misi\u00f3n con total seguridad<\/li>\n<\/ul>\n\n\n\n<ul class=\"wp-block-list\">\n<li>Introducir controles de identidad rec\u00edprocos<\/li>\n<\/ul>\n\n\n\n<h3 class=\"wp-block-heading\"><strong>HACER BIFURCAR LA ECONOM\u00cdA Y REINDUSTRIALIZAR FRANCIA<\/strong><\/h3>\n\n\n\n<ul class=\"wp-block-list\">\n<li>Lanzar un plan de reconstrucci\u00f3n industrial para acabar con la dependencia de Francia y de Europa en \u00e1mbitos estrat\u00e9gicos (semiconductores, medicamentos, tecnolog\u00edas punta, coches el\u00e9ctricos, paneles solares, etc.)<\/li>\n<\/ul>\n\n\n\n<ul class=\"wp-block-list\">\n<li>Realizar un an\u00e1lisis previo de los recursos naturales antes de implantar la industria<\/li>\n<\/ul>\n\n\n\n<ul class=\"wp-block-list\">\n<li>Regular la subcontrataci\u00f3n, garantizar la responsabilidad del principal e introducir cuotas para los subcontratistas del tejido de las EPE\/PYME y de la artesan\u00eda local<\/li>\n<\/ul>\n\n\n\n<ul class=\"wp-block-list\">\n<li>Condicionar las ayudas a las empresas al cumplimiento de criterios medioambientales, sociales y antidiscriminatorios. Integrarlas en una estrategia industrial p\u00fablica. Exigir el reembolso de las ayudas en caso de incumplimiento de las condiciones<\/li>\n<\/ul>\n\n\n\n<ul class=\"wp-block-list\">\n<li>Convertir a los asalariados en verdaderos actores de la vida econ\u00f3mica, reserv\u00e1ndoles al menos un tercio de los puestos en los consejos de administraci\u00f3n y ampliando su derecho a intervenir en la empresa<\/li>\n<\/ul>\n\n\n\n<ul class=\"wp-block-list\">\n<li>Regular la banca y las finanzas para evitar nuevas crisis y financiar la econom\u00eda real:<\/li>\n<\/ul>\n\n\n\n<ul class=\"wp-block-list\">\n<li>Aumentar las reservas bancarias para hacer frente a los riesgos clim\u00e1ticos<\/li>\n<\/ul>\n\n\n\n<ul class=\"wp-block-list\">\n<li>Financiaci\u00f3n bancaria cero para los combustibles f\u00f3siles, empezando por los nuevos proyectos<\/li>\n<\/ul>\n\n\n\n<ul class=\"wp-block-list\">\n<li>Aumentar la fiscalidad de las transacciones financieras<\/li>\n<\/ul>\n\n\n\n<ul class=\"wp-block-list\">\n<li>Crear un derecho de tanteo que permita a los trabajadores hacerse cargo de su empresa en forma de cooperativa<\/li>\n<\/ul>\n\n\n\n<ul class=\"wp-block-list\">\n<li>Apoyar las adquisiciones de empresas cooperativas por parte de los empleados<\/li>\n<\/ul>\n\n\n\n<ul class=\"wp-block-list\">\n<li>Crear un centro bancario p\u00fablico basado en la Caisse des D\u00e9p\u00f4ts et des Consignations y la Banque Publique d\u2019Investissement, cuya principal tarea ser\u00eda destinar los ahorros regulados a necesidades sociales y ecol\u00f3gicas<\/li>\n<\/ul>\n\n\n\n<h3 class=\"wp-block-heading\"><strong>DEFENDER LOS DERECHOS DE LOS TRABAJADORES<\/strong><\/h3>\n\n\n\n<ul class=\"wp-block-list\">\n<li>Organizar una conferencia nacional sobre el trabajo y las condiciones de trabajo penosas con el objetivo de restablecer la semana laboral efectiva en 35 horas, pasando inmediatamente a 32 horas en los trabajos penosos o nocturnos, y ampliarla mediante la negociaci\u00f3n colectiva<\/li>\n<\/ul>\n\n\n\n<ul class=\"wp-block-list\">\n<li>Adoptar un plan de acci\u00f3n \u00abcero muertes en el trabajo\u00bb restableciendo los comit\u00e9s de salud, seguridad y condiciones de trabajo (CHSCT), contratando inspectores de trabajo y m\u00e9dicos del trabajo, y actualizando el cuadro de enfermedades profesionales para incluir en particular el agotamiento<\/li>\n<\/ul>\n\n\n\n<h3 class=\"wp-block-heading\"><strong>DESARROLLAR EL TRANSPORTE P\u00daBLICO Y ECOL\u00d3GICO<\/strong><\/h3>\n\n\n\n<ul class=\"wp-block-list\">\n<li>Garantizar tarifas accesibles y medidas de gratuidad espec\u00edficas (para j\u00f3venes, desfavorecidos, etc.) en el transporte p\u00fablico y reducir el IVA de las tarifas de transporte p\u00fablico al 5,5<\/li>\n<\/ul>\n\n\n\n<ul class=\"wp-block-list\">\n<li>Aplicar un plan ferroviario y de transporte de mercanc\u00edas, crear servicios regionales expr\u00e9s, adoptar una moratoria sobre el cierre de peque\u00f1as l\u00edneas y reabrirlas lo antes posible, invertir la privatizaci\u00f3n de Fret SNCF<\/li>\n<\/ul>\n\n\n\n<h3 class=\"wp-block-heading\"><strong>PRESERVAR LA BIODIVERSIDAD<\/strong><\/h3>\n\n\n\n<ul class=\"wp-block-list\">\n<li>Defender las zonas agr\u00edcolas y naturales y los humedales, duplicar y mejorar la protecci\u00f3n de las zonas mar\u00edtimas protegidas<\/li>\n<\/ul>\n\n\n\n<ul class=\"wp-block-list\">\n<li>Proteger los bosques garantizando la diversidad de las especies arb\u00f3reas, con una industria forestal que respete la biodiversidad y el suelo, y garantice la cualificaci\u00f3n y el empleo de los silvicultores<\/li>\n<\/ul>\n\n\n\n<ul class=\"wp-block-list\">\n<li>Restablecer los miles de empleos perdidos en el servicio p\u00fablico de vigilancia y protecci\u00f3n de la naturaleza: en la Oficina Nacional de Bosques, la Oficina Francesa de Biodiversidad, M\u00e9t\u00e9o France, Cerema<\/li>\n<\/ul>\n\n\n\n<h3 class=\"wp-block-heading\"><strong>EL AGUA, NUESTRO BIEN COM\u00daN<\/strong><\/h3>\n\n\n\n<ul class=\"wp-block-list\">\n<li>Pasar a una gesti\u00f3n 100% p\u00fablica del agua por las colectividades locales: por la gratuidad de los primeros metros c\u00fabicos indispensables para la vida y por una tarificaci\u00f3n progresiva y diferenciada en funci\u00f3n del uso<\/li>\n<\/ul>\n\n\n\n<ul class=\"wp-block-list\">\n<li>Lograr durante el mandato un muy buen estado ecol\u00f3gico y qu\u00edmico de todos los cursos de agua (r\u00edos, arroyos) y reservas subterr\u00e1neas, y conseguir que la industria contribuya a la descontaminaci\u00f3n de las aguas subterr\u00e1neas y del suelo<\/li>\n<\/ul>\n\n\n\n<ul class=\"wp-block-list\">\n<li>Proporcionar fuentes, duchas y aseos p\u00fablicos gratuitos en todo el pa\u00eds<\/li>\n<\/ul>\n\n\n\n<h3 class=\"wp-block-heading\"><strong>POR UNA AGRICULTURA ECOL\u00d3GICA Y CAMPESINA<\/strong><\/h3>\n\n\n\n<ul class=\"wp-block-list\">\n<li>Cancelar el Acuerdo Econ\u00f3mico y Comercial Global entre Canad\u00e1 y la Uni\u00f3n Europea (CETA); abandonar el acuerdo del Mercosur y proteger a nuestros agricultores de la competencia desleal<\/li>\n<\/ul>\n\n\n\n<ul class=\"wp-block-list\">\n<li>Prohibir todas las importaciones de productos agr\u00edcolas que no cumplan nuestras normas sociales y medioambientales<\/li>\n<\/ul>\n\n\n\n<ul class=\"wp-block-list\">\n<li>Combatir el acaparamiento de tierras y dar acceso a una explotaci\u00f3n a todo agricultor que quiera crear una empresa para preservar el modelo de agricultura familiar<\/li>\n<\/ul>\n\n\n\n<ul class=\"wp-block-list\">\n<li>Apoyar el sector ecol\u00f3gico y la agroecolog\u00eda, fomentar la reconversi\u00f3n de las explotaciones a la agricultura ecol\u00f3gica asumiendo su deuda en un fondo nacional, y garantizar una salida para los productos ecol\u00f3gicos en el sector de la restauraci\u00f3n<\/li>\n<\/ul>\n\n\n\n<ul class=\"wp-block-list\">\n<li>Restablecer el plan Ecophyto y prohibir el glifosato y los neonicotinoides, con apoyo financiero a los agricultores afectados<\/li>\n<\/ul>\n\n\n\n<h3 class=\"wp-block-heading\"><strong>POR LA EMANCIPACI\u00d3N DE LOS J\u00d3VENES<\/strong><\/h3>\n\n\n\n<ul class=\"wp-block-list\">\n<li>Poner fin al Servicio Nacional Universal (SNU) y restablecer el apoyo a las asociaciones juveniles y de educaci\u00f3n popular<\/li>\n<\/ul>\n\n\n\n<ul class=\"wp-block-list\">\n<li>Crear un sistema de billete \u00fanico abierto a los j\u00f3venes que les permita acceder a todos los trenes, transportes p\u00fablicos, bicicletas y coches de autoservicio de Francia<\/li>\n<\/ul>\n\n\n\n<h3 class=\"wp-block-heading\"><strong>AMPLIAR LOS DERECHOS DE LAS MUJERES Y DE LAS PERSONAS LGBTQI<\/strong><\/h3>\n\n\n\n<ul class=\"wp-block-list\">\n<li>Adoptar una ley integral de lucha contra la violencia sexista y sexual, aumentando el presupuesto a 2.600 millones de euros, tal y como piden las asociaciones<\/li>\n<\/ul>\n\n\n\n<ul class=\"wp-block-list\">\n<li>Introducir la igualdad salarial y el permiso menstrual en empresas y administraciones<\/li>\n<\/ul>\n\n\n\n<ul class=\"wp-block-list\">\n<li>Cubrir la protecci\u00f3n menstrual por la Seguridad Social y sancionar a los fabricantes que incumplan los controles sanitarios y la normativa de precios<\/li>\n<\/ul>\n\n\n\n<ul class=\"wp-block-list\">\n<li>Establecer la filiaci\u00f3n por reconocimiento como principio por defecto, reembolsar la procreaci\u00f3n m\u00e9dicamente asistida (PMA) y hacerla accesible a las personas trans<\/li>\n<\/ul>\n\n\n\n<ul class=\"wp-block-list\">\n<li>Poner en marcha un plan para erradicar la violencia contra las personas LGBTQI<\/li>\n<\/ul>\n\n\n\n<ul class=\"wp-block-list\">\n<li>Autorizar el cambio gratuito de estado civil ante un funcionario del registro civil<\/li>\n<\/ul>\n\n\n\n<ul class=\"wp-block-list\">\n<li>Atajar la ofensiva transf\u00f3bica: combatir la transfobia y aumentar los recursos sanitarios para las transiciones<\/li>\n<\/ul>\n\n\n\n<h3 class=\"wp-block-heading\"><strong>ACABAR CON EL MALTRATO ANIMAL<\/strong><\/h3>\n\n\n\n<ul class=\"wp-block-list\">\n<li>Acabar con las granjas industriales, mejorar el bienestar animal y prohibir la cr\u00eda en jaulas antes del final de la legislatura<\/li>\n<\/ul>\n\n\n\n<h3 class=\"wp-block-heading\"><strong>UN SERVICIO P\u00daBLICO DE ARTE Y CULTURA Y MEDIOS DE COMUNICACI\u00d3N AL SERVICIO DE LA EMANCIPACI\u00d3N<\/strong><\/h3>\n\n\n\n<ul class=\"wp-block-list\">\n<li>Aumentar el presupuesto p\u00fablico dedicado al arte, la cultura y la creaci\u00f3n hasta el 1% del PIB anual<\/li>\n<\/ul>\n\n\n\n<ul class=\"wp-block-list\">\n<li>Limitar estrictamente la concentraci\u00f3n de las industrias culturales y medi\u00e1ticas en manos de unos pocos propietarios y excluir de la financiaci\u00f3n p\u00fablica a los medios de comunicaci\u00f3n condenados por incitar al odio u ofender la dignidad de las personas<\/li>\n<\/ul>\n\n\n\n<ul class=\"wp-block-list\">\n<li>Defender la independencia de las redacciones frente a sus propietarios<\/li>\n<\/ul>\n\n\n\n<ul class=\"wp-block-list\">\n<li>Garantizar el futuro a largo plazo de un servicio p\u00fablico de radiodifusi\u00f3n estableciendo una financiaci\u00f3n sostenible, transparente y socialmente justa y garantizando su independencia<\/li>\n<\/ul>\n\n\n\n<ul class=\"wp-block-list\">\n<li>Extender la gratuidad a todos los museos nacionales, garantizar precios asequibles en las instituciones p\u00fablicas y regular los precios abusivos en los locales privados<\/li>\n<\/ul>\n\n\n\n<ul class=\"wp-block-list\">\n<li>Defender y mejorar el sistema de trabajadores intermitentes y avanzar hacia la creaci\u00f3n de un nuevo sistema para artistas y autores<\/li>\n<\/ul>\n\n\n\n<h3 class=\"wp-block-heading\"><strong>UNA REP\u00daBLICA LAICA<\/strong><\/h3>\n\n\n\n<ul class=\"wp-block-list\">\n<li>Lanzar un vasto plan de formaci\u00f3n de los funcionarios en la laicidad y los principios jur\u00eddicos de la ley de 1905, y reforzar la ense\u00f1anza de la laicidad en el sistema educativo nacional para apoyar a los profesores<\/li>\n<\/ul>\n\n\n\n<ul class=\"wp-block-list\">\n<li>Aumentar los medios de la Misi\u00f3n Interministerial de Vigilancia y Lucha contra las Derivas Sectarias (Miviludes) y ampliar sus competencias a la formaci\u00f3n profesional y la sanidad p\u00fablica<\/li>\n<\/ul>\n\n\n\n<ul class=\"wp-block-list\">\n<li>Rechazar la financiaci\u00f3n p\u00fablica para la construcci\u00f3n de nuevos edificios religiosos, dedicados a actividades religiosas o establecimientos confesionales<\/li>\n<\/ul>\n\n\n\n<h3 class=\"wp-block-heading\"><strong>A FAVOR DE UN DEPORTE POPULAR<\/strong><\/h3>\n\n\n\n<ul class=\"wp-block-list\">\n<li>Fijar la pr\u00e1ctica de la educaci\u00f3n f\u00edsica en cuatro horas semanales durante toda la escolaridad y crear una asociaci\u00f3n deportiva en todas las escuelas primarias<\/li>\n<\/ul>\n\n\n\n<ul class=\"wp-block-list\">\n<li>Poner en marcha un plan de 10.000 instalaciones deportivas suplementarias, destinadas a fomentar el deporte femenino y el para-deporte<\/li>\n<\/ul>\n\n\n\n<ul class=\"wp-block-list\">\n<li>Renovar las instalaciones deportivas existentes, sobre todo en las universidades<\/li>\n<\/ul>\n\n\n\n<ul class=\"wp-block-list\">\n<li>Aumentar los recursos del Ministerio de Deportes al 1% del presupuesto nacional<\/li>\n<\/ul>\n\n\n\n<ul class=\"wp-block-list\">\n<li>Desarrollar centros Deporte-Salud en todo el pa\u00eds y reembolsar la prescripci\u00f3n deportiva<\/li>\n<\/ul>\n\n\n\n<h3 class=\"wp-block-heading\"><strong>ULTRAMAR, A LA VANGUARDIA DE LA PLANIFICACI\u00d3N ECOL\u00d3GICA<\/strong><\/h3>\n\n\n\n<ul class=\"wp-block-list\">\n<li>Regular las tarifas a\u00e9reas<\/li>\n<\/ul>\n\n\n\n<ul class=\"wp-block-list\">\n<li>Introducir un contenido m\u00e1ximo de az\u00facar en los alimentos procesados<\/li>\n<\/ul>\n\n\n\n<ul class=\"wp-block-list\">\n<li>Organizar un congreso general de territorios alejados e insulares para elaborar un plan de acci\u00f3n com\u00fan por la igualdad y la autonom\u00eda en ultramar, basado en el pliego de reivindicaciones y los \u00abplanes de pa\u00eds\u00bb, y poner en marcha un plan quinquenal de inversiones<\/li>\n<\/ul>\n\n\n\n<ul class=\"wp-block-list\">\n<li>Organizar la distribuci\u00f3n de agua embotellada y limitar el precio del agua all\u00ed donde falle el servicio de agua potable, modificando el plan ORSEC-agua, y realizar grandes obras de renovaci\u00f3n de las canalizaciones<\/li>\n<\/ul>\n\n\n\n<ul class=\"wp-block-list\">\n<li>Crear un fondo de prevenci\u00f3n y compensaci\u00f3n de la contaminaci\u00f3n para indemnizar y prestar asistencia m\u00e9dica a las v\u00edctimas de la clordecona y el sargazo, e invertir en la descontaminaci\u00f3n del suelo y el agua (clordecona y glifosato en las Antillas, mercurio en la Guayana Francesa, pruebas nucleares en Polinesia\u2026)<\/li>\n<\/ul>\n\n\n\n<ul class=\"wp-block-list\">\n<li>Dejar de hacer de Mayotte un territorio de segunda clase de la Rep\u00fablica. Ampliar la ayuda m\u00e9dica del Estado, equiparar la RSA y el salario m\u00ednimo al resto del pa\u00eds y escolarizar sistem\u00e1ticamente a todos los ni\u00f1os<\/li>\n<\/ul>\n\n\n\n<ul class=\"wp-block-list\">\n<li>Tener en cuenta sistem\u00e1ticamente a Ultramar en toda la legislaci\u00f3n<\/li>\n<\/ul>\n\n\n\n<ul class=\"wp-block-list\">\n<li>Combatir los monopolios en los departamentos de ultramar<\/li>\n<\/ul>\n\n\n\n<ul class=\"wp-block-list\">\n<li>Proponer un principio de trato preferente para los ultramarinos en puestos de responsabilidad y favorecer el retorno de los funcionarios del Estado<\/li>\n<\/ul>\n\n\n\n<ul class=\"wp-block-list\">\n<li>Fomentar la ense\u00f1anza de las lenguas regionales en ultramar<\/li>\n<\/ul>\n\n\n\n<ul class=\"wp-block-list\">\n<li>Poner en marcha un plan espec\u00edfico de mejora de las conexiones viarias y ferroviarias de la Guayana Francesa<\/li>\n<\/ul>\n\n\n\n<h3 class=\"wp-block-heading\"><strong>GARANTIZAR UNA ACOGIDA DIGNA<\/strong><\/h3>\n\n\n\n<ul class=\"wp-block-list\">\n<li>Derogar las leyes de asilo e inmigraci\u00f3n de Macron<\/li>\n<\/ul>\n\n\n\n<ul class=\"wp-block-list\">\n<li>Crear una agencia de salvamento mar\u00edtimo y terrestre, a la espera de su creaci\u00f3n a nivel europeo y en apoyo de la agencia de asilo de la Uni\u00f3n Europea<\/li>\n<\/ul>\n\n\n\n<ul class=\"wp-block-list\">\n<li>Proporcionar apoyo social y autorizaci\u00f3n para trabajar a los solicitantes de asilo<\/li>\n<\/ul>\n\n\n\n<ul class=\"wp-block-list\">\n<li>Facilitar el acceso a los visados, regularizar el estatuto de los trabajadores, los estudiantes y los padres de ni\u00f1os escolarizados, e introducir un permiso de residencia de diez a\u00f1os como documento normal de residencia<\/li>\n<\/ul>\n\n\n\n<ul class=\"wp-block-list\">\n<li>Crear un estatuto para los desplazados clim\u00e1ticos<\/li>\n<\/ul>\n\n\n\n<ul class=\"wp-block-list\">\n<li>Mejorar las condiciones de acogida de los exiliados en Mayotte y eliminar las condiciones que impiden viajar entre Mayotte y el resto del pa\u00eds<\/li>\n<\/ul>\n\n\n\n<ul class=\"wp-block-list\">\n<li>Crear canales de inmigraci\u00f3n legales y seguros<\/li>\n<\/ul>\n\n\n\n<ul class=\"wp-block-list\">\n<li>Revisar el Pacto Europeo de Asilo e Inmigraci\u00f3n para garantizar una acogida digna a los inmigrantes<\/li>\n<\/ul>\n\n\n\n<ul class=\"wp-block-list\">\n<li>Poner fin a las excepciones relativas al examen de asilo<\/li>\n<\/ul>\n\n\n\n<ul class=\"wp-block-list\">\n<li>Reforzar las pol\u00edticas de codesarrollo al servicio de las poblaciones locales<\/li>\n<\/ul>\n\n\n\n<ul class=\"wp-block-list\">\n<li>Garantizar el acceso a la asistencia m\u00e9dica estatal<\/li>\n<\/ul>\n\n\n\n<ul class=\"wp-block-list\">\n<li>Garantizar el pleno derecho de suelo a los ni\u00f1os nacidos en Francia y facilitar la obtenci\u00f3n de la nacionalidad francesa<\/li>\n<\/ul>\n\n\n\n<h3 class=\"wp-block-heading\"><strong>DEFENDER LAS LIBERTADES P\u00daBLICAS<\/strong><\/h3>\n\n\n\n<ul class=\"wp-block-list\">\n<li>Derogar el contrato de compromiso republicano, liberticida para las asociaciones<\/li>\n<\/ul>\n\n\n\n<ul class=\"wp-block-list\">\n<li>Organizar una conferencia nacional sobre las libertades p\u00fablicas<\/li>\n<\/ul>\n\n\n\n<ul class=\"wp-block-list\">\n<li>Derogar las disposiciones destructoras de libertades de las leyes de seguridad global y de separatismo, as\u00ed como las leyes que instauran un estado de emergencia permanente y atentan contra nuestras libertades individuales y colectivas, y revisar la ley y la doctrina sobre la apertura de fuego para poner fin a las muertes provocadas por la negativa a acatarlas<\/li>\n<\/ul>\n\n\n\n<ul class=\"wp-block-list\">\n<li>Prohibir el reconocimiento facial y llevar a cabo una evaluaci\u00f3n independiente de los sistemas de videovigilancia, en colaboraci\u00f3n con el Defensor de los Derechos Humanos<\/li>\n<\/ul>\n\n\n\n<ul class=\"wp-block-list\">\n<li>Proteger a los alertadores<\/li>\n<\/ul>\n\n\n\n<ul class=\"wp-block-list\">\n<li>Defender y reforzar las libertades sindicales y asociativas y poner fin a su represi\u00f3n<\/li>\n<\/ul>\n\n\n\n<h3 class=\"wp-block-heading\"><strong>EUROPA<\/strong><\/h3>\n\n\n\n<ul class=\"wp-block-list\">\n<li>Rechazar el pacto de estabilidad presupuestaria<\/li>\n<\/ul>\n\n\n\n<ul class=\"wp-block-list\">\n<li>Proponer un pacto europeo para el clima y las cuestiones sociales urgentes<\/li>\n<\/ul>\n\n\n\n<ul class=\"wp-block-list\">\n<li>Proponer una reforma de la Pol\u00edtica Agr\u00edcola Com\u00fan (PAC)<\/li>\n<\/ul>\n\n\n\n<ul class=\"wp-block-list\">\n<li>Acabar con los tratados de libre comercio<\/li>\n<\/ul>\n\n\n\n<ul class=\"wp-block-list\">\n<li>Introducir el proteccionismo ecol\u00f3gico y social en las fronteras europeas<\/li>\n<\/ul>\n\n\n\n<ul class=\"wp-block-list\">\n<li>Adoptar un mecanismo de armonizaci\u00f3n social al alza entre los Estados miembros para acabar con las pol\u00edticas de dumping social y fiscal<\/li>\n<\/ul>\n\n\n\n<ul class=\"wp-block-list\">\n<li>Reindustrializar Europa: tecnolog\u00eda digital, industria farmac\u00e9utica, energ\u00eda, etc.<\/li>\n<\/ul>\n\n\n\n<ul class=\"wp-block-list\">\n<li>Introducir una regla verde para dar prioridad a las inversiones ecol\u00f3gicas<\/li>\n<\/ul>\n\n\n\n<ul class=\"wp-block-list\">\n<li>Gravar a los m\u00e1s ricos a escala europea para aumentar los recursos propios del presupuesto de la Uni\u00f3n Europea<\/li>\n<\/ul>\n\n\n\n<ul class=\"wp-block-list\">\n<li>Generalizar la fiscalidad de los superbeneficios a nivel europeo<\/li>\n<\/ul>\n\n\n\n<ul class=\"wp-block-list\">\n<li>Modificar la legislaci\u00f3n sobre competencia en Europa para garantizar el derecho de monopolio p\u00fablico a nivel nacional<\/li>\n<\/ul>\n\n\n\n<ul class=\"wp-block-list\">\n<li>Pasar a la mayor\u00eda cualificada en el Consejo en cuestiones fiscales<\/li>\n<\/ul>\n\n\n\n<ul class=\"wp-block-list\">\n<li>En l\u00ednea con lo que nuestros grupos votaron en la Asamblea Nacional, rechazaremos el pacto presupuestario y el derecho de competencia cuando menoscabe los servicios p\u00fablicos, y rechazaremos los tratados de libre comercio como parte de nuestro contrato legislativo.<\/li>\n<\/ul>\n\n\n\n<p class=\"has-text-align-right\"><em>Nicolas Weichafe, 08\/07\/2024<\/em><\/p>\n<!-- AddThis Advanced Settings generic via filter on the_content --><!-- AddThis Share Buttons generic via filter on the_content -->","protected":false},"excerpt":{"rendered":"<p>La coalici\u00f3n de izquierda del Nuevo Frente Popular obtuvo una sorprendente victoria en la segunda vuelta de las elecciones parlamentarias en Francia, y tanto el Fascismo como el Neonazismo &#8211; ahora con el eufemismo de ultraderecha &#8211; han sido asestados con un golpe tremendo. Aunque el Nuevo Frente Popular que acaba de ganar las elecciones [&hellip;]<!-- AddThis Advanced Settings generic via filter on get_the_excerpt --><!-- AddThis Share Buttons generic via filter on get_the_excerpt --><\/p>\n","protected":false},"author":9,"featured_media":27981,"comment_status":"closed","ping_status":"closed","sticky":false,"template":"","format":"standard","meta":{"_jetpack_memberships_contains_paid_content":false,"footnotes":""},"categories":[1878,1699],"tags":[],"class_list":{"0":"post-27980","1":"post","2":"type-post","3":"status-publish","4":"format-standard","5":"has-post-thumbnail","7":"category-internacional","8":"category-noticias"},"yoast_head":"<!-- This site is optimized with the Yoast SEO plugin v27.4 - https:\/\/yoast.com\/product\/yoast-seo-wordpress\/ -->\n<title>Francia se salva de la Cat\u00e1strofe - Vamos por la Liberaci\u00f3n<\/title>\n<meta name=\"robots\" content=\"index, follow, max-snippet:-1, max-image-preview:large, max-video-preview:-1\" \/>\n<link rel=\"canonical\" href=\"http:\/\/vamosporlaliberacion.org\/crpmlm\/francia-se-salva-de-la-catastrofe\/\" \/>\n<meta name=\"twitter:label1\" content=\"Escrito por\" \/>\n\t<meta name=\"twitter:data1\" content=\"Prensa Vamos\" \/>\n\t<meta name=\"twitter:label2\" content=\"Tiempo de lectura\" \/>\n\t<meta name=\"twitter:data2\" content=\"24 minutos\" \/>\n<script type=\"application\/ld+json\" class=\"yoast-schema-graph\">{\"@context\":\"https:\\\/\\\/schema.org\",\"@graph\":[{\"@type\":\"Article\",\"@id\":\"http:\\\/\\\/vamosporlaliberacion.org\\\/crpmlm\\\/francia-se-salva-de-la-catastrofe\\\/#article\",\"isPartOf\":{\"@id\":\"http:\\\/\\\/vamosporlaliberacion.org\\\/crpmlm\\\/francia-se-salva-de-la-catastrofe\\\/\"},\"author\":{\"name\":\"Prensa Vamos\",\"@id\":\"https:\\\/\\\/vamosporlaliberacion.org\\\/crpmlm\\\/#\\\/schema\\\/person\\\/ebdbd4bf0e9418b9f0c0a93395366b2f\"},\"headline\":\"Francia se salva de la Cat\u00e1strofe\",\"datePublished\":\"2024-07-08T23:00:40+00:00\",\"dateModified\":\"2024-07-08T23:00:43+00:00\",\"mainEntityOfPage\":{\"@id\":\"http:\\\/\\\/vamosporlaliberacion.org\\\/crpmlm\\\/francia-se-salva-de-la-catastrofe\\\/\"},\"wordCount\":5529,\"image\":{\"@id\":\"http:\\\/\\\/vamosporlaliberacion.org\\\/crpmlm\\\/francia-se-salva-de-la-catastrofe\\\/#primaryimage\"},\"thumbnailUrl\":\"https:\\\/\\\/i0.wp.com\\\/vamosporlaliberacion.org\\\/crpmlm\\\/wp-content\\\/uploads\\\/2024\\\/07\\\/FranciaSeSalva-texto.jpg?fit=960%2C616&ssl=1\",\"articleSection\":[\"Internacional\",\"Noticias\"],\"inLanguage\":\"es\"},{\"@type\":\"WebPage\",\"@id\":\"http:\\\/\\\/vamosporlaliberacion.org\\\/crpmlm\\\/francia-se-salva-de-la-catastrofe\\\/\",\"url\":\"http:\\\/\\\/vamosporlaliberacion.org\\\/crpmlm\\\/francia-se-salva-de-la-catastrofe\\\/\",\"name\":\"Francia se salva de la Cat\u00e1strofe - Vamos por la Liberaci\u00f3n\",\"isPartOf\":{\"@id\":\"https:\\\/\\\/vamosporlaliberacion.org\\\/crpmlm\\\/#website\"},\"primaryImageOfPage\":{\"@id\":\"http:\\\/\\\/vamosporlaliberacion.org\\\/crpmlm\\\/francia-se-salva-de-la-catastrofe\\\/#primaryimage\"},\"image\":{\"@id\":\"http:\\\/\\\/vamosporlaliberacion.org\\\/crpmlm\\\/francia-se-salva-de-la-catastrofe\\\/#primaryimage\"},\"thumbnailUrl\":\"https:\\\/\\\/i0.wp.com\\\/vamosporlaliberacion.org\\\/crpmlm\\\/wp-content\\\/uploads\\\/2024\\\/07\\\/FranciaSeSalva-texto.jpg?fit=960%2C616&ssl=1\",\"datePublished\":\"2024-07-08T23:00:40+00:00\",\"dateModified\":\"2024-07-08T23:00:43+00:00\",\"author\":{\"@id\":\"https:\\\/\\\/vamosporlaliberacion.org\\\/crpmlm\\\/#\\\/schema\\\/person\\\/ebdbd4bf0e9418b9f0c0a93395366b2f\"},\"breadcrumb\":{\"@id\":\"http:\\\/\\\/vamosporlaliberacion.org\\\/crpmlm\\\/francia-se-salva-de-la-catastrofe\\\/#breadcrumb\"},\"inLanguage\":\"es\",\"potentialAction\":[{\"@type\":\"ReadAction\",\"target\":[\"http:\\\/\\\/vamosporlaliberacion.org\\\/crpmlm\\\/francia-se-salva-de-la-catastrofe\\\/\"]}]},{\"@type\":\"ImageObject\",\"inLanguage\":\"es\",\"@id\":\"http:\\\/\\\/vamosporlaliberacion.org\\\/crpmlm\\\/francia-se-salva-de-la-catastrofe\\\/#primaryimage\",\"url\":\"https:\\\/\\\/i0.wp.com\\\/vamosporlaliberacion.org\\\/crpmlm\\\/wp-content\\\/uploads\\\/2024\\\/07\\\/FranciaSeSalva-texto.jpg?fit=960%2C616&ssl=1\",\"contentUrl\":\"https:\\\/\\\/i0.wp.com\\\/vamosporlaliberacion.org\\\/crpmlm\\\/wp-content\\\/uploads\\\/2024\\\/07\\\/FranciaSeSalva-texto.jpg?fit=960%2C616&ssl=1\",\"width\":960,\"height\":616},{\"@type\":\"BreadcrumbList\",\"@id\":\"http:\\\/\\\/vamosporlaliberacion.org\\\/crpmlm\\\/francia-se-salva-de-la-catastrofe\\\/#breadcrumb\",\"itemListElement\":[{\"@type\":\"ListItem\",\"position\":1,\"name\":\"Portada\",\"item\":\"https:\\\/\\\/vamosporlaliberacion.org\\\/crpmlm\\\/\"},{\"@type\":\"ListItem\",\"position\":2,\"name\":\"Francia se salva de la Cat\u00e1strofe\"}]},{\"@type\":\"WebSite\",\"@id\":\"https:\\\/\\\/vamosporlaliberacion.org\\\/crpmlm\\\/#website\",\"url\":\"https:\\\/\\\/vamosporlaliberacion.org\\\/crpmlm\\\/\",\"name\":\"Vamos por la Liberaci\u00f3n\",\"description\":\"Prensa CR\",\"potentialAction\":[{\"@type\":\"SearchAction\",\"target\":{\"@type\":\"EntryPoint\",\"urlTemplate\":\"https:\\\/\\\/vamosporlaliberacion.org\\\/crpmlm\\\/?s={search_term_string}\"},\"query-input\":{\"@type\":\"PropertyValueSpecification\",\"valueRequired\":true,\"valueName\":\"search_term_string\"}}],\"inLanguage\":\"es\"},{\"@type\":\"Person\",\"@id\":\"https:\\\/\\\/vamosporlaliberacion.org\\\/crpmlm\\\/#\\\/schema\\\/person\\\/ebdbd4bf0e9418b9f0c0a93395366b2f\",\"name\":\"Prensa Vamos\",\"sameAs\":[\"http:\\\/\\\/vamposporlaliberacion.org\"],\"url\":\"https:\\\/\\\/vamosporlaliberacion.org\\\/crpmlm\\\/author\\\/editor\\\/\"}]}<\/script>\n<!-- \/ Yoast SEO plugin. -->","yoast_head_json":{"title":"Francia se salva de la Cat\u00e1strofe - Vamos por la Liberaci\u00f3n","robots":{"index":"index","follow":"follow","max-snippet":"max-snippet:-1","max-image-preview":"max-image-preview:large","max-video-preview":"max-video-preview:-1"},"canonical":"http:\/\/vamosporlaliberacion.org\/crpmlm\/francia-se-salva-de-la-catastrofe\/","twitter_misc":{"Escrito por":"Prensa Vamos","Tiempo de lectura":"24 minutos"},"schema":{"@context":"https:\/\/schema.org","@graph":[{"@type":"Article","@id":"http:\/\/vamosporlaliberacion.org\/crpmlm\/francia-se-salva-de-la-catastrofe\/#article","isPartOf":{"@id":"http:\/\/vamosporlaliberacion.org\/crpmlm\/francia-se-salva-de-la-catastrofe\/"},"author":{"name":"Prensa Vamos","@id":"https:\/\/vamosporlaliberacion.org\/crpmlm\/#\/schema\/person\/ebdbd4bf0e9418b9f0c0a93395366b2f"},"headline":"Francia se salva de la Cat\u00e1strofe","datePublished":"2024-07-08T23:00:40+00:00","dateModified":"2024-07-08T23:00:43+00:00","mainEntityOfPage":{"@id":"http:\/\/vamosporlaliberacion.org\/crpmlm\/francia-se-salva-de-la-catastrofe\/"},"wordCount":5529,"image":{"@id":"http:\/\/vamosporlaliberacion.org\/crpmlm\/francia-se-salva-de-la-catastrofe\/#primaryimage"},"thumbnailUrl":"https:\/\/i0.wp.com\/vamosporlaliberacion.org\/crpmlm\/wp-content\/uploads\/2024\/07\/FranciaSeSalva-texto.jpg?fit=960%2C616&ssl=1","articleSection":["Internacional","Noticias"],"inLanguage":"es"},{"@type":"WebPage","@id":"http:\/\/vamosporlaliberacion.org\/crpmlm\/francia-se-salva-de-la-catastrofe\/","url":"http:\/\/vamosporlaliberacion.org\/crpmlm\/francia-se-salva-de-la-catastrofe\/","name":"Francia se salva de la Cat\u00e1strofe - Vamos por la Liberaci\u00f3n","isPartOf":{"@id":"https:\/\/vamosporlaliberacion.org\/crpmlm\/#website"},"primaryImageOfPage":{"@id":"http:\/\/vamosporlaliberacion.org\/crpmlm\/francia-se-salva-de-la-catastrofe\/#primaryimage"},"image":{"@id":"http:\/\/vamosporlaliberacion.org\/crpmlm\/francia-se-salva-de-la-catastrofe\/#primaryimage"},"thumbnailUrl":"https:\/\/i0.wp.com\/vamosporlaliberacion.org\/crpmlm\/wp-content\/uploads\/2024\/07\/FranciaSeSalva-texto.jpg?fit=960%2C616&ssl=1","datePublished":"2024-07-08T23:00:40+00:00","dateModified":"2024-07-08T23:00:43+00:00","author":{"@id":"https:\/\/vamosporlaliberacion.org\/crpmlm\/#\/schema\/person\/ebdbd4bf0e9418b9f0c0a93395366b2f"},"breadcrumb":{"@id":"http:\/\/vamosporlaliberacion.org\/crpmlm\/francia-se-salva-de-la-catastrofe\/#breadcrumb"},"inLanguage":"es","potentialAction":[{"@type":"ReadAction","target":["http:\/\/vamosporlaliberacion.org\/crpmlm\/francia-se-salva-de-la-catastrofe\/"]}]},{"@type":"ImageObject","inLanguage":"es","@id":"http:\/\/vamosporlaliberacion.org\/crpmlm\/francia-se-salva-de-la-catastrofe\/#primaryimage","url":"https:\/\/i0.wp.com\/vamosporlaliberacion.org\/crpmlm\/wp-content\/uploads\/2024\/07\/FranciaSeSalva-texto.jpg?fit=960%2C616&ssl=1","contentUrl":"https:\/\/i0.wp.com\/vamosporlaliberacion.org\/crpmlm\/wp-content\/uploads\/2024\/07\/FranciaSeSalva-texto.jpg?fit=960%2C616&ssl=1","width":960,"height":616},{"@type":"BreadcrumbList","@id":"http:\/\/vamosporlaliberacion.org\/crpmlm\/francia-se-salva-de-la-catastrofe\/#breadcrumb","itemListElement":[{"@type":"ListItem","position":1,"name":"Portada","item":"https:\/\/vamosporlaliberacion.org\/crpmlm\/"},{"@type":"ListItem","position":2,"name":"Francia se salva de la Cat\u00e1strofe"}]},{"@type":"WebSite","@id":"https:\/\/vamosporlaliberacion.org\/crpmlm\/#website","url":"https:\/\/vamosporlaliberacion.org\/crpmlm\/","name":"Vamos por la Liberaci\u00f3n","description":"Prensa CR","potentialAction":[{"@type":"SearchAction","target":{"@type":"EntryPoint","urlTemplate":"https:\/\/vamosporlaliberacion.org\/crpmlm\/?s={search_term_string}"},"query-input":{"@type":"PropertyValueSpecification","valueRequired":true,"valueName":"search_term_string"}}],"inLanguage":"es"},{"@type":"Person","@id":"https:\/\/vamosporlaliberacion.org\/crpmlm\/#\/schema\/person\/ebdbd4bf0e9418b9f0c0a93395366b2f","name":"Prensa Vamos","sameAs":["http:\/\/vamposporlaliberacion.org"],"url":"https:\/\/vamosporlaliberacion.org\/crpmlm\/author\/editor\/"}]}},"jetpack_featured_media_url":"https:\/\/i0.wp.com\/vamosporlaliberacion.org\/crpmlm\/wp-content\/uploads\/2024\/07\/FranciaSeSalva-texto.jpg?fit=960%2C616&ssl=1","jetpack_sharing_enabled":true,"_links":{"self":[{"href":"https:\/\/vamosporlaliberacion.org\/crpmlm\/wp-json\/wp\/v2\/posts\/27980","targetHints":{"allow":["GET"]}}],"collection":[{"href":"https:\/\/vamosporlaliberacion.org\/crpmlm\/wp-json\/wp\/v2\/posts"}],"about":[{"href":"https:\/\/vamosporlaliberacion.org\/crpmlm\/wp-json\/wp\/v2\/types\/post"}],"author":[{"embeddable":true,"href":"https:\/\/vamosporlaliberacion.org\/crpmlm\/wp-json\/wp\/v2\/users\/9"}],"replies":[{"embeddable":true,"href":"https:\/\/vamosporlaliberacion.org\/crpmlm\/wp-json\/wp\/v2\/comments?post=27980"}],"version-history":[{"count":1,"href":"https:\/\/vamosporlaliberacion.org\/crpmlm\/wp-json\/wp\/v2\/posts\/27980\/revisions"}],"predecessor-version":[{"id":27982,"href":"https:\/\/vamosporlaliberacion.org\/crpmlm\/wp-json\/wp\/v2\/posts\/27980\/revisions\/27982"}],"wp:featuredmedia":[{"embeddable":true,"href":"https:\/\/vamosporlaliberacion.org\/crpmlm\/wp-json\/wp\/v2\/media\/27981"}],"wp:attachment":[{"href":"https:\/\/vamosporlaliberacion.org\/crpmlm\/wp-json\/wp\/v2\/media?parent=27980"}],"wp:term":[{"taxonomy":"category","embeddable":true,"href":"https:\/\/vamosporlaliberacion.org\/crpmlm\/wp-json\/wp\/v2\/categories?post=27980"},{"taxonomy":"post_tag","embeddable":true,"href":"https:\/\/vamosporlaliberacion.org\/crpmlm\/wp-json\/wp\/v2\/tags?post=27980"}],"curies":[{"name":"wp","href":"https:\/\/api.w.org\/{rel}","templated":true}]}}