{"id":27682,"date":"2024-03-24T10:50:59","date_gmt":"2024-03-24T13:50:59","guid":{"rendered":"http:\/\/vamosporlaliberacion.org\/crpmlm\/?p=27682"},"modified":"2024-03-24T12:08:23","modified_gmt":"2024-03-24T15:08:23","slug":"del-golpe-genocida-a-los-100-dias-de-crueldad","status":"publish","type":"post","link":"https:\/\/vamosporlaliberacion.org\/crpmlm\/del-golpe-genocida-a-los-100-dias-de-crueldad\/","title":{"rendered":"Del golpe genocida a los 100 d\u00edas de crueldad"},"content":{"rendered":"\n<p><strong>Motosierra y batalla cultural<\/strong><\/p>\n\n\n\n<p>En estos 100 d\u00edas de gobierno, celebran los mercados, la bolsa rompe r\u00e9cord, la timba financiera descorcha y el riego pa\u00eds cae a bajas hist\u00f3ricas\u2026a los sectores concentrados de la econom\u00eda que han multiplicado sus ganancias, ahora ven la oportunidad de dar vuelta una p\u00e1gina con cambios de paradigmas que despoje \u201cpara siempre\u201d al \u201cpopulismo\u201d de cualquier especie que quiera volver al gobierno.<\/p>\n\n\n\n<p>Paolo Rocca, due\u00f1o y presidente de Tenaris, la principal empresa del Grupo Techint manifest\u00f3 hace tres d\u00edas, de manera contundente, su\u00a0apoyo al gobierno\u00a0de\u00a0Javier Milei. Entrevistado durante la conferencia de energ\u00eda CERAWeek by S&amp;P Global, realizada en Houston, EE.UU., (en medio del paro por 72hs de la UOM por aumentos de salario), Rocca dijo <em>\u201ccreo que su programa ser\u00e1 exitoso. Tenemos muchas esperanzas, <strong>tal vez estemos frente al inicio de un nuevo ciclo en el pa\u00eds.<\/strong> El programa econ\u00f3mico es lo que el pa\u00eds necesita:<strong>\u00a0<u>reducci\u00f3n del d\u00e9ficit fiscal y del gasto p\u00fablico del 40% al 25% y liberalizaci\u00f3n del mercado\u201d<\/u><\/strong><\/em><strong><u>.<\/u><\/strong><\/p>\n\n\n<div class=\"wp-block-image\">\n<figure class=\"aligncenter size-large is-resized\"><img data-recalc-dims=\"1\" loading=\"lazy\" decoding=\"async\" width=\"564\" height=\"700\" src=\"https:\/\/i0.wp.com\/vamosporlaliberacion.org\/crpmlm\/wp-content\/uploads\/2024\/03\/IMG-20240324-WA0008-564x700.jpg?resize=564%2C700\" alt=\"\" class=\"wp-image-27684\" style=\"width:277px;height:auto\" srcset=\"https:\/\/i0.wp.com\/vamosporlaliberacion.org\/crpmlm\/wp-content\/uploads\/2024\/03\/IMG-20240324-WA0008.jpg?resize=564%2C700&amp;ssl=1 564w, https:\/\/i0.wp.com\/vamosporlaliberacion.org\/crpmlm\/wp-content\/uploads\/2024\/03\/IMG-20240324-WA0008.jpg?resize=242%2C300&amp;ssl=1 242w, https:\/\/i0.wp.com\/vamosporlaliberacion.org\/crpmlm\/wp-content\/uploads\/2024\/03\/IMG-20240324-WA0008.jpg?resize=768%2C953&amp;ssl=1 768w, https:\/\/i0.wp.com\/vamosporlaliberacion.org\/crpmlm\/wp-content\/uploads\/2024\/03\/IMG-20240324-WA0008.jpg?resize=150%2C186&amp;ssl=1 150w, https:\/\/i0.wp.com\/vamosporlaliberacion.org\/crpmlm\/wp-content\/uploads\/2024\/03\/IMG-20240324-WA0008.jpg?resize=300%2C372&amp;ssl=1 300w, https:\/\/i0.wp.com\/vamosporlaliberacion.org\/crpmlm\/wp-content\/uploads\/2024\/03\/IMG-20240324-WA0008.jpg?resize=696%2C863&amp;ssl=1 696w, https:\/\/i0.wp.com\/vamosporlaliberacion.org\/crpmlm\/wp-content\/uploads\/2024\/03\/IMG-20240324-WA0008.jpg?resize=339%2C420&amp;ssl=1 339w, https:\/\/i0.wp.com\/vamosporlaliberacion.org\/crpmlm\/wp-content\/uploads\/2024\/03\/IMG-20240324-WA0008.jpg?w=1032&amp;ssl=1 1032w\" sizes=\"auto, (max-width: 564px) 100vw, 564px\" \/><\/figure>\n<\/div>\n\n\n<p>El ajuste es brutal, con ca\u00edda del consumo a niveles hist\u00f3ricos y una recesi\u00f3n que sostiene la baja de la inflaci\u00f3n y el ajuste fiscal con despidos masivos y cierres de secretarias y ministerios que celebran desde el v\u00e9rtice del poder, golpea a su propio electorado que se desgrana mientras otros esperan \u201cel milagro\u201d.<\/p>\n\n\n\n<p>Justamente cuando \u201cno hay pan\u201d buenas son las \u201cbatallas culturales\u201d para asustar y profundizar la grieta en el pueblo, con la posibilidad de \u201cdar vuelta una p\u00e1gina\u201d del pasado reciente y m\u00e1s lejos a\u00fan, esa que habla de la \u201cjusticia social\u201d.<\/p>\n\n\n\n<p>El rol activo de los \u201ctrolls\u201d en las redes y periodistas ensobrados, son un componente decisivo para las operaciones, provocaciones y \u201cFackNews\u201d (noticias falsas) donde entre otras cosas, toman fechas sentidas en la historia para introducir su contenido e impronta, provocativamente y totalmente \u201cblindados\u201d e impunes. As\u00ed pudimos ver como el mismo 8 de marzo difundieron un video descolgando los cuadros y desmantelando el \u201csal\u00f3n de las mujeres\u201d en Casa Rosada, sustituy\u00e9ndolos por un \u201csal\u00f3n de los proceres\u201d donde se mesclan San Mart\u00edn, con Roca, Mitre y el mism\u00edsimo Carlos Menem. O cuando en su discurso de apertura de las sesiones el 1 de marzo, Milei sosten\u00eda de manera provocativa la negaci\u00f3n de los 30.000 desaparecidxs. Lo mismo har\u00e1 este 24 de marzo con un mensaje y video justificando la \u201cteor\u00eda de los dos demonios\u201d mientras se preparan para mandar a los genocidas a sus domicilios.<\/p>\n\n\n<div class=\"wp-block-image\">\n<figure class=\"aligncenter size-large is-resized\"><img data-recalc-dims=\"1\" loading=\"lazy\" decoding=\"async\" width=\"696\" height=\"350\" src=\"https:\/\/i0.wp.com\/vamosporlaliberacion.org\/crpmlm\/wp-content\/uploads\/2024\/03\/IMG-20240324-WA0007-700x352.jpg?resize=696%2C350\" alt=\"\" class=\"wp-image-27685\" style=\"width:346px;height:auto\" srcset=\"https:\/\/i0.wp.com\/vamosporlaliberacion.org\/crpmlm\/wp-content\/uploads\/2024\/03\/IMG-20240324-WA0007.jpg?resize=700%2C352&amp;ssl=1 700w, https:\/\/i0.wp.com\/vamosporlaliberacion.org\/crpmlm\/wp-content\/uploads\/2024\/03\/IMG-20240324-WA0007.jpg?resize=300%2C151&amp;ssl=1 300w, https:\/\/i0.wp.com\/vamosporlaliberacion.org\/crpmlm\/wp-content\/uploads\/2024\/03\/IMG-20240324-WA0007.jpg?resize=768%2C386&amp;ssl=1 768w, https:\/\/i0.wp.com\/vamosporlaliberacion.org\/crpmlm\/wp-content\/uploads\/2024\/03\/IMG-20240324-WA0007.jpg?resize=150%2C75&amp;ssl=1 150w, https:\/\/i0.wp.com\/vamosporlaliberacion.org\/crpmlm\/wp-content\/uploads\/2024\/03\/IMG-20240324-WA0007.jpg?resize=696%2C350&amp;ssl=1 696w, https:\/\/i0.wp.com\/vamosporlaliberacion.org\/crpmlm\/wp-content\/uploads\/2024\/03\/IMG-20240324-WA0007.jpg?resize=1068%2C537&amp;ssl=1 1068w, https:\/\/i0.wp.com\/vamosporlaliberacion.org\/crpmlm\/wp-content\/uploads\/2024\/03\/IMG-20240324-WA0007.jpg?resize=835%2C420&amp;ssl=1 835w, https:\/\/i0.wp.com\/vamosporlaliberacion.org\/crpmlm\/wp-content\/uploads\/2024\/03\/IMG-20240324-WA0007.jpg?w=1280&amp;ssl=1 1280w\" sizes=\"auto, (max-width: 696px) 100vw, 696px\" \/><\/figure>\n<\/div>\n\n\n<p>Esta violencia pol\u00edtica, negacionista, desplegada desde el propio presidente y ministros sostiene a los grupos de tareas como los que atacaron a la militante de la agrupaci\u00f3n HIJOS de Rosario, en su casa, golpe\u00e1ndola, amenaz\u00e1ndola y abusando de ella, para luego pintar VLLC, sin que el gobierno repudiara estos hechos y el propio Milei dando like a tweet de trolls que afirmaban que era todo armado. &nbsp;<\/p>\n\n\n\n<p><strong>El ataque a la corrupci\u00f3n y el despilfarro desde el Estado es la corporizaci\u00f3n para grandes masas de ese \u201cpopulismo que se sirve del Estado\u201d<\/strong> mientras utiliza muchas veces un relato progresista y hasta otorga derechos, mientras no cambia la matriz dependiente por la que el pueblo siempre vuelve a un nuevo ciclo de miseria. La \u00faltima gran decepci\u00f3n fue el per\u00edodo iniciado por el Frente de Todos en el 2019 donde aquellas expectativas y esperanzas que colmaban los corazones de millones que ven\u00edan de padecer a la derecha tradicional, se hicieron trizas con la inflaci\u00f3n, el acuerdo con el FMI, la alta precarizaci\u00f3n laboral terminando con un 42% de pobreza. <strong>No se tomaron medidas soberanas que demandaba la situaci\u00f3n, donde la pandemia habilitaba para avanzar sobre los due\u00f1os del poder en beneficio de las grandes mayor\u00edas.<\/strong><strong><\/strong><\/p>\n\n\n\n<p>Se mantuvieron los nichos de corrupci\u00f3n desde el Estado y los negocios de \u201camigos\u201d o grupos cercanos al poder. El ataque que desat\u00f3 la reacci\u00f3n para hacerse del gobierno tiene bases objetivas e hist\u00f3ricas, l\u00f3gicamente deformadas, agrandadas y hasta inventadas, pero existe una base acumulada de a\u00f1os para que operen.<\/p>\n\n\n\n<p><strong>Es tan profunda la crisis econ\u00f3mica, social y moral de a\u00f1os de degradaci\u00f3n de una democracia<\/strong> <strong>asentada sobre un contrato social extremadamente fr\u00e1gil<\/strong> producto de las limitaciones, el car\u00e1cter y las pol\u00edticas que se llevaron adelante desde el Estado, mostrando fortalezas, pero tambi\u00e9n miserias sin que se haya avanzado sobre la estructura de un pa\u00eds dependiente, en disputa, donde prevalecen los monopolios, bancos y terratenientes en el dominio de la econom\u00eda, y donde la justicia hace honor a esa estructura. <strong>Hoy ese contrato social est\u00e1 seriamente amenazado.<\/strong><\/p>\n\n\n\n<p>El trabajo sistem\u00e1tico sobre la impronta del recambio generacional que relativiza valores que costaron sangre y moldearon a una sociedad reposada en conquistas nacidas de grandes luchas y acontecimientos hist\u00f3ricos.<\/p>\n\n\n\n<p><strong>Es muy profundo el da\u00f1o que se ha hecho con la \u201crevoluci\u00f3n de la comunicaci\u00f3n\u201d en manos de los monopolios dominantes en esa \u00e1rea tan sensible de la sociedad<\/strong>, donde la maceraci\u00f3n que en otras d\u00e9cadas llevaba a\u00f1os, hoy lleva d\u00edas, horas o minutos. <strong>Una cosa era el <em>\u201cmiente\u2026miente que algo quedar\u00e1\u201d<\/em> en d\u00e9cadas pasadas donde la comunicaci\u00f3n gr\u00e1fica y radial era dominante, a la actualidad donde eso corre a la velocidad de la luz y por miles de canales a la vez<\/strong>.<\/p>\n\n\n\n<p>El reseteo profundo sobre las cabezas de generaciones, tiende no solo a deformar o recortar la realidad, sino tambi\u00e9n a nublar la historia reciente para instalar el \u201cmensaje \u00fanico\u201d o la \u201c\u00fanica verdad\u201d \u2026la de las clases dominantes.<\/p>\n\n\n\n<p>Quienes pensaban que atr\u00e1s de estos n\u00f3veles conservadores hab\u00eda un grupo de \u201cyuppies improvisados\u201d, se equivocaron y <strong>subestimaron el radio del da\u00f1o que significa tener resortes del Estado a discreci\u00f3n, \u00a1Son muy peligrosos!, pueden ser ef\u00edmeros, porque no les interesa la construcci\u00f3n en los territorios y tienen una impronta superficial, pero de gran llegada a los j\u00f3venes y en particular a los de bajos recursos y nivel cultural<\/strong>, pero en el transcurso hacen mucho da\u00f1o y al no disponer de una estructura en los territorios, tejen alianzas con sectores de la derecha que si lo tienen. All\u00ed aparecen los personajes como Macri, Bullrrich, radicales, peronistas o del Pro que integran la alianza de gobierno.<\/p>\n\n\n\n<h3 class=\"wp-block-heading\"><strong>Discutir la riqueza<\/strong><strong><\/strong><\/h3>\n\n\n\n<p>La derrota en el terreno econ\u00f3mico determin\u00f3 los acontecimientos que llevaron a estos neo-conservadores y con ellos al carrusel del c\u00edrculo rojo al poder. <strong>Su triunfo cultural radica en que no se discute la riqueza, sino la pobreza, embarrada con \u201cel robo\u201d, \u201cel despilfarro\u201d y la \u201cjusticia social que alimenta vagos y planeros\u201d.<\/strong><strong><\/strong><\/p>\n\n\n\n<p>Mientras tanto monopolios como Techint, Arcor y otros, han multiplicado sus ganancias de manera obscena, al igual que los bancos y financiera con la timba y la especulaci\u00f3n. <strong>No solo esto, Caputo hoy (como Cavallo con la dictadura) les estatiz\u00f3 las deudas de los privados por valor de 30.000 millones de d\u00f3lares, lejos de cerrarlo, el Banco Central les da sus beneficios. &nbsp;<u>Pero de esto no se habla.<\/u><\/strong><strong><u><\/u><\/strong><\/p>\n\n\n\n<p>Cualquier proyecto pol\u00edtico que se predisponga a trascender, necesita de cambios en la superestructura que acompa\u00f1e los cambios en la base econ\u00f3mica. <strong>Si bien no son precisamente un espejo, en \u00faltima instancia esos cambios pol\u00edticos obedecen a una matriz econ\u00f3mica, y es precisamente all\u00ed donde se libra la batalla decisiva, de clases, en este per\u00edodo que marcar\u00e1 el nuevo ciclo de la historia.<\/strong><\/p>\n\n\n\n<p>La grieta entre los de abajo no est\u00e1 en el terreno econ\u00f3mico, porque el ajuste ha unificado a grandes sectores m\u00e1s all\u00e1 de las diferentes posiciones pol\u00edticas, pero aun persiste el balance de la historia reciente donde est\u00e1 negado u oculto el tema de la riqueza y no emerge a\u00fan un v\u00e9rtice que de certezas y nuevos paradigmas al pueblo.<\/p>\n\n\n\n<p><strong>La ideolog\u00eda de la \u201cconciliaci\u00f3n de clases\u201d es sumamente nociva para abordar este debate, ya que m\u00e1s all\u00e1 de su forcejeo, en \u00faltima instancia sucumbe frente al poder hegem\u00f3nico<\/strong> de los monopolios porque los considera necesarios para el equilibrio de la sociedad. En los tiempos donde se fue m\u00e1s all\u00e1, como el primer gobierno peronista, no se organiz\u00f3 al pueblo para la defensa de esas grandes conquistas llevando a un desenlace de sangre y golpe de estado.<\/p>\n\n\n\n<p>En la historia reciente, aun en los gobiernos progresistas no avanzaron en procesos que llevaran hacia la soberan\u00eda industrial, alimentaria, mar\u00edtima, agraria y financiera del pa\u00eds. Se opt\u00f3 por otorgar conquistas y derechos muy sentidos, pero sin \u201cterminar con el huevo de la serpiente\u201d que resistir\u00eda y volver\u00eda con m\u00e1s poder aprendiendo de sus errores pasados y tareas inconclusas.<\/p>\n\n\n\n<p><strong>La divisi\u00f3n del pueblo se evidencia en las derrotas en la superestructura de una sociedad\u2026<\/strong><strong><\/strong><\/p>\n\n\n\n<h3 class=\"wp-block-heading\"><strong>A 48 a\u00f1os, la historia se repite\u2026<\/strong><strong><\/strong><\/h3>\n\n\n\n<p><em>\u201ctodos los grandes hechos (y personajes) de la historia universal, aparecen dos veces\u201d (<\/em>George Hegel, filosofo idealista alem\u00e1n). CarlosMarx le complement\u00f3 a\u00f1adiendo:<em> \u201cuna vez como tragedia y otra como farsa\u201d.<\/em><\/p>\n\n\n\n<p>Ahora <strong>los sectores dominantes pasaron en limpio <u>la tragedia<\/u> que iniciaron con el golpe sangriento de aquel 24 de marzo de 1976.<\/strong> Una tragedia que se llev\u00f3 la flor y nata de la generaci\u00f3n que lider\u00f3 la lucha de los \u00b470, preparada para encabezar los procesos liberadores en el pa\u00eds. <strong><u>La \u201cfarsa\u201d<\/u> <\/strong>(aunque muchas veces suele ser peor que la tragedia), <strong>iba a estar ejemplificada en el menemismo en los \u00b490<\/strong> que termin\u00f3 de destruir la soberan\u00eda, los recursos comunes y nos at\u00f3 al carro de EEUU, al que hoy le cuelgan un mural en el \u201csal\u00f3n de los proceres\u201d de la Casa Rosada. <strong><u>La siguiente tragedia<\/u> iba a estar expresada en el gobierno de La Alianza<\/strong> tambi\u00e9n con Cavallo como ministro de econom\u00eda. El levantamiento popular y la masacre con 39 muertos fue el desenlace. <strong>El Macrismo con Juntos por el Cambio inaugurar\u00eda una nueva tragedia<\/strong> que dur\u00f3 cuatro a\u00f1os.<\/p>\n\n\n\n<p>Ahora con 105 d\u00edas de crueldad de Milei (batiendo r\u00e9cord de destrucci\u00f3n y retroceso en tan corto tiempo como nunca se vio en democracia), asistimos en forma de \u201cfarsa\u201d, a esa \u201cvuelta de tuerca\u201d del neoliberalismo, donde siguen insistiendo en el mismo plan econ\u00f3mico derrotado de la dictadura, el menemismo, La Alianza y Juntos por el Cambio basado en el \u201cd\u00e9ficit cero\u201d, ajuste, reforma laboral, endeudamiento, privatizaci\u00f3n y entrega. <strong>Pero con nuevas formas e improntas que \u201crompe\u201d con aquella pol\u00edtica tradicional conocida en la historia reciente. <\/strong><strong><\/strong><\/p>\n\n\n\n<p>\u00a0\u00a0 Desde esta impronta se practica el ataque a las mujeres y diversidades, el cierre del Ministerio, la eliminaci\u00f3n del sal\u00f3n de la mujer en Casa Rosada, el cierre de T\u00e9lam, la eliminaci\u00f3n del programa de las Madres de Plaza de Mayo en la TV P\u00fablica, el INCAA, la TV p\u00fablica, el desguace del CONICET, entre otras medidas retrogradas que se toman con el DNU vigente.<\/p>\n\n\n<div class=\"wp-block-image\">\n<figure class=\"aligncenter size-large is-resized\"><img data-recalc-dims=\"1\" loading=\"lazy\" decoding=\"async\" width=\"696\" height=\"313\" src=\"https:\/\/i0.wp.com\/vamosporlaliberacion.org\/crpmlm\/wp-content\/uploads\/2024\/03\/IMG-20240324-WA0003-700x315.jpg?resize=696%2C313\" alt=\"\" class=\"wp-image-27686\" style=\"width:343px;height:auto\" srcset=\"https:\/\/i0.wp.com\/vamosporlaliberacion.org\/crpmlm\/wp-content\/uploads\/2024\/03\/IMG-20240324-WA0003.jpg?resize=700%2C315&amp;ssl=1 700w, https:\/\/i0.wp.com\/vamosporlaliberacion.org\/crpmlm\/wp-content\/uploads\/2024\/03\/IMG-20240324-WA0003.jpg?resize=300%2C135&amp;ssl=1 300w, https:\/\/i0.wp.com\/vamosporlaliberacion.org\/crpmlm\/wp-content\/uploads\/2024\/03\/IMG-20240324-WA0003.jpg?resize=768%2C346&amp;ssl=1 768w, https:\/\/i0.wp.com\/vamosporlaliberacion.org\/crpmlm\/wp-content\/uploads\/2024\/03\/IMG-20240324-WA0003.jpg?resize=150%2C68&amp;ssl=1 150w, https:\/\/i0.wp.com\/vamosporlaliberacion.org\/crpmlm\/wp-content\/uploads\/2024\/03\/IMG-20240324-WA0003.jpg?resize=696%2C313&amp;ssl=1 696w, https:\/\/i0.wp.com\/vamosporlaliberacion.org\/crpmlm\/wp-content\/uploads\/2024\/03\/IMG-20240324-WA0003.jpg?resize=1068%2C481&amp;ssl=1 1068w, https:\/\/i0.wp.com\/vamosporlaliberacion.org\/crpmlm\/wp-content\/uploads\/2024\/03\/IMG-20240324-WA0003.jpg?resize=933%2C420&amp;ssl=1 933w, https:\/\/i0.wp.com\/vamosporlaliberacion.org\/crpmlm\/wp-content\/uploads\/2024\/03\/IMG-20240324-WA0003.jpg?w=1280&amp;ssl=1 1280w\" sizes=\"auto, (max-width: 696px) 100vw, 696px\" \/><figcaption class=\"wp-element-caption\">Rio Turbio<\/figcaption><\/figure>\n<\/div>\n\n\n<p>No son hechos aislados, son las manifestaciones de que van a un cambio profundo, eliminando paradigmas endilgados al \u201cpopulismo corrupto\u201d para introducir valores basados en el individualismo, la especulaci\u00f3n, la estigmatizaci\u00f3n de los d\u00e9biles, inmigrantes latinos y la pobreza (como sin\u00f3nimo de vagancia y el \u201cvivir de arriba\u201d), la \u201chistoria oficial de las clases ganadoras\u201d y la cultura de la dependencia.<\/p>\n\n\n\n<h3 class=\"wp-block-heading\"><strong>Con la fuerza de los 30.000 construyamos la esperanza<\/strong><strong><\/strong><\/h3>\n\n\n\n<p>Esto obliga a abordar r\u00e1pidamente los debates en el campo popular que permitan ir uniendo al pueblo; y esto tiene como contenido poder reconocer que la construcci\u00f3n de poder desde el Estado por parte de los sectores enrolados en el progresismo, en particular del peronismo, <strong>mantuvieron esa pr\u00e1ctica e impidieron el control popular sobre \u00e1reas de gobierno.<\/strong> Por lo tanto, si no se muestra autocr\u00edtica, no se puede hablar livianamente del \u201cEstado presente\u201d para polemizar con Milei, porque sencillamente se le contesta con algo que el pueblo cuestiona y necesita procesar.<\/p>\n\n\n\n<p>La corrupci\u00f3n en este Estado existe y da identidad a su car\u00e1cter de clase. Cuando por las razones que sea, aquellos que llegan a gobierno y dicen expresar a los sectores populares, <strong>tienen muchas m\u00e1s responsabilidades en cuanto a la premisa de mayor transparencia y control sobre todo lo que acontece a lo p\u00fablico, a diferencia de la derecha cuando gobierna.<\/strong><\/p>\n\n\n\n<p>Tampoco alcanza en esperar ciertos acontecimientos o salvadores. La esperanza no puede pasar por esperar c\u00f3modamente la sublevaci\u00f3n de aquellas multitudes castigadas. Claro que la esperanza se enciende cuando vemos a los metal\u00fargicos en acci\u00f3n o los obreros del carb\u00f3n en R\u00edo Turbio que ocupan las minas y se movilizan. \u00a1La esperanza se construye! en aquellos acontecimientos que hacen bifurcar la historia.<\/p>\n\n\n<div class=\"wp-block-image\">\n<figure class=\"aligncenter size-large is-resized\"><img data-recalc-dims=\"1\" loading=\"lazy\" decoding=\"async\" width=\"696\" height=\"392\" src=\"https:\/\/i0.wp.com\/vamosporlaliberacion.org\/crpmlm\/wp-content\/uploads\/2024\/03\/IMG-20240324-WA0006-700x394.jpg?resize=696%2C392\" alt=\"\" class=\"wp-image-27687\" style=\"width:327px;height:auto\" srcset=\"https:\/\/i0.wp.com\/vamosporlaliberacion.org\/crpmlm\/wp-content\/uploads\/2024\/03\/IMG-20240324-WA0006.jpg?resize=700%2C394&amp;ssl=1 700w, https:\/\/i0.wp.com\/vamosporlaliberacion.org\/crpmlm\/wp-content\/uploads\/2024\/03\/IMG-20240324-WA0006.jpg?resize=300%2C169&amp;ssl=1 300w, https:\/\/i0.wp.com\/vamosporlaliberacion.org\/crpmlm\/wp-content\/uploads\/2024\/03\/IMG-20240324-WA0006.jpg?resize=768%2C432&amp;ssl=1 768w, https:\/\/i0.wp.com\/vamosporlaliberacion.org\/crpmlm\/wp-content\/uploads\/2024\/03\/IMG-20240324-WA0006.jpg?resize=150%2C84&amp;ssl=1 150w, https:\/\/i0.wp.com\/vamosporlaliberacion.org\/crpmlm\/wp-content\/uploads\/2024\/03\/IMG-20240324-WA0006.jpg?resize=696%2C392&amp;ssl=1 696w, https:\/\/i0.wp.com\/vamosporlaliberacion.org\/crpmlm\/wp-content\/uploads\/2024\/03\/IMG-20240324-WA0006.jpg?resize=1068%2C601&amp;ssl=1 1068w, https:\/\/i0.wp.com\/vamosporlaliberacion.org\/crpmlm\/wp-content\/uploads\/2024\/03\/IMG-20240324-WA0006.jpg?resize=747%2C420&amp;ssl=1 747w, https:\/\/i0.wp.com\/vamosporlaliberacion.org\/crpmlm\/wp-content\/uploads\/2024\/03\/IMG-20240324-WA0006.jpg?w=1280&amp;ssl=1 1280w\" sizes=\"auto, (max-width: 696px) 100vw, 696px\" \/><\/figure>\n<\/div>\n\n\n<p>Han pasado m\u00e1s de 100 d\u00edas y la lava hirviendo del neoliberalismo se desparrama r\u00e1pidamente sobre nuestras cabezas. Pero su soberbia y venganza los hace m\u00e1s vulnerables, ha llegado el momento de organizar las fuerzas para dar forma a un proyecto realmente capaz de hacernos bifurcar hacia un rumbo popular.<\/p>\n\n\n\n<p>Muchos se preguntan \u201chasta donde va aguantar el cuero del pueblo\u201d, cuanto sufrimiento puede soportar, pero en la medida que no haya certezas y liderazgos colectivos, las luchas, que siempre est\u00e1n, no significaran una salida para el conjunto del pueblo.<\/p>\n\n\n\n<p>Este 24 de marzo, a 48 a\u00f1os del inicio del genocidio traemos al presente la peor arma que conocen los fascistas y negacionistas del gobierno: <strong>LA MEMORIA de nuestros 30.000 h\u00e9roes y hero\u00ednas que dieron la vida por la patria liberada.\u00a0 <\/strong><\/p>\n\n\n<div class=\"wp-block-image\">\n<figure class=\"aligncenter size-large is-resized\"><img data-recalc-dims=\"1\" loading=\"lazy\" decoding=\"async\" width=\"696\" height=\"392\" src=\"https:\/\/i0.wp.com\/vamosporlaliberacion.org\/crpmlm\/wp-content\/uploads\/2024\/03\/IMG-20240324-WA0005-700x394.jpg?resize=696%2C392\" alt=\"\" class=\"wp-image-27688\" style=\"width:347px;height:auto\" srcset=\"https:\/\/i0.wp.com\/vamosporlaliberacion.org\/crpmlm\/wp-content\/uploads\/2024\/03\/IMG-20240324-WA0005.jpg?resize=700%2C394&amp;ssl=1 700w, https:\/\/i0.wp.com\/vamosporlaliberacion.org\/crpmlm\/wp-content\/uploads\/2024\/03\/IMG-20240324-WA0005.jpg?resize=300%2C169&amp;ssl=1 300w, https:\/\/i0.wp.com\/vamosporlaliberacion.org\/crpmlm\/wp-content\/uploads\/2024\/03\/IMG-20240324-WA0005.jpg?resize=768%2C432&amp;ssl=1 768w, https:\/\/i0.wp.com\/vamosporlaliberacion.org\/crpmlm\/wp-content\/uploads\/2024\/03\/IMG-20240324-WA0005.jpg?resize=150%2C84&amp;ssl=1 150w, https:\/\/i0.wp.com\/vamosporlaliberacion.org\/crpmlm\/wp-content\/uploads\/2024\/03\/IMG-20240324-WA0005.jpg?resize=696%2C392&amp;ssl=1 696w, https:\/\/i0.wp.com\/vamosporlaliberacion.org\/crpmlm\/wp-content\/uploads\/2024\/03\/IMG-20240324-WA0005.jpg?resize=747%2C420&amp;ssl=1 747w, https:\/\/i0.wp.com\/vamosporlaliberacion.org\/crpmlm\/wp-content\/uploads\/2024\/03\/IMG-20240324-WA0005.jpg?w=800&amp;ssl=1 800w\" sizes=\"auto, (max-width: 696px) 100vw, 696px\" \/><\/figure>\n<\/div>\n\n\n<p><strong>Esta es nuestra \u00faltima frontera, es el l\u00edmite, pero debe ser el inicio de la contraofensiva popular.<\/strong> El inicio de la reconstrucci\u00f3n del campo popular con nuevos rostros, nuevas certezas para recrear la esperanza.<\/p>\n\n\n\n<p><em>\u201cLa esperanza, pero tener esperanza del verbo esperanzar; porque hay gente que tiene esperanza del verbo esperar. Y la esperanza del verbo esperar no es esperanza, es espera. Esperanzar es levantarse, esperanzar es ir detr\u00e1s, esperanzar es construir, esperanzar es no rendirse. <strong>Esperanzar es seguir adelante, esperanzar es unirse a otros para hacerlo de forma diferente\u2026\u201d<\/strong> <\/em>(Paulo Freire)<em><\/em><\/p>\n<!-- AddThis Advanced Settings generic via filter on the_content --><!-- AddThis Share Buttons generic via filter on the_content -->","protected":false},"excerpt":{"rendered":"<p>Motosierra y batalla cultural En estos 100 d\u00edas de gobierno, celebran los mercados, la bolsa rompe r\u00e9cord, la timba financiera descorcha y el riego pa\u00eds cae a bajas hist\u00f3ricas\u2026a los sectores concentrados de la econom\u00eda que han multiplicado sus ganancias, ahora ven la oportunidad de dar vuelta una p\u00e1gina con cambios de paradigmas que despoje [&hellip;]<!-- AddThis Advanced Settings generic via filter on get_the_excerpt --><!-- AddThis Share Buttons generic via filter on get_the_excerpt --><\/p>\n","protected":false},"author":9,"featured_media":27683,"comment_status":"closed","ping_status":"closed","sticky":false,"template":"","format":"standard","meta":{"_jetpack_memberships_contains_paid_content":false,"footnotes":""},"categories":[1881],"tags":[],"class_list":{"0":"post-27682","1":"post","2":"type-post","3":"status-publish","4":"format-standard","5":"has-post-thumbnail","7":"category-editoriales"},"yoast_head":"<!-- This site is optimized with the Yoast SEO plugin v27.4 - https:\/\/yoast.com\/product\/yoast-seo-wordpress\/ -->\n<title>Del golpe genocida a los 100 d\u00edas de crueldad - Vamos por la Liberaci\u00f3n<\/title>\n<meta name=\"robots\" content=\"index, follow, max-snippet:-1, max-image-preview:large, max-video-preview:-1\" \/>\n<link rel=\"canonical\" href=\"http:\/\/vamosporlaliberacion.org\/crpmlm\/del-golpe-genocida-a-los-100-dias-de-crueldad\/\" \/>\n<meta name=\"twitter:label1\" content=\"Escrito por\" \/>\n\t<meta name=\"twitter:data1\" content=\"Prensa Vamos\" \/>\n\t<meta name=\"twitter:label2\" content=\"Tiempo de lectura\" \/>\n\t<meta name=\"twitter:data2\" content=\"12 minutos\" \/>\n<script type=\"application\/ld+json\" class=\"yoast-schema-graph\">{\"@context\":\"https:\\\/\\\/schema.org\",\"@graph\":[{\"@type\":\"Article\",\"@id\":\"http:\\\/\\\/vamosporlaliberacion.org\\\/crpmlm\\\/del-golpe-genocida-a-los-100-dias-de-crueldad\\\/#article\",\"isPartOf\":{\"@id\":\"http:\\\/\\\/vamosporlaliberacion.org\\\/crpmlm\\\/del-golpe-genocida-a-los-100-dias-de-crueldad\\\/\"},\"author\":{\"name\":\"Prensa Vamos\",\"@id\":\"https:\\\/\\\/vamosporlaliberacion.org\\\/crpmlm\\\/#\\\/schema\\\/person\\\/ebdbd4bf0e9418b9f0c0a93395366b2f\"},\"headline\":\"Del golpe genocida a los 100 d\u00edas de crueldad\",\"datePublished\":\"2024-03-24T13:50:59+00:00\",\"dateModified\":\"2024-03-24T15:08:23+00:00\",\"mainEntityOfPage\":{\"@id\":\"http:\\\/\\\/vamosporlaliberacion.org\\\/crpmlm\\\/del-golpe-genocida-a-los-100-dias-de-crueldad\\\/\"},\"wordCount\":2418,\"image\":{\"@id\":\"http:\\\/\\\/vamosporlaliberacion.org\\\/crpmlm\\\/del-golpe-genocida-a-los-100-dias-de-crueldad\\\/#primaryimage\"},\"thumbnailUrl\":\"https:\\\/\\\/i0.wp.com\\\/vamosporlaliberacion.org\\\/crpmlm\\\/wp-content\\\/uploads\\\/2024\\\/03\\\/IMG-20240324-WA0001.jpg?fit=1280%2C576&ssl=1\",\"articleSection\":[\"Editoriales\"],\"inLanguage\":\"es\"},{\"@type\":\"WebPage\",\"@id\":\"http:\\\/\\\/vamosporlaliberacion.org\\\/crpmlm\\\/del-golpe-genocida-a-los-100-dias-de-crueldad\\\/\",\"url\":\"http:\\\/\\\/vamosporlaliberacion.org\\\/crpmlm\\\/del-golpe-genocida-a-los-100-dias-de-crueldad\\\/\",\"name\":\"Del golpe genocida a los 100 d\u00edas de crueldad - Vamos por la Liberaci\u00f3n\",\"isPartOf\":{\"@id\":\"https:\\\/\\\/vamosporlaliberacion.org\\\/crpmlm\\\/#website\"},\"primaryImageOfPage\":{\"@id\":\"http:\\\/\\\/vamosporlaliberacion.org\\\/crpmlm\\\/del-golpe-genocida-a-los-100-dias-de-crueldad\\\/#primaryimage\"},\"image\":{\"@id\":\"http:\\\/\\\/vamosporlaliberacion.org\\\/crpmlm\\\/del-golpe-genocida-a-los-100-dias-de-crueldad\\\/#primaryimage\"},\"thumbnailUrl\":\"https:\\\/\\\/i0.wp.com\\\/vamosporlaliberacion.org\\\/crpmlm\\\/wp-content\\\/uploads\\\/2024\\\/03\\\/IMG-20240324-WA0001.jpg?fit=1280%2C576&ssl=1\",\"datePublished\":\"2024-03-24T13:50:59+00:00\",\"dateModified\":\"2024-03-24T15:08:23+00:00\",\"author\":{\"@id\":\"https:\\\/\\\/vamosporlaliberacion.org\\\/crpmlm\\\/#\\\/schema\\\/person\\\/ebdbd4bf0e9418b9f0c0a93395366b2f\"},\"breadcrumb\":{\"@id\":\"http:\\\/\\\/vamosporlaliberacion.org\\\/crpmlm\\\/del-golpe-genocida-a-los-100-dias-de-crueldad\\\/#breadcrumb\"},\"inLanguage\":\"es\",\"potentialAction\":[{\"@type\":\"ReadAction\",\"target\":[\"http:\\\/\\\/vamosporlaliberacion.org\\\/crpmlm\\\/del-golpe-genocida-a-los-100-dias-de-crueldad\\\/\"]}]},{\"@type\":\"ImageObject\",\"inLanguage\":\"es\",\"@id\":\"http:\\\/\\\/vamosporlaliberacion.org\\\/crpmlm\\\/del-golpe-genocida-a-los-100-dias-de-crueldad\\\/#primaryimage\",\"url\":\"https:\\\/\\\/i0.wp.com\\\/vamosporlaliberacion.org\\\/crpmlm\\\/wp-content\\\/uploads\\\/2024\\\/03\\\/IMG-20240324-WA0001.jpg?fit=1280%2C576&ssl=1\",\"contentUrl\":\"https:\\\/\\\/i0.wp.com\\\/vamosporlaliberacion.org\\\/crpmlm\\\/wp-content\\\/uploads\\\/2024\\\/03\\\/IMG-20240324-WA0001.jpg?fit=1280%2C576&ssl=1\",\"width\":1280,\"height\":576},{\"@type\":\"BreadcrumbList\",\"@id\":\"http:\\\/\\\/vamosporlaliberacion.org\\\/crpmlm\\\/del-golpe-genocida-a-los-100-dias-de-crueldad\\\/#breadcrumb\",\"itemListElement\":[{\"@type\":\"ListItem\",\"position\":1,\"name\":\"Portada\",\"item\":\"https:\\\/\\\/vamosporlaliberacion.org\\\/crpmlm\\\/\"},{\"@type\":\"ListItem\",\"position\":2,\"name\":\"Del golpe genocida a los 100 d\u00edas de crueldad\"}]},{\"@type\":\"WebSite\",\"@id\":\"https:\\\/\\\/vamosporlaliberacion.org\\\/crpmlm\\\/#website\",\"url\":\"https:\\\/\\\/vamosporlaliberacion.org\\\/crpmlm\\\/\",\"name\":\"Vamos por la Liberaci\u00f3n\",\"description\":\"Prensa CR\",\"potentialAction\":[{\"@type\":\"SearchAction\",\"target\":{\"@type\":\"EntryPoint\",\"urlTemplate\":\"https:\\\/\\\/vamosporlaliberacion.org\\\/crpmlm\\\/?s={search_term_string}\"},\"query-input\":{\"@type\":\"PropertyValueSpecification\",\"valueRequired\":true,\"valueName\":\"search_term_string\"}}],\"inLanguage\":\"es\"},{\"@type\":\"Person\",\"@id\":\"https:\\\/\\\/vamosporlaliberacion.org\\\/crpmlm\\\/#\\\/schema\\\/person\\\/ebdbd4bf0e9418b9f0c0a93395366b2f\",\"name\":\"Prensa Vamos\",\"sameAs\":[\"http:\\\/\\\/vamposporlaliberacion.org\"],\"url\":\"https:\\\/\\\/vamosporlaliberacion.org\\\/crpmlm\\\/author\\\/editor\\\/\"}]}<\/script>\n<!-- \/ Yoast SEO plugin. -->","yoast_head_json":{"title":"Del golpe genocida a los 100 d\u00edas de crueldad - Vamos por la Liberaci\u00f3n","robots":{"index":"index","follow":"follow","max-snippet":"max-snippet:-1","max-image-preview":"max-image-preview:large","max-video-preview":"max-video-preview:-1"},"canonical":"http:\/\/vamosporlaliberacion.org\/crpmlm\/del-golpe-genocida-a-los-100-dias-de-crueldad\/","twitter_misc":{"Escrito por":"Prensa Vamos","Tiempo de lectura":"12 minutos"},"schema":{"@context":"https:\/\/schema.org","@graph":[{"@type":"Article","@id":"http:\/\/vamosporlaliberacion.org\/crpmlm\/del-golpe-genocida-a-los-100-dias-de-crueldad\/#article","isPartOf":{"@id":"http:\/\/vamosporlaliberacion.org\/crpmlm\/del-golpe-genocida-a-los-100-dias-de-crueldad\/"},"author":{"name":"Prensa Vamos","@id":"https:\/\/vamosporlaliberacion.org\/crpmlm\/#\/schema\/person\/ebdbd4bf0e9418b9f0c0a93395366b2f"},"headline":"Del golpe genocida a los 100 d\u00edas de crueldad","datePublished":"2024-03-24T13:50:59+00:00","dateModified":"2024-03-24T15:08:23+00:00","mainEntityOfPage":{"@id":"http:\/\/vamosporlaliberacion.org\/crpmlm\/del-golpe-genocida-a-los-100-dias-de-crueldad\/"},"wordCount":2418,"image":{"@id":"http:\/\/vamosporlaliberacion.org\/crpmlm\/del-golpe-genocida-a-los-100-dias-de-crueldad\/#primaryimage"},"thumbnailUrl":"https:\/\/i0.wp.com\/vamosporlaliberacion.org\/crpmlm\/wp-content\/uploads\/2024\/03\/IMG-20240324-WA0001.jpg?fit=1280%2C576&ssl=1","articleSection":["Editoriales"],"inLanguage":"es"},{"@type":"WebPage","@id":"http:\/\/vamosporlaliberacion.org\/crpmlm\/del-golpe-genocida-a-los-100-dias-de-crueldad\/","url":"http:\/\/vamosporlaliberacion.org\/crpmlm\/del-golpe-genocida-a-los-100-dias-de-crueldad\/","name":"Del golpe genocida a los 100 d\u00edas de crueldad - Vamos por la Liberaci\u00f3n","isPartOf":{"@id":"https:\/\/vamosporlaliberacion.org\/crpmlm\/#website"},"primaryImageOfPage":{"@id":"http:\/\/vamosporlaliberacion.org\/crpmlm\/del-golpe-genocida-a-los-100-dias-de-crueldad\/#primaryimage"},"image":{"@id":"http:\/\/vamosporlaliberacion.org\/crpmlm\/del-golpe-genocida-a-los-100-dias-de-crueldad\/#primaryimage"},"thumbnailUrl":"https:\/\/i0.wp.com\/vamosporlaliberacion.org\/crpmlm\/wp-content\/uploads\/2024\/03\/IMG-20240324-WA0001.jpg?fit=1280%2C576&ssl=1","datePublished":"2024-03-24T13:50:59+00:00","dateModified":"2024-03-24T15:08:23+00:00","author":{"@id":"https:\/\/vamosporlaliberacion.org\/crpmlm\/#\/schema\/person\/ebdbd4bf0e9418b9f0c0a93395366b2f"},"breadcrumb":{"@id":"http:\/\/vamosporlaliberacion.org\/crpmlm\/del-golpe-genocida-a-los-100-dias-de-crueldad\/#breadcrumb"},"inLanguage":"es","potentialAction":[{"@type":"ReadAction","target":["http:\/\/vamosporlaliberacion.org\/crpmlm\/del-golpe-genocida-a-los-100-dias-de-crueldad\/"]}]},{"@type":"ImageObject","inLanguage":"es","@id":"http:\/\/vamosporlaliberacion.org\/crpmlm\/del-golpe-genocida-a-los-100-dias-de-crueldad\/#primaryimage","url":"https:\/\/i0.wp.com\/vamosporlaliberacion.org\/crpmlm\/wp-content\/uploads\/2024\/03\/IMG-20240324-WA0001.jpg?fit=1280%2C576&ssl=1","contentUrl":"https:\/\/i0.wp.com\/vamosporlaliberacion.org\/crpmlm\/wp-content\/uploads\/2024\/03\/IMG-20240324-WA0001.jpg?fit=1280%2C576&ssl=1","width":1280,"height":576},{"@type":"BreadcrumbList","@id":"http:\/\/vamosporlaliberacion.org\/crpmlm\/del-golpe-genocida-a-los-100-dias-de-crueldad\/#breadcrumb","itemListElement":[{"@type":"ListItem","position":1,"name":"Portada","item":"https:\/\/vamosporlaliberacion.org\/crpmlm\/"},{"@type":"ListItem","position":2,"name":"Del golpe genocida a los 100 d\u00edas de crueldad"}]},{"@type":"WebSite","@id":"https:\/\/vamosporlaliberacion.org\/crpmlm\/#website","url":"https:\/\/vamosporlaliberacion.org\/crpmlm\/","name":"Vamos por la Liberaci\u00f3n","description":"Prensa CR","potentialAction":[{"@type":"SearchAction","target":{"@type":"EntryPoint","urlTemplate":"https:\/\/vamosporlaliberacion.org\/crpmlm\/?s={search_term_string}"},"query-input":{"@type":"PropertyValueSpecification","valueRequired":true,"valueName":"search_term_string"}}],"inLanguage":"es"},{"@type":"Person","@id":"https:\/\/vamosporlaliberacion.org\/crpmlm\/#\/schema\/person\/ebdbd4bf0e9418b9f0c0a93395366b2f","name":"Prensa Vamos","sameAs":["http:\/\/vamposporlaliberacion.org"],"url":"https:\/\/vamosporlaliberacion.org\/crpmlm\/author\/editor\/"}]}},"jetpack_featured_media_url":"https:\/\/i0.wp.com\/vamosporlaliberacion.org\/crpmlm\/wp-content\/uploads\/2024\/03\/IMG-20240324-WA0001.jpg?fit=1280%2C576&ssl=1","jetpack_sharing_enabled":true,"_links":{"self":[{"href":"https:\/\/vamosporlaliberacion.org\/crpmlm\/wp-json\/wp\/v2\/posts\/27682","targetHints":{"allow":["GET"]}}],"collection":[{"href":"https:\/\/vamosporlaliberacion.org\/crpmlm\/wp-json\/wp\/v2\/posts"}],"about":[{"href":"https:\/\/vamosporlaliberacion.org\/crpmlm\/wp-json\/wp\/v2\/types\/post"}],"author":[{"embeddable":true,"href":"https:\/\/vamosporlaliberacion.org\/crpmlm\/wp-json\/wp\/v2\/users\/9"}],"replies":[{"embeddable":true,"href":"https:\/\/vamosporlaliberacion.org\/crpmlm\/wp-json\/wp\/v2\/comments?post=27682"}],"version-history":[{"count":2,"href":"https:\/\/vamosporlaliberacion.org\/crpmlm\/wp-json\/wp\/v2\/posts\/27682\/revisions"}],"predecessor-version":[{"id":27690,"href":"https:\/\/vamosporlaliberacion.org\/crpmlm\/wp-json\/wp\/v2\/posts\/27682\/revisions\/27690"}],"wp:featuredmedia":[{"embeddable":true,"href":"https:\/\/vamosporlaliberacion.org\/crpmlm\/wp-json\/wp\/v2\/media\/27683"}],"wp:attachment":[{"href":"https:\/\/vamosporlaliberacion.org\/crpmlm\/wp-json\/wp\/v2\/media?parent=27682"}],"wp:term":[{"taxonomy":"category","embeddable":true,"href":"https:\/\/vamosporlaliberacion.org\/crpmlm\/wp-json\/wp\/v2\/categories?post=27682"},{"taxonomy":"post_tag","embeddable":true,"href":"https:\/\/vamosporlaliberacion.org\/crpmlm\/wp-json\/wp\/v2\/tags?post=27682"}],"curies":[{"name":"wp","href":"https:\/\/api.w.org\/{rel}","templated":true}]}}