{"id":27516,"date":"2024-01-30T20:11:16","date_gmt":"2024-01-30T23:11:16","guid":{"rendered":"http:\/\/vamosporlaliberacion.org\/crpmlm\/?p=27516"},"modified":"2024-01-30T20:11:17","modified_gmt":"2024-01-30T23:11:17","slug":"el-paro-del-24e-marca-el-camino","status":"publish","type":"post","link":"https:\/\/vamosporlaliberacion.org\/crpmlm\/el-paro-del-24e-marca-el-camino\/","title":{"rendered":"El paro del 24E marca el camino"},"content":{"rendered":"\n<p><strong>Dos argentinas se muestran en lo que anuncia ser un per\u00edodo de enfrentamientos brutales, donde el pueblo tiene la calle y el gobierno las fuerzas represivas, la rosca en el parlamento, la mentira en redes y medios y las amenazas permanentes.<\/strong><\/p>\n\n\n\n<p>El paro del 24E golpe\u00f3 fuerte al coraz\u00f3n del plan del gobierno que ya ven\u00eda cuestionado en el Congreso. <strong>La medida de lucha mostr\u00f3 el cambio en la situaci\u00f3n pol\u00edtica donde el movimiento obrero se puso en el centro de la disputa pol\u00edtica<\/strong>. Hace d\u00e9cadas que no se viv\u00eda un paro general con movilizaci\u00f3n, quiz\u00e1s desde los paros de la CGT Brasil conducida por Saul Ubaldini en los \u00b480. Como sol\u00eda pasar en aquellos a\u00f1os, pero ahora sumando otras centrales sindicales, pudieron atraer a otros sectores de la econom\u00eda, la cultura, educaci\u00f3n y salud <strong>golpeados por esta pol\u00edtica que promete pulverizar las econom\u00edas regionales, el patrimonio nacional y la memoria viva de nuestro pa\u00eds como son los jubilados.<\/strong><\/p>\n\n\n\n<p>La gran unidad mostrada el 24E enfrenta al coraz\u00f3n de un plan que tiene en su base econ\u00f3mica lo que promete en la superestructura de la pol\u00edtica, en cuanto a reducir la capacidad productiva de un pa\u00eds, llevar la dependencia a una instancia de semi colonia que se vea reflejada en la destrucci\u00f3n de la cultura y nuestra historia, para dejarlo en manos de los rulos especulativos de las grandes corporaciones locales e internacionales de la especulaci\u00f3n financiera, a los grandes monopolios extractivistas y saqueadores que arrasan con los ecosistemas y ahora con la posibilidad de quedarse con mas tierras de las que ya tienen. Solo as\u00ed se puede entender el esfuerzo, aun desordenado y apurado, para hacer pasar el engendro del DNU y la Ley \u00d3mnibus.<\/p>\n\n\n\n<figure class=\"wp-block-gallery has-nested-images columns-default is-cropped wp-block-gallery-1 is-layout-flex wp-block-gallery-is-layout-flex\">\n<figure class=\"wp-block-image size-large\"><img data-recalc-dims=\"1\" loading=\"lazy\" decoding=\"async\" width=\"696\" height=\"392\" data-id=\"27495\" src=\"https:\/\/i0.wp.com\/vamosporlaliberacion.org\/crpmlm\/wp-content\/uploads\/2024\/01\/24ERosario-700x394.jpg?resize=696%2C392\" alt=\"\" class=\"wp-image-27495\" srcset=\"https:\/\/i0.wp.com\/vamosporlaliberacion.org\/crpmlm\/wp-content\/uploads\/2024\/01\/24ERosario.jpg?resize=700%2C394&amp;ssl=1 700w, https:\/\/i0.wp.com\/vamosporlaliberacion.org\/crpmlm\/wp-content\/uploads\/2024\/01\/24ERosario.jpg?resize=300%2C169&amp;ssl=1 300w, https:\/\/i0.wp.com\/vamosporlaliberacion.org\/crpmlm\/wp-content\/uploads\/2024\/01\/24ERosario.jpg?resize=768%2C432&amp;ssl=1 768w, https:\/\/i0.wp.com\/vamosporlaliberacion.org\/crpmlm\/wp-content\/uploads\/2024\/01\/24ERosario.jpg?resize=150%2C84&amp;ssl=1 150w, https:\/\/i0.wp.com\/vamosporlaliberacion.org\/crpmlm\/wp-content\/uploads\/2024\/01\/24ERosario.jpg?resize=696%2C392&amp;ssl=1 696w, https:\/\/i0.wp.com\/vamosporlaliberacion.org\/crpmlm\/wp-content\/uploads\/2024\/01\/24ERosario.jpg?resize=1068%2C601&amp;ssl=1 1068w, https:\/\/i0.wp.com\/vamosporlaliberacion.org\/crpmlm\/wp-content\/uploads\/2024\/01\/24ERosario.jpg?resize=747%2C420&amp;ssl=1 747w, https:\/\/i0.wp.com\/vamosporlaliberacion.org\/crpmlm\/wp-content\/uploads\/2024\/01\/24ERosario.jpg?w=1200&amp;ssl=1 1200w\" sizes=\"auto, (max-width: 696px) 100vw, 696px\" \/><figcaption class=\"wp-element-caption\">Monumento a la bandera, Rosario Sta. Fe<\/figcaption><\/figure>\n\n\n\n<figure class=\"wp-block-image size-large\"><img data-recalc-dims=\"1\" loading=\"lazy\" decoding=\"async\" width=\"696\" height=\"501\" data-id=\"27487\" src=\"https:\/\/i0.wp.com\/vamosporlaliberacion.org\/crpmlm\/wp-content\/uploads\/2024\/01\/24ECordoba-2-700x504.jpg?resize=696%2C501\" alt=\"\" class=\"wp-image-27487\" srcset=\"https:\/\/i0.wp.com\/vamosporlaliberacion.org\/crpmlm\/wp-content\/uploads\/2024\/01\/24ECordoba-2.jpg?resize=700%2C504&amp;ssl=1 700w, https:\/\/i0.wp.com\/vamosporlaliberacion.org\/crpmlm\/wp-content\/uploads\/2024\/01\/24ECordoba-2.jpg?resize=300%2C216&amp;ssl=1 300w, https:\/\/i0.wp.com\/vamosporlaliberacion.org\/crpmlm\/wp-content\/uploads\/2024\/01\/24ECordoba-2.jpg?resize=768%2C553&amp;ssl=1 768w, https:\/\/i0.wp.com\/vamosporlaliberacion.org\/crpmlm\/wp-content\/uploads\/2024\/01\/24ECordoba-2.jpg?resize=150%2C108&amp;ssl=1 150w, https:\/\/i0.wp.com\/vamosporlaliberacion.org\/crpmlm\/wp-content\/uploads\/2024\/01\/24ECordoba-2.jpg?resize=696%2C501&amp;ssl=1 696w, https:\/\/i0.wp.com\/vamosporlaliberacion.org\/crpmlm\/wp-content\/uploads\/2024\/01\/24ECordoba-2.jpg?resize=1068%2C769&amp;ssl=1 1068w, https:\/\/i0.wp.com\/vamosporlaliberacion.org\/crpmlm\/wp-content\/uploads\/2024\/01\/24ECordoba-2.jpg?resize=583%2C420&amp;ssl=1 583w, https:\/\/i0.wp.com\/vamosporlaliberacion.org\/crpmlm\/wp-content\/uploads\/2024\/01\/24ECordoba-2.jpg?w=1080&amp;ssl=1 1080w\" sizes=\"auto, (max-width: 696px) 100vw, 696px\" \/><figcaption class=\"wp-element-caption\">C\u00f3rdoba<\/figcaption><\/figure>\n<\/figure>\n\n\n\n<p>El paro y movilizaci\u00f3n fue hist\u00f3rico porque fue masivo en la capital y a\u00fan en los pueblitos mas alejados de las grandes ciudades. <strong>Tambi\u00e9n porque esa masividad se da en un contexto done todav\u00eda no asistimos al descalabro de la expectativa del votante de Milei, aunque ese 30% se erosiona mucho m\u00e1s r\u00e1pido por su origen social, que el otro 25% que le aport\u00f3 otros sectores de la derecha vern\u00e1cula<\/strong>.<\/p>\n\n\n\n<p>En la jornada de lucha, se vio reflejado en la gran cantidad de grupos de asalariadxs que abandonaron sus trabajos y se plegaron al paro y movilizaci\u00f3n. La precarizaci\u00f3n y la falta de sindicalizaci\u00f3n hicieron que otros tuvieran que ir a trabajar, pero tambi\u00e9n es cierto que la masividad en muchos lugares de trabajo les brind\u00f3 un \u201cparaguas\u201d para sumarse a la lucha.<\/p>\n\n\n\n<p>La diversidad de sectores sociales que se ven afectados por la pol\u00edtica del gobierno tuvo su expresi\u00f3n en la organizaci\u00f3n de contingentes de la producci\u00f3n con muchas Pymes organizadas o no, que salieron a la calle como expresi\u00f3n de una argentina que se muere si eso se destruye ya que ocupa el 80% de la mano de obra. Sectores de la educaci\u00f3n autoconvocados, de la cultura y la salud, entre otros.<\/p>\n\n\n\n<p>Las asambleas que se desarrollan de manera din\u00e1mica se mostraron e incidieron en la expresi\u00f3n de parte de los barrios, tomando ense\u00f1anzas del pasado reciente en la crisis del 2001\/2002. Son las que siguen como una organizaci\u00f3n natural en los momentos de crisis econ\u00f3mica y social.<\/p>\n\n\n\n<p>El paro dej\u00f3 en rid\u00edculo el \u201cprotocolo represivo\u201d de la ministra de seguridad, pero, sobre todo, agit\u00f3 las aguas en el oficialismo y la oposici\u00f3n de derecha.<\/p>\n\n\n\n<p>La contundencia hizo que saliera el ministro de econom\u00eda Caputo y el propio Milei a atacar a los gobernadores y todos aquellos que hicieran naufragar el mega proyecto de Ley \u00f3mnibus. Amenazas, provocaciones en tono de ira a la que ya nos tiene acostumbrados el psic\u00f3pata del presidente, como preludio a la bajada posterior de todos los art\u00edculos que hacen a la pol\u00edtica fiscal que inclu\u00eda el proyecto de ley \u00f3mnibus. Mostrando tambi\u00e9n un triunfo parcial del 24E.<\/p>\n\n\n\n<p>Pero si bien se han agudizado las contradicciones en el seno del gobierno, donde el ministro de Infraestructura fue eyectado y donde Macri en las sombras opera con la vicepresidenta Villarruel y otros, <strong>para lo que considera una crisis inevitable<\/strong> producto del cercenamiento del proyecto de Ley en el Congreso (donde le aprobar\u00edan, pero bajando y\/o modificando otros art\u00edculos sumados a los m\u00e1s de 200 que ya entreg\u00f3), sumado a la agudizaci\u00f3n de la crisis social, que se lo lleve puesto a Milei.<\/p>\n\n\n<div class=\"wp-block-image\">\n<figure class=\"aligncenter size-large is-resized\"><img data-recalc-dims=\"1\" loading=\"lazy\" decoding=\"async\" width=\"696\" height=\"443\" src=\"https:\/\/i0.wp.com\/vamosporlaliberacion.org\/crpmlm\/wp-content\/uploads\/2024\/01\/Macri-Villarruel-700x446.jpg?resize=696%2C443\" alt=\"\" class=\"wp-image-27518\" style=\"width:590px;height:auto\" srcset=\"https:\/\/i0.wp.com\/vamosporlaliberacion.org\/crpmlm\/wp-content\/uploads\/2024\/01\/Macri-Villarruel-scaled.jpg?resize=700%2C446&amp;ssl=1 700w, https:\/\/i0.wp.com\/vamosporlaliberacion.org\/crpmlm\/wp-content\/uploads\/2024\/01\/Macri-Villarruel-scaled.jpg?resize=300%2C191&amp;ssl=1 300w, https:\/\/i0.wp.com\/vamosporlaliberacion.org\/crpmlm\/wp-content\/uploads\/2024\/01\/Macri-Villarruel-scaled.jpg?resize=768%2C489&amp;ssl=1 768w, https:\/\/i0.wp.com\/vamosporlaliberacion.org\/crpmlm\/wp-content\/uploads\/2024\/01\/Macri-Villarruel-scaled.jpg?resize=1536%2C978&amp;ssl=1 1536w, https:\/\/i0.wp.com\/vamosporlaliberacion.org\/crpmlm\/wp-content\/uploads\/2024\/01\/Macri-Villarruel-scaled.jpg?resize=2048%2C1304&amp;ssl=1 2048w, https:\/\/i0.wp.com\/vamosporlaliberacion.org\/crpmlm\/wp-content\/uploads\/2024\/01\/Macri-Villarruel-scaled.jpg?resize=150%2C96&amp;ssl=1 150w, https:\/\/i0.wp.com\/vamosporlaliberacion.org\/crpmlm\/wp-content\/uploads\/2024\/01\/Macri-Villarruel-scaled.jpg?resize=696%2C443&amp;ssl=1 696w, https:\/\/i0.wp.com\/vamosporlaliberacion.org\/crpmlm\/wp-content\/uploads\/2024\/01\/Macri-Villarruel-scaled.jpg?resize=1068%2C680&amp;ssl=1 1068w, https:\/\/i0.wp.com\/vamosporlaliberacion.org\/crpmlm\/wp-content\/uploads\/2024\/01\/Macri-Villarruel-scaled.jpg?resize=1920%2C1222&amp;ssl=1 1920w, https:\/\/i0.wp.com\/vamosporlaliberacion.org\/crpmlm\/wp-content\/uploads\/2024\/01\/Macri-Villarruel-scaled.jpg?resize=660%2C420&amp;ssl=1 660w, https:\/\/i0.wp.com\/vamosporlaliberacion.org\/crpmlm\/wp-content\/uploads\/2024\/01\/Macri-Villarruel-scaled.jpg?w=1392&amp;ssl=1 1392w\" sizes=\"auto, (max-width: 696px) 100vw, 696px\" \/><\/figure>\n<\/div>\n\n\n<p><strong>Son sectores de clases dominantes que procuran avanzar todo lo que se pueda en la quita de derechos, haciendo que Milei corra con el gasto<\/strong> para luego ser ellos mismos los que \u201cden gobernabilidad\u201d y propongan una alternativa negociada con otros sectores. Ya lo vivimos en otros tiempos.<\/p>\n\n\n\n<h4 class=\"wp-block-heading\">La unidad en la calle: la contracara al DNU y la Ley omnibus<\/h4>\n\n\n\n<p><strong>La pulseada pol\u00edtica en las calles<\/strong>, que tambi\u00e9n expresa a sectores del peronismo sobre todo de los gremios, <strong>debe ser la principal carta de los sectores populares para voltear el proyecto de ley \u00f3mnibus, el DNU en vigencia y los poderes delegados.<\/strong> El pueblo debe oponerse a la \u201csuma del poder p\u00fablico\u201d que se le otorgar\u00e1 al presidente si se le conceden las \u201cfacultades delegadas\u201d aunque sea por un a\u00f1o, porque sencillamente eliminar\u00e1 el Congreso (al que ya le dio la espalda) y emitir\u00e1 resoluciones con fuerza de leyes. La forma de hacerlo es tirando abajo toda la Ley \u00d3mnibus, ya que deja art\u00edculos que avasallan la Constituci\u00f3n, avanza sobre la privatizaci\u00f3n de las empresas p\u00fablicas, destruye la cultura, habilita la venta de tierras y patrimonios nacionales, avasalla las tierras ancestrales, desarticula programas de salud, desfinancia la educaci\u00f3n avanza sobre la legislaci\u00f3n laboral, <strong>entre otros art\u00edculos que introduce otro paradigma buscando terminar la faena que empezaron con la fusiladora de 1955, el golpe y la dictadura de 1976 con 30 mil desaparecidos y la entrega del menemismo.<\/strong><\/p>\n\n\n\n<p>Mientras se desarrolla la \u201cbatalla legislativa\u201d, el DNU est\u00e1 en vigencia (no se ha tratado en el Congreso) que le permite al ejecutivo a tomar medidas como la que ejecut\u00f3 la&nbsp;Secretar\u00eda de Comercio&nbsp;derogando m\u00e1s de&nbsp;60 resoluciones y disposiciones donde entre otras cuestiones, se autorizan a supermercados y otros a cobrar lo que quieran y ni siquiera informar ni precios ni productos en g\u00f3ndola. Se terminan con el SIFERE (283\/2021) que regulaba etiquetas y veracidad. Las prepagas que ya no informan y los establecimientos educativos privados tampoco.<\/p>\n\n\n\n<p>Esta libertad de mercado, es solo para la trampa y el enga\u00f1o. Se terminan las decisiones de pol\u00edticas p\u00fablica no solo para regular, sino tambi\u00e9n para abusos y arbitrariedad. Tampoco deben informar las empresas de insumos intermedios e industriales. Los bancos pueden cobrar lo que quieran y ya ni siquiera informar ni tasa de financiamiento, ni tasa de inter\u00e9s punitorio, ni CFT, ni tasa de prendarios.<\/p>\n\n\n\n<p>Condenan a la producci\u00f3n nacional y pyme al eliminar la regulaci\u00f3n 926\/2021 que determinaba exhibir productos de pymes y producci\u00f3n nacional de las micro y peque\u00f1as empresas, del sector de la agricultura familiar, campesina e ind\u00edgena, definido por el Art\u00edculo 5\u00b0 de la Ley N\u00b027.118, as\u00ed como de los sectores de la econom\u00eda popular, entre otros.<\/p>\n\n\n\n<p>Y a la medida del Grupo Clar\u00edn, se elimina la resoluci\u00f3n 4\/2012 que indicaba <em>\u00abNormas reglamentarias tendientes a la puesta en marcha, supervisi\u00f3n y control del Registro Nacional de Fabricantes, Distribuidores y Comercializadores de Pasta Celulosa y Papel para Diarios\u00bb<\/em>. Implicaba que la Secretar\u00eda de Comercio pod\u00eda fiscalizar a una empresa monop\u00f3lica como Papel Prensa, para evitar las arbitrariedades. Ahora, no m\u00e1s informaci\u00f3n, no hay m\u00e1s control.<\/p>\n\n\n<div class=\"wp-block-image\">\n<figure class=\"aligncenter size-large is-resized\"><img data-recalc-dims=\"1\" loading=\"lazy\" decoding=\"async\" width=\"696\" height=\"392\" src=\"https:\/\/i0.wp.com\/vamosporlaliberacion.org\/crpmlm\/wp-content\/uploads\/2024\/01\/HMagneto-700x394.jpg?resize=696%2C392\" alt=\"\" class=\"wp-image-27519\" style=\"width:565px;height:auto\" srcset=\"https:\/\/i0.wp.com\/vamosporlaliberacion.org\/crpmlm\/wp-content\/uploads\/2024\/01\/HMagneto.jpg?resize=700%2C394&amp;ssl=1 700w, https:\/\/i0.wp.com\/vamosporlaliberacion.org\/crpmlm\/wp-content\/uploads\/2024\/01\/HMagneto.jpg?resize=300%2C169&amp;ssl=1 300w, https:\/\/i0.wp.com\/vamosporlaliberacion.org\/crpmlm\/wp-content\/uploads\/2024\/01\/HMagneto.jpg?resize=768%2C432&amp;ssl=1 768w, https:\/\/i0.wp.com\/vamosporlaliberacion.org\/crpmlm\/wp-content\/uploads\/2024\/01\/HMagneto.jpg?resize=150%2C84&amp;ssl=1 150w, https:\/\/i0.wp.com\/vamosporlaliberacion.org\/crpmlm\/wp-content\/uploads\/2024\/01\/HMagneto.jpg?resize=696%2C392&amp;ssl=1 696w, https:\/\/i0.wp.com\/vamosporlaliberacion.org\/crpmlm\/wp-content\/uploads\/2024\/01\/HMagneto.jpg?resize=1068%2C601&amp;ssl=1 1068w, https:\/\/i0.wp.com\/vamosporlaliberacion.org\/crpmlm\/wp-content\/uploads\/2024\/01\/HMagneto.jpg?resize=747%2C420&amp;ssl=1 747w, https:\/\/i0.wp.com\/vamosporlaliberacion.org\/crpmlm\/wp-content\/uploads\/2024\/01\/HMagneto.jpg?w=1280&amp;ssl=1 1280w\" sizes=\"auto, (max-width: 696px) 100vw, 696px\" \/><figcaption class=\"wp-element-caption\">Hector Magnetto<\/figcaption><\/figure>\n<\/div>\n\n\n<p>Junto con esto, el Banco Central orden\u00f3 al Banco Naci\u00f3n que no adelantara fondos para el pago de sueldos en las universidades y empleados p\u00fablicos.<\/p>\n\n\n\n<p><strong>El paro y movilizaci\u00f3n del 24E marc\u00f3 el inicio de un nuevo periodo donde la continuidad del plan de lucha ser\u00e1 clave hasta derrotar a esta casta neoliberal y fascista<\/strong> que gobierna para los sectores concentrados que buscan m\u00e1s ganancias a costa de hambrear al pueblo, arrasar con conquistas hist\u00f3ricas, la naturaleza, la soberan\u00eda y la propia Constituci\u00f3n Nacional.<\/p>\n\n\n\n<p><strong>Para estos objetivos necesitan al movimiento obrero de rodillas.<\/strong><\/p>\n\n\n\n<h3 class=\"wp-block-heading\"><strong>El 24E le respondimos\u2026<\/strong><\/h3>\n\n\n\n<h3 class=\"wp-block-heading\"><strong>\u00a1\u00a1NO PASAR\u00c1N!!<\/strong><\/h3>\n<!-- AddThis Advanced Settings generic via filter on the_content --><!-- AddThis Share Buttons generic via filter on the_content -->","protected":false},"excerpt":{"rendered":"<p>Dos argentinas se muestran en lo que anuncia ser un per\u00edodo de enfrentamientos brutales, donde el pueblo tiene la calle y el gobierno las fuerzas represivas, la rosca en el parlamento, la mentira en redes y medios y las amenazas permanentes. El paro del 24E golpe\u00f3 fuerte al coraz\u00f3n del plan del gobierno que ya [&hellip;]<!-- AddThis Advanced Settings generic via filter on get_the_excerpt --><!-- AddThis Share Buttons generic via filter on get_the_excerpt --><\/p>\n","protected":false},"author":9,"featured_media":27517,"comment_status":"closed","ping_status":"closed","sticky":false,"template":"","format":"standard","meta":{"_jetpack_memberships_contains_paid_content":false,"footnotes":""},"categories":[1881],"tags":[],"class_list":{"0":"post-27516","1":"post","2":"type-post","3":"status-publish","4":"format-standard","5":"has-post-thumbnail","7":"category-editoriales"},"yoast_head":"<!-- This site is optimized with the Yoast SEO plugin v27.4 - https:\/\/yoast.com\/product\/yoast-seo-wordpress\/ -->\n<title>El paro del 24E marca el camino - Vamos por la Liberaci\u00f3n<\/title>\n<meta name=\"robots\" content=\"index, follow, max-snippet:-1, max-image-preview:large, max-video-preview:-1\" \/>\n<link rel=\"canonical\" href=\"https:\/\/vamosporlaliberacion.org\/crpmlm\/el-paro-del-24e-marca-el-camino\/\" \/>\n<meta name=\"twitter:label1\" content=\"Escrito por\" \/>\n\t<meta name=\"twitter:data1\" content=\"Prensa Vamos\" \/>\n\t<meta name=\"twitter:label2\" content=\"Tiempo de lectura\" \/>\n\t<meta name=\"twitter:data2\" content=\"7 minutos\" \/>\n<script type=\"application\/ld+json\" class=\"yoast-schema-graph\">{\"@context\":\"https:\\\/\\\/schema.org\",\"@graph\":[{\"@type\":\"Article\",\"@id\":\"https:\\\/\\\/vamosporlaliberacion.org\\\/crpmlm\\\/el-paro-del-24e-marca-el-camino\\\/#article\",\"isPartOf\":{\"@id\":\"https:\\\/\\\/vamosporlaliberacion.org\\\/crpmlm\\\/el-paro-del-24e-marca-el-camino\\\/\"},\"author\":{\"name\":\"Prensa Vamos\",\"@id\":\"https:\\\/\\\/vamosporlaliberacion.org\\\/crpmlm\\\/#\\\/schema\\\/person\\\/ebdbd4bf0e9418b9f0c0a93395366b2f\"},\"headline\":\"El paro del 24E marca el camino\",\"datePublished\":\"2024-01-30T23:11:16+00:00\",\"dateModified\":\"2024-01-30T23:11:17+00:00\",\"mainEntityOfPage\":{\"@id\":\"https:\\\/\\\/vamosporlaliberacion.org\\\/crpmlm\\\/el-paro-del-24e-marca-el-camino\\\/\"},\"wordCount\":1448,\"image\":{\"@id\":\"https:\\\/\\\/vamosporlaliberacion.org\\\/crpmlm\\\/el-paro-del-24e-marca-el-camino\\\/#primaryimage\"},\"thumbnailUrl\":\"https:\\\/\\\/i0.wp.com\\\/vamosporlaliberacion.org\\\/crpmlm\\\/wp-content\\\/uploads\\\/2024\\\/01\\\/ParoCongreso24E.jpg?fit=800%2C503&ssl=1\",\"articleSection\":[\"Editoriales\"],\"inLanguage\":\"es\"},{\"@type\":\"WebPage\",\"@id\":\"https:\\\/\\\/vamosporlaliberacion.org\\\/crpmlm\\\/el-paro-del-24e-marca-el-camino\\\/\",\"url\":\"https:\\\/\\\/vamosporlaliberacion.org\\\/crpmlm\\\/el-paro-del-24e-marca-el-camino\\\/\",\"name\":\"El paro del 24E marca el camino - Vamos por la Liberaci\u00f3n\",\"isPartOf\":{\"@id\":\"https:\\\/\\\/vamosporlaliberacion.org\\\/crpmlm\\\/#website\"},\"primaryImageOfPage\":{\"@id\":\"https:\\\/\\\/vamosporlaliberacion.org\\\/crpmlm\\\/el-paro-del-24e-marca-el-camino\\\/#primaryimage\"},\"image\":{\"@id\":\"https:\\\/\\\/vamosporlaliberacion.org\\\/crpmlm\\\/el-paro-del-24e-marca-el-camino\\\/#primaryimage\"},\"thumbnailUrl\":\"https:\\\/\\\/i0.wp.com\\\/vamosporlaliberacion.org\\\/crpmlm\\\/wp-content\\\/uploads\\\/2024\\\/01\\\/ParoCongreso24E.jpg?fit=800%2C503&ssl=1\",\"datePublished\":\"2024-01-30T23:11:16+00:00\",\"dateModified\":\"2024-01-30T23:11:17+00:00\",\"author\":{\"@id\":\"https:\\\/\\\/vamosporlaliberacion.org\\\/crpmlm\\\/#\\\/schema\\\/person\\\/ebdbd4bf0e9418b9f0c0a93395366b2f\"},\"breadcrumb\":{\"@id\":\"https:\\\/\\\/vamosporlaliberacion.org\\\/crpmlm\\\/el-paro-del-24e-marca-el-camino\\\/#breadcrumb\"},\"inLanguage\":\"es\",\"potentialAction\":[{\"@type\":\"ReadAction\",\"target\":[\"https:\\\/\\\/vamosporlaliberacion.org\\\/crpmlm\\\/el-paro-del-24e-marca-el-camino\\\/\"]}]},{\"@type\":\"ImageObject\",\"inLanguage\":\"es\",\"@id\":\"https:\\\/\\\/vamosporlaliberacion.org\\\/crpmlm\\\/el-paro-del-24e-marca-el-camino\\\/#primaryimage\",\"url\":\"https:\\\/\\\/i0.wp.com\\\/vamosporlaliberacion.org\\\/crpmlm\\\/wp-content\\\/uploads\\\/2024\\\/01\\\/ParoCongreso24E.jpg?fit=800%2C503&ssl=1\",\"contentUrl\":\"https:\\\/\\\/i0.wp.com\\\/vamosporlaliberacion.org\\\/crpmlm\\\/wp-content\\\/uploads\\\/2024\\\/01\\\/ParoCongreso24E.jpg?fit=800%2C503&ssl=1\",\"width\":800,\"height\":503,\"caption\":\"Paro CGT enero 2024\"},{\"@type\":\"BreadcrumbList\",\"@id\":\"https:\\\/\\\/vamosporlaliberacion.org\\\/crpmlm\\\/el-paro-del-24e-marca-el-camino\\\/#breadcrumb\",\"itemListElement\":[{\"@type\":\"ListItem\",\"position\":1,\"name\":\"Portada\",\"item\":\"https:\\\/\\\/vamosporlaliberacion.org\\\/crpmlm\\\/\"},{\"@type\":\"ListItem\",\"position\":2,\"name\":\"El paro del 24E marca el camino\"}]},{\"@type\":\"WebSite\",\"@id\":\"https:\\\/\\\/vamosporlaliberacion.org\\\/crpmlm\\\/#website\",\"url\":\"https:\\\/\\\/vamosporlaliberacion.org\\\/crpmlm\\\/\",\"name\":\"Vamos por la Liberaci\u00f3n\",\"description\":\"Prensa CR\",\"potentialAction\":[{\"@type\":\"SearchAction\",\"target\":{\"@type\":\"EntryPoint\",\"urlTemplate\":\"https:\\\/\\\/vamosporlaliberacion.org\\\/crpmlm\\\/?s={search_term_string}\"},\"query-input\":{\"@type\":\"PropertyValueSpecification\",\"valueRequired\":true,\"valueName\":\"search_term_string\"}}],\"inLanguage\":\"es\"},{\"@type\":\"Person\",\"@id\":\"https:\\\/\\\/vamosporlaliberacion.org\\\/crpmlm\\\/#\\\/schema\\\/person\\\/ebdbd4bf0e9418b9f0c0a93395366b2f\",\"name\":\"Prensa Vamos\",\"sameAs\":[\"http:\\\/\\\/vamposporlaliberacion.org\"],\"url\":\"https:\\\/\\\/vamosporlaliberacion.org\\\/crpmlm\\\/author\\\/editor\\\/\"}]}<\/script>\n<!-- \/ Yoast SEO plugin. -->","yoast_head_json":{"title":"El paro del 24E marca el camino - Vamos por la Liberaci\u00f3n","robots":{"index":"index","follow":"follow","max-snippet":"max-snippet:-1","max-image-preview":"max-image-preview:large","max-video-preview":"max-video-preview:-1"},"canonical":"https:\/\/vamosporlaliberacion.org\/crpmlm\/el-paro-del-24e-marca-el-camino\/","twitter_misc":{"Escrito por":"Prensa Vamos","Tiempo de lectura":"7 minutos"},"schema":{"@context":"https:\/\/schema.org","@graph":[{"@type":"Article","@id":"https:\/\/vamosporlaliberacion.org\/crpmlm\/el-paro-del-24e-marca-el-camino\/#article","isPartOf":{"@id":"https:\/\/vamosporlaliberacion.org\/crpmlm\/el-paro-del-24e-marca-el-camino\/"},"author":{"name":"Prensa Vamos","@id":"https:\/\/vamosporlaliberacion.org\/crpmlm\/#\/schema\/person\/ebdbd4bf0e9418b9f0c0a93395366b2f"},"headline":"El paro del 24E marca el camino","datePublished":"2024-01-30T23:11:16+00:00","dateModified":"2024-01-30T23:11:17+00:00","mainEntityOfPage":{"@id":"https:\/\/vamosporlaliberacion.org\/crpmlm\/el-paro-del-24e-marca-el-camino\/"},"wordCount":1448,"image":{"@id":"https:\/\/vamosporlaliberacion.org\/crpmlm\/el-paro-del-24e-marca-el-camino\/#primaryimage"},"thumbnailUrl":"https:\/\/i0.wp.com\/vamosporlaliberacion.org\/crpmlm\/wp-content\/uploads\/2024\/01\/ParoCongreso24E.jpg?fit=800%2C503&ssl=1","articleSection":["Editoriales"],"inLanguage":"es"},{"@type":"WebPage","@id":"https:\/\/vamosporlaliberacion.org\/crpmlm\/el-paro-del-24e-marca-el-camino\/","url":"https:\/\/vamosporlaliberacion.org\/crpmlm\/el-paro-del-24e-marca-el-camino\/","name":"El paro del 24E marca el camino - Vamos por la Liberaci\u00f3n","isPartOf":{"@id":"https:\/\/vamosporlaliberacion.org\/crpmlm\/#website"},"primaryImageOfPage":{"@id":"https:\/\/vamosporlaliberacion.org\/crpmlm\/el-paro-del-24e-marca-el-camino\/#primaryimage"},"image":{"@id":"https:\/\/vamosporlaliberacion.org\/crpmlm\/el-paro-del-24e-marca-el-camino\/#primaryimage"},"thumbnailUrl":"https:\/\/i0.wp.com\/vamosporlaliberacion.org\/crpmlm\/wp-content\/uploads\/2024\/01\/ParoCongreso24E.jpg?fit=800%2C503&ssl=1","datePublished":"2024-01-30T23:11:16+00:00","dateModified":"2024-01-30T23:11:17+00:00","author":{"@id":"https:\/\/vamosporlaliberacion.org\/crpmlm\/#\/schema\/person\/ebdbd4bf0e9418b9f0c0a93395366b2f"},"breadcrumb":{"@id":"https:\/\/vamosporlaliberacion.org\/crpmlm\/el-paro-del-24e-marca-el-camino\/#breadcrumb"},"inLanguage":"es","potentialAction":[{"@type":"ReadAction","target":["https:\/\/vamosporlaliberacion.org\/crpmlm\/el-paro-del-24e-marca-el-camino\/"]}]},{"@type":"ImageObject","inLanguage":"es","@id":"https:\/\/vamosporlaliberacion.org\/crpmlm\/el-paro-del-24e-marca-el-camino\/#primaryimage","url":"https:\/\/i0.wp.com\/vamosporlaliberacion.org\/crpmlm\/wp-content\/uploads\/2024\/01\/ParoCongreso24E.jpg?fit=800%2C503&ssl=1","contentUrl":"https:\/\/i0.wp.com\/vamosporlaliberacion.org\/crpmlm\/wp-content\/uploads\/2024\/01\/ParoCongreso24E.jpg?fit=800%2C503&ssl=1","width":800,"height":503,"caption":"Paro CGT enero 2024"},{"@type":"BreadcrumbList","@id":"https:\/\/vamosporlaliberacion.org\/crpmlm\/el-paro-del-24e-marca-el-camino\/#breadcrumb","itemListElement":[{"@type":"ListItem","position":1,"name":"Portada","item":"https:\/\/vamosporlaliberacion.org\/crpmlm\/"},{"@type":"ListItem","position":2,"name":"El paro del 24E marca el camino"}]},{"@type":"WebSite","@id":"https:\/\/vamosporlaliberacion.org\/crpmlm\/#website","url":"https:\/\/vamosporlaliberacion.org\/crpmlm\/","name":"Vamos por la Liberaci\u00f3n","description":"Prensa CR","potentialAction":[{"@type":"SearchAction","target":{"@type":"EntryPoint","urlTemplate":"https:\/\/vamosporlaliberacion.org\/crpmlm\/?s={search_term_string}"},"query-input":{"@type":"PropertyValueSpecification","valueRequired":true,"valueName":"search_term_string"}}],"inLanguage":"es"},{"@type":"Person","@id":"https:\/\/vamosporlaliberacion.org\/crpmlm\/#\/schema\/person\/ebdbd4bf0e9418b9f0c0a93395366b2f","name":"Prensa Vamos","sameAs":["http:\/\/vamposporlaliberacion.org"],"url":"https:\/\/vamosporlaliberacion.org\/crpmlm\/author\/editor\/"}]}},"jetpack_featured_media_url":"https:\/\/i0.wp.com\/vamosporlaliberacion.org\/crpmlm\/wp-content\/uploads\/2024\/01\/ParoCongreso24E.jpg?fit=800%2C503&ssl=1","jetpack_sharing_enabled":true,"_links":{"self":[{"href":"https:\/\/vamosporlaliberacion.org\/crpmlm\/wp-json\/wp\/v2\/posts\/27516","targetHints":{"allow":["GET"]}}],"collection":[{"href":"https:\/\/vamosporlaliberacion.org\/crpmlm\/wp-json\/wp\/v2\/posts"}],"about":[{"href":"https:\/\/vamosporlaliberacion.org\/crpmlm\/wp-json\/wp\/v2\/types\/post"}],"author":[{"embeddable":true,"href":"https:\/\/vamosporlaliberacion.org\/crpmlm\/wp-json\/wp\/v2\/users\/9"}],"replies":[{"embeddable":true,"href":"https:\/\/vamosporlaliberacion.org\/crpmlm\/wp-json\/wp\/v2\/comments?post=27516"}],"version-history":[{"count":1,"href":"https:\/\/vamosporlaliberacion.org\/crpmlm\/wp-json\/wp\/v2\/posts\/27516\/revisions"}],"predecessor-version":[{"id":27520,"href":"https:\/\/vamosporlaliberacion.org\/crpmlm\/wp-json\/wp\/v2\/posts\/27516\/revisions\/27520"}],"wp:featuredmedia":[{"embeddable":true,"href":"https:\/\/vamosporlaliberacion.org\/crpmlm\/wp-json\/wp\/v2\/media\/27517"}],"wp:attachment":[{"href":"https:\/\/vamosporlaliberacion.org\/crpmlm\/wp-json\/wp\/v2\/media?parent=27516"}],"wp:term":[{"taxonomy":"category","embeddable":true,"href":"https:\/\/vamosporlaliberacion.org\/crpmlm\/wp-json\/wp\/v2\/categories?post=27516"},{"taxonomy":"post_tag","embeddable":true,"href":"https:\/\/vamosporlaliberacion.org\/crpmlm\/wp-json\/wp\/v2\/tags?post=27516"}],"curies":[{"name":"wp","href":"https:\/\/api.w.org\/{rel}","templated":true}]}}