{"id":27418,"date":"2023-12-20T06:52:45","date_gmt":"2023-12-20T09:52:45","guid":{"rendered":"http:\/\/vamosporlaliberacion.org\/crpmlm\/?p=27418"},"modified":"2023-12-20T06:59:21","modified_gmt":"2023-12-20T09:59:21","slug":"argentinazo-22-anios","status":"publish","type":"post","link":"https:\/\/vamosporlaliberacion.org\/crpmlm\/argentinazo-22-anios\/","title":{"rendered":"\u00a1ARGENTINAZO, 22 A\u00d1OS!"},"content":{"rendered":"\n<h3 class=\"wp-block-heading\">Aquellos fuegos del 19 y 20 nunca se apagaron<\/h3>\n\n\n\n<p>Recordar hoy el Argentinazo del 19 y 20 de diciembre de 2001, no puede ser solo un ejercicio de la memoria, ni un resumen donde solo se mire fr\u00edamente la extraordinaria potencia del pueblo sublevado, al margen del sentimiento tr\u00e1gico que signific\u00f3 para millones de un pueblo hambreado y castigado sin misericordia. Aquellos d\u00edas inolvidables donde los m\u00e1rtires de este lado dejaron una vez mas su vida en la lucha contra la tiran\u00eda.<\/p>\n\n\n\n<p>Recordar hoy el Argentinazo conlleva el esfuerzo del an\u00e1lisis de la historia reciente, esa que las clases dominantes se empe\u00f1an de borrar o cambiar, <strong>para comprender desde un an\u00e1lisis materialista hist\u00f3rico, que son las personas las que<\/strong><strong> crean su historia no seg\u00fan su arbitrio sino seg\u00fan condiciones que heredaron<\/strong> de generaciones pasadas, marcadas por la estructura econ\u00f3mica y pol\u00edtica de una sociedad dividida en clases sociales. De luchas entre clases explotadoras y explotadas, dominantes y dominadas, y es all\u00ed, donde se forjan las conciencias de las personas en el lugar que ocupa, <strong>ya que no es la conciencia de las personas la que determina su ser sino su ser social el que determina la conciencia.<\/strong><\/p>\n\n\n\n<p>Este fundamental aporte marxista, ha marcado la diferencia a lo largo de la historia del sistema capitalista, para que las clases oprimidas, con la ayuda del Partido y las organizaciones de vanguardia, hayan podido derrotar a sus opresores o mejorar sus condiciones de vida.<\/p>\n\n\n\n<p>Es la explicaci\u00f3n, a su vez, de porque fen\u00f3menos sociales como el Argentinazo, se van a volver a repetir una y otra vez hasta que las clases oprimidas triunfen sobre sus opresores. La ayuda de las organizaciones de vanguardia, marxistas, leninistas, mao\u00edstas as\u00ed como otras revolucionarias del campo popular, son fundamentales para el ejercicio de \u201cpasar en limpio\u201d las ense\u00f1anzas emanadas de los aciertos y errores de estos procesos de luchas hist\u00f3ricos.<\/p>\n\n\n<div class=\"wp-block-image\">\n<figure class=\"aligncenter size-large is-resized\"><img data-recalc-dims=\"1\" loading=\"lazy\" decoding=\"async\" width=\"696\" height=\"470\" src=\"https:\/\/i0.wp.com\/vamosporlaliberacion.org\/crpmlm\/wp-content\/uploads\/2021\/12\/argentinazo2001-2-700x473.jpeg?resize=696%2C470\" alt=\"\" class=\"wp-image-24778\" style=\"width:285px;height:auto\" srcset=\"https:\/\/i0.wp.com\/vamosporlaliberacion.org\/crpmlm\/wp-content\/uploads\/2021\/12\/argentinazo2001-2.jpeg?resize=700%2C473&amp;ssl=1 700w, https:\/\/i0.wp.com\/vamosporlaliberacion.org\/crpmlm\/wp-content\/uploads\/2021\/12\/argentinazo2001-2.jpeg?resize=300%2C203&amp;ssl=1 300w, https:\/\/i0.wp.com\/vamosporlaliberacion.org\/crpmlm\/wp-content\/uploads\/2021\/12\/argentinazo2001-2.jpeg?resize=768%2C518&amp;ssl=1 768w, https:\/\/i0.wp.com\/vamosporlaliberacion.org\/crpmlm\/wp-content\/uploads\/2021\/12\/argentinazo2001-2.jpeg?resize=150%2C101&amp;ssl=1 150w, https:\/\/i0.wp.com\/vamosporlaliberacion.org\/crpmlm\/wp-content\/uploads\/2021\/12\/argentinazo2001-2.jpeg?resize=696%2C470&amp;ssl=1 696w, https:\/\/i0.wp.com\/vamosporlaliberacion.org\/crpmlm\/wp-content\/uploads\/2021\/12\/argentinazo2001-2.jpeg?resize=622%2C420&amp;ssl=1 622w, https:\/\/i0.wp.com\/vamosporlaliberacion.org\/crpmlm\/wp-content\/uploads\/2021\/12\/argentinazo2001-2.jpeg?w=840&amp;ssl=1 840w\" sizes=\"auto, (max-width: 696px) 100vw, 696px\" \/><\/figure>\n<\/div>\n\n\n<p>Desde un r\u00e1pido an\u00e1lisis podemos afirmar la potencialidad de la lucha del pueblo argentino a la hora de hacer tronar el escarmiento. Que la caracter\u00edstica de esa lucha va de mayor a menor y en general del interior a las grandes ciudades. Que el papel de los territorios es donde se asienta la confianza de la lucha de las comunidades, para emprender desde all\u00ed en otra dimensi\u00f3n, la marcha o bloqueos hacia o de las grandes ciudades donde reside el poder de la pol\u00edtica gubernamental.<\/p>\n\n\n\n<p>As\u00ed fueron los a\u00f1os previos al argentinazo. Las puebladas y bloqueos de rutas dominaron el escenario de la lucha social, cuando estas llegaron a un punto elevado salieron las marchas hacia las capitales provinciales y marchas federales.<\/p>\n\n\n\n<p><strong>La profundidad de la crisis econ\u00f3mica y social fue el detonante. <\/strong>Una crisis que se fue acumulando desde la salida de la dictadura, donde emergieron gobiernos que mantuvieron la estructura dependiente y agro exportadora, con pol\u00edticas hiperinflacionarias como las de Alfonsin, seguida por la que encarn\u00f3 el menemismo que con el \u201cespejitos de colores\u201d del \u201cuno a uno\u201d impuesto por el Ministro de Econom\u00eda Domingo Cavallo, hizo sucumbir al peso argentino frente al d\u00f3lar acompa\u00f1ando el remate de las empresas del Estado, subi\u00e9ndose al carro del \u201clibre mercado\u201d que emerg\u00eda en el mundo luego del cierre de una etapa con la ca\u00edda del Muro de Berl\u00edn y la restauraci\u00f3n capitalista en China, evidenciando la derrota de los pa\u00edses que hab\u00edan conocido el despertar de la construcci\u00f3n del socialismo.<\/p>\n\n\n\n<p>El cierre del menemismo fue el protagonismo de las puebladas contra el hambre y la desocupaci\u00f3n. <strong>Estas luchas marcaron a fuego el per\u00edodo que se iniciaba, en particular con el Santiague\u00f1azo del 16 de diciembre de 1993 del que se cumplen 30 a\u00f1os<\/strong>, que dar\u00eda inicio al fin del retroceso e inicio del auge de luchas populares, que iban a recorrer y conmover el pa\u00eds. De esta manera se horadaba la base de aquella pol\u00edtica nefasta, nunca vista, en cuanto a la entrega de nuestra soberan\u00eda.<\/p>\n\n\n<div class=\"wp-block-image\">\n<figure class=\"aligncenter size-large is-resized\"><img data-recalc-dims=\"1\" loading=\"lazy\" decoding=\"async\" width=\"696\" height=\"393\" src=\"https:\/\/i0.wp.com\/vamosporlaliberacion.org\/crpmlm\/wp-content\/uploads\/2023\/12\/thumbs_b_c_786adc657ebee3758eb766fb6fdca609-700x395.jpg?resize=696%2C393\" alt=\"\" class=\"wp-image-27419\" style=\"width:352px;height:auto\" srcset=\"https:\/\/i0.wp.com\/vamosporlaliberacion.org\/crpmlm\/wp-content\/uploads\/2023\/12\/thumbs_b_c_786adc657ebee3758eb766fb6fdca609.jpg?resize=700%2C395&amp;ssl=1 700w, https:\/\/i0.wp.com\/vamosporlaliberacion.org\/crpmlm\/wp-content\/uploads\/2023\/12\/thumbs_b_c_786adc657ebee3758eb766fb6fdca609.jpg?resize=300%2C169&amp;ssl=1 300w, https:\/\/i0.wp.com\/vamosporlaliberacion.org\/crpmlm\/wp-content\/uploads\/2023\/12\/thumbs_b_c_786adc657ebee3758eb766fb6fdca609.jpg?resize=768%2C433&amp;ssl=1 768w, https:\/\/i0.wp.com\/vamosporlaliberacion.org\/crpmlm\/wp-content\/uploads\/2023\/12\/thumbs_b_c_786adc657ebee3758eb766fb6fdca609.jpg?resize=150%2C85&amp;ssl=1 150w, https:\/\/i0.wp.com\/vamosporlaliberacion.org\/crpmlm\/wp-content\/uploads\/2023\/12\/thumbs_b_c_786adc657ebee3758eb766fb6fdca609.jpg?resize=696%2C392&amp;ssl=1 696w, https:\/\/i0.wp.com\/vamosporlaliberacion.org\/crpmlm\/wp-content\/uploads\/2023\/12\/thumbs_b_c_786adc657ebee3758eb766fb6fdca609.jpg?resize=745%2C420&amp;ssl=1 745w, https:\/\/i0.wp.com\/vamosporlaliberacion.org\/crpmlm\/wp-content\/uploads\/2023\/12\/thumbs_b_c_786adc657ebee3758eb766fb6fdca609.jpg?w=862&amp;ssl=1 862w\" sizes=\"auto, (max-width: 696px) 100vw, 696px\" \/><figcaption class=\"wp-element-caption\">Menem y de la R\u00faa<\/figcaption><\/figure>\n<\/div>\n\n\n<p>La Alianza integrada por la UCR y el FREPASO, encabezada por De La R\u00faa, se impondr\u00eda en las elecciones pero tendr\u00eda un hilo conductor con ese pasado reciente, expresado en mantener las mismas pol\u00edticas, sin tocar la entrega del patrimonio nacional y profundizar la inflaci\u00f3n o sea el ajuste, la pobreza y la desocupaci\u00f3n. Sum\u00e1ndole un nuevo acuerdo con el FMI, la reforma laboral con el esc\u00e1ndalo de las coimas en el Congreso y la llegada de Domingo Cavallo nuevamente al frente de la econom\u00eda.<\/p>\n\n\n\n<p>La suma de estas pol\u00edticas se fue acumulando en una olla a presi\u00f3n que estall\u00f3 en diciembre del 2001. Fueron d\u00edas aciagos donde la ca\u00edda de los sectores medios asalariados conflu\u00eda con aquellos que perdieron todo. Fueron los protagonistas de esas hist\u00f3ricas jornadas. La clase obrera estaba neutralizada por las amenazas de las patronales a perder el trabajo (en una argentina con mas del 25% de desocupaci\u00f3n) y sin direcciones sindicales que se pusieran a la cabeza de la lucha para revertir la dram\u00e1tica situaci\u00f3n.<\/p>\n\n\n<div class=\"wp-block-image\">\n<figure class=\"aligncenter size-full is-resized\"><img data-recalc-dims=\"1\" loading=\"lazy\" decoding=\"async\" width=\"696\" height=\"499\" src=\"https:\/\/i0.wp.com\/vamosporlaliberacion.org\/crpmlm\/wp-content\/uploads\/2023\/12\/1642792885016.webp?resize=696%2C499\" alt=\"\" class=\"wp-image-27420\" style=\"width:328px;height:auto\"\/><figcaption class=\"wp-element-caption\">Domingo Cavallo, referente de Milei<\/figcaption><\/figure>\n<\/div>\n\n\n<p>Ahora, cuando escuchamos por estos d\u00edas los anuncios de la ultra derecha en el poder, con ajuste y entrega pero mas y mas profundo; y cuando vemos que el recurso&nbsp; que tienen a mano para hacerlo pasar, no puede ser otro que la represi\u00f3n y la violaci\u00f3n de la Cosntituci\u00f3n y los derechos individuales, es cuando vuelven las ense\u00f1anzas de esos acontecimientos hist\u00f3ricos que llevaron a las puebladas y el Argentinazo.<\/p>\n\n\n\n<p>La tarea de la militancia es sacar ense\u00f1anzas de esos acontecimientos, para ratificar lo posistivo y corregir los errores. Pero sin dudas una de las tareas, luego del fracaso del gobierno del Frente de Todos no puede ser otro que trabajar para recomponer ese tejido social da\u00f1ado que nos dividi\u00f3 y logr\u00f3 que se filtrara la ultra derecha y derecha ahora en el gobierno.<\/p>\n\n\n\n<p>Cambiarlo todo a favor de los pueblos es una premisa para volver con las banderas de la soberan\u00eda integral y colectiva, custodiada y defendida por un pueblo empoderado que no delega mas en aquellos que dicen defender los intereses colectivos pero ponen a los due\u00f1os del poder a la misma altura que los sectores populares, cuando sabemos que eso es una quimera donde ganan los que tienen el sart\u00e9n por el mango.<\/p>\n\n\n\n<p>Justamente, el per\u00edodo que se abre, debe estar marcado por impedir que avance la reacci\u00f3n, pero con la raz\u00f3n de que mientras no le saquemos el control de la econom\u00eda, los recursos comunes y cambiemos la superestructura pol\u00edtica en favor de las amplias mayor\u00edas, seguiremos padeciendo la rapi\u00f1a de esa minor\u00eda que detenta el poder.<\/p>\n\n\n\n<p><strong>Los d\u00edas previos<\/strong><\/p>\n\n\n\n<p>Muchas y muchos militantes populares sab\u00edamos que ven\u00eda algo grande.<\/p>\n\n\n\n<p>Sab\u00edamos principalmente porque lo subjetivo se mostraba m\u00e1s palpable que nunca, mucho m\u00e1s cercano que otras veces.<\/p>\n\n\n\n<p>Lo sent\u00edamos en la piel y en los d\u00edas de adrenalina. Sent\u00edamos que pod\u00edamos tomar el cielo por asalto. Lo ve\u00edamos en los piquetes, cacerolazos, marchas, asambleas de vecinxs y conmovedoras luchas como la de las y los trabajadorxs de las fabricas recuperadas. Los ejemplos de solidaridad de clases de sectores que se encuentran cuando la reacci\u00f3n somete a un pueblo digno se multiplicaban y conmov\u00edan.<\/p>\n\n\n\n<p>Algo grande se aproximaba porque la objetividad de la crisis econ\u00f3mica y social nos sepultaba. Lo sab\u00edamos. Lo padec\u00edamos porque ve\u00edamos sufrir y arrodillarse a\u00fan a los m\u00e1s valientes. Lo llor\u00e1bamos porque mor\u00edan 53 chicxs por d\u00eda. Porque cerraban las f\u00e1bricas. Porque reinaba el hambre y porque el corralito atrap\u00f3 millones de aquellxs que fueron guardando pesitos de toda una vida y una vez m\u00e1s \u00e9ramos prisioneros en el gran corral del FMI.<\/p>\n\n\n\n<p>Pero fuimos dignos y m\u00e1s j\u00f3venes, nos sent\u00edamos vitales con toda la fuerza, porque no hab\u00edan podido con el pueblo\u2026no hab\u00edan podido.<\/p>\n\n\n\n<p>Y nos levantamos, dijimos hasta ac\u00e1, no va m\u00e1s\u2026se acab\u00f3! y no fue la suerte de acciones espont\u00e1neas\u2026no. Hab\u00eda conciencia y organizaci\u00f3n de muchxs que la ven\u00edan remando, y a esto como siempre sucede se sum\u00f3 ese espontaneidad vigorosa, creativa y harta.<\/p>\n\n\n\n<p>Ven\u00edamos del insulto de De La R\u00faa que afirmaba por cadena nacional lo bueno \u201cque es dar buenas noticias\u201d cuando cerraron el acuerdo (\u201cblindaje\u201d) con el FMI, y a los pocos d\u00edas nos remachaba por cadena nacional el Estado de Sitio. Pero este fue el verdadero combustible para poner en marcha un motor caliente que ven\u00eda bramando. Un motor que se alimentaba de los \u201ctanques\u201d de las puebladas del interior de nuestro pa\u00eds porque hab\u00edan destruido el federalismo, y as\u00ed fue que un pueblo hambriento pero digno se lanz\u00f3 como un derrame gigantesco, una masa viscosa sobre las ciudades y el propio centro del poder pol\u00edtico nacional.<\/p>\n\n\n\n<p>As\u00ed arranc\u00f3 aquella noche del 19 de diciembre. As\u00ed arrancaron miles que llegamos a la plaza de mayo y hasta la vereda misma de la Casa Rosada.<\/p>\n\n\n<div class=\"wp-block-image\">\n<figure class=\"aligncenter size-large is-resized\"><img data-recalc-dims=\"1\" loading=\"lazy\" decoding=\"async\" width=\"696\" height=\"382\" src=\"https:\/\/i0.wp.com\/vamosporlaliberacion.org\/crpmlm\/wp-content\/uploads\/2023\/12\/cacerolazos_manifestacion_crisis2001_ByN-700x384.jpg?resize=696%2C382\" alt=\"\" class=\"wp-image-27421\" style=\"width:308px;height:auto\" srcset=\"https:\/\/i0.wp.com\/vamosporlaliberacion.org\/crpmlm\/wp-content\/uploads\/2023\/12\/cacerolazos_manifestacion_crisis2001_ByN.jpg?resize=700%2C384&amp;ssl=1 700w, https:\/\/i0.wp.com\/vamosporlaliberacion.org\/crpmlm\/wp-content\/uploads\/2023\/12\/cacerolazos_manifestacion_crisis2001_ByN.jpg?resize=300%2C165&amp;ssl=1 300w, https:\/\/i0.wp.com\/vamosporlaliberacion.org\/crpmlm\/wp-content\/uploads\/2023\/12\/cacerolazos_manifestacion_crisis2001_ByN.jpg?resize=768%2C421&amp;ssl=1 768w, https:\/\/i0.wp.com\/vamosporlaliberacion.org\/crpmlm\/wp-content\/uploads\/2023\/12\/cacerolazos_manifestacion_crisis2001_ByN.jpg?resize=150%2C82&amp;ssl=1 150w, https:\/\/i0.wp.com\/vamosporlaliberacion.org\/crpmlm\/wp-content\/uploads\/2023\/12\/cacerolazos_manifestacion_crisis2001_ByN.jpg?resize=696%2C382&amp;ssl=1 696w, https:\/\/i0.wp.com\/vamosporlaliberacion.org\/crpmlm\/wp-content\/uploads\/2023\/12\/cacerolazos_manifestacion_crisis2001_ByN.jpg?resize=765%2C420&amp;ssl=1 765w, https:\/\/i0.wp.com\/vamosporlaliberacion.org\/crpmlm\/wp-content\/uploads\/2023\/12\/cacerolazos_manifestacion_crisis2001_ByN.jpg?w=800&amp;ssl=1 800w\" sizes=\"auto, (max-width: 696px) 100vw, 696px\" \/><figcaption class=\"wp-element-caption\">La noche del 19 de diciembre del 2001 contra el Estado de sitio de de la R\u00faa<\/figcaption><\/figure>\n<\/div>\n\n\n<p>Les pibes de los barrios m\u00e1s combativos del conurbano se preparaban para entrar en acci\u00f3n en la capital aquel 20 de diciembre. Muchos de ellxs no pudieron llegar porque tuvieron que replegarse y resistir en los barrios que hab\u00edan sido militarizados aquella madruga y los persegu\u00edan y disparaban con balas de plomo. Los primeros muertos fueron del 19 a la noche.<\/p>\n\n\n\n<p>Esa noche gloriosa nadie durmi\u00f3 porque la adrenalina estaba en ebullici\u00f3n y hab\u00eda que pertrecharse para el otro d\u00eda. Los estudiantes bramaban y transmit\u00edan a sus amistades y compa\u00f1erxs la necesidad de no perderse estas oportunidades que da cada tanto la vida.<\/p>\n\n\n\n<p>Esa noche se combati\u00f3 en la plaza de mayo, el Congreso y ciudades del interior. La militancia no dorm\u00eda\u2026no pod\u00eda. Esta enorme gesta popular hab\u00eda parido una nueva generaci\u00f3n de j\u00f3venes.<\/p>\n\n\n\n<p>Las Madres de Plaza de Mayo mostraban donde hab\u00eda que estar el 20 de diciembre\u2026justamente all\u00ed poniendo el pecho desde temprano a los caballos, gases, balas de goma y de plomo de la infanter\u00eda en la hist\u00f3rica plaza.<\/p>\n\n\n\n<p>Los 39 m\u00e1rtires de esas jornadas son los que nos marcaron hasta donde hab\u00eda que llegar y cu\u00e1les era nuestras limitaciones.<\/p>\n\n\n\n<p>Fue una impronta popular como debe ser, porosa, variopinta\u2026una correntada brava de un r\u00edo que busca su cauce que arrastra a su paso nada de uniformidad, con piedras, palos y ramas, con mezcla de agua clara y quieta con aquellas torrentosas y hasta peligrosas.<\/p>\n\n\n\n<p>Pero esa gesta fue la que logr\u00f3 terminar con un gobierno antipopular. El pueblo no pudo imponerse, pero abri\u00f3 un camino y nos dio miles de elementos para pensar y aprender. \u00a1Que grandiosos fueron esos d\u00edas de diciembre!<\/p>\n\n\n\n<h4 class=\"wp-block-heading\">&nbsp;<\/h4>\n\n\n\n<h4 class=\"wp-block-heading\">El camino de las puebladas<\/h4>\n\n\n\n<p>El Argentinazo tambi\u00e9n nos empuj\u00f3 a saber sacar ense\u00f1anzas de los per\u00edodos pol\u00edticos. Aquel \u201cque se vayan todos\u201d del 2001, no es lo mismo que el odio a \u201cla casta pol\u00edtica\u201d con el que ganaron los ultra derechistas como Milei, aunque suene parecido y sumen a j\u00f3venes flojos del conocimiento de la historia reciente, aquellos y aquellas que ganaban las calles en aquel diciembre ten\u00edan el hast\u00edo a las pol\u00edticas y los pol\u00edticos e instituciones que expresaban la decadencia de una democracia dominada por clases que por acci\u00f3n o conciliaci\u00f3n nos arrojaba al infierno. \u201cQue se vayan todos\u201d fueron las palabras que sintetizaban esos sentimientos, pero no para que vuelvan estos \u201clobos con piel de corderos\u201d que defienden la \u201ccasta empresarial\u201d y odian la justicia social. Aquellxs \u201cbuscaban justicia frente a la injusticia social y moral\u201d y estaban m\u00e1s cerca de la liberaci\u00f3n (aunque muchos no consientes de eso) que de la ultra derecha.<\/p>\n\n\n\n<p>No buscaban mas p\u00e9rdida de derechos, mas violencia patriarcal, mas homofobia y xenofobia hacia los pobres e inmigrantes. No reivindicaban la dictadura ni buscaban cambiar el grillete que nos tiene atados. Sin dudas son procesos muy distintos al que expresan estos exponentes de esta nueva casta de fascistas. Pero la crisis de la que no pudimos salir desde la segunda parte del 2015 y los \u00faltimos 8 a\u00f1os de gobierno entre Juntos por el Cambio y el Frente de Todos profundizaron la desesperanza, donde amplios sectores del pueblo encontraron en \u201copciones nuevas\u201d, instaladas y engordadas por los medios de comunicaci\u00f3n y las redes, con que castigar a estas opciones ya transitadas de la llamada \u201cvieja pol\u00edtica\u201d. La crisis y el escepticismo llev\u00f3 a que miles viraran mas conscientemente hacia posiciones de derecha.<\/p>\n\n\n\n<p>Pero el ajuste brutal que despliega el nuevo gobierno, golpea por igual a los que lo eligieron y a aquellos que lo enfrentaron y perdieron en las elecciones, llevando a una situaci\u00f3n dram\u00e1tica donde ser\u00e1n nuevamente los sectores dominantes, ganadores tambi\u00e9n en este escenario, los que preparan la represi\u00f3n para hacer pasar estas pol\u00edticas retr\u00f3gradas.<\/p>\n\n\n<div class=\"wp-block-image\">\n<figure class=\"aligncenter size-full is-resized\"><img data-recalc-dims=\"1\" loading=\"lazy\" decoding=\"async\" width=\"696\" height=\"388\" src=\"https:\/\/i0.wp.com\/vamosporlaliberacion.org\/crpmlm\/wp-content\/uploads\/2023\/12\/milei-bullrich-caputo-960x535-1.webp?resize=696%2C388\" alt=\"\" class=\"wp-image-27422\" style=\"width:353px;height:auto\"\/><figcaption class=\"wp-element-caption\">El tr\u00edo del nuevo gobierno: un negacionista ajustador, una represora y un fugador serial de dinero del Estado.<\/figcaption><\/figure>\n<\/div>\n\n\n<p>Las ense\u00f1anzas del Argentinazo nos debe llevar a buscar ensanchar el horizonte de la gran unidad necesaria en el campo popular para enfrentar y derrotar a estos salvajes que vienen a terminar la faena que empez\u00f3 con la dictadura y sigui\u00f3 con el macrismo.<\/p>\n\n\n\n<p>Los pueblos no se suicidan, y dolorosamente muchas veces, se equivocan y luego emprenden un proceso de correcci\u00f3n basado en sus vivencias y la ayuda de la militancia consciente. No sobra mucho en la lucha de clases, por lo que no podemos descuidar a nadie y tratar de ganar mas voluntades all\u00ed en los territorios, donde los pueblos se sienten mas fuertes y mas confiados.<\/p>\n\n\n\n<p>Es all\u00ed donde la vanguardia debe llegar y ayudar a que la levadura crezca en el coraz\u00f3n del pueblo. Crecer all\u00ed en los lugares decisivos y preparar a la militancia en la \u00e9pica revolucionaria, transformadora y adversa al escepticismo que se alimenta de lo posible. Una militancia pegada a nuestro pueblo y preparada con la ideolog\u00eda y la t\u00e9cnica para hacer frente a los cambios bruscos y din\u00e1micos que se suceder\u00e1n, porque la lucha de calles, la organizaci\u00f3n y los instrumentos de la unidad pol\u00edtica son claves a la hora de introducir un punto de quiebre en la historia.<\/p>\n\n\n\n<p>El Argentinazo es revolucionario no porque se plantea el socialismo, sino porque hizo explicito un programa entre lo consciente y lo espontaneo en la emergencia pero en una proyecci\u00f3n emancipadora a favor de los pueblos.<\/p>\n\n\n\n<p>El camino de las puebladas es el que nacer\u00e1 desde este presente tan duro que empezamos nuevamente a recorrer. Lo caminar\u00e1n las mayor\u00edas populares mas temprano que tarde como el mas posible y apto para frenar a este gobierno e imponer un rumbo popular llevado adelante por un nuevo gobierno que exprese a las amplias mayor\u00edas del pa\u00eds, para terminar con la pobreza, el hambre y recuperar la tierra, para terminar con la precarizaci\u00f3n, para seguir avanzando en los derechos de g\u00e9nero y contra la violencia patriarcal, para terminar con la violencia institucional que mata y persigue a los j\u00f3venes, para recuperar los ecosistemas y los territorios ancestrales de las comunidades.&nbsp;<\/p>\n\n\n\n<p>Un camino revolucionario que sea tan novedoso como realizable, donde las nuevas generaciones sean las protagonistas de la construcci\u00f3n de un pa\u00eds para las amplias mayor\u00edas populares, y no solo para diez millones de personas como pretende el actual gobierno reaccionario, neoliberal y procesista.<\/p>\n\n\n\n<p><strong>En la lucha de resistencia est\u00e1n los embriones de las contraofensiva<\/strong>, es all\u00ed donde se templan los necesarios y decisivos nuevos brazos porque aqu\u00ed no se trata de vociferar con \u201cla verdad iluminada\u201d, sino de transformar la realidad que vivimos en una perspectiva de liberaci\u00f3n, que rompa las cadenas que nos entierra en la dependencia y el latifundio.<\/p>\n\n\n\n<h3 class=\"wp-block-heading\">\u00a1VIVA EL ARGENTINAZO DEL 2001!<\/h3>\n\n\n\n<h3 class=\"wp-block-heading\">\u00a1GLORIA A LOS 39 M\u00c1RTIRES QUE DIERON LA VIDA EN AQUELLAS JORNADAS!<\/h3>\n\n\n\n<p class=\"has-text-align-right\"><em>Gustavo Funes<\/em><\/p>\n<!-- AddThis Advanced Settings generic via filter on the_content --><!-- AddThis Share Buttons generic via filter on the_content -->","protected":false},"excerpt":{"rendered":"<p>Aquellos fuegos del 19 y 20 nunca se apagaron Recordar hoy el Argentinazo del 19 y 20 de diciembre de 2001, no puede ser solo un ejercicio de la memoria, ni un resumen donde solo se mire fr\u00edamente la extraordinaria potencia del pueblo sublevado, al margen del sentimiento tr\u00e1gico que signific\u00f3 para millones de un [&hellip;]<!-- AddThis Advanced Settings generic via filter on get_the_excerpt --><!-- AddThis Share Buttons generic via filter on get_the_excerpt --><\/p>\n","protected":false},"author":9,"featured_media":25704,"comment_status":"closed","ping_status":"closed","sticky":false,"template":"","format":"standard","meta":{"_jetpack_memberships_contains_paid_content":false,"footnotes":""},"categories":[1699,1879],"tags":[],"class_list":{"0":"post-27418","1":"post","2":"type-post","3":"status-publish","4":"format-standard","5":"has-post-thumbnail","7":"category-noticias","8":"category-nuestro-ejemplo"},"yoast_head":"<!-- This site is optimized with the Yoast SEO plugin v27.4 - https:\/\/yoast.com\/product\/yoast-seo-wordpress\/ -->\n<title>\u00a1ARGENTINAZO, 22 A\u00d1OS! - Vamos por la Liberaci\u00f3n<\/title>\n<meta name=\"robots\" content=\"index, follow, max-snippet:-1, max-image-preview:large, max-video-preview:-1\" \/>\n<link rel=\"canonical\" href=\"http:\/\/vamosporlaliberacion.org\/crpmlm\/argentinazo-22-anios\/\" \/>\n<meta name=\"twitter:label1\" content=\"Escrito por\" \/>\n\t<meta name=\"twitter:data1\" content=\"Prensa Vamos\" \/>\n\t<meta name=\"twitter:label2\" content=\"Tiempo de lectura\" \/>\n\t<meta name=\"twitter:data2\" content=\"13 minutos\" \/>\n<script type=\"application\/ld+json\" class=\"yoast-schema-graph\">{\"@context\":\"https:\\\/\\\/schema.org\",\"@graph\":[{\"@type\":\"Article\",\"@id\":\"http:\\\/\\\/vamosporlaliberacion.org\\\/crpmlm\\\/argentinazo-22-anios\\\/#article\",\"isPartOf\":{\"@id\":\"http:\\\/\\\/vamosporlaliberacion.org\\\/crpmlm\\\/argentinazo-22-anios\\\/\"},\"author\":{\"name\":\"Prensa Vamos\",\"@id\":\"https:\\\/\\\/vamosporlaliberacion.org\\\/crpmlm\\\/#\\\/schema\\\/person\\\/ebdbd4bf0e9418b9f0c0a93395366b2f\"},\"headline\":\"\u00a1ARGENTINAZO, 22 A\u00d1OS!\",\"datePublished\":\"2023-12-20T09:52:45+00:00\",\"dateModified\":\"2023-12-20T09:59:21+00:00\",\"mainEntityOfPage\":{\"@id\":\"http:\\\/\\\/vamosporlaliberacion.org\\\/crpmlm\\\/argentinazo-22-anios\\\/\"},\"wordCount\":2774,\"image\":{\"@id\":\"http:\\\/\\\/vamosporlaliberacion.org\\\/crpmlm\\\/argentinazo-22-anios\\\/#primaryimage\"},\"thumbnailUrl\":\"https:\\\/\\\/i0.wp.com\\\/vamosporlaliberacion.org\\\/crpmlm\\\/wp-content\\\/uploads\\\/2022\\\/08\\\/Argentinazo.jpeg?fit=1280%2C719&ssl=1\",\"articleSection\":[\"Noticias\",\"Nuestro ejemplo\"],\"inLanguage\":\"es\"},{\"@type\":\"WebPage\",\"@id\":\"http:\\\/\\\/vamosporlaliberacion.org\\\/crpmlm\\\/argentinazo-22-anios\\\/\",\"url\":\"http:\\\/\\\/vamosporlaliberacion.org\\\/crpmlm\\\/argentinazo-22-anios\\\/\",\"name\":\"\u00a1ARGENTINAZO, 22 A\u00d1OS! - Vamos por la Liberaci\u00f3n\",\"isPartOf\":{\"@id\":\"https:\\\/\\\/vamosporlaliberacion.org\\\/crpmlm\\\/#website\"},\"primaryImageOfPage\":{\"@id\":\"http:\\\/\\\/vamosporlaliberacion.org\\\/crpmlm\\\/argentinazo-22-anios\\\/#primaryimage\"},\"image\":{\"@id\":\"http:\\\/\\\/vamosporlaliberacion.org\\\/crpmlm\\\/argentinazo-22-anios\\\/#primaryimage\"},\"thumbnailUrl\":\"https:\\\/\\\/i0.wp.com\\\/vamosporlaliberacion.org\\\/crpmlm\\\/wp-content\\\/uploads\\\/2022\\\/08\\\/Argentinazo.jpeg?fit=1280%2C719&ssl=1\",\"datePublished\":\"2023-12-20T09:52:45+00:00\",\"dateModified\":\"2023-12-20T09:59:21+00:00\",\"author\":{\"@id\":\"https:\\\/\\\/vamosporlaliberacion.org\\\/crpmlm\\\/#\\\/schema\\\/person\\\/ebdbd4bf0e9418b9f0c0a93395366b2f\"},\"breadcrumb\":{\"@id\":\"http:\\\/\\\/vamosporlaliberacion.org\\\/crpmlm\\\/argentinazo-22-anios\\\/#breadcrumb\"},\"inLanguage\":\"es\",\"potentialAction\":[{\"@type\":\"ReadAction\",\"target\":[\"http:\\\/\\\/vamosporlaliberacion.org\\\/crpmlm\\\/argentinazo-22-anios\\\/\"]}]},{\"@type\":\"ImageObject\",\"inLanguage\":\"es\",\"@id\":\"http:\\\/\\\/vamosporlaliberacion.org\\\/crpmlm\\\/argentinazo-22-anios\\\/#primaryimage\",\"url\":\"https:\\\/\\\/i0.wp.com\\\/vamosporlaliberacion.org\\\/crpmlm\\\/wp-content\\\/uploads\\\/2022\\\/08\\\/Argentinazo.jpeg?fit=1280%2C719&ssl=1\",\"contentUrl\":\"https:\\\/\\\/i0.wp.com\\\/vamosporlaliberacion.org\\\/crpmlm\\\/wp-content\\\/uploads\\\/2022\\\/08\\\/Argentinazo.jpeg?fit=1280%2C719&ssl=1\",\"width\":1280,\"height\":719,\"caption\":\"Argentinazo diciembre 2001\"},{\"@type\":\"BreadcrumbList\",\"@id\":\"http:\\\/\\\/vamosporlaliberacion.org\\\/crpmlm\\\/argentinazo-22-anios\\\/#breadcrumb\",\"itemListElement\":[{\"@type\":\"ListItem\",\"position\":1,\"name\":\"Portada\",\"item\":\"https:\\\/\\\/vamosporlaliberacion.org\\\/crpmlm\\\/\"},{\"@type\":\"ListItem\",\"position\":2,\"name\":\"\u00a1ARGENTINAZO, 22 A\u00d1OS!\"}]},{\"@type\":\"WebSite\",\"@id\":\"https:\\\/\\\/vamosporlaliberacion.org\\\/crpmlm\\\/#website\",\"url\":\"https:\\\/\\\/vamosporlaliberacion.org\\\/crpmlm\\\/\",\"name\":\"Vamos por la Liberaci\u00f3n\",\"description\":\"Prensa CR\",\"potentialAction\":[{\"@type\":\"SearchAction\",\"target\":{\"@type\":\"EntryPoint\",\"urlTemplate\":\"https:\\\/\\\/vamosporlaliberacion.org\\\/crpmlm\\\/?s={search_term_string}\"},\"query-input\":{\"@type\":\"PropertyValueSpecification\",\"valueRequired\":true,\"valueName\":\"search_term_string\"}}],\"inLanguage\":\"es\"},{\"@type\":\"Person\",\"@id\":\"https:\\\/\\\/vamosporlaliberacion.org\\\/crpmlm\\\/#\\\/schema\\\/person\\\/ebdbd4bf0e9418b9f0c0a93395366b2f\",\"name\":\"Prensa Vamos\",\"sameAs\":[\"http:\\\/\\\/vamposporlaliberacion.org\"],\"url\":\"https:\\\/\\\/vamosporlaliberacion.org\\\/crpmlm\\\/author\\\/editor\\\/\"}]}<\/script>\n<!-- \/ Yoast SEO plugin. -->","yoast_head_json":{"title":"\u00a1ARGENTINAZO, 22 A\u00d1OS! - Vamos por la Liberaci\u00f3n","robots":{"index":"index","follow":"follow","max-snippet":"max-snippet:-1","max-image-preview":"max-image-preview:large","max-video-preview":"max-video-preview:-1"},"canonical":"http:\/\/vamosporlaliberacion.org\/crpmlm\/argentinazo-22-anios\/","twitter_misc":{"Escrito por":"Prensa Vamos","Tiempo de lectura":"13 minutos"},"schema":{"@context":"https:\/\/schema.org","@graph":[{"@type":"Article","@id":"http:\/\/vamosporlaliberacion.org\/crpmlm\/argentinazo-22-anios\/#article","isPartOf":{"@id":"http:\/\/vamosporlaliberacion.org\/crpmlm\/argentinazo-22-anios\/"},"author":{"name":"Prensa Vamos","@id":"https:\/\/vamosporlaliberacion.org\/crpmlm\/#\/schema\/person\/ebdbd4bf0e9418b9f0c0a93395366b2f"},"headline":"\u00a1ARGENTINAZO, 22 A\u00d1OS!","datePublished":"2023-12-20T09:52:45+00:00","dateModified":"2023-12-20T09:59:21+00:00","mainEntityOfPage":{"@id":"http:\/\/vamosporlaliberacion.org\/crpmlm\/argentinazo-22-anios\/"},"wordCount":2774,"image":{"@id":"http:\/\/vamosporlaliberacion.org\/crpmlm\/argentinazo-22-anios\/#primaryimage"},"thumbnailUrl":"https:\/\/i0.wp.com\/vamosporlaliberacion.org\/crpmlm\/wp-content\/uploads\/2022\/08\/Argentinazo.jpeg?fit=1280%2C719&ssl=1","articleSection":["Noticias","Nuestro ejemplo"],"inLanguage":"es"},{"@type":"WebPage","@id":"http:\/\/vamosporlaliberacion.org\/crpmlm\/argentinazo-22-anios\/","url":"http:\/\/vamosporlaliberacion.org\/crpmlm\/argentinazo-22-anios\/","name":"\u00a1ARGENTINAZO, 22 A\u00d1OS! - Vamos por la Liberaci\u00f3n","isPartOf":{"@id":"https:\/\/vamosporlaliberacion.org\/crpmlm\/#website"},"primaryImageOfPage":{"@id":"http:\/\/vamosporlaliberacion.org\/crpmlm\/argentinazo-22-anios\/#primaryimage"},"image":{"@id":"http:\/\/vamosporlaliberacion.org\/crpmlm\/argentinazo-22-anios\/#primaryimage"},"thumbnailUrl":"https:\/\/i0.wp.com\/vamosporlaliberacion.org\/crpmlm\/wp-content\/uploads\/2022\/08\/Argentinazo.jpeg?fit=1280%2C719&ssl=1","datePublished":"2023-12-20T09:52:45+00:00","dateModified":"2023-12-20T09:59:21+00:00","author":{"@id":"https:\/\/vamosporlaliberacion.org\/crpmlm\/#\/schema\/person\/ebdbd4bf0e9418b9f0c0a93395366b2f"},"breadcrumb":{"@id":"http:\/\/vamosporlaliberacion.org\/crpmlm\/argentinazo-22-anios\/#breadcrumb"},"inLanguage":"es","potentialAction":[{"@type":"ReadAction","target":["http:\/\/vamosporlaliberacion.org\/crpmlm\/argentinazo-22-anios\/"]}]},{"@type":"ImageObject","inLanguage":"es","@id":"http:\/\/vamosporlaliberacion.org\/crpmlm\/argentinazo-22-anios\/#primaryimage","url":"https:\/\/i0.wp.com\/vamosporlaliberacion.org\/crpmlm\/wp-content\/uploads\/2022\/08\/Argentinazo.jpeg?fit=1280%2C719&ssl=1","contentUrl":"https:\/\/i0.wp.com\/vamosporlaliberacion.org\/crpmlm\/wp-content\/uploads\/2022\/08\/Argentinazo.jpeg?fit=1280%2C719&ssl=1","width":1280,"height":719,"caption":"Argentinazo diciembre 2001"},{"@type":"BreadcrumbList","@id":"http:\/\/vamosporlaliberacion.org\/crpmlm\/argentinazo-22-anios\/#breadcrumb","itemListElement":[{"@type":"ListItem","position":1,"name":"Portada","item":"https:\/\/vamosporlaliberacion.org\/crpmlm\/"},{"@type":"ListItem","position":2,"name":"\u00a1ARGENTINAZO, 22 A\u00d1OS!"}]},{"@type":"WebSite","@id":"https:\/\/vamosporlaliberacion.org\/crpmlm\/#website","url":"https:\/\/vamosporlaliberacion.org\/crpmlm\/","name":"Vamos por la Liberaci\u00f3n","description":"Prensa CR","potentialAction":[{"@type":"SearchAction","target":{"@type":"EntryPoint","urlTemplate":"https:\/\/vamosporlaliberacion.org\/crpmlm\/?s={search_term_string}"},"query-input":{"@type":"PropertyValueSpecification","valueRequired":true,"valueName":"search_term_string"}}],"inLanguage":"es"},{"@type":"Person","@id":"https:\/\/vamosporlaliberacion.org\/crpmlm\/#\/schema\/person\/ebdbd4bf0e9418b9f0c0a93395366b2f","name":"Prensa Vamos","sameAs":["http:\/\/vamposporlaliberacion.org"],"url":"https:\/\/vamosporlaliberacion.org\/crpmlm\/author\/editor\/"}]}},"jetpack_featured_media_url":"https:\/\/i0.wp.com\/vamosporlaliberacion.org\/crpmlm\/wp-content\/uploads\/2022\/08\/Argentinazo.jpeg?fit=1280%2C719&ssl=1","jetpack_sharing_enabled":true,"_links":{"self":[{"href":"https:\/\/vamosporlaliberacion.org\/crpmlm\/wp-json\/wp\/v2\/posts\/27418","targetHints":{"allow":["GET"]}}],"collection":[{"href":"https:\/\/vamosporlaliberacion.org\/crpmlm\/wp-json\/wp\/v2\/posts"}],"about":[{"href":"https:\/\/vamosporlaliberacion.org\/crpmlm\/wp-json\/wp\/v2\/types\/post"}],"author":[{"embeddable":true,"href":"https:\/\/vamosporlaliberacion.org\/crpmlm\/wp-json\/wp\/v2\/users\/9"}],"replies":[{"embeddable":true,"href":"https:\/\/vamosporlaliberacion.org\/crpmlm\/wp-json\/wp\/v2\/comments?post=27418"}],"version-history":[{"count":1,"href":"https:\/\/vamosporlaliberacion.org\/crpmlm\/wp-json\/wp\/v2\/posts\/27418\/revisions"}],"predecessor-version":[{"id":27423,"href":"https:\/\/vamosporlaliberacion.org\/crpmlm\/wp-json\/wp\/v2\/posts\/27418\/revisions\/27423"}],"wp:featuredmedia":[{"embeddable":true,"href":"https:\/\/vamosporlaliberacion.org\/crpmlm\/wp-json\/wp\/v2\/media\/25704"}],"wp:attachment":[{"href":"https:\/\/vamosporlaliberacion.org\/crpmlm\/wp-json\/wp\/v2\/media?parent=27418"}],"wp:term":[{"taxonomy":"category","embeddable":true,"href":"https:\/\/vamosporlaliberacion.org\/crpmlm\/wp-json\/wp\/v2\/categories?post=27418"},{"taxonomy":"post_tag","embeddable":true,"href":"https:\/\/vamosporlaliberacion.org\/crpmlm\/wp-json\/wp\/v2\/tags?post=27418"}],"curies":[{"name":"wp","href":"https:\/\/api.w.org\/{rel}","templated":true}]}}