{"id":27391,"date":"2023-12-15T21:03:45","date_gmt":"2023-12-16T00:03:45","guid":{"rendered":"http:\/\/vamosporlaliberacion.org\/crpmlm\/?p=27391"},"modified":"2023-12-17T11:09:00","modified_gmt":"2023-12-17T14:09:00","slug":"la-casta-sos-vos","status":"publish","type":"post","link":"https:\/\/vamosporlaliberacion.org\/crpmlm\/la-casta-sos-vos\/","title":{"rendered":"La casta sos vos!!"},"content":{"rendered":"\n<h3 class=\"wp-block-heading\">Comienzo del oscurantismo<\/h3>\n\n\n\n<p>El gobierno lleva adelante una paquete de ajuste brutal al pueblo con mega devaluaci\u00f3n, tarifazos, quita de subsidios a los servicios p\u00fablicos y miles de despidos&#8230;<strong>una monumental transferencia de riquezas a los sectores concentrados, monopolios exportadores, agrarios y bancos a costa de una brutal perdida de poder adquisitivo del salario.<\/strong> A esto hay que sumarle el congelamiento de planes sociales, la eliminaci\u00f3n de la movilidad jaculatoria y la privatizaci\u00f3n de las empresas y servicios estatales.<\/p>\n\n\n\n<p>Si bien se esperaba un fuerte ajuste, estas medidas sobrepasaron las expectativas respecto al costo que pagaran los sectores populares hayan votado o no al gobierno.<\/p>\n\n\n\n<p>El aumento brutal del d\u00f3lar a $820, llevando la devaluaci\u00f3n del peso argentino a m\u00e1s de 120%, mas las remarcaciones que ya ven\u00edan de los alimentos y los que se aplican a partir del anuncio, la quita de subsidio a la energ\u00eda, transporte y salud, llevar\u00e1 la inflaci\u00f3n a mas del 30% en este mes y promedio mensual hacia delante. <strong>\u00a1Ahora desde el propio gobierno admiten que estamos en una hiperinflaci\u00f3n!<\/strong><\/p>\n\n\n\n<p>Esta devaluaci\u00f3n multiplica las ganancias de los sectores concentrados, monopolios imperialistas, agro-exportadores mientras las Pymes exportadoras se les cobrar\u00e1 retenciones y se habilita la libre importaci\u00f3n, llev\u00e1ndolas a la destrucci\u00f3n con la consecuente ola de despidos y profundizaci\u00f3n de la dependencia. (con el macrismo, cuando Caputo era ministro de econom\u00eda, cerraron mas de 23.000 Pymes).<\/p>\n\n\n<div class=\"wp-block-image\">\n<figure class=\"aligncenter size-large is-resized\"><img data-recalc-dims=\"1\" loading=\"lazy\" decoding=\"async\" width=\"696\" height=\"392\" src=\"https:\/\/i0.wp.com\/vamosporlaliberacion.org\/crpmlm\/wp-content\/uploads\/2023\/11\/posse-caputo-y-mileijpg-700x394.jpg?resize=696%2C392\" alt=\"\" class=\"wp-image-27341\" style=\"width:423px;height:auto\" srcset=\"https:\/\/i0.wp.com\/vamosporlaliberacion.org\/crpmlm\/wp-content\/uploads\/2023\/11\/posse-caputo-y-mileijpg.jpg?resize=700%2C394&amp;ssl=1 700w, https:\/\/i0.wp.com\/vamosporlaliberacion.org\/crpmlm\/wp-content\/uploads\/2023\/11\/posse-caputo-y-mileijpg.jpg?resize=300%2C169&amp;ssl=1 300w, https:\/\/i0.wp.com\/vamosporlaliberacion.org\/crpmlm\/wp-content\/uploads\/2023\/11\/posse-caputo-y-mileijpg.jpg?resize=768%2C432&amp;ssl=1 768w, https:\/\/i0.wp.com\/vamosporlaliberacion.org\/crpmlm\/wp-content\/uploads\/2023\/11\/posse-caputo-y-mileijpg.jpg?resize=150%2C84&amp;ssl=1 150w, https:\/\/i0.wp.com\/vamosporlaliberacion.org\/crpmlm\/wp-content\/uploads\/2023\/11\/posse-caputo-y-mileijpg.jpg?resize=696%2C392&amp;ssl=1 696w, https:\/\/i0.wp.com\/vamosporlaliberacion.org\/crpmlm\/wp-content\/uploads\/2023\/11\/posse-caputo-y-mileijpg.jpg?resize=1068%2C601&amp;ssl=1 1068w, https:\/\/i0.wp.com\/vamosporlaliberacion.org\/crpmlm\/wp-content\/uploads\/2023\/11\/posse-caputo-y-mileijpg.jpg?resize=747%2C420&amp;ssl=1 747w, https:\/\/i0.wp.com\/vamosporlaliberacion.org\/crpmlm\/wp-content\/uploads\/2023\/11\/posse-caputo-y-mileijpg.jpg?w=1200&amp;ssl=1 1200w\" sizes=\"auto, (max-width: 696px) 100vw, 696px\" \/><\/figure>\n<\/div>\n\n\n<p>Los precios de los alimentos se multiplicaron a mas del 160% en la mayor\u00eda de los de consumo masivo; a los servicios b\u00e1sicos habr\u00e1 que multiplicarlos por un d\u00f3lar a 1250$ (valor oficial 800$+ impuestos) y la tarifa de transporte como la planteaba el gobierno saliente si se le sacaba el subsidio se ir\u00e1 entre 700$ y 1100$ para colectivos y trenes. Este aumento tambi\u00e9n se le aplica a las tarifas del interior que ya se les hab\u00eda quitado el subsidio.<\/p>\n\n\n\n<p>Los despidos en el Estado revisten una brutalidad de quienes desprecian a lxs laburantes, mas all\u00e1 que sea de la administraci\u00f3n publica a los que adem\u00e1s se les adosa la categor\u00eda de \u00ab\u00f1oquis\u00bb instalado por los medios hegem\u00f3nicos. No se salvan ni los que hab\u00edan celebrado que acababan de firmar contratos laborales\u2026<\/p>\n\n\n\n<h3 class=\"wp-block-heading\"><strong>La libertad de \u201cla vacas sagradas\u201d<\/strong><\/h3>\n\n\n\n<p>El CEO de Techint, Paolo Rocca, particip\u00f3 junto al ministro del Interior Guillermo Francos del cierre del 22\u00b0 Seminario ProPymes y afirm\u00f3 que <em>\u00abestamos frente a un cambio estructural, a un reset de la Argentina que va a abarcar todos los sectores del pa\u00eds\u00bb y le pidi\u00f3 al gobierno que apure la reforma laboral.<\/em> <em>\u00abLo que encontramos, y comparto lo que escuch\u00e9 en el discurso de asunci\u00f3n de Javier Milei, es una situaci\u00f3n absolutamente insostenible en todos estos aspectos: los aspectos estructurales, pero tambi\u00e9n en los mercados de cambio y el qu\u00e9 hacer en la actividad econ\u00f3mica, las restricciones econ\u00f3micas y aumento del peso del estado\u00bb<\/em>, dijo Rocca.<\/p>\n\n\n<div class=\"wp-block-image\">\n<figure class=\"aligncenter size-full is-resized\"><img data-recalc-dims=\"1\" loading=\"lazy\" decoding=\"async\" width=\"696\" height=\"463\" src=\"https:\/\/i0.wp.com\/vamosporlaliberacion.org\/crpmlm\/wp-content\/uploads\/2023\/12\/PaoloRocca.jpg?resize=696%2C463\" alt=\"\" class=\"wp-image-27393\" style=\"width:472px;height:auto\" srcset=\"https:\/\/i0.wp.com\/vamosporlaliberacion.org\/crpmlm\/wp-content\/uploads\/2023\/12\/PaoloRocca.jpg?w=700&amp;ssl=1 700w, https:\/\/i0.wp.com\/vamosporlaliberacion.org\/crpmlm\/wp-content\/uploads\/2023\/12\/PaoloRocca.jpg?resize=300%2C200&amp;ssl=1 300w, https:\/\/i0.wp.com\/vamosporlaliberacion.org\/crpmlm\/wp-content\/uploads\/2023\/12\/PaoloRocca.jpg?resize=150%2C100&amp;ssl=1 150w, https:\/\/i0.wp.com\/vamosporlaliberacion.org\/crpmlm\/wp-content\/uploads\/2023\/12\/PaoloRocca.jpg?resize=696%2C463&amp;ssl=1 696w, https:\/\/i0.wp.com\/vamosporlaliberacion.org\/crpmlm\/wp-content\/uploads\/2023\/12\/PaoloRocca.jpg?resize=631%2C420&amp;ssl=1 631w\" sizes=\"auto, (max-width: 696px) 100vw, 696px\" \/><figcaption class=\"wp-element-caption\">Paolo Rocca<\/figcaption><\/figure>\n<\/div>\n\n\n<p><strong>\u00bfAcaso el principal monopolio del acero en Argentina y la regi\u00f3n, viene trabajando a perdida?, \u00bftan mal le fue en el gobierno de Alberto Fern\u00e1ndez?,<\/strong> todo lo contrario, Rocca ataca al Estado pero niega que sus empresas fueron beneficiadas por los ATP otorgados por el gobierno de Alberto Fern\u00e1ndez en plena pandemia para pagar sueldos, que luego tuvo que devolver por denuncias en la justicia. Fue de los que rechazaron el llamado \u201cimpuesto a las grandes fortunas\u201d mientras los principales Estados del mundo, que ellos toman como ejemplos, grababan a las mega riquezas.<\/p>\n\n\n\n<p><strong>Son unos de los principales ganadores gracias a las pol\u00edticas que predomin\u00f3 con el gobierno del Frente de Todos de \u201ccederles\u201d al chantaje de que \u201cson los que dan trabajo\u201d e \u201cinvierten\u201d en el pa\u00eds, mientras tienen todas sus riquezas y oficinas en para\u00edsos fiscales.<\/strong><\/p>\n\n\n\n<p><strong>A lo largo de su historia, Techint fue beneficiario por parte del Estado de subsidios, protecci\u00f3n de importaciones, contratos de obras p\u00fablicas, Ley de Compre Nacional con el consiguiente pago de gigantes sobreprecios, licuaci\u00f3n de deuda externa a trav\u00e9s de la regulaci\u00f3n de la tasa de inter\u00e9s y del sistema de seguros de cambio para la deuda externa privada, exenciones impositivas y privatizaciones. L<\/strong><strong>a revista&nbsp;<\/strong><em>Forbes&nbsp;<\/em><strong>en su ranking ubica al conglomerado internacional y a su familia como la primera gran fortuna de la Argentina en 2019 con 8.000 millones de d\u00f3lares<\/strong><strong>.<\/strong><\/p>\n\n\n\n<p><strong>Ahora van por mas, y no solo en los beneficios que reciben con la mega devaluaci\u00f3n en curso, por ser lideres internacionales y aplican esas tarifas en el mercado interno, sino porque van por los derechos de los trabajadores con la mentada reforma laboral.<\/strong><\/p>\n\n\n\n<p>Son parte de la casta empresarial como las 20 empresas que deciden qu\u00e9 comemos y a qu\u00e9 precio 45 millones de personas. <strong>Estas que rebalsan de ganancias sus balances anuales a costa de la evasi\u00f3n, la explotaci\u00f3n laboral y la remarcaci\u00f3n de los alimentos. Estas que nos ponen precios internacionales a los alimentos fabricados en el pa\u00eds y que consumimos en el pa\u00eds. Esta es la libertad que proclama Milei, la del dominio de los monopolios y el capital financiero.<\/strong><\/p>\n\n\n\n<p>Estos son una vez mas, parte del poder concentrado beneficiado por los \u00abanti castas\u00bb. Hacia ellos no va el ajuste, todo lo contrario, ellos vuelven (como ya lo hicieron con Macri) a ocupar ministerios y lugares claves en el nuevo\/viejo gobierno.<\/p>\n\n\n\n<p><strong>Cuando todo se reduce a que el problema de la inflaci\u00f3n es de manera absoluta a la emisi\u00f3n monetaria, se esconde algo que deber\u00eda ser evidente como es el impacto en la inflaci\u00f3n del aumento<\/strong><strong> <\/strong><strong>sostenido y generalizado<\/strong><strong> <\/strong><strong>de los precios de la econom\u00eda<\/strong><strong> <\/strong><strong>\u00bfcu\u00e1nto de la<\/strong><strong> <\/strong><strong>inflaci\u00f3n est\u00e1 explicado por el incremento sostenido en los m\u00e1rgenes de ganancia de las grandes<\/strong><strong> <\/strong><strong>empresas que se\u00f1alamos mas arriba?<\/strong><\/p>\n\n\n\n<p><strong>Estos son los due\u00f1os del pa\u00eds, responsables directos del empobrecimiento del pueblo argentino. Los que controlan gobiernos, la econom\u00eda, la justicia y la pol\u00edtica. Cuando te dicen que no hay plata, mienten, porque estos son los que amasan fortunas y ganan en las crisis y fuera de ella. Son los que resistieron a abrir la mano mientras mor\u00edan argentinxs en plena pandemia, son los que fugaron miles de millones de d\u00f3lares mientras a vos te cargaban una deuda hist\u00f3rica, fraudulenta con el FMI.<\/strong><\/p>\n\n\n<div class=\"wp-block-image\">\n<figure class=\"aligncenter size-large is-resized\"><img data-recalc-dims=\"1\" loading=\"lazy\" decoding=\"async\" width=\"696\" height=\"463\" src=\"https:\/\/i0.wp.com\/vamosporlaliberacion.org\/crpmlm\/wp-content\/uploads\/2023\/12\/milei-georgieva-700x466.jpeg?resize=696%2C463\" alt=\"\" class=\"wp-image-27365\" style=\"width:470px;height:auto\" srcset=\"https:\/\/i0.wp.com\/vamosporlaliberacion.org\/crpmlm\/wp-content\/uploads\/2023\/12\/milei-georgieva.jpeg?resize=700%2C466&amp;ssl=1 700w, https:\/\/i0.wp.com\/vamosporlaliberacion.org\/crpmlm\/wp-content\/uploads\/2023\/12\/milei-georgieva.jpeg?resize=300%2C200&amp;ssl=1 300w, https:\/\/i0.wp.com\/vamosporlaliberacion.org\/crpmlm\/wp-content\/uploads\/2023\/12\/milei-georgieva.jpeg?resize=768%2C511&amp;ssl=1 768w, https:\/\/i0.wp.com\/vamosporlaliberacion.org\/crpmlm\/wp-content\/uploads\/2023\/12\/milei-georgieva.jpeg?resize=150%2C100&amp;ssl=1 150w, https:\/\/i0.wp.com\/vamosporlaliberacion.org\/crpmlm\/wp-content\/uploads\/2023\/12\/milei-georgieva.jpeg?resize=696%2C463&amp;ssl=1 696w, https:\/\/i0.wp.com\/vamosporlaliberacion.org\/crpmlm\/wp-content\/uploads\/2023\/12\/milei-georgieva.jpeg?resize=631%2C420&amp;ssl=1 631w, https:\/\/i0.wp.com\/vamosporlaliberacion.org\/crpmlm\/wp-content\/uploads\/2023\/12\/milei-georgieva.jpeg?w=880&amp;ssl=1 880w\" sizes=\"auto, (max-width: 696px) 100vw, 696px\" \/><figcaption class=\"wp-element-caption\">Milei con Georgieva<\/figcaption><\/figure>\n<\/div>\n\n\n<p><strong>Se\u00f1alamos esto, porque son las llamadas \u201cvacas sagradas\u201d, que junto a la Deuda Externa, constituyen el yugo de la dependencia que cuelga sobre las cabezas del pueblo argentino.<\/strong><\/p>\n\n\n\n<p><strong>Estos son los grandes responsables del \u201cmaldito d\u00e9ficit fiscal\u201d, pero ni antes con el progresismo se los afect\u00f3, y menos ahora con el neoliberalismo ortodoxo donde son ellos nuevamente los que gobiernan llevando la crisis econ\u00f3mica a niveles extremos.<\/strong><\/p>\n\n\n\n<p><strong>La salida a esta encrucijada pasa por un lado investigando y no pagando la deuda fraudulenta, junto con emprender el camino que acaba de tomar Brasil en cuanto a dotar de una salida inmediata para mejorar la recaudaci\u00f3n y reducir el d\u00e9ficit fiscal como es la<\/strong><strong> <\/strong><strong>Ley que acaba de promulgar el <\/strong><strong>presidente Lula da Silva<\/strong><strong> <\/strong><strong>que cobrar\u00e1<\/strong><strong> <\/strong><strong>por primera vez impuestos a las inversiones de los llamados<\/strong><strong> <\/strong><strong>\u201cfondos exclusivos de inversi\u00f3n\u201d, tambi\u00e9n conocidos como \u00abs\u00faper ricos\u00bb<\/strong><strong>, <\/strong><strong>y las empresas offshore<\/strong><strong>. Esto permitir\u00e1<\/strong><strong> evitar un ajuste en las cuentas p\u00fablicas<\/strong><strong> ya que se espera recaudar mas de 6.000 millones de d\u00f3lares hasta el 2025. <\/strong>El texto cambia una serie de leyes, entre ellas el C\u00f3digo Civil, para poder tributar o aumentar las tasas que se cobran sobre fondos exclusivos.<\/p>\n\n\n\n<p>Y por ultimo emprender un rumbo soberano en la econom\u00eda, cortando la dependencia que nos ahoga y nos somete.<\/p>\n\n\n\n<h3 class=\"wp-block-heading\"><strong>Estatizaci\u00f3n de deuda a las empresas privadas: Empezaron los saqueos!!<\/strong><\/h3>\n\n\n\n<p><strong>Lo lleva adelante el Banco Central, que acaba de habilitar que las empresas multinacionales que deben a proveedores del exterior d\u00f3lares por mercader\u00eda (se estima en mas de 40.000 millones de d\u00f3lares!!) que ya ingresaron y que no pudieron pagar, por falta de d\u00f3lares en el BCRA, ahora se los compensa subscribiendo un bono en pesos, pero reconociendoles la deuda en d\u00f3lares a pagar en el 2025 con un inter\u00e9s del 5%. El antecedente nefasto mas cercano es al final de la dictadura en noviembre de 1982 ejecutada por Domingo Cavallo cuando le estatiz\u00f3 la deuda de las empresas privadas, entre ellas las del grupo Macri, por 15.000 millones de d\u00f3lares.<\/strong><\/p>\n\n\n<div class=\"wp-block-image\">\n<figure class=\"aligncenter size-large is-resized\"><img data-recalc-dims=\"1\" loading=\"lazy\" decoding=\"async\" width=\"696\" height=\"392\" src=\"https:\/\/i0.wp.com\/vamosporlaliberacion.org\/crpmlm\/wp-content\/uploads\/2023\/09\/CavalloMilei-700x394.jpeg?resize=696%2C392\" alt=\"\" class=\"wp-image-27129\" style=\"width:558px;height:auto\" srcset=\"https:\/\/i0.wp.com\/vamosporlaliberacion.org\/crpmlm\/wp-content\/uploads\/2023\/09\/CavalloMilei.jpeg?resize=700%2C394&amp;ssl=1 700w, https:\/\/i0.wp.com\/vamosporlaliberacion.org\/crpmlm\/wp-content\/uploads\/2023\/09\/CavalloMilei.jpeg?resize=300%2C169&amp;ssl=1 300w, https:\/\/i0.wp.com\/vamosporlaliberacion.org\/crpmlm\/wp-content\/uploads\/2023\/09\/CavalloMilei.jpeg?resize=768%2C432&amp;ssl=1 768w, https:\/\/i0.wp.com\/vamosporlaliberacion.org\/crpmlm\/wp-content\/uploads\/2023\/09\/CavalloMilei.jpeg?resize=150%2C84&amp;ssl=1 150w, https:\/\/i0.wp.com\/vamosporlaliberacion.org\/crpmlm\/wp-content\/uploads\/2023\/09\/CavalloMilei.jpeg?resize=696%2C392&amp;ssl=1 696w, https:\/\/i0.wp.com\/vamosporlaliberacion.org\/crpmlm\/wp-content\/uploads\/2023\/09\/CavalloMilei.jpeg?resize=1068%2C601&amp;ssl=1 1068w, https:\/\/i0.wp.com\/vamosporlaliberacion.org\/crpmlm\/wp-content\/uploads\/2023\/09\/CavalloMilei.jpeg?resize=747%2C420&amp;ssl=1 747w, https:\/\/i0.wp.com\/vamosporlaliberacion.org\/crpmlm\/wp-content\/uploads\/2023\/09\/CavalloMilei.jpeg?w=1280&amp;ssl=1 1280w\" sizes=\"auto, (max-width: 696px) 100vw, 696px\" \/><\/figure>\n<\/div>\n\n\n<p><strong>Milei lo hizo de nuevo!, minti\u00f3 y los privados no se pagan sus deudas, sino todxs nostrxs. La casta empresarial fuga los d\u00f3lares, gira las remesas al exterior, se endeuda y le pagamos por generaciones. No es casualidad que entre las empresas a las que se le estatiza la deuda, se encuentre la electr\u00f3nica fueguina Mirgor de la familia Caputo. Un escandalo!!<\/strong><\/p>\n\n\n\n<p><strong>Mientras esta casta siga siendo beneficiada por estas pol\u00edticas econ\u00f3micas y este modelo dependiente, agro exportador, contaminante y endeudador, el pa\u00eds y el pueblo seguir\u00e1n padeciendo.<\/strong><\/p>\n\n\n\n<p><strong>Ahora se pusieron un disfraz de \u201cnoveles\u201d y volvieron tras ganar las elecciones, cabalgando sobre un gobierno saliente que ni quiso ni pudo con ellos. Un gobierno que acept\u00f3 las reglas de juego que impusieron junto con el FMI elevando la pobreza, la inflaci\u00f3n y el endeudamiento. Sectores que dirigieron el Frente de Todos que adoptaron el lema inmediato de \u201cgobernar para todos\u201d, como si todos fu\u00e9ramos iguales en esta sociedad, soslayando que el que mas poder tiene ejerce un rol dominante en la sociedad.<\/strong><\/p>\n\n\n\n<p><strong>Ahora son gobierno y se despojaron de manera temprana del lema \u201cel ajuste lo va pagar la casta\u201d para pasar a aplicar un ajuste brutal sobre el conjunto del pueblo.<\/strong><\/p>\n\n\n\n<h3 class=\"wp-block-heading\"><strong>Ajuste y represi\u00f3n, \u201ccomo la nube a la tormenta\u201d<\/strong><\/h3>\n\n\n\n<p><strong>Como es l\u00f3gico, la brutalidad de esta pol\u00edtica econ\u00f3mica anti popular, debe llevar la represi\u00f3n a los reclamos populares como \u201cla nube a la tormenta\u201d. Patricia Bullrich una vez mas ser\u00e1 la encargada de ejercer la mano dura a las luchas, poniendo un protocolo y una funcionaria por encima de la Constituci\u00f3n Nacional que garantiza el derecho a manifestar de manera pacifica.<\/strong><\/p>\n\n\n\n<p><strong>Nuevamente la conflictividad social ser\u00e1 la principal hip\u00f3tesis de conflicto.<\/strong><strong> Y nuevamente es un delito cortar una calle resolviendo una contradicci\u00f3n entre el C\u00f3digo Civil y la Constituci\u00f3n de manera arbitraria y violenta, por fuera del debate en el parlamento, creador de leyes.<\/strong><\/p>\n\n\n\n<p><strong>Tambi\u00e9n su protocolo represivo avanza sobre los derechos civiles, ya que establece que las madres o padres no podr\u00e1n manifestar con sus hijos, porque \u201ccorren peligro\u201d o \u201cfalta a la escuela\u201d como si a aquellas familias que viajan a exterior con sus hijos se las sancione u obligue a que vayan a la escuela, mostrando que los <\/strong><strong>conceptos de este protocolo tiene una fuerte impronta clasista hacia los pobres.<\/strong><strong><\/strong><\/p>\n\n\n\n<p><strong><\/strong><strong>Creen que as\u00ed van a amedrentar los reclamos que vendr\u00e1n, reclamos que no solo juntar\u00e1n a las organizaciones de ciudadanos, sino que tambi\u00e9n estos ser\u00e1n empujados de manera espontanea como ya vivimos otras veces. No le arrendamos el triunfo, a la vez no los subestimamos porque ya los conocemos y son capaces de infiltrar, provocar y perseguir a aquellos que enfrenten esta pol\u00edtica.<\/strong><\/p>\n\n\n\n<p><strong>La confrontaci\u00f3n ser\u00e1 muy dura y ellos lo saben por eso a solo cuatro d\u00edas de asumidos ya tenemos ajuste y represi\u00f3n con viejas conocidas como Patricia Bullrich que hicieron correr sangre del pueblo en otros tiempos recientes como Rafael Nahuel o Santiago Maldonado, pero tambi\u00e9n los 39 asesinados del Argentinazo del 2001. <\/strong><strong>La libertad de los poderosos se escribe con sangre del pueblo!<\/strong><\/p>\n\n\n\n<h3 class=\"wp-block-heading\"><strong>Desandar caminos<\/strong><\/h3>\n\n\n\n<p><strong>Los sectores populares, democr\u00e1ticos y antiimperialistas deberemos enraizar mucho mas con nuestro pueblo, escuchar y compartir sus sentires en estos tiempos aciagos. La gran tarea es regenerar el tejido da\u00f1ado que nos dividi\u00f3 y posibilit\u00f3 que la ultraderecha se filtrara y llegara al gobierno. Las tareas que estos sectores tienen que tomar la tienen que hacer de manera vertiginosa y r\u00e1pida, aprovechando las horas de legitimidad, confusi\u00f3n y desilusi\u00f3n de aquellos que lo votaron creyendo que esta ves si pagaba la casta.<\/strong><\/p>\n\n\n\n<p><strong>De la misma manera, el pueblo debe empezar a sanar sus heridas y pasar a la acci\u00f3n r\u00e1pidamente, antes que sea demasiado tarde.<\/strong><strong> El debate en los,lugares de trabajo, estudios y territorios debe ser la clave para empezar a encontrar la salida.<\/strong><\/p>\n\n\n\n<p><strong>Es empezar a emprender un camino que antes llevar\u00eda mas tiempo, pero esta es una situaci\u00f3n que no se hab\u00eda vivido de esta manera. La suerte del triunfo o el fracaso radicar\u00e1 en poner la masividad en la lucha, no en las acciones aisladas que no solucionan y dan ventaja a los opresores.<\/strong><\/p>\n\n\n<div class=\"wp-block-image\">\n<figure class=\"aligncenter size-large is-resized\"><img data-recalc-dims=\"1\" loading=\"lazy\" decoding=\"async\" width=\"696\" height=\"680\" src=\"https:\/\/i0.wp.com\/vamosporlaliberacion.org\/crpmlm\/wp-content\/uploads\/2022\/12\/CR-MPL-700x684.jpeg?resize=696%2C680\" alt=\"\" class=\"wp-image-26355\" style=\"width:579px;height:auto\" srcset=\"https:\/\/i0.wp.com\/vamosporlaliberacion.org\/crpmlm\/wp-content\/uploads\/2022\/12\/CR-MPL.jpeg?resize=700%2C684&amp;ssl=1 700w, https:\/\/i0.wp.com\/vamosporlaliberacion.org\/crpmlm\/wp-content\/uploads\/2022\/12\/CR-MPL.jpeg?resize=300%2C293&amp;ssl=1 300w, https:\/\/i0.wp.com\/vamosporlaliberacion.org\/crpmlm\/wp-content\/uploads\/2022\/12\/CR-MPL.jpeg?resize=768%2C751&amp;ssl=1 768w, https:\/\/i0.wp.com\/vamosporlaliberacion.org\/crpmlm\/wp-content\/uploads\/2022\/12\/CR-MPL.jpeg?resize=150%2C147&amp;ssl=1 150w, https:\/\/i0.wp.com\/vamosporlaliberacion.org\/crpmlm\/wp-content\/uploads\/2022\/12\/CR-MPL.jpeg?resize=696%2C680&amp;ssl=1 696w, https:\/\/i0.wp.com\/vamosporlaliberacion.org\/crpmlm\/wp-content\/uploads\/2022\/12\/CR-MPL.jpeg?resize=430%2C420&amp;ssl=1 430w, https:\/\/i0.wp.com\/vamosporlaliberacion.org\/crpmlm\/wp-content\/uploads\/2022\/12\/CR-MPL.jpeg?w=1068&amp;ssl=1 1068w\" sizes=\"auto, (max-width: 696px) 100vw, 696px\" \/><\/figure>\n<\/div>\n\n\n<p><strong>S<\/strong><strong>on tiempos para remachar la certeza de que el camino de regreso del pueblo no puede ser el mismo que nos trajo hasta aqu\u00ed, no pueden estar a la cabeza las mismas caras que conciliaron o no quisieron echarle mano a los que nos oprimen<\/strong><strong>. <\/strong><strong><u>No hay tiempo de \u201cmes\u00edas salvadores\u201d, debemos construir una \u00e9pica disruptiva, colectiva desde lo verdaderamente popular, sin delegar la direcci\u00f3n en sectores que no sienten en sus entra\u00f1as al pueblo mas sufrido.<\/u><\/strong><strong><\/strong><\/p>\n\n\n\n<p><strong>La soberan\u00eda es la contracara del neoliberalismo y esa bandera deber\u00e1 cobijarnos como como objetivo en lucha y unidad de los pueblos que habitamos nuestro querido pa\u00eds para enfrentar a la reacci\u00f3n y avanzar hacia la liberaci\u00f3n nacional y social.<\/strong><\/p>\n<!-- AddThis Advanced Settings generic via filter on the_content --><!-- AddThis Share Buttons generic via filter on the_content -->","protected":false},"excerpt":{"rendered":"<p>Comienzo del oscurantismo El gobierno lleva adelante una paquete de ajuste brutal al pueblo con mega devaluaci\u00f3n, tarifazos, quita de subsidios a los servicios p\u00fablicos y miles de despidos&#8230;una monumental transferencia de riquezas a los sectores concentrados, monopolios exportadores, agrarios y bancos a costa de una brutal perdida de poder adquisitivo del salario. A esto [&hellip;]<!-- AddThis Advanced Settings generic via filter on get_the_excerpt --><!-- AddThis Share Buttons generic via filter on get_the_excerpt --><\/p>\n","protected":false},"author":9,"featured_media":27401,"comment_status":"closed","ping_status":"closed","sticky":false,"template":"","format":"standard","meta":{"_jetpack_memberships_contains_paid_content":false,"footnotes":""},"categories":[1881,1699],"tags":[],"class_list":{"0":"post-27391","1":"post","2":"type-post","3":"status-publish","4":"format-standard","5":"has-post-thumbnail","7":"category-editoriales","8":"category-noticias"},"yoast_head":"<!-- This site is optimized with the Yoast SEO plugin v27.4 - https:\/\/yoast.com\/product\/yoast-seo-wordpress\/ -->\n<title>La casta sos vos!! - Vamos por la Liberaci\u00f3n<\/title>\n<meta name=\"robots\" content=\"index, follow, max-snippet:-1, max-image-preview:large, max-video-preview:-1\" \/>\n<link rel=\"canonical\" href=\"http:\/\/vamosporlaliberacion.org\/crpmlm\/la-casta-sos-vos\/\" \/>\n<meta name=\"twitter:label1\" content=\"Escrito por\" \/>\n\t<meta name=\"twitter:data1\" content=\"Prensa Vamos\" \/>\n\t<meta name=\"twitter:label2\" content=\"Tiempo de lectura\" \/>\n\t<meta name=\"twitter:data2\" content=\"11 minutos\" \/>\n<script type=\"application\/ld+json\" class=\"yoast-schema-graph\">{\"@context\":\"https:\\\/\\\/schema.org\",\"@graph\":[{\"@type\":\"Article\",\"@id\":\"http:\\\/\\\/vamosporlaliberacion.org\\\/crpmlm\\\/la-casta-sos-vos\\\/#article\",\"isPartOf\":{\"@id\":\"http:\\\/\\\/vamosporlaliberacion.org\\\/crpmlm\\\/la-casta-sos-vos\\\/\"},\"author\":{\"name\":\"Prensa Vamos\",\"@id\":\"https:\\\/\\\/vamosporlaliberacion.org\\\/crpmlm\\\/#\\\/schema\\\/person\\\/ebdbd4bf0e9418b9f0c0a93395366b2f\"},\"headline\":\"La casta sos vos!!\",\"datePublished\":\"2023-12-16T00:03:45+00:00\",\"dateModified\":\"2023-12-17T14:09:00+00:00\",\"mainEntityOfPage\":{\"@id\":\"http:\\\/\\\/vamosporlaliberacion.org\\\/crpmlm\\\/la-casta-sos-vos\\\/\"},\"wordCount\":2294,\"image\":{\"@id\":\"http:\\\/\\\/vamosporlaliberacion.org\\\/crpmlm\\\/la-casta-sos-vos\\\/#primaryimage\"},\"thumbnailUrl\":\"https:\\\/\\\/i0.wp.com\\\/vamosporlaliberacion.org\\\/crpmlm\\\/wp-content\\\/uploads\\\/2023\\\/12\\\/dedoAcusador2.jpg?fit=631%2C374&ssl=1\",\"articleSection\":[\"Editoriales\",\"Noticias\"],\"inLanguage\":\"es\"},{\"@type\":\"WebPage\",\"@id\":\"http:\\\/\\\/vamosporlaliberacion.org\\\/crpmlm\\\/la-casta-sos-vos\\\/\",\"url\":\"http:\\\/\\\/vamosporlaliberacion.org\\\/crpmlm\\\/la-casta-sos-vos\\\/\",\"name\":\"La casta sos vos!! - Vamos por la Liberaci\u00f3n\",\"isPartOf\":{\"@id\":\"https:\\\/\\\/vamosporlaliberacion.org\\\/crpmlm\\\/#website\"},\"primaryImageOfPage\":{\"@id\":\"http:\\\/\\\/vamosporlaliberacion.org\\\/crpmlm\\\/la-casta-sos-vos\\\/#primaryimage\"},\"image\":{\"@id\":\"http:\\\/\\\/vamosporlaliberacion.org\\\/crpmlm\\\/la-casta-sos-vos\\\/#primaryimage\"},\"thumbnailUrl\":\"https:\\\/\\\/i0.wp.com\\\/vamosporlaliberacion.org\\\/crpmlm\\\/wp-content\\\/uploads\\\/2023\\\/12\\\/dedoAcusador2.jpg?fit=631%2C374&ssl=1\",\"datePublished\":\"2023-12-16T00:03:45+00:00\",\"dateModified\":\"2023-12-17T14:09:00+00:00\",\"author\":{\"@id\":\"https:\\\/\\\/vamosporlaliberacion.org\\\/crpmlm\\\/#\\\/schema\\\/person\\\/ebdbd4bf0e9418b9f0c0a93395366b2f\"},\"breadcrumb\":{\"@id\":\"http:\\\/\\\/vamosporlaliberacion.org\\\/crpmlm\\\/la-casta-sos-vos\\\/#breadcrumb\"},\"inLanguage\":\"es\",\"potentialAction\":[{\"@type\":\"ReadAction\",\"target\":[\"http:\\\/\\\/vamosporlaliberacion.org\\\/crpmlm\\\/la-casta-sos-vos\\\/\"]}]},{\"@type\":\"ImageObject\",\"inLanguage\":\"es\",\"@id\":\"http:\\\/\\\/vamosporlaliberacion.org\\\/crpmlm\\\/la-casta-sos-vos\\\/#primaryimage\",\"url\":\"https:\\\/\\\/i0.wp.com\\\/vamosporlaliberacion.org\\\/crpmlm\\\/wp-content\\\/uploads\\\/2023\\\/12\\\/dedoAcusador2.jpg?fit=631%2C374&ssl=1\",\"contentUrl\":\"https:\\\/\\\/i0.wp.com\\\/vamosporlaliberacion.org\\\/crpmlm\\\/wp-content\\\/uploads\\\/2023\\\/12\\\/dedoAcusador2.jpg?fit=631%2C374&ssl=1\",\"width\":631,\"height\":374},{\"@type\":\"BreadcrumbList\",\"@id\":\"http:\\\/\\\/vamosporlaliberacion.org\\\/crpmlm\\\/la-casta-sos-vos\\\/#breadcrumb\",\"itemListElement\":[{\"@type\":\"ListItem\",\"position\":1,\"name\":\"Portada\",\"item\":\"https:\\\/\\\/vamosporlaliberacion.org\\\/crpmlm\\\/\"},{\"@type\":\"ListItem\",\"position\":2,\"name\":\"La casta sos vos!!\"}]},{\"@type\":\"WebSite\",\"@id\":\"https:\\\/\\\/vamosporlaliberacion.org\\\/crpmlm\\\/#website\",\"url\":\"https:\\\/\\\/vamosporlaliberacion.org\\\/crpmlm\\\/\",\"name\":\"Vamos por la Liberaci\u00f3n\",\"description\":\"Prensa CR\",\"potentialAction\":[{\"@type\":\"SearchAction\",\"target\":{\"@type\":\"EntryPoint\",\"urlTemplate\":\"https:\\\/\\\/vamosporlaliberacion.org\\\/crpmlm\\\/?s={search_term_string}\"},\"query-input\":{\"@type\":\"PropertyValueSpecification\",\"valueRequired\":true,\"valueName\":\"search_term_string\"}}],\"inLanguage\":\"es\"},{\"@type\":\"Person\",\"@id\":\"https:\\\/\\\/vamosporlaliberacion.org\\\/crpmlm\\\/#\\\/schema\\\/person\\\/ebdbd4bf0e9418b9f0c0a93395366b2f\",\"name\":\"Prensa Vamos\",\"sameAs\":[\"http:\\\/\\\/vamposporlaliberacion.org\"],\"url\":\"https:\\\/\\\/vamosporlaliberacion.org\\\/crpmlm\\\/author\\\/editor\\\/\"}]}<\/script>\n<!-- \/ Yoast SEO plugin. -->","yoast_head_json":{"title":"La casta sos vos!! - Vamos por la Liberaci\u00f3n","robots":{"index":"index","follow":"follow","max-snippet":"max-snippet:-1","max-image-preview":"max-image-preview:large","max-video-preview":"max-video-preview:-1"},"canonical":"http:\/\/vamosporlaliberacion.org\/crpmlm\/la-casta-sos-vos\/","twitter_misc":{"Escrito por":"Prensa Vamos","Tiempo de lectura":"11 minutos"},"schema":{"@context":"https:\/\/schema.org","@graph":[{"@type":"Article","@id":"http:\/\/vamosporlaliberacion.org\/crpmlm\/la-casta-sos-vos\/#article","isPartOf":{"@id":"http:\/\/vamosporlaliberacion.org\/crpmlm\/la-casta-sos-vos\/"},"author":{"name":"Prensa Vamos","@id":"https:\/\/vamosporlaliberacion.org\/crpmlm\/#\/schema\/person\/ebdbd4bf0e9418b9f0c0a93395366b2f"},"headline":"La casta sos vos!!","datePublished":"2023-12-16T00:03:45+00:00","dateModified":"2023-12-17T14:09:00+00:00","mainEntityOfPage":{"@id":"http:\/\/vamosporlaliberacion.org\/crpmlm\/la-casta-sos-vos\/"},"wordCount":2294,"image":{"@id":"http:\/\/vamosporlaliberacion.org\/crpmlm\/la-casta-sos-vos\/#primaryimage"},"thumbnailUrl":"https:\/\/i0.wp.com\/vamosporlaliberacion.org\/crpmlm\/wp-content\/uploads\/2023\/12\/dedoAcusador2.jpg?fit=631%2C374&ssl=1","articleSection":["Editoriales","Noticias"],"inLanguage":"es"},{"@type":"WebPage","@id":"http:\/\/vamosporlaliberacion.org\/crpmlm\/la-casta-sos-vos\/","url":"http:\/\/vamosporlaliberacion.org\/crpmlm\/la-casta-sos-vos\/","name":"La casta sos vos!! - Vamos por la Liberaci\u00f3n","isPartOf":{"@id":"https:\/\/vamosporlaliberacion.org\/crpmlm\/#website"},"primaryImageOfPage":{"@id":"http:\/\/vamosporlaliberacion.org\/crpmlm\/la-casta-sos-vos\/#primaryimage"},"image":{"@id":"http:\/\/vamosporlaliberacion.org\/crpmlm\/la-casta-sos-vos\/#primaryimage"},"thumbnailUrl":"https:\/\/i0.wp.com\/vamosporlaliberacion.org\/crpmlm\/wp-content\/uploads\/2023\/12\/dedoAcusador2.jpg?fit=631%2C374&ssl=1","datePublished":"2023-12-16T00:03:45+00:00","dateModified":"2023-12-17T14:09:00+00:00","author":{"@id":"https:\/\/vamosporlaliberacion.org\/crpmlm\/#\/schema\/person\/ebdbd4bf0e9418b9f0c0a93395366b2f"},"breadcrumb":{"@id":"http:\/\/vamosporlaliberacion.org\/crpmlm\/la-casta-sos-vos\/#breadcrumb"},"inLanguage":"es","potentialAction":[{"@type":"ReadAction","target":["http:\/\/vamosporlaliberacion.org\/crpmlm\/la-casta-sos-vos\/"]}]},{"@type":"ImageObject","inLanguage":"es","@id":"http:\/\/vamosporlaliberacion.org\/crpmlm\/la-casta-sos-vos\/#primaryimage","url":"https:\/\/i0.wp.com\/vamosporlaliberacion.org\/crpmlm\/wp-content\/uploads\/2023\/12\/dedoAcusador2.jpg?fit=631%2C374&ssl=1","contentUrl":"https:\/\/i0.wp.com\/vamosporlaliberacion.org\/crpmlm\/wp-content\/uploads\/2023\/12\/dedoAcusador2.jpg?fit=631%2C374&ssl=1","width":631,"height":374},{"@type":"BreadcrumbList","@id":"http:\/\/vamosporlaliberacion.org\/crpmlm\/la-casta-sos-vos\/#breadcrumb","itemListElement":[{"@type":"ListItem","position":1,"name":"Portada","item":"https:\/\/vamosporlaliberacion.org\/crpmlm\/"},{"@type":"ListItem","position":2,"name":"La casta sos vos!!"}]},{"@type":"WebSite","@id":"https:\/\/vamosporlaliberacion.org\/crpmlm\/#website","url":"https:\/\/vamosporlaliberacion.org\/crpmlm\/","name":"Vamos por la Liberaci\u00f3n","description":"Prensa CR","potentialAction":[{"@type":"SearchAction","target":{"@type":"EntryPoint","urlTemplate":"https:\/\/vamosporlaliberacion.org\/crpmlm\/?s={search_term_string}"},"query-input":{"@type":"PropertyValueSpecification","valueRequired":true,"valueName":"search_term_string"}}],"inLanguage":"es"},{"@type":"Person","@id":"https:\/\/vamosporlaliberacion.org\/crpmlm\/#\/schema\/person\/ebdbd4bf0e9418b9f0c0a93395366b2f","name":"Prensa Vamos","sameAs":["http:\/\/vamposporlaliberacion.org"],"url":"https:\/\/vamosporlaliberacion.org\/crpmlm\/author\/editor\/"}]}},"jetpack_featured_media_url":"https:\/\/i0.wp.com\/vamosporlaliberacion.org\/crpmlm\/wp-content\/uploads\/2023\/12\/dedoAcusador2.jpg?fit=631%2C374&ssl=1","jetpack_sharing_enabled":true,"_links":{"self":[{"href":"https:\/\/vamosporlaliberacion.org\/crpmlm\/wp-json\/wp\/v2\/posts\/27391","targetHints":{"allow":["GET"]}}],"collection":[{"href":"https:\/\/vamosporlaliberacion.org\/crpmlm\/wp-json\/wp\/v2\/posts"}],"about":[{"href":"https:\/\/vamosporlaliberacion.org\/crpmlm\/wp-json\/wp\/v2\/types\/post"}],"author":[{"embeddable":true,"href":"https:\/\/vamosporlaliberacion.org\/crpmlm\/wp-json\/wp\/v2\/users\/9"}],"replies":[{"embeddable":true,"href":"https:\/\/vamosporlaliberacion.org\/crpmlm\/wp-json\/wp\/v2\/comments?post=27391"}],"version-history":[{"count":2,"href":"https:\/\/vamosporlaliberacion.org\/crpmlm\/wp-json\/wp\/v2\/posts\/27391\/revisions"}],"predecessor-version":[{"id":27409,"href":"https:\/\/vamosporlaliberacion.org\/crpmlm\/wp-json\/wp\/v2\/posts\/27391\/revisions\/27409"}],"wp:featuredmedia":[{"embeddable":true,"href":"https:\/\/vamosporlaliberacion.org\/crpmlm\/wp-json\/wp\/v2\/media\/27401"}],"wp:attachment":[{"href":"https:\/\/vamosporlaliberacion.org\/crpmlm\/wp-json\/wp\/v2\/media?parent=27391"}],"wp:term":[{"taxonomy":"category","embeddable":true,"href":"https:\/\/vamosporlaliberacion.org\/crpmlm\/wp-json\/wp\/v2\/categories?post=27391"},{"taxonomy":"post_tag","embeddable":true,"href":"https:\/\/vamosporlaliberacion.org\/crpmlm\/wp-json\/wp\/v2\/tags?post=27391"}],"curies":[{"name":"wp","href":"https:\/\/api.w.org\/{rel}","templated":true}]}}