{"id":27287,"date":"2023-11-10T21:48:56","date_gmt":"2023-11-11T00:48:56","guid":{"rendered":"http:\/\/vamosporlaliberacion.org\/crpmlm\/?p=27287"},"modified":"2023-11-10T21:48:57","modified_gmt":"2023-11-11T00:48:57","slug":"nunca-mas","status":"publish","type":"post","link":"https:\/\/vamosporlaliberacion.org\/crpmlm\/nunca-mas\/","title":{"rendered":"NUNCA M\u00c1S"},"content":{"rendered":"\n<p>El algo habr\u00e1n hecho est\u00e1 calando fuerte en la sociedad otra vez, y lo vienen laburando hace d\u00e9cadas, todos esos sectores reaccionarios que desean que vuelvan los militares.<\/p>\n\n\n\n<p>Trabajadores cansados de la situaci\u00f3n actual, producto de la incapacidad del capitalismo y de sus gobiernos, para resolver problemas de fondo, son arrastrados por un movimiento falso liberal, m\u00e1s conservador y reaccionario hacia la posici\u00f3n de la mano dura.<\/p>\n\n\n\n<p>Existe un odio muy fuerte de las clases medias hac\u00eda los m\u00e1s vulnerados, ese odio fue fogoneado desde arriba para abajo, desde los medios de comunicaci\u00f3n que todos los d\u00edas estigmatizan la pobreza, la juventud, y los gobiernos intervencionistas que intentan distribuir un poco m\u00e1s la torta. Todo esto, a resumidas cuentas, llevo al pais a este presente actual donde la sociedad esta partida.<\/p>\n\n\n\n<p><strong>El odio al pobre, al \u201cplanero\u201d no es gratis.<\/strong><\/p>\n\n\n\n<p><strong>La estigmatizaci\u00f3n de la pobreza, no es gratis.<\/strong><\/p>\n\n\n\n<p>El narcotr\u00e1fico que tanto mal le est\u00e1 haciendo a nuestra sociedad, se instal\u00f3 en los barrios populares y parece no poder ser enfrentado por el Estado, porque, en definitiva, el Estado tambi\u00e9n es c\u00f3mplice. Los narcos de guantes blancos viven en torres de Puerto Madero , pero son gente de bien\u00bb. El narcotr\u00e1fico se nutre del capital, y se fuga por los puertos privados, por las fronteras y otros puntos claves, los gobiernos lo saben.<\/p>\n\n\n\n<figure class=\"wp-block-image size-large\" style=\"margin-top:25px\"><img data-recalc-dims=\"1\" loading=\"lazy\" decoding=\"async\" width=\"696\" height=\"464\" src=\"https:\/\/i0.wp.com\/vamosporlaliberacion.org\/crpmlm\/wp-content\/uploads\/2023\/11\/MileiMacriBullrich-700x467.jpg?resize=696%2C464\" alt=\"\" class=\"wp-image-27289\" srcset=\"https:\/\/i0.wp.com\/vamosporlaliberacion.org\/crpmlm\/wp-content\/uploads\/2023\/11\/MileiMacriBullrich.jpg?resize=700%2C467&amp;ssl=1 700w, https:\/\/i0.wp.com\/vamosporlaliberacion.org\/crpmlm\/wp-content\/uploads\/2023\/11\/MileiMacriBullrich.jpg?resize=300%2C200&amp;ssl=1 300w, https:\/\/i0.wp.com\/vamosporlaliberacion.org\/crpmlm\/wp-content\/uploads\/2023\/11\/MileiMacriBullrich.jpg?resize=768%2C512&amp;ssl=1 768w, https:\/\/i0.wp.com\/vamosporlaliberacion.org\/crpmlm\/wp-content\/uploads\/2023\/11\/MileiMacriBullrich.jpg?resize=150%2C100&amp;ssl=1 150w, https:\/\/i0.wp.com\/vamosporlaliberacion.org\/crpmlm\/wp-content\/uploads\/2023\/11\/MileiMacriBullrich.jpg?resize=696%2C464&amp;ssl=1 696w, https:\/\/i0.wp.com\/vamosporlaliberacion.org\/crpmlm\/wp-content\/uploads\/2023\/11\/MileiMacriBullrich.jpg?resize=630%2C420&amp;ssl=1 630w, https:\/\/i0.wp.com\/vamosporlaliberacion.org\/crpmlm\/wp-content\/uploads\/2023\/11\/MileiMacriBullrich.jpg?w=960&amp;ssl=1 960w\" sizes=\"auto, (max-width: 696px) 100vw, 696px\" \/><figcaption class=\"wp-element-caption\">Macri, Milei y Bullrich<\/figcaption><\/figure>\n\n\n\n<p>Los puertos que, dicho sea de paso, es por d\u00f3nde sangra la Argentina son manejados por cinco cerealeras que la levantan en pala con la soja y el trigo transg\u00e9nico, sin embargo la pobreza en Rosario es cada vez m\u00e1s grande. <strong>Por eso es importante estatizar los puertos.<\/strong><\/p>\n\n\n\n<p>Son conocidas las revueltas vecinales donde ellos mismos enfrentan a los tranzas del barrio. Es un indicio de que si el pueblo se organiza, puede ganar. Pero el poder de las fuerzas la tiene el Estado.<\/p>\n\n\n\n<p>Insisto, cuando don Juan te dice que \u201chay toda una generaci\u00f3n que no labur\u00f3, ni vio a sus padres laburar\u201d, es cierto, pero nunca se preguntan el por qu\u00e9 de las cosas. No toda esa generaci\u00f3n quiere o quiso no trabajar, o simplemente son trabajadores informales.<\/p>\n\n\n\n<p>La gente honesta es m\u00e1s que la que sale a robar, eso no te lo dicen. Y si salen a delinquir es por algo, no ser\u00e1 por hambre, pero sera por odio, falta de valores, ausencias. Fallamos como sociedad, y la salida no es con menos valores, con m\u00e1s individualismo, m\u00e1s violencia.<\/p>\n\n\n\n<p>Esos que dicen de volver a ese sitio atroz, donde supuestamente hab\u00eda cultura de trabajo, olvidan que, parad\u00f3jicamente fue una \u00e9poca donde se desindustrializ\u00f3 y fundi\u00f3 el pa\u00eds. Hasta sub\u00edan anuncios en la TV p\u00fablica dinamitando los productos de industria nacional. As\u00ed fundieron al pa\u00eds, tomaron la deuda externa m\u00e1s alta hasta all\u00ed, la segunda la tomo Mauricio Macri&#8230;todo cierra.<\/p>\n\n\n\n<p>Aqu\u00ed dejo enlace, de una publicidad en plena dictadura c\u00edvico eclesi\u00e1stica militar, fomentando las importaciones.<\/p>\n\n\n\n<p class=\"wp-embed-aspect-4-3 wp-has-aspect-ratio\"><a href=\"https:\/\/youtu.be\/1FiIoK1X1-Y?si=1dJ_SQ13JY883Xp6\">https:\/\/youtu.be\/1FiIoK1X1-Y?si=1dJ_SQ13JY883Xp6<\/a><\/p>\n\n\n\n<p>El neoliberalismo nos esta dejando esta sociedad, partida, empobrecida, no solo materialmente, sino cultural y \u00e9ticamente. Nada bueno tiene este sistema para la humanidad ni para la naturaleza.<\/p>\n\n\n\n<p>Como clase trabajadora tenemos que estar atentos a no ser llevados por movimientos pol\u00edticos fascistas que reivindican la dictadura como soluci\u00f3n a la delincuencia, y otros males que, en definitiva, ellos mismos crearon con las pol\u00edticas feudales que levantan. Para volver a los valores del trabajo no hay que volver atr\u00e1s, hay que luchar por un Estado donde los trabajadores sean la cabeza y no la columna vertebral de la econom\u00eda, como exclam\u00f3 Horacio Catena, secretario general del SUTEF (Tierra del Fuego).<\/p>\n\n\n\n<p>No dejemos pasar por alto a esos que dicen \u00aba m\u00ed la dictadura no me hizo nada\u00bb.<\/p>\n\n\n\n<p><strong>Ya basta de negacionismo.<\/strong><\/p>\n\n\n\n<p>Si nunca le hicieron nada fue porque no se involucraron en nada, porque tuvieron suerte o eligieron callarse, porque seguro vieron llevarse en un Falcon verde a alg\u00fan vecino docente, delegado de alguna f\u00e1brica, estudiante, y otras personas. Pero ellos, como son buena gente, dec\u00edan (y dicen y quieren decir), y bueno, \u201calgo habr\u00e1n hecho\u201d porque siempre se necesita la justificaci\u00f3n para lavar la conciencia.<\/p>\n\n\n\n<p class=\"has-text-align-right\"><strong>NUNCA M\u00c1S<\/strong><\/p>\n\n\n\n<p class=\"has-text-align-right\">Gonzalo Zitarrosa<\/p>\n<!-- AddThis Advanced Settings generic via filter on the_content --><!-- AddThis Share Buttons generic via filter on the_content -->","protected":false},"excerpt":{"rendered":"<p>El algo habr\u00e1n hecho est\u00e1 calando fuerte en la sociedad otra vez, y lo vienen laburando hace d\u00e9cadas, todos esos sectores reaccionarios que desean que vuelvan los militares. Trabajadores cansados de la situaci\u00f3n actual, producto de la incapacidad del capitalismo y de sus gobiernos, para resolver problemas de fondo, son arrastrados por un movimiento falso [&hellip;]<!-- AddThis Advanced Settings generic via filter on get_the_excerpt --><!-- AddThis Share Buttons generic via filter on get_the_excerpt --><\/p>\n","protected":false},"author":9,"featured_media":27288,"comment_status":"closed","ping_status":"closed","sticky":false,"template":"","format":"standard","meta":{"_jetpack_memberships_contains_paid_content":false,"footnotes":""},"categories":[1879],"tags":[],"class_list":{"0":"post-27287","1":"post","2":"type-post","3":"status-publish","4":"format-standard","5":"has-post-thumbnail","7":"category-nuestro-ejemplo"},"yoast_head":"<!-- This site is optimized with the Yoast SEO plugin v27.4 - https:\/\/yoast.com\/product\/yoast-seo-wordpress\/ -->\n<title>NUNCA M\u00c1S - Vamos por la Liberaci\u00f3n<\/title>\n<meta name=\"robots\" content=\"index, follow, max-snippet:-1, max-image-preview:large, max-video-preview:-1\" \/>\n<link rel=\"canonical\" href=\"https:\/\/vamosporlaliberacion.org\/crpmlm\/nunca-mas\/\" \/>\n<meta name=\"twitter:label1\" content=\"Escrito por\" \/>\n\t<meta name=\"twitter:data1\" content=\"Prensa Vamos\" \/>\n\t<meta name=\"twitter:label2\" content=\"Tiempo de lectura\" \/>\n\t<meta name=\"twitter:data2\" content=\"4 minutos\" \/>\n<script type=\"application\/ld+json\" class=\"yoast-schema-graph\">{\"@context\":\"https:\\\/\\\/schema.org\",\"@graph\":[{\"@type\":\"Article\",\"@id\":\"https:\\\/\\\/vamosporlaliberacion.org\\\/crpmlm\\\/nunca-mas\\\/#article\",\"isPartOf\":{\"@id\":\"https:\\\/\\\/vamosporlaliberacion.org\\\/crpmlm\\\/nunca-mas\\\/\"},\"author\":{\"name\":\"Prensa Vamos\",\"@id\":\"https:\\\/\\\/vamosporlaliberacion.org\\\/crpmlm\\\/#\\\/schema\\\/person\\\/ebdbd4bf0e9418b9f0c0a93395366b2f\"},\"headline\":\"NUNCA M\u00c1S\",\"datePublished\":\"2023-11-11T00:48:56+00:00\",\"dateModified\":\"2023-11-11T00:48:57+00:00\",\"mainEntityOfPage\":{\"@id\":\"https:\\\/\\\/vamosporlaliberacion.org\\\/crpmlm\\\/nunca-mas\\\/\"},\"wordCount\":741,\"image\":{\"@id\":\"https:\\\/\\\/vamosporlaliberacion.org\\\/crpmlm\\\/nunca-mas\\\/#primaryimage\"},\"thumbnailUrl\":\"https:\\\/\\\/i0.wp.com\\\/vamosporlaliberacion.org\\\/crpmlm\\\/wp-content\\\/uploads\\\/2023\\\/11\\\/falconVerde.jpeg?fit=640%2C438&ssl=1\",\"articleSection\":[\"Nuestro ejemplo\"],\"inLanguage\":\"es\"},{\"@type\":\"WebPage\",\"@id\":\"https:\\\/\\\/vamosporlaliberacion.org\\\/crpmlm\\\/nunca-mas\\\/\",\"url\":\"https:\\\/\\\/vamosporlaliberacion.org\\\/crpmlm\\\/nunca-mas\\\/\",\"name\":\"NUNCA M\u00c1S - Vamos por la Liberaci\u00f3n\",\"isPartOf\":{\"@id\":\"https:\\\/\\\/vamosporlaliberacion.org\\\/crpmlm\\\/#website\"},\"primaryImageOfPage\":{\"@id\":\"https:\\\/\\\/vamosporlaliberacion.org\\\/crpmlm\\\/nunca-mas\\\/#primaryimage\"},\"image\":{\"@id\":\"https:\\\/\\\/vamosporlaliberacion.org\\\/crpmlm\\\/nunca-mas\\\/#primaryimage\"},\"thumbnailUrl\":\"https:\\\/\\\/i0.wp.com\\\/vamosporlaliberacion.org\\\/crpmlm\\\/wp-content\\\/uploads\\\/2023\\\/11\\\/falconVerde.jpeg?fit=640%2C438&ssl=1\",\"datePublished\":\"2023-11-11T00:48:56+00:00\",\"dateModified\":\"2023-11-11T00:48:57+00:00\",\"author\":{\"@id\":\"https:\\\/\\\/vamosporlaliberacion.org\\\/crpmlm\\\/#\\\/schema\\\/person\\\/ebdbd4bf0e9418b9f0c0a93395366b2f\"},\"breadcrumb\":{\"@id\":\"https:\\\/\\\/vamosporlaliberacion.org\\\/crpmlm\\\/nunca-mas\\\/#breadcrumb\"},\"inLanguage\":\"es\",\"potentialAction\":[{\"@type\":\"ReadAction\",\"target\":[\"https:\\\/\\\/vamosporlaliberacion.org\\\/crpmlm\\\/nunca-mas\\\/\"]}]},{\"@type\":\"ImageObject\",\"inLanguage\":\"es\",\"@id\":\"https:\\\/\\\/vamosporlaliberacion.org\\\/crpmlm\\\/nunca-mas\\\/#primaryimage\",\"url\":\"https:\\\/\\\/i0.wp.com\\\/vamosporlaliberacion.org\\\/crpmlm\\\/wp-content\\\/uploads\\\/2023\\\/11\\\/falconVerde.jpeg?fit=640%2C438&ssl=1\",\"contentUrl\":\"https:\\\/\\\/i0.wp.com\\\/vamosporlaliberacion.org\\\/crpmlm\\\/wp-content\\\/uploads\\\/2023\\\/11\\\/falconVerde.jpeg?fit=640%2C438&ssl=1\",\"width\":640,\"height\":438},{\"@type\":\"BreadcrumbList\",\"@id\":\"https:\\\/\\\/vamosporlaliberacion.org\\\/crpmlm\\\/nunca-mas\\\/#breadcrumb\",\"itemListElement\":[{\"@type\":\"ListItem\",\"position\":1,\"name\":\"Portada\",\"item\":\"https:\\\/\\\/vamosporlaliberacion.org\\\/crpmlm\\\/\"},{\"@type\":\"ListItem\",\"position\":2,\"name\":\"NUNCA M\u00c1S\"}]},{\"@type\":\"WebSite\",\"@id\":\"https:\\\/\\\/vamosporlaliberacion.org\\\/crpmlm\\\/#website\",\"url\":\"https:\\\/\\\/vamosporlaliberacion.org\\\/crpmlm\\\/\",\"name\":\"Vamos por la Liberaci\u00f3n\",\"description\":\"Prensa CR\",\"potentialAction\":[{\"@type\":\"SearchAction\",\"target\":{\"@type\":\"EntryPoint\",\"urlTemplate\":\"https:\\\/\\\/vamosporlaliberacion.org\\\/crpmlm\\\/?s={search_term_string}\"},\"query-input\":{\"@type\":\"PropertyValueSpecification\",\"valueRequired\":true,\"valueName\":\"search_term_string\"}}],\"inLanguage\":\"es\"},{\"@type\":\"Person\",\"@id\":\"https:\\\/\\\/vamosporlaliberacion.org\\\/crpmlm\\\/#\\\/schema\\\/person\\\/ebdbd4bf0e9418b9f0c0a93395366b2f\",\"name\":\"Prensa Vamos\",\"sameAs\":[\"http:\\\/\\\/vamposporlaliberacion.org\"],\"url\":\"https:\\\/\\\/vamosporlaliberacion.org\\\/crpmlm\\\/author\\\/editor\\\/\"}]}<\/script>\n<!-- \/ Yoast SEO plugin. -->","yoast_head_json":{"title":"NUNCA M\u00c1S - Vamos por la Liberaci\u00f3n","robots":{"index":"index","follow":"follow","max-snippet":"max-snippet:-1","max-image-preview":"max-image-preview:large","max-video-preview":"max-video-preview:-1"},"canonical":"https:\/\/vamosporlaliberacion.org\/crpmlm\/nunca-mas\/","twitter_misc":{"Escrito por":"Prensa Vamos","Tiempo de lectura":"4 minutos"},"schema":{"@context":"https:\/\/schema.org","@graph":[{"@type":"Article","@id":"https:\/\/vamosporlaliberacion.org\/crpmlm\/nunca-mas\/#article","isPartOf":{"@id":"https:\/\/vamosporlaliberacion.org\/crpmlm\/nunca-mas\/"},"author":{"name":"Prensa Vamos","@id":"https:\/\/vamosporlaliberacion.org\/crpmlm\/#\/schema\/person\/ebdbd4bf0e9418b9f0c0a93395366b2f"},"headline":"NUNCA M\u00c1S","datePublished":"2023-11-11T00:48:56+00:00","dateModified":"2023-11-11T00:48:57+00:00","mainEntityOfPage":{"@id":"https:\/\/vamosporlaliberacion.org\/crpmlm\/nunca-mas\/"},"wordCount":741,"image":{"@id":"https:\/\/vamosporlaliberacion.org\/crpmlm\/nunca-mas\/#primaryimage"},"thumbnailUrl":"https:\/\/i0.wp.com\/vamosporlaliberacion.org\/crpmlm\/wp-content\/uploads\/2023\/11\/falconVerde.jpeg?fit=640%2C438&ssl=1","articleSection":["Nuestro ejemplo"],"inLanguage":"es"},{"@type":"WebPage","@id":"https:\/\/vamosporlaliberacion.org\/crpmlm\/nunca-mas\/","url":"https:\/\/vamosporlaliberacion.org\/crpmlm\/nunca-mas\/","name":"NUNCA M\u00c1S - Vamos por la Liberaci\u00f3n","isPartOf":{"@id":"https:\/\/vamosporlaliberacion.org\/crpmlm\/#website"},"primaryImageOfPage":{"@id":"https:\/\/vamosporlaliberacion.org\/crpmlm\/nunca-mas\/#primaryimage"},"image":{"@id":"https:\/\/vamosporlaliberacion.org\/crpmlm\/nunca-mas\/#primaryimage"},"thumbnailUrl":"https:\/\/i0.wp.com\/vamosporlaliberacion.org\/crpmlm\/wp-content\/uploads\/2023\/11\/falconVerde.jpeg?fit=640%2C438&ssl=1","datePublished":"2023-11-11T00:48:56+00:00","dateModified":"2023-11-11T00:48:57+00:00","author":{"@id":"https:\/\/vamosporlaliberacion.org\/crpmlm\/#\/schema\/person\/ebdbd4bf0e9418b9f0c0a93395366b2f"},"breadcrumb":{"@id":"https:\/\/vamosporlaliberacion.org\/crpmlm\/nunca-mas\/#breadcrumb"},"inLanguage":"es","potentialAction":[{"@type":"ReadAction","target":["https:\/\/vamosporlaliberacion.org\/crpmlm\/nunca-mas\/"]}]},{"@type":"ImageObject","inLanguage":"es","@id":"https:\/\/vamosporlaliberacion.org\/crpmlm\/nunca-mas\/#primaryimage","url":"https:\/\/i0.wp.com\/vamosporlaliberacion.org\/crpmlm\/wp-content\/uploads\/2023\/11\/falconVerde.jpeg?fit=640%2C438&ssl=1","contentUrl":"https:\/\/i0.wp.com\/vamosporlaliberacion.org\/crpmlm\/wp-content\/uploads\/2023\/11\/falconVerde.jpeg?fit=640%2C438&ssl=1","width":640,"height":438},{"@type":"BreadcrumbList","@id":"https:\/\/vamosporlaliberacion.org\/crpmlm\/nunca-mas\/#breadcrumb","itemListElement":[{"@type":"ListItem","position":1,"name":"Portada","item":"https:\/\/vamosporlaliberacion.org\/crpmlm\/"},{"@type":"ListItem","position":2,"name":"NUNCA M\u00c1S"}]},{"@type":"WebSite","@id":"https:\/\/vamosporlaliberacion.org\/crpmlm\/#website","url":"https:\/\/vamosporlaliberacion.org\/crpmlm\/","name":"Vamos por la Liberaci\u00f3n","description":"Prensa CR","potentialAction":[{"@type":"SearchAction","target":{"@type":"EntryPoint","urlTemplate":"https:\/\/vamosporlaliberacion.org\/crpmlm\/?s={search_term_string}"},"query-input":{"@type":"PropertyValueSpecification","valueRequired":true,"valueName":"search_term_string"}}],"inLanguage":"es"},{"@type":"Person","@id":"https:\/\/vamosporlaliberacion.org\/crpmlm\/#\/schema\/person\/ebdbd4bf0e9418b9f0c0a93395366b2f","name":"Prensa Vamos","sameAs":["http:\/\/vamposporlaliberacion.org"],"url":"https:\/\/vamosporlaliberacion.org\/crpmlm\/author\/editor\/"}]}},"jetpack_featured_media_url":"https:\/\/i0.wp.com\/vamosporlaliberacion.org\/crpmlm\/wp-content\/uploads\/2023\/11\/falconVerde.jpeg?fit=640%2C438&ssl=1","jetpack_sharing_enabled":true,"_links":{"self":[{"href":"https:\/\/vamosporlaliberacion.org\/crpmlm\/wp-json\/wp\/v2\/posts\/27287","targetHints":{"allow":["GET"]}}],"collection":[{"href":"https:\/\/vamosporlaliberacion.org\/crpmlm\/wp-json\/wp\/v2\/posts"}],"about":[{"href":"https:\/\/vamosporlaliberacion.org\/crpmlm\/wp-json\/wp\/v2\/types\/post"}],"author":[{"embeddable":true,"href":"https:\/\/vamosporlaliberacion.org\/crpmlm\/wp-json\/wp\/v2\/users\/9"}],"replies":[{"embeddable":true,"href":"https:\/\/vamosporlaliberacion.org\/crpmlm\/wp-json\/wp\/v2\/comments?post=27287"}],"version-history":[{"count":1,"href":"https:\/\/vamosporlaliberacion.org\/crpmlm\/wp-json\/wp\/v2\/posts\/27287\/revisions"}],"predecessor-version":[{"id":27290,"href":"https:\/\/vamosporlaliberacion.org\/crpmlm\/wp-json\/wp\/v2\/posts\/27287\/revisions\/27290"}],"wp:featuredmedia":[{"embeddable":true,"href":"https:\/\/vamosporlaliberacion.org\/crpmlm\/wp-json\/wp\/v2\/media\/27288"}],"wp:attachment":[{"href":"https:\/\/vamosporlaliberacion.org\/crpmlm\/wp-json\/wp\/v2\/media?parent=27287"}],"wp:term":[{"taxonomy":"category","embeddable":true,"href":"https:\/\/vamosporlaliberacion.org\/crpmlm\/wp-json\/wp\/v2\/categories?post=27287"},{"taxonomy":"post_tag","embeddable":true,"href":"https:\/\/vamosporlaliberacion.org\/crpmlm\/wp-json\/wp\/v2\/tags?post=27287"}],"curies":[{"name":"wp","href":"https:\/\/api.w.org\/{rel}","templated":true}]}}