{"id":27196,"date":"2023-10-09T14:59:09","date_gmt":"2023-10-09T17:59:09","guid":{"rendered":"http:\/\/vamosporlaliberacion.org\/crpmlm\/?p=27196"},"modified":"2023-10-09T14:59:10","modified_gmt":"2023-10-09T17:59:10","slug":"el-che-y-palestina","status":"publish","type":"post","link":"https:\/\/vamosporlaliberacion.org\/crpmlm\/el-che-y-palestina\/","title":{"rendered":"El \u201cChe\u201d y Palestina"},"content":{"rendered":"\n<h3 class=\"wp-block-heading\">A 56 a\u00f1os del asesinato del Comandante Ernesto Che Guevara.<\/h3>\n\n\n\n<p> A pocos meses del triunfo de la revoluci\u00f3n cubana en 1959, el Che Guevara visita Gaza, poniendo en el contexto internacional la ocupaci\u00f3n de Palestina por parte del Estado sionista de Israel sumando una lucha m\u00e1s contra el colonialismo.<\/p>\n\n\n\n<p>As\u00ed con el impulso del Movimiento de Pa\u00edses No Alineados, reunidos en la conferencia de Bandung (Indonesia) en 1955 donde se pondr\u00eda de manifiesto al mundo la situaci\u00f3n de Oriente Medio, el Che particip\u00f3 activamente y luego fue invitado por Gamal Abdel Nasser presidente en aquel entonces de Egipto, l\u00edder e impulsor del Movimiento de Pa\u00edses No Alineados, a visitar la Franja de Gaza ya convertida en s\u00edmbolo de dignidad, donde siendo un territorio muy peque\u00f1o frente a la opresi\u00f3n descomunal del ej\u00e9rcito israel\u00ed, har\u00eda flamear la bandera del estado palestino.<\/p>\n\n\n\n<p>La creaci\u00f3n del Estado de Israel, en 1948, tom\u00f3 como \u201cpol\u00edtica de estado\u201d limpieza \u00e9tnica en territorio Palestino. Comenzando con la operaci\u00f3n militar \u201cYoav\u201d en la zona cercana a la actual Tel Aviv, en la cual no quedo en pie ni una sola aldea. Operaci\u00f3n que termino con el bombardeo del hospital Al-Majdal.<br>Entre 1949 y 1955 Israel de manera ininterrumpida atac\u00f3 territorios Palestinos perpetrando bombardeos y dejando miles de v\u00edctimas (la mayor\u00eda civiles) y expulsados.<\/p>\n\n\n\n<p>El 29 de octubre de 1956 Israel invadi\u00f3 la pen\u00ednsula del Sina\u00ed junto con Gran Breta\u00f1a y Francia. Son conocidas y luego ocultadas por la prensa internacional la orden fue ejecutar a todos las personas de sexo masculino de entre 15 y 55 a\u00f1os de edad.<br>La visita si buen fugaz pero muy simb\u00f3lica del Che a Gaza se da en este contexto<\/p>\n\n\n<div class=\"wp-block-image\">\n<figure class=\"aligncenter size-full is-resized\" style=\"margin-top:25px\"><img data-recalc-dims=\"1\" loading=\"lazy\" decoding=\"async\" src=\"https:\/\/i0.wp.com\/vamosporlaliberacion.org\/crpmlm\/wp-content\/uploads\/2023\/10\/IMG-20231009-WA0015.jpg?resize=309%2C181\" alt=\"\" class=\"wp-image-27197\" style=\"width:309px;height:181px\" width=\"309\" height=\"181\" srcset=\"https:\/\/i0.wp.com\/vamosporlaliberacion.org\/crpmlm\/wp-content\/uploads\/2023\/10\/IMG-20231009-WA0015.jpg?w=580&amp;ssl=1 580w, https:\/\/i0.wp.com\/vamosporlaliberacion.org\/crpmlm\/wp-content\/uploads\/2023\/10\/IMG-20231009-WA0015.jpg?resize=300%2C176&amp;ssl=1 300w, https:\/\/i0.wp.com\/vamosporlaliberacion.org\/crpmlm\/wp-content\/uploads\/2023\/10\/IMG-20231009-WA0015.jpg?resize=150%2C88&amp;ssl=1 150w\" sizes=\"auto, (max-width: 309px) 100vw, 309px\" \/><\/figure>\n<\/div>\n\n\n<p>Ese 19 de junio de 1959 constituy\u00f3, adem\u00e1s, la primera visita de un destacado l\u00edder latinoamericano a la Franja de Gaza.<\/p>\n\n\n\n<p>Aquel d\u00eda el Che habl\u00f3 y sus palabras parec\u00edan un dibujo, con los campos levantinos respirando: agrand\u00e1ndose y encogi\u00e9ndose seg\u00fan la cantidad de oyentes. All\u00ed mencion\u00f3 la palabra \u201cresistencia\u201d como \u00fanica forma de liberaci\u00f3n.\u00a0<\/p>\n\n\n\n<p>El coordinador del campamento de Al-Bureij, Mustafa Abu Middain, lo llev\u00f3 a visitar el territorio y le mostr\u00f3 las situaciones de penurias.<\/p>\n\n\n<div class=\"wp-block-image\">\n<figure class=\"aligncenter size-full\" style=\"margin-top:25px\"><img data-recalc-dims=\"1\" loading=\"lazy\" decoding=\"async\" width=\"318\" height=\"159\" src=\"https:\/\/i0.wp.com\/vamosporlaliberacion.org\/crpmlm\/wp-content\/uploads\/2023\/10\/IMG-20231009-WA0014.jpg?resize=318%2C159\" alt=\"\" class=\"wp-image-27198\" srcset=\"https:\/\/i0.wp.com\/vamosporlaliberacion.org\/crpmlm\/wp-content\/uploads\/2023\/10\/IMG-20231009-WA0014.jpg?w=318&amp;ssl=1 318w, https:\/\/i0.wp.com\/vamosporlaliberacion.org\/crpmlm\/wp-content\/uploads\/2023\/10\/IMG-20231009-WA0014.jpg?resize=300%2C150&amp;ssl=1 300w, https:\/\/i0.wp.com\/vamosporlaliberacion.org\/crpmlm\/wp-content\/uploads\/2023\/10\/IMG-20231009-WA0014.jpg?resize=150%2C75&amp;ssl=1 150w\" sizes=\"auto, (max-width: 318px) 100vw, 318px\" \/><\/figure>\n<\/div>\n\n\n<p>A ese encuentro le siguieron reuniones con Nasser en su despacho, visitas a funciones p\u00fablicas, e incluso el recibimiento de la Orden Gran Libertador de los Oprimidos.<\/p>\n\n\n\n<p>El Che se involucr\u00f3 de lleno en la situaci\u00f3n caracteriz\u00e1ndolo como un \u201ccaso complejo\u201d ya que la ocupaci\u00f3n israel\u00ed trajo nuevos colonos que ocupaban las casas de los expulsados palestinos. No vacil\u00f3 en plantear que \u201cNo hay otro camino sino la resistencia a la ocupaci\u00f3n\u201d dijo.<\/p>\n\n\n<div class=\"wp-block-image\">\n<figure class=\"aligncenter size-large is-resized\" style=\"margin-top:25px\"><img data-recalc-dims=\"1\" loading=\"lazy\" decoding=\"async\" src=\"https:\/\/i0.wp.com\/vamosporlaliberacion.org\/crpmlm\/wp-content\/uploads\/2023\/10\/IMG-20231009-WA0013-700x537.jpg?resize=328%2C251\" alt=\"\" class=\"wp-image-27199\" style=\"width:328px;height:251px\" width=\"328\" height=\"251\" srcset=\"https:\/\/i0.wp.com\/vamosporlaliberacion.org\/crpmlm\/wp-content\/uploads\/2023\/10\/IMG-20231009-WA0013.jpg?resize=700%2C537&amp;ssl=1 700w, https:\/\/i0.wp.com\/vamosporlaliberacion.org\/crpmlm\/wp-content\/uploads\/2023\/10\/IMG-20231009-WA0013.jpg?resize=300%2C230&amp;ssl=1 300w, https:\/\/i0.wp.com\/vamosporlaliberacion.org\/crpmlm\/wp-content\/uploads\/2023\/10\/IMG-20231009-WA0013.jpg?resize=768%2C589&amp;ssl=1 768w, https:\/\/i0.wp.com\/vamosporlaliberacion.org\/crpmlm\/wp-content\/uploads\/2023\/10\/IMG-20231009-WA0013.jpg?resize=150%2C115&amp;ssl=1 150w, https:\/\/i0.wp.com\/vamosporlaliberacion.org\/crpmlm\/wp-content\/uploads\/2023\/10\/IMG-20231009-WA0013.jpg?resize=696%2C534&amp;ssl=1 696w, https:\/\/i0.wp.com\/vamosporlaliberacion.org\/crpmlm\/wp-content\/uploads\/2023\/10\/IMG-20231009-WA0013.jpg?resize=548%2C420&amp;ssl=1 548w, https:\/\/i0.wp.com\/vamosporlaliberacion.org\/crpmlm\/wp-content\/uploads\/2023\/10\/IMG-20231009-WA0013.jpg?resize=80%2C60&amp;ssl=1 80w, https:\/\/i0.wp.com\/vamosporlaliberacion.org\/crpmlm\/wp-content\/uploads\/2023\/10\/IMG-20231009-WA0013.jpg?w=1024&amp;ssl=1 1024w\" sizes=\"auto, (max-width: 328px) 100vw, 328px\" \/><\/figure>\n<\/div>\n\n\n<p>Puso a disposici\u00f3n entrenamiento y armamento para la lucha por la liberaci\u00f3n Palestina.<\/p>\n\n\n\n<p>Hoy a 56 a\u00f1os del asesinato del gran Ernesto Che Guevara lo recordamos en su faceta internacionalista, del lado de los oprimidos en franca lucha por la liberaci\u00f3n de los pueblos.<\/p>\n\n\n\n<p>Es bueno recordarlo cuando avanza la guerra imperialista y se agudiza la opresi\u00f3n de los Estados asesinos como Israel sobre el pueblo palestino. Estado responsable de las muertes de civiles palestinos e israel\u00edes v\u00edctima de una guerra que se puede parar si Israel desiste de su expansionismo colonialista, se retira de Palestina y cumple los tratados internacionales.<\/p>\n\n\n\n<p>Estos ejemplos de la historia que marcan el presente, muestran que el Che Guevara sosten\u00eda con hechos aquellas palabras tan vigentes en estos tiempos donde se pretende hacer desaparecer de las cabezas de las nuevas generaciones, la vital necesidad de conocer la historia para no cometer errores del pasado y poder transformar el presente.<\/p>\n\n\n\n<h4 class=\"wp-block-heading\">\u201cSean siempre capaces de sentir, en lo m\u00e1s hondo, cualquier injusticia realizada contra cualquiera, en cualquier parte del mundo. Es la cualidad m\u00e1s linda del revolucionario\u201d<\/h4>\n\n\n\n<h3 class=\"wp-block-heading has-text-align-right\">Ernesto Che Guevara<\/h3>\n<!-- AddThis Advanced Settings generic via filter on the_content --><!-- AddThis Share Buttons generic via filter on the_content -->","protected":false},"excerpt":{"rendered":"<p>A 56 a\u00f1os del asesinato del Comandante Ernesto Che Guevara. A pocos meses del triunfo de la revoluci\u00f3n cubana en 1959, el Che Guevara visita Gaza, poniendo en el contexto internacional la ocupaci\u00f3n de Palestina por parte del Estado sionista de Israel sumando una lucha m\u00e1s contra el colonialismo. As\u00ed con el impulso del Movimiento [&hellip;]<!-- AddThis Advanced Settings generic via filter on get_the_excerpt --><!-- AddThis Share Buttons generic via filter on get_the_excerpt --><\/p>\n","protected":false},"author":9,"featured_media":27200,"comment_status":"closed","ping_status":"closed","sticky":false,"template":"","format":"standard","meta":{"_jetpack_memberships_contains_paid_content":false,"footnotes":""},"categories":[1699,1879],"tags":[],"class_list":{"0":"post-27196","1":"post","2":"type-post","3":"status-publish","4":"format-standard","5":"has-post-thumbnail","7":"category-noticias","8":"category-nuestro-ejemplo"},"yoast_head":"<!-- This site is optimized with the Yoast SEO plugin v27.4 - https:\/\/yoast.com\/product\/yoast-seo-wordpress\/ -->\n<title>El \u201cChe\u201d y Palestina - Vamos por la Liberaci\u00f3n<\/title>\n<meta name=\"robots\" content=\"index, follow, max-snippet:-1, max-image-preview:large, max-video-preview:-1\" \/>\n<link rel=\"canonical\" href=\"https:\/\/vamosporlaliberacion.org\/crpmlm\/el-che-y-palestina\/\" \/>\n<meta name=\"twitter:label1\" content=\"Escrito por\" \/>\n\t<meta name=\"twitter:data1\" content=\"Prensa Vamos\" \/>\n\t<meta name=\"twitter:label2\" content=\"Tiempo de lectura\" \/>\n\t<meta name=\"twitter:data2\" content=\"3 minutos\" \/>\n<script type=\"application\/ld+json\" class=\"yoast-schema-graph\">{\"@context\":\"https:\\\/\\\/schema.org\",\"@graph\":[{\"@type\":\"Article\",\"@id\":\"https:\\\/\\\/vamosporlaliberacion.org\\\/crpmlm\\\/el-che-y-palestina\\\/#article\",\"isPartOf\":{\"@id\":\"https:\\\/\\\/vamosporlaliberacion.org\\\/crpmlm\\\/el-che-y-palestina\\\/\"},\"author\":{\"name\":\"Prensa Vamos\",\"@id\":\"https:\\\/\\\/vamosporlaliberacion.org\\\/crpmlm\\\/#\\\/schema\\\/person\\\/ebdbd4bf0e9418b9f0c0a93395366b2f\"},\"headline\":\"El \u201cChe\u201d y Palestina\",\"datePublished\":\"2023-10-09T17:59:09+00:00\",\"dateModified\":\"2023-10-09T17:59:10+00:00\",\"mainEntityOfPage\":{\"@id\":\"https:\\\/\\\/vamosporlaliberacion.org\\\/crpmlm\\\/el-che-y-palestina\\\/\"},\"wordCount\":651,\"image\":{\"@id\":\"https:\\\/\\\/vamosporlaliberacion.org\\\/crpmlm\\\/el-che-y-palestina\\\/#primaryimage\"},\"thumbnailUrl\":\"https:\\\/\\\/i0.wp.com\\\/vamosporlaliberacion.org\\\/crpmlm\\\/wp-content\\\/uploads\\\/2023\\\/10\\\/IMG-20231009-WA0012.jpg?fit=736%2C552&ssl=1\",\"articleSection\":[\"Noticias\",\"Nuestro ejemplo\"],\"inLanguage\":\"es\"},{\"@type\":\"WebPage\",\"@id\":\"https:\\\/\\\/vamosporlaliberacion.org\\\/crpmlm\\\/el-che-y-palestina\\\/\",\"url\":\"https:\\\/\\\/vamosporlaliberacion.org\\\/crpmlm\\\/el-che-y-palestina\\\/\",\"name\":\"El \u201cChe\u201d y Palestina - Vamos por la Liberaci\u00f3n\",\"isPartOf\":{\"@id\":\"https:\\\/\\\/vamosporlaliberacion.org\\\/crpmlm\\\/#website\"},\"primaryImageOfPage\":{\"@id\":\"https:\\\/\\\/vamosporlaliberacion.org\\\/crpmlm\\\/el-che-y-palestina\\\/#primaryimage\"},\"image\":{\"@id\":\"https:\\\/\\\/vamosporlaliberacion.org\\\/crpmlm\\\/el-che-y-palestina\\\/#primaryimage\"},\"thumbnailUrl\":\"https:\\\/\\\/i0.wp.com\\\/vamosporlaliberacion.org\\\/crpmlm\\\/wp-content\\\/uploads\\\/2023\\\/10\\\/IMG-20231009-WA0012.jpg?fit=736%2C552&ssl=1\",\"datePublished\":\"2023-10-09T17:59:09+00:00\",\"dateModified\":\"2023-10-09T17:59:10+00:00\",\"author\":{\"@id\":\"https:\\\/\\\/vamosporlaliberacion.org\\\/crpmlm\\\/#\\\/schema\\\/person\\\/ebdbd4bf0e9418b9f0c0a93395366b2f\"},\"breadcrumb\":{\"@id\":\"https:\\\/\\\/vamosporlaliberacion.org\\\/crpmlm\\\/el-che-y-palestina\\\/#breadcrumb\"},\"inLanguage\":\"es\",\"potentialAction\":[{\"@type\":\"ReadAction\",\"target\":[\"https:\\\/\\\/vamosporlaliberacion.org\\\/crpmlm\\\/el-che-y-palestina\\\/\"]}]},{\"@type\":\"ImageObject\",\"inLanguage\":\"es\",\"@id\":\"https:\\\/\\\/vamosporlaliberacion.org\\\/crpmlm\\\/el-che-y-palestina\\\/#primaryimage\",\"url\":\"https:\\\/\\\/i0.wp.com\\\/vamosporlaliberacion.org\\\/crpmlm\\\/wp-content\\\/uploads\\\/2023\\\/10\\\/IMG-20231009-WA0012.jpg?fit=736%2C552&ssl=1\",\"contentUrl\":\"https:\\\/\\\/i0.wp.com\\\/vamosporlaliberacion.org\\\/crpmlm\\\/wp-content\\\/uploads\\\/2023\\\/10\\\/IMG-20231009-WA0012.jpg?fit=736%2C552&ssl=1\",\"width\":736,\"height\":552},{\"@type\":\"BreadcrumbList\",\"@id\":\"https:\\\/\\\/vamosporlaliberacion.org\\\/crpmlm\\\/el-che-y-palestina\\\/#breadcrumb\",\"itemListElement\":[{\"@type\":\"ListItem\",\"position\":1,\"name\":\"Portada\",\"item\":\"https:\\\/\\\/vamosporlaliberacion.org\\\/crpmlm\\\/\"},{\"@type\":\"ListItem\",\"position\":2,\"name\":\"El \u201cChe\u201d y Palestina\"}]},{\"@type\":\"WebSite\",\"@id\":\"https:\\\/\\\/vamosporlaliberacion.org\\\/crpmlm\\\/#website\",\"url\":\"https:\\\/\\\/vamosporlaliberacion.org\\\/crpmlm\\\/\",\"name\":\"Vamos por la Liberaci\u00f3n\",\"description\":\"Prensa CR\",\"potentialAction\":[{\"@type\":\"SearchAction\",\"target\":{\"@type\":\"EntryPoint\",\"urlTemplate\":\"https:\\\/\\\/vamosporlaliberacion.org\\\/crpmlm\\\/?s={search_term_string}\"},\"query-input\":{\"@type\":\"PropertyValueSpecification\",\"valueRequired\":true,\"valueName\":\"search_term_string\"}}],\"inLanguage\":\"es\"},{\"@type\":\"Person\",\"@id\":\"https:\\\/\\\/vamosporlaliberacion.org\\\/crpmlm\\\/#\\\/schema\\\/person\\\/ebdbd4bf0e9418b9f0c0a93395366b2f\",\"name\":\"Prensa Vamos\",\"sameAs\":[\"http:\\\/\\\/vamposporlaliberacion.org\"],\"url\":\"https:\\\/\\\/vamosporlaliberacion.org\\\/crpmlm\\\/author\\\/editor\\\/\"}]}<\/script>\n<!-- \/ Yoast SEO plugin. -->","yoast_head_json":{"title":"El \u201cChe\u201d y Palestina - Vamos por la Liberaci\u00f3n","robots":{"index":"index","follow":"follow","max-snippet":"max-snippet:-1","max-image-preview":"max-image-preview:large","max-video-preview":"max-video-preview:-1"},"canonical":"https:\/\/vamosporlaliberacion.org\/crpmlm\/el-che-y-palestina\/","twitter_misc":{"Escrito por":"Prensa Vamos","Tiempo de lectura":"3 minutos"},"schema":{"@context":"https:\/\/schema.org","@graph":[{"@type":"Article","@id":"https:\/\/vamosporlaliberacion.org\/crpmlm\/el-che-y-palestina\/#article","isPartOf":{"@id":"https:\/\/vamosporlaliberacion.org\/crpmlm\/el-che-y-palestina\/"},"author":{"name":"Prensa Vamos","@id":"https:\/\/vamosporlaliberacion.org\/crpmlm\/#\/schema\/person\/ebdbd4bf0e9418b9f0c0a93395366b2f"},"headline":"El \u201cChe\u201d y Palestina","datePublished":"2023-10-09T17:59:09+00:00","dateModified":"2023-10-09T17:59:10+00:00","mainEntityOfPage":{"@id":"https:\/\/vamosporlaliberacion.org\/crpmlm\/el-che-y-palestina\/"},"wordCount":651,"image":{"@id":"https:\/\/vamosporlaliberacion.org\/crpmlm\/el-che-y-palestina\/#primaryimage"},"thumbnailUrl":"https:\/\/i0.wp.com\/vamosporlaliberacion.org\/crpmlm\/wp-content\/uploads\/2023\/10\/IMG-20231009-WA0012.jpg?fit=736%2C552&ssl=1","articleSection":["Noticias","Nuestro ejemplo"],"inLanguage":"es"},{"@type":"WebPage","@id":"https:\/\/vamosporlaliberacion.org\/crpmlm\/el-che-y-palestina\/","url":"https:\/\/vamosporlaliberacion.org\/crpmlm\/el-che-y-palestina\/","name":"El \u201cChe\u201d y Palestina - Vamos por la Liberaci\u00f3n","isPartOf":{"@id":"https:\/\/vamosporlaliberacion.org\/crpmlm\/#website"},"primaryImageOfPage":{"@id":"https:\/\/vamosporlaliberacion.org\/crpmlm\/el-che-y-palestina\/#primaryimage"},"image":{"@id":"https:\/\/vamosporlaliberacion.org\/crpmlm\/el-che-y-palestina\/#primaryimage"},"thumbnailUrl":"https:\/\/i0.wp.com\/vamosporlaliberacion.org\/crpmlm\/wp-content\/uploads\/2023\/10\/IMG-20231009-WA0012.jpg?fit=736%2C552&ssl=1","datePublished":"2023-10-09T17:59:09+00:00","dateModified":"2023-10-09T17:59:10+00:00","author":{"@id":"https:\/\/vamosporlaliberacion.org\/crpmlm\/#\/schema\/person\/ebdbd4bf0e9418b9f0c0a93395366b2f"},"breadcrumb":{"@id":"https:\/\/vamosporlaliberacion.org\/crpmlm\/el-che-y-palestina\/#breadcrumb"},"inLanguage":"es","potentialAction":[{"@type":"ReadAction","target":["https:\/\/vamosporlaliberacion.org\/crpmlm\/el-che-y-palestina\/"]}]},{"@type":"ImageObject","inLanguage":"es","@id":"https:\/\/vamosporlaliberacion.org\/crpmlm\/el-che-y-palestina\/#primaryimage","url":"https:\/\/i0.wp.com\/vamosporlaliberacion.org\/crpmlm\/wp-content\/uploads\/2023\/10\/IMG-20231009-WA0012.jpg?fit=736%2C552&ssl=1","contentUrl":"https:\/\/i0.wp.com\/vamosporlaliberacion.org\/crpmlm\/wp-content\/uploads\/2023\/10\/IMG-20231009-WA0012.jpg?fit=736%2C552&ssl=1","width":736,"height":552},{"@type":"BreadcrumbList","@id":"https:\/\/vamosporlaliberacion.org\/crpmlm\/el-che-y-palestina\/#breadcrumb","itemListElement":[{"@type":"ListItem","position":1,"name":"Portada","item":"https:\/\/vamosporlaliberacion.org\/crpmlm\/"},{"@type":"ListItem","position":2,"name":"El \u201cChe\u201d y Palestina"}]},{"@type":"WebSite","@id":"https:\/\/vamosporlaliberacion.org\/crpmlm\/#website","url":"https:\/\/vamosporlaliberacion.org\/crpmlm\/","name":"Vamos por la Liberaci\u00f3n","description":"Prensa CR","potentialAction":[{"@type":"SearchAction","target":{"@type":"EntryPoint","urlTemplate":"https:\/\/vamosporlaliberacion.org\/crpmlm\/?s={search_term_string}"},"query-input":{"@type":"PropertyValueSpecification","valueRequired":true,"valueName":"search_term_string"}}],"inLanguage":"es"},{"@type":"Person","@id":"https:\/\/vamosporlaliberacion.org\/crpmlm\/#\/schema\/person\/ebdbd4bf0e9418b9f0c0a93395366b2f","name":"Prensa Vamos","sameAs":["http:\/\/vamposporlaliberacion.org"],"url":"https:\/\/vamosporlaliberacion.org\/crpmlm\/author\/editor\/"}]}},"jetpack_featured_media_url":"https:\/\/i0.wp.com\/vamosporlaliberacion.org\/crpmlm\/wp-content\/uploads\/2023\/10\/IMG-20231009-WA0012.jpg?fit=736%2C552&ssl=1","jetpack_sharing_enabled":true,"_links":{"self":[{"href":"https:\/\/vamosporlaliberacion.org\/crpmlm\/wp-json\/wp\/v2\/posts\/27196","targetHints":{"allow":["GET"]}}],"collection":[{"href":"https:\/\/vamosporlaliberacion.org\/crpmlm\/wp-json\/wp\/v2\/posts"}],"about":[{"href":"https:\/\/vamosporlaliberacion.org\/crpmlm\/wp-json\/wp\/v2\/types\/post"}],"author":[{"embeddable":true,"href":"https:\/\/vamosporlaliberacion.org\/crpmlm\/wp-json\/wp\/v2\/users\/9"}],"replies":[{"embeddable":true,"href":"https:\/\/vamosporlaliberacion.org\/crpmlm\/wp-json\/wp\/v2\/comments?post=27196"}],"version-history":[{"count":1,"href":"https:\/\/vamosporlaliberacion.org\/crpmlm\/wp-json\/wp\/v2\/posts\/27196\/revisions"}],"predecessor-version":[{"id":27201,"href":"https:\/\/vamosporlaliberacion.org\/crpmlm\/wp-json\/wp\/v2\/posts\/27196\/revisions\/27201"}],"wp:featuredmedia":[{"embeddable":true,"href":"https:\/\/vamosporlaliberacion.org\/crpmlm\/wp-json\/wp\/v2\/media\/27200"}],"wp:attachment":[{"href":"https:\/\/vamosporlaliberacion.org\/crpmlm\/wp-json\/wp\/v2\/media?parent=27196"}],"wp:term":[{"taxonomy":"category","embeddable":true,"href":"https:\/\/vamosporlaliberacion.org\/crpmlm\/wp-json\/wp\/v2\/categories?post=27196"},{"taxonomy":"post_tag","embeddable":true,"href":"https:\/\/vamosporlaliberacion.org\/crpmlm\/wp-json\/wp\/v2\/tags?post=27196"}],"curies":[{"name":"wp","href":"https:\/\/api.w.org\/{rel}","templated":true}]}}