{"id":26915,"date":"2023-07-20T10:41:49","date_gmt":"2023-07-20T13:41:49","guid":{"rendered":"http:\/\/vamosporlaliberacion.org\/crpmlm\/?p=26915"},"modified":"2023-07-20T10:42:53","modified_gmt":"2023-07-20T13:42:53","slug":"jujuy-a-47-anos-del-apagon-genocida","status":"publish","type":"post","link":"https:\/\/vamosporlaliberacion.org\/crpmlm\/jujuy-a-47-anos-del-apagon-genocida\/","title":{"rendered":"Jujuy, a 47 a\u00f1os del apag\u00f3n genocida"},"content":{"rendered":"\n<p><strong><em>Entre el 20 y 27 de julio de 1976 ocurri\u00f3 el llamado \u201capag\u00f3n de Ledesma\u201d.<\/em><\/strong><br>M\u00e1s de 400 trabajadores del Ingenio, estudiantes, profesionales, militantes, dirigentes sindicales, obreros, fueron secuestrados, trasladados en un primer momento a distintos galpones de mantenimiento del lugar, que en esa \u00e9poca pertenec\u00edan a las fuerzas de seguridad, all\u00ed fueron torturados. La mayor\u00eda est\u00e1n desaparecidxs.<br><em>\u201cCuando nos pararon nos rodearon inmediatamente. A m\u00ed me toman de un brazo y del otro, nos tiraron al piso, nos empezaron a atar las manos a mi hermana y a m\u00ed. Mi hermana gritaba, lloraba, estaba con un ataque de nervios. Nos llevaron en los camiones de Ledesma. De la comisar\u00eda de Calilegua nos llevan a todos los detenidos a la gendarmer\u00eda del Ingenio Ledesma\u201d<\/em>, relataba Hilda Figueroa, ex detenida.<\/p>\n\n\n\n<p><em>Los acontecimientos de Ledesma son uno de los ejemplos m\u00e1s claros de la unidad civil con la dictadura militar genocida. <\/em>Muestra como el golpe de estado y la dictadura militar fue la expresi\u00f3n armada del \u201cpoder real\u201d de los Blaquier (Ledesma), Noble-Magneto (Clarin), Mitre (La Naci\u00f3n), la SRA y otros monopolios, terratenientes y bancos.<\/p>\n\n\n<div class=\"wp-block-image\">\n<figure class=\"aligncenter size-full\"><img data-recalc-dims=\"1\" loading=\"lazy\" decoding=\"async\" width=\"600\" height=\"338\" src=\"https:\/\/i0.wp.com\/vamosporlaliberacion.org\/crpmlm\/wp-content\/uploads\/2023\/07\/NochedelApagon-2.jpg?resize=600%2C338\" alt=\"\" class=\"wp-image-26916\" srcset=\"https:\/\/i0.wp.com\/vamosporlaliberacion.org\/crpmlm\/wp-content\/uploads\/2023\/07\/NochedelApagon-2.jpg?w=600&amp;ssl=1 600w, https:\/\/i0.wp.com\/vamosporlaliberacion.org\/crpmlm\/wp-content\/uploads\/2023\/07\/NochedelApagon-2.jpg?resize=300%2C169&amp;ssl=1 300w, https:\/\/i0.wp.com\/vamosporlaliberacion.org\/crpmlm\/wp-content\/uploads\/2023\/07\/NochedelApagon-2.jpg?resize=150%2C85&amp;ssl=1 150w\" sizes=\"auto, (max-width: 600px) 100vw, 600px\" \/><figcaption class=\"wp-element-caption\">Marcha del Apag\u00f3n en Jujuy.<\/figcaption><\/figure>\n<\/div>\n\n\n<p><strong>De aquel fascismo dictatorial a este de Gerardo Morales<\/strong><\/p>\n\n\n\n<p>Los mismos sectores de ayer est\u00e1n en el gobierno hoy en Jujuy. Aquella vez llegaron por un golpe sangriento, militar, c\u00edvico y eclesi\u00e1stico, pero hoy acceden al gobierno desde una mayor\u00eda electoral sostenida a base de mentiras, enga\u00f1os y el fracaso de cierto progresismo que tambi\u00e9n comparte el extractivismo \u00abpero con mayor derrame\u00bb, que mas temprano que tarde, solo engorda a los fascistas porque no ataca los problemas de fondo dej\u00e1ndoles a los due\u00f1os del poder, los Blaquier (Ledesma), multinacionales del litio como Allkem (JP Morgan, EEUU) y HSBC (Reino Unido), Toyota Tsusho, Jemse (Sales de Jujuy) y terratenientes parados arriba de la soja las manos libres para controlar la econom\u00eda, los recursos estrat\u00e9gicos, la justicia y el poder pol\u00edtico.<\/p>\n\n\n\n<p>Hoy con la misma l\u00f3gica de clase, arrasan con la Constituci\u00f3n Nacional e imponen una nacida de un contubernio con sectores del PJ, el Frente Renovador (conducido por Carlos Haquim vicegobernador), para hacer pasar el saqueo y el avasallamiento de las comunidades ancestrales asentadas sobre esas tierras y el agua que necesitan las multinacionales y terratenientes que representa Morales.<\/p>\n\n\n<div class=\"wp-block-image\">\n<figure class=\"aligncenter size-large is-resized\"><img data-recalc-dims=\"1\" loading=\"lazy\" decoding=\"async\" src=\"https:\/\/i0.wp.com\/vamosporlaliberacion.org\/crpmlm\/wp-content\/uploads\/2023\/07\/Morales-blaquier-700x409.jpeg?resize=635%2C390\" alt=\"\" class=\"wp-image-26917\" width=\"635\" height=\"390\"\/><figcaption class=\"wp-element-caption\">Gerardo Morales y a la decrecha Carlos Blaquier (Fallecido este a\u00f1o)<\/figcaption><\/figure>\n<\/div>\n\n\n<p>Ahora lo hacen desde ese \u201cderecho constitucional\u201d a su medida, y desde all\u00ed practican la misma pol\u00edtica de la dictadura, con razzias, persecuciones, infiltrados, allanamientos con veh\u00edculos sin identificar de empresas privadas (como en la dictadura con Ledesma), presos pol\u00edticos y el apoyo de un poder medi\u00e1tico provincial y nacional que no tiene registro en la historia reciente.<\/p>\n\n\n\n<p><strong>Gerardo Morales es el candidato a vice presidente en la formula de Juntos por el Cambio con Horacio Rodr\u00edguez Larreta<\/strong>, mostrando que la brutalidad represiva hoy sobre las comunidades, se trasladar\u00e1 al pa\u00eds si ganan las elecciones, porque ellos no tienen la legitimidad para hacer lo que hacen en Jujuy, pero pueden tener la mayor\u00eda circunstancial electoral y eso les alcanza porque ya cuentan con el apoyo de los due\u00f1os del poder, la justicia, los medios y las fuerzas represivas.<\/p>\n\n\n\n<p>Ayer como hoy tambi\u00e9n la brutalidad y el odio de clase fue descargado sobre el movimiento obrero, la militancia popular y las comunidades ancestrales. <strong>Ayer ne<\/strong><em><strong>cesitaron el terror desde el Estado y el fascismo para apagar y cortar con un auge obrero y popular extraordinario. Hoy las expresiones de derecha han crecido en la regi\u00f3n y el mundo y se sienten mas poderosos. <\/strong><\/em><em><\/em><\/p>\n\n\n\n<p><strong>Pero ayer no pudieron parar la historia. No pudieron imponer la dictadura para siempre<\/strong>, no pudieron con la lucha de un pueblo que se volvi\u00f3 a levantar con nuevas generaciones para iniciar el camino de la memoria, la verdad y la justicia.<\/p>\n\n\n\n<p><strong>Hoy las comunidades y los pueblos vuelven a mostrar los limites de esos gobiernos<\/strong> que empiezan a fracasar cuando los pueblos no se esconden, sino que se organizan, se hermanan y luchan as\u00ed cueste vidas. <strong>Cuando el miedo deja de paralizarnos, es cuando empieza su derrota.<\/strong><\/p>\n\n\n\n<figure class=\"wp-block-gallery has-nested-images columns-default is-cropped wp-block-gallery-1 is-layout-flex wp-block-gallery-is-layout-flex\">\n<figure class=\"wp-block-image size-large\"><img data-recalc-dims=\"1\" loading=\"lazy\" decoding=\"async\" width=\"696\" height=\"412\" data-id=\"26817\" src=\"https:\/\/i0.wp.com\/vamosporlaliberacion.org\/crpmlm\/wp-content\/uploads\/2023\/06\/jujuy20-6-23-2-700x414.jpg?resize=696%2C412\" alt=\"\" class=\"wp-image-26817\" srcset=\"https:\/\/i0.wp.com\/vamosporlaliberacion.org\/crpmlm\/wp-content\/uploads\/2023\/06\/jujuy20-6-23-2.jpg?resize=700%2C414&amp;ssl=1 700w, https:\/\/i0.wp.com\/vamosporlaliberacion.org\/crpmlm\/wp-content\/uploads\/2023\/06\/jujuy20-6-23-2.jpg?resize=300%2C178&amp;ssl=1 300w, https:\/\/i0.wp.com\/vamosporlaliberacion.org\/crpmlm\/wp-content\/uploads\/2023\/06\/jujuy20-6-23-2.jpg?resize=768%2C455&amp;ssl=1 768w, https:\/\/i0.wp.com\/vamosporlaliberacion.org\/crpmlm\/wp-content\/uploads\/2023\/06\/jujuy20-6-23-2.jpg?resize=150%2C89&amp;ssl=1 150w, https:\/\/i0.wp.com\/vamosporlaliberacion.org\/crpmlm\/wp-content\/uploads\/2023\/06\/jujuy20-6-23-2.jpg?resize=696%2C412&amp;ssl=1 696w, https:\/\/i0.wp.com\/vamosporlaliberacion.org\/crpmlm\/wp-content\/uploads\/2023\/06\/jujuy20-6-23-2.jpg?resize=710%2C420&amp;ssl=1 710w, https:\/\/i0.wp.com\/vamosporlaliberacion.org\/crpmlm\/wp-content\/uploads\/2023\/06\/jujuy20-6-23-2.jpg?w=1024&amp;ssl=1 1024w\" sizes=\"auto, (max-width: 696px) 100vw, 696px\" \/><\/figure>\n\n\n\n<figure class=\"wp-block-image size-large\"><img data-recalc-dims=\"1\" loading=\"lazy\" decoding=\"async\" width=\"450\" height=\"253\" data-id=\"26788\" src=\"https:\/\/i0.wp.com\/vamosporlaliberacion.org\/crpmlm\/wp-content\/uploads\/2023\/06\/docentes-Jujuy.jpg?resize=450%2C253\" alt=\"\" class=\"wp-image-26788\" srcset=\"https:\/\/i0.wp.com\/vamosporlaliberacion.org\/crpmlm\/wp-content\/uploads\/2023\/06\/docentes-Jujuy.jpg?w=450&amp;ssl=1 450w, https:\/\/i0.wp.com\/vamosporlaliberacion.org\/crpmlm\/wp-content\/uploads\/2023\/06\/docentes-Jujuy.jpg?resize=300%2C169&amp;ssl=1 300w, https:\/\/i0.wp.com\/vamosporlaliberacion.org\/crpmlm\/wp-content\/uploads\/2023\/06\/docentes-Jujuy.jpg?resize=150%2C84&amp;ssl=1 150w\" sizes=\"auto, (max-width: 450px) 100vw, 450px\" \/><\/figure>\n<\/figure>\n\n\n\n<p><em>Ese camino que nos llevar\u00e1 a la patria liberada por la que lucharon nuestros 30.000 <\/em>que nos dan la fuerza para que los genocidas civiles y militares, y sus lacayos como Morales paguen por tanto dolor, sufrimientos y entrega.<\/p>\n\n\n\n<p><strong>\u00a1C\u00e1rcel com\u00fan a los civiles de la empresa Ledesma y otras vinculados con la dictadura!<\/strong><\/p>\n\n\n\n<p><strong>\u00a1Abajo la reforma inconstitucional de Gerardo Morales!<\/strong><\/p>\n\n\n\n<p><strong>\u00a1Libertad a todxs los presxs pol\u00edticxs!<\/strong><\/p>\n<!-- AddThis Advanced Settings generic via filter on the_content --><!-- AddThis Share Buttons generic via filter on the_content -->","protected":false},"excerpt":{"rendered":"<p>Entre el 20 y 27 de julio de 1976 ocurri\u00f3 el llamado \u201capag\u00f3n de Ledesma\u201d.M\u00e1s de 400 trabajadores del Ingenio, estudiantes, profesionales, militantes, dirigentes sindicales, obreros, fueron secuestrados, trasladados en un primer momento a distintos galpones de mantenimiento del lugar, que en esa \u00e9poca pertenec\u00edan a las fuerzas de seguridad, all\u00ed fueron torturados. La mayor\u00eda [&hellip;]<!-- AddThis Advanced Settings generic via filter on get_the_excerpt --><!-- AddThis Share Buttons generic via filter on get_the_excerpt --><\/p>\n","protected":false},"author":9,"featured_media":26918,"comment_status":"open","ping_status":"open","sticky":false,"template":"","format":"standard","meta":{"_jetpack_memberships_contains_paid_content":false,"footnotes":""},"categories":[1699,1879],"tags":[],"class_list":{"0":"post-26915","1":"post","2":"type-post","3":"status-publish","4":"format-standard","5":"has-post-thumbnail","7":"category-noticias","8":"category-nuestro-ejemplo"},"yoast_head":"<!-- This site is optimized with the Yoast SEO plugin v27.4 - https:\/\/yoast.com\/product\/yoast-seo-wordpress\/ -->\n<title>Jujuy, a 47 a\u00f1os del apag\u00f3n genocida - Vamos por la Liberaci\u00f3n<\/title>\n<meta name=\"description\" content=\"Entre el 20 y 27 de julio de 1976 ocurri\u00f3 el llamado \u201capag\u00f3n de Ledesma\u201d.M\u00e1s de 400 trabajadores del Ingenio, estudiantes, profesionales, militantes, dirigentes sindicales, obreros, fueron secuestrados, trasladados en un primer momento a distintos galpones de mantenimiento del lugar, que en esa \u00e9poca pertenec\u00edan a las fuerzas de seguridad, all\u00ed fueron torturados. La mayor\u00eda est\u00e1n desaparecidxs.\" \/>\n<meta name=\"robots\" content=\"index, follow, max-snippet:-1, max-image-preview:large, max-video-preview:-1\" \/>\n<link rel=\"canonical\" href=\"http:\/\/vamosporlaliberacion.org\/crpmlm\/jujuy-a-47-anos-del-apagon-genocida\/\" \/>\n<meta name=\"twitter:label1\" content=\"Escrito por\" \/>\n\t<meta name=\"twitter:data1\" content=\"Prensa Vamos\" \/>\n\t<meta name=\"twitter:label2\" content=\"Tiempo de lectura\" \/>\n\t<meta name=\"twitter:data2\" content=\"4 minutos\" \/>\n<script type=\"application\/ld+json\" class=\"yoast-schema-graph\">{\"@context\":\"https:\\\/\\\/schema.org\",\"@graph\":[{\"@type\":\"Article\",\"@id\":\"http:\\\/\\\/vamosporlaliberacion.org\\\/crpmlm\\\/jujuy-a-47-anos-del-apagon-genocida\\\/#article\",\"isPartOf\":{\"@id\":\"http:\\\/\\\/vamosporlaliberacion.org\\\/crpmlm\\\/jujuy-a-47-anos-del-apagon-genocida\\\/\"},\"author\":{\"name\":\"Prensa Vamos\",\"@id\":\"https:\\\/\\\/vamosporlaliberacion.org\\\/crpmlm\\\/#\\\/schema\\\/person\\\/ebdbd4bf0e9418b9f0c0a93395366b2f\"},\"headline\":\"Jujuy, a 47 a\u00f1os del apag\u00f3n genocida\",\"datePublished\":\"2023-07-20T13:41:49+00:00\",\"dateModified\":\"2023-07-20T13:42:53+00:00\",\"mainEntityOfPage\":{\"@id\":\"http:\\\/\\\/vamosporlaliberacion.org\\\/crpmlm\\\/jujuy-a-47-anos-del-apagon-genocida\\\/\"},\"wordCount\":785,\"commentCount\":0,\"image\":{\"@id\":\"http:\\\/\\\/vamosporlaliberacion.org\\\/crpmlm\\\/jujuy-a-47-anos-del-apagon-genocida\\\/#primaryimage\"},\"thumbnailUrl\":\"https:\\\/\\\/i0.wp.com\\\/vamosporlaliberacion.org\\\/crpmlm\\\/wp-content\\\/uploads\\\/2023\\\/07\\\/NochedelApagon.jpg?fit=800%2C459&ssl=1\",\"articleSection\":[\"Noticias\",\"Nuestro ejemplo\"],\"inLanguage\":\"es\",\"potentialAction\":[{\"@type\":\"CommentAction\",\"name\":\"Comment\",\"target\":[\"http:\\\/\\\/vamosporlaliberacion.org\\\/crpmlm\\\/jujuy-a-47-anos-del-apagon-genocida\\\/#respond\"]}]},{\"@type\":\"WebPage\",\"@id\":\"http:\\\/\\\/vamosporlaliberacion.org\\\/crpmlm\\\/jujuy-a-47-anos-del-apagon-genocida\\\/\",\"url\":\"http:\\\/\\\/vamosporlaliberacion.org\\\/crpmlm\\\/jujuy-a-47-anos-del-apagon-genocida\\\/\",\"name\":\"Jujuy, a 47 a\u00f1os del apag\u00f3n genocida - Vamos por la Liberaci\u00f3n\",\"isPartOf\":{\"@id\":\"https:\\\/\\\/vamosporlaliberacion.org\\\/crpmlm\\\/#website\"},\"primaryImageOfPage\":{\"@id\":\"http:\\\/\\\/vamosporlaliberacion.org\\\/crpmlm\\\/jujuy-a-47-anos-del-apagon-genocida\\\/#primaryimage\"},\"image\":{\"@id\":\"http:\\\/\\\/vamosporlaliberacion.org\\\/crpmlm\\\/jujuy-a-47-anos-del-apagon-genocida\\\/#primaryimage\"},\"thumbnailUrl\":\"https:\\\/\\\/i0.wp.com\\\/vamosporlaliberacion.org\\\/crpmlm\\\/wp-content\\\/uploads\\\/2023\\\/07\\\/NochedelApagon.jpg?fit=800%2C459&ssl=1\",\"datePublished\":\"2023-07-20T13:41:49+00:00\",\"dateModified\":\"2023-07-20T13:42:53+00:00\",\"author\":{\"@id\":\"https:\\\/\\\/vamosporlaliberacion.org\\\/crpmlm\\\/#\\\/schema\\\/person\\\/ebdbd4bf0e9418b9f0c0a93395366b2f\"},\"description\":\"Entre el 20 y 27 de julio de 1976 ocurri\u00f3 el llamado \u201capag\u00f3n de Ledesma\u201d.M\u00e1s de 400 trabajadores del Ingenio, estudiantes, profesionales, militantes, dirigentes sindicales, obreros, fueron secuestrados, trasladados en un primer momento a distintos galpones de mantenimiento del lugar, que en esa \u00e9poca pertenec\u00edan a las fuerzas de seguridad, all\u00ed fueron torturados. La mayor\u00eda est\u00e1n desaparecidxs.\",\"breadcrumb\":{\"@id\":\"http:\\\/\\\/vamosporlaliberacion.org\\\/crpmlm\\\/jujuy-a-47-anos-del-apagon-genocida\\\/#breadcrumb\"},\"inLanguage\":\"es\",\"potentialAction\":[{\"@type\":\"ReadAction\",\"target\":[\"http:\\\/\\\/vamosporlaliberacion.org\\\/crpmlm\\\/jujuy-a-47-anos-del-apagon-genocida\\\/\"]}]},{\"@type\":\"ImageObject\",\"inLanguage\":\"es\",\"@id\":\"http:\\\/\\\/vamosporlaliberacion.org\\\/crpmlm\\\/jujuy-a-47-anos-del-apagon-genocida\\\/#primaryimage\",\"url\":\"https:\\\/\\\/i0.wp.com\\\/vamosporlaliberacion.org\\\/crpmlm\\\/wp-content\\\/uploads\\\/2023\\\/07\\\/NochedelApagon.jpg?fit=800%2C459&ssl=1\",\"contentUrl\":\"https:\\\/\\\/i0.wp.com\\\/vamosporlaliberacion.org\\\/crpmlm\\\/wp-content\\\/uploads\\\/2023\\\/07\\\/NochedelApagon.jpg?fit=800%2C459&ssl=1\",\"width\":800,\"height\":459},{\"@type\":\"BreadcrumbList\",\"@id\":\"http:\\\/\\\/vamosporlaliberacion.org\\\/crpmlm\\\/jujuy-a-47-anos-del-apagon-genocida\\\/#breadcrumb\",\"itemListElement\":[{\"@type\":\"ListItem\",\"position\":1,\"name\":\"Portada\",\"item\":\"https:\\\/\\\/vamosporlaliberacion.org\\\/crpmlm\\\/\"},{\"@type\":\"ListItem\",\"position\":2,\"name\":\"Jujuy, a 47 a\u00f1os del apag\u00f3n genocida\"}]},{\"@type\":\"WebSite\",\"@id\":\"https:\\\/\\\/vamosporlaliberacion.org\\\/crpmlm\\\/#website\",\"url\":\"https:\\\/\\\/vamosporlaliberacion.org\\\/crpmlm\\\/\",\"name\":\"Vamos por la Liberaci\u00f3n\",\"description\":\"Prensa CR\",\"potentialAction\":[{\"@type\":\"SearchAction\",\"target\":{\"@type\":\"EntryPoint\",\"urlTemplate\":\"https:\\\/\\\/vamosporlaliberacion.org\\\/crpmlm\\\/?s={search_term_string}\"},\"query-input\":{\"@type\":\"PropertyValueSpecification\",\"valueRequired\":true,\"valueName\":\"search_term_string\"}}],\"inLanguage\":\"es\"},{\"@type\":\"Person\",\"@id\":\"https:\\\/\\\/vamosporlaliberacion.org\\\/crpmlm\\\/#\\\/schema\\\/person\\\/ebdbd4bf0e9418b9f0c0a93395366b2f\",\"name\":\"Prensa Vamos\",\"sameAs\":[\"http:\\\/\\\/vamposporlaliberacion.org\"],\"url\":\"https:\\\/\\\/vamosporlaliberacion.org\\\/crpmlm\\\/author\\\/editor\\\/\"}]}<\/script>\n<!-- \/ Yoast SEO plugin. -->","yoast_head_json":{"title":"Jujuy, a 47 a\u00f1os del apag\u00f3n genocida - Vamos por la Liberaci\u00f3n","description":"Entre el 20 y 27 de julio de 1976 ocurri\u00f3 el llamado \u201capag\u00f3n de Ledesma\u201d.M\u00e1s de 400 trabajadores del Ingenio, estudiantes, profesionales, militantes, dirigentes sindicales, obreros, fueron secuestrados, trasladados en un primer momento a distintos galpones de mantenimiento del lugar, que en esa \u00e9poca pertenec\u00edan a las fuerzas de seguridad, all\u00ed fueron torturados. La mayor\u00eda est\u00e1n desaparecidxs.","robots":{"index":"index","follow":"follow","max-snippet":"max-snippet:-1","max-image-preview":"max-image-preview:large","max-video-preview":"max-video-preview:-1"},"canonical":"http:\/\/vamosporlaliberacion.org\/crpmlm\/jujuy-a-47-anos-del-apagon-genocida\/","twitter_misc":{"Escrito por":"Prensa Vamos","Tiempo de lectura":"4 minutos"},"schema":{"@context":"https:\/\/schema.org","@graph":[{"@type":"Article","@id":"http:\/\/vamosporlaliberacion.org\/crpmlm\/jujuy-a-47-anos-del-apagon-genocida\/#article","isPartOf":{"@id":"http:\/\/vamosporlaliberacion.org\/crpmlm\/jujuy-a-47-anos-del-apagon-genocida\/"},"author":{"name":"Prensa Vamos","@id":"https:\/\/vamosporlaliberacion.org\/crpmlm\/#\/schema\/person\/ebdbd4bf0e9418b9f0c0a93395366b2f"},"headline":"Jujuy, a 47 a\u00f1os del apag\u00f3n genocida","datePublished":"2023-07-20T13:41:49+00:00","dateModified":"2023-07-20T13:42:53+00:00","mainEntityOfPage":{"@id":"http:\/\/vamosporlaliberacion.org\/crpmlm\/jujuy-a-47-anos-del-apagon-genocida\/"},"wordCount":785,"commentCount":0,"image":{"@id":"http:\/\/vamosporlaliberacion.org\/crpmlm\/jujuy-a-47-anos-del-apagon-genocida\/#primaryimage"},"thumbnailUrl":"https:\/\/i0.wp.com\/vamosporlaliberacion.org\/crpmlm\/wp-content\/uploads\/2023\/07\/NochedelApagon.jpg?fit=800%2C459&ssl=1","articleSection":["Noticias","Nuestro ejemplo"],"inLanguage":"es","potentialAction":[{"@type":"CommentAction","name":"Comment","target":["http:\/\/vamosporlaliberacion.org\/crpmlm\/jujuy-a-47-anos-del-apagon-genocida\/#respond"]}]},{"@type":"WebPage","@id":"http:\/\/vamosporlaliberacion.org\/crpmlm\/jujuy-a-47-anos-del-apagon-genocida\/","url":"http:\/\/vamosporlaliberacion.org\/crpmlm\/jujuy-a-47-anos-del-apagon-genocida\/","name":"Jujuy, a 47 a\u00f1os del apag\u00f3n genocida - Vamos por la Liberaci\u00f3n","isPartOf":{"@id":"https:\/\/vamosporlaliberacion.org\/crpmlm\/#website"},"primaryImageOfPage":{"@id":"http:\/\/vamosporlaliberacion.org\/crpmlm\/jujuy-a-47-anos-del-apagon-genocida\/#primaryimage"},"image":{"@id":"http:\/\/vamosporlaliberacion.org\/crpmlm\/jujuy-a-47-anos-del-apagon-genocida\/#primaryimage"},"thumbnailUrl":"https:\/\/i0.wp.com\/vamosporlaliberacion.org\/crpmlm\/wp-content\/uploads\/2023\/07\/NochedelApagon.jpg?fit=800%2C459&ssl=1","datePublished":"2023-07-20T13:41:49+00:00","dateModified":"2023-07-20T13:42:53+00:00","author":{"@id":"https:\/\/vamosporlaliberacion.org\/crpmlm\/#\/schema\/person\/ebdbd4bf0e9418b9f0c0a93395366b2f"},"description":"Entre el 20 y 27 de julio de 1976 ocurri\u00f3 el llamado \u201capag\u00f3n de Ledesma\u201d.M\u00e1s de 400 trabajadores del Ingenio, estudiantes, profesionales, militantes, dirigentes sindicales, obreros, fueron secuestrados, trasladados en un primer momento a distintos galpones de mantenimiento del lugar, que en esa \u00e9poca pertenec\u00edan a las fuerzas de seguridad, all\u00ed fueron torturados. La mayor\u00eda est\u00e1n desaparecidxs.","breadcrumb":{"@id":"http:\/\/vamosporlaliberacion.org\/crpmlm\/jujuy-a-47-anos-del-apagon-genocida\/#breadcrumb"},"inLanguage":"es","potentialAction":[{"@type":"ReadAction","target":["http:\/\/vamosporlaliberacion.org\/crpmlm\/jujuy-a-47-anos-del-apagon-genocida\/"]}]},{"@type":"ImageObject","inLanguage":"es","@id":"http:\/\/vamosporlaliberacion.org\/crpmlm\/jujuy-a-47-anos-del-apagon-genocida\/#primaryimage","url":"https:\/\/i0.wp.com\/vamosporlaliberacion.org\/crpmlm\/wp-content\/uploads\/2023\/07\/NochedelApagon.jpg?fit=800%2C459&ssl=1","contentUrl":"https:\/\/i0.wp.com\/vamosporlaliberacion.org\/crpmlm\/wp-content\/uploads\/2023\/07\/NochedelApagon.jpg?fit=800%2C459&ssl=1","width":800,"height":459},{"@type":"BreadcrumbList","@id":"http:\/\/vamosporlaliberacion.org\/crpmlm\/jujuy-a-47-anos-del-apagon-genocida\/#breadcrumb","itemListElement":[{"@type":"ListItem","position":1,"name":"Portada","item":"https:\/\/vamosporlaliberacion.org\/crpmlm\/"},{"@type":"ListItem","position":2,"name":"Jujuy, a 47 a\u00f1os del apag\u00f3n genocida"}]},{"@type":"WebSite","@id":"https:\/\/vamosporlaliberacion.org\/crpmlm\/#website","url":"https:\/\/vamosporlaliberacion.org\/crpmlm\/","name":"Vamos por la Liberaci\u00f3n","description":"Prensa CR","potentialAction":[{"@type":"SearchAction","target":{"@type":"EntryPoint","urlTemplate":"https:\/\/vamosporlaliberacion.org\/crpmlm\/?s={search_term_string}"},"query-input":{"@type":"PropertyValueSpecification","valueRequired":true,"valueName":"search_term_string"}}],"inLanguage":"es"},{"@type":"Person","@id":"https:\/\/vamosporlaliberacion.org\/crpmlm\/#\/schema\/person\/ebdbd4bf0e9418b9f0c0a93395366b2f","name":"Prensa Vamos","sameAs":["http:\/\/vamposporlaliberacion.org"],"url":"https:\/\/vamosporlaliberacion.org\/crpmlm\/author\/editor\/"}]}},"jetpack_featured_media_url":"https:\/\/i0.wp.com\/vamosporlaliberacion.org\/crpmlm\/wp-content\/uploads\/2023\/07\/NochedelApagon.jpg?fit=800%2C459&ssl=1","jetpack_sharing_enabled":true,"_links":{"self":[{"href":"https:\/\/vamosporlaliberacion.org\/crpmlm\/wp-json\/wp\/v2\/posts\/26915","targetHints":{"allow":["GET"]}}],"collection":[{"href":"https:\/\/vamosporlaliberacion.org\/crpmlm\/wp-json\/wp\/v2\/posts"}],"about":[{"href":"https:\/\/vamosporlaliberacion.org\/crpmlm\/wp-json\/wp\/v2\/types\/post"}],"author":[{"embeddable":true,"href":"https:\/\/vamosporlaliberacion.org\/crpmlm\/wp-json\/wp\/v2\/users\/9"}],"replies":[{"embeddable":true,"href":"https:\/\/vamosporlaliberacion.org\/crpmlm\/wp-json\/wp\/v2\/comments?post=26915"}],"version-history":[{"count":2,"href":"https:\/\/vamosporlaliberacion.org\/crpmlm\/wp-json\/wp\/v2\/posts\/26915\/revisions"}],"predecessor-version":[{"id":26920,"href":"https:\/\/vamosporlaliberacion.org\/crpmlm\/wp-json\/wp\/v2\/posts\/26915\/revisions\/26920"}],"wp:featuredmedia":[{"embeddable":true,"href":"https:\/\/vamosporlaliberacion.org\/crpmlm\/wp-json\/wp\/v2\/media\/26918"}],"wp:attachment":[{"href":"https:\/\/vamosporlaliberacion.org\/crpmlm\/wp-json\/wp\/v2\/media?parent=26915"}],"wp:term":[{"taxonomy":"category","embeddable":true,"href":"https:\/\/vamosporlaliberacion.org\/crpmlm\/wp-json\/wp\/v2\/categories?post=26915"},{"taxonomy":"post_tag","embeddable":true,"href":"https:\/\/vamosporlaliberacion.org\/crpmlm\/wp-json\/wp\/v2\/tags?post=26915"}],"curies":[{"name":"wp","href":"https:\/\/api.w.org\/{rel}","templated":true}]}}