{"id":26630,"date":"2023-04-02T08:27:00","date_gmt":"2023-04-02T11:27:00","guid":{"rendered":"http:\/\/vamosporlaliberacion.org\/crpmlm\/?p=26630"},"modified":"2023-04-02T17:42:15","modified_gmt":"2023-04-02T20:42:15","slug":"malvinas-sostener-en-alto-nuestra-lucha-por-la-soberania-a-41-anos-de-aquel-2-de-abril-de-1982","status":"publish","type":"post","link":"https:\/\/vamosporlaliberacion.org\/crpmlm\/malvinas-sostener-en-alto-nuestra-lucha-por-la-soberania-a-41-anos-de-aquel-2-de-abril-de-1982\/","title":{"rendered":"Malvinas, sostener en alto nuestra lucha por la soberan\u00eda a 41 a\u00f1os de aquel 2 de abril de 1982"},"content":{"rendered":"\n<p><strong>\u00a1\u00a1\u00a1<\/strong><strong>Las Malvinas fueron son y ser\u00e1n Argentinas!!!<\/strong><\/p>\n\n\n\n<p>Al sostenimiento hist\u00f3rico de este reclamo, contribuyeron no solo la recuperaci\u00f3n sucedida hace 41 a\u00f1os, el 2 de abril de 1982, sino por toda la lucha que dieron los excombatientes junto al pueblo para ser reconocidos y poner en el centro, que esta reivindicaci\u00f3n sobre Malvinas, es parte de la lucha contra el imperialismo y por la liberaci\u00f3n nacional y social.<\/p>\n\n\n\n<p>La disputa por el predominio mundial, ha sumado una nueva guerra inter-imperialista, aquella que afecta al pueblo ucraniano, que hace m\u00e1s de un a\u00f1o sufre la invasi\u00f3n de las fuerzas armadas rusas. Si bien, Rusia puede haber sido empujada a avanzar sobre Ucrania, anticip\u00e1ndose al ingreso de este pa\u00eds a la OTAN lo que implicar\u00eda que misiles de esa alianza fueran ubicados a solo 300 millas de Mosc\u00fa, muestra claramente un conflicto entre potencias imperialistas y no lo que nosotros vivimos con la guerra de Malvinas.<\/p>\n\n\n\n<p>Las guerras imperialistas, necesitan respuestas claramente antiimperialistas, que repudien las invasiones y defiendan a los pueblos y sus intereses frente a ellas.<\/p>\n\n\n\n<p>La guerra de Malvinas, fue una guerra de recuperaci\u00f3n, que moviliz\u00f3 al coraz\u00f3n de nuestro pueblo, por ser una gesta real y sentida contra los invasores colonialistas ingleses. Esto se entendi\u00f3 en el seno de nuestro pueblo, a pesar de darse en los peores a\u00f1os que nos toc\u00f3 vivir, en medio de una dictadura en crisis. No olvidemos que 2 d\u00edas antes el dictador Galtieri hab\u00eda reprimido la enorme medida de fuerza convocada por la CGT y a pesar de eso la respuesta de apoy\u00f3 a la recuperaci\u00f3n de las islas fue notable.<\/p>\n\n\n\n<p>El mundo ha entrado en una crisis, producto principalmente de la concentraci\u00f3n de riquezas y la disputa por quien predomina en los mercados econ\u00f3mico y financiero, con un claro emergente como lo es China y enfrentado a la necesidad de EE.UU de sostener sus posiciones. Esto ha generado la guerra en Ucrania y empujado a las econom\u00edas, principalmente las Europeas a padecer inflaci\u00f3n, desocupaci\u00f3n y ha recrudecido la lucha popular, como en Francia contra la reforma previsional de Macron y en Alemania con los paros contra la creciente inflaci\u00f3n. La presi\u00f3n de la OTAN sobre Ucrania a puesto a Europa en crisis pol\u00edtica, econ\u00f3mica y energ\u00e9tica.<\/p>\n\n\n<div class=\"wp-block-image\">\n<figure class=\"aligncenter size-full is-resized\"><img data-recalc-dims=\"1\" loading=\"lazy\" decoding=\"async\" src=\"https:\/\/i0.wp.com\/vamosporlaliberacion.org\/crpmlm\/wp-content\/uploads\/2023\/04\/MonumentoACaidosEnMalvinasYapeyu.jpg?resize=521%2C336\" alt=\"\" class=\"wp-image-26632\" width=\"521\" height=\"336\" srcset=\"https:\/\/i0.wp.com\/vamosporlaliberacion.org\/crpmlm\/wp-content\/uploads\/2023\/04\/MonumentoACaidosEnMalvinasYapeyu.jpg?w=620&amp;ssl=1 620w, https:\/\/i0.wp.com\/vamosporlaliberacion.org\/crpmlm\/wp-content\/uploads\/2023\/04\/MonumentoACaidosEnMalvinasYapeyu.jpg?resize=300%2C194&amp;ssl=1 300w, https:\/\/i0.wp.com\/vamosporlaliberacion.org\/crpmlm\/wp-content\/uploads\/2023\/04\/MonumentoACaidosEnMalvinasYapeyu.jpg?resize=150%2C97&amp;ssl=1 150w\" sizes=\"auto, (max-width: 521px) 100vw, 521px\" \/><figcaption class=\"wp-element-caption\">Monumento a ca\u00eddos en Malvinas en Yapey\u00fa Corrientes. Ser\u00e1 completado cuando recuperemos Malvinas. Corrientes fue una de las provincias que m\u00e1s soldados aport\u00f3 en el combate en las islas.<\/figcaption><\/figure>\n<\/div>\n\n\n<p>En esta situaci\u00f3n todos los enclaves imperialistas, como Malvinas se vuelven estrate\u01f5icos en un mundo conflictivo. Si bien el gobierno argentino a tomado medidas y recibido apoyo interamericano por el reclamo de la Soberan\u00eda sobre Malvinas y las islas del Atlantico sur, la situaci\u00f3n de disputa global, hace pr\u00e1cticamente inviable un reclamo diplom\u00e1tico que ya lleva casi la misma cantidad de tiempo que lleva la ocupaci\u00f3n de la que se cumplieron 190 a\u00f1os el 3 de enero pasado. El imperialismo yanqui pretende y casi es un hecho establecer bases en nuestro territorio y China ya la tiene.<\/p>\n\n\n\n<p>La jefa del Comando Sur de EE.UU, generala Laura Richardson, habla de nuestro territorio como si fuera su due\u00f1a. Debemos seguir luchando por sostener e incrementar nuestra memoria de Malvinas, por el reconocimiento de nuestros h\u00e9roes, y levantando la bandera de que son Argentinas como parte de la lucha por enfrentar y derrotar al imperialismo en nuestro pa\u00eds.<\/p>\n<!-- AddThis Advanced Settings generic via filter on the_content --><!-- AddThis Share Buttons generic via filter on the_content -->","protected":false},"excerpt":{"rendered":"<p>\u00a1\u00a1\u00a1Las Malvinas fueron son y ser\u00e1n Argentinas!!! Al sostenimiento hist\u00f3rico de este reclamo, contribuyeron no solo la recuperaci\u00f3n sucedida hace 41 a\u00f1os, el 2 de abril de 1982, sino por toda la lucha que dieron los excombatientes junto al pueblo para ser reconocidos y poner en el centro, que esta reivindicaci\u00f3n sobre Malvinas, es parte [&hellip;]<!-- AddThis Advanced Settings generic via filter on get_the_excerpt --><!-- AddThis Share Buttons generic via filter on get_the_excerpt --><\/p>\n","protected":false},"author":9,"featured_media":26631,"comment_status":"open","ping_status":"open","sticky":false,"template":"","format":"standard","meta":{"_jetpack_memberships_contains_paid_content":false,"footnotes":""},"categories":[1699,1879],"tags":[],"class_list":{"0":"post-26630","1":"post","2":"type-post","3":"status-publish","4":"format-standard","5":"has-post-thumbnail","7":"category-noticias","8":"category-nuestro-ejemplo"},"yoast_head":"<!-- This site is optimized with the Yoast SEO plugin v27.4 - https:\/\/yoast.com\/product\/yoast-seo-wordpress\/ -->\n<title>Malvinas, sostener en alto nuestra lucha por la soberan\u00eda a 41 a\u00f1os de aquel 2 de abril de 1982 - Vamos por la Liberaci\u00f3n<\/title>\n<meta name=\"robots\" content=\"index, follow, max-snippet:-1, max-image-preview:large, max-video-preview:-1\" \/>\n<link rel=\"canonical\" href=\"http:\/\/vamosporlaliberacion.org\/crpmlm\/malvinas-sostener-en-alto-nuestra-lucha-por-la-soberania-a-41-anos-de-aquel-2-de-abril-de-1982\/\" \/>\n<meta name=\"twitter:label1\" content=\"Escrito por\" \/>\n\t<meta name=\"twitter:data1\" content=\"Prensa Vamos\" \/>\n\t<meta name=\"twitter:label2\" content=\"Tiempo de lectura\" \/>\n\t<meta name=\"twitter:data2\" content=\"3 minutos\" \/>\n<script type=\"application\/ld+json\" class=\"yoast-schema-graph\">{\"@context\":\"https:\\\/\\\/schema.org\",\"@graph\":[{\"@type\":\"Article\",\"@id\":\"http:\\\/\\\/vamosporlaliberacion.org\\\/crpmlm\\\/malvinas-sostener-en-alto-nuestra-lucha-por-la-soberania-a-41-anos-de-aquel-2-de-abril-de-1982\\\/#article\",\"isPartOf\":{\"@id\":\"http:\\\/\\\/vamosporlaliberacion.org\\\/crpmlm\\\/malvinas-sostener-en-alto-nuestra-lucha-por-la-soberania-a-41-anos-de-aquel-2-de-abril-de-1982\\\/\"},\"author\":{\"name\":\"Prensa Vamos\",\"@id\":\"https:\\\/\\\/vamosporlaliberacion.org\\\/crpmlm\\\/#\\\/schema\\\/person\\\/ebdbd4bf0e9418b9f0c0a93395366b2f\"},\"headline\":\"Malvinas, sostener en alto nuestra lucha por la soberan\u00eda a 41 a\u00f1os de aquel 2 de abril de 1982\",\"datePublished\":\"2023-04-02T11:27:00+00:00\",\"dateModified\":\"2023-04-02T20:42:15+00:00\",\"mainEntityOfPage\":{\"@id\":\"http:\\\/\\\/vamosporlaliberacion.org\\\/crpmlm\\\/malvinas-sostener-en-alto-nuestra-lucha-por-la-soberania-a-41-anos-de-aquel-2-de-abril-de-1982\\\/\"},\"wordCount\":613,\"commentCount\":0,\"image\":{\"@id\":\"http:\\\/\\\/vamosporlaliberacion.org\\\/crpmlm\\\/malvinas-sostener-en-alto-nuestra-lucha-por-la-soberania-a-41-anos-de-aquel-2-de-abril-de-1982\\\/#primaryimage\"},\"thumbnailUrl\":\"https:\\\/\\\/i0.wp.com\\\/vamosporlaliberacion.org\\\/crpmlm\\\/wp-content\\\/uploads\\\/2023\\\/04\\\/Malvinas.jpeg?fit=320%2C157&ssl=1\",\"articleSection\":[\"Noticias\",\"Nuestro ejemplo\"],\"inLanguage\":\"es\",\"potentialAction\":[{\"@type\":\"CommentAction\",\"name\":\"Comment\",\"target\":[\"http:\\\/\\\/vamosporlaliberacion.org\\\/crpmlm\\\/malvinas-sostener-en-alto-nuestra-lucha-por-la-soberania-a-41-anos-de-aquel-2-de-abril-de-1982\\\/#respond\"]}]},{\"@type\":\"WebPage\",\"@id\":\"http:\\\/\\\/vamosporlaliberacion.org\\\/crpmlm\\\/malvinas-sostener-en-alto-nuestra-lucha-por-la-soberania-a-41-anos-de-aquel-2-de-abril-de-1982\\\/\",\"url\":\"http:\\\/\\\/vamosporlaliberacion.org\\\/crpmlm\\\/malvinas-sostener-en-alto-nuestra-lucha-por-la-soberania-a-41-anos-de-aquel-2-de-abril-de-1982\\\/\",\"name\":\"Malvinas, sostener en alto nuestra lucha por la soberan\u00eda a 41 a\u00f1os de aquel 2 de abril de 1982 - Vamos por la Liberaci\u00f3n\",\"isPartOf\":{\"@id\":\"https:\\\/\\\/vamosporlaliberacion.org\\\/crpmlm\\\/#website\"},\"primaryImageOfPage\":{\"@id\":\"http:\\\/\\\/vamosporlaliberacion.org\\\/crpmlm\\\/malvinas-sostener-en-alto-nuestra-lucha-por-la-soberania-a-41-anos-de-aquel-2-de-abril-de-1982\\\/#primaryimage\"},\"image\":{\"@id\":\"http:\\\/\\\/vamosporlaliberacion.org\\\/crpmlm\\\/malvinas-sostener-en-alto-nuestra-lucha-por-la-soberania-a-41-anos-de-aquel-2-de-abril-de-1982\\\/#primaryimage\"},\"thumbnailUrl\":\"https:\\\/\\\/i0.wp.com\\\/vamosporlaliberacion.org\\\/crpmlm\\\/wp-content\\\/uploads\\\/2023\\\/04\\\/Malvinas.jpeg?fit=320%2C157&ssl=1\",\"datePublished\":\"2023-04-02T11:27:00+00:00\",\"dateModified\":\"2023-04-02T20:42:15+00:00\",\"author\":{\"@id\":\"https:\\\/\\\/vamosporlaliberacion.org\\\/crpmlm\\\/#\\\/schema\\\/person\\\/ebdbd4bf0e9418b9f0c0a93395366b2f\"},\"breadcrumb\":{\"@id\":\"http:\\\/\\\/vamosporlaliberacion.org\\\/crpmlm\\\/malvinas-sostener-en-alto-nuestra-lucha-por-la-soberania-a-41-anos-de-aquel-2-de-abril-de-1982\\\/#breadcrumb\"},\"inLanguage\":\"es\",\"potentialAction\":[{\"@type\":\"ReadAction\",\"target\":[\"http:\\\/\\\/vamosporlaliberacion.org\\\/crpmlm\\\/malvinas-sostener-en-alto-nuestra-lucha-por-la-soberania-a-41-anos-de-aquel-2-de-abril-de-1982\\\/\"]}]},{\"@type\":\"ImageObject\",\"inLanguage\":\"es\",\"@id\":\"http:\\\/\\\/vamosporlaliberacion.org\\\/crpmlm\\\/malvinas-sostener-en-alto-nuestra-lucha-por-la-soberania-a-41-anos-de-aquel-2-de-abril-de-1982\\\/#primaryimage\",\"url\":\"https:\\\/\\\/i0.wp.com\\\/vamosporlaliberacion.org\\\/crpmlm\\\/wp-content\\\/uploads\\\/2023\\\/04\\\/Malvinas.jpeg?fit=320%2C157&ssl=1\",\"contentUrl\":\"https:\\\/\\\/i0.wp.com\\\/vamosporlaliberacion.org\\\/crpmlm\\\/wp-content\\\/uploads\\\/2023\\\/04\\\/Malvinas.jpeg?fit=320%2C157&ssl=1\",\"width\":320,\"height\":157},{\"@type\":\"BreadcrumbList\",\"@id\":\"http:\\\/\\\/vamosporlaliberacion.org\\\/crpmlm\\\/malvinas-sostener-en-alto-nuestra-lucha-por-la-soberania-a-41-anos-de-aquel-2-de-abril-de-1982\\\/#breadcrumb\",\"itemListElement\":[{\"@type\":\"ListItem\",\"position\":1,\"name\":\"Portada\",\"item\":\"https:\\\/\\\/vamosporlaliberacion.org\\\/crpmlm\\\/\"},{\"@type\":\"ListItem\",\"position\":2,\"name\":\"Malvinas, sostener en alto nuestra lucha por la soberan\u00eda a 41 a\u00f1os de aquel 2 de abril de 1982\"}]},{\"@type\":\"WebSite\",\"@id\":\"https:\\\/\\\/vamosporlaliberacion.org\\\/crpmlm\\\/#website\",\"url\":\"https:\\\/\\\/vamosporlaliberacion.org\\\/crpmlm\\\/\",\"name\":\"Vamos por la Liberaci\u00f3n\",\"description\":\"Prensa CR\",\"potentialAction\":[{\"@type\":\"SearchAction\",\"target\":{\"@type\":\"EntryPoint\",\"urlTemplate\":\"https:\\\/\\\/vamosporlaliberacion.org\\\/crpmlm\\\/?s={search_term_string}\"},\"query-input\":{\"@type\":\"PropertyValueSpecification\",\"valueRequired\":true,\"valueName\":\"search_term_string\"}}],\"inLanguage\":\"es\"},{\"@type\":\"Person\",\"@id\":\"https:\\\/\\\/vamosporlaliberacion.org\\\/crpmlm\\\/#\\\/schema\\\/person\\\/ebdbd4bf0e9418b9f0c0a93395366b2f\",\"name\":\"Prensa Vamos\",\"sameAs\":[\"http:\\\/\\\/vamposporlaliberacion.org\"],\"url\":\"https:\\\/\\\/vamosporlaliberacion.org\\\/crpmlm\\\/author\\\/editor\\\/\"}]}<\/script>\n<!-- \/ Yoast SEO plugin. -->","yoast_head_json":{"title":"Malvinas, sostener en alto nuestra lucha por la soberan\u00eda a 41 a\u00f1os de aquel 2 de abril de 1982 - Vamos por la Liberaci\u00f3n","robots":{"index":"index","follow":"follow","max-snippet":"max-snippet:-1","max-image-preview":"max-image-preview:large","max-video-preview":"max-video-preview:-1"},"canonical":"http:\/\/vamosporlaliberacion.org\/crpmlm\/malvinas-sostener-en-alto-nuestra-lucha-por-la-soberania-a-41-anos-de-aquel-2-de-abril-de-1982\/","twitter_misc":{"Escrito por":"Prensa Vamos","Tiempo de lectura":"3 minutos"},"schema":{"@context":"https:\/\/schema.org","@graph":[{"@type":"Article","@id":"http:\/\/vamosporlaliberacion.org\/crpmlm\/malvinas-sostener-en-alto-nuestra-lucha-por-la-soberania-a-41-anos-de-aquel-2-de-abril-de-1982\/#article","isPartOf":{"@id":"http:\/\/vamosporlaliberacion.org\/crpmlm\/malvinas-sostener-en-alto-nuestra-lucha-por-la-soberania-a-41-anos-de-aquel-2-de-abril-de-1982\/"},"author":{"name":"Prensa Vamos","@id":"https:\/\/vamosporlaliberacion.org\/crpmlm\/#\/schema\/person\/ebdbd4bf0e9418b9f0c0a93395366b2f"},"headline":"Malvinas, sostener en alto nuestra lucha por la soberan\u00eda a 41 a\u00f1os de aquel 2 de abril de 1982","datePublished":"2023-04-02T11:27:00+00:00","dateModified":"2023-04-02T20:42:15+00:00","mainEntityOfPage":{"@id":"http:\/\/vamosporlaliberacion.org\/crpmlm\/malvinas-sostener-en-alto-nuestra-lucha-por-la-soberania-a-41-anos-de-aquel-2-de-abril-de-1982\/"},"wordCount":613,"commentCount":0,"image":{"@id":"http:\/\/vamosporlaliberacion.org\/crpmlm\/malvinas-sostener-en-alto-nuestra-lucha-por-la-soberania-a-41-anos-de-aquel-2-de-abril-de-1982\/#primaryimage"},"thumbnailUrl":"https:\/\/i0.wp.com\/vamosporlaliberacion.org\/crpmlm\/wp-content\/uploads\/2023\/04\/Malvinas.jpeg?fit=320%2C157&ssl=1","articleSection":["Noticias","Nuestro ejemplo"],"inLanguage":"es","potentialAction":[{"@type":"CommentAction","name":"Comment","target":["http:\/\/vamosporlaliberacion.org\/crpmlm\/malvinas-sostener-en-alto-nuestra-lucha-por-la-soberania-a-41-anos-de-aquel-2-de-abril-de-1982\/#respond"]}]},{"@type":"WebPage","@id":"http:\/\/vamosporlaliberacion.org\/crpmlm\/malvinas-sostener-en-alto-nuestra-lucha-por-la-soberania-a-41-anos-de-aquel-2-de-abril-de-1982\/","url":"http:\/\/vamosporlaliberacion.org\/crpmlm\/malvinas-sostener-en-alto-nuestra-lucha-por-la-soberania-a-41-anos-de-aquel-2-de-abril-de-1982\/","name":"Malvinas, sostener en alto nuestra lucha por la soberan\u00eda a 41 a\u00f1os de aquel 2 de abril de 1982 - Vamos por la Liberaci\u00f3n","isPartOf":{"@id":"https:\/\/vamosporlaliberacion.org\/crpmlm\/#website"},"primaryImageOfPage":{"@id":"http:\/\/vamosporlaliberacion.org\/crpmlm\/malvinas-sostener-en-alto-nuestra-lucha-por-la-soberania-a-41-anos-de-aquel-2-de-abril-de-1982\/#primaryimage"},"image":{"@id":"http:\/\/vamosporlaliberacion.org\/crpmlm\/malvinas-sostener-en-alto-nuestra-lucha-por-la-soberania-a-41-anos-de-aquel-2-de-abril-de-1982\/#primaryimage"},"thumbnailUrl":"https:\/\/i0.wp.com\/vamosporlaliberacion.org\/crpmlm\/wp-content\/uploads\/2023\/04\/Malvinas.jpeg?fit=320%2C157&ssl=1","datePublished":"2023-04-02T11:27:00+00:00","dateModified":"2023-04-02T20:42:15+00:00","author":{"@id":"https:\/\/vamosporlaliberacion.org\/crpmlm\/#\/schema\/person\/ebdbd4bf0e9418b9f0c0a93395366b2f"},"breadcrumb":{"@id":"http:\/\/vamosporlaliberacion.org\/crpmlm\/malvinas-sostener-en-alto-nuestra-lucha-por-la-soberania-a-41-anos-de-aquel-2-de-abril-de-1982\/#breadcrumb"},"inLanguage":"es","potentialAction":[{"@type":"ReadAction","target":["http:\/\/vamosporlaliberacion.org\/crpmlm\/malvinas-sostener-en-alto-nuestra-lucha-por-la-soberania-a-41-anos-de-aquel-2-de-abril-de-1982\/"]}]},{"@type":"ImageObject","inLanguage":"es","@id":"http:\/\/vamosporlaliberacion.org\/crpmlm\/malvinas-sostener-en-alto-nuestra-lucha-por-la-soberania-a-41-anos-de-aquel-2-de-abril-de-1982\/#primaryimage","url":"https:\/\/i0.wp.com\/vamosporlaliberacion.org\/crpmlm\/wp-content\/uploads\/2023\/04\/Malvinas.jpeg?fit=320%2C157&ssl=1","contentUrl":"https:\/\/i0.wp.com\/vamosporlaliberacion.org\/crpmlm\/wp-content\/uploads\/2023\/04\/Malvinas.jpeg?fit=320%2C157&ssl=1","width":320,"height":157},{"@type":"BreadcrumbList","@id":"http:\/\/vamosporlaliberacion.org\/crpmlm\/malvinas-sostener-en-alto-nuestra-lucha-por-la-soberania-a-41-anos-de-aquel-2-de-abril-de-1982\/#breadcrumb","itemListElement":[{"@type":"ListItem","position":1,"name":"Portada","item":"https:\/\/vamosporlaliberacion.org\/crpmlm\/"},{"@type":"ListItem","position":2,"name":"Malvinas, sostener en alto nuestra lucha por la soberan\u00eda a 41 a\u00f1os de aquel 2 de abril de 1982"}]},{"@type":"WebSite","@id":"https:\/\/vamosporlaliberacion.org\/crpmlm\/#website","url":"https:\/\/vamosporlaliberacion.org\/crpmlm\/","name":"Vamos por la Liberaci\u00f3n","description":"Prensa CR","potentialAction":[{"@type":"SearchAction","target":{"@type":"EntryPoint","urlTemplate":"https:\/\/vamosporlaliberacion.org\/crpmlm\/?s={search_term_string}"},"query-input":{"@type":"PropertyValueSpecification","valueRequired":true,"valueName":"search_term_string"}}],"inLanguage":"es"},{"@type":"Person","@id":"https:\/\/vamosporlaliberacion.org\/crpmlm\/#\/schema\/person\/ebdbd4bf0e9418b9f0c0a93395366b2f","name":"Prensa Vamos","sameAs":["http:\/\/vamposporlaliberacion.org"],"url":"https:\/\/vamosporlaliberacion.org\/crpmlm\/author\/editor\/"}]}},"jetpack_featured_media_url":"https:\/\/i0.wp.com\/vamosporlaliberacion.org\/crpmlm\/wp-content\/uploads\/2023\/04\/Malvinas.jpeg?fit=320%2C157&ssl=1","jetpack_sharing_enabled":true,"_links":{"self":[{"href":"https:\/\/vamosporlaliberacion.org\/crpmlm\/wp-json\/wp\/v2\/posts\/26630","targetHints":{"allow":["GET"]}}],"collection":[{"href":"https:\/\/vamosporlaliberacion.org\/crpmlm\/wp-json\/wp\/v2\/posts"}],"about":[{"href":"https:\/\/vamosporlaliberacion.org\/crpmlm\/wp-json\/wp\/v2\/types\/post"}],"author":[{"embeddable":true,"href":"https:\/\/vamosporlaliberacion.org\/crpmlm\/wp-json\/wp\/v2\/users\/9"}],"replies":[{"embeddable":true,"href":"https:\/\/vamosporlaliberacion.org\/crpmlm\/wp-json\/wp\/v2\/comments?post=26630"}],"version-history":[{"count":1,"href":"https:\/\/vamosporlaliberacion.org\/crpmlm\/wp-json\/wp\/v2\/posts\/26630\/revisions"}],"predecessor-version":[{"id":26633,"href":"https:\/\/vamosporlaliberacion.org\/crpmlm\/wp-json\/wp\/v2\/posts\/26630\/revisions\/26633"}],"wp:featuredmedia":[{"embeddable":true,"href":"https:\/\/vamosporlaliberacion.org\/crpmlm\/wp-json\/wp\/v2\/media\/26631"}],"wp:attachment":[{"href":"https:\/\/vamosporlaliberacion.org\/crpmlm\/wp-json\/wp\/v2\/media?parent=26630"}],"wp:term":[{"taxonomy":"category","embeddable":true,"href":"https:\/\/vamosporlaliberacion.org\/crpmlm\/wp-json\/wp\/v2\/categories?post=26630"},{"taxonomy":"post_tag","embeddable":true,"href":"https:\/\/vamosporlaliberacion.org\/crpmlm\/wp-json\/wp\/v2\/tags?post=26630"}],"curies":[{"name":"wp","href":"https:\/\/api.w.org\/{rel}","templated":true}]}}