{"id":26565,"date":"2023-03-24T09:09:11","date_gmt":"2023-03-24T12:09:11","guid":{"rendered":"http:\/\/vamosporlaliberacion.org\/crpmlm\/?p=26565"},"modified":"2023-03-24T09:14:28","modified_gmt":"2023-03-24T12:14:28","slug":"24-de-marzo-de-lucha-memoria-y-justicia","status":"publish","type":"post","link":"https:\/\/vamosporlaliberacion.org\/crpmlm\/24-de-marzo-de-lucha-memoria-y-justicia\/","title":{"rendered":"<strong>24 de marzo, de lucha, memoria y justicia<\/strong>"},"content":{"rendered":"\n<p>Este nuevo aniversario del golpe mas sangriento que conoce nuestra historia, que impuso el terrorismo de Estado y se llev\u00f3 30.000 compa\u00f1eros detenidxs, desaparecidxs y asesinadxs nos encuentra en una ofensiva de la justicia c\u00f3mplice que no se democratiz\u00f3 y persisten en lo fundamental la ideolog\u00eda y jueces que estuvieron en la oscura noche de la dictadura fascista. Una Corte Suprema que avala el 2&#215;1 beneficiando a los genocidas, viola otros poderes no investiga el intento de magnicidio a Cristina Kirchner y avala una condena proscriptica.<\/p>\n\n\n\n<p>Pero transitamos tambi\u00e9n un duro 24 de marzo donde la oposici\u00f3n de la derecha reaccionaria y fascista est\u00e1 envalentonada como expresi\u00f3n pol\u00edtica de los due\u00f1os del poder que son beneficiados por las pol\u00edticas y las concesiones del gobierno de Alberto Fern\u00e1ndez en el terreno econ\u00f3mico como consecuencia del plan econ\u00f3mico acordado con el FMI.<\/p>\n\n\n\n<p>Un 24 de marzo con menos soberan\u00eda y mas ajuste sobre el pueblo como el canje de bonos donde se hecha mano a los fondos en d\u00f3lares como el Fondo de Garant\u00eda de Sustentabilidad de la ANSES y otros organismos estatales para controlar el d\u00f3lar y cumplir con el FMI. (ver nota). Una pol\u00edtica que ha profundizado la dependencia con el acuerdo con el FMI que impone un plan inflacionario y de sometimiento con metas e intereses imposible de cumplir con el solo objetivo de vernos de rodillas.<\/p>\n\n\n\n<p>El gobierno al cumplir con esos objetivos ha llegado a la realidad esperada donde no cuenta con los d\u00f3lares para cumplir pero en vez de replantearse el camino transitado en estos dos a\u00f1os, busca que todo el pueblo y el pa\u00eds pague. Es sabido que cuando no se cuenta con las divisas, vienen por nuestros recursos naturales y mas ajuste sobre el pueblo, ya sea con este gobierno o con otro.<\/p>\n\n\n\n<p>El FMI opera como instrumento de su principal socio, EEUU para chantajear y \u201caspirar\u201d d\u00f3lares para sostener su sistema financiero en crisis y sostener la guerra como muestra el pr\u00e9stamo de 15.000 millones de d\u00f3lares que el FMI acaba de otorgar a Ucrania. Para sostener esta pol\u00edtica imperialista, necesita de gobiernos mas o menos entreguistas en los pa\u00edses dependientes con las consecuencias a la vista.<\/p>\n\n\n\n<p>Francia arde, justamente por estas pol\u00edticas de los organismos de cr\u00e9ditos que exigen ajustes fiscales que paga el pueblo. Nada que envidiar al manotazo de Massa con el canje de bonos que pagaremos lxs trabajadores y jubilados.<\/p>\n\n\n\n<p>Las fuerzas populares, antiimperialistas y revolucionaria por el contrario, este 24 de marzo volveremos a ganar las calles para reafirmar el compromiso con nuestro 30.000 que dieron la vida por un pa\u00eds soberano, liberado de la opresi\u00f3n imperialista y de los due\u00f1os del poder, pero para estar a la altura de ellos debemos forjar la unidad que pueda frenar al fascismo en ciernes, pero tambi\u00e9n superar a aquel \u201cprogresismo\u201d blando con los poderosos y duro con el pueblo.<\/p>\n\n\n<div class=\"wp-block-image\">\n<figure class=\"aligncenter size-large is-resized\"><img data-recalc-dims=\"1\" loading=\"lazy\" decoding=\"async\" src=\"https:\/\/i0.wp.com\/vamosporlaliberacion.org\/crpmlm\/wp-content\/uploads\/2023\/03\/Flyer24-3-2023-700x700.jpeg?resize=398%2C398\" alt=\"\" class=\"wp-image-26569\" width=\"398\" height=\"398\" srcset=\"https:\/\/i0.wp.com\/vamosporlaliberacion.org\/crpmlm\/wp-content\/uploads\/2023\/03\/Flyer24-3-2023.jpeg?resize=700%2C700&amp;ssl=1 700w, https:\/\/i0.wp.com\/vamosporlaliberacion.org\/crpmlm\/wp-content\/uploads\/2023\/03\/Flyer24-3-2023.jpeg?resize=300%2C300&amp;ssl=1 300w, https:\/\/i0.wp.com\/vamosporlaliberacion.org\/crpmlm\/wp-content\/uploads\/2023\/03\/Flyer24-3-2023.jpeg?resize=150%2C150&amp;ssl=1 150w, https:\/\/i0.wp.com\/vamosporlaliberacion.org\/crpmlm\/wp-content\/uploads\/2023\/03\/Flyer24-3-2023.jpeg?resize=768%2C768&amp;ssl=1 768w, https:\/\/i0.wp.com\/vamosporlaliberacion.org\/crpmlm\/wp-content\/uploads\/2023\/03\/Flyer24-3-2023.jpeg?resize=696%2C696&amp;ssl=1 696w, https:\/\/i0.wp.com\/vamosporlaliberacion.org\/crpmlm\/wp-content\/uploads\/2023\/03\/Flyer24-3-2023.jpeg?resize=420%2C420&amp;ssl=1 420w, https:\/\/i0.wp.com\/vamosporlaliberacion.org\/crpmlm\/wp-content\/uploads\/2023\/03\/Flyer24-3-2023.jpeg?w=843&amp;ssl=1 843w\" sizes=\"auto, (max-width: 398px) 100vw, 398px\" \/><\/figure>\n<\/div>\n\n\n<p><strong>Lo que dice Washington tiene eco en Argentina<\/strong><\/p>\n\n\n\n<p>El FMI marca la cancha y la situaci\u00f3n pol\u00edtica del Gobierno Nacional es cada vez m\u00e1s insostenible. A su vez, una sequ\u00eda r\u00e9cord profundiza la crisis. Por su parte, los salarios argentinos son golpeados por la inflaci\u00f3n y las pol\u00edticas de ajustes del Gobierno. En este panorama, las elecciones 2023 parecen una misi\u00f3n imposible.<\/p>\n\n\n\n<p>En el comunicado N\u00b023\/68, publicado el 13 de marzo, el Fondo hizo gala de su injerencismo y critic\u00f3 la moratoria promulgada por el Congreso Nacional, que alcanzar\u00eda a cerca de 800 mil personas, al decir \u201cSe tomar\u00e1n medidas tempranas y decididas para abordar de manera sostenible los costos fiscales de la aprobaci\u00f3n imprevista de la moratoria de pensiones\u201d, un claro mensaje al ministro de econom\u00eda que, seg\u00fan afirman algunas informaciones, habr\u00eda operado en el Congreso para que la Ley no se apruebe.<\/p>\n\n\n\n<p>Contin\u00faa el Fondo exigiendo \u201cUna mejor focalizaci\u00f3n de los subsidios energ\u00e9ticos y de la asistencia social\u201d, y en Argentina, con la obediencia de la ministra de Desarrollo Social Victoria Toloza Paz \u2013en connivencia con dirigentes de importantes movimientos de desocupados-, se confirman 85 mil bajas de planes Potenciar Trabajo. Tambi\u00e9n dijeron en Washington qu\u00e9 pasar\u00e1, en principio, con las tarifas \u201cPara cumplir con las metas de reducci\u00f3n del d\u00e9ficit y fortalecer la progresividad de los subsidios energ\u00e9ticos, las autoridades planean continuar implementando el esquema de segmentaci\u00f3n acordado, eliminando los subsidios para los usuarios residenciales de mayores ingresos a partir de mayo y para los usuarios comerciales a fines de 2023\u201d. Finalmente modificaron levemente la meta de acumulaci\u00f3n de reservas fijada para este primer trimestre del a\u00f1o (USD 3.000 millones menos) as\u00ed como la meta anual (USD 2.000 millones menos) por los efectos de la sequ\u00eda.<\/p>\n\n\n\n<p>Como primer dato, se estima que la sequ\u00eda es para el sector agroexportador la peor desde 2001. En ese sentido, seg\u00fan los datos aportados por la Bolsa de Cereales de Buenos Aires, debido a este fen\u00f3meno la producci\u00f3n de ma\u00edz ser\u00e1 de 20 millones de toneladas menos de las esperadas (en vez de 36 Mtn ser\u00e1n 16 Mtn) y la de soja alrededor de 7 millones de toneladas (en vez de 25 Mtn ser\u00e1n 18.3 Mtn, que ser\u00eda la menor producci\u00f3n de soja desde 2001).<\/p>\n\n\n<div class=\"wp-block-image\">\n<figure class=\"aligncenter size-large is-resized\"><img data-recalc-dims=\"1\" loading=\"lazy\" decoding=\"async\" src=\"https:\/\/i0.wp.com\/vamosporlaliberacion.org\/crpmlm\/wp-content\/uploads\/2023\/03\/cuadroSequia-700x316.jpg?resize=572%2C258\" alt=\"\" class=\"wp-image-26570\" width=\"572\" height=\"258\" srcset=\"https:\/\/i0.wp.com\/vamosporlaliberacion.org\/crpmlm\/wp-content\/uploads\/2023\/03\/cuadroSequia.jpg?resize=700%2C316&amp;ssl=1 700w, https:\/\/i0.wp.com\/vamosporlaliberacion.org\/crpmlm\/wp-content\/uploads\/2023\/03\/cuadroSequia.jpg?resize=300%2C135&amp;ssl=1 300w, https:\/\/i0.wp.com\/vamosporlaliberacion.org\/crpmlm\/wp-content\/uploads\/2023\/03\/cuadroSequia.jpg?resize=768%2C346&amp;ssl=1 768w, https:\/\/i0.wp.com\/vamosporlaliberacion.org\/crpmlm\/wp-content\/uploads\/2023\/03\/cuadroSequia.jpg?resize=150%2C68&amp;ssl=1 150w, https:\/\/i0.wp.com\/vamosporlaliberacion.org\/crpmlm\/wp-content\/uploads\/2023\/03\/cuadroSequia.jpg?resize=696%2C314&amp;ssl=1 696w, https:\/\/i0.wp.com\/vamosporlaliberacion.org\/crpmlm\/wp-content\/uploads\/2023\/03\/cuadroSequia.jpg?resize=1068%2C481&amp;ssl=1 1068w, https:\/\/i0.wp.com\/vamosporlaliberacion.org\/crpmlm\/wp-content\/uploads\/2023\/03\/cuadroSequia.jpg?resize=932%2C420&amp;ssl=1 932w, https:\/\/i0.wp.com\/vamosporlaliberacion.org\/crpmlm\/wp-content\/uploads\/2023\/03\/cuadroSequia.jpg?w=1116&amp;ssl=1 1116w\" sizes=\"auto, (max-width: 572px) 100vw, 572px\" \/><\/figure>\n<\/div>\n\n\n<p>Esta ca\u00edda productiva implicar\u00eda una disminuci\u00f3n de importaciones del 48 %, que se traducen en una ca\u00edda de las exportaciones de US$20.811 millones y la recaudaci\u00f3n fiscal bajar\u00eda en US$7376 millones.<\/p>\n\n\n\n<p>Amparado sobre esta realidad, el Gobierno Nacional intent\u00f3 una negociaci\u00f3n de metas mucho m\u00e1s flexibles que las finalmente acordadas con el Fondo. Tambi\u00e9n, par\u00e1ndose sobre la sequ\u00eda y la ca\u00edda de reservas, sectores del Frente de Todos que hasta ahora permanec\u00edan en una postura ambigua respecto al acuerdo impagable, odioso y fraudulento del Fondo, se empiezan a pronunciar abiertamente en contra del mismo.<\/p>\n\n\n<div class=\"wp-block-image\">\n<figure class=\"aligncenter size-large is-resized\"><img data-recalc-dims=\"1\" loading=\"lazy\" decoding=\"async\" src=\"https:\/\/i0.wp.com\/vamosporlaliberacion.org\/crpmlm\/wp-content\/uploads\/2023\/03\/MassayBancos-700x393.jpeg?resize=452%2C254\" alt=\"\" class=\"wp-image-26568\" width=\"452\" height=\"254\" srcset=\"https:\/\/i0.wp.com\/vamosporlaliberacion.org\/crpmlm\/wp-content\/uploads\/2023\/03\/MassayBancos.jpeg?resize=700%2C393&amp;ssl=1 700w, https:\/\/i0.wp.com\/vamosporlaliberacion.org\/crpmlm\/wp-content\/uploads\/2023\/03\/MassayBancos.jpeg?resize=300%2C168&amp;ssl=1 300w, https:\/\/i0.wp.com\/vamosporlaliberacion.org\/crpmlm\/wp-content\/uploads\/2023\/03\/MassayBancos.jpeg?resize=768%2C431&amp;ssl=1 768w, https:\/\/i0.wp.com\/vamosporlaliberacion.org\/crpmlm\/wp-content\/uploads\/2023\/03\/MassayBancos.jpeg?resize=150%2C84&amp;ssl=1 150w, https:\/\/i0.wp.com\/vamosporlaliberacion.org\/crpmlm\/wp-content\/uploads\/2023\/03\/MassayBancos.jpeg?resize=696%2C391&amp;ssl=1 696w, https:\/\/i0.wp.com\/vamosporlaliberacion.org\/crpmlm\/wp-content\/uploads\/2023\/03\/MassayBancos.jpeg?resize=748%2C420&amp;ssl=1 748w, https:\/\/i0.wp.com\/vamosporlaliberacion.org\/crpmlm\/wp-content\/uploads\/2023\/03\/MassayBancos.jpeg?w=1024&amp;ssl=1 1024w\" sizes=\"auto, (max-width: 452px) 100vw, 452px\" \/><figcaption class=\"wp-element-caption\">El ministros Massa con los banqueros<\/figcaption><\/figure>\n<\/div>\n\n\n<p>Sin perder de vista el evento extraordinario de la sequ\u00eda, que repercute con fiereza en las arcas del Banco Central y la capacidad del Gobierno tanto para el pago de deudas como para el control de cambios o la importaci\u00f3n de tecnolog\u00edas y suministros para la producci\u00f3n, hay que destacar que inclusive cuando hubo records de importaciones durante los a\u00f1os 2021 y 2022 (tanto en vol\u00famenes de materias primas exportadas como en cantidad de d\u00f3lares que ingresaron, por ejemplo con la suba del valor de los commodities a nivel internacional) las reservas del Central igualmente se agotaron por los pagos de la deuda ileg\u00edtima tanto internacional como de las propias empresas que operan en nuestro pa\u00eds.<\/p>\n\n\n\n<p>Hay que recordar las propias declaraciones del entonces ministro de econom\u00eda, Mart\u00edn Guzm\u00e1n, cuando a mediados del a\u00f1o pasado dijo que parte de esos d\u00f3lares -aproximadamente 14 mil millones- fueron para pagar deuda de empresas, pero que no era del todo malo ya que estas podr\u00edan ofrecer mejores condiciones laborales a partir de ello. El problema es de fondo (y con el Fondo). No importa cual sea el caudal de d\u00f3lares que ingresen porque \u201cpor h o por b\u201d de alguna manera alg\u00fan sector de las clases dominantes se lleva nuestras ganancias. Esto se agrava cuando veamos, a continuaci\u00f3n, qu\u00e9 pasa con el pueblo trabajador y desempleado.<\/p>\n\n\n\n<p><strong>En el infierno inflacionario los salarios son pobreza<\/strong><\/p>\n\n\n\n<p>Tras el impacto que gener\u00f3 en la vida del pueblo trabajador el 102,5% de inflaci\u00f3n interanual para el mes de febrero de 2023, otros n\u00fameros que acompa\u00f1an ese porcentaje preocupan mucho.<\/p>\n\n\n\n<p>Las canastas b\u00e1sicas son instrumentos de medida que utiliza el INDEC (Instituto Nacional de Estad\u00edstica y Censo) para trazar las l\u00edneas de pobreza (por medio de la Canasta B\u00e1sica Total o CBT) e indigencia (Canasta B\u00e1sica Alimentaria o CBA). Entre enero y febrero de 2023, la CBT aument\u00f3 un 8,3% (siendo su aumento interanual de 111,3%), mientras que la CBA aument\u00f3 un 11,7% (y su aumento interanual es de 115%). De esta manera, la l\u00ednea de pobreza para un hogar de 4 integrantes se elev\u00f3 hasta la suma de $ 177.000. Mientras que se necesitan, en un hogar de iguales caracter\u00edsticas, la suma de $ 80.000 para estar por encima de la indigencia. Cabe destacar que ambas cifras no toman en consideraci\u00f3n el pago del alquiler.<\/p>\n\n\n\n<p>El a\u00f1o 2022 cerr\u00f3 con un Salario M\u00ednimo Vital y M\u00f3vil (SMVM) de $ 61.953. A partir del primero de febrero de este a\u00f1o, esa suma se elev\u00f3 hasta $67.743. Es decir que en un hogar \u201ct\u00edpico\u201d, como el descripto anteriormente, si los dos adultos perciben en sus trabajos cada uno un SMVM (o sea $135.486 en total) ese hogar estar\u00eda nada menos que $41.514 por debajo de la l\u00ednea de pobreza. Seg\u00fan los datos que aporta la Encuesta Permanente de Hogares (EPH), realizada por el mismo INDEC, el promedio salarial argentino es de $80.435 para el \u00faltimo trimestre del a\u00f1o 2022. Es decir, la media es la pobreza. Y siempre destacando que quienes m\u00e1s golpeadxs se ven son j\u00f3venes y mujeres.<\/p>\n\n\n\n<p>Ahora, el martes 21 de marzo se reuni\u00f3, en el Ministerio de Trabajo a cargo de la ministra Kelly Olmos, el Consejo del Salario M\u00ednimo, encargado de actualizar el valor del mismo. Se decidieron tres tramos de aumentos no acumulativos de 26,6%, con revisi\u00f3n en julio pr\u00f3ximo, por lo que ese ingreso ser\u00e1 de 80.342 pesos desde el 1\u00b0 de abril, de $84.512 a partir del 1\u00b0 de mayo y de $87.987 desde el 1\u00b0 de junio. Es decir, inclusive con el aumento a partir de Junio, el SMVM permanecer\u00e1 por debajo de la l\u00ednea de la pobreza (tomando siempre un hogar tipo como los de los ejemplos anteriores). El Consejo del Salario est\u00e1 integrado por representantes de las C\u00e1maras Empresarias y de la CGT. La votaci\u00f3n tuvo treinta votos a favor, una abstenci\u00f3n (en cabeza de un representante de la CTA de Hugo Yasky) y un voto en contra. \u201cEs un aumento vergonzoso. Estuvimos cuatro horas discutiendo 18 mil pesos. Yo me fui, pero si ten\u00eda que votar, habr\u00eda votado negativo\u201d, expres\u00f3 el adjunto de la CGT. Un estudio realizado por el Mirador de Actualidad del Trabajo y la Econom\u00eda (MATE), estableci\u00f3 que el salario m\u00ednimo acumul\u00f3 una baja del 18% desde que Alberto Fern\u00e1ndez asumi\u00f3 la presidencia, donde cada asalariado acumul\u00f3 una p\u00e9rdida de $45.000 en estos a\u00f1os.<\/p>\n\n\n\n<p><strong>La situaci\u00f3n no da para m\u00e1s<\/strong><\/p>\n\n\n\n<p>Entre la sequ\u00eda r\u00e9cord y la falta de d\u00f3lares en consecuencia, m\u00e1s la terrible situaci\u00f3n de aquellxs que trabajan \u2013y mucho m\u00e1s aquellxs que se encuentran sin empleo-, la situaci\u00f3n no da para m\u00e1s. Tal como venimos sosteniendo, la extensa negociaci\u00f3n con el Fondo, iniciada en 2020 y culminada en los primeros meses del a\u00f1o pasado, fue una muestra de lo que se ven\u00eda: el Gobierno Nacional realizando ajustes para obtener d\u00e1divas desde Washington. Por ese camino se recorri\u00f3 la derrota electoral de 2021 y el vaciamiento de las arcas del Banco Central a pesar de las exportaciones r\u00e9cord. El resultado: ir a sentarse a la mesa del Fondo harapientos y sin poder de fuego. En el recinto del Congreso Nacional, donde se vot\u00f3 el acuerdo, resonaron mucho las frases catastr\u00f3ficas sobre qu\u00e9 pasar\u00eda si no se firmaba. El propio ministro Guzm\u00e1n aseguraba que era \u201centrar en lo desconocido\u201d y que hab\u00eda que negociar \u201cpara evitar la cat\u00e1strofe\u201d. Hoy, a poco m\u00e1s de un a\u00f1o de ese 3 de marzo de 2022, la cat\u00e1strofe es la consecuencia de haber firmado.<\/p>\n\n\n\n<p><strong>El canje de bonos<\/strong><\/p>\n\n\n\n<p><strong>El nuevo canje de bonos en d\u00f3lares de los organismos p\u00fablicos que decret\u00f3 el ministerio de econom\u00eda no es otra cosa que el manotazo ortodoxo, menemista<\/strong>, para hacerse de d\u00f3lares afectando la capitalizaci\u00f3n de organismos del Estado, por ejemplo el Fondo de Garant\u00edas de Sustentabilidad del ANSES y otros organismos estatales como el Banco Naci\u00f3n, PAMI, etc.<\/p>\n\n\n\n<p>La defensa que ensayan los defensores de esta medida es que \u201cMacri ya hab\u00eda afectado el fondo de garant\u00edas de la ANSES\u201d como si eso minimizara semejante ofrenda al capital financiero. Otros dicen \u201cque de ese fondo no se paga a los jubilados\u201d pero el tema es que se afectan a esos fondos de reserva para favorecer a los bancos y la especulaci\u00f3n financiera con el solo objetivo de frenar la corrida de los \u00faltimos d\u00edas. Esta medida deja a las claras la falta de d\u00f3lares y la imposibilidad de tocar lo poco que se recauda porque est\u00e1 reservado para el FMI. Las entidades financieras celebran la medida porque ganar\u00e1n con la bicicleta y se har\u00e1n de d\u00f3lares que nadie les impide girar al exterior.<\/p>\n\n\n\n<p><strong>Cuando no se tiene por parte de Estado el control de cambio, de la banca y el comercio exterior, se gobierna para quienes lo controlan porque expresan la suma del poder concentrado.<\/strong><\/p>\n\n\n\n<p>En este clima de inestabilidad econ\u00f3mica y con un ajuste en marcha acordado con el FMI, se entra en el terreno de las elecciones presidenciales en pocos meses. Las consecuencias del acuerdo con el FMI y la pol\u00edtica de conceder a los due\u00f1os del poder nos trajeron hasta una situaci\u00f3n que te\u00f1ir\u00e1 toda la campa\u00f1a electoral.<\/p>\n\n\n\n<p>Algunos sectores del Frente de Todos sostienen diferentes posturas, algunos reconocen que los vencimientos son impagables, pero que hay que renegociar\u2026para poder conseguir los d\u00f3lares, calmar la crisis financiera y pagar insumos para producir. Pero como vemos con el \u201ccanje de bonos\u201d se consiguen d\u00f3lares para que se los lleven los bancos, FMI y la bicicleta financiera. Otros mas dubitativos recogen la bandera que venimos agitando hist\u00f3ricamente y dicen que \u201cno hay que cumplir el acuerdo\u201d, pero ninguno llama -como no lo hicieron cuando se trat\u00f3 en el Congreso- a que el pueblo gane las calles, como el \u00fanico camino para trabar la marcha que nos lleva al precipicio que permitan tomar algunas medidas de emergencia como el control de cambio y el comercio exterior.<\/p>\n\n\n\n<p>Mientras mas se cede a las presiones de los sectores hegem\u00f3nicos, mas fuerte se manifiestan la derecha neoliberal y fascista que se prueba el traje para volver a gobernar.<\/p>\n\n\n\n<p><strong>Una soluci\u00f3n necesaria y posible<\/strong><\/p>\n\n\n\n<p>Por el contrario, frente a este escenario, las medidas soberanas inmediatas son las que nos pueden sacar del precipicio al que somos arrastrados.<\/p>\n\n\n\n<p><strong>Medidas como:<\/strong><\/p>\n\n\n\n<p>Urgente ruptura del acuerdo con el FMI porque es una deuda fraudulenta en su adquisici\u00f3n, su desarrollo y su negociaci\u00f3n actual ya que solo persigue el objetivo de tenernos de rodillas como muestran los vencimientos impagables.<\/p>\n\n\n\n<p>Control de cambio, de la banca y el comercio exterior.<\/p>\n\n\n\n<p>Estatizaci\u00f3n de los servicios esenciales de la energ\u00eda y las v\u00edas navegables como la cuenca del Rio Paran\u00e1 y el Canal Magdalena junto con la reconstrucci\u00f3n de la Marina Mercante.<\/p>\n\n\n\n<p>Creaci\u00f3n de la Empresa Nacional de Alimentos con presencia en cada provincia, basada en la agricultura sustentable de los peque\u00f1os y medianos campesinos productores, controlando el transporte y comercializaci\u00f3n por parte del Estado y organizaciones populares.<\/p>\n\n\n\n<p>\u00a1Aumento general de salarios! Ningxn trabajadxr pobre en nuestro pa\u00eds. Que los monopolios y grandes empresas reduzcan su tasa de ganancia. Basta de precarizaci\u00f3n laboral. Igual trabajo x igual salario y bajo convenio.<\/p>\n\n\n\n<p>Inmediato aumento a jubiladxs y pensionadxs 82% m\u00f3vil acorde a la canasta b\u00e1sica total del INDEC.<\/p>\n\n\n\n<p>Aumento de presupuesto urgente para los programas sociales. Ni un recorte mas a la asistencia social mientras crece la pobreza y la precarizaci\u00f3n. Pase a convenio de lxs trabajadores precarizados. Reducci\u00f3n de la jornada laboral, creaci\u00f3n de un nuevo turno sin reducci\u00f3n de salarios y bajo convenio en las grandes empresas e hipermercado.<\/p>\n\n\n\n<p>Estas medidas se podr\u00e1n imponer con el acuerdo soberano de salvaci\u00f3n nacional de los sectores populares y con el pueblo en las calles, que nos saque del pozo actual y cierre filas contra la derecha neoliberal y fascista que pretende volver.<\/p>\n<!-- AddThis Advanced Settings generic via filter on the_content --><!-- AddThis Share Buttons generic via filter on the_content -->","protected":false},"excerpt":{"rendered":"<p>Este nuevo aniversario del golpe mas sangriento que conoce nuestra historia, que impuso el terrorismo de Estado y se llev\u00f3 30.000 compa\u00f1eros detenidxs, desaparecidxs y asesinadxs nos encuentra en una ofensiva de la justicia c\u00f3mplice que no se democratiz\u00f3 y persisten en lo fundamental la ideolog\u00eda y jueces que estuvieron en la oscura noche de [&hellip;]<!-- AddThis Advanced Settings generic via filter on get_the_excerpt --><!-- AddThis Share Buttons generic via filter on get_the_excerpt --><\/p>\n","protected":false},"author":9,"featured_media":26574,"comment_status":"closed","ping_status":"closed","sticky":false,"template":"","format":"standard","meta":{"_jetpack_memberships_contains_paid_content":false,"footnotes":""},"categories":[1881],"tags":[],"class_list":{"0":"post-26565","1":"post","2":"type-post","3":"status-publish","4":"format-standard","5":"has-post-thumbnail","7":"category-editoriales"},"yoast_head":"<!-- This site is optimized with the Yoast SEO plugin v27.4 - https:\/\/yoast.com\/product\/yoast-seo-wordpress\/ -->\n<title>24 de marzo, de lucha, memoria y justicia - Vamos por la Liberaci\u00f3n<\/title>\n<meta name=\"robots\" content=\"index, follow, max-snippet:-1, max-image-preview:large, max-video-preview:-1\" \/>\n<link rel=\"canonical\" href=\"http:\/\/vamosporlaliberacion.org\/crpmlm\/24-de-marzo-de-lucha-memoria-y-justicia\/\" \/>\n<meta name=\"twitter:label1\" content=\"Escrito por\" \/>\n\t<meta name=\"twitter:data1\" content=\"Prensa Vamos\" \/>\n\t<meta name=\"twitter:label2\" content=\"Tiempo de lectura\" \/>\n\t<meta name=\"twitter:data2\" content=\"13 minutos\" \/>\n<script type=\"application\/ld+json\" class=\"yoast-schema-graph\">{\"@context\":\"https:\\\/\\\/schema.org\",\"@graph\":[{\"@type\":\"Article\",\"@id\":\"http:\\\/\\\/vamosporlaliberacion.org\\\/crpmlm\\\/24-de-marzo-de-lucha-memoria-y-justicia\\\/#article\",\"isPartOf\":{\"@id\":\"http:\\\/\\\/vamosporlaliberacion.org\\\/crpmlm\\\/24-de-marzo-de-lucha-memoria-y-justicia\\\/\"},\"author\":{\"name\":\"Prensa Vamos\",\"@id\":\"https:\\\/\\\/vamosporlaliberacion.org\\\/crpmlm\\\/#\\\/schema\\\/person\\\/ebdbd4bf0e9418b9f0c0a93395366b2f\"},\"headline\":\"24 de marzo, de lucha, memoria y justicia\",\"datePublished\":\"2023-03-24T12:09:11+00:00\",\"dateModified\":\"2023-03-24T12:14:28+00:00\",\"mainEntityOfPage\":{\"@id\":\"http:\\\/\\\/vamosporlaliberacion.org\\\/crpmlm\\\/24-de-marzo-de-lucha-memoria-y-justicia\\\/\"},\"wordCount\":2728,\"image\":{\"@id\":\"http:\\\/\\\/vamosporlaliberacion.org\\\/crpmlm\\\/24-de-marzo-de-lucha-memoria-y-justicia\\\/#primaryimage\"},\"thumbnailUrl\":\"https:\\\/\\\/i0.wp.com\\\/vamosporlaliberacion.org\\\/crpmlm\\\/wp-content\\\/uploads\\\/2023\\\/03\\\/casonaymemoria.jpg?fit=600%2C450&ssl=1\",\"articleSection\":[\"Editoriales\"],\"inLanguage\":\"es\"},{\"@type\":\"WebPage\",\"@id\":\"http:\\\/\\\/vamosporlaliberacion.org\\\/crpmlm\\\/24-de-marzo-de-lucha-memoria-y-justicia\\\/\",\"url\":\"http:\\\/\\\/vamosporlaliberacion.org\\\/crpmlm\\\/24-de-marzo-de-lucha-memoria-y-justicia\\\/\",\"name\":\"24 de marzo, de lucha, memoria y justicia - Vamos por la Liberaci\u00f3n\",\"isPartOf\":{\"@id\":\"https:\\\/\\\/vamosporlaliberacion.org\\\/crpmlm\\\/#website\"},\"primaryImageOfPage\":{\"@id\":\"http:\\\/\\\/vamosporlaliberacion.org\\\/crpmlm\\\/24-de-marzo-de-lucha-memoria-y-justicia\\\/#primaryimage\"},\"image\":{\"@id\":\"http:\\\/\\\/vamosporlaliberacion.org\\\/crpmlm\\\/24-de-marzo-de-lucha-memoria-y-justicia\\\/#primaryimage\"},\"thumbnailUrl\":\"https:\\\/\\\/i0.wp.com\\\/vamosporlaliberacion.org\\\/crpmlm\\\/wp-content\\\/uploads\\\/2023\\\/03\\\/casonaymemoria.jpg?fit=600%2C450&ssl=1\",\"datePublished\":\"2023-03-24T12:09:11+00:00\",\"dateModified\":\"2023-03-24T12:14:28+00:00\",\"author\":{\"@id\":\"https:\\\/\\\/vamosporlaliberacion.org\\\/crpmlm\\\/#\\\/schema\\\/person\\\/ebdbd4bf0e9418b9f0c0a93395366b2f\"},\"breadcrumb\":{\"@id\":\"http:\\\/\\\/vamosporlaliberacion.org\\\/crpmlm\\\/24-de-marzo-de-lucha-memoria-y-justicia\\\/#breadcrumb\"},\"inLanguage\":\"es\",\"potentialAction\":[{\"@type\":\"ReadAction\",\"target\":[\"http:\\\/\\\/vamosporlaliberacion.org\\\/crpmlm\\\/24-de-marzo-de-lucha-memoria-y-justicia\\\/\"]}]},{\"@type\":\"ImageObject\",\"inLanguage\":\"es\",\"@id\":\"http:\\\/\\\/vamosporlaliberacion.org\\\/crpmlm\\\/24-de-marzo-de-lucha-memoria-y-justicia\\\/#primaryimage\",\"url\":\"https:\\\/\\\/i0.wp.com\\\/vamosporlaliberacion.org\\\/crpmlm\\\/wp-content\\\/uploads\\\/2023\\\/03\\\/casonaymemoria.jpg?fit=600%2C450&ssl=1\",\"contentUrl\":\"https:\\\/\\\/i0.wp.com\\\/vamosporlaliberacion.org\\\/crpmlm\\\/wp-content\\\/uploads\\\/2023\\\/03\\\/casonaymemoria.jpg?fit=600%2C450&ssl=1\",\"width\":600,\"height\":450},{\"@type\":\"BreadcrumbList\",\"@id\":\"http:\\\/\\\/vamosporlaliberacion.org\\\/crpmlm\\\/24-de-marzo-de-lucha-memoria-y-justicia\\\/#breadcrumb\",\"itemListElement\":[{\"@type\":\"ListItem\",\"position\":1,\"name\":\"Portada\",\"item\":\"https:\\\/\\\/vamosporlaliberacion.org\\\/crpmlm\\\/\"},{\"@type\":\"ListItem\",\"position\":2,\"name\":\"24 de marzo, de lucha, memoria y justicia\"}]},{\"@type\":\"WebSite\",\"@id\":\"https:\\\/\\\/vamosporlaliberacion.org\\\/crpmlm\\\/#website\",\"url\":\"https:\\\/\\\/vamosporlaliberacion.org\\\/crpmlm\\\/\",\"name\":\"Vamos por la Liberaci\u00f3n\",\"description\":\"Prensa CR\",\"potentialAction\":[{\"@type\":\"SearchAction\",\"target\":{\"@type\":\"EntryPoint\",\"urlTemplate\":\"https:\\\/\\\/vamosporlaliberacion.org\\\/crpmlm\\\/?s={search_term_string}\"},\"query-input\":{\"@type\":\"PropertyValueSpecification\",\"valueRequired\":true,\"valueName\":\"search_term_string\"}}],\"inLanguage\":\"es\"},{\"@type\":\"Person\",\"@id\":\"https:\\\/\\\/vamosporlaliberacion.org\\\/crpmlm\\\/#\\\/schema\\\/person\\\/ebdbd4bf0e9418b9f0c0a93395366b2f\",\"name\":\"Prensa Vamos\",\"sameAs\":[\"http:\\\/\\\/vamposporlaliberacion.org\"],\"url\":\"https:\\\/\\\/vamosporlaliberacion.org\\\/crpmlm\\\/author\\\/editor\\\/\"}]}<\/script>\n<!-- \/ Yoast SEO plugin. -->","yoast_head_json":{"title":"24 de marzo, de lucha, memoria y justicia - Vamos por la Liberaci\u00f3n","robots":{"index":"index","follow":"follow","max-snippet":"max-snippet:-1","max-image-preview":"max-image-preview:large","max-video-preview":"max-video-preview:-1"},"canonical":"http:\/\/vamosporlaliberacion.org\/crpmlm\/24-de-marzo-de-lucha-memoria-y-justicia\/","twitter_misc":{"Escrito por":"Prensa Vamos","Tiempo de lectura":"13 minutos"},"schema":{"@context":"https:\/\/schema.org","@graph":[{"@type":"Article","@id":"http:\/\/vamosporlaliberacion.org\/crpmlm\/24-de-marzo-de-lucha-memoria-y-justicia\/#article","isPartOf":{"@id":"http:\/\/vamosporlaliberacion.org\/crpmlm\/24-de-marzo-de-lucha-memoria-y-justicia\/"},"author":{"name":"Prensa Vamos","@id":"https:\/\/vamosporlaliberacion.org\/crpmlm\/#\/schema\/person\/ebdbd4bf0e9418b9f0c0a93395366b2f"},"headline":"24 de marzo, de lucha, memoria y justicia","datePublished":"2023-03-24T12:09:11+00:00","dateModified":"2023-03-24T12:14:28+00:00","mainEntityOfPage":{"@id":"http:\/\/vamosporlaliberacion.org\/crpmlm\/24-de-marzo-de-lucha-memoria-y-justicia\/"},"wordCount":2728,"image":{"@id":"http:\/\/vamosporlaliberacion.org\/crpmlm\/24-de-marzo-de-lucha-memoria-y-justicia\/#primaryimage"},"thumbnailUrl":"https:\/\/i0.wp.com\/vamosporlaliberacion.org\/crpmlm\/wp-content\/uploads\/2023\/03\/casonaymemoria.jpg?fit=600%2C450&ssl=1","articleSection":["Editoriales"],"inLanguage":"es"},{"@type":"WebPage","@id":"http:\/\/vamosporlaliberacion.org\/crpmlm\/24-de-marzo-de-lucha-memoria-y-justicia\/","url":"http:\/\/vamosporlaliberacion.org\/crpmlm\/24-de-marzo-de-lucha-memoria-y-justicia\/","name":"24 de marzo, de lucha, memoria y justicia - Vamos por la Liberaci\u00f3n","isPartOf":{"@id":"https:\/\/vamosporlaliberacion.org\/crpmlm\/#website"},"primaryImageOfPage":{"@id":"http:\/\/vamosporlaliberacion.org\/crpmlm\/24-de-marzo-de-lucha-memoria-y-justicia\/#primaryimage"},"image":{"@id":"http:\/\/vamosporlaliberacion.org\/crpmlm\/24-de-marzo-de-lucha-memoria-y-justicia\/#primaryimage"},"thumbnailUrl":"https:\/\/i0.wp.com\/vamosporlaliberacion.org\/crpmlm\/wp-content\/uploads\/2023\/03\/casonaymemoria.jpg?fit=600%2C450&ssl=1","datePublished":"2023-03-24T12:09:11+00:00","dateModified":"2023-03-24T12:14:28+00:00","author":{"@id":"https:\/\/vamosporlaliberacion.org\/crpmlm\/#\/schema\/person\/ebdbd4bf0e9418b9f0c0a93395366b2f"},"breadcrumb":{"@id":"http:\/\/vamosporlaliberacion.org\/crpmlm\/24-de-marzo-de-lucha-memoria-y-justicia\/#breadcrumb"},"inLanguage":"es","potentialAction":[{"@type":"ReadAction","target":["http:\/\/vamosporlaliberacion.org\/crpmlm\/24-de-marzo-de-lucha-memoria-y-justicia\/"]}]},{"@type":"ImageObject","inLanguage":"es","@id":"http:\/\/vamosporlaliberacion.org\/crpmlm\/24-de-marzo-de-lucha-memoria-y-justicia\/#primaryimage","url":"https:\/\/i0.wp.com\/vamosporlaliberacion.org\/crpmlm\/wp-content\/uploads\/2023\/03\/casonaymemoria.jpg?fit=600%2C450&ssl=1","contentUrl":"https:\/\/i0.wp.com\/vamosporlaliberacion.org\/crpmlm\/wp-content\/uploads\/2023\/03\/casonaymemoria.jpg?fit=600%2C450&ssl=1","width":600,"height":450},{"@type":"BreadcrumbList","@id":"http:\/\/vamosporlaliberacion.org\/crpmlm\/24-de-marzo-de-lucha-memoria-y-justicia\/#breadcrumb","itemListElement":[{"@type":"ListItem","position":1,"name":"Portada","item":"https:\/\/vamosporlaliberacion.org\/crpmlm\/"},{"@type":"ListItem","position":2,"name":"24 de marzo, de lucha, memoria y justicia"}]},{"@type":"WebSite","@id":"https:\/\/vamosporlaliberacion.org\/crpmlm\/#website","url":"https:\/\/vamosporlaliberacion.org\/crpmlm\/","name":"Vamos por la Liberaci\u00f3n","description":"Prensa CR","potentialAction":[{"@type":"SearchAction","target":{"@type":"EntryPoint","urlTemplate":"https:\/\/vamosporlaliberacion.org\/crpmlm\/?s={search_term_string}"},"query-input":{"@type":"PropertyValueSpecification","valueRequired":true,"valueName":"search_term_string"}}],"inLanguage":"es"},{"@type":"Person","@id":"https:\/\/vamosporlaliberacion.org\/crpmlm\/#\/schema\/person\/ebdbd4bf0e9418b9f0c0a93395366b2f","name":"Prensa Vamos","sameAs":["http:\/\/vamposporlaliberacion.org"],"url":"https:\/\/vamosporlaliberacion.org\/crpmlm\/author\/editor\/"}]}},"jetpack_featured_media_url":"https:\/\/i0.wp.com\/vamosporlaliberacion.org\/crpmlm\/wp-content\/uploads\/2023\/03\/casonaymemoria.jpg?fit=600%2C450&ssl=1","jetpack_sharing_enabled":true,"_links":{"self":[{"href":"https:\/\/vamosporlaliberacion.org\/crpmlm\/wp-json\/wp\/v2\/posts\/26565","targetHints":{"allow":["GET"]}}],"collection":[{"href":"https:\/\/vamosporlaliberacion.org\/crpmlm\/wp-json\/wp\/v2\/posts"}],"about":[{"href":"https:\/\/vamosporlaliberacion.org\/crpmlm\/wp-json\/wp\/v2\/types\/post"}],"author":[{"embeddable":true,"href":"https:\/\/vamosporlaliberacion.org\/crpmlm\/wp-json\/wp\/v2\/users\/9"}],"replies":[{"embeddable":true,"href":"https:\/\/vamosporlaliberacion.org\/crpmlm\/wp-json\/wp\/v2\/comments?post=26565"}],"version-history":[{"count":2,"href":"https:\/\/vamosporlaliberacion.org\/crpmlm\/wp-json\/wp\/v2\/posts\/26565\/revisions"}],"predecessor-version":[{"id":26573,"href":"https:\/\/vamosporlaliberacion.org\/crpmlm\/wp-json\/wp\/v2\/posts\/26565\/revisions\/26573"}],"wp:featuredmedia":[{"embeddable":true,"href":"https:\/\/vamosporlaliberacion.org\/crpmlm\/wp-json\/wp\/v2\/media\/26574"}],"wp:attachment":[{"href":"https:\/\/vamosporlaliberacion.org\/crpmlm\/wp-json\/wp\/v2\/media?parent=26565"}],"wp:term":[{"taxonomy":"category","embeddable":true,"href":"https:\/\/vamosporlaliberacion.org\/crpmlm\/wp-json\/wp\/v2\/categories?post=26565"},{"taxonomy":"post_tag","embeddable":true,"href":"https:\/\/vamosporlaliberacion.org\/crpmlm\/wp-json\/wp\/v2\/tags?post=26565"}],"curies":[{"name":"wp","href":"https:\/\/api.w.org\/{rel}","templated":true}]}}