{"id":26559,"date":"2023-03-22T17:05:14","date_gmt":"2023-03-22T20:05:14","guid":{"rendered":"http:\/\/vamosporlaliberacion.org\/crpmlm\/?p=26559"},"modified":"2023-03-22T17:05:25","modified_gmt":"2023-03-22T20:05:25","slug":"a-47-anos-del-golpe-genocida","status":"publish","type":"post","link":"https:\/\/vamosporlaliberacion.org\/crpmlm\/a-47-anos-del-golpe-genocida\/","title":{"rendered":"A 47 a\u00f1os del golpe genocida"},"content":{"rendered":"\n<h3 class=\"wp-block-heading\">Con el ejemplo de los 30000<\/h3>\n\n\n\n<p>Llegamos a otro aniversario del golpe de estado del 24 de marzo de 1976 que instaur\u00f3 aquella dictadura militar y c\u00edvica asesina y en un ejercicio de refrescar y reforzar nuestra memoria seguimos gritando en las calles de todo el pa\u00eds, <strong>NO OLVIDAMOS, NO PERDONAMOS, 30000 DETENIDOS DESAPARECIDOS PRESENTES!!<\/strong>!<\/p>\n\n\n\n<p>Mucho se ha hablado de los objetivos de la dictadura. Principalmente fue instaurar el neoliberalismo y para llevarlo a cabo era necesario el exterminio intelectual y f\u00edsico de los sectores combativos, clasistas, anti-imperialistas, que se expresaban en numerosos sectores obreros, estudiantiles y populares, producto de la organizaci\u00f3n y lucha del movimiento obrero desde el golpe del 55, que se coronaron con el Cordobazo, la derrota de las dictaduras de Ongan\u00eda y Lanusse y la confluencia con el movimiento estudiantil, principalmente en la d\u00e9cada de los 70. <\/p>\n\n\n\n<p>En este marco, el objetivo estrat\u00e9gico era el de derrumbar ladrillo por ladrillo la industrializaci\u00f3n producida durante los gobiernos de Per\u00f3n del 40 y 50, tanto en el estado, como en las grandes f\u00e1bricas generadas por la burgues\u00eda nacional. Todo fue reemplazado por un gran endeudamiento externo, las importaciones sin l\u00edmite, el libertinaje financiero y la transformaci\u00f3n del pa\u00eds en exportador de cereales y productor de alimentos abriendo la puerta a las grandes multinacionales, fortaleciendo la dependencia con los pa\u00edses imperialistas. O sea, regresar la Argentina a la infame d\u00e9cada del 30.<\/p>\n\n\n\n<p>Trayendo nuestra memoria de esos a\u00f1os al presente, y desde el punto de vista pol\u00edtico y econ\u00f3mico, lo realizado por la dictadura no es diferente a la pol\u00edtica de endeudamiento, reforma previsional, el intento derrotado en la calle de una reforma laboral, una reducci\u00f3n salarial de m\u00e1s del 25% y destrucci\u00f3n de Pymes que llev\u00f3 adelante el Macrismo y tampoco es diferente a lo que proponen para el futuro Bulrich y Milei junto al hijo del represor y asesino Bussi, con propuestas que bordean el fascismo y atentan contra las libertades democr\u00e1ticas ganadas por la lucha popular.<\/p>\n\n\n\n<p>No es diferente a la justicia actual, a nivel nacional y en las provincias, que es c\u00f3mplice del poder real y mantiene a luchadores populares como presos pol\u00edticos. Que encerr\u00f3 a Milagros Salas sin causa y la mantienen detenida por capricho del gobernador Morales, justicia que persigui\u00f3 y encerr\u00f3 a Sebasti\u00e1n Romero y que puede llegar a condenar a prisi\u00f3n a Aracaki y Ruiz detenidos en diciembre de 2017 durante la movilizaci\u00f3n contra la reforma previsional macrista; amedrenta vecinos de la CABA que reclaman por luz siendo garante de la represora polic\u00eda de Larreta. Que es garantista de la represi\u00f3n a la comunidad mapuche y a los habitantes de la comarca Andina de Chubut y R\u00edo Negro, organizados para pelear por la tierra, los r\u00edos y el agua que se les concede con facilidades a magnates extranjeros. Que permite la impunidad del cornejista gobernador de Mendoza, reprimiendo la lucha de las organizaciones sociales, deteniendo luchadores excus\u00e1ndose en que son militantes. Que garantiz\u00f3 a un socio predilecto de la dictadura como Carlos Blaquier vivir y morir con total impunidad haciendo estragos en Ledesma.<\/p>\n\n\n\n<figure class=\"wp-block-gallery has-nested-images columns-default is-cropped wp-block-gallery-1 is-layout-flex wp-block-gallery-is-layout-flex\">\n<figure class=\"wp-block-image size-large\"><img data-recalc-dims=\"1\" loading=\"lazy\" decoding=\"async\" width=\"600\" height=\"324\" data-id=\"25081\" src=\"https:\/\/i0.wp.com\/vamosporlaliberacion.org\/crpmlm\/wp-content\/uploads\/2022\/03\/24deMarzoMemoriaypresente2.jpg?resize=600%2C324\" alt=\"\" class=\"wp-image-25081\" srcset=\"https:\/\/i0.wp.com\/vamosporlaliberacion.org\/crpmlm\/wp-content\/uploads\/2022\/03\/24deMarzoMemoriaypresente2.jpg?w=600&amp;ssl=1 600w, https:\/\/i0.wp.com\/vamosporlaliberacion.org\/crpmlm\/wp-content\/uploads\/2022\/03\/24deMarzoMemoriaypresente2.jpg?resize=300%2C162&amp;ssl=1 300w, https:\/\/i0.wp.com\/vamosporlaliberacion.org\/crpmlm\/wp-content\/uploads\/2022\/03\/24deMarzoMemoriaypresente2.jpg?resize=150%2C81&amp;ssl=1 150w\" sizes=\"auto, (max-width: 600px) 100vw, 600px\" \/><figcaption class=\"wp-element-caption\">Videla en IDEA<\/figcaption><\/figure>\n\n\n\n<figure class=\"wp-block-image size-large\"><img data-recalc-dims=\"1\" loading=\"lazy\" decoding=\"async\" width=\"500\" height=\"326\" data-id=\"26561\" src=\"https:\/\/i0.wp.com\/vamosporlaliberacion.org\/crpmlm\/wp-content\/uploads\/2023\/03\/blaquier.jpg?resize=500%2C326\" alt=\"\" class=\"wp-image-26561\" srcset=\"https:\/\/i0.wp.com\/vamosporlaliberacion.org\/crpmlm\/wp-content\/uploads\/2023\/03\/blaquier.jpg?w=500&amp;ssl=1 500w, https:\/\/i0.wp.com\/vamosporlaliberacion.org\/crpmlm\/wp-content\/uploads\/2023\/03\/blaquier.jpg?resize=300%2C196&amp;ssl=1 300w, https:\/\/i0.wp.com\/vamosporlaliberacion.org\/crpmlm\/wp-content\/uploads\/2023\/03\/blaquier.jpg?resize=150%2C98&amp;ssl=1 150w\" sizes=\"auto, (max-width: 500px) 100vw, 500px\" \/><figcaption class=\"wp-element-caption\">Blaquier<\/figcaption><\/figure>\n<\/figure>\n\n\n\n<p>Esta justicia no es diferente a la dictadura, es su nueva cara. En Argentina el intento de asesinato de una Vicepresidenta se investiga como un crimen com\u00fan, porque la v\u00edctima, Cristina Kirchner no es parte del poder real. Tambi\u00e9n se puede enjuiciar, como lo demuestra la condena a Cristina, simplemente por intentar proscribir a la candidata que m\u00e1s mide de cara a las elecciones de este a\u00f1o, armando causas junto a los medios como Clar\u00edn y La Naci\u00f3n. Es muy bueno para la memoria buscar el rol de esos diarios durante la dictadura asesina.<\/p>\n\n\n\n<p>La Corte Suprema y gran parte del aparato de justicia, son jugadores de mucho peso dentro del poder real en la Argentina y el gobierno de Alberto Fern\u00e1ndez se ha demostrado d\u00e9bil y conciliador para enfrentarlos. Qued\u00f3 demostrado con Vicentin, con la deuda externa, con el d\u00f3lar soja, etc. A tal nivel llega el retroceso del gobierno que Caputo, fugador serial de la infame deuda macrista, tiene posibilidades de quedarse con Edesur y transformarse en el principal distribuidor de electricidad en el pa\u00eds.<\/p>\n\n\n\n<p>Este 24 de marzo tiene que ser una fecha de movilizaci\u00f3n por la memoria, por los 30000 luchadores detenidos desaparecidos, en homenaje a esas mujeres, las Madres de la Plaza que pusieron su vida en juego para luchar por la aparici\u00f3n con vida de sus hijos y para todos aquellos que desde los s\u00f3tanos de nuestro pueblo se organizaron para luchar contra el terrorismo de Estado. Pero tambi\u00e9n para que esa memoria nos deje claro quienes son aquellos que a\u00f1oran esos a\u00f1os negros de nuestra historia popular, a los que hay que enfrentar a todo nivel pero principalmente en las calles, que es donde el pueblo a ganado siempre sus grandes batallas.<\/p>\n\n\n\n<figure class=\"wp-block-gallery has-nested-images columns-default is-cropped wp-block-gallery-2 is-layout-flex wp-block-gallery-is-layout-flex\">\n<figure class=\"wp-block-image size-large\"><img data-recalc-dims=\"1\" loading=\"lazy\" decoding=\"async\" width=\"290\" height=\"300\" data-id=\"11468\" src=\"https:\/\/i0.wp.com\/vamosporlaliberacion.org\/crpmlm\/wp-content\/uploads\/2018\/04\/C%C3%A9sar-Gody-%C3%81lvarez-grises-290x300.jpg?resize=290%2C300\" alt=\"\" class=\"wp-image-11468\"\/><figcaption class=\"wp-element-caption\">Gody \u00c1lvarez<\/figcaption><\/figure>\n\n\n\n<figure class=\"wp-block-image size-large\"><img data-recalc-dims=\"1\" loading=\"lazy\" decoding=\"async\" width=\"696\" height=\"469\" data-id=\"4709\" src=\"https:\/\/i0.wp.com\/vamosporlaliberacion.org\/crpmlm\/wp-content\/uploads\/2016\/03\/Tapa-Bolet%C3%ADn-cartas-Salamanca-p-web.jpg?resize=696%2C469\" alt=\"\" class=\"wp-image-4709\" srcset=\"https:\/\/i0.wp.com\/vamosporlaliberacion.org\/crpmlm\/wp-content\/uploads\/2016\/03\/Tapa-Bolet%C3%ADn-cartas-Salamanca-p-web.jpg?w=696&amp;ssl=1 696w, https:\/\/i0.wp.com\/vamosporlaliberacion.org\/crpmlm\/wp-content\/uploads\/2016\/03\/Tapa-Bolet%C3%ADn-cartas-Salamanca-p-web.jpg?resize=300%2C202&amp;ssl=1 300w, https:\/\/i0.wp.com\/vamosporlaliberacion.org\/crpmlm\/wp-content\/uploads\/2016\/03\/Tapa-Bolet%C3%ADn-cartas-Salamanca-p-web.jpg?resize=623%2C420&amp;ssl=1 623w, https:\/\/i0.wp.com\/vamosporlaliberacion.org\/crpmlm\/wp-content\/uploads\/2016\/03\/Tapa-Bolet%C3%ADn-cartas-Salamanca-p-web.jpg?resize=500%2C337&amp;ssl=1 500w\" sizes=\"auto, (max-width: 696px) 100vw, 696px\" \/><figcaption class=\"wp-element-caption\">Ren\u00e9 Salamanca<\/figcaption><\/figure>\n\n\n\n<figure class=\"wp-block-image size-large\"><img data-recalc-dims=\"1\" loading=\"lazy\" decoding=\"async\" width=\"696\" height=\"445\" data-id=\"24613\" src=\"https:\/\/i0.wp.com\/vamosporlaliberacion.org\/crpmlm\/wp-content\/uploads\/2021\/11\/manuelGuerra1-700x448.jpeg?resize=696%2C445\" alt=\"\" class=\"wp-image-24613\" srcset=\"https:\/\/i0.wp.com\/vamosporlaliberacion.org\/crpmlm\/wp-content\/uploads\/2021\/11\/manuelGuerra1.jpeg?resize=700%2C448&amp;ssl=1 700w, https:\/\/i0.wp.com\/vamosporlaliberacion.org\/crpmlm\/wp-content\/uploads\/2021\/11\/manuelGuerra1.jpeg?resize=300%2C192&amp;ssl=1 300w, https:\/\/i0.wp.com\/vamosporlaliberacion.org\/crpmlm\/wp-content\/uploads\/2021\/11\/manuelGuerra1.jpeg?resize=150%2C96&amp;ssl=1 150w, https:\/\/i0.wp.com\/vamosporlaliberacion.org\/crpmlm\/wp-content\/uploads\/2021\/11\/manuelGuerra1.jpeg?resize=696%2C446&amp;ssl=1 696w, https:\/\/i0.wp.com\/vamosporlaliberacion.org\/crpmlm\/wp-content\/uploads\/2021\/11\/manuelGuerra1.jpeg?resize=656%2C420&amp;ssl=1 656w, https:\/\/i0.wp.com\/vamosporlaliberacion.org\/crpmlm\/wp-content\/uploads\/2021\/11\/manuelGuerra1.jpeg?w=709&amp;ssl=1 709w\" sizes=\"auto, (max-width: 696px) 100vw, 696px\" \/><figcaption class=\"wp-element-caption\">Manuel Guerra<\/figcaption><\/figure>\n<\/figure>\n\n\n\n<h3 class=\"wp-block-heading\">30000 detenidos desaparecidos PRESENTES!!!<\/h3>\n\n\n\n<h3 class=\"wp-block-heading\">Fuera el FMI. C\u00e1rcel a los que la fugaron.<\/h3>\n\n\n\n<h3 class=\"wp-block-heading\">Fuera esta Corte Suprema.<\/h3>\n\n\n\n<h3 class=\"wp-block-heading\">Sin presos pol\u00edticos ni proscripciones.<\/h3>\n\n\n\n<h3 class=\"wp-block-heading\">Reforma judicial democr\u00e1tica y feminista.<\/h3>\n\n\n\n<h3 class=\"wp-block-heading\">NO OLVIDAMOS, NO PERDONAMOS!!!<\/h3>\n\n\n<div class=\"wp-block-image\">\n<figure class=\"aligncenter size-full is-resized\"><img data-recalc-dims=\"1\" loading=\"lazy\" decoding=\"async\" src=\"https:\/\/i0.wp.com\/vamosporlaliberacion.org\/crpmlm\/wp-content\/uploads\/2023\/03\/CompanerosDetenidosDesaparecidos-1.jpg?resize=637%2C429\" alt=\"\" class=\"wp-image-26563\" width=\"637\" height=\"429\" srcset=\"https:\/\/i0.wp.com\/vamosporlaliberacion.org\/crpmlm\/wp-content\/uploads\/2023\/03\/CompanerosDetenidosDesaparecidos-1.jpg?w=594&amp;ssl=1 594w, https:\/\/i0.wp.com\/vamosporlaliberacion.org\/crpmlm\/wp-content\/uploads\/2023\/03\/CompanerosDetenidosDesaparecidos-1.jpg?resize=300%2C202&amp;ssl=1 300w, https:\/\/i0.wp.com\/vamosporlaliberacion.org\/crpmlm\/wp-content\/uploads\/2023\/03\/CompanerosDetenidosDesaparecidos-1.jpg?resize=150%2C101&amp;ssl=1 150w\" sizes=\"auto, (max-width: 637px) 100vw, 637px\" \/><figcaption class=\"wp-element-caption\"><strong>Compa\u00f1eros Comunistas Revolucionarios desaparecidos PRESENTES!!!<\/strong><\/figcaption><\/figure>\n<\/div>\n\n\n<p><\/p>\n<!-- AddThis Advanced Settings generic via filter on the_content --><!-- AddThis Share Buttons generic via filter on the_content -->","protected":false},"excerpt":{"rendered":"<p>Con el ejemplo de los 30000 Llegamos a otro aniversario del golpe de estado del 24 de marzo de 1976 que instaur\u00f3 aquella dictadura militar y c\u00edvica asesina y en un ejercicio de refrescar y reforzar nuestra memoria seguimos gritando en las calles de todo el pa\u00eds, NO OLVIDAMOS, NO PERDONAMOS, 30000 DETENIDOS DESAPARECIDOS PRESENTES!!! [&hellip;]<!-- AddThis Advanced Settings generic via filter on get_the_excerpt --><!-- AddThis Share Buttons generic via filter on get_the_excerpt --><\/p>\n","protected":false},"author":9,"featured_media":26560,"comment_status":"open","ping_status":"open","sticky":false,"template":"","format":"standard","meta":{"_jetpack_memberships_contains_paid_content":false,"footnotes":""},"categories":[1699,1879],"tags":[],"class_list":{"0":"post-26559","1":"post","2":"type-post","3":"status-publish","4":"format-standard","5":"has-post-thumbnail","7":"category-noticias","8":"category-nuestro-ejemplo"},"yoast_head":"<!-- This site is optimized with the Yoast SEO plugin v27.4 - https:\/\/yoast.com\/product\/yoast-seo-wordpress\/ -->\n<title>A 47 a\u00f1os del golpe genocida - Vamos por la Liberaci\u00f3n<\/title>\n<meta name=\"robots\" content=\"index, follow, max-snippet:-1, max-image-preview:large, max-video-preview:-1\" \/>\n<link rel=\"canonical\" href=\"http:\/\/vamosporlaliberacion.org\/crpmlm\/a-47-anos-del-golpe-genocida\/\" \/>\n<meta name=\"twitter:label1\" content=\"Escrito por\" \/>\n\t<meta name=\"twitter:data1\" content=\"Prensa Vamos\" \/>\n\t<meta name=\"twitter:label2\" content=\"Tiempo de lectura\" \/>\n\t<meta name=\"twitter:data2\" content=\"6 minutos\" \/>\n<script type=\"application\/ld+json\" class=\"yoast-schema-graph\">{\"@context\":\"https:\\\/\\\/schema.org\",\"@graph\":[{\"@type\":\"Article\",\"@id\":\"http:\\\/\\\/vamosporlaliberacion.org\\\/crpmlm\\\/a-47-anos-del-golpe-genocida\\\/#article\",\"isPartOf\":{\"@id\":\"http:\\\/\\\/vamosporlaliberacion.org\\\/crpmlm\\\/a-47-anos-del-golpe-genocida\\\/\"},\"author\":{\"name\":\"Prensa Vamos\",\"@id\":\"https:\\\/\\\/vamosporlaliberacion.org\\\/crpmlm\\\/#\\\/schema\\\/person\\\/ebdbd4bf0e9418b9f0c0a93395366b2f\"},\"headline\":\"A 47 a\u00f1os del golpe genocida\",\"datePublished\":\"2023-03-22T20:05:14+00:00\",\"dateModified\":\"2023-03-22T20:05:25+00:00\",\"mainEntityOfPage\":{\"@id\":\"http:\\\/\\\/vamosporlaliberacion.org\\\/crpmlm\\\/a-47-anos-del-golpe-genocida\\\/\"},\"wordCount\":894,\"commentCount\":0,\"image\":{\"@id\":\"http:\\\/\\\/vamosporlaliberacion.org\\\/crpmlm\\\/a-47-anos-del-golpe-genocida\\\/#primaryimage\"},\"thumbnailUrl\":\"https:\\\/\\\/i0.wp.com\\\/vamosporlaliberacion.org\\\/crpmlm\\\/wp-content\\\/uploads\\\/2023\\\/03\\\/MadresDeLaPlaza.jpg?fit=441%2C283&ssl=1\",\"articleSection\":[\"Noticias\",\"Nuestro ejemplo\"],\"inLanguage\":\"es\",\"potentialAction\":[{\"@type\":\"CommentAction\",\"name\":\"Comment\",\"target\":[\"http:\\\/\\\/vamosporlaliberacion.org\\\/crpmlm\\\/a-47-anos-del-golpe-genocida\\\/#respond\"]}]},{\"@type\":\"WebPage\",\"@id\":\"http:\\\/\\\/vamosporlaliberacion.org\\\/crpmlm\\\/a-47-anos-del-golpe-genocida\\\/\",\"url\":\"http:\\\/\\\/vamosporlaliberacion.org\\\/crpmlm\\\/a-47-anos-del-golpe-genocida\\\/\",\"name\":\"A 47 a\u00f1os del golpe genocida - Vamos por la Liberaci\u00f3n\",\"isPartOf\":{\"@id\":\"https:\\\/\\\/vamosporlaliberacion.org\\\/crpmlm\\\/#website\"},\"primaryImageOfPage\":{\"@id\":\"http:\\\/\\\/vamosporlaliberacion.org\\\/crpmlm\\\/a-47-anos-del-golpe-genocida\\\/#primaryimage\"},\"image\":{\"@id\":\"http:\\\/\\\/vamosporlaliberacion.org\\\/crpmlm\\\/a-47-anos-del-golpe-genocida\\\/#primaryimage\"},\"thumbnailUrl\":\"https:\\\/\\\/i0.wp.com\\\/vamosporlaliberacion.org\\\/crpmlm\\\/wp-content\\\/uploads\\\/2023\\\/03\\\/MadresDeLaPlaza.jpg?fit=441%2C283&ssl=1\",\"datePublished\":\"2023-03-22T20:05:14+00:00\",\"dateModified\":\"2023-03-22T20:05:25+00:00\",\"author\":{\"@id\":\"https:\\\/\\\/vamosporlaliberacion.org\\\/crpmlm\\\/#\\\/schema\\\/person\\\/ebdbd4bf0e9418b9f0c0a93395366b2f\"},\"breadcrumb\":{\"@id\":\"http:\\\/\\\/vamosporlaliberacion.org\\\/crpmlm\\\/a-47-anos-del-golpe-genocida\\\/#breadcrumb\"},\"inLanguage\":\"es\",\"potentialAction\":[{\"@type\":\"ReadAction\",\"target\":[\"http:\\\/\\\/vamosporlaliberacion.org\\\/crpmlm\\\/a-47-anos-del-golpe-genocida\\\/\"]}]},{\"@type\":\"ImageObject\",\"inLanguage\":\"es\",\"@id\":\"http:\\\/\\\/vamosporlaliberacion.org\\\/crpmlm\\\/a-47-anos-del-golpe-genocida\\\/#primaryimage\",\"url\":\"https:\\\/\\\/i0.wp.com\\\/vamosporlaliberacion.org\\\/crpmlm\\\/wp-content\\\/uploads\\\/2023\\\/03\\\/MadresDeLaPlaza.jpg?fit=441%2C283&ssl=1\",\"contentUrl\":\"https:\\\/\\\/i0.wp.com\\\/vamosporlaliberacion.org\\\/crpmlm\\\/wp-content\\\/uploads\\\/2023\\\/03\\\/MadresDeLaPlaza.jpg?fit=441%2C283&ssl=1\",\"width\":441,\"height\":283},{\"@type\":\"BreadcrumbList\",\"@id\":\"http:\\\/\\\/vamosporlaliberacion.org\\\/crpmlm\\\/a-47-anos-del-golpe-genocida\\\/#breadcrumb\",\"itemListElement\":[{\"@type\":\"ListItem\",\"position\":1,\"name\":\"Portada\",\"item\":\"https:\\\/\\\/vamosporlaliberacion.org\\\/crpmlm\\\/\"},{\"@type\":\"ListItem\",\"position\":2,\"name\":\"A 47 a\u00f1os del golpe genocida\"}]},{\"@type\":\"WebSite\",\"@id\":\"https:\\\/\\\/vamosporlaliberacion.org\\\/crpmlm\\\/#website\",\"url\":\"https:\\\/\\\/vamosporlaliberacion.org\\\/crpmlm\\\/\",\"name\":\"Vamos por la Liberaci\u00f3n\",\"description\":\"Prensa CR\",\"potentialAction\":[{\"@type\":\"SearchAction\",\"target\":{\"@type\":\"EntryPoint\",\"urlTemplate\":\"https:\\\/\\\/vamosporlaliberacion.org\\\/crpmlm\\\/?s={search_term_string}\"},\"query-input\":{\"@type\":\"PropertyValueSpecification\",\"valueRequired\":true,\"valueName\":\"search_term_string\"}}],\"inLanguage\":\"es\"},{\"@type\":\"Person\",\"@id\":\"https:\\\/\\\/vamosporlaliberacion.org\\\/crpmlm\\\/#\\\/schema\\\/person\\\/ebdbd4bf0e9418b9f0c0a93395366b2f\",\"name\":\"Prensa Vamos\",\"sameAs\":[\"http:\\\/\\\/vamposporlaliberacion.org\"],\"url\":\"https:\\\/\\\/vamosporlaliberacion.org\\\/crpmlm\\\/author\\\/editor\\\/\"}]}<\/script>\n<!-- \/ Yoast SEO plugin. -->","yoast_head_json":{"title":"A 47 a\u00f1os del golpe genocida - Vamos por la Liberaci\u00f3n","robots":{"index":"index","follow":"follow","max-snippet":"max-snippet:-1","max-image-preview":"max-image-preview:large","max-video-preview":"max-video-preview:-1"},"canonical":"http:\/\/vamosporlaliberacion.org\/crpmlm\/a-47-anos-del-golpe-genocida\/","twitter_misc":{"Escrito por":"Prensa Vamos","Tiempo de lectura":"6 minutos"},"schema":{"@context":"https:\/\/schema.org","@graph":[{"@type":"Article","@id":"http:\/\/vamosporlaliberacion.org\/crpmlm\/a-47-anos-del-golpe-genocida\/#article","isPartOf":{"@id":"http:\/\/vamosporlaliberacion.org\/crpmlm\/a-47-anos-del-golpe-genocida\/"},"author":{"name":"Prensa Vamos","@id":"https:\/\/vamosporlaliberacion.org\/crpmlm\/#\/schema\/person\/ebdbd4bf0e9418b9f0c0a93395366b2f"},"headline":"A 47 a\u00f1os del golpe genocida","datePublished":"2023-03-22T20:05:14+00:00","dateModified":"2023-03-22T20:05:25+00:00","mainEntityOfPage":{"@id":"http:\/\/vamosporlaliberacion.org\/crpmlm\/a-47-anos-del-golpe-genocida\/"},"wordCount":894,"commentCount":0,"image":{"@id":"http:\/\/vamosporlaliberacion.org\/crpmlm\/a-47-anos-del-golpe-genocida\/#primaryimage"},"thumbnailUrl":"https:\/\/i0.wp.com\/vamosporlaliberacion.org\/crpmlm\/wp-content\/uploads\/2023\/03\/MadresDeLaPlaza.jpg?fit=441%2C283&ssl=1","articleSection":["Noticias","Nuestro ejemplo"],"inLanguage":"es","potentialAction":[{"@type":"CommentAction","name":"Comment","target":["http:\/\/vamosporlaliberacion.org\/crpmlm\/a-47-anos-del-golpe-genocida\/#respond"]}]},{"@type":"WebPage","@id":"http:\/\/vamosporlaliberacion.org\/crpmlm\/a-47-anos-del-golpe-genocida\/","url":"http:\/\/vamosporlaliberacion.org\/crpmlm\/a-47-anos-del-golpe-genocida\/","name":"A 47 a\u00f1os del golpe genocida - Vamos por la Liberaci\u00f3n","isPartOf":{"@id":"https:\/\/vamosporlaliberacion.org\/crpmlm\/#website"},"primaryImageOfPage":{"@id":"http:\/\/vamosporlaliberacion.org\/crpmlm\/a-47-anos-del-golpe-genocida\/#primaryimage"},"image":{"@id":"http:\/\/vamosporlaliberacion.org\/crpmlm\/a-47-anos-del-golpe-genocida\/#primaryimage"},"thumbnailUrl":"https:\/\/i0.wp.com\/vamosporlaliberacion.org\/crpmlm\/wp-content\/uploads\/2023\/03\/MadresDeLaPlaza.jpg?fit=441%2C283&ssl=1","datePublished":"2023-03-22T20:05:14+00:00","dateModified":"2023-03-22T20:05:25+00:00","author":{"@id":"https:\/\/vamosporlaliberacion.org\/crpmlm\/#\/schema\/person\/ebdbd4bf0e9418b9f0c0a93395366b2f"},"breadcrumb":{"@id":"http:\/\/vamosporlaliberacion.org\/crpmlm\/a-47-anos-del-golpe-genocida\/#breadcrumb"},"inLanguage":"es","potentialAction":[{"@type":"ReadAction","target":["http:\/\/vamosporlaliberacion.org\/crpmlm\/a-47-anos-del-golpe-genocida\/"]}]},{"@type":"ImageObject","inLanguage":"es","@id":"http:\/\/vamosporlaliberacion.org\/crpmlm\/a-47-anos-del-golpe-genocida\/#primaryimage","url":"https:\/\/i0.wp.com\/vamosporlaliberacion.org\/crpmlm\/wp-content\/uploads\/2023\/03\/MadresDeLaPlaza.jpg?fit=441%2C283&ssl=1","contentUrl":"https:\/\/i0.wp.com\/vamosporlaliberacion.org\/crpmlm\/wp-content\/uploads\/2023\/03\/MadresDeLaPlaza.jpg?fit=441%2C283&ssl=1","width":441,"height":283},{"@type":"BreadcrumbList","@id":"http:\/\/vamosporlaliberacion.org\/crpmlm\/a-47-anos-del-golpe-genocida\/#breadcrumb","itemListElement":[{"@type":"ListItem","position":1,"name":"Portada","item":"https:\/\/vamosporlaliberacion.org\/crpmlm\/"},{"@type":"ListItem","position":2,"name":"A 47 a\u00f1os del golpe genocida"}]},{"@type":"WebSite","@id":"https:\/\/vamosporlaliberacion.org\/crpmlm\/#website","url":"https:\/\/vamosporlaliberacion.org\/crpmlm\/","name":"Vamos por la Liberaci\u00f3n","description":"Prensa CR","potentialAction":[{"@type":"SearchAction","target":{"@type":"EntryPoint","urlTemplate":"https:\/\/vamosporlaliberacion.org\/crpmlm\/?s={search_term_string}"},"query-input":{"@type":"PropertyValueSpecification","valueRequired":true,"valueName":"search_term_string"}}],"inLanguage":"es"},{"@type":"Person","@id":"https:\/\/vamosporlaliberacion.org\/crpmlm\/#\/schema\/person\/ebdbd4bf0e9418b9f0c0a93395366b2f","name":"Prensa Vamos","sameAs":["http:\/\/vamposporlaliberacion.org"],"url":"https:\/\/vamosporlaliberacion.org\/crpmlm\/author\/editor\/"}]}},"jetpack_featured_media_url":"https:\/\/i0.wp.com\/vamosporlaliberacion.org\/crpmlm\/wp-content\/uploads\/2023\/03\/MadresDeLaPlaza.jpg?fit=441%2C283&ssl=1","jetpack_sharing_enabled":true,"_links":{"self":[{"href":"https:\/\/vamosporlaliberacion.org\/crpmlm\/wp-json\/wp\/v2\/posts\/26559","targetHints":{"allow":["GET"]}}],"collection":[{"href":"https:\/\/vamosporlaliberacion.org\/crpmlm\/wp-json\/wp\/v2\/posts"}],"about":[{"href":"https:\/\/vamosporlaliberacion.org\/crpmlm\/wp-json\/wp\/v2\/types\/post"}],"author":[{"embeddable":true,"href":"https:\/\/vamosporlaliberacion.org\/crpmlm\/wp-json\/wp\/v2\/users\/9"}],"replies":[{"embeddable":true,"href":"https:\/\/vamosporlaliberacion.org\/crpmlm\/wp-json\/wp\/v2\/comments?post=26559"}],"version-history":[{"count":1,"href":"https:\/\/vamosporlaliberacion.org\/crpmlm\/wp-json\/wp\/v2\/posts\/26559\/revisions"}],"predecessor-version":[{"id":26564,"href":"https:\/\/vamosporlaliberacion.org\/crpmlm\/wp-json\/wp\/v2\/posts\/26559\/revisions\/26564"}],"wp:featuredmedia":[{"embeddable":true,"href":"https:\/\/vamosporlaliberacion.org\/crpmlm\/wp-json\/wp\/v2\/media\/26560"}],"wp:attachment":[{"href":"https:\/\/vamosporlaliberacion.org\/crpmlm\/wp-json\/wp\/v2\/media?parent=26559"}],"wp:term":[{"taxonomy":"category","embeddable":true,"href":"https:\/\/vamosporlaliberacion.org\/crpmlm\/wp-json\/wp\/v2\/categories?post=26559"},{"taxonomy":"post_tag","embeddable":true,"href":"https:\/\/vamosporlaliberacion.org\/crpmlm\/wp-json\/wp\/v2\/tags?post=26559"}],"curies":[{"name":"wp","href":"https:\/\/api.w.org\/{rel}","templated":true}]}}