{"id":26367,"date":"2023-01-06T13:55:17","date_gmt":"2023-01-06T16:55:17","guid":{"rendered":"http:\/\/vamosporlaliberacion.org\/crpmlm\/?p=26367"},"modified":"2023-01-06T13:55:28","modified_gmt":"2023-01-06T16:55:28","slug":"10-anos-del-comunismo-revolucionario-pmlm","status":"publish","type":"post","link":"https:\/\/vamosporlaliberacion.org\/crpmlm\/10-anos-del-comunismo-revolucionario-pmlm\/","title":{"rendered":"10 a\u00f1os del Comunismo Revolucionario-PMLM"},"content":{"rendered":"\n<h3 class=\"wp-block-heading\">6 de enero 2013-2023<\/h3>\n\n\n\n<p>Hace diez a\u00f1os \u201cun conjunto de compa\u00f1eros del PCR y la JCR hemos decidido romper, como es nuestro deber revolucionario, luego de duros a\u00f1os de denuncia de una l\u00ednea oportunista de derecha que fue ganando la mayor\u00eda dentro de la direcci\u00f3n\u00a0y \u00e1reas vitales del PCR. As\u00ed, fuimos empujados fuera del Partido por una mayor\u00eda que consolid\u00f3 una l\u00ednea oportunista de derecha, expresada en una alianza con grupos econ\u00f3micos como El Tejar, Banco Santander, entre otros enemigos ac\u00e9rrimos de la clase obrera y el pueblo\u201d. (<strong>Declaraci\u00f3n de ruptura con el PCR)<\/strong><\/p>\n\n\n\n<p>A poco andar conflu\u00eda todo el regional de Tierra del Fuego y juntos constituir\u00edamos formalmente el CR-PMLM hasta la actualidad.<\/p>\n\n\n\n<p>Muchos militantes no renegamos de nuestro paso por el PCR ya que fuimos parte de la construcci\u00f3n de ese partido y fuimos protagonistas de jornadas gloriosas como el Cordobazo y la conquista del SMATA C\u00f3rdoba con Salamanca y Gody \u00c1lvarez, en la lucha contra el golpe de estado y la dictadura fascista que se impuso en 1976 llev\u00e1ndose a 30 mil detenidxs desaparecidxs entre ellxs comunistas revolucionarios. <ins><\/ins><\/p>\n\n\n\n<p>Fuimos art\u00edfices de la incorporaci\u00f3n de cientos de j\u00f3venes universitarios que protagonizaron la recuperaci\u00f3n de los centros de estudiantes y federaciones desde la CEPA, mostramos lo acertado de las radicaciones en regiones donde est\u00e1n los centros decisivos de concentraci\u00f3n obrera, construyendo partido y dirigiendo cuerpos de delegados y sindicatos, protagonizamos las puebladas que conmovieron y cambiaron el rumbo del pa\u00eds desde Cutralc\u00f3 hasta el glorioso Argentinazo que derrot\u00f3 desde el alzamiento popular al gobierno de La Alianza en el 2001, entre otras experiencias donde se plasm\u00f3 la l\u00ednea de hegemon\u00eda proletaria que luego de d\u00e9cadas aquel Partido abandonar\u00eda.&nbsp;<\/p>\n\n\n\n<p>Han pasado diez a\u00f1os donde nos toc\u00f3 afrontar el \u00faltimo periodo del gobierno de Cristina Kirchner, todo el macrismo y la experiencia del Frente de Todos. Hemos aprendido que la lucha del pueblo por el poder, reviste la obligaci\u00f3n de transitar caminos no elegidos pero obligados; alianzas donde hegemonizan otras clases dentro del amplio \u201ccampo popular\u201d para enfrentar a enemigos mas poderosos, pero donde las tareas de las fuerzas revolucionarias es la permanente voluntad de lucha y acumulaci\u00f3n de fuerzas para imponer la agenda, el frente \u00fanico y el camino mas apto para el pueblo. De lo contrario est\u00e1 condenado a padecer las vacilaciones, las limitaciones y los acuerdos en las alturas expresados en ajustes y retrocesos alejados o contrarios a las necesidades del pueblo y el pa\u00eds, dando paso nuevamente a la experiencia de los ajustes brutales, represi\u00f3n y quita de derechos por parte de los sectores reaccionarios como padecimos con Juntos por el Cambio.<\/p>\n\n\n\n<p>Esta realidad la podemos ver en la mayor\u00eda de las experiencias en la regi\u00f3n, donde los pueblos son los que soplan nuevos vientos con luchas encarnizadas donde se logra derrotar a las fuerzas reaccionarias, pero por su debilidad organizada, se imponen gobiernos heterog\u00e9neos y d\u00e9biles que ponen por delante otros intereses y puntos de vista en la mayor\u00eda de los procesos.<\/p>\n\n\n\n<p>Han sido a\u00f1os intensos plagados de luchas, debates, deserciones y aprendizajes en cuanto a la construcci\u00f3n de un Partido revolucionario que con aciertos y errores fuimos llevando adelante. Nunca nos cre\u00edmos \u201cdue\u00f1os de la verdad\u201d, sino militantes revolucionarios de una causa tan noble como el socialismo y el comunismo.&nbsp;<\/p>\n\n\n\n<p>Nos propusimos recoger banderas embarradas y volver a izarlas comenzando por la construcci\u00f3n de una vanguardia revolucionaria sostenida por miles de lazos por una poderosa corriente democr\u00e1tica, antiimperialista y anti-terrateniente.<\/p>\n\n\n\n<p>Tenemos dirigentes hist\u00f3ricos que vivieron las c\u00e1rceles y la persecuci\u00f3n de la dictadura fascista, dando ejemplo de entereza y firmeza en las condiciones mas duras como mostramos en nuestro 1er Congreso con nuevos militantes que han protagonizado el debate democr\u00e1tico, aportando a la construcci\u00f3n de la l\u00ednea revolucionaria. Contamos con un protocolo frente a la violencia de genero como expresi\u00f3n de los avances que impuso la gigantesca lucha de la marea verde en nuestro pa\u00eds.<\/p>\n\n\n\n<p>Nos pusimos en marcha en un mundo sin \u201cfaros rojos\u201d donde apoyarse, pero con la convicci\u00f3n de que antes de esos \u201cfaros\u201d que iluminaron a generaciones, no hab\u00eda mas que revolucionarios que con la ayuda del marxismo y la confianza en la clase obrera y el pueblo, se abrieron paso. Hoy nos toca el desaf\u00edo de la construcci\u00f3n en un mundo que se encamina hacia un nuevo reparto forzando la guerra imperialista a otra escala quiz\u00e1s nunca vista en medio de las hambrunas, la esclavizaci\u00f3n al trabajo y otras certezas que muestra el capitalismo imperialista a la salida de la pandemia hist\u00f3rica, lejos de los deseos cargados de ilusiones alejadas de la realidad en cuanto a que \u201cpod\u00edamos salir mejores\u201d.<ins><\/ins><\/p>\n\n\n\n<p>La vida ha comprobado que solo con la revoluci\u00f3n y la liberaci\u00f3n es cuando vamos a salir mejores decenas de millones en el mundo. Lo dem\u00e1s es puro sue\u00f1o o la pesadilla de vivir este presente.<\/p>\n\n\n\n<p>Plantamos un moj\u00f3n hace diez a\u00f1os, y hemos ayudado a orientar a nuevos caminantes que buscan transitar hacia una sociedad con el pueblo liberado en marcha al socialismo.<\/p>\n\n\n\n<p>Los desaf\u00edos son inmensos, el presente est\u00e1 plagado de oscuridad por parte de aquellos que pretenden volver a la mazmorra, a varios escalones hacia el infierno donde se perder\u00e1n derechos hist\u00f3ricos conquistados por luchas gigantescas donde dejaron la vida miles de nuestro lado. Conquistas laborales y sociales que pens\u00e1bamos que estaban en la vitrina de los patrimonios intocables de la humanidad pero nos dimos cuenta que la sociedad retrocedi\u00f3 junto con aquellos valores que tambi\u00e9n acompa\u00f1an esas conquistas hist\u00f3ricas. Ahora todo est\u00e1 en juego, pero nada est\u00e1 perdido. Nos hemos levantado de ca\u00eddas peores pero nos marcaron. \u00bfAcaso la historia de la humanidad no es luchar y caer para volver a levantarse? \u00bfAcaso esa unidad de contrarios no hace caminar la rueda de la historia?<\/p>\n\n\n\n<p>Somos parte de aquella historia no oficial contraria a la que cuentan los vencedores, somos parte de lo que se gesta en los subsuelos del pueblo, ese pueblo que conoce el inframundo cuando deposita sus esperanzas en figuras y proyectos cargados de poder que prometen cambiar la vida de millones y cuando llegan ellos se olvidan y esgrimen sus limitaciones o directamente traicionan, y es all\u00ed, en esos momentos, donde la vanguardia revolucionaria debe estar para pasar en limpio borradores y ayudar a levantar cabeza para seguir y cambiar las correlaciones de fuerzas.&nbsp;<\/p>\n\n\n\n<p>Creemos que son tiempos para llenarse de optimismo porque la clase obrera, esa que muchos siguen dando por muerta o superada, no se quedar\u00e1 de brazos cruzados mientras se la hunde en la explotaci\u00f3n brutal y la precarizaci\u00f3n esclavizante. Nadie puede soportar eso por largo tiempo y se ve en la resistencia mas grande o mas peque\u00f1a. Esa fisura de los \u201cdiques de contenci\u00f3n\u201d, no han desaparecido y mas tarde o mas temprano se romper\u00e1n con nuevas formas y colores pero se romper\u00e1n. Derrotados est\u00e1n los que creen lo contrario y solo ven las tinieblas que nos aplasta, que nos los deja ver (o no quieren ver) que es justamente desde las entra\u00f1as de la desesperanza, desde la noche m\u00e1s oscura donde se gesta el amanecer de un nuevo d\u00eda. Hemos aprendido que es por ah\u00ed donde se forja y triunfa la liberaci\u00f3n de los pueblos si cuentan con esa poderosa y extraordinaria herramienta que es el Partido revolucionario y los instrumentos de amplia unidad popular.&nbsp;<\/p>\n\n\n\n<p>Un Partido que abraza la teor\u00eda marxista leninista mao\u00edsta que combina la practica social con la teor\u00eda revolucionaria, cient\u00edfica, dial\u00e9ctica que analiza las contradicciones de la sociedad en la que se desarrolla la lucha de clases como motor de la historia en la lucha por la liberaci\u00f3n pero en camino hacia el socialismo y el comunismo como la sociedad m\u00e1s avanzada. Las experiencias de aquellos pa\u00edses donde triunf\u00f3 la revoluci\u00f3n y se empez\u00f3 a construir el socialismo como en Rusia, China o Cuba, con un Estado de nuevo tipo, de todo el pueblo dirigido por lxs trabajadorxs, mostraron al mundo saltos gigantescos en todos los \u00f3rdenes de la vida.<\/p>\n\n\n\n<p>Por eso, la propaganda dominante, no solo oculta y tergiversa esas experiencia y sus lideres, sino que se atreve a hablar del \u201cfracaso del socialismo\u201d parados desde el sistema capitalista imperialista que destruye en definitiva las fuerzas productivas y los ecosistemas para mantenerse en pie y seguir adelante en la b\u00fasqueda de la m\u00e1xima ganancia. Pero tambi\u00e9n niegan la historia del propio capitalismo que se impuso luego de cientos de a\u00f1os de revoluciones y contra revoluciones.&nbsp;<\/p>\n\n\n\n<p>Los cambios que se producen en la sociedad se deben principalmente al desarrollo de sus contradicciones internas, es decir, las contradicciones entre las fuerzas productivas y las relaciones de producci\u00f3n, entre las clases y entre lo viejo y lo nuevo. Es el desarrollo de estas contradicciones lo que hace avanzar la sociedad e impulsa la sustituci\u00f3n de la vieja sociedad por la nueva. (Mao Tse-Tun)<em>&nbsp;<\/em>.<\/p>\n\n\n\n<figure class=\"wp-block-gallery has-nested-images columns-default is-cropped wp-block-gallery-1 is-layout-flex wp-block-gallery-is-layout-flex\">\n<figure class=\"wp-block-image size-large\"><img data-recalc-dims=\"1\" loading=\"lazy\" decoding=\"async\" width=\"696\" height=\"522\" data-id=\"26255\" src=\"https:\/\/i0.wp.com\/vamosporlaliberacion.org\/crpmlm\/wp-content\/uploads\/2022\/12\/IMG-20221212-WA0015-700x525.jpg?resize=696%2C522\" alt=\"\" class=\"wp-image-26255\" srcset=\"https:\/\/i0.wp.com\/vamosporlaliberacion.org\/crpmlm\/wp-content\/uploads\/2022\/12\/IMG-20221212-WA0015.jpg?resize=700%2C525&amp;ssl=1 700w, https:\/\/i0.wp.com\/vamosporlaliberacion.org\/crpmlm\/wp-content\/uploads\/2022\/12\/IMG-20221212-WA0015.jpg?resize=300%2C225&amp;ssl=1 300w, https:\/\/i0.wp.com\/vamosporlaliberacion.org\/crpmlm\/wp-content\/uploads\/2022\/12\/IMG-20221212-WA0015.jpg?resize=768%2C576&amp;ssl=1 768w, https:\/\/i0.wp.com\/vamosporlaliberacion.org\/crpmlm\/wp-content\/uploads\/2022\/12\/IMG-20221212-WA0015.jpg?resize=150%2C113&amp;ssl=1 150w, https:\/\/i0.wp.com\/vamosporlaliberacion.org\/crpmlm\/wp-content\/uploads\/2022\/12\/IMG-20221212-WA0015.jpg?resize=696%2C522&amp;ssl=1 696w, https:\/\/i0.wp.com\/vamosporlaliberacion.org\/crpmlm\/wp-content\/uploads\/2022\/12\/IMG-20221212-WA0015.jpg?resize=1068%2C801&amp;ssl=1 1068w, https:\/\/i0.wp.com\/vamosporlaliberacion.org\/crpmlm\/wp-content\/uploads\/2022\/12\/IMG-20221212-WA0015.jpg?resize=560%2C420&amp;ssl=1 560w, https:\/\/i0.wp.com\/vamosporlaliberacion.org\/crpmlm\/wp-content\/uploads\/2022\/12\/IMG-20221212-WA0015.jpg?resize=80%2C60&amp;ssl=1 80w, https:\/\/i0.wp.com\/vamosporlaliberacion.org\/crpmlm\/wp-content\/uploads\/2022\/12\/IMG-20221212-WA0015.jpg?resize=265%2C198&amp;ssl=1 265w, https:\/\/i0.wp.com\/vamosporlaliberacion.org\/crpmlm\/wp-content\/uploads\/2022\/12\/IMG-20221212-WA0015.jpg?w=1280&amp;ssl=1 1280w\" sizes=\"auto, (max-width: 696px) 100vw, 696px\" \/><\/figure>\n\n\n\n<figure class=\"wp-block-image size-large\"><img data-recalc-dims=\"1\" loading=\"lazy\" decoding=\"async\" width=\"696\" height=\"522\" data-id=\"26044\" src=\"https:\/\/i0.wp.com\/vamosporlaliberacion.org\/crpmlm\/wp-content\/uploads\/2022\/10\/IMG-20221017-WA0000-700x525.jpg?resize=696%2C522\" alt=\"\" class=\"wp-image-26044\" srcset=\"https:\/\/i0.wp.com\/vamosporlaliberacion.org\/crpmlm\/wp-content\/uploads\/2022\/10\/IMG-20221017-WA0000.jpg?resize=700%2C525&amp;ssl=1 700w, https:\/\/i0.wp.com\/vamosporlaliberacion.org\/crpmlm\/wp-content\/uploads\/2022\/10\/IMG-20221017-WA0000.jpg?resize=300%2C225&amp;ssl=1 300w, https:\/\/i0.wp.com\/vamosporlaliberacion.org\/crpmlm\/wp-content\/uploads\/2022\/10\/IMG-20221017-WA0000.jpg?resize=768%2C576&amp;ssl=1 768w, https:\/\/i0.wp.com\/vamosporlaliberacion.org\/crpmlm\/wp-content\/uploads\/2022\/10\/IMG-20221017-WA0000.jpg?resize=150%2C113&amp;ssl=1 150w, https:\/\/i0.wp.com\/vamosporlaliberacion.org\/crpmlm\/wp-content\/uploads\/2022\/10\/IMG-20221017-WA0000.jpg?resize=696%2C522&amp;ssl=1 696w, https:\/\/i0.wp.com\/vamosporlaliberacion.org\/crpmlm\/wp-content\/uploads\/2022\/10\/IMG-20221017-WA0000.jpg?resize=1068%2C801&amp;ssl=1 1068w, https:\/\/i0.wp.com\/vamosporlaliberacion.org\/crpmlm\/wp-content\/uploads\/2022\/10\/IMG-20221017-WA0000.jpg?resize=560%2C420&amp;ssl=1 560w, https:\/\/i0.wp.com\/vamosporlaliberacion.org\/crpmlm\/wp-content\/uploads\/2022\/10\/IMG-20221017-WA0000.jpg?resize=80%2C60&amp;ssl=1 80w, https:\/\/i0.wp.com\/vamosporlaliberacion.org\/crpmlm\/wp-content\/uploads\/2022\/10\/IMG-20221017-WA0000.jpg?resize=265%2C198&amp;ssl=1 265w, https:\/\/i0.wp.com\/vamosporlaliberacion.org\/crpmlm\/wp-content\/uploads\/2022\/10\/IMG-20221017-WA0000.jpg?w=1280&amp;ssl=1 1280w\" sizes=\"auto, (max-width: 696px) 100vw, 696px\" \/><\/figure>\n\n\n\n<figure class=\"wp-block-image size-large\"><img data-recalc-dims=\"1\" loading=\"lazy\" decoding=\"async\" width=\"696\" height=\"392\" data-id=\"25904\" src=\"https:\/\/i0.wp.com\/vamosporlaliberacion.org\/crpmlm\/wp-content\/uploads\/2022\/09\/IMG-20220923-WA0012-700x394.jpg?resize=696%2C392\" alt=\"\" class=\"wp-image-25904\" srcset=\"https:\/\/i0.wp.com\/vamosporlaliberacion.org\/crpmlm\/wp-content\/uploads\/2022\/09\/IMG-20220923-WA0012.jpg?resize=700%2C394&amp;ssl=1 700w, https:\/\/i0.wp.com\/vamosporlaliberacion.org\/crpmlm\/wp-content\/uploads\/2022\/09\/IMG-20220923-WA0012.jpg?resize=300%2C169&amp;ssl=1 300w, https:\/\/i0.wp.com\/vamosporlaliberacion.org\/crpmlm\/wp-content\/uploads\/2022\/09\/IMG-20220923-WA0012.jpg?resize=768%2C432&amp;ssl=1 768w, https:\/\/i0.wp.com\/vamosporlaliberacion.org\/crpmlm\/wp-content\/uploads\/2022\/09\/IMG-20220923-WA0012.jpg?resize=1536%2C864&amp;ssl=1 1536w, https:\/\/i0.wp.com\/vamosporlaliberacion.org\/crpmlm\/wp-content\/uploads\/2022\/09\/IMG-20220923-WA0012.jpg?resize=150%2C84&amp;ssl=1 150w, https:\/\/i0.wp.com\/vamosporlaliberacion.org\/crpmlm\/wp-content\/uploads\/2022\/09\/IMG-20220923-WA0012.jpg?resize=696%2C391&amp;ssl=1 696w, https:\/\/i0.wp.com\/vamosporlaliberacion.org\/crpmlm\/wp-content\/uploads\/2022\/09\/IMG-20220923-WA0012.jpg?resize=1068%2C600&amp;ssl=1 1068w, https:\/\/i0.wp.com\/vamosporlaliberacion.org\/crpmlm\/wp-content\/uploads\/2022\/09\/IMG-20220923-WA0012.jpg?resize=747%2C420&amp;ssl=1 747w, https:\/\/i0.wp.com\/vamosporlaliberacion.org\/crpmlm\/wp-content\/uploads\/2022\/09\/IMG-20220923-WA0012.jpg?w=1599&amp;ssl=1 1599w, https:\/\/i0.wp.com\/vamosporlaliberacion.org\/crpmlm\/wp-content\/uploads\/2022\/09\/IMG-20220923-WA0012.jpg?w=1392&amp;ssl=1 1392w\" sizes=\"auto, (max-width: 696px) 100vw, 696px\" \/><\/figure>\n\n\n\n<figure class=\"wp-block-image size-large\"><img data-recalc-dims=\"1\" loading=\"lazy\" decoding=\"async\" width=\"392\" height=\"700\" data-id=\"26358\" src=\"https:\/\/i0.wp.com\/vamosporlaliberacion.org\/crpmlm\/wp-content\/uploads\/2022\/12\/Vamos187-392x700.jpeg?resize=392%2C700\" alt=\"\" class=\"wp-image-26358\" srcset=\"https:\/\/i0.wp.com\/vamosporlaliberacion.org\/crpmlm\/wp-content\/uploads\/2022\/12\/Vamos187.jpeg?resize=392%2C700&amp;ssl=1 392w, https:\/\/i0.wp.com\/vamosporlaliberacion.org\/crpmlm\/wp-content\/uploads\/2022\/12\/Vamos187.jpeg?resize=168%2C300&amp;ssl=1 168w, https:\/\/i0.wp.com\/vamosporlaliberacion.org\/crpmlm\/wp-content\/uploads\/2022\/12\/Vamos187.jpeg?resize=150%2C268&amp;ssl=1 150w, https:\/\/i0.wp.com\/vamosporlaliberacion.org\/crpmlm\/wp-content\/uploads\/2022\/12\/Vamos187.jpeg?resize=300%2C536&amp;ssl=1 300w, https:\/\/i0.wp.com\/vamosporlaliberacion.org\/crpmlm\/wp-content\/uploads\/2022\/12\/Vamos187.jpeg?resize=696%2C1243&amp;ssl=1 696w, https:\/\/i0.wp.com\/vamosporlaliberacion.org\/crpmlm\/wp-content\/uploads\/2022\/12\/Vamos187.jpeg?resize=235%2C420&amp;ssl=1 235w, https:\/\/i0.wp.com\/vamosporlaliberacion.org\/crpmlm\/wp-content\/uploads\/2022\/12\/Vamos187.jpeg?w=717&amp;ssl=1 717w\" sizes=\"auto, (max-width: 392px) 100vw, 392px\" \/><\/figure>\n\n\n\n<figure class=\"wp-block-image size-large\"><img data-recalc-dims=\"1\" loading=\"lazy\" decoding=\"async\" width=\"696\" height=\"680\" data-id=\"26356\" src=\"https:\/\/i0.wp.com\/vamosporlaliberacion.org\/crpmlm\/wp-content\/uploads\/2022\/12\/CR-MPL-1-700x684.jpeg?resize=696%2C680\" alt=\"\" class=\"wp-image-26356\" srcset=\"https:\/\/i0.wp.com\/vamosporlaliberacion.org\/crpmlm\/wp-content\/uploads\/2022\/12\/CR-MPL-1.jpeg?resize=700%2C684&amp;ssl=1 700w, https:\/\/i0.wp.com\/vamosporlaliberacion.org\/crpmlm\/wp-content\/uploads\/2022\/12\/CR-MPL-1.jpeg?resize=300%2C293&amp;ssl=1 300w, https:\/\/i0.wp.com\/vamosporlaliberacion.org\/crpmlm\/wp-content\/uploads\/2022\/12\/CR-MPL-1.jpeg?resize=768%2C751&amp;ssl=1 768w, https:\/\/i0.wp.com\/vamosporlaliberacion.org\/crpmlm\/wp-content\/uploads\/2022\/12\/CR-MPL-1.jpeg?resize=150%2C147&amp;ssl=1 150w, https:\/\/i0.wp.com\/vamosporlaliberacion.org\/crpmlm\/wp-content\/uploads\/2022\/12\/CR-MPL-1.jpeg?resize=696%2C680&amp;ssl=1 696w, https:\/\/i0.wp.com\/vamosporlaliberacion.org\/crpmlm\/wp-content\/uploads\/2022\/12\/CR-MPL-1.jpeg?resize=430%2C420&amp;ssl=1 430w, https:\/\/i0.wp.com\/vamosporlaliberacion.org\/crpmlm\/wp-content\/uploads\/2022\/12\/CR-MPL-1.jpeg?w=1068&amp;ssl=1 1068w\" sizes=\"auto, (max-width: 696px) 100vw, 696px\" \/><\/figure>\n<\/figure>\n\n\n\n<p>Por esto, esas experiencias no fracasaron, fueron derrotadas pero no fracasaron, y nuestro deber militante es aprender de los aciertos y los errores para que la ola vuelva con mas fuerza, mostrando que es posible cambiar la direcci\u00f3n del viento en tiempos hist\u00f3ricos donde la gran putrefacci\u00f3n del sistema desborda las cloacas de la sociedad. Para ello, como muestran las experiencias donde triunfaron, no alcanza con la necesidad y el deseo de luchar, sino la de ir forjando en cada lucha el Partido revolucionario de vanguardia y los instrumentos necesarios para que el pueblo protagonice y pueda triunfar en las epopeyas liberadoras.<\/p>\n\n\n\n<p>\u201cPara el marxismo, el socialismo no es un deseo ut\u00f3pico, imposible de realizar. Marx plantea que la sociedad capitalista es una sociedad de clase tan hist\u00f3rica y llena de contradicciones como las anteriores. Y si al principio, en la fase de ascenso del capitalismo, es una sociedad revolucionaria frente al feudalismo, en su desarrollo se convierte en reaccionaria, en una terrible traba para el desarrollo de la inmensa mayor\u00eda de la poblaci\u00f3n del planeta, tanto en la estructura econ\u00f3mica, como en la podredumbre de su superestructura, que debe ser superada revolucionariamente. De all\u00ed que la revoluci\u00f3n socialista sea una necesidad objetiva, no un mero \u201cdeseo de tener una sociedad igualitaria\u201d, o formulaciones por el estilo\u201d. (nuestro optimismo revolucionario: sus fundamentos te\u00f3rico-pol\u00edticos. Programa del CR-PMLM)&nbsp;<\/p>\n\n\n\n<h3 class=\"wp-block-heading\">Viva el Comunismo Revolucionario PMLM<\/h3>\n\n\n\n<h3 class=\"wp-block-heading\">Viva la clase obrera<\/h3>\n\n\n\n<h3 class=\"wp-block-heading\">Viva la revoluci\u00f3n<\/h3>\n\n\n<div class=\"wp-block-image\">\n<figure class=\"aligncenter size-large is-resized\"><img data-recalc-dims=\"1\" loading=\"lazy\" decoding=\"async\" src=\"https:\/\/i0.wp.com\/vamosporlaliberacion.org\/crpmlm\/wp-content\/uploads\/2021\/09\/logo-700x320.jpg?resize=273%2C119\" alt=\"\" class=\"wp-image-24432\" width=\"273\" height=\"119\"\/><\/figure>\n<\/div><!-- AddThis Advanced Settings generic via filter on the_content --><!-- AddThis Share Buttons generic via filter on the_content -->","protected":false},"excerpt":{"rendered":"<p>6 de enero 2013-2023 Hace diez a\u00f1os \u201cun conjunto de compa\u00f1eros del PCR y la JCR hemos decidido romper, como es nuestro deber revolucionario, luego de duros a\u00f1os de denuncia de una l\u00ednea oportunista de derecha que fue ganando la mayor\u00eda dentro de la direcci\u00f3n\u00a0y \u00e1reas vitales del PCR. As\u00ed, fuimos empujados fuera del Partido [&hellip;]<!-- AddThis Advanced Settings generic via filter on get_the_excerpt --><!-- AddThis Share Buttons generic via filter on get_the_excerpt --><\/p>\n","protected":false},"author":9,"featured_media":25838,"comment_status":"closed","ping_status":"closed","sticky":false,"template":"","format":"standard","meta":{"_jetpack_memberships_contains_paid_content":false,"footnotes":""},"categories":[1699,1879],"tags":[],"class_list":{"0":"post-26367","1":"post","2":"type-post","3":"status-publish","4":"format-standard","5":"has-post-thumbnail","7":"category-noticias","8":"category-nuestro-ejemplo"},"yoast_head":"<!-- This site is optimized with the Yoast SEO plugin v27.4 - https:\/\/yoast.com\/product\/yoast-seo-wordpress\/ -->\n<title>10 a\u00f1os del Comunismo Revolucionario-PMLM - Vamos por la Liberaci\u00f3n<\/title>\n<meta name=\"description\" content=\"Hace diez a\u00f1os \u201cun conjunto de compa\u00f1eros del PCR y la JCR hemos decidido romper, como es nuestro deber revolucionario, luego de duros a\u00f1os de denuncia de una l\u00ednea oportunista de derecha que fue ganando la mayor\u00eda dentro de la direcci\u00f3n\u00a0y \u00e1reas vitales del PCR\" \/>\n<meta name=\"robots\" content=\"index, follow, max-snippet:-1, max-image-preview:large, max-video-preview:-1\" \/>\n<link rel=\"canonical\" href=\"http:\/\/vamosporlaliberacion.org\/crpmlm\/10-anos-del-comunismo-revolucionario-pmlm\/\" \/>\n<meta name=\"twitter:label1\" content=\"Escrito por\" \/>\n\t<meta name=\"twitter:data1\" content=\"Prensa Vamos\" \/>\n\t<meta name=\"twitter:label2\" content=\"Tiempo de lectura\" \/>\n\t<meta name=\"twitter:data2\" content=\"10 minutos\" \/>\n<script type=\"application\/ld+json\" class=\"yoast-schema-graph\">{\"@context\":\"https:\\\/\\\/schema.org\",\"@graph\":[{\"@type\":\"Article\",\"@id\":\"http:\\\/\\\/vamosporlaliberacion.org\\\/crpmlm\\\/10-anos-del-comunismo-revolucionario-pmlm\\\/#article\",\"isPartOf\":{\"@id\":\"http:\\\/\\\/vamosporlaliberacion.org\\\/crpmlm\\\/10-anos-del-comunismo-revolucionario-pmlm\\\/\"},\"author\":{\"name\":\"Prensa Vamos\",\"@id\":\"https:\\\/\\\/vamosporlaliberacion.org\\\/crpmlm\\\/#\\\/schema\\\/person\\\/ebdbd4bf0e9418b9f0c0a93395366b2f\"},\"headline\":\"10 a\u00f1os del Comunismo Revolucionario-PMLM\",\"datePublished\":\"2023-01-06T16:55:17+00:00\",\"dateModified\":\"2023-01-06T16:55:28+00:00\",\"mainEntityOfPage\":{\"@id\":\"http:\\\/\\\/vamosporlaliberacion.org\\\/crpmlm\\\/10-anos-del-comunismo-revolucionario-pmlm\\\/\"},\"wordCount\":1826,\"image\":{\"@id\":\"http:\\\/\\\/vamosporlaliberacion.org\\\/crpmlm\\\/10-anos-del-comunismo-revolucionario-pmlm\\\/#primaryimage\"},\"thumbnailUrl\":\"https:\\\/\\\/i0.wp.com\\\/vamosporlaliberacion.org\\\/crpmlm\\\/wp-content\\\/uploads\\\/2022\\\/09\\\/bannerCongreso1.jpg?fit=600%2C301&ssl=1\",\"articleSection\":[\"Noticias\",\"Nuestro ejemplo\"],\"inLanguage\":\"es\"},{\"@type\":\"WebPage\",\"@id\":\"http:\\\/\\\/vamosporlaliberacion.org\\\/crpmlm\\\/10-anos-del-comunismo-revolucionario-pmlm\\\/\",\"url\":\"http:\\\/\\\/vamosporlaliberacion.org\\\/crpmlm\\\/10-anos-del-comunismo-revolucionario-pmlm\\\/\",\"name\":\"10 a\u00f1os del Comunismo Revolucionario-PMLM - Vamos por la Liberaci\u00f3n\",\"isPartOf\":{\"@id\":\"https:\\\/\\\/vamosporlaliberacion.org\\\/crpmlm\\\/#website\"},\"primaryImageOfPage\":{\"@id\":\"http:\\\/\\\/vamosporlaliberacion.org\\\/crpmlm\\\/10-anos-del-comunismo-revolucionario-pmlm\\\/#primaryimage\"},\"image\":{\"@id\":\"http:\\\/\\\/vamosporlaliberacion.org\\\/crpmlm\\\/10-anos-del-comunismo-revolucionario-pmlm\\\/#primaryimage\"},\"thumbnailUrl\":\"https:\\\/\\\/i0.wp.com\\\/vamosporlaliberacion.org\\\/crpmlm\\\/wp-content\\\/uploads\\\/2022\\\/09\\\/bannerCongreso1.jpg?fit=600%2C301&ssl=1\",\"datePublished\":\"2023-01-06T16:55:17+00:00\",\"dateModified\":\"2023-01-06T16:55:28+00:00\",\"author\":{\"@id\":\"https:\\\/\\\/vamosporlaliberacion.org\\\/crpmlm\\\/#\\\/schema\\\/person\\\/ebdbd4bf0e9418b9f0c0a93395366b2f\"},\"description\":\"Hace diez a\u00f1os \u201cun conjunto de compa\u00f1eros del PCR y la JCR hemos decidido romper, como es nuestro deber revolucionario, luego de duros a\u00f1os de denuncia de una l\u00ednea oportunista de derecha que fue ganando la mayor\u00eda dentro de la direcci\u00f3n\u00a0y \u00e1reas vitales del PCR\",\"breadcrumb\":{\"@id\":\"http:\\\/\\\/vamosporlaliberacion.org\\\/crpmlm\\\/10-anos-del-comunismo-revolucionario-pmlm\\\/#breadcrumb\"},\"inLanguage\":\"es\",\"potentialAction\":[{\"@type\":\"ReadAction\",\"target\":[\"http:\\\/\\\/vamosporlaliberacion.org\\\/crpmlm\\\/10-anos-del-comunismo-revolucionario-pmlm\\\/\"]}]},{\"@type\":\"ImageObject\",\"inLanguage\":\"es\",\"@id\":\"http:\\\/\\\/vamosporlaliberacion.org\\\/crpmlm\\\/10-anos-del-comunismo-revolucionario-pmlm\\\/#primaryimage\",\"url\":\"https:\\\/\\\/i0.wp.com\\\/vamosporlaliberacion.org\\\/crpmlm\\\/wp-content\\\/uploads\\\/2022\\\/09\\\/bannerCongreso1.jpg?fit=600%2C301&ssl=1\",\"contentUrl\":\"https:\\\/\\\/i0.wp.com\\\/vamosporlaliberacion.org\\\/crpmlm\\\/wp-content\\\/uploads\\\/2022\\\/09\\\/bannerCongreso1.jpg?fit=600%2C301&ssl=1\",\"width\":600,\"height\":301},{\"@type\":\"BreadcrumbList\",\"@id\":\"http:\\\/\\\/vamosporlaliberacion.org\\\/crpmlm\\\/10-anos-del-comunismo-revolucionario-pmlm\\\/#breadcrumb\",\"itemListElement\":[{\"@type\":\"ListItem\",\"position\":1,\"name\":\"Portada\",\"item\":\"https:\\\/\\\/vamosporlaliberacion.org\\\/crpmlm\\\/\"},{\"@type\":\"ListItem\",\"position\":2,\"name\":\"10 a\u00f1os del Comunismo Revolucionario-PMLM\"}]},{\"@type\":\"WebSite\",\"@id\":\"https:\\\/\\\/vamosporlaliberacion.org\\\/crpmlm\\\/#website\",\"url\":\"https:\\\/\\\/vamosporlaliberacion.org\\\/crpmlm\\\/\",\"name\":\"Vamos por la Liberaci\u00f3n\",\"description\":\"Prensa CR\",\"potentialAction\":[{\"@type\":\"SearchAction\",\"target\":{\"@type\":\"EntryPoint\",\"urlTemplate\":\"https:\\\/\\\/vamosporlaliberacion.org\\\/crpmlm\\\/?s={search_term_string}\"},\"query-input\":{\"@type\":\"PropertyValueSpecification\",\"valueRequired\":true,\"valueName\":\"search_term_string\"}}],\"inLanguage\":\"es\"},{\"@type\":\"Person\",\"@id\":\"https:\\\/\\\/vamosporlaliberacion.org\\\/crpmlm\\\/#\\\/schema\\\/person\\\/ebdbd4bf0e9418b9f0c0a93395366b2f\",\"name\":\"Prensa Vamos\",\"sameAs\":[\"http:\\\/\\\/vamposporlaliberacion.org\"],\"url\":\"https:\\\/\\\/vamosporlaliberacion.org\\\/crpmlm\\\/author\\\/editor\\\/\"}]}<\/script>\n<!-- \/ Yoast SEO plugin. -->","yoast_head_json":{"title":"10 a\u00f1os del Comunismo Revolucionario-PMLM - Vamos por la Liberaci\u00f3n","description":"Hace diez a\u00f1os \u201cun conjunto de compa\u00f1eros del PCR y la JCR hemos decidido romper, como es nuestro deber revolucionario, luego de duros a\u00f1os de denuncia de una l\u00ednea oportunista de derecha que fue ganando la mayor\u00eda dentro de la direcci\u00f3n\u00a0y \u00e1reas vitales del PCR","robots":{"index":"index","follow":"follow","max-snippet":"max-snippet:-1","max-image-preview":"max-image-preview:large","max-video-preview":"max-video-preview:-1"},"canonical":"http:\/\/vamosporlaliberacion.org\/crpmlm\/10-anos-del-comunismo-revolucionario-pmlm\/","twitter_misc":{"Escrito por":"Prensa Vamos","Tiempo de lectura":"10 minutos"},"schema":{"@context":"https:\/\/schema.org","@graph":[{"@type":"Article","@id":"http:\/\/vamosporlaliberacion.org\/crpmlm\/10-anos-del-comunismo-revolucionario-pmlm\/#article","isPartOf":{"@id":"http:\/\/vamosporlaliberacion.org\/crpmlm\/10-anos-del-comunismo-revolucionario-pmlm\/"},"author":{"name":"Prensa Vamos","@id":"https:\/\/vamosporlaliberacion.org\/crpmlm\/#\/schema\/person\/ebdbd4bf0e9418b9f0c0a93395366b2f"},"headline":"10 a\u00f1os del Comunismo Revolucionario-PMLM","datePublished":"2023-01-06T16:55:17+00:00","dateModified":"2023-01-06T16:55:28+00:00","mainEntityOfPage":{"@id":"http:\/\/vamosporlaliberacion.org\/crpmlm\/10-anos-del-comunismo-revolucionario-pmlm\/"},"wordCount":1826,"image":{"@id":"http:\/\/vamosporlaliberacion.org\/crpmlm\/10-anos-del-comunismo-revolucionario-pmlm\/#primaryimage"},"thumbnailUrl":"https:\/\/i0.wp.com\/vamosporlaliberacion.org\/crpmlm\/wp-content\/uploads\/2022\/09\/bannerCongreso1.jpg?fit=600%2C301&ssl=1","articleSection":["Noticias","Nuestro ejemplo"],"inLanguage":"es"},{"@type":"WebPage","@id":"http:\/\/vamosporlaliberacion.org\/crpmlm\/10-anos-del-comunismo-revolucionario-pmlm\/","url":"http:\/\/vamosporlaliberacion.org\/crpmlm\/10-anos-del-comunismo-revolucionario-pmlm\/","name":"10 a\u00f1os del Comunismo Revolucionario-PMLM - Vamos por la Liberaci\u00f3n","isPartOf":{"@id":"https:\/\/vamosporlaliberacion.org\/crpmlm\/#website"},"primaryImageOfPage":{"@id":"http:\/\/vamosporlaliberacion.org\/crpmlm\/10-anos-del-comunismo-revolucionario-pmlm\/#primaryimage"},"image":{"@id":"http:\/\/vamosporlaliberacion.org\/crpmlm\/10-anos-del-comunismo-revolucionario-pmlm\/#primaryimage"},"thumbnailUrl":"https:\/\/i0.wp.com\/vamosporlaliberacion.org\/crpmlm\/wp-content\/uploads\/2022\/09\/bannerCongreso1.jpg?fit=600%2C301&ssl=1","datePublished":"2023-01-06T16:55:17+00:00","dateModified":"2023-01-06T16:55:28+00:00","author":{"@id":"https:\/\/vamosporlaliberacion.org\/crpmlm\/#\/schema\/person\/ebdbd4bf0e9418b9f0c0a93395366b2f"},"description":"Hace diez a\u00f1os \u201cun conjunto de compa\u00f1eros del PCR y la JCR hemos decidido romper, como es nuestro deber revolucionario, luego de duros a\u00f1os de denuncia de una l\u00ednea oportunista de derecha que fue ganando la mayor\u00eda dentro de la direcci\u00f3n\u00a0y \u00e1reas vitales del PCR","breadcrumb":{"@id":"http:\/\/vamosporlaliberacion.org\/crpmlm\/10-anos-del-comunismo-revolucionario-pmlm\/#breadcrumb"},"inLanguage":"es","potentialAction":[{"@type":"ReadAction","target":["http:\/\/vamosporlaliberacion.org\/crpmlm\/10-anos-del-comunismo-revolucionario-pmlm\/"]}]},{"@type":"ImageObject","inLanguage":"es","@id":"http:\/\/vamosporlaliberacion.org\/crpmlm\/10-anos-del-comunismo-revolucionario-pmlm\/#primaryimage","url":"https:\/\/i0.wp.com\/vamosporlaliberacion.org\/crpmlm\/wp-content\/uploads\/2022\/09\/bannerCongreso1.jpg?fit=600%2C301&ssl=1","contentUrl":"https:\/\/i0.wp.com\/vamosporlaliberacion.org\/crpmlm\/wp-content\/uploads\/2022\/09\/bannerCongreso1.jpg?fit=600%2C301&ssl=1","width":600,"height":301},{"@type":"BreadcrumbList","@id":"http:\/\/vamosporlaliberacion.org\/crpmlm\/10-anos-del-comunismo-revolucionario-pmlm\/#breadcrumb","itemListElement":[{"@type":"ListItem","position":1,"name":"Portada","item":"https:\/\/vamosporlaliberacion.org\/crpmlm\/"},{"@type":"ListItem","position":2,"name":"10 a\u00f1os del Comunismo Revolucionario-PMLM"}]},{"@type":"WebSite","@id":"https:\/\/vamosporlaliberacion.org\/crpmlm\/#website","url":"https:\/\/vamosporlaliberacion.org\/crpmlm\/","name":"Vamos por la Liberaci\u00f3n","description":"Prensa CR","potentialAction":[{"@type":"SearchAction","target":{"@type":"EntryPoint","urlTemplate":"https:\/\/vamosporlaliberacion.org\/crpmlm\/?s={search_term_string}"},"query-input":{"@type":"PropertyValueSpecification","valueRequired":true,"valueName":"search_term_string"}}],"inLanguage":"es"},{"@type":"Person","@id":"https:\/\/vamosporlaliberacion.org\/crpmlm\/#\/schema\/person\/ebdbd4bf0e9418b9f0c0a93395366b2f","name":"Prensa Vamos","sameAs":["http:\/\/vamposporlaliberacion.org"],"url":"https:\/\/vamosporlaliberacion.org\/crpmlm\/author\/editor\/"}]}},"jetpack_featured_media_url":"https:\/\/i0.wp.com\/vamosporlaliberacion.org\/crpmlm\/wp-content\/uploads\/2022\/09\/bannerCongreso1.jpg?fit=600%2C301&ssl=1","jetpack_sharing_enabled":true,"_links":{"self":[{"href":"https:\/\/vamosporlaliberacion.org\/crpmlm\/wp-json\/wp\/v2\/posts\/26367","targetHints":{"allow":["GET"]}}],"collection":[{"href":"https:\/\/vamosporlaliberacion.org\/crpmlm\/wp-json\/wp\/v2\/posts"}],"about":[{"href":"https:\/\/vamosporlaliberacion.org\/crpmlm\/wp-json\/wp\/v2\/types\/post"}],"author":[{"embeddable":true,"href":"https:\/\/vamosporlaliberacion.org\/crpmlm\/wp-json\/wp\/v2\/users\/9"}],"replies":[{"embeddable":true,"href":"https:\/\/vamosporlaliberacion.org\/crpmlm\/wp-json\/wp\/v2\/comments?post=26367"}],"version-history":[{"count":2,"href":"https:\/\/vamosporlaliberacion.org\/crpmlm\/wp-json\/wp\/v2\/posts\/26367\/revisions"}],"predecessor-version":[{"id":26369,"href":"https:\/\/vamosporlaliberacion.org\/crpmlm\/wp-json\/wp\/v2\/posts\/26367\/revisions\/26369"}],"wp:featuredmedia":[{"embeddable":true,"href":"https:\/\/vamosporlaliberacion.org\/crpmlm\/wp-json\/wp\/v2\/media\/25838"}],"wp:attachment":[{"href":"https:\/\/vamosporlaliberacion.org\/crpmlm\/wp-json\/wp\/v2\/media?parent=26367"}],"wp:term":[{"taxonomy":"category","embeddable":true,"href":"https:\/\/vamosporlaliberacion.org\/crpmlm\/wp-json\/wp\/v2\/categories?post=26367"},{"taxonomy":"post_tag","embeddable":true,"href":"https:\/\/vamosporlaliberacion.org\/crpmlm\/wp-json\/wp\/v2\/tags?post=26367"}],"curies":[{"name":"wp","href":"https:\/\/api.w.org\/{rel}","templated":true}]}}