{"id":26176,"date":"2022-11-12T20:49:45","date_gmt":"2022-11-12T23:49:45","guid":{"rendered":"http:\/\/vamosporlaliberacion.org\/crpmlm\/?p=26176"},"modified":"2022-11-12T20:51:14","modified_gmt":"2022-11-12T23:51:14","slug":"luis-arce-y-el-mas-resisten-un-nuevo-intento-de-golpe","status":"publish","type":"post","link":"https:\/\/vamosporlaliberacion.org\/crpmlm\/luis-arce-y-el-mas-resisten-un-nuevo-intento-de-golpe\/","title":{"rendered":"<strong>Luis Arce y el MAS resisten un nuevo intento de golpe<\/strong>"},"content":{"rendered":"\n<p>El presidente de Bolivia, Luis Arce, anunci\u00f3 por Cadena Nacional, transmitida a las 23.50 Hs del 11 de Noviembre, que el Censo se realizar\u00e1 en Octubre de 2024. El anuncio fue en la b\u00fasqueda de terminar con el reclamo que, mediante paros y movilizaciones, hace m\u00e1s de 21 d\u00edas se lleva a cabo en el Partido de Santa Cruz. <strong>Estas protestas \u201chan enlutado a la familia boliviana con cuatro muertos, cientos de heridos, una denuncia de violaci\u00f3n grupal, agresiones a mujeres y enormes da\u00f1os a la econom\u00eda\u201d, seg\u00fan dijo el propio mandatario en su comunicado.<\/strong> El motivo de tal violencia desplegada es, de acuerdo a esos sectores de la oposici\u00f3n, la demora del Censo que deb\u00eda realizarse en 2020 y que tras la pandemia a\u00fan no se efectu\u00f3. <strong>Estos sectores que encabezan el paro son golpistas, racistas y mis\u00f3ginos quienes ya han protagonizado un golpe de estado \u2013con la complicidad de la OEA en cabeza de Luis Almagro y del entonces presidente argentino Mauricio Macri- contra el gobierno de Evo Morales en el a\u00f1o 2019.<\/strong><\/p>\n\n\n\n<p>\u201cNuestro pa\u00eds est\u00e1 siendo amenazado por intentos desestabilizadores llevados a cabo por algunas personas que pretenden interrumpir, una vez m\u00e1s, el orden democr\u00e1tico\u201d, as\u00ed dio comienzo el presidente de Bolivia el anuncio. \u201cUn acto t\u00e9cnico, como es un censo, en ning\u00fan otro pa\u00eds se ha convertido en pretexto pol\u00edtico para desestabilizar a un Gobierno y confrontar a la poblaci\u00f3n\u201d, sentenci\u00f3.<\/p>\n\n\n\n<p>Tambi\u00e9n, como respuesta a este intento desestabilizador,  hoy 12 de noviembre, Luis Arce tom\u00f3 juramento al nuevo Alto Mando Militar de Bolivia manifestado que \u00abEl lugar de las Fuerzas Armadas est\u00e1 en el seno de su pueblo y su obligaci\u00f3n es defender al Gobierno leg\u00edtimamente elegido en las urnas y apegarse a la Constituci\u00f3n\u00bb. Hugo Eduardo Arandia L\u00f3pez asumi\u00f3 como m\u00e1ximo responsable del ej\u00e9rcito, Gonzalo V\u00edctor Bigabriel S\u00e1nchez ocupa ahora el cargo de Jefe de Estado Mayor, Marcelo Zegarra Guti\u00e9rrez en la Fuerza A\u00e9rea, Juan Arn\u00e9z Salvador en la Naval y Juan Jos\u00e9 Z\u00fa\u00f1iga en el Ej\u00e9rcito.<\/p>\n\n\n\n<p>D\u00edas atr\u00e1s, al cumplirse los dos a\u00f1os de gobierno, y en medio de los conflictos, Arce compareci\u00f3 ante la Asamblea Legislativa Plurinacional a presentar su informe de gesti\u00f3n. <strong>Entre los m\u00e9ritos m\u00e1s destacados de este nuevo gobierno del MAS se encuentra que en lo que va del a\u00f1o la inflaci\u00f3n acumulada es del 2,5%, una de las m\u00e1s bajas del mundo. As\u00ed como tambi\u00e9n una disminuci\u00f3n de 4 puntos porcentuales en deuda externa en relaci\u00f3n con el PBI. Estos n\u00fameros son en relaci\u00f3n a los del a\u00f1o 2020, donde a causa del gobierno de facto y sus pol\u00edticas de endeudamiento se lleg\u00f3 al pico m\u00e1s alto de deuda p\u00fablica de los \u00faltimos 15 a\u00f1os.<\/strong><\/p>\n\n\n<div class=\"wp-block-image\">\n<figure class=\"aligncenter size-large is-resized\"><img data-recalc-dims=\"1\" loading=\"lazy\" decoding=\"async\" src=\"https:\/\/i0.wp.com\/vamosporlaliberacion.org\/crpmlm\/wp-content\/uploads\/2022\/11\/bolivia11-11-22-700x267.jpg?resize=548%2C209\" alt=\"\" class=\"wp-image-26180\" width=\"548\" height=\"209\" srcset=\"https:\/\/i0.wp.com\/vamosporlaliberacion.org\/crpmlm\/wp-content\/uploads\/2022\/11\/bolivia11-11-22.jpg?resize=700%2C267&amp;ssl=1 700w, https:\/\/i0.wp.com\/vamosporlaliberacion.org\/crpmlm\/wp-content\/uploads\/2022\/11\/bolivia11-11-22.jpg?resize=300%2C114&amp;ssl=1 300w, https:\/\/i0.wp.com\/vamosporlaliberacion.org\/crpmlm\/wp-content\/uploads\/2022\/11\/bolivia11-11-22.jpg?resize=768%2C293&amp;ssl=1 768w, https:\/\/i0.wp.com\/vamosporlaliberacion.org\/crpmlm\/wp-content\/uploads\/2022\/11\/bolivia11-11-22.jpg?resize=150%2C57&amp;ssl=1 150w, https:\/\/i0.wp.com\/vamosporlaliberacion.org\/crpmlm\/wp-content\/uploads\/2022\/11\/bolivia11-11-22.jpg?resize=696%2C265&amp;ssl=1 696w, https:\/\/i0.wp.com\/vamosporlaliberacion.org\/crpmlm\/wp-content\/uploads\/2022\/11\/bolivia11-11-22.jpg?resize=1068%2C407&amp;ssl=1 1068w, https:\/\/i0.wp.com\/vamosporlaliberacion.org\/crpmlm\/wp-content\/uploads\/2022\/11\/bolivia11-11-22.jpg?resize=1101%2C420&amp;ssl=1 1101w, https:\/\/i0.wp.com\/vamosporlaliberacion.org\/crpmlm\/wp-content\/uploads\/2022\/11\/bolivia11-11-22.jpg?w=1125&amp;ssl=1 1125w\" sizes=\"auto, (max-width: 548px) 100vw, 548px\" \/><figcaption class=\"wp-element-caption\"><em>Datos oficiales presentados por el presidente Arce.<\/em><\/figcaption><\/figure>\n<\/div>\n\n\n<p>Finalmente, Arce en su presentaci\u00f3n asegur\u00f3 que \u201cJam\u00e1s permitiremos la toma del poder por la fuerza y volver a rifar nuestros recursos naturales\u201d.<\/p>\n\n\n\n<p><strong>Disputas de poder hacia adentro del MAS<\/strong><\/p>\n\n\n\n<p>Fueron sorpresivas las declaraciones efectuadas por el l\u00edder del MAS, y ex presidente, Evo Morales en medio del panorama de tensi\u00f3n boliviano. \u201cYo no creo que haya golpe de Estado, sino que alg\u00fan sector del Gobierno est\u00e1 aliado con los golpistas. \u00a1Por favor! No magnifiquemos la situaci\u00f3n lo que quieren es ver c\u00f3mo desgastan la econom\u00eda, destrozarnos pol\u00edticamente. Ese es el af\u00e1n que tiene la derecha\u201d fue la textual que dej\u00f3 Morales.<\/p>\n\n\n<div class=\"wp-block-image\">\n<figure class=\"aligncenter size-large is-resized\"><img data-recalc-dims=\"1\" loading=\"lazy\" decoding=\"async\" src=\"https:\/\/i0.wp.com\/vamosporlaliberacion.org\/crpmlm\/wp-content\/uploads\/2022\/11\/bolivia11-11-22-b-700x394.jpg?resize=535%2C301\" alt=\"\" class=\"wp-image-26179\" width=\"535\" height=\"301\" srcset=\"https:\/\/i0.wp.com\/vamosporlaliberacion.org\/crpmlm\/wp-content\/uploads\/2022\/11\/bolivia11-11-22-b.jpg?resize=700%2C394&amp;ssl=1 700w, https:\/\/i0.wp.com\/vamosporlaliberacion.org\/crpmlm\/wp-content\/uploads\/2022\/11\/bolivia11-11-22-b.jpg?resize=300%2C169&amp;ssl=1 300w, https:\/\/i0.wp.com\/vamosporlaliberacion.org\/crpmlm\/wp-content\/uploads\/2022\/11\/bolivia11-11-22-b.jpg?resize=768%2C433&amp;ssl=1 768w, https:\/\/i0.wp.com\/vamosporlaliberacion.org\/crpmlm\/wp-content\/uploads\/2022\/11\/bolivia11-11-22-b.jpg?resize=150%2C84&amp;ssl=1 150w, https:\/\/i0.wp.com\/vamosporlaliberacion.org\/crpmlm\/wp-content\/uploads\/2022\/11\/bolivia11-11-22-b.jpg?resize=696%2C392&amp;ssl=1 696w, https:\/\/i0.wp.com\/vamosporlaliberacion.org\/crpmlm\/wp-content\/uploads\/2022\/11\/bolivia11-11-22-b.jpg?resize=746%2C420&amp;ssl=1 746w, https:\/\/i0.wp.com\/vamosporlaliberacion.org\/crpmlm\/wp-content\/uploads\/2022\/11\/bolivia11-11-22-b.jpg?w=950&amp;ssl=1 950w\" sizes=\"auto, (max-width: 535px) 100vw, 535px\" \/><figcaption class=\"wp-element-caption\"><em>Evo Morales, l\u00edder social y referente del MAS.<\/em><\/figcaption><\/figure>\n<\/div>\n\n\n<p>Al respecto, el ex Vicepresidente y tambi\u00e9n referente del MAS, <strong>\u00c1lvaro Garc\u00eda Linera, explic\u00f3 en una entrevista este entredicho. \u201cDurante 14 a\u00f1os el liderazgo social (Evo Morales, l\u00edder de grandes confederaciones campesinas) era a la vez el l\u00edder pol\u00edtico estatal, es decir, el Presidente. Poder social y poder estatal estaban fusionados en una sola persona. A partir de 2019, esto se escinde: por una parte est\u00e1 el l\u00edder social, Evo Morales; y por otra parte est\u00e1 el l\u00edder pol\u00edtico, que es el Presidente. Aunque ambos son parte de la misma coalici\u00f3n social y ambos comparten el mismo horizonte de expectativas de transformaci\u00f3n, c\u00f3mo coordinar estos dos liderazgos ahora se vuelve complejo\u201d.<\/strong><\/p>\n\n\n\n<p>Se especula con que Morales le dispute la candidatura a Arce para las presidenciales de 2025. Esta disputa, con una derecha agazapada a la espera de crujidos en el Gobierno y su consecuente debilitamiento, podr\u00eda traer consecuencias graves si no se salda de manera acertada.<\/p>\n\n\n\n<p><strong>Latinoam\u00e9rica, gobiernos populares y derechas afianzadas<\/strong><\/p>\n\n\n\n<p> Las victorias de Gobiernos populares en la gran mayor\u00eda de los pa\u00edses de nuestro continente, con la reciente victoria de Lula a\u00fan resonando, no tapan la realidad que se encuentra en el otro lado de la moneda: derechas afianzadas y con capacidad de movilizaci\u00f3n, nutridas de marcadas inclinaciones golpistas y fascistas.<\/p>\n\n\n<div class=\"wp-block-image\">\n<figure class=\"aligncenter size-large is-resized\"><img data-recalc-dims=\"1\" loading=\"lazy\" decoding=\"async\" src=\"https:\/\/i0.wp.com\/vamosporlaliberacion.org\/crpmlm\/wp-content\/uploads\/2022\/11\/bolivia11-11-22-c-700x466.jpg?resize=490%2C326\" alt=\"\" class=\"wp-image-26178\" width=\"490\" height=\"326\" srcset=\"https:\/\/i0.wp.com\/vamosporlaliberacion.org\/crpmlm\/wp-content\/uploads\/2022\/11\/bolivia11-11-22-c.jpg?resize=700%2C466&amp;ssl=1 700w, https:\/\/i0.wp.com\/vamosporlaliberacion.org\/crpmlm\/wp-content\/uploads\/2022\/11\/bolivia11-11-22-c.jpg?resize=300%2C200&amp;ssl=1 300w, https:\/\/i0.wp.com\/vamosporlaliberacion.org\/crpmlm\/wp-content\/uploads\/2022\/11\/bolivia11-11-22-c.jpg?resize=768%2C512&amp;ssl=1 768w, https:\/\/i0.wp.com\/vamosporlaliberacion.org\/crpmlm\/wp-content\/uploads\/2022\/11\/bolivia11-11-22-c.jpg?resize=150%2C100&amp;ssl=1 150w, https:\/\/i0.wp.com\/vamosporlaliberacion.org\/crpmlm\/wp-content\/uploads\/2022\/11\/bolivia11-11-22-c.jpg?resize=696%2C464&amp;ssl=1 696w, https:\/\/i0.wp.com\/vamosporlaliberacion.org\/crpmlm\/wp-content\/uploads\/2022\/11\/bolivia11-11-22-c.jpg?resize=630%2C420&amp;ssl=1 630w, https:\/\/i0.wp.com\/vamosporlaliberacion.org\/crpmlm\/wp-content\/uploads\/2022\/11\/bolivia11-11-22-c.jpg?w=899&amp;ssl=1 899w\" sizes=\"auto, (max-width: 490px) 100vw, 490px\" \/><\/figure>\n<\/div>\n\n\n<p> El gobierno boliviano, a pesar del bienestar econ\u00f3mico logrado por pol\u00edticas de fondo tomadas durante los mandatos de Evo Morales que lograron dar soberan\u00eda al pa\u00eds \u2013donde Arce particip\u00f3 como Ministro de Econom\u00eda-, no logra escapar de esta regla que hoy rige en la regi\u00f3n, y sigue teniendo enfrente a un sector golpista que vuelve a lanzar el globo de ensayo de un movimiento desestabilizador. Al momento de cierre de esta nota, las intenciones de la derecha boliviana no tienen margen de materializaci\u00f3n ya que el conflicto se encuentra aislado principalmente en la Ciudad de Santa Cruz. Es decir, no est\u00e1n dadas las condiciones para que suceda un desborde institucional como el de 2019. Pero eso no significa que el problema est\u00e9 resuelto, si no que est\u00e1 moment\u00e1neamente neutralizado. Por eso, si no se vuelven a tomar medidas que ataquen el problema de ra\u00edz, los intentos desestabilizadores, junto a la muerte, persecuci\u00f3n y exilio de l\u00edderes y lideresas populares, volver\u00e1n. <strong>Es necesaria la unidad del pueblo empoderado sobre bases que profundicen los cambios estructurales y el aprendizaje de los dolorosos acontecimientos del pasado reciente que implican la preparaci\u00f3n del gran activo popular en todas sus instancias para ahogar los intentos desestabilizadores en cualquier terreno.<\/strong><\/p>\n<!-- AddThis Advanced Settings generic via filter on the_content --><!-- AddThis Share Buttons generic via filter on the_content -->","protected":false},"excerpt":{"rendered":"<p>El presidente de Bolivia, Luis Arce, anunci\u00f3 por Cadena Nacional, transmitida a las 23.50 Hs del 11 de Noviembre, que el Censo se realizar\u00e1 en Octubre de 2024. El anuncio fue en la b\u00fasqueda de terminar con el reclamo que, mediante paros y movilizaciones, hace m\u00e1s de 21 d\u00edas se lleva a cabo en el [&hellip;]<!-- AddThis Advanced Settings generic via filter on get_the_excerpt --><!-- AddThis Share Buttons generic via filter on get_the_excerpt --><\/p>\n","protected":false},"author":9,"featured_media":26181,"comment_status":"closed","ping_status":"closed","sticky":false,"template":"","format":"standard","meta":{"_jetpack_memberships_contains_paid_content":false,"footnotes":""},"categories":[1878,1699],"tags":[],"class_list":{"0":"post-26176","1":"post","2":"type-post","3":"status-publish","4":"format-standard","5":"has-post-thumbnail","7":"category-internacional","8":"category-noticias"},"yoast_head":"<!-- This site is optimized with the Yoast SEO plugin v27.4 - https:\/\/yoast.com\/product\/yoast-seo-wordpress\/ -->\n<title>Luis Arce y el MAS resisten un nuevo intento de golpe - Vamos por la Liberaci\u00f3n<\/title>\n<meta name=\"robots\" content=\"index, follow, max-snippet:-1, max-image-preview:large, max-video-preview:-1\" \/>\n<link rel=\"canonical\" href=\"http:\/\/vamosporlaliberacion.org\/crpmlm\/luis-arce-y-el-mas-resisten-un-nuevo-intento-de-golpe\/\" \/>\n<meta name=\"twitter:label1\" content=\"Escrito por\" \/>\n\t<meta name=\"twitter:data1\" content=\"Prensa Vamos\" \/>\n\t<meta name=\"twitter:label2\" content=\"Tiempo de lectura\" \/>\n\t<meta name=\"twitter:data2\" content=\"6 minutos\" \/>\n<script type=\"application\/ld+json\" class=\"yoast-schema-graph\">{\"@context\":\"https:\\\/\\\/schema.org\",\"@graph\":[{\"@type\":\"Article\",\"@id\":\"http:\\\/\\\/vamosporlaliberacion.org\\\/crpmlm\\\/luis-arce-y-el-mas-resisten-un-nuevo-intento-de-golpe\\\/#article\",\"isPartOf\":{\"@id\":\"http:\\\/\\\/vamosporlaliberacion.org\\\/crpmlm\\\/luis-arce-y-el-mas-resisten-un-nuevo-intento-de-golpe\\\/\"},\"author\":{\"name\":\"Prensa Vamos\",\"@id\":\"https:\\\/\\\/vamosporlaliberacion.org\\\/crpmlm\\\/#\\\/schema\\\/person\\\/ebdbd4bf0e9418b9f0c0a93395366b2f\"},\"headline\":\"Luis Arce y el MAS resisten un nuevo intento de golpe\",\"datePublished\":\"2022-11-12T23:49:45+00:00\",\"dateModified\":\"2022-11-12T23:51:14+00:00\",\"mainEntityOfPage\":{\"@id\":\"http:\\\/\\\/vamosporlaliberacion.org\\\/crpmlm\\\/luis-arce-y-el-mas-resisten-un-nuevo-intento-de-golpe\\\/\"},\"wordCount\":1072,\"image\":{\"@id\":\"http:\\\/\\\/vamosporlaliberacion.org\\\/crpmlm\\\/luis-arce-y-el-mas-resisten-un-nuevo-intento-de-golpe\\\/#primaryimage\"},\"thumbnailUrl\":\"https:\\\/\\\/i0.wp.com\\\/vamosporlaliberacion.org\\\/crpmlm\\\/wp-content\\\/uploads\\\/2022\\\/11\\\/arce-1.jpg?fit=923%2C526&ssl=1\",\"articleSection\":[\"Internacional\",\"Noticias\"],\"inLanguage\":\"es\"},{\"@type\":\"WebPage\",\"@id\":\"http:\\\/\\\/vamosporlaliberacion.org\\\/crpmlm\\\/luis-arce-y-el-mas-resisten-un-nuevo-intento-de-golpe\\\/\",\"url\":\"http:\\\/\\\/vamosporlaliberacion.org\\\/crpmlm\\\/luis-arce-y-el-mas-resisten-un-nuevo-intento-de-golpe\\\/\",\"name\":\"Luis Arce y el MAS resisten un nuevo intento de golpe - Vamos por la Liberaci\u00f3n\",\"isPartOf\":{\"@id\":\"https:\\\/\\\/vamosporlaliberacion.org\\\/crpmlm\\\/#website\"},\"primaryImageOfPage\":{\"@id\":\"http:\\\/\\\/vamosporlaliberacion.org\\\/crpmlm\\\/luis-arce-y-el-mas-resisten-un-nuevo-intento-de-golpe\\\/#primaryimage\"},\"image\":{\"@id\":\"http:\\\/\\\/vamosporlaliberacion.org\\\/crpmlm\\\/luis-arce-y-el-mas-resisten-un-nuevo-intento-de-golpe\\\/#primaryimage\"},\"thumbnailUrl\":\"https:\\\/\\\/i0.wp.com\\\/vamosporlaliberacion.org\\\/crpmlm\\\/wp-content\\\/uploads\\\/2022\\\/11\\\/arce-1.jpg?fit=923%2C526&ssl=1\",\"datePublished\":\"2022-11-12T23:49:45+00:00\",\"dateModified\":\"2022-11-12T23:51:14+00:00\",\"author\":{\"@id\":\"https:\\\/\\\/vamosporlaliberacion.org\\\/crpmlm\\\/#\\\/schema\\\/person\\\/ebdbd4bf0e9418b9f0c0a93395366b2f\"},\"breadcrumb\":{\"@id\":\"http:\\\/\\\/vamosporlaliberacion.org\\\/crpmlm\\\/luis-arce-y-el-mas-resisten-un-nuevo-intento-de-golpe\\\/#breadcrumb\"},\"inLanguage\":\"es\",\"potentialAction\":[{\"@type\":\"ReadAction\",\"target\":[\"http:\\\/\\\/vamosporlaliberacion.org\\\/crpmlm\\\/luis-arce-y-el-mas-resisten-un-nuevo-intento-de-golpe\\\/\"]}]},{\"@type\":\"ImageObject\",\"inLanguage\":\"es\",\"@id\":\"http:\\\/\\\/vamosporlaliberacion.org\\\/crpmlm\\\/luis-arce-y-el-mas-resisten-un-nuevo-intento-de-golpe\\\/#primaryimage\",\"url\":\"https:\\\/\\\/i0.wp.com\\\/vamosporlaliberacion.org\\\/crpmlm\\\/wp-content\\\/uploads\\\/2022\\\/11\\\/arce-1.jpg?fit=923%2C526&ssl=1\",\"contentUrl\":\"https:\\\/\\\/i0.wp.com\\\/vamosporlaliberacion.org\\\/crpmlm\\\/wp-content\\\/uploads\\\/2022\\\/11\\\/arce-1.jpg?fit=923%2C526&ssl=1\",\"width\":923,\"height\":526},{\"@type\":\"BreadcrumbList\",\"@id\":\"http:\\\/\\\/vamosporlaliberacion.org\\\/crpmlm\\\/luis-arce-y-el-mas-resisten-un-nuevo-intento-de-golpe\\\/#breadcrumb\",\"itemListElement\":[{\"@type\":\"ListItem\",\"position\":1,\"name\":\"Portada\",\"item\":\"https:\\\/\\\/vamosporlaliberacion.org\\\/crpmlm\\\/\"},{\"@type\":\"ListItem\",\"position\":2,\"name\":\"Luis Arce y el MAS resisten un nuevo intento de golpe\"}]},{\"@type\":\"WebSite\",\"@id\":\"https:\\\/\\\/vamosporlaliberacion.org\\\/crpmlm\\\/#website\",\"url\":\"https:\\\/\\\/vamosporlaliberacion.org\\\/crpmlm\\\/\",\"name\":\"Vamos por la Liberaci\u00f3n\",\"description\":\"Prensa CR\",\"potentialAction\":[{\"@type\":\"SearchAction\",\"target\":{\"@type\":\"EntryPoint\",\"urlTemplate\":\"https:\\\/\\\/vamosporlaliberacion.org\\\/crpmlm\\\/?s={search_term_string}\"},\"query-input\":{\"@type\":\"PropertyValueSpecification\",\"valueRequired\":true,\"valueName\":\"search_term_string\"}}],\"inLanguage\":\"es\"},{\"@type\":\"Person\",\"@id\":\"https:\\\/\\\/vamosporlaliberacion.org\\\/crpmlm\\\/#\\\/schema\\\/person\\\/ebdbd4bf0e9418b9f0c0a93395366b2f\",\"name\":\"Prensa Vamos\",\"sameAs\":[\"http:\\\/\\\/vamposporlaliberacion.org\"],\"url\":\"https:\\\/\\\/vamosporlaliberacion.org\\\/crpmlm\\\/author\\\/editor\\\/\"}]}<\/script>\n<!-- \/ Yoast SEO plugin. -->","yoast_head_json":{"title":"Luis Arce y el MAS resisten un nuevo intento de golpe - Vamos por la Liberaci\u00f3n","robots":{"index":"index","follow":"follow","max-snippet":"max-snippet:-1","max-image-preview":"max-image-preview:large","max-video-preview":"max-video-preview:-1"},"canonical":"http:\/\/vamosporlaliberacion.org\/crpmlm\/luis-arce-y-el-mas-resisten-un-nuevo-intento-de-golpe\/","twitter_misc":{"Escrito por":"Prensa Vamos","Tiempo de lectura":"6 minutos"},"schema":{"@context":"https:\/\/schema.org","@graph":[{"@type":"Article","@id":"http:\/\/vamosporlaliberacion.org\/crpmlm\/luis-arce-y-el-mas-resisten-un-nuevo-intento-de-golpe\/#article","isPartOf":{"@id":"http:\/\/vamosporlaliberacion.org\/crpmlm\/luis-arce-y-el-mas-resisten-un-nuevo-intento-de-golpe\/"},"author":{"name":"Prensa Vamos","@id":"https:\/\/vamosporlaliberacion.org\/crpmlm\/#\/schema\/person\/ebdbd4bf0e9418b9f0c0a93395366b2f"},"headline":"Luis Arce y el MAS resisten un nuevo intento de golpe","datePublished":"2022-11-12T23:49:45+00:00","dateModified":"2022-11-12T23:51:14+00:00","mainEntityOfPage":{"@id":"http:\/\/vamosporlaliberacion.org\/crpmlm\/luis-arce-y-el-mas-resisten-un-nuevo-intento-de-golpe\/"},"wordCount":1072,"image":{"@id":"http:\/\/vamosporlaliberacion.org\/crpmlm\/luis-arce-y-el-mas-resisten-un-nuevo-intento-de-golpe\/#primaryimage"},"thumbnailUrl":"https:\/\/i0.wp.com\/vamosporlaliberacion.org\/crpmlm\/wp-content\/uploads\/2022\/11\/arce-1.jpg?fit=923%2C526&ssl=1","articleSection":["Internacional","Noticias"],"inLanguage":"es"},{"@type":"WebPage","@id":"http:\/\/vamosporlaliberacion.org\/crpmlm\/luis-arce-y-el-mas-resisten-un-nuevo-intento-de-golpe\/","url":"http:\/\/vamosporlaliberacion.org\/crpmlm\/luis-arce-y-el-mas-resisten-un-nuevo-intento-de-golpe\/","name":"Luis Arce y el MAS resisten un nuevo intento de golpe - Vamos por la Liberaci\u00f3n","isPartOf":{"@id":"https:\/\/vamosporlaliberacion.org\/crpmlm\/#website"},"primaryImageOfPage":{"@id":"http:\/\/vamosporlaliberacion.org\/crpmlm\/luis-arce-y-el-mas-resisten-un-nuevo-intento-de-golpe\/#primaryimage"},"image":{"@id":"http:\/\/vamosporlaliberacion.org\/crpmlm\/luis-arce-y-el-mas-resisten-un-nuevo-intento-de-golpe\/#primaryimage"},"thumbnailUrl":"https:\/\/i0.wp.com\/vamosporlaliberacion.org\/crpmlm\/wp-content\/uploads\/2022\/11\/arce-1.jpg?fit=923%2C526&ssl=1","datePublished":"2022-11-12T23:49:45+00:00","dateModified":"2022-11-12T23:51:14+00:00","author":{"@id":"https:\/\/vamosporlaliberacion.org\/crpmlm\/#\/schema\/person\/ebdbd4bf0e9418b9f0c0a93395366b2f"},"breadcrumb":{"@id":"http:\/\/vamosporlaliberacion.org\/crpmlm\/luis-arce-y-el-mas-resisten-un-nuevo-intento-de-golpe\/#breadcrumb"},"inLanguage":"es","potentialAction":[{"@type":"ReadAction","target":["http:\/\/vamosporlaliberacion.org\/crpmlm\/luis-arce-y-el-mas-resisten-un-nuevo-intento-de-golpe\/"]}]},{"@type":"ImageObject","inLanguage":"es","@id":"http:\/\/vamosporlaliberacion.org\/crpmlm\/luis-arce-y-el-mas-resisten-un-nuevo-intento-de-golpe\/#primaryimage","url":"https:\/\/i0.wp.com\/vamosporlaliberacion.org\/crpmlm\/wp-content\/uploads\/2022\/11\/arce-1.jpg?fit=923%2C526&ssl=1","contentUrl":"https:\/\/i0.wp.com\/vamosporlaliberacion.org\/crpmlm\/wp-content\/uploads\/2022\/11\/arce-1.jpg?fit=923%2C526&ssl=1","width":923,"height":526},{"@type":"BreadcrumbList","@id":"http:\/\/vamosporlaliberacion.org\/crpmlm\/luis-arce-y-el-mas-resisten-un-nuevo-intento-de-golpe\/#breadcrumb","itemListElement":[{"@type":"ListItem","position":1,"name":"Portada","item":"https:\/\/vamosporlaliberacion.org\/crpmlm\/"},{"@type":"ListItem","position":2,"name":"Luis Arce y el MAS resisten un nuevo intento de golpe"}]},{"@type":"WebSite","@id":"https:\/\/vamosporlaliberacion.org\/crpmlm\/#website","url":"https:\/\/vamosporlaliberacion.org\/crpmlm\/","name":"Vamos por la Liberaci\u00f3n","description":"Prensa CR","potentialAction":[{"@type":"SearchAction","target":{"@type":"EntryPoint","urlTemplate":"https:\/\/vamosporlaliberacion.org\/crpmlm\/?s={search_term_string}"},"query-input":{"@type":"PropertyValueSpecification","valueRequired":true,"valueName":"search_term_string"}}],"inLanguage":"es"},{"@type":"Person","@id":"https:\/\/vamosporlaliberacion.org\/crpmlm\/#\/schema\/person\/ebdbd4bf0e9418b9f0c0a93395366b2f","name":"Prensa Vamos","sameAs":["http:\/\/vamposporlaliberacion.org"],"url":"https:\/\/vamosporlaliberacion.org\/crpmlm\/author\/editor\/"}]}},"jetpack_featured_media_url":"https:\/\/i0.wp.com\/vamosporlaliberacion.org\/crpmlm\/wp-content\/uploads\/2022\/11\/arce-1.jpg?fit=923%2C526&ssl=1","jetpack_sharing_enabled":true,"_links":{"self":[{"href":"https:\/\/vamosporlaliberacion.org\/crpmlm\/wp-json\/wp\/v2\/posts\/26176","targetHints":{"allow":["GET"]}}],"collection":[{"href":"https:\/\/vamosporlaliberacion.org\/crpmlm\/wp-json\/wp\/v2\/posts"}],"about":[{"href":"https:\/\/vamosporlaliberacion.org\/crpmlm\/wp-json\/wp\/v2\/types\/post"}],"author":[{"embeddable":true,"href":"https:\/\/vamosporlaliberacion.org\/crpmlm\/wp-json\/wp\/v2\/users\/9"}],"replies":[{"embeddable":true,"href":"https:\/\/vamosporlaliberacion.org\/crpmlm\/wp-json\/wp\/v2\/comments?post=26176"}],"version-history":[{"count":2,"href":"https:\/\/vamosporlaliberacion.org\/crpmlm\/wp-json\/wp\/v2\/posts\/26176\/revisions"}],"predecessor-version":[{"id":26184,"href":"https:\/\/vamosporlaliberacion.org\/crpmlm\/wp-json\/wp\/v2\/posts\/26176\/revisions\/26184"}],"wp:featuredmedia":[{"embeddable":true,"href":"https:\/\/vamosporlaliberacion.org\/crpmlm\/wp-json\/wp\/v2\/media\/26181"}],"wp:attachment":[{"href":"https:\/\/vamosporlaliberacion.org\/crpmlm\/wp-json\/wp\/v2\/media?parent=26176"}],"wp:term":[{"taxonomy":"category","embeddable":true,"href":"https:\/\/vamosporlaliberacion.org\/crpmlm\/wp-json\/wp\/v2\/categories?post=26176"},{"taxonomy":"post_tag","embeddable":true,"href":"https:\/\/vamosporlaliberacion.org\/crpmlm\/wp-json\/wp\/v2\/tags?post=26176"}],"curies":[{"name":"wp","href":"https:\/\/api.w.org\/{rel}","templated":true}]}}