{"id":26170,"date":"2022-11-08T21:21:32","date_gmt":"2022-11-09T00:21:32","guid":{"rendered":"http:\/\/vamosporlaliberacion.org\/crpmlm\/?p=26170"},"modified":"2022-11-09T08:29:46","modified_gmt":"2022-11-09T11:29:46","slug":"comunicado-urgente-intento-golpista-en-bolivia","status":"publish","type":"post","link":"https:\/\/vamosporlaliberacion.org\/crpmlm\/comunicado-urgente-intento-golpista-en-bolivia\/","title":{"rendered":"Comunicado Urgente"},"content":{"rendered":"\n<h3 class=\"wp-block-heading\" style=\"text-transform:uppercase\"><strong>NuEVAMENTE SOBREVUELA EL GOLPISMO FASCISTA SOBRE LA HERMANA BOLIVIA<\/strong><\/h3>\n\n\n\n<p class=\"has-text-align-right\"><em>08 de noviembre de 2022<\/em><\/p>\n\n\n\n<p>Hacemos llegar nuestra activa solidaridad con el gobierno del presidente Luis Arce y David Choquehuanca del Estado Plurinacional de Bolivia, frente a los embates golpistas por parte de la derecha fascista que no escatima, con el apoyo de medios de comunicaci\u00f3n, en llevar zozobra y divisi\u00f3n sobre el pueblo Boliviano.<\/p>\n\n\n\n<p>La solidaridad y cobijo que el pueblo y gobierno de nuestro pa\u00eds le brind\u00f3 al hermano Evo Morales y \u00c1lvaro Garc\u00eda Lineras es muestra de una tradici\u00f3n de hermandad entre los pueblos de la regi\u00f3n.<\/p>\n\n\n\n<p>La derecha vuelve si no se la destruye, y vuelve mas envalentonada para tratar de terminar la faena que no pudo concretar con el apoyo de EEUU y la OEA. &nbsp;Pero la lucha y la sangre de nuestras hermanas y hermanos bolivianos logr\u00f3 derrotarlos.<\/p>\n\n\n\n<p>Sin duda este duro aprendizaje deber\u00e1 plasmarse en la necesaria unidad y preparaci\u00f3n para vencer a los que vienen por el litio, el gas y las riquezas soberanas de ese pa\u00eds.<\/p>\n\n\n\n<p>Estamos a disposici\u00f3n y predispuestos para la lucha solidaria desde Argentina. &nbsp;<\/p>\n\n\n\n<p class=\"has-text-align-right\"><strong>Gustavo Funes <\/strong><\/p>\n\n\n\n<h3 class=\"has-text-align-center wp-block-heading\"><strong>Comunismo Revolucionario-PMLM<\/strong><\/h3>\n\n\n\n<h3 class=\"has-text-align-center wp-block-heading\">Movimiento Popula<strong>r Liberaci\u00f3n<\/strong><\/h3>\n\n\n\n<p><\/p>\n<!-- AddThis Advanced Settings generic via filter on the_content --><!-- AddThis Share Buttons generic via filter on the_content -->","protected":false},"excerpt":{"rendered":"<p>NuEVAMENTE SOBREVUELA EL GOLPISMO FASCISTA SOBRE LA HERMANA BOLIVIA 08 de noviembre de 2022 Hacemos llegar nuestra activa solidaridad con el gobierno del presidente Luis Arce y David Choquehuanca del Estado Plurinacional de Bolivia, frente a los embates golpistas por parte de la derecha fascista que no escatima, con el apoyo de medios de comunicaci\u00f3n, [&hellip;]<!-- AddThis Advanced Settings generic via filter on get_the_excerpt --><!-- AddThis Share Buttons generic via filter on get_the_excerpt --><\/p>\n","protected":false},"author":9,"featured_media":26174,"comment_status":"closed","ping_status":"closed","sticky":false,"template":"","format":"standard","meta":{"_jetpack_memberships_contains_paid_content":false,"footnotes":""},"categories":[1699],"tags":[],"class_list":{"0":"post-26170","1":"post","2":"type-post","3":"status-publish","4":"format-standard","5":"has-post-thumbnail","7":"category-noticias"},"yoast_head":"<!-- This site is optimized with the Yoast SEO plugin v27.4 - https:\/\/yoast.com\/product\/yoast-seo-wordpress\/ -->\n<title>Comunicado Urgente - Vamos por la Liberaci\u00f3n<\/title>\n<meta name=\"robots\" content=\"index, follow, max-snippet:-1, max-image-preview:large, max-video-preview:-1\" \/>\n<link rel=\"canonical\" href=\"http:\/\/vamosporlaliberacion.org\/crpmlm\/comunicado-urgente-intento-golpista-en-bolivia\/\" \/>\n<meta name=\"twitter:label1\" content=\"Escrito por\" \/>\n\t<meta name=\"twitter:data1\" content=\"Prensa Vamos\" \/>\n\t<meta name=\"twitter:label2\" content=\"Tiempo de lectura\" \/>\n\t<meta name=\"twitter:data2\" content=\"1 minuto\" \/>\n<script type=\"application\/ld+json\" class=\"yoast-schema-graph\">{\"@context\":\"https:\\\/\\\/schema.org\",\"@graph\":[{\"@type\":\"Article\",\"@id\":\"http:\\\/\\\/vamosporlaliberacion.org\\\/crpmlm\\\/comunicado-urgente-intento-golpista-en-bolivia\\\/#article\",\"isPartOf\":{\"@id\":\"http:\\\/\\\/vamosporlaliberacion.org\\\/crpmlm\\\/comunicado-urgente-intento-golpista-en-bolivia\\\/\"},\"author\":{\"name\":\"Prensa Vamos\",\"@id\":\"https:\\\/\\\/vamosporlaliberacion.org\\\/crpmlm\\\/#\\\/schema\\\/person\\\/ebdbd4bf0e9418b9f0c0a93395366b2f\"},\"headline\":\"Comunicado Urgente\",\"datePublished\":\"2022-11-09T00:21:32+00:00\",\"dateModified\":\"2022-11-09T11:29:46+00:00\",\"mainEntityOfPage\":{\"@id\":\"http:\\\/\\\/vamosporlaliberacion.org\\\/crpmlm\\\/comunicado-urgente-intento-golpista-en-bolivia\\\/\"},\"wordCount\":204,\"image\":{\"@id\":\"http:\\\/\\\/vamosporlaliberacion.org\\\/crpmlm\\\/comunicado-urgente-intento-golpista-en-bolivia\\\/#primaryimage\"},\"thumbnailUrl\":\"https:\\\/\\\/i0.wp.com\\\/vamosporlaliberacion.org\\\/crpmlm\\\/wp-content\\\/uploads\\\/2022\\\/11\\\/IMG-20221109-WA0001.jpg?fit=1200%2C670&ssl=1\",\"articleSection\":[\"Noticias\"],\"inLanguage\":\"es\"},{\"@type\":\"WebPage\",\"@id\":\"http:\\\/\\\/vamosporlaliberacion.org\\\/crpmlm\\\/comunicado-urgente-intento-golpista-en-bolivia\\\/\",\"url\":\"http:\\\/\\\/vamosporlaliberacion.org\\\/crpmlm\\\/comunicado-urgente-intento-golpista-en-bolivia\\\/\",\"name\":\"Comunicado Urgente - Vamos por la Liberaci\u00f3n\",\"isPartOf\":{\"@id\":\"https:\\\/\\\/vamosporlaliberacion.org\\\/crpmlm\\\/#website\"},\"primaryImageOfPage\":{\"@id\":\"http:\\\/\\\/vamosporlaliberacion.org\\\/crpmlm\\\/comunicado-urgente-intento-golpista-en-bolivia\\\/#primaryimage\"},\"image\":{\"@id\":\"http:\\\/\\\/vamosporlaliberacion.org\\\/crpmlm\\\/comunicado-urgente-intento-golpista-en-bolivia\\\/#primaryimage\"},\"thumbnailUrl\":\"https:\\\/\\\/i0.wp.com\\\/vamosporlaliberacion.org\\\/crpmlm\\\/wp-content\\\/uploads\\\/2022\\\/11\\\/IMG-20221109-WA0001.jpg?fit=1200%2C670&ssl=1\",\"datePublished\":\"2022-11-09T00:21:32+00:00\",\"dateModified\":\"2022-11-09T11:29:46+00:00\",\"author\":{\"@id\":\"https:\\\/\\\/vamosporlaliberacion.org\\\/crpmlm\\\/#\\\/schema\\\/person\\\/ebdbd4bf0e9418b9f0c0a93395366b2f\"},\"breadcrumb\":{\"@id\":\"http:\\\/\\\/vamosporlaliberacion.org\\\/crpmlm\\\/comunicado-urgente-intento-golpista-en-bolivia\\\/#breadcrumb\"},\"inLanguage\":\"es\",\"potentialAction\":[{\"@type\":\"ReadAction\",\"target\":[\"http:\\\/\\\/vamosporlaliberacion.org\\\/crpmlm\\\/comunicado-urgente-intento-golpista-en-bolivia\\\/\"]}]},{\"@type\":\"ImageObject\",\"inLanguage\":\"es\",\"@id\":\"http:\\\/\\\/vamosporlaliberacion.org\\\/crpmlm\\\/comunicado-urgente-intento-golpista-en-bolivia\\\/#primaryimage\",\"url\":\"https:\\\/\\\/i0.wp.com\\\/vamosporlaliberacion.org\\\/crpmlm\\\/wp-content\\\/uploads\\\/2022\\\/11\\\/IMG-20221109-WA0001.jpg?fit=1200%2C670&ssl=1\",\"contentUrl\":\"https:\\\/\\\/i0.wp.com\\\/vamosporlaliberacion.org\\\/crpmlm\\\/wp-content\\\/uploads\\\/2022\\\/11\\\/IMG-20221109-WA0001.jpg?fit=1200%2C670&ssl=1\",\"width\":1200,\"height\":670},{\"@type\":\"BreadcrumbList\",\"@id\":\"http:\\\/\\\/vamosporlaliberacion.org\\\/crpmlm\\\/comunicado-urgente-intento-golpista-en-bolivia\\\/#breadcrumb\",\"itemListElement\":[{\"@type\":\"ListItem\",\"position\":1,\"name\":\"Portada\",\"item\":\"https:\\\/\\\/vamosporlaliberacion.org\\\/crpmlm\\\/\"},{\"@type\":\"ListItem\",\"position\":2,\"name\":\"Comunicado Urgente\"}]},{\"@type\":\"WebSite\",\"@id\":\"https:\\\/\\\/vamosporlaliberacion.org\\\/crpmlm\\\/#website\",\"url\":\"https:\\\/\\\/vamosporlaliberacion.org\\\/crpmlm\\\/\",\"name\":\"Vamos por la Liberaci\u00f3n\",\"description\":\"Prensa CR\",\"potentialAction\":[{\"@type\":\"SearchAction\",\"target\":{\"@type\":\"EntryPoint\",\"urlTemplate\":\"https:\\\/\\\/vamosporlaliberacion.org\\\/crpmlm\\\/?s={search_term_string}\"},\"query-input\":{\"@type\":\"PropertyValueSpecification\",\"valueRequired\":true,\"valueName\":\"search_term_string\"}}],\"inLanguage\":\"es\"},{\"@type\":\"Person\",\"@id\":\"https:\\\/\\\/vamosporlaliberacion.org\\\/crpmlm\\\/#\\\/schema\\\/person\\\/ebdbd4bf0e9418b9f0c0a93395366b2f\",\"name\":\"Prensa Vamos\",\"sameAs\":[\"http:\\\/\\\/vamposporlaliberacion.org\"],\"url\":\"https:\\\/\\\/vamosporlaliberacion.org\\\/crpmlm\\\/author\\\/editor\\\/\"}]}<\/script>\n<!-- \/ Yoast SEO plugin. -->","yoast_head_json":{"title":"Comunicado Urgente - Vamos por la Liberaci\u00f3n","robots":{"index":"index","follow":"follow","max-snippet":"max-snippet:-1","max-image-preview":"max-image-preview:large","max-video-preview":"max-video-preview:-1"},"canonical":"http:\/\/vamosporlaliberacion.org\/crpmlm\/comunicado-urgente-intento-golpista-en-bolivia\/","twitter_misc":{"Escrito por":"Prensa Vamos","Tiempo de lectura":"1 minuto"},"schema":{"@context":"https:\/\/schema.org","@graph":[{"@type":"Article","@id":"http:\/\/vamosporlaliberacion.org\/crpmlm\/comunicado-urgente-intento-golpista-en-bolivia\/#article","isPartOf":{"@id":"http:\/\/vamosporlaliberacion.org\/crpmlm\/comunicado-urgente-intento-golpista-en-bolivia\/"},"author":{"name":"Prensa Vamos","@id":"https:\/\/vamosporlaliberacion.org\/crpmlm\/#\/schema\/person\/ebdbd4bf0e9418b9f0c0a93395366b2f"},"headline":"Comunicado Urgente","datePublished":"2022-11-09T00:21:32+00:00","dateModified":"2022-11-09T11:29:46+00:00","mainEntityOfPage":{"@id":"http:\/\/vamosporlaliberacion.org\/crpmlm\/comunicado-urgente-intento-golpista-en-bolivia\/"},"wordCount":204,"image":{"@id":"http:\/\/vamosporlaliberacion.org\/crpmlm\/comunicado-urgente-intento-golpista-en-bolivia\/#primaryimage"},"thumbnailUrl":"https:\/\/i0.wp.com\/vamosporlaliberacion.org\/crpmlm\/wp-content\/uploads\/2022\/11\/IMG-20221109-WA0001.jpg?fit=1200%2C670&ssl=1","articleSection":["Noticias"],"inLanguage":"es"},{"@type":"WebPage","@id":"http:\/\/vamosporlaliberacion.org\/crpmlm\/comunicado-urgente-intento-golpista-en-bolivia\/","url":"http:\/\/vamosporlaliberacion.org\/crpmlm\/comunicado-urgente-intento-golpista-en-bolivia\/","name":"Comunicado Urgente - Vamos por la Liberaci\u00f3n","isPartOf":{"@id":"https:\/\/vamosporlaliberacion.org\/crpmlm\/#website"},"primaryImageOfPage":{"@id":"http:\/\/vamosporlaliberacion.org\/crpmlm\/comunicado-urgente-intento-golpista-en-bolivia\/#primaryimage"},"image":{"@id":"http:\/\/vamosporlaliberacion.org\/crpmlm\/comunicado-urgente-intento-golpista-en-bolivia\/#primaryimage"},"thumbnailUrl":"https:\/\/i0.wp.com\/vamosporlaliberacion.org\/crpmlm\/wp-content\/uploads\/2022\/11\/IMG-20221109-WA0001.jpg?fit=1200%2C670&ssl=1","datePublished":"2022-11-09T00:21:32+00:00","dateModified":"2022-11-09T11:29:46+00:00","author":{"@id":"https:\/\/vamosporlaliberacion.org\/crpmlm\/#\/schema\/person\/ebdbd4bf0e9418b9f0c0a93395366b2f"},"breadcrumb":{"@id":"http:\/\/vamosporlaliberacion.org\/crpmlm\/comunicado-urgente-intento-golpista-en-bolivia\/#breadcrumb"},"inLanguage":"es","potentialAction":[{"@type":"ReadAction","target":["http:\/\/vamosporlaliberacion.org\/crpmlm\/comunicado-urgente-intento-golpista-en-bolivia\/"]}]},{"@type":"ImageObject","inLanguage":"es","@id":"http:\/\/vamosporlaliberacion.org\/crpmlm\/comunicado-urgente-intento-golpista-en-bolivia\/#primaryimage","url":"https:\/\/i0.wp.com\/vamosporlaliberacion.org\/crpmlm\/wp-content\/uploads\/2022\/11\/IMG-20221109-WA0001.jpg?fit=1200%2C670&ssl=1","contentUrl":"https:\/\/i0.wp.com\/vamosporlaliberacion.org\/crpmlm\/wp-content\/uploads\/2022\/11\/IMG-20221109-WA0001.jpg?fit=1200%2C670&ssl=1","width":1200,"height":670},{"@type":"BreadcrumbList","@id":"http:\/\/vamosporlaliberacion.org\/crpmlm\/comunicado-urgente-intento-golpista-en-bolivia\/#breadcrumb","itemListElement":[{"@type":"ListItem","position":1,"name":"Portada","item":"https:\/\/vamosporlaliberacion.org\/crpmlm\/"},{"@type":"ListItem","position":2,"name":"Comunicado Urgente"}]},{"@type":"WebSite","@id":"https:\/\/vamosporlaliberacion.org\/crpmlm\/#website","url":"https:\/\/vamosporlaliberacion.org\/crpmlm\/","name":"Vamos por la Liberaci\u00f3n","description":"Prensa CR","potentialAction":[{"@type":"SearchAction","target":{"@type":"EntryPoint","urlTemplate":"https:\/\/vamosporlaliberacion.org\/crpmlm\/?s={search_term_string}"},"query-input":{"@type":"PropertyValueSpecification","valueRequired":true,"valueName":"search_term_string"}}],"inLanguage":"es"},{"@type":"Person","@id":"https:\/\/vamosporlaliberacion.org\/crpmlm\/#\/schema\/person\/ebdbd4bf0e9418b9f0c0a93395366b2f","name":"Prensa Vamos","sameAs":["http:\/\/vamposporlaliberacion.org"],"url":"https:\/\/vamosporlaliberacion.org\/crpmlm\/author\/editor\/"}]}},"jetpack_featured_media_url":"https:\/\/i0.wp.com\/vamosporlaliberacion.org\/crpmlm\/wp-content\/uploads\/2022\/11\/IMG-20221109-WA0001.jpg?fit=1200%2C670&ssl=1","jetpack_sharing_enabled":true,"_links":{"self":[{"href":"https:\/\/vamosporlaliberacion.org\/crpmlm\/wp-json\/wp\/v2\/posts\/26170","targetHints":{"allow":["GET"]}}],"collection":[{"href":"https:\/\/vamosporlaliberacion.org\/crpmlm\/wp-json\/wp\/v2\/posts"}],"about":[{"href":"https:\/\/vamosporlaliberacion.org\/crpmlm\/wp-json\/wp\/v2\/types\/post"}],"author":[{"embeddable":true,"href":"https:\/\/vamosporlaliberacion.org\/crpmlm\/wp-json\/wp\/v2\/users\/9"}],"replies":[{"embeddable":true,"href":"https:\/\/vamosporlaliberacion.org\/crpmlm\/wp-json\/wp\/v2\/comments?post=26170"}],"version-history":[{"count":1,"href":"https:\/\/vamosporlaliberacion.org\/crpmlm\/wp-json\/wp\/v2\/posts\/26170\/revisions"}],"predecessor-version":[{"id":26172,"href":"https:\/\/vamosporlaliberacion.org\/crpmlm\/wp-json\/wp\/v2\/posts\/26170\/revisions\/26172"}],"wp:featuredmedia":[{"embeddable":true,"href":"https:\/\/vamosporlaliberacion.org\/crpmlm\/wp-json\/wp\/v2\/media\/26174"}],"wp:attachment":[{"href":"https:\/\/vamosporlaliberacion.org\/crpmlm\/wp-json\/wp\/v2\/media?parent=26170"}],"wp:term":[{"taxonomy":"category","embeddable":true,"href":"https:\/\/vamosporlaliberacion.org\/crpmlm\/wp-json\/wp\/v2\/categories?post=26170"},{"taxonomy":"post_tag","embeddable":true,"href":"https:\/\/vamosporlaliberacion.org\/crpmlm\/wp-json\/wp\/v2\/tags?post=26170"}],"curies":[{"name":"wp","href":"https:\/\/api.w.org\/{rel}","templated":true}]}}