{"id":26035,"date":"2022-10-16T20:46:59","date_gmt":"2022-10-16T23:46:59","guid":{"rendered":"http:\/\/vamosporlaliberacion.org\/crpmlm\/?p=26035"},"modified":"2022-10-16T20:48:57","modified_gmt":"2022-10-16T23:48:57","slug":"crimea-atentado-al-puente-y-despues","status":"publish","type":"post","link":"https:\/\/vamosporlaliberacion.org\/crpmlm\/crimea-atentado-al-puente-y-despues\/","title":{"rendered":"Crimea, atentado al puente y despu\u00e9s"},"content":{"rendered":"\n<p>El s\u00e1bado 8 de Octubre un atentado realizado con un autobomba desplom\u00f3 uno de los carriles del puente del estrecho de Kerch. La explosi\u00f3n fue de tal magnitud que alcanz\u00f3 a un tren de carga que trasladaba por ese mismo puente combustible rumbo a Crimea, lo cual trajo aparejado un incendio que dur\u00f3 varias horas. Hasta el momento se reportaron 3 muertes por el estallido.<\/p>\n\n\n\n<p>El puente es uno de los m\u00e1s largos de Europa, 19 km. en total, y es el \u00fanico punto de contacto entre la estrat\u00e9gica Crimea y Rusia. Construido en 2018 fue un monumento de la concreci\u00f3n de la anexi\u00f3n de Crimea por parte de la Federaci\u00f3n de Rusia. Adem\u00e1s, estrat\u00e9gicamente tiene un valor alto ya que es a trav\u00e9s de ese puente que Rusia abastece a las tropas que avanzaron sobre el sudeste ucraniano. Tras el atentado, y debido a que no se logr\u00f3 romper la totalidad de la estructura, el puente continu\u00f3 funcionando una vez que se pudo apagar el fuego del tren en llamas y que se termin\u00f3 la investigaci\u00f3n sobre el ataque. Seg\u00fan afirmaron fuentes rusas, nunca corri\u00f3 peligro la provisi\u00f3n de Crimea.<\/p>\n\n\n\n<p>El atentado tuvo lugar pocos d\u00edas despu\u00e9s del sabotaje contra los gasoductos Nord Stream 1 y 2. Por eso la Duma estatal rusa dijo <strong>\u201cEl ataque terrorista en el puente de Crimea ya no es solo un desaf\u00edo, sino una declaraci\u00f3n de guerra sin reglas\u201d<\/strong>. La posibilidad de pasar de un enfrentamiento t\u00e1ctico a una guerra total, en consecuencia, se agranda, ya que seg\u00fan la perspectiva de la Duma <strong>\u201cSi guardamos silencio y no damos una respuesta adecuada, tales ataques terroristas se multiplicar\u00e1n\u201d<\/strong>.<\/p>\n\n\n\n<p>Ni bien se produjo el atentado, Putin orden\u00f3 crear una delegaci\u00f3n que investigue los autores del ataque. Ahora se sabe el resultado de ello, al menos para el presidente ruso: fueron los servicios secretos ucranianos.<\/p>\n\n\n<div class=\"wp-block-image\">\n<figure class=\"aligncenter size-full is-resized\"><img data-recalc-dims=\"1\" loading=\"lazy\" decoding=\"async\" src=\"https:\/\/i0.wp.com\/vamosporlaliberacion.org\/crpmlm\/wp-content\/uploads\/2022\/10\/crimea2.jpg?resize=484%2C271\" alt=\"\" class=\"wp-image-26040\" width=\"484\" height=\"271\" srcset=\"https:\/\/i0.wp.com\/vamosporlaliberacion.org\/crpmlm\/wp-content\/uploads\/2022\/10\/crimea2.jpg?w=700&amp;ssl=1 700w, https:\/\/i0.wp.com\/vamosporlaliberacion.org\/crpmlm\/wp-content\/uploads\/2022\/10\/crimea2.jpg?resize=300%2C168&amp;ssl=1 300w, https:\/\/i0.wp.com\/vamosporlaliberacion.org\/crpmlm\/wp-content\/uploads\/2022\/10\/crimea2.jpg?resize=150%2C84&amp;ssl=1 150w, https:\/\/i0.wp.com\/vamosporlaliberacion.org\/crpmlm\/wp-content\/uploads\/2022\/10\/crimea2.jpg?resize=696%2C390&amp;ssl=1 696w\" sizes=\"auto, (max-width: 484px) 100vw, 484px\" \/><\/figure>\n<\/div>\n\n\n<p>Si bien Ucrania no se autoproclam\u00f3 autora de la voladura del puente, s\u00ed se han manifestado de diversas maneras varios integrantes del gobierno. Inclusive, as\u00ed es como desde la cuenta oficial de Twitter de la presidencia ucraniana public\u00f3:<\/p>\n\n\n<div class=\"wp-block-image\">\n<figure class=\"aligncenter size-full\"><img data-recalc-dims=\"1\" loading=\"lazy\" decoding=\"async\" width=\"515\" height=\"249\" src=\"https:\/\/i0.wp.com\/vamosporlaliberacion.org\/crpmlm\/wp-content\/uploads\/2022\/10\/crimea3.jpg?resize=515%2C249\" alt=\"\" class=\"wp-image-26039\" srcset=\"https:\/\/i0.wp.com\/vamosporlaliberacion.org\/crpmlm\/wp-content\/uploads\/2022\/10\/crimea3.jpg?w=515&amp;ssl=1 515w, https:\/\/i0.wp.com\/vamosporlaliberacion.org\/crpmlm\/wp-content\/uploads\/2022\/10\/crimea3.jpg?resize=300%2C145&amp;ssl=1 300w, https:\/\/i0.wp.com\/vamosporlaliberacion.org\/crpmlm\/wp-content\/uploads\/2022\/10\/crimea3.jpg?resize=150%2C73&amp;ssl=1 150w\" sizes=\"auto, (max-width: 515px) 100vw, 515px\" \/><\/figure>\n<\/div>\n\n\n<p>En la utilizaci\u00f3n de una expresi\u00f3n en ingl\u00e9s del tipo \u201ctremendo incendio\u201d, la cuenta oficial ucraniana parece tomarse a la ligera el atentado y las consecuencias que el mismo iba a provocar. Tambi\u00e9n el asistente del presidente Volodymyr Zelensky, Mikhail Podoliak, public\u00f3 en Twitter \u201cCrimea, el puente, el comienzo. Todo lo ilegal debe ser destruido, todo lo robado debe ser devuelto a Ucrania, todo lo ocupado por Rusia debe ser expulsado\u201d. El mensaje tambi\u00e9n fue escrito, al igual que el de la cuenta oficial de la presidencia, en ingl\u00e9s.<\/p>\n\n\n\n<p>La explosi\u00f3n en el puente de Crimea no solo inaugura un nuevo ascenso en los niveles del conflicto, sino que tambi\u00e9n funciona como met\u00e1fora de que el tiempo de \u201ctender puentes\u201d entre los pa\u00edses enfrentados parece ya no ser una opci\u00f3n viable.<\/p>\n\n\n\n<p>REPRESALIAS INMEDIATAS<\/p>\n\n\n\n<p>Ni bien se termin\u00f3 de dictaminar qui\u00e9nes fueron, para Rusia, los responsables del atentado, se lanz\u00f3 el ataque en respuesta. Durante la noche del 9 de octubre, m\u00e1s de 100 misiles fueron disparados desde tierra, aire y agua con impacto en sectores estrat\u00e9gicos como instalaciones de energ\u00eda, comando militar y comunicaciones, en distintas zonas de Ucrania, incluida la capital Kiev. Seg\u00fan los reportes oficiales del gobierno ucraniano, hubo 11 muertos y m\u00e1s de 60 heridos. Debido a la precisi\u00f3n de los misiles rusos sobre fuentes de energ\u00eda, actualmente en Ucrania hay problemas de suministro de electricidad, agua e internet. Estos lanzamientos contin\u00faan hasta el d\u00eda de hoy.<\/p>\n\n\n<div class=\"wp-block-image\">\n<figure class=\"aligncenter size-large is-resized\"><img data-recalc-dims=\"1\" loading=\"lazy\" decoding=\"async\" src=\"https:\/\/i0.wp.com\/vamosporlaliberacion.org\/crpmlm\/wp-content\/uploads\/2022\/10\/crimea4-700x700.jpg?resize=553%2C553\" alt=\"\" class=\"wp-image-26038\" width=\"553\" height=\"553\" srcset=\"https:\/\/i0.wp.com\/vamosporlaliberacion.org\/crpmlm\/wp-content\/uploads\/2022\/10\/crimea4.jpg?w=700&amp;ssl=1 700w, https:\/\/i0.wp.com\/vamosporlaliberacion.org\/crpmlm\/wp-content\/uploads\/2022\/10\/crimea4.jpg?resize=300%2C300&amp;ssl=1 300w, https:\/\/i0.wp.com\/vamosporlaliberacion.org\/crpmlm\/wp-content\/uploads\/2022\/10\/crimea4.jpg?resize=150%2C150&amp;ssl=1 150w, https:\/\/i0.wp.com\/vamosporlaliberacion.org\/crpmlm\/wp-content\/uploads\/2022\/10\/crimea4.jpg?resize=696%2C696&amp;ssl=1 696w, https:\/\/i0.wp.com\/vamosporlaliberacion.org\/crpmlm\/wp-content\/uploads\/2022\/10\/crimea4.jpg?resize=420%2C420&amp;ssl=1 420w\" sizes=\"auto, (max-width: 553px) 100vw, 553px\" \/><\/figure>\n<\/div>\n\n\n<p>Antes de estos ataques, el mismo d\u00eda del atentado, el otro signo de escalamiento del conflicto fue que Putin design\u00f3 al frente del Ej\u00e9rcito que lleva a cabo la Operaci\u00f3n Militar Especial en Ucrania a Sergey Surovikin, un conocido alto mando quien ya tiene fama de criminal de guerra y que lleva el apodo \u201cComandante Armagedon\u201d. Es recordado por su participaci\u00f3n en Alepo, donde se atacaron m\u00faltiples objetivos civiles y a bombazos se termin\u00f3 por destruir gran parte de esa ciudad. Por esas \u201ctareas\u201d recibi\u00f3 el t\u00edtulo de H\u00e9roe de Rusia y una medalla por su servicio en Siria. Todo un mensaje para la dirigencia ucraniana de lo que hay en el horizonte.<\/p>\n\n\n\n<p>EN MEDIO DEL FUEGO, LAS VOCES DE LOS INVOLUCRADOS EN EL CONFLICTO<\/p>\n\n\n\n<p>Va quedando claro el panorama en el enfrentamiento entre la OTAN \u2013mediante la utilizaci\u00f3n de Ucrania- y Rusia. El ex actor y ahora presidente ucraniano Volodymyr Zelensky centra su campa\u00f1a, en medio de las muertes y p\u00e9rdidas materiales de la guerra (acompa\u00f1ado por un endeudamiento impagable en material b\u00e9lico), en mensajes grabados con estilo cinematogr\u00e1fico y parece no responsabilizarse de haber sometido al pueblo ucraniano a este enfrentamiento tras haber expresado su deseo de ingresar a la OTAN -una provocaci\u00f3n exigida por Estados Unidos y que nadie ten\u00eda la menor duda que iba a traer consecuencias como las que se est\u00e1n viviendo-. Ahora, tras el atentado al puente de Crimea, el Gobierno ucraniano lanz\u00f3 un nuevo sello postal con la imagen del puente en llamas. Ese mismo sello postal fue impreso en tama\u00f1o gigante y puesto frente a la oficina del alcalde de Kiev, donde los ucranianos y las ucranianas asist\u00edan para tomarse una foto.<\/p>\n\n\n<div class=\"wp-block-image\">\n<figure class=\"aligncenter size-full is-resized\"><img data-recalc-dims=\"1\" loading=\"lazy\" decoding=\"async\" src=\"https:\/\/i0.wp.com\/vamosporlaliberacion.org\/crpmlm\/wp-content\/uploads\/2022\/10\/crimea5.jpg?resize=463%2C463\" alt=\"\" class=\"wp-image-26037\" width=\"463\" height=\"463\" srcset=\"https:\/\/i0.wp.com\/vamosporlaliberacion.org\/crpmlm\/wp-content\/uploads\/2022\/10\/crimea5.jpg?w=626&amp;ssl=1 626w, https:\/\/i0.wp.com\/vamosporlaliberacion.org\/crpmlm\/wp-content\/uploads\/2022\/10\/crimea5.jpg?resize=300%2C300&amp;ssl=1 300w, https:\/\/i0.wp.com\/vamosporlaliberacion.org\/crpmlm\/wp-content\/uploads\/2022\/10\/crimea5.jpg?resize=150%2C150&amp;ssl=1 150w, https:\/\/i0.wp.com\/vamosporlaliberacion.org\/crpmlm\/wp-content\/uploads\/2022\/10\/crimea5.jpg?resize=420%2C420&amp;ssl=1 420w\" sizes=\"auto, (max-width: 463px) 100vw, 463px\" \/><\/figure>\n<\/div>\n\n\n<p>Asimismo, la dirigencia de Europa Occidental se debate en su rol como s\u00fabdito de Estados Unidos aun y a pesar de las consecuencias \u2013por ahora principalmente econ\u00f3micas- que esto trae para su poblaci\u00f3n. As\u00ed es como empiezan a surgir, desde distintos lugares, voces que plantean la conflictividad de esta sumisi\u00f3n. Un ejemplo es la Eurodiputada irlandesa, Claire Daly, quien durante una sesi\u00f3n en la C\u00e1mara del Parlamento Europeo dijo: \u201cLa guerra en Ucrania est\u00e1 escalando r\u00e1pidamente hacia un horror mayor. Y, por lo que veo, pr\u00e1cticamente nadie en esta c\u00e1mara est\u00e1 haciendo nada para prevenirlo. De hecho, parece que a la mayor\u00eda de la gente le gusta que est\u00e9 escalando. [\u2026] <strong>La clase trabajadora de Europa no tiene nada que ganar con esta guerra y s\u00ed todo que perder. Me parece rid\u00edculo que aquellos que piden armas para Ucrania nunca pidan armas para el pueblo de Palestina o el de Yemen<\/strong>\u201d. Josep Borrell es el Vicepresidente de la Comisi\u00f3n Europea, jefe de las relaciones exteriores, y durante una reuni\u00f3n de dicho espacio expres\u00f3: \u201cNuestra prosperidad estaba basada en energ\u00eda barata que ven\u00eda de Rusia, gas barato y sustentable en un suministro desde Rusia que aparentaba ser estable. Y tambi\u00e9n en el acceso a los bienes producidos por China, donde <strong>los salarios bajos de los trabajadores en China hicieron mucho m\u00e1s que nuestros bancos centrales para mantener un bajo n\u00famero de inflaci\u00f3n\u201d<\/strong>.<\/p>\n\n\n\n<p>En Estados Unidos, Joe Biden que hac\u00eda poco tiempo hab\u00eda asegurado que el mundo se aproxima como nunca antes al Armaged\u00f3n, ahora prometi\u00f3 que \u201cJunto a nuestros aliados y socios, seguiremos imponiendo costes a Rusia por su agresi\u00f3n, haciendo que Putin y Rusia rindan cuentas por sus atrocidades y cr\u00edmenes de guerra, y proporcionando el apoyo necesario para que las fuerzas ucranianas defiendan su pa\u00eds y su libertad\u201d. El ex presidente Trump dijo durante un acto del Partido Republicano que \u00ab<strong>Debemos exigir la negociaci\u00f3n inmediata de un fin pac\u00edfico a la guerra en Ucrania o terminaremos en la Tercera Guerra Mundial y nada quedar\u00e1 en nuestro planeta<\/strong> [\u2026] Nunca habr\u00edamos tenido una guerra como esta y todo se debe a gente est\u00fapida que no entiende nada\u00bb, en clara alusi\u00f3n al m\u00e1ximo representante del Partido Dem\u00f3crata.<\/p>\n\n\n\n<p><a><\/a> El conflicto sube de temperatura y tras el atentado al puente de Crimea parece no haber retorno para un pueblo ucraniano que enfrentar\u00e1 d\u00edas muy duros de avance del ej\u00e9rcito ruso. <strong>Mientras, el enfrentamiento interimperialista entre Rusia y Estados Unidos contin\u00faa sin importar las consecuencias humanas ni econ\u00f3micas para todos los pueblos del mundo. Cuando la disputa de mercados y fronteras est\u00e1 en la mesa, todo lo dem\u00e1s entra en la lista de posibles da\u00f1os colaterales.<\/strong> As\u00ed es como Rusia pretende que mediante el avance militar y el lanzamiento de misiles pueda sentar a negociar de una vez a un Estados Unidos que en la comodidad de la distancia, avanza en la sumisi\u00f3n de los pa\u00edses integrantes de la Uni\u00f3n Europea y el mercado de energ\u00eda para abastecer a esos pa\u00edses.<\/p>\n<!-- AddThis Advanced Settings generic via filter on the_content --><!-- AddThis Share Buttons generic via filter on the_content -->","protected":false},"excerpt":{"rendered":"<p>El s\u00e1bado 8 de Octubre un atentado realizado con un autobomba desplom\u00f3 uno de los carriles del puente del estrecho de Kerch. La explosi\u00f3n fue de tal magnitud que alcanz\u00f3 a un tren de carga que trasladaba por ese mismo puente combustible rumbo a Crimea, lo cual trajo aparejado un incendio que dur\u00f3 varias horas. [&hellip;]<!-- AddThis Advanced Settings generic via filter on get_the_excerpt --><!-- AddThis Share Buttons generic via filter on get_the_excerpt --><\/p>\n","protected":false},"author":9,"featured_media":26041,"comment_status":"open","ping_status":"open","sticky":false,"template":"","format":"standard","meta":{"_jetpack_memberships_contains_paid_content":false,"footnotes":""},"categories":[1878,1699],"tags":[],"class_list":{"0":"post-26035","1":"post","2":"type-post","3":"status-publish","4":"format-standard","5":"has-post-thumbnail","7":"category-internacional","8":"category-noticias"},"yoast_head":"<!-- This site is optimized with the Yoast SEO plugin v27.4 - https:\/\/yoast.com\/product\/yoast-seo-wordpress\/ -->\n<title>Crimea, atentado al puente y despu\u00e9s - Vamos por la Liberaci\u00f3n<\/title>\n<meta name=\"description\" content=\"El s\u00e1bado 8 de Octubre un atentado realizado con un autobomba desplom\u00f3 uno de los carriles del puente del estrecho de Kerch. La explosi\u00f3n fue de tal magnitud que alcanz\u00f3 a un tren de carga que trasladaba por ese mismo puente combustible rumbo a Crimea, lo cual trajo aparejado un incendio que dur\u00f3 varias horas. Hasta el momento se reportaron 3 muertes por el estallido.\" \/>\n<meta name=\"robots\" content=\"index, follow, max-snippet:-1, max-image-preview:large, max-video-preview:-1\" \/>\n<link rel=\"canonical\" href=\"http:\/\/vamosporlaliberacion.org\/crpmlm\/crimea-atentado-al-puente-y-despues\/\" \/>\n<meta name=\"twitter:label1\" content=\"Escrito por\" \/>\n\t<meta name=\"twitter:data1\" content=\"Prensa Vamos\" \/>\n\t<meta name=\"twitter:label2\" content=\"Tiempo de lectura\" \/>\n\t<meta name=\"twitter:data2\" content=\"8 minutos\" \/>\n<script type=\"application\/ld+json\" class=\"yoast-schema-graph\">{\"@context\":\"https:\\\/\\\/schema.org\",\"@graph\":[{\"@type\":\"Article\",\"@id\":\"http:\\\/\\\/vamosporlaliberacion.org\\\/crpmlm\\\/crimea-atentado-al-puente-y-despues\\\/#article\",\"isPartOf\":{\"@id\":\"http:\\\/\\\/vamosporlaliberacion.org\\\/crpmlm\\\/crimea-atentado-al-puente-y-despues\\\/\"},\"author\":{\"name\":\"Prensa Vamos\",\"@id\":\"https:\\\/\\\/vamosporlaliberacion.org\\\/crpmlm\\\/#\\\/schema\\\/person\\\/ebdbd4bf0e9418b9f0c0a93395366b2f\"},\"headline\":\"Crimea, atentado al puente y despu\u00e9s\",\"datePublished\":\"2022-10-16T23:46:59+00:00\",\"dateModified\":\"2022-10-16T23:48:57+00:00\",\"mainEntityOfPage\":{\"@id\":\"http:\\\/\\\/vamosporlaliberacion.org\\\/crpmlm\\\/crimea-atentado-al-puente-y-despues\\\/\"},\"wordCount\":1462,\"commentCount\":0,\"image\":{\"@id\":\"http:\\\/\\\/vamosporlaliberacion.org\\\/crpmlm\\\/crimea-atentado-al-puente-y-despues\\\/#primaryimage\"},\"thumbnailUrl\":\"https:\\\/\\\/i0.wp.com\\\/vamosporlaliberacion.org\\\/crpmlm\\\/wp-content\\\/uploads\\\/2022\\\/10\\\/crimea1.jpg?fit=700%2C394&ssl=1\",\"articleSection\":[\"Internacional\",\"Noticias\"],\"inLanguage\":\"es\",\"potentialAction\":[{\"@type\":\"CommentAction\",\"name\":\"Comment\",\"target\":[\"http:\\\/\\\/vamosporlaliberacion.org\\\/crpmlm\\\/crimea-atentado-al-puente-y-despues\\\/#respond\"]}]},{\"@type\":\"WebPage\",\"@id\":\"http:\\\/\\\/vamosporlaliberacion.org\\\/crpmlm\\\/crimea-atentado-al-puente-y-despues\\\/\",\"url\":\"http:\\\/\\\/vamosporlaliberacion.org\\\/crpmlm\\\/crimea-atentado-al-puente-y-despues\\\/\",\"name\":\"Crimea, atentado al puente y despu\u00e9s - Vamos por la Liberaci\u00f3n\",\"isPartOf\":{\"@id\":\"https:\\\/\\\/vamosporlaliberacion.org\\\/crpmlm\\\/#website\"},\"primaryImageOfPage\":{\"@id\":\"http:\\\/\\\/vamosporlaliberacion.org\\\/crpmlm\\\/crimea-atentado-al-puente-y-despues\\\/#primaryimage\"},\"image\":{\"@id\":\"http:\\\/\\\/vamosporlaliberacion.org\\\/crpmlm\\\/crimea-atentado-al-puente-y-despues\\\/#primaryimage\"},\"thumbnailUrl\":\"https:\\\/\\\/i0.wp.com\\\/vamosporlaliberacion.org\\\/crpmlm\\\/wp-content\\\/uploads\\\/2022\\\/10\\\/crimea1.jpg?fit=700%2C394&ssl=1\",\"datePublished\":\"2022-10-16T23:46:59+00:00\",\"dateModified\":\"2022-10-16T23:48:57+00:00\",\"author\":{\"@id\":\"https:\\\/\\\/vamosporlaliberacion.org\\\/crpmlm\\\/#\\\/schema\\\/person\\\/ebdbd4bf0e9418b9f0c0a93395366b2f\"},\"description\":\"El s\u00e1bado 8 de Octubre un atentado realizado con un autobomba desplom\u00f3 uno de los carriles del puente del estrecho de Kerch. La explosi\u00f3n fue de tal magnitud que alcanz\u00f3 a un tren de carga que trasladaba por ese mismo puente combustible rumbo a Crimea, lo cual trajo aparejado un incendio que dur\u00f3 varias horas. Hasta el momento se reportaron 3 muertes por el estallido.\",\"breadcrumb\":{\"@id\":\"http:\\\/\\\/vamosporlaliberacion.org\\\/crpmlm\\\/crimea-atentado-al-puente-y-despues\\\/#breadcrumb\"},\"inLanguage\":\"es\",\"potentialAction\":[{\"@type\":\"ReadAction\",\"target\":[\"http:\\\/\\\/vamosporlaliberacion.org\\\/crpmlm\\\/crimea-atentado-al-puente-y-despues\\\/\"]}]},{\"@type\":\"ImageObject\",\"inLanguage\":\"es\",\"@id\":\"http:\\\/\\\/vamosporlaliberacion.org\\\/crpmlm\\\/crimea-atentado-al-puente-y-despues\\\/#primaryimage\",\"url\":\"https:\\\/\\\/i0.wp.com\\\/vamosporlaliberacion.org\\\/crpmlm\\\/wp-content\\\/uploads\\\/2022\\\/10\\\/crimea1.jpg?fit=700%2C394&ssl=1\",\"contentUrl\":\"https:\\\/\\\/i0.wp.com\\\/vamosporlaliberacion.org\\\/crpmlm\\\/wp-content\\\/uploads\\\/2022\\\/10\\\/crimea1.jpg?fit=700%2C394&ssl=1\",\"width\":700,\"height\":394},{\"@type\":\"BreadcrumbList\",\"@id\":\"http:\\\/\\\/vamosporlaliberacion.org\\\/crpmlm\\\/crimea-atentado-al-puente-y-despues\\\/#breadcrumb\",\"itemListElement\":[{\"@type\":\"ListItem\",\"position\":1,\"name\":\"Portada\",\"item\":\"https:\\\/\\\/vamosporlaliberacion.org\\\/crpmlm\\\/\"},{\"@type\":\"ListItem\",\"position\":2,\"name\":\"Crimea, atentado al puente y despu\u00e9s\"}]},{\"@type\":\"WebSite\",\"@id\":\"https:\\\/\\\/vamosporlaliberacion.org\\\/crpmlm\\\/#website\",\"url\":\"https:\\\/\\\/vamosporlaliberacion.org\\\/crpmlm\\\/\",\"name\":\"Vamos por la Liberaci\u00f3n\",\"description\":\"Prensa CR\",\"potentialAction\":[{\"@type\":\"SearchAction\",\"target\":{\"@type\":\"EntryPoint\",\"urlTemplate\":\"https:\\\/\\\/vamosporlaliberacion.org\\\/crpmlm\\\/?s={search_term_string}\"},\"query-input\":{\"@type\":\"PropertyValueSpecification\",\"valueRequired\":true,\"valueName\":\"search_term_string\"}}],\"inLanguage\":\"es\"},{\"@type\":\"Person\",\"@id\":\"https:\\\/\\\/vamosporlaliberacion.org\\\/crpmlm\\\/#\\\/schema\\\/person\\\/ebdbd4bf0e9418b9f0c0a93395366b2f\",\"name\":\"Prensa Vamos\",\"sameAs\":[\"http:\\\/\\\/vamposporlaliberacion.org\"],\"url\":\"https:\\\/\\\/vamosporlaliberacion.org\\\/crpmlm\\\/author\\\/editor\\\/\"}]}<\/script>\n<!-- \/ Yoast SEO plugin. -->","yoast_head_json":{"title":"Crimea, atentado al puente y despu\u00e9s - Vamos por la Liberaci\u00f3n","description":"El s\u00e1bado 8 de Octubre un atentado realizado con un autobomba desplom\u00f3 uno de los carriles del puente del estrecho de Kerch. La explosi\u00f3n fue de tal magnitud que alcanz\u00f3 a un tren de carga que trasladaba por ese mismo puente combustible rumbo a Crimea, lo cual trajo aparejado un incendio que dur\u00f3 varias horas. Hasta el momento se reportaron 3 muertes por el estallido.","robots":{"index":"index","follow":"follow","max-snippet":"max-snippet:-1","max-image-preview":"max-image-preview:large","max-video-preview":"max-video-preview:-1"},"canonical":"http:\/\/vamosporlaliberacion.org\/crpmlm\/crimea-atentado-al-puente-y-despues\/","twitter_misc":{"Escrito por":"Prensa Vamos","Tiempo de lectura":"8 minutos"},"schema":{"@context":"https:\/\/schema.org","@graph":[{"@type":"Article","@id":"http:\/\/vamosporlaliberacion.org\/crpmlm\/crimea-atentado-al-puente-y-despues\/#article","isPartOf":{"@id":"http:\/\/vamosporlaliberacion.org\/crpmlm\/crimea-atentado-al-puente-y-despues\/"},"author":{"name":"Prensa Vamos","@id":"https:\/\/vamosporlaliberacion.org\/crpmlm\/#\/schema\/person\/ebdbd4bf0e9418b9f0c0a93395366b2f"},"headline":"Crimea, atentado al puente y despu\u00e9s","datePublished":"2022-10-16T23:46:59+00:00","dateModified":"2022-10-16T23:48:57+00:00","mainEntityOfPage":{"@id":"http:\/\/vamosporlaliberacion.org\/crpmlm\/crimea-atentado-al-puente-y-despues\/"},"wordCount":1462,"commentCount":0,"image":{"@id":"http:\/\/vamosporlaliberacion.org\/crpmlm\/crimea-atentado-al-puente-y-despues\/#primaryimage"},"thumbnailUrl":"https:\/\/i0.wp.com\/vamosporlaliberacion.org\/crpmlm\/wp-content\/uploads\/2022\/10\/crimea1.jpg?fit=700%2C394&ssl=1","articleSection":["Internacional","Noticias"],"inLanguage":"es","potentialAction":[{"@type":"CommentAction","name":"Comment","target":["http:\/\/vamosporlaliberacion.org\/crpmlm\/crimea-atentado-al-puente-y-despues\/#respond"]}]},{"@type":"WebPage","@id":"http:\/\/vamosporlaliberacion.org\/crpmlm\/crimea-atentado-al-puente-y-despues\/","url":"http:\/\/vamosporlaliberacion.org\/crpmlm\/crimea-atentado-al-puente-y-despues\/","name":"Crimea, atentado al puente y despu\u00e9s - Vamos por la Liberaci\u00f3n","isPartOf":{"@id":"https:\/\/vamosporlaliberacion.org\/crpmlm\/#website"},"primaryImageOfPage":{"@id":"http:\/\/vamosporlaliberacion.org\/crpmlm\/crimea-atentado-al-puente-y-despues\/#primaryimage"},"image":{"@id":"http:\/\/vamosporlaliberacion.org\/crpmlm\/crimea-atentado-al-puente-y-despues\/#primaryimage"},"thumbnailUrl":"https:\/\/i0.wp.com\/vamosporlaliberacion.org\/crpmlm\/wp-content\/uploads\/2022\/10\/crimea1.jpg?fit=700%2C394&ssl=1","datePublished":"2022-10-16T23:46:59+00:00","dateModified":"2022-10-16T23:48:57+00:00","author":{"@id":"https:\/\/vamosporlaliberacion.org\/crpmlm\/#\/schema\/person\/ebdbd4bf0e9418b9f0c0a93395366b2f"},"description":"El s\u00e1bado 8 de Octubre un atentado realizado con un autobomba desplom\u00f3 uno de los carriles del puente del estrecho de Kerch. La explosi\u00f3n fue de tal magnitud que alcanz\u00f3 a un tren de carga que trasladaba por ese mismo puente combustible rumbo a Crimea, lo cual trajo aparejado un incendio que dur\u00f3 varias horas. Hasta el momento se reportaron 3 muertes por el estallido.","breadcrumb":{"@id":"http:\/\/vamosporlaliberacion.org\/crpmlm\/crimea-atentado-al-puente-y-despues\/#breadcrumb"},"inLanguage":"es","potentialAction":[{"@type":"ReadAction","target":["http:\/\/vamosporlaliberacion.org\/crpmlm\/crimea-atentado-al-puente-y-despues\/"]}]},{"@type":"ImageObject","inLanguage":"es","@id":"http:\/\/vamosporlaliberacion.org\/crpmlm\/crimea-atentado-al-puente-y-despues\/#primaryimage","url":"https:\/\/i0.wp.com\/vamosporlaliberacion.org\/crpmlm\/wp-content\/uploads\/2022\/10\/crimea1.jpg?fit=700%2C394&ssl=1","contentUrl":"https:\/\/i0.wp.com\/vamosporlaliberacion.org\/crpmlm\/wp-content\/uploads\/2022\/10\/crimea1.jpg?fit=700%2C394&ssl=1","width":700,"height":394},{"@type":"BreadcrumbList","@id":"http:\/\/vamosporlaliberacion.org\/crpmlm\/crimea-atentado-al-puente-y-despues\/#breadcrumb","itemListElement":[{"@type":"ListItem","position":1,"name":"Portada","item":"https:\/\/vamosporlaliberacion.org\/crpmlm\/"},{"@type":"ListItem","position":2,"name":"Crimea, atentado al puente y despu\u00e9s"}]},{"@type":"WebSite","@id":"https:\/\/vamosporlaliberacion.org\/crpmlm\/#website","url":"https:\/\/vamosporlaliberacion.org\/crpmlm\/","name":"Vamos por la Liberaci\u00f3n","description":"Prensa CR","potentialAction":[{"@type":"SearchAction","target":{"@type":"EntryPoint","urlTemplate":"https:\/\/vamosporlaliberacion.org\/crpmlm\/?s={search_term_string}"},"query-input":{"@type":"PropertyValueSpecification","valueRequired":true,"valueName":"search_term_string"}}],"inLanguage":"es"},{"@type":"Person","@id":"https:\/\/vamosporlaliberacion.org\/crpmlm\/#\/schema\/person\/ebdbd4bf0e9418b9f0c0a93395366b2f","name":"Prensa Vamos","sameAs":["http:\/\/vamposporlaliberacion.org"],"url":"https:\/\/vamosporlaliberacion.org\/crpmlm\/author\/editor\/"}]}},"jetpack_featured_media_url":"https:\/\/i0.wp.com\/vamosporlaliberacion.org\/crpmlm\/wp-content\/uploads\/2022\/10\/crimea1.jpg?fit=700%2C394&ssl=1","jetpack_sharing_enabled":true,"_links":{"self":[{"href":"https:\/\/vamosporlaliberacion.org\/crpmlm\/wp-json\/wp\/v2\/posts\/26035","targetHints":{"allow":["GET"]}}],"collection":[{"href":"https:\/\/vamosporlaliberacion.org\/crpmlm\/wp-json\/wp\/v2\/posts"}],"about":[{"href":"https:\/\/vamosporlaliberacion.org\/crpmlm\/wp-json\/wp\/v2\/types\/post"}],"author":[{"embeddable":true,"href":"https:\/\/vamosporlaliberacion.org\/crpmlm\/wp-json\/wp\/v2\/users\/9"}],"replies":[{"embeddable":true,"href":"https:\/\/vamosporlaliberacion.org\/crpmlm\/wp-json\/wp\/v2\/comments?post=26035"}],"version-history":[{"count":1,"href":"https:\/\/vamosporlaliberacion.org\/crpmlm\/wp-json\/wp\/v2\/posts\/26035\/revisions"}],"predecessor-version":[{"id":26042,"href":"https:\/\/vamosporlaliberacion.org\/crpmlm\/wp-json\/wp\/v2\/posts\/26035\/revisions\/26042"}],"wp:featuredmedia":[{"embeddable":true,"href":"https:\/\/vamosporlaliberacion.org\/crpmlm\/wp-json\/wp\/v2\/media\/26041"}],"wp:attachment":[{"href":"https:\/\/vamosporlaliberacion.org\/crpmlm\/wp-json\/wp\/v2\/media?parent=26035"}],"wp:term":[{"taxonomy":"category","embeddable":true,"href":"https:\/\/vamosporlaliberacion.org\/crpmlm\/wp-json\/wp\/v2\/categories?post=26035"},{"taxonomy":"post_tag","embeddable":true,"href":"https:\/\/vamosporlaliberacion.org\/crpmlm\/wp-json\/wp\/v2\/tags?post=26035"}],"curies":[{"name":"wp","href":"https:\/\/api.w.org\/{rel}","templated":true}]}}