{"id":25822,"date":"2022-09-15T17:23:38","date_gmt":"2022-09-15T20:23:38","guid":{"rendered":"http:\/\/vamosporlaliberacion.org\/crpmlm\/?p=25822"},"modified":"2022-09-15T17:33:41","modified_gmt":"2022-09-15T20:33:41","slug":"con-inflacion-dolar-soja-y-fmi-se-fortalece-el-discurso-del-odio-y-nuestros-verdugos","status":"publish","type":"post","link":"https:\/\/vamosporlaliberacion.org\/crpmlm\/con-inflacion-dolar-soja-y-fmi-se-fortalece-el-discurso-del-odio-y-nuestros-verdugos\/","title":{"rendered":"Con inflaci\u00f3n, d\u00f3lar soja y FMI se fortalece el discurso del odio y nuestros verdugos!!"},"content":{"rendered":"\n<p>La investigaci\u00f3n por el intento de magnicidio sobre la vicepresidenta Cristina <strong>va demostrando que no fue un hecho aislado de un \u201cloquito suelto\u201d<\/strong>, sino que el propio borrado de informaci\u00f3n en manos de las fuerzas de seguridad del celular del \u201cgatillero\u201d, la planificaci\u00f3n, inteligencia y v\u00ednculos, muestran que hay organizaciones y sectores de los servicios, la polic\u00eda y hasta de figuras pol\u00edticas de la oposici\u00f3n atr\u00e1s de los detenidos.<\/p>\n\n\n\n<p><strong>La movilizaci\u00f3n popular puede llevar la causa a buen puerto<\/strong>, ya que la jueza y el fiscal carecen de confianza por su pasado y presente antikirchnerista como la mayor\u00eda de lo que se mueve en los tribunales de Comodoro Py. <strong>La misma movilizaci\u00f3n es muy importante para marcar a los que pretenden sembrar zozobra y profundizar el discurso de odio de una minor\u00eda que detenta el llamado \u201cpoder real\u201d<\/strong> que no quiere perder privilegios y son portadores de concesiones como fruto de sus chantajes y operaciones.<\/p>\n\n\n<div class=\"wp-block-image\">\n<figure class=\"aligncenter size-large is-resized\"><img data-recalc-dims=\"1\" loading=\"lazy\" decoding=\"async\" src=\"https:\/\/i0.wp.com\/vamosporlaliberacion.org\/crpmlm\/wp-content\/uploads\/2022\/09\/PlazaM2-9-22_a-700x395.jpeg?resize=554%2C308\" alt=\"\" class=\"wp-image-25787\" width=\"554\" height=\"308\"\/><figcaption>Plaza de Mayo luego del atentado a Cristina.<\/figcaption><\/figure>\n<\/div>\n\n\n<p>Es justamente esta cuesti\u00f3n la que muestra la paradoja de una pol\u00edtica econ\u00f3mica que se desarrolla al comp\u00e1s de los acuerdos con el FMI de reducci\u00f3n del d\u00e9ficit, alta tasa y reducci\u00f3n de subsidios, y concede a los sectores agroexportadores otorg\u00e1ndoles el d\u00f3lar soja, que no es otra cosa que una \u201cdevaluaci\u00f3n dirigida\u201d (o la eliminaci\u00f3n de las retenciones por un mes). Y esto lo paga el pueblo porque esa transferencia a estos sectores agroexportadores, equivale al salario m\u00ednimo, vital y m\u00f3vil para 160 mil personas durante un a\u00f1o.<\/p>\n\n\n\n<p>Sergio Massa trajo de los EEUU nuevos acuerdos con el FMI, lo que le facilit\u00f3 hacerse de 4.000 millones de d\u00f3lares. Tambi\u00e9n accedi\u00f3 a un cr\u00e9dito del BID 1.300 millones de d\u00f3lares. No son pocos desde el gobierno que celebran este viaje de Massa, porque disipa una devaluaci\u00f3n brutal, el FMI se garantiza los cobros de la usura y los exportadores jugosas ganancias.<\/p>\n\n\n<div class=\"wp-block-image\">\n<figure class=\"aligncenter size-large is-resized\"><img data-recalc-dims=\"1\" loading=\"lazy\" decoding=\"async\" src=\"https:\/\/i0.wp.com\/vamosporlaliberacion.org\/crpmlm\/wp-content\/uploads\/2022\/09\/Massa-Giorgieva-700x368.jpeg?resize=550%2C289\" alt=\"\" class=\"wp-image-25824\" width=\"550\" height=\"289\" srcset=\"https:\/\/i0.wp.com\/vamosporlaliberacion.org\/crpmlm\/wp-content\/uploads\/2022\/09\/Massa-Giorgieva.jpeg?resize=700%2C368&amp;ssl=1 700w, https:\/\/i0.wp.com\/vamosporlaliberacion.org\/crpmlm\/wp-content\/uploads\/2022\/09\/Massa-Giorgieva.jpeg?resize=300%2C158&amp;ssl=1 300w, https:\/\/i0.wp.com\/vamosporlaliberacion.org\/crpmlm\/wp-content\/uploads\/2022\/09\/Massa-Giorgieva.jpeg?resize=768%2C403&amp;ssl=1 768w, https:\/\/i0.wp.com\/vamosporlaliberacion.org\/crpmlm\/wp-content\/uploads\/2022\/09\/Massa-Giorgieva.jpeg?resize=150%2C79&amp;ssl=1 150w, https:\/\/i0.wp.com\/vamosporlaliberacion.org\/crpmlm\/wp-content\/uploads\/2022\/09\/Massa-Giorgieva.jpeg?resize=696%2C366&amp;ssl=1 696w, https:\/\/i0.wp.com\/vamosporlaliberacion.org\/crpmlm\/wp-content\/uploads\/2022\/09\/Massa-Giorgieva.jpeg?resize=800%2C420&amp;ssl=1 800w, https:\/\/i0.wp.com\/vamosporlaliberacion.org\/crpmlm\/wp-content\/uploads\/2022\/09\/Massa-Giorgieva.jpeg?w=1068&amp;ssl=1 1068w\" sizes=\"auto, (max-width: 550px) 100vw, 550px\" \/><figcaption>El ministro Massa con la titular del FMI.<\/figcaption><\/figure>\n<\/div>\n\n\n<p><strong>Pero ese respaldo y estabilidad, algunos lo pagan con buenos modales y fotos que destinan al embajador de los EEUU, mientras el pueblo es castigado con una inflaci\u00f3n imparable y las consecuencias de los acuerdos con el FMI.<\/strong><\/p>\n\n\n\n<p>En este escenario, <strong>el camino de la \u201cpaz social\u201d con ajuste, d\u00f3lar soja y m\u00e1s deuda, solo fortalecer\u00e1 a los super ganadores: los monopolios, terratenientes, bancos y el FMI.<\/strong> La misa en Lujan fue una muestra del fracaso de la iniciativa de \u201cla paz social\u201d que solo logr\u00f3 sumar a repudiables personajes como Eduardo Duhalde, siendo rechazada por la oposici\u00f3n que apoya el ajuste, <strong>pero sigue con la campa\u00f1a del odio a trav\u00e9s de los medios hegem\u00f3nicos que reciben millonarias partidas por pauta publicitaria.<\/strong><\/p>\n\n\n\n<p><strong>La situaci\u00f3n del pueblo<\/strong><\/p>\n\n\n\n<p>El INDEC divulg\u00f3 el \u00edndice inflacionario del mes de agosto, que lleg\u00f3 al 7% con una variaci\u00f3n interanual del 80%. El rubro que m\u00e1s subi\u00f3 fueron la indumentaria, bienes y servicios y los alimentos. Lo que una familia tipo consume cotidianamente.<\/p>\n\n\n\n<p><strong>En agosto hubo una fuerte ca\u00edda del consumo&nbsp;llegando al 7,3% interanual, <\/strong>(en julio hab\u00eda sido del 6,2%)<strong>.&nbsp;Los alimentos lideran los rubros donde m\u00e1s cayeron las ventas, lo cual demuestra el da\u00f1o letal que provoca la inflaci\u00f3n sobre el poder adquisitivo de los salarios.<\/strong><strong> <\/strong>Todas las categor\u00edas de productos perdieron&nbsp;en consumo, particular,&nbsp;el segmento de alimentos perdi\u00f3 un -9,1% (hubo fuertes descensos en la compra de caldos, flanes, conservas, malta, yogur, t\u00e9, leche saborizada y az\u00facar), tambi\u00e9n el rubro de cuidado personal cay\u00f3 un -7,4%, tambi\u00e9n los art\u00edculos de limpieza cayeron fuertes en el octavo mes del a\u00f1o, un -6,2%, donde se destacaron las ca\u00eddas en pa\u00f1os y trapos sint\u00e9ticos, lavandina, guantes, esponjas y jab\u00f3n en polvo.<\/p>\n\n\n\n<p>Esta situaci\u00f3n se agrava en los barrios populares donde se registra el nivel mas alto del desempleo y el monotributo social, donde las familias acuden o complementas las comidas en los comedores y merenderos.<\/p>\n\n\n\n<p>Seg\u00fan la consultora LCG<strong><em>,<\/em><\/strong><strong><em>&nbsp;\u201c<\/em><\/strong>en la primera semana de este mes hubo&nbsp;un incremento en el nivel de precios de los alimentos y bebidas del 2,66%, aceler\u00e1ndose 0,84 puntos&nbsp;respecto a la semana anterior\u201d. En esta oportunidad,&nbsp;<strong>el porcentaje de productos con aumentos semanales fue del 25%&nbsp;<\/strong>y ya son 10 las semanas con un valor por encima del 20%. Esto significa que todos los productos de la canasta estar\u00edan registrando un aumento de precio en poco m\u00e1s de un mes. El pan, las pastas, las carnes, y las verduras mostraron subas extremadamente altas en apenas siete d\u00edas y lideraron los aumentos. En el caso del aceite, almaceneros denuncian aumentos del 100% en los \u00faltimos 50&nbsp;d\u00edas.<\/p>\n\n\n\n<p>El \u00faltimo Informe de Coyuntura del&nbsp;<strong>Mirador de la Actualidad del Trabajo y la Econom\u00eda<\/strong> (MATE) mostr\u00f3&nbsp;que, de los 10 trimestres transcurridos del mandato del&nbsp;<strong>Frente de Todos<\/strong>, <strong>en<\/strong>&nbsp;<strong>cuatro&nbsp;se produjeron mejoras de los salarios, y en seis&nbsp;hubo ca\u00edda de los mismos.<\/strong>&nbsp;Hubo&nbsp;un descenso total, hasta junio de este a\u00f1o, de&nbsp;<strong>3 puntos en promedio, que se sumaron a los 23 puntos ca\u00eddos durante todo el Gobierno de Cambiemos<\/strong>.<\/p>\n\n\n\n<p>en el \u00faltimo trimestre se acentuaron adem\u00e1s las divergencias salariales&nbsp;ya que los&nbsp;<strong>privados registrados le ganaron a la inflaci\u00f3n por 1,2%, pero los informales perdieron por 1,5% y los trabajadores del sector p\u00fablico resignaron otro 2,4%<\/strong>.<\/p>\n\n\n\n<p>La pol\u00edtica econ\u00f3mica llevada adelante por el gobierno, en los hechos signific\u00f3 <strong>un descenso de los salarios y un fortalecimiento de las ganancias empresarias<\/strong>. Esto traducido signific\u00f3 que los trabajadores transfirieron a los empresarios entre el primer trimestre de 2020 y el mismo per\u00edodo de 2022 el&nbsp;<strong>50,2% de los ingresos y hoy participan con el 46,9%<\/strong>.<\/p>\n\n\n\n<p><strong>S<\/strong><strong>iguen ganando<\/strong><\/p>\n\n\n\n<p>Las empresas monop\u00f3licas del rubro alimentos son las que mas ganaron en el ultimo mes y no paran de hacerlo desde el 2015. <strong>La ecuaci\u00f3n es l\u00f3gica, mientras se mantenga este nivel de ganancia de las empresas, la inflaci\u00f3n seguir\u00e1 subiendo y lo pagar\u00e1 el pueblo mas humilde. El Banco Central volver\u00e1 a subir las tasas de inter\u00e9s, pero nadie les toca las ganancias a las empresas lideres.<\/strong><\/p>\n\n\n\n<p>Seg\u00fan CEPA (Centro de Econom\u00eda Publica Argentina), en el sector industrial argentino, un grupo de empresas seleccionadas tales como&nbsp;<strong>Ledesma (industria azucarera), Aluar (fabricaci\u00f3n de aluminio), Molinos R\u00edo de la Plata (alimentaci\u00f3n) y Arcor (alimentaci\u00f3n)<\/strong>, registran <strong>una evoluci\u00f3n de las de acuerdo a sus Estados Contables<\/strong> en el per\u00edodo 2014 a 2021 que alcanza, en promedio y en d\u00f3lares, los 6.100 millones de d\u00f3lares anuales. Las ventas de las cuatro firmas, acumuladas, para el periodo 2014-2021 ascienden a casi 50.000 millones de d\u00f3lares.<\/p>\n\n\n<div class=\"wp-block-image\">\n<figure class=\"aligncenter size-full is-resized\"><img data-recalc-dims=\"1\" loading=\"lazy\" decoding=\"async\" src=\"https:\/\/i0.wp.com\/vamosporlaliberacion.org\/crpmlm\/wp-content\/uploads\/2022\/09\/dolarSoja.jpeg?resize=528%2C351\" alt=\"\" class=\"wp-image-25825\" width=\"528\" height=\"351\" srcset=\"https:\/\/i0.wp.com\/vamosporlaliberacion.org\/crpmlm\/wp-content\/uploads\/2022\/09\/dolarSoja.jpeg?w=688&amp;ssl=1 688w, https:\/\/i0.wp.com\/vamosporlaliberacion.org\/crpmlm\/wp-content\/uploads\/2022\/09\/dolarSoja.jpeg?resize=300%2C199&amp;ssl=1 300w, https:\/\/i0.wp.com\/vamosporlaliberacion.org\/crpmlm\/wp-content\/uploads\/2022\/09\/dolarSoja.jpeg?resize=150%2C100&amp;ssl=1 150w, https:\/\/i0.wp.com\/vamosporlaliberacion.org\/crpmlm\/wp-content\/uploads\/2022\/09\/dolarSoja.jpeg?resize=632%2C420&amp;ssl=1 632w\" sizes=\"auto, (max-width: 528px) 100vw, 528px\" \/><\/figure>\n<\/div>\n\n\n<p>El estudio de CEPA destaca tambi\u00e9n que estas empresas lideres en alimentos y en el rubro industrial, <strong>en los primeros meses de 2022 pr\u00e1cticamente lograron equiparar lo facturado en los ejercicios anteriores de 2021. Las ventas ascienden a USD 5.400 millones para todo el 2021 y en el per\u00edodo parcial de 2022 (un aproximado de seis meses), ascienden a USD 4.150, s\u00f3lo 23% menos. El a\u00f1o 2022, para estas cuatro empresas, est\u00e1 significando un&nbsp;<\/strong><em><strong>boom<\/strong><\/em><strong>&nbsp;en facturaci\u00f3n.<\/strong>&nbsp;<\/p>\n\n\n\n<p>Por su parte, la red de supermercados La An\u00f3nima, el multimedio Clar\u00edn, la empresa fabricante de chapa de acero Ternium Siderar y las petroleras Pan American Energy (PAE) y Tecpetrol registran en sus \u00faltimos ejercicios ventas superiores en 34,6% en sus \u00faltimos ejercicios, que suman m\u00e1s de USD 11 mil millones. Tambi\u00e9n aqu\u00ed se registra que todas mejoraron sensiblemente su performance interanual.<\/p>\n\n\n\n<p>Si se consideran las cuatro empresas industriales seleccionadas, Ledesma, Aluar, Molinos R\u00edo de la Plata y Arcor, se observa que la rentabilidad (medida como resultado operativo sobre ventas) se increment\u00f3 de 9,1% a 12,5%.<\/p>\n\n\n\n<p><strong>La An\u00f3nima, Clar\u00edn, Ternium, PAE y Tecpetrol mostraron en sus \u00faltimos ejercicios de 2022 una rentabilidad de 14,4%, tambi\u00e9n mejorando la situaci\u00f3n del mismo per\u00edodo del a\u00f1o anterior.<\/strong><\/p>\n\n\n\n<p><strong>Costo laboral de los \u00faltimos ejercicios presentados en 2022<\/strong><\/p>\n\n\n\n<p>El costo laboral para Ledesma, Aluar, Molinos R\u00edo de la Plata y Arcor se reduce a 16,7% en los \u00faltimos datos que se conocieron en 2022 (parciales) en relaci\u00f3n con el mismo per\u00edodo de 2021, donde el guarismo alcanza 17,8%.<\/p>\n\n\n\n<p><strong>El dato saliente es que la variaci\u00f3n de ventas se mueve por encima de la variaci\u00f3n del costo salarial, ilustrando la transferencia de ingresos derivada de tal proceso.<\/strong><\/p>\n\n\n\n<p>Si se ampl\u00eda la selecci\u00f3n a otras empresas seleccionadas (La An\u00f3nima, Clar\u00edn, Ternium, PAE y Tecpetrol), el costo laboral de 15,4% estimado para la medici\u00f3n de per\u00edodo parcial de 2021 se reduce a 15% en la medici\u00f3n del per\u00edodo parcial 2022. En relaci\u00f3n con la variaci\u00f3n de ventas, la situaci\u00f3n mejora para las empresas en 1,5%.<\/p>\n\n\n\n<p>(<a href=\"https:\/\/www.centrocepa.com.ar\/\">https:\/\/www.centrocepa.com.ar<\/a>)<\/p>\n\n\n\n<p><strong>El pueblo en las calles con un programa soberano<\/strong><\/p>\n\n\n\n<p>El profundo del iceberg atr\u00e1s del atentado a Cristina muestra que los que est\u00e1n detr\u00e1s del discurso del odio son muy poderosos y tienen objetivos claros que se materializan en leyes anti obreras, persecuci\u00f3n al pueblo, retroceso en derechos conquistados, privatizaci\u00f3n y nuevo control de Estado, desde el gobierno, por parte de los monopolios, terratenientes y bancos.<\/p>\n\n\n\n<p>Est\u00e1n dispuestos a todo lo que sea necesario. <strong>Lo subestimamos si pens\u00e1bamos que con el juicio a Cristina era el escal\u00f3n mayor para disciplinar al pueblo; el intento de magnicidio mostr\u00f3 que las instituciones democr\u00e1ticas les importa muy poco. Por eso, pensar en que la salida es lograr una \u201cpaz social\u201d con esos fascistas, es un camino de derrota para el pueblo y las libertades democr\u00e1ticas.<\/strong><\/p>\n\n\n\n<p>Pensar que para parar a esos poderosos hay que concederles en lo econ\u00f3mico, judicial y pol\u00edtico que no paran de ganar en la crisis, la pandemia y la guerra, <strong>y desechar la extraordinaria movilizaci\u00f3n popular con cientos de miles en las calles que repudi\u00f3 el intento de magnicidio<\/strong> y defendi\u00f3 las libertades democr\u00e1ticas, es jugar un juego tan peligroso como irresponsable.<\/p>\n\n\n\n<p><strong>Esas concesiones, tambi\u00e9n han logrado que haya desconfianza y eso se expresa en que grandes sectores de la poblaci\u00f3n humilde, no cree o minimizan el intento de magnicidio<\/strong>, y debe ser un llamado de atenci\u00f3n para el gobierno y la militancia popular.<\/p>\n\n\n\n<p>Pero esto no se resuelve solo se\u00f1alando a los generadores del discurso concentrado de odio, mientras se oculta o se lleva adelante el ajuste. <strong>Por el contrario, se empieza a resolver cambiando la base econ\u00f3mica de millones que viven en la pobreza, la precarizaci\u00f3n y los bajos salarios generando desesperanza y bronca.<\/strong> Este es el caldo de cultivo para que avancen los sectores reaccionarios que instalan la \u201cposverdad\u201d y sostienen el discurso concentrado de odio y el Lawfare.<\/p>\n\n\n\n<p><strong>Esta misma realidad exige el encuentro de los sectores populares, democr\u00e1ticos y antiimperialistas en las calles, <\/strong>junto al pueblo, porque es la \u00fanica forma de denunciar y defender las libertades democr\u00e1ticas, pero tambi\u00e9n es la forma efectiva de poner en debate que el ajuste al pueblo es una canallada cuando los due\u00f1os del poder tienen obscenas \u201cmega ganancias\u201d.<\/p>\n\n\n\n<p><strong>Esta realidad exige poner en debate un programa soberano,<\/strong> que recupere el Rio Paran\u00e1 y el control de las exportaciones y la banca; que avance sobre la nacionalizaci\u00f3n de los recursos naturales; que grave la renta terrateniente y se avance en una reforma agraria integral, con empresa de alimentos, hacia la soberan\u00eda alimentaria, donde la tierra sea para quien la trabaja y se termine con el ecocidio del negocio inmobiliario y los agronegocios que destruyen, incendian y envenenan todo a su paso. Un programa soberano que defienda el medio ambiente, sin agro negocios y ley de humedales.<\/p>\n\n\n<div class=\"wp-block-image\">\n<figure class=\"aligncenter size-large is-resized\"><img data-recalc-dims=\"1\" loading=\"lazy\" decoding=\"async\" src=\"https:\/\/i0.wp.com\/vamosporlaliberacion.org\/crpmlm\/wp-content\/uploads\/2022\/09\/humedales-700x394.jpeg?resize=529%2C298\" alt=\"\" class=\"wp-image-25826\" width=\"529\" height=\"298\" srcset=\"https:\/\/i0.wp.com\/vamosporlaliberacion.org\/crpmlm\/wp-content\/uploads\/2022\/09\/humedales.jpeg?resize=700%2C394&amp;ssl=1 700w, https:\/\/i0.wp.com\/vamosporlaliberacion.org\/crpmlm\/wp-content\/uploads\/2022\/09\/humedales.jpeg?resize=300%2C169&amp;ssl=1 300w, https:\/\/i0.wp.com\/vamosporlaliberacion.org\/crpmlm\/wp-content\/uploads\/2022\/09\/humedales.jpeg?resize=768%2C432&amp;ssl=1 768w, https:\/\/i0.wp.com\/vamosporlaliberacion.org\/crpmlm\/wp-content\/uploads\/2022\/09\/humedales.jpeg?resize=150%2C84&amp;ssl=1 150w, https:\/\/i0.wp.com\/vamosporlaliberacion.org\/crpmlm\/wp-content\/uploads\/2022\/09\/humedales.jpeg?resize=696%2C392&amp;ssl=1 696w, https:\/\/i0.wp.com\/vamosporlaliberacion.org\/crpmlm\/wp-content\/uploads\/2022\/09\/humedales.jpeg?resize=747%2C420&amp;ssl=1 747w, https:\/\/i0.wp.com\/vamosporlaliberacion.org\/crpmlm\/wp-content\/uploads\/2022\/09\/humedales.jpeg?w=800&amp;ssl=1 800w\" sizes=\"auto, (max-width: 529px) 100vw, 529px\" \/><\/figure>\n<\/div>\n\n\n<p><strong>Un programa soberano<\/strong> que rompa con el FMI e investigue la estafa de la Deuda Externa. Que ponga en debate y mejore la Ley de Medios para terminar con la monopolizaci\u00f3n de la comunicaci\u00f3n, que se les quite la pauta publicitaria que pagamos todxs a los medios hegem\u00f3nicos que se dedican a desinformar y dividir. Que se avance sobre la justicia patriarcal, reaccionaria al servicio de los sectores concentrados.<\/p>\n\n\n\n<p>Si los sectores populares, su militancia, no se atreven a romper con una inercia nefasta que impone <em><strong>\u201cno hacer olas para que no avance la derecha\u201d<\/strong><\/em>, vamos a perder todos, porque la experiencia indica que <strong>la reacci\u00f3n concentrada avanza cuando se le concede<\/strong>, y retrocede cuando el pueblo sale a las calles y se une con un programa emancipador. <strong>\u00a1Hay que animarse!<\/strong><\/p>\n<!-- AddThis Advanced Settings generic via filter on the_content --><!-- AddThis Share Buttons generic via filter on the_content -->","protected":false},"excerpt":{"rendered":"<p>La investigaci\u00f3n por el intento de magnicidio sobre la vicepresidenta Cristina va demostrando que no fue un hecho aislado de un \u201cloquito suelto\u201d, sino que el propio borrado de informaci\u00f3n en manos de las fuerzas de seguridad del celular del \u201cgatillero\u201d, la planificaci\u00f3n, inteligencia y v\u00ednculos, muestran que hay organizaciones y sectores de los servicios, [&hellip;]<!-- AddThis Advanced Settings generic via filter on get_the_excerpt --><!-- AddThis Share Buttons generic via filter on get_the_excerpt --><\/p>\n","protected":false},"author":9,"featured_media":25832,"comment_status":"open","ping_status":"open","sticky":false,"template":"","format":"standard","meta":{"_jetpack_memberships_contains_paid_content":false,"footnotes":""},"categories":[1881],"tags":[],"class_list":{"0":"post-25822","1":"post","2":"type-post","3":"status-publish","4":"format-standard","5":"has-post-thumbnail","7":"category-editoriales"},"yoast_head":"<!-- This site is optimized with the Yoast SEO plugin v27.4 - https:\/\/yoast.com\/product\/yoast-seo-wordpress\/ -->\n<title>Con inflaci\u00f3n, d\u00f3lar soja y FMI se fortalece el discurso del odio y nuestros verdugos!! - Vamos por la Liberaci\u00f3n<\/title>\n<meta name=\"robots\" content=\"index, follow, max-snippet:-1, max-image-preview:large, max-video-preview:-1\" \/>\n<link rel=\"canonical\" href=\"http:\/\/vamosporlaliberacion.org\/crpmlm\/con-inflacion-dolar-soja-y-fmi-se-fortalece-el-discurso-del-odio-y-nuestros-verdugos\/\" \/>\n<meta name=\"twitter:label1\" content=\"Escrito por\" \/>\n\t<meta name=\"twitter:data1\" content=\"Prensa Vamos\" \/>\n\t<meta name=\"twitter:label2\" content=\"Tiempo de lectura\" \/>\n\t<meta name=\"twitter:data2\" content=\"11 minutos\" \/>\n<script type=\"application\/ld+json\" class=\"yoast-schema-graph\">{\"@context\":\"https:\\\/\\\/schema.org\",\"@graph\":[{\"@type\":\"Article\",\"@id\":\"http:\\\/\\\/vamosporlaliberacion.org\\\/crpmlm\\\/con-inflacion-dolar-soja-y-fmi-se-fortalece-el-discurso-del-odio-y-nuestros-verdugos\\\/#article\",\"isPartOf\":{\"@id\":\"http:\\\/\\\/vamosporlaliberacion.org\\\/crpmlm\\\/con-inflacion-dolar-soja-y-fmi-se-fortalece-el-discurso-del-odio-y-nuestros-verdugos\\\/\"},\"author\":{\"name\":\"Prensa Vamos\",\"@id\":\"https:\\\/\\\/vamosporlaliberacion.org\\\/crpmlm\\\/#\\\/schema\\\/person\\\/ebdbd4bf0e9418b9f0c0a93395366b2f\"},\"headline\":\"Con inflaci\u00f3n, d\u00f3lar soja y FMI se fortalece el discurso del odio y nuestros verdugos!!\",\"datePublished\":\"2022-09-15T20:23:38+00:00\",\"dateModified\":\"2022-09-15T20:33:41+00:00\",\"mainEntityOfPage\":{\"@id\":\"http:\\\/\\\/vamosporlaliberacion.org\\\/crpmlm\\\/con-inflacion-dolar-soja-y-fmi-se-fortalece-el-discurso-del-odio-y-nuestros-verdugos\\\/\"},\"wordCount\":2161,\"commentCount\":0,\"image\":{\"@id\":\"http:\\\/\\\/vamosporlaliberacion.org\\\/crpmlm\\\/con-inflacion-dolar-soja-y-fmi-se-fortalece-el-discurso-del-odio-y-nuestros-verdugos\\\/#primaryimage\"},\"thumbnailUrl\":\"https:\\\/\\\/i0.wp.com\\\/vamosporlaliberacion.org\\\/crpmlm\\\/wp-content\\\/uploads\\\/2022\\\/09\\\/portada-editorial-Vamos184.jpeg?fit=790%2C303&ssl=1\",\"articleSection\":[\"Editoriales\"],\"inLanguage\":\"es\",\"potentialAction\":[{\"@type\":\"CommentAction\",\"name\":\"Comment\",\"target\":[\"http:\\\/\\\/vamosporlaliberacion.org\\\/crpmlm\\\/con-inflacion-dolar-soja-y-fmi-se-fortalece-el-discurso-del-odio-y-nuestros-verdugos\\\/#respond\"]}]},{\"@type\":\"WebPage\",\"@id\":\"http:\\\/\\\/vamosporlaliberacion.org\\\/crpmlm\\\/con-inflacion-dolar-soja-y-fmi-se-fortalece-el-discurso-del-odio-y-nuestros-verdugos\\\/\",\"url\":\"http:\\\/\\\/vamosporlaliberacion.org\\\/crpmlm\\\/con-inflacion-dolar-soja-y-fmi-se-fortalece-el-discurso-del-odio-y-nuestros-verdugos\\\/\",\"name\":\"Con inflaci\u00f3n, d\u00f3lar soja y FMI se fortalece el discurso del odio y nuestros verdugos!! - Vamos por la Liberaci\u00f3n\",\"isPartOf\":{\"@id\":\"https:\\\/\\\/vamosporlaliberacion.org\\\/crpmlm\\\/#website\"},\"primaryImageOfPage\":{\"@id\":\"http:\\\/\\\/vamosporlaliberacion.org\\\/crpmlm\\\/con-inflacion-dolar-soja-y-fmi-se-fortalece-el-discurso-del-odio-y-nuestros-verdugos\\\/#primaryimage\"},\"image\":{\"@id\":\"http:\\\/\\\/vamosporlaliberacion.org\\\/crpmlm\\\/con-inflacion-dolar-soja-y-fmi-se-fortalece-el-discurso-del-odio-y-nuestros-verdugos\\\/#primaryimage\"},\"thumbnailUrl\":\"https:\\\/\\\/i0.wp.com\\\/vamosporlaliberacion.org\\\/crpmlm\\\/wp-content\\\/uploads\\\/2022\\\/09\\\/portada-editorial-Vamos184.jpeg?fit=790%2C303&ssl=1\",\"datePublished\":\"2022-09-15T20:23:38+00:00\",\"dateModified\":\"2022-09-15T20:33:41+00:00\",\"author\":{\"@id\":\"https:\\\/\\\/vamosporlaliberacion.org\\\/crpmlm\\\/#\\\/schema\\\/person\\\/ebdbd4bf0e9418b9f0c0a93395366b2f\"},\"breadcrumb\":{\"@id\":\"http:\\\/\\\/vamosporlaliberacion.org\\\/crpmlm\\\/con-inflacion-dolar-soja-y-fmi-se-fortalece-el-discurso-del-odio-y-nuestros-verdugos\\\/#breadcrumb\"},\"inLanguage\":\"es\",\"potentialAction\":[{\"@type\":\"ReadAction\",\"target\":[\"http:\\\/\\\/vamosporlaliberacion.org\\\/crpmlm\\\/con-inflacion-dolar-soja-y-fmi-se-fortalece-el-discurso-del-odio-y-nuestros-verdugos\\\/\"]}]},{\"@type\":\"ImageObject\",\"inLanguage\":\"es\",\"@id\":\"http:\\\/\\\/vamosporlaliberacion.org\\\/crpmlm\\\/con-inflacion-dolar-soja-y-fmi-se-fortalece-el-discurso-del-odio-y-nuestros-verdugos\\\/#primaryimage\",\"url\":\"https:\\\/\\\/i0.wp.com\\\/vamosporlaliberacion.org\\\/crpmlm\\\/wp-content\\\/uploads\\\/2022\\\/09\\\/portada-editorial-Vamos184.jpeg?fit=790%2C303&ssl=1\",\"contentUrl\":\"https:\\\/\\\/i0.wp.com\\\/vamosporlaliberacion.org\\\/crpmlm\\\/wp-content\\\/uploads\\\/2022\\\/09\\\/portada-editorial-Vamos184.jpeg?fit=790%2C303&ssl=1\",\"width\":790,\"height\":303},{\"@type\":\"BreadcrumbList\",\"@id\":\"http:\\\/\\\/vamosporlaliberacion.org\\\/crpmlm\\\/con-inflacion-dolar-soja-y-fmi-se-fortalece-el-discurso-del-odio-y-nuestros-verdugos\\\/#breadcrumb\",\"itemListElement\":[{\"@type\":\"ListItem\",\"position\":1,\"name\":\"Portada\",\"item\":\"https:\\\/\\\/vamosporlaliberacion.org\\\/crpmlm\\\/\"},{\"@type\":\"ListItem\",\"position\":2,\"name\":\"Con inflaci\u00f3n, d\u00f3lar soja y FMI se fortalece el discurso del odio y nuestros verdugos!!\"}]},{\"@type\":\"WebSite\",\"@id\":\"https:\\\/\\\/vamosporlaliberacion.org\\\/crpmlm\\\/#website\",\"url\":\"https:\\\/\\\/vamosporlaliberacion.org\\\/crpmlm\\\/\",\"name\":\"Vamos por la Liberaci\u00f3n\",\"description\":\"Prensa CR\",\"potentialAction\":[{\"@type\":\"SearchAction\",\"target\":{\"@type\":\"EntryPoint\",\"urlTemplate\":\"https:\\\/\\\/vamosporlaliberacion.org\\\/crpmlm\\\/?s={search_term_string}\"},\"query-input\":{\"@type\":\"PropertyValueSpecification\",\"valueRequired\":true,\"valueName\":\"search_term_string\"}}],\"inLanguage\":\"es\"},{\"@type\":\"Person\",\"@id\":\"https:\\\/\\\/vamosporlaliberacion.org\\\/crpmlm\\\/#\\\/schema\\\/person\\\/ebdbd4bf0e9418b9f0c0a93395366b2f\",\"name\":\"Prensa Vamos\",\"sameAs\":[\"http:\\\/\\\/vamposporlaliberacion.org\"],\"url\":\"https:\\\/\\\/vamosporlaliberacion.org\\\/crpmlm\\\/author\\\/editor\\\/\"}]}<\/script>\n<!-- \/ Yoast SEO plugin. -->","yoast_head_json":{"title":"Con inflaci\u00f3n, d\u00f3lar soja y FMI se fortalece el discurso del odio y nuestros verdugos!! - Vamos por la Liberaci\u00f3n","robots":{"index":"index","follow":"follow","max-snippet":"max-snippet:-1","max-image-preview":"max-image-preview:large","max-video-preview":"max-video-preview:-1"},"canonical":"http:\/\/vamosporlaliberacion.org\/crpmlm\/con-inflacion-dolar-soja-y-fmi-se-fortalece-el-discurso-del-odio-y-nuestros-verdugos\/","twitter_misc":{"Escrito por":"Prensa Vamos","Tiempo de lectura":"11 minutos"},"schema":{"@context":"https:\/\/schema.org","@graph":[{"@type":"Article","@id":"http:\/\/vamosporlaliberacion.org\/crpmlm\/con-inflacion-dolar-soja-y-fmi-se-fortalece-el-discurso-del-odio-y-nuestros-verdugos\/#article","isPartOf":{"@id":"http:\/\/vamosporlaliberacion.org\/crpmlm\/con-inflacion-dolar-soja-y-fmi-se-fortalece-el-discurso-del-odio-y-nuestros-verdugos\/"},"author":{"name":"Prensa Vamos","@id":"https:\/\/vamosporlaliberacion.org\/crpmlm\/#\/schema\/person\/ebdbd4bf0e9418b9f0c0a93395366b2f"},"headline":"Con inflaci\u00f3n, d\u00f3lar soja y FMI se fortalece el discurso del odio y nuestros verdugos!!","datePublished":"2022-09-15T20:23:38+00:00","dateModified":"2022-09-15T20:33:41+00:00","mainEntityOfPage":{"@id":"http:\/\/vamosporlaliberacion.org\/crpmlm\/con-inflacion-dolar-soja-y-fmi-se-fortalece-el-discurso-del-odio-y-nuestros-verdugos\/"},"wordCount":2161,"commentCount":0,"image":{"@id":"http:\/\/vamosporlaliberacion.org\/crpmlm\/con-inflacion-dolar-soja-y-fmi-se-fortalece-el-discurso-del-odio-y-nuestros-verdugos\/#primaryimage"},"thumbnailUrl":"https:\/\/i0.wp.com\/vamosporlaliberacion.org\/crpmlm\/wp-content\/uploads\/2022\/09\/portada-editorial-Vamos184.jpeg?fit=790%2C303&ssl=1","articleSection":["Editoriales"],"inLanguage":"es","potentialAction":[{"@type":"CommentAction","name":"Comment","target":["http:\/\/vamosporlaliberacion.org\/crpmlm\/con-inflacion-dolar-soja-y-fmi-se-fortalece-el-discurso-del-odio-y-nuestros-verdugos\/#respond"]}]},{"@type":"WebPage","@id":"http:\/\/vamosporlaliberacion.org\/crpmlm\/con-inflacion-dolar-soja-y-fmi-se-fortalece-el-discurso-del-odio-y-nuestros-verdugos\/","url":"http:\/\/vamosporlaliberacion.org\/crpmlm\/con-inflacion-dolar-soja-y-fmi-se-fortalece-el-discurso-del-odio-y-nuestros-verdugos\/","name":"Con inflaci\u00f3n, d\u00f3lar soja y FMI se fortalece el discurso del odio y nuestros verdugos!! - Vamos por la Liberaci\u00f3n","isPartOf":{"@id":"https:\/\/vamosporlaliberacion.org\/crpmlm\/#website"},"primaryImageOfPage":{"@id":"http:\/\/vamosporlaliberacion.org\/crpmlm\/con-inflacion-dolar-soja-y-fmi-se-fortalece-el-discurso-del-odio-y-nuestros-verdugos\/#primaryimage"},"image":{"@id":"http:\/\/vamosporlaliberacion.org\/crpmlm\/con-inflacion-dolar-soja-y-fmi-se-fortalece-el-discurso-del-odio-y-nuestros-verdugos\/#primaryimage"},"thumbnailUrl":"https:\/\/i0.wp.com\/vamosporlaliberacion.org\/crpmlm\/wp-content\/uploads\/2022\/09\/portada-editorial-Vamos184.jpeg?fit=790%2C303&ssl=1","datePublished":"2022-09-15T20:23:38+00:00","dateModified":"2022-09-15T20:33:41+00:00","author":{"@id":"https:\/\/vamosporlaliberacion.org\/crpmlm\/#\/schema\/person\/ebdbd4bf0e9418b9f0c0a93395366b2f"},"breadcrumb":{"@id":"http:\/\/vamosporlaliberacion.org\/crpmlm\/con-inflacion-dolar-soja-y-fmi-se-fortalece-el-discurso-del-odio-y-nuestros-verdugos\/#breadcrumb"},"inLanguage":"es","potentialAction":[{"@type":"ReadAction","target":["http:\/\/vamosporlaliberacion.org\/crpmlm\/con-inflacion-dolar-soja-y-fmi-se-fortalece-el-discurso-del-odio-y-nuestros-verdugos\/"]}]},{"@type":"ImageObject","inLanguage":"es","@id":"http:\/\/vamosporlaliberacion.org\/crpmlm\/con-inflacion-dolar-soja-y-fmi-se-fortalece-el-discurso-del-odio-y-nuestros-verdugos\/#primaryimage","url":"https:\/\/i0.wp.com\/vamosporlaliberacion.org\/crpmlm\/wp-content\/uploads\/2022\/09\/portada-editorial-Vamos184.jpeg?fit=790%2C303&ssl=1","contentUrl":"https:\/\/i0.wp.com\/vamosporlaliberacion.org\/crpmlm\/wp-content\/uploads\/2022\/09\/portada-editorial-Vamos184.jpeg?fit=790%2C303&ssl=1","width":790,"height":303},{"@type":"BreadcrumbList","@id":"http:\/\/vamosporlaliberacion.org\/crpmlm\/con-inflacion-dolar-soja-y-fmi-se-fortalece-el-discurso-del-odio-y-nuestros-verdugos\/#breadcrumb","itemListElement":[{"@type":"ListItem","position":1,"name":"Portada","item":"https:\/\/vamosporlaliberacion.org\/crpmlm\/"},{"@type":"ListItem","position":2,"name":"Con inflaci\u00f3n, d\u00f3lar soja y FMI se fortalece el discurso del odio y nuestros verdugos!!"}]},{"@type":"WebSite","@id":"https:\/\/vamosporlaliberacion.org\/crpmlm\/#website","url":"https:\/\/vamosporlaliberacion.org\/crpmlm\/","name":"Vamos por la Liberaci\u00f3n","description":"Prensa CR","potentialAction":[{"@type":"SearchAction","target":{"@type":"EntryPoint","urlTemplate":"https:\/\/vamosporlaliberacion.org\/crpmlm\/?s={search_term_string}"},"query-input":{"@type":"PropertyValueSpecification","valueRequired":true,"valueName":"search_term_string"}}],"inLanguage":"es"},{"@type":"Person","@id":"https:\/\/vamosporlaliberacion.org\/crpmlm\/#\/schema\/person\/ebdbd4bf0e9418b9f0c0a93395366b2f","name":"Prensa Vamos","sameAs":["http:\/\/vamposporlaliberacion.org"],"url":"https:\/\/vamosporlaliberacion.org\/crpmlm\/author\/editor\/"}]}},"jetpack_featured_media_url":"https:\/\/i0.wp.com\/vamosporlaliberacion.org\/crpmlm\/wp-content\/uploads\/2022\/09\/portada-editorial-Vamos184.jpeg?fit=790%2C303&ssl=1","jetpack_sharing_enabled":true,"_links":{"self":[{"href":"https:\/\/vamosporlaliberacion.org\/crpmlm\/wp-json\/wp\/v2\/posts\/25822","targetHints":{"allow":["GET"]}}],"collection":[{"href":"https:\/\/vamosporlaliberacion.org\/crpmlm\/wp-json\/wp\/v2\/posts"}],"about":[{"href":"https:\/\/vamosporlaliberacion.org\/crpmlm\/wp-json\/wp\/v2\/types\/post"}],"author":[{"embeddable":true,"href":"https:\/\/vamosporlaliberacion.org\/crpmlm\/wp-json\/wp\/v2\/users\/9"}],"replies":[{"embeddable":true,"href":"https:\/\/vamosporlaliberacion.org\/crpmlm\/wp-json\/wp\/v2\/comments?post=25822"}],"version-history":[{"count":1,"href":"https:\/\/vamosporlaliberacion.org\/crpmlm\/wp-json\/wp\/v2\/posts\/25822\/revisions"}],"predecessor-version":[{"id":25827,"href":"https:\/\/vamosporlaliberacion.org\/crpmlm\/wp-json\/wp\/v2\/posts\/25822\/revisions\/25827"}],"wp:featuredmedia":[{"embeddable":true,"href":"https:\/\/vamosporlaliberacion.org\/crpmlm\/wp-json\/wp\/v2\/media\/25832"}],"wp:attachment":[{"href":"https:\/\/vamosporlaliberacion.org\/crpmlm\/wp-json\/wp\/v2\/media?parent=25822"}],"wp:term":[{"taxonomy":"category","embeddable":true,"href":"https:\/\/vamosporlaliberacion.org\/crpmlm\/wp-json\/wp\/v2\/categories?post=25822"},{"taxonomy":"post_tag","embeddable":true,"href":"https:\/\/vamosporlaliberacion.org\/crpmlm\/wp-json\/wp\/v2\/tags?post=25822"}],"curies":[{"name":"wp","href":"https:\/\/api.w.org\/{rel}","templated":true}]}}