{"id":25808,"date":"2022-09-11T08:34:00","date_gmt":"2022-09-11T11:34:00","guid":{"rendered":"http:\/\/vamosporlaliberacion.org\/crpmlm\/?p=25808"},"modified":"2022-09-11T08:37:57","modified_gmt":"2022-09-11T11:37:57","slug":"chile-plebiscito-constitucional-se-impuso-el-voto-por-el-rechazo","status":"publish","type":"post","link":"https:\/\/vamosporlaliberacion.org\/crpmlm\/chile-plebiscito-constitucional-se-impuso-el-voto-por-el-rechazo\/","title":{"rendered":"Chile, plebiscito constitucional: Se impuso el voto por el Rechazo."},"content":{"rendered":"\n<h3 class=\"wp-block-heading\">Continuar\u00e1 vigente la Constituc<strong>i\u00f3n pinochetista<\/strong><\/h3>\n\n\n\n<p>El <strong>Rechazo<\/strong> obtuvo el 62% (7,880,963), el <strong>Apruebo<\/strong>, el 38% (4,857,992). Votos en blanco 0,6%, Voto nulo: 1,5%. Vot\u00f3 el 40,2% de los votantes, alrededor de 13 millones de personas.<\/p>\n\n\n\n<h4 class=\"wp-block-heading\"><strong>An\u00e1lisis de una dura derrota<\/strong><\/h4>\n\n\n\n<p>\u00bfPorque el mismo pueblo que encabez\u00f3 una rebeli\u00f3n popular hist\u00f3rica, quiz\u00e1s la m\u00e1s importante en d\u00e9cadas, que impuso con un 80% la voluntad por cambiar la constituci\u00f3n con sentido paritario, y que luego eligi\u00f3 a candidatxs independientes y originarios para integrar la convenci\u00f3n constituyente, ahora una mayor\u00eda se vuelca en rechazo al texto de esa constituci\u00f3n?<\/p>\n\n\n\n<p>Siguiendo el an\u00e1lisis de organizaciones y periodistas del hermano pa\u00eds no habr\u00eda una sola respuesta, y esto da la complejidad del asunto. <strong>Si bien el resultado electoral obligue a que siga vigente la constituci\u00f3n de genocida Pinochet de 1980, no necesariamente refleje de manera lineal que la mayor\u00eda del pueblo chileno quiera volver a esa tr\u00e1gica historia.<\/strong><\/p>\n\n\n\n<figure class=\"wp-block-gallery has-nested-images columns-default is-cropped wp-block-gallery-1 is-layout-flex wp-block-gallery-is-layout-flex\">\n<figure class=\"wp-block-image size-large\"><img data-recalc-dims=\"1\" loading=\"lazy\" decoding=\"async\" width=\"696\" height=\"391\" data-id=\"25813\" src=\"https:\/\/i0.wp.com\/vamosporlaliberacion.org\/crpmlm\/wp-content\/uploads\/2022\/09\/IMG-20220911-WA0000.jpg?resize=696%2C391\" alt=\"\" class=\"wp-image-25813\" srcset=\"https:\/\/i0.wp.com\/vamosporlaliberacion.org\/crpmlm\/wp-content\/uploads\/2022\/09\/IMG-20220911-WA0000.jpg?w=900&amp;ssl=1 900w, https:\/\/i0.wp.com\/vamosporlaliberacion.org\/crpmlm\/wp-content\/uploads\/2022\/09\/IMG-20220911-WA0000.jpg?resize=300%2C169&amp;ssl=1 300w, https:\/\/i0.wp.com\/vamosporlaliberacion.org\/crpmlm\/wp-content\/uploads\/2022\/09\/IMG-20220911-WA0000.jpg?resize=700%2C394&amp;ssl=1 700w, https:\/\/i0.wp.com\/vamosporlaliberacion.org\/crpmlm\/wp-content\/uploads\/2022\/09\/IMG-20220911-WA0000.jpg?resize=768%2C432&amp;ssl=1 768w, https:\/\/i0.wp.com\/vamosporlaliberacion.org\/crpmlm\/wp-content\/uploads\/2022\/09\/IMG-20220911-WA0000.jpg?resize=150%2C84&amp;ssl=1 150w, https:\/\/i0.wp.com\/vamosporlaliberacion.org\/crpmlm\/wp-content\/uploads\/2022\/09\/IMG-20220911-WA0000.jpg?resize=696%2C391&amp;ssl=1 696w, https:\/\/i0.wp.com\/vamosporlaliberacion.org\/crpmlm\/wp-content\/uploads\/2022\/09\/IMG-20220911-WA0000.jpg?resize=747%2C420&amp;ssl=1 747w\" sizes=\"auto, (max-width: 696px) 100vw, 696px\" \/><\/figure>\n\n\n\n<figure class=\"wp-block-image size-large\"><img data-recalc-dims=\"1\" loading=\"lazy\" decoding=\"async\" width=\"696\" height=\"519\" data-id=\"25810\" src=\"https:\/\/i0.wp.com\/vamosporlaliberacion.org\/crpmlm\/wp-content\/uploads\/2022\/09\/IMG-20220911-WA0002.jpg?resize=696%2C519\" alt=\"\" class=\"wp-image-25810\" srcset=\"https:\/\/i0.wp.com\/vamosporlaliberacion.org\/crpmlm\/wp-content\/uploads\/2022\/09\/IMG-20220911-WA0002.jpg?w=1280&amp;ssl=1 1280w, https:\/\/i0.wp.com\/vamosporlaliberacion.org\/crpmlm\/wp-content\/uploads\/2022\/09\/IMG-20220911-WA0002.jpg?resize=300%2C224&amp;ssl=1 300w, https:\/\/i0.wp.com\/vamosporlaliberacion.org\/crpmlm\/wp-content\/uploads\/2022\/09\/IMG-20220911-WA0002.jpg?resize=700%2C522&amp;ssl=1 700w, https:\/\/i0.wp.com\/vamosporlaliberacion.org\/crpmlm\/wp-content\/uploads\/2022\/09\/IMG-20220911-WA0002.jpg?resize=768%2C572&amp;ssl=1 768w, https:\/\/i0.wp.com\/vamosporlaliberacion.org\/crpmlm\/wp-content\/uploads\/2022\/09\/IMG-20220911-WA0002.jpg?resize=150%2C112&amp;ssl=1 150w, https:\/\/i0.wp.com\/vamosporlaliberacion.org\/crpmlm\/wp-content\/uploads\/2022\/09\/IMG-20220911-WA0002.jpg?resize=485%2C360&amp;ssl=1 485w, https:\/\/i0.wp.com\/vamosporlaliberacion.org\/crpmlm\/wp-content\/uploads\/2022\/09\/IMG-20220911-WA0002.jpg?resize=696%2C519&amp;ssl=1 696w, https:\/\/i0.wp.com\/vamosporlaliberacion.org\/crpmlm\/wp-content\/uploads\/2022\/09\/IMG-20220911-WA0002.jpg?resize=1068%2C796&amp;ssl=1 1068w, https:\/\/i0.wp.com\/vamosporlaliberacion.org\/crpmlm\/wp-content\/uploads\/2022\/09\/IMG-20220911-WA0002.jpg?resize=564%2C420&amp;ssl=1 564w, https:\/\/i0.wp.com\/vamosporlaliberacion.org\/crpmlm\/wp-content\/uploads\/2022\/09\/IMG-20220911-WA0002.jpg?resize=80%2C60&amp;ssl=1 80w, https:\/\/i0.wp.com\/vamosporlaliberacion.org\/crpmlm\/wp-content\/uploads\/2022\/09\/IMG-20220911-WA0002.jpg?resize=265%2C198&amp;ssl=1 265w\" sizes=\"auto, (max-width: 696px) 100vw, 696px\" \/><\/figure>\n<\/figure>\n\n\n\n<p>En este sentido, es importante resaltar que \u201c<strong>la campa\u00f1a por el Rechazo abandon\u00f3 desde temprano el discurso de defensa del texto de 1980<\/strong>&nbsp;<strong>o de su reforma<\/strong>. El 25 de octubre de 2020 la mayor\u00eda de la sociedad vot\u00f3 contundentemente por una nueva Constituci\u00f3n, evidenciando la derrota del legado principal de la dictadura. <strong>La derecha, en consecuencia, tom\u00f3 la propuesta de ir hacia una nueva Constituci\u00f3n.<\/strong> Los dirigentes de centroizquierda por el Rechazo, por su parte, construyeron un discurso que busc\u00f3 interpelar a quienes se movilizaron hist\u00f3ricamente contra el pinochetismo: \u201cvotamos No en el 88, Apruebo en el 2020, pero que esta vez dijimos no podemos aprobar este texto, tenemos que arreglarlo\u201d, expres\u00f3 uno de sus voceros\u201d. (Marcos Teruggi, Pag12 5-09-22)<\/p>\n\n\n\n<p>\u201cTal vez all\u00ed est\u00e9 una de las primeras explicaciones de la victoria del Rechazo:&nbsp;<strong>la capacidad de haber expandido la campa\u00f1a m\u00e1s all\u00e1 de la derecha,<\/strong>&nbsp;no haber centrado el discurso en la defensa de aquello impugnado en las calles de 2019 y las urnas de 2020 y 2021, para as\u00ed&nbsp;<strong>convencer a un electorado heterog\u00e9neo y amplio\u201d. (Ibid. Pag12 5-09-22)<\/strong><strong><\/strong><\/p>\n\n\n\n<p>Hay un hecho incontrastable, y es que en su momento la mayor\u00eda abrumadora eligi\u00f3 el cambio de la Constituci\u00f3n con m\u00e1s de 7 millones de votos (no obligatorios) y este es el punto de partida para el an\u00e1lisis de esta elecci\u00f3n obligatoria donde votaron algo m\u00e1s de 13 millones de personas.<\/p>\n\n\n\n<p>Esto obliga a ver la g\u00e9nesis del nuevo per\u00edodo que se abri\u00f3 en Chile, donde vamos a poder observar las presiones y la aguda lucha de clases que oper\u00f3 <strong>sobre el principal factor pol\u00edtico de disputa como es la conformaci\u00f3n de una nueva constituci\u00f3n.<\/strong> No hay, en t\u00e9rminos estrat\u00e9gicos institucionales, nada m\u00e1s importante en un pa\u00eds mientras dure <strong>Convenci\u00f3n Constituyente, erigi\u00e9ndose en un \u00f3rgano m\u00e1ximo de autoridad.<\/strong><\/p>\n\n\n\n<p>Para el pueblo, el terreno legislativo, dentro de los \u201cest\u00e1ndares\u201d de estas democracias donde <em>\u201cel pueblo no delibera ni gobierna solo a trav\u00e9s de sus representantes\u201d<\/em> no suele ser el mejor, <strong>ya que se tiende a abandonar el terreno de fortaleza de los pueblos como es la movilizaci\u00f3n<\/strong>, que puede ejercer presi\u00f3n y muchas veces imponerse en decisiones legislativas <strong>donde \u201clos representantes\u201d de los sectores populares se distancian y son susceptibles a presiones directas o indirectas de otros intereses.<\/strong><\/p>\n\n\n\n<p>Es justamente este, uno de los factores claves para entender la conformaci\u00f3n de la Carta Magna, sencillamente porque el proceso, como se\u00f1al\u00e1bamos m\u00e1s arriba, nace de una lucha hist\u00f3rica en pa\u00eds pero fue sufriendo cambios.<\/p>\n\n\n\n<p>En este nuevo per\u00edodo hubo quienes se dieron vuelta de proclamas que levantaban en las calles, otros sencillamente trataron de buscar \u201cconsensos\u201d, sabiendo que con las expresiones del llamado \u201cpoder real\u201d, suelen ser muy desventajosos para los pueblos en las discusiones de fondo, cuando est\u00e1 en juego la matriz econ\u00f3mica, la justicia y la cultura de un pa\u00eds como en la elaboraci\u00f3n de la Carta Magna.<\/p>\n\n\n\n<p><strong>Aqu\u00ed aparece otro fen\u00f3meno que dispara un debate muy importante, como es si esta Constituyente, como instituci\u00f3n, iba a estar a la altura de las propuestas y exigencias soberanas que se ven\u00edan reclamando en d\u00e9cadas de luchas pero en particular luego del 2019, o por el contrario era una Constituyente con todas las limitaciones impuesta por los sectores hegem\u00f3nicos y conciliadores que la integraban. <\/strong><strong><\/strong><\/p>\n\n\n\n<p>A poco andar, fue quedando demostrado las limitaciones de la Convenci\u00f3n Constituyente, ya que de hecho actu\u00f3 como un parlamento m\u00e1s, dejando gobernar en el final del mandato a Pi\u00f1era. <strong>Una \u201cinstituci\u00f3n\u201d que no gravit\u00f3 en el tiempo que funcion\u00f3, para ponerle freno a medidas del gobierno<\/strong> como la p\u00e9rdida de puestos de trabajo y el crecimiento de la pobreza, ni tampoco en relaci\u00f3n con las y los presos pol\u00edticos de las jornadas de lucha o las innumerables denuncias respecto a los asesinados y heridos de aquellas jornadas como exig\u00edan los organismos de DDHH.<\/p>\n\n\n\n<p><strong>La hegemon\u00eda se hizo sentir r\u00e1pidamente<\/strong> cuando se puso en debate cuestiones estructurales como la nacionalizaci\u00f3n de los recursos naturales, la cuesti\u00f3n del uso y tenencia de la tierra que encierra hacer justicia con las comunidades originarias que han sido expulsadas de las tierras ancestrales y otras que est\u00e1n amenazadas y militarizadas por parte del actual gobierno.<\/p>\n\n\n\n<p>Si bien hay avances democr\u00e1ticos en la nueva Constituci\u00f3n, no se acerc\u00f3 a las expectativas de vastos sectores que ten\u00edan esperanzas en que se iba a avanzar en cuanto a la estructura econ\u00f3mica, responsable de la desigualdad profunda en el pa\u00eds.<\/p>\n\n\n\n<p>Estos fueron factores que da\u00f1aron el entusiasmo popular, trajeron confusi\u00f3n y retroceso en cuanto a los reclamos de una lucha gigantesca.<\/p>\n\n\n\n<p><strong>El plebiscito al gobierno<\/strong><strong><\/strong><\/p>\n\n\n\n<p><strong>Sin dudas el gobierno sufri\u00f3 un duro golpe<\/strong> con la derrota del \u201capruebo\u201d, no solo porque promov\u00eda tibiamente esa posici\u00f3n, <strong>sino porque tambi\u00e9n se evidenci\u00f3 que los acuerdos con otras fuerzas tradicionales, en particular de la \u201cConcertaci\u00f3n\u201d (socialistas y democristianos), ten\u00edan un claro objetivo en no permitir avanzar en el programa que se hab\u00eda impuesto por la lucha del 2019.<\/strong><strong><\/strong><\/p>\n\n\n\n<p>La labor del \u201cprogresismo\u201d fue darle una salida pactada para mantener el modelo, sumar conquistas de derechos, pero no avanzando en medidas de fondo que modifiquen el actual sistema salud y educaci\u00f3n privadas, los recursos naturales, el nefasto sistema previsional vigente y la entrega de las tierras a las comunidades mapuches, entre otras cuestiones estructurales. <strong>El resultado de esa posici\u00f3n fue darle m\u00e1s aire a la derecha que hab\u00eda sido duramente golpeada por la lucha popular del 2019 y buscaba comenzar un nuevo per\u00edodo a su favor en esta Constituyente, y lo logr\u00f3.<\/strong> &nbsp;<\/p>\n\n\n\n<p>Pero tambi\u00e9n paga el nuevo gobierno su pol\u00edtica, donde se evidencia esta l\u00ednea pol\u00edtica que busca el \u201cconsenso\u201d con los \u201cdue\u00f1os del poder\u201d, \u201cderramando\u201d medidas hacia los sectores populares, pero manteniendo la esencia del modelo.<\/p>\n\n\n\n<p>Ahora, luego de las elecciones entr\u00f3 en una crisis con varias renuncias en el gabinete, \u201cblanqueando su corrimiento al centro\u201d con la designaci\u00f3n de expresiones de las fuerzas de la \u201cConcertaci\u00f3n\u201d en el gobierno; los llamados \u201cpartidos tradicionales\u201d que ya gobernaron Chile con pol\u00edticas neoliberales. Pero tambi\u00e9n ese corrimiento se puede observar respecto a las comunidades mapuches donde se mantiene y refuerza la militarizaci\u00f3n a pedido de los terratenientes y empresas en aquellas zonas, con dirigentes de esa comunidad presos, as\u00ed como la impunidad sobre los muertos y presos de la lucha del 2019 y la reciente represi\u00f3n de carabineros a la movilizaci\u00f3n de estudiantes y organizaciones pol\u00edticas y sociales que exigen una \u201ceducaci\u00f3n digna\u201d y un nuevo proceso constituyente.<\/p>\n\n\n\n<figure class=\"wp-block-gallery has-nested-images columns-default is-cropped wp-block-gallery-2 is-layout-flex wp-block-gallery-is-layout-flex\">\n<figure class=\"wp-block-image size-large\"><img data-recalc-dims=\"1\" loading=\"lazy\" decoding=\"async\" width=\"640\" height=\"360\" data-id=\"25812\" src=\"https:\/\/i0.wp.com\/vamosporlaliberacion.org\/crpmlm\/wp-content\/uploads\/2022\/09\/IMG-20220911-WA0004.jpg?resize=640%2C360\" alt=\"\" class=\"wp-image-25812\" srcset=\"https:\/\/i0.wp.com\/vamosporlaliberacion.org\/crpmlm\/wp-content\/uploads\/2022\/09\/IMG-20220911-WA0004.jpg?w=640&amp;ssl=1 640w, https:\/\/i0.wp.com\/vamosporlaliberacion.org\/crpmlm\/wp-content\/uploads\/2022\/09\/IMG-20220911-WA0004.jpg?resize=300%2C169&amp;ssl=1 300w, https:\/\/i0.wp.com\/vamosporlaliberacion.org\/crpmlm\/wp-content\/uploads\/2022\/09\/IMG-20220911-WA0004.jpg?resize=150%2C84&amp;ssl=1 150w\" sizes=\"auto, (max-width: 640px) 100vw, 640px\" \/><\/figure>\n\n\n\n<figure class=\"wp-block-image size-large\"><img data-recalc-dims=\"1\" loading=\"lazy\" decoding=\"async\" width=\"696\" height=\"485\" data-id=\"25811\" src=\"https:\/\/i0.wp.com\/vamosporlaliberacion.org\/crpmlm\/wp-content\/uploads\/2022\/09\/IMG-20220911-WA0003.jpg?resize=696%2C485\" alt=\"\" class=\"wp-image-25811\" srcset=\"https:\/\/i0.wp.com\/vamosporlaliberacion.org\/crpmlm\/wp-content\/uploads\/2022\/09\/IMG-20220911-WA0003.jpg?w=768&amp;ssl=1 768w, https:\/\/i0.wp.com\/vamosporlaliberacion.org\/crpmlm\/wp-content\/uploads\/2022\/09\/IMG-20220911-WA0003.jpg?resize=300%2C209&amp;ssl=1 300w, https:\/\/i0.wp.com\/vamosporlaliberacion.org\/crpmlm\/wp-content\/uploads\/2022\/09\/IMG-20220911-WA0003.jpg?resize=700%2C488&amp;ssl=1 700w, https:\/\/i0.wp.com\/vamosporlaliberacion.org\/crpmlm\/wp-content\/uploads\/2022\/09\/IMG-20220911-WA0003.jpg?resize=150%2C104&amp;ssl=1 150w, https:\/\/i0.wp.com\/vamosporlaliberacion.org\/crpmlm\/wp-content\/uploads\/2022\/09\/IMG-20220911-WA0003.jpg?resize=696%2C485&amp;ssl=1 696w, https:\/\/i0.wp.com\/vamosporlaliberacion.org\/crpmlm\/wp-content\/uploads\/2022\/09\/IMG-20220911-WA0003.jpg?resize=603%2C420&amp;ssl=1 603w, https:\/\/i0.wp.com\/vamosporlaliberacion.org\/crpmlm\/wp-content\/uploads\/2022\/09\/IMG-20220911-WA0003.jpg?resize=100%2C70&amp;ssl=1 100w\" sizes=\"auto, (max-width: 696px) 100vw, 696px\" \/><\/figure>\n<\/figure>\n\n\n\n<p><strong>Ense\u00f1anzas y nuevo per\u00edodo<\/strong><strong><\/strong><\/p>\n\n\n\n<p>La experiencia mostr\u00f3 que la correlaci\u00f3n de fuerzas que se hab\u00eda logrado en las calles se disip\u00f3 en la Asamblea Constituyente, donde pasaron a tener la hegemon\u00eda los sectores moderados y la derecha,<strong> constituyendo una instancia institucional limitada, condicionada y ama\u00f1ada. <\/strong>Frente a esta realidad, no se pod\u00eda esperar que se cumpliera el programa de la lucha insurreccional del 2019, peroexig\u00eda rodear la Asamblea Constituyente de la movilizaci\u00f3n popular, agudizando la confrontaci\u00f3n, para llevar en esta adversidad, la lucha hasta las \u00faltimas consecuencias para tratar de condicionar e incorporar medidas favorables al pueblo y mostrar sus l\u00edmites.<\/p>\n\n\n\n<p>Se impon\u00eda un proceso de debate democr\u00e1tico, sostenido, de masas y activo, donde se lograra interpelar a <strong>una sociedad muy desigual con educaci\u00f3n privada, jueces vinculados a la dictadura y un peso casi omn\u00edmodo de los carabineros como fuerza armada de los intereses m\u00e1s concentrados del pa\u00eds<\/strong>,y se confrontara con ejes que sembraron los defensores del voto por el rechazo como por ejemplo, la confusi\u00f3n sobre que el \u201cEstado Plurinacional\u201d iba en contra del pa\u00eds y significaba una p\u00e9rdida de soberan\u00eda, ocultando que esa definici\u00f3n es avanzar en un Estado m\u00e1s justo y democr\u00e1tico en t\u00e9rminos hist\u00f3ricos y presentes en el reconocimiento de la plurinacionalidad del pa\u00eds.<\/p>\n\n\n\n<p>Una de las ense\u00f1anzas m\u00e1s importantes que quiz\u00e1s deja este proceso es que el pueblo puede imponer su voluntad en la lucha en las calles y el paro como herramienta del movimiento obrero, <strong>logrando en esa confrontaci\u00f3n con los due\u00f1os del poder, la construcci\u00f3n y consolidaci\u00f3n de la correlaci\u00f3n de fuerzas con un programa soberano. <\/strong><strong><\/strong><\/p>\n\n\n\n<p>Ahora son muchos los sectores que se plantean impulsar \u201ccabildos abiertos\u201d en las barriadas populares, los lugares de trabajo y estudio, en el campo pobre y las comunidades originarias <strong>para que sean las que saquen un ajustado balance de esta derrota.<\/strong> Que contribuya a construir la <strong>unidad en las calles como en el 2019, para imponer un rumbo popular que agudice la confrontaci\u00f3n, <\/strong>llevada a una instancia superior, en camino a <strong><u>la liberaci\u00f3n nacional y social para dar nacimiento, ah\u00ed s\u00ed, a una Asamblea Constituyente verdaderamente soberana.<\/u><\/strong><\/p>\n<!-- AddThis Advanced Settings generic via filter on the_content --><!-- AddThis Share Buttons generic via filter on the_content -->","protected":false},"excerpt":{"rendered":"<p>Continuar\u00e1 vigente la Constituci\u00f3n pinochetista El Rechazo obtuvo el 62% (7,880,963), el Apruebo, el 38% (4,857,992). Votos en blanco 0,6%, Voto nulo: 1,5%. Vot\u00f3 el 40,2% de los votantes, alrededor de 13 millones de personas. An\u00e1lisis de una dura derrota \u00bfPorque el mismo pueblo que encabez\u00f3 una rebeli\u00f3n popular hist\u00f3rica, quiz\u00e1s la m\u00e1s importante en [&hellip;]<!-- AddThis Advanced Settings generic via filter on get_the_excerpt --><!-- AddThis Share Buttons generic via filter on get_the_excerpt --><\/p>\n","protected":false},"author":9,"featured_media":25809,"comment_status":"closed","ping_status":"closed","sticky":false,"template":"","format":"standard","meta":{"_jetpack_memberships_contains_paid_content":false,"footnotes":""},"categories":[1878,1699],"tags":[],"class_list":{"0":"post-25808","1":"post","2":"type-post","3":"status-publish","4":"format-standard","5":"has-post-thumbnail","7":"category-internacional","8":"category-noticias"},"yoast_head":"<!-- This site is optimized with the Yoast SEO plugin v27.4 - https:\/\/yoast.com\/product\/yoast-seo-wordpress\/ -->\n<title>Chile, plebiscito constitucional: Se impuso el voto por el Rechazo. - Vamos por la Liberaci\u00f3n<\/title>\n<meta name=\"robots\" content=\"index, follow, max-snippet:-1, max-image-preview:large, max-video-preview:-1\" \/>\n<link rel=\"canonical\" href=\"http:\/\/vamosporlaliberacion.org\/crpmlm\/chile-plebiscito-constitucional-se-impuso-el-voto-por-el-rechazo\/\" \/>\n<meta name=\"twitter:label1\" content=\"Escrito por\" \/>\n\t<meta name=\"twitter:data1\" content=\"Prensa Vamos\" \/>\n\t<meta name=\"twitter:label2\" content=\"Tiempo de lectura\" \/>\n\t<meta name=\"twitter:data2\" content=\"9 minutos\" \/>\n<script type=\"application\/ld+json\" class=\"yoast-schema-graph\">{\"@context\":\"https:\\\/\\\/schema.org\",\"@graph\":[{\"@type\":\"Article\",\"@id\":\"http:\\\/\\\/vamosporlaliberacion.org\\\/crpmlm\\\/chile-plebiscito-constitucional-se-impuso-el-voto-por-el-rechazo\\\/#article\",\"isPartOf\":{\"@id\":\"http:\\\/\\\/vamosporlaliberacion.org\\\/crpmlm\\\/chile-plebiscito-constitucional-se-impuso-el-voto-por-el-rechazo\\\/\"},\"author\":{\"name\":\"Prensa Vamos\",\"@id\":\"https:\\\/\\\/vamosporlaliberacion.org\\\/crpmlm\\\/#\\\/schema\\\/person\\\/ebdbd4bf0e9418b9f0c0a93395366b2f\"},\"headline\":\"Chile, plebiscito constitucional: Se impuso el voto por el Rechazo.\",\"datePublished\":\"2022-09-11T11:34:00+00:00\",\"dateModified\":\"2022-09-11T11:37:57+00:00\",\"mainEntityOfPage\":{\"@id\":\"http:\\\/\\\/vamosporlaliberacion.org\\\/crpmlm\\\/chile-plebiscito-constitucional-se-impuso-el-voto-por-el-rechazo\\\/\"},\"wordCount\":1708,\"image\":{\"@id\":\"http:\\\/\\\/vamosporlaliberacion.org\\\/crpmlm\\\/chile-plebiscito-constitucional-se-impuso-el-voto-por-el-rechazo\\\/#primaryimage\"},\"thumbnailUrl\":\"https:\\\/\\\/i0.wp.com\\\/vamosporlaliberacion.org\\\/crpmlm\\\/wp-content\\\/uploads\\\/2022\\\/09\\\/IMG-20220911-WA0001.jpg?fit=700%2C402&ssl=1\",\"articleSection\":[\"Internacional\",\"Noticias\"],\"inLanguage\":\"es\"},{\"@type\":\"WebPage\",\"@id\":\"http:\\\/\\\/vamosporlaliberacion.org\\\/crpmlm\\\/chile-plebiscito-constitucional-se-impuso-el-voto-por-el-rechazo\\\/\",\"url\":\"http:\\\/\\\/vamosporlaliberacion.org\\\/crpmlm\\\/chile-plebiscito-constitucional-se-impuso-el-voto-por-el-rechazo\\\/\",\"name\":\"Chile, plebiscito constitucional: Se impuso el voto por el Rechazo. - Vamos por la Liberaci\u00f3n\",\"isPartOf\":{\"@id\":\"https:\\\/\\\/vamosporlaliberacion.org\\\/crpmlm\\\/#website\"},\"primaryImageOfPage\":{\"@id\":\"http:\\\/\\\/vamosporlaliberacion.org\\\/crpmlm\\\/chile-plebiscito-constitucional-se-impuso-el-voto-por-el-rechazo\\\/#primaryimage\"},\"image\":{\"@id\":\"http:\\\/\\\/vamosporlaliberacion.org\\\/crpmlm\\\/chile-plebiscito-constitucional-se-impuso-el-voto-por-el-rechazo\\\/#primaryimage\"},\"thumbnailUrl\":\"https:\\\/\\\/i0.wp.com\\\/vamosporlaliberacion.org\\\/crpmlm\\\/wp-content\\\/uploads\\\/2022\\\/09\\\/IMG-20220911-WA0001.jpg?fit=700%2C402&ssl=1\",\"datePublished\":\"2022-09-11T11:34:00+00:00\",\"dateModified\":\"2022-09-11T11:37:57+00:00\",\"author\":{\"@id\":\"https:\\\/\\\/vamosporlaliberacion.org\\\/crpmlm\\\/#\\\/schema\\\/person\\\/ebdbd4bf0e9418b9f0c0a93395366b2f\"},\"breadcrumb\":{\"@id\":\"http:\\\/\\\/vamosporlaliberacion.org\\\/crpmlm\\\/chile-plebiscito-constitucional-se-impuso-el-voto-por-el-rechazo\\\/#breadcrumb\"},\"inLanguage\":\"es\",\"potentialAction\":[{\"@type\":\"ReadAction\",\"target\":[\"http:\\\/\\\/vamosporlaliberacion.org\\\/crpmlm\\\/chile-plebiscito-constitucional-se-impuso-el-voto-por-el-rechazo\\\/\"]}]},{\"@type\":\"ImageObject\",\"inLanguage\":\"es\",\"@id\":\"http:\\\/\\\/vamosporlaliberacion.org\\\/crpmlm\\\/chile-plebiscito-constitucional-se-impuso-el-voto-por-el-rechazo\\\/#primaryimage\",\"url\":\"https:\\\/\\\/i0.wp.com\\\/vamosporlaliberacion.org\\\/crpmlm\\\/wp-content\\\/uploads\\\/2022\\\/09\\\/IMG-20220911-WA0001.jpg?fit=700%2C402&ssl=1\",\"contentUrl\":\"https:\\\/\\\/i0.wp.com\\\/vamosporlaliberacion.org\\\/crpmlm\\\/wp-content\\\/uploads\\\/2022\\\/09\\\/IMG-20220911-WA0001.jpg?fit=700%2C402&ssl=1\",\"width\":700,\"height\":402},{\"@type\":\"BreadcrumbList\",\"@id\":\"http:\\\/\\\/vamosporlaliberacion.org\\\/crpmlm\\\/chile-plebiscito-constitucional-se-impuso-el-voto-por-el-rechazo\\\/#breadcrumb\",\"itemListElement\":[{\"@type\":\"ListItem\",\"position\":1,\"name\":\"Portada\",\"item\":\"https:\\\/\\\/vamosporlaliberacion.org\\\/crpmlm\\\/\"},{\"@type\":\"ListItem\",\"position\":2,\"name\":\"Chile, plebiscito constitucional: Se impuso el voto por el Rechazo.\"}]},{\"@type\":\"WebSite\",\"@id\":\"https:\\\/\\\/vamosporlaliberacion.org\\\/crpmlm\\\/#website\",\"url\":\"https:\\\/\\\/vamosporlaliberacion.org\\\/crpmlm\\\/\",\"name\":\"Vamos por la Liberaci\u00f3n\",\"description\":\"Prensa CR\",\"potentialAction\":[{\"@type\":\"SearchAction\",\"target\":{\"@type\":\"EntryPoint\",\"urlTemplate\":\"https:\\\/\\\/vamosporlaliberacion.org\\\/crpmlm\\\/?s={search_term_string}\"},\"query-input\":{\"@type\":\"PropertyValueSpecification\",\"valueRequired\":true,\"valueName\":\"search_term_string\"}}],\"inLanguage\":\"es\"},{\"@type\":\"Person\",\"@id\":\"https:\\\/\\\/vamosporlaliberacion.org\\\/crpmlm\\\/#\\\/schema\\\/person\\\/ebdbd4bf0e9418b9f0c0a93395366b2f\",\"name\":\"Prensa Vamos\",\"sameAs\":[\"http:\\\/\\\/vamposporlaliberacion.org\"],\"url\":\"https:\\\/\\\/vamosporlaliberacion.org\\\/crpmlm\\\/author\\\/editor\\\/\"}]}<\/script>\n<!-- \/ Yoast SEO plugin. -->","yoast_head_json":{"title":"Chile, plebiscito constitucional: Se impuso el voto por el Rechazo. - Vamos por la Liberaci\u00f3n","robots":{"index":"index","follow":"follow","max-snippet":"max-snippet:-1","max-image-preview":"max-image-preview:large","max-video-preview":"max-video-preview:-1"},"canonical":"http:\/\/vamosporlaliberacion.org\/crpmlm\/chile-plebiscito-constitucional-se-impuso-el-voto-por-el-rechazo\/","twitter_misc":{"Escrito por":"Prensa Vamos","Tiempo de lectura":"9 minutos"},"schema":{"@context":"https:\/\/schema.org","@graph":[{"@type":"Article","@id":"http:\/\/vamosporlaliberacion.org\/crpmlm\/chile-plebiscito-constitucional-se-impuso-el-voto-por-el-rechazo\/#article","isPartOf":{"@id":"http:\/\/vamosporlaliberacion.org\/crpmlm\/chile-plebiscito-constitucional-se-impuso-el-voto-por-el-rechazo\/"},"author":{"name":"Prensa Vamos","@id":"https:\/\/vamosporlaliberacion.org\/crpmlm\/#\/schema\/person\/ebdbd4bf0e9418b9f0c0a93395366b2f"},"headline":"Chile, plebiscito constitucional: Se impuso el voto por el Rechazo.","datePublished":"2022-09-11T11:34:00+00:00","dateModified":"2022-09-11T11:37:57+00:00","mainEntityOfPage":{"@id":"http:\/\/vamosporlaliberacion.org\/crpmlm\/chile-plebiscito-constitucional-se-impuso-el-voto-por-el-rechazo\/"},"wordCount":1708,"image":{"@id":"http:\/\/vamosporlaliberacion.org\/crpmlm\/chile-plebiscito-constitucional-se-impuso-el-voto-por-el-rechazo\/#primaryimage"},"thumbnailUrl":"https:\/\/i0.wp.com\/vamosporlaliberacion.org\/crpmlm\/wp-content\/uploads\/2022\/09\/IMG-20220911-WA0001.jpg?fit=700%2C402&ssl=1","articleSection":["Internacional","Noticias"],"inLanguage":"es"},{"@type":"WebPage","@id":"http:\/\/vamosporlaliberacion.org\/crpmlm\/chile-plebiscito-constitucional-se-impuso-el-voto-por-el-rechazo\/","url":"http:\/\/vamosporlaliberacion.org\/crpmlm\/chile-plebiscito-constitucional-se-impuso-el-voto-por-el-rechazo\/","name":"Chile, plebiscito constitucional: Se impuso el voto por el Rechazo. - Vamos por la Liberaci\u00f3n","isPartOf":{"@id":"https:\/\/vamosporlaliberacion.org\/crpmlm\/#website"},"primaryImageOfPage":{"@id":"http:\/\/vamosporlaliberacion.org\/crpmlm\/chile-plebiscito-constitucional-se-impuso-el-voto-por-el-rechazo\/#primaryimage"},"image":{"@id":"http:\/\/vamosporlaliberacion.org\/crpmlm\/chile-plebiscito-constitucional-se-impuso-el-voto-por-el-rechazo\/#primaryimage"},"thumbnailUrl":"https:\/\/i0.wp.com\/vamosporlaliberacion.org\/crpmlm\/wp-content\/uploads\/2022\/09\/IMG-20220911-WA0001.jpg?fit=700%2C402&ssl=1","datePublished":"2022-09-11T11:34:00+00:00","dateModified":"2022-09-11T11:37:57+00:00","author":{"@id":"https:\/\/vamosporlaliberacion.org\/crpmlm\/#\/schema\/person\/ebdbd4bf0e9418b9f0c0a93395366b2f"},"breadcrumb":{"@id":"http:\/\/vamosporlaliberacion.org\/crpmlm\/chile-plebiscito-constitucional-se-impuso-el-voto-por-el-rechazo\/#breadcrumb"},"inLanguage":"es","potentialAction":[{"@type":"ReadAction","target":["http:\/\/vamosporlaliberacion.org\/crpmlm\/chile-plebiscito-constitucional-se-impuso-el-voto-por-el-rechazo\/"]}]},{"@type":"ImageObject","inLanguage":"es","@id":"http:\/\/vamosporlaliberacion.org\/crpmlm\/chile-plebiscito-constitucional-se-impuso-el-voto-por-el-rechazo\/#primaryimage","url":"https:\/\/i0.wp.com\/vamosporlaliberacion.org\/crpmlm\/wp-content\/uploads\/2022\/09\/IMG-20220911-WA0001.jpg?fit=700%2C402&ssl=1","contentUrl":"https:\/\/i0.wp.com\/vamosporlaliberacion.org\/crpmlm\/wp-content\/uploads\/2022\/09\/IMG-20220911-WA0001.jpg?fit=700%2C402&ssl=1","width":700,"height":402},{"@type":"BreadcrumbList","@id":"http:\/\/vamosporlaliberacion.org\/crpmlm\/chile-plebiscito-constitucional-se-impuso-el-voto-por-el-rechazo\/#breadcrumb","itemListElement":[{"@type":"ListItem","position":1,"name":"Portada","item":"https:\/\/vamosporlaliberacion.org\/crpmlm\/"},{"@type":"ListItem","position":2,"name":"Chile, plebiscito constitucional: Se impuso el voto por el Rechazo."}]},{"@type":"WebSite","@id":"https:\/\/vamosporlaliberacion.org\/crpmlm\/#website","url":"https:\/\/vamosporlaliberacion.org\/crpmlm\/","name":"Vamos por la Liberaci\u00f3n","description":"Prensa CR","potentialAction":[{"@type":"SearchAction","target":{"@type":"EntryPoint","urlTemplate":"https:\/\/vamosporlaliberacion.org\/crpmlm\/?s={search_term_string}"},"query-input":{"@type":"PropertyValueSpecification","valueRequired":true,"valueName":"search_term_string"}}],"inLanguage":"es"},{"@type":"Person","@id":"https:\/\/vamosporlaliberacion.org\/crpmlm\/#\/schema\/person\/ebdbd4bf0e9418b9f0c0a93395366b2f","name":"Prensa Vamos","sameAs":["http:\/\/vamposporlaliberacion.org"],"url":"https:\/\/vamosporlaliberacion.org\/crpmlm\/author\/editor\/"}]}},"jetpack_featured_media_url":"https:\/\/i0.wp.com\/vamosporlaliberacion.org\/crpmlm\/wp-content\/uploads\/2022\/09\/IMG-20220911-WA0001.jpg?fit=700%2C402&ssl=1","jetpack_sharing_enabled":true,"_links":{"self":[{"href":"https:\/\/vamosporlaliberacion.org\/crpmlm\/wp-json\/wp\/v2\/posts\/25808","targetHints":{"allow":["GET"]}}],"collection":[{"href":"https:\/\/vamosporlaliberacion.org\/crpmlm\/wp-json\/wp\/v2\/posts"}],"about":[{"href":"https:\/\/vamosporlaliberacion.org\/crpmlm\/wp-json\/wp\/v2\/types\/post"}],"author":[{"embeddable":true,"href":"https:\/\/vamosporlaliberacion.org\/crpmlm\/wp-json\/wp\/v2\/users\/9"}],"replies":[{"embeddable":true,"href":"https:\/\/vamosporlaliberacion.org\/crpmlm\/wp-json\/wp\/v2\/comments?post=25808"}],"version-history":[{"count":2,"href":"https:\/\/vamosporlaliberacion.org\/crpmlm\/wp-json\/wp\/v2\/posts\/25808\/revisions"}],"predecessor-version":[{"id":25815,"href":"https:\/\/vamosporlaliberacion.org\/crpmlm\/wp-json\/wp\/v2\/posts\/25808\/revisions\/25815"}],"wp:featuredmedia":[{"embeddable":true,"href":"https:\/\/vamosporlaliberacion.org\/crpmlm\/wp-json\/wp\/v2\/media\/25809"}],"wp:attachment":[{"href":"https:\/\/vamosporlaliberacion.org\/crpmlm\/wp-json\/wp\/v2\/media?parent=25808"}],"wp:term":[{"taxonomy":"category","embeddable":true,"href":"https:\/\/vamosporlaliberacion.org\/crpmlm\/wp-json\/wp\/v2\/categories?post=25808"},{"taxonomy":"post_tag","embeddable":true,"href":"https:\/\/vamosporlaliberacion.org\/crpmlm\/wp-json\/wp\/v2\/tags?post=25808"}],"curies":[{"name":"wp","href":"https:\/\/api.w.org\/{rel}","templated":true}]}}