{"id":25561,"date":"2022-07-10T11:41:20","date_gmt":"2022-07-10T14:41:20","guid":{"rendered":"http:\/\/vamosporlaliberacion.org\/crpmlm\/?p=25561"},"modified":"2022-07-10T11:43:27","modified_gmt":"2022-07-10T14:43:27","slug":"se-lanzo-la-colecta-2022","status":"publish","type":"post","link":"https:\/\/vamosporlaliberacion.org\/crpmlm\/se-lanzo-la-colecta-2022\/","title":{"rendered":"Se lanz\u00f3 la colecta 2022"},"content":{"rendered":"\n<p>Con muy buena concurrencia se realiz\u00f3 el lanzamiento de la Colecta Financiera 2022 con la charla debate a cargo de Maria Rinaldi y Gustavo Funes.<\/p>\n\n\n\n<p>Gustavo se refiri\u00f3 a la fecha hist\u00f3rica de nuestra independencia y las tareas inconclusas a realizarse en esta etapa a cargo de la clase obrera acaudillando al conjunto de sectores, clases y capas interesadas en llevar adelante las tareas democr\u00e1ticas y antiimperialistas con la Liberaci\u00f3n Nacional y Social en marcha al socialismo.<\/p>\n\n\n\n<p>Luego enmarc\u00f3 este nuevo aniversario en la dif\u00edcil situaci\u00f3n de crisis pol\u00edtica, inflaci\u00f3n y ofensiva desestabilizadora de los sectores concentrados del poder real que agitan las corridas cambiarias y las remarcaciones de precios de alimentos y bienes que consume el pueblo.<\/p>\n\n\n\n<p>\u201cEsta realidad que vivimos es consecuencia de medidas y pol\u00edticas soberanas no tomadas en su momento y otras auto infligidas, de ajuste, como el acuerdo con el FMI que rige el rumbo econ\u00f3mico\u201d. La renuncia del ministro de econom\u00eda y posterior crisis pol\u00edtica evidencian ese rumbo.<br>Se se\u00f1al\u00f3 la dif\u00edcil situaci\u00f3n de sectores populares y militancia que est\u00e1n sin reacci\u00f3n frente a las pol\u00edticas del gobierno, que quieren expresarse en las calles, pero a la vez no quieren hacerle el juego a los sectores desestabilizadores que acechan en estos d\u00edas.<\/p>\n\n\n<div class=\"wp-block-image\">\n<figure class=\"aligncenter size-large is-resized\"><img data-recalc-dims=\"1\" loading=\"lazy\" decoding=\"async\" src=\"https:\/\/i0.wp.com\/vamosporlaliberacion.org\/crpmlm\/wp-content\/uploads\/2022\/07\/charlaColecta2-525x700.jpeg?resize=458%2C611\" alt=\"\" class=\"wp-image-25563\" width=\"458\" height=\"611\" srcset=\"https:\/\/i0.wp.com\/vamosporlaliberacion.org\/crpmlm\/wp-content\/uploads\/2022\/07\/charlaColecta2.jpeg?resize=525%2C700&amp;ssl=1 525w, https:\/\/i0.wp.com\/vamosporlaliberacion.org\/crpmlm\/wp-content\/uploads\/2022\/07\/charlaColecta2.jpeg?resize=225%2C300&amp;ssl=1 225w, https:\/\/i0.wp.com\/vamosporlaliberacion.org\/crpmlm\/wp-content\/uploads\/2022\/07\/charlaColecta2.jpeg?resize=150%2C200&amp;ssl=1 150w, https:\/\/i0.wp.com\/vamosporlaliberacion.org\/crpmlm\/wp-content\/uploads\/2022\/07\/charlaColecta2.jpeg?resize=300%2C400&amp;ssl=1 300w, https:\/\/i0.wp.com\/vamosporlaliberacion.org\/crpmlm\/wp-content\/uploads\/2022\/07\/charlaColecta2.jpeg?resize=696%2C928&amp;ssl=1 696w, https:\/\/i0.wp.com\/vamosporlaliberacion.org\/crpmlm\/wp-content\/uploads\/2022\/07\/charlaColecta2.jpeg?resize=315%2C420&amp;ssl=1 315w, https:\/\/i0.wp.com\/vamosporlaliberacion.org\/crpmlm\/wp-content\/uploads\/2022\/07\/charlaColecta2.jpeg?w=768&amp;ssl=1 768w\" sizes=\"auto, (max-width: 458px) 100vw, 458px\" \/><figcaption>Mar\u00eda Rinaldi y Gustavo Funes<\/figcaption><\/figure>\n<\/div>\n\n\n<p>Se afirm\u00f3 como caracter\u00edstica de la crisis, que se cambi\u00f3 de funcionarios en econom\u00eda pero todav\u00eda no hay ninguna medida\u2026que descomprima la situaci\u00f3n del pueblo que padece las remarcaciones. Dijo que el acuerdo con el FMI es inviable y de seguir por ese rumbo solo traer\u00e1 mayores ajustes y lucha popular.<\/p>\n\n\n\n<p>Se se\u00f1al\u00f3, como caracter\u00edstica del periodo, la dispersi\u00f3n del campo popular y la necesidad de trabajar para la unidad como una tarea central frente a \u201cla crisis de las opciones del &#8216;progresismo&#8217; que propone la conciliaci\u00f3n y acuerdos con el &#8216;poder real&#8217;, que no pudo con Vicentin, ni puede con los agitadores y armadores de las operaciones desestabilizadoras de presente\u00bb.<\/p>\n\n\n\n<p>\u201cHace rato que la realidad viene indicando que son momentos de grandes confrontaciones y es all\u00ed donde los sectores populares forjan y acumulan fuerzas\u201d.<br>\u201cLo dijimos desde el principio que se hab\u00eda configurado una situaci\u00f3n desde el inicio del gobierno del Frente de Todos con la crisis heredada, la deuda criminal y la pandemia, para tomar medidas de fondo y emprender un rumbo popular\u201d. Pero no fue as\u00ed!<\/p>\n\n\n\n<p><em>Gustavo<\/em>, en este sentido, hizo hincapi\u00e9 en que si bien somos muy cr\u00edticos de las posturas dialoguistas o llamadas progresistas, porque no van a fondo y son pasibles a presiones y cambian o traicionan programas, todav\u00eda son necesarias las alianzas con esos sectores incluso con aquellas expresiones de clases dominantes, por la debilidad y dispersi\u00f3n de las fuerzas populares para imponerse y hegemonizar los procesos (que en su gran mayor\u00eda nacen de grandes luchas y puebladas), pero tambi\u00e9n por la fortaleza y avance de las expresiones del neoliberalismo que controlan los resortes claves de la econom\u00eda, la justicia y los medios de comunicaci\u00f3n. Son la expresi\u00f3n concentrada de ese \u201cpoder real\u201d.<\/p>\n\n\n\n<p>Se dijo que la complejidad radica en cambiar la correlaci\u00f3n de fuerzas en la lucha de masas por el poder, siendo una de las principales tareas del periodo que incluye ganar las calles para cambiar el rumbo que nos lleva a la derrota.<br>En este sentido <em>Funes<\/em> hizo hincapi\u00e9 en que no ayudan las expresiones que buscan alternativas por fuera de esa gran lucha por el poder, que solo buscan \u201cm\u00e1s testimonios desde la vereda del frente\u201d.<br>\u201cCreemos que para darle un rumbo popular que incluyen &#8216;las lapiceras del peronismo del 45 al 55&#8217; y otra medidas que recuperen derechos y apunten a cambiar la matriz econ\u00f3mica para empoderar al pueblo, hace falta ganar las calles para exigir al gobierno medidas que recorten poderes a ese &#8216;poder real&#8217;, mientras se lleva adelante otras urgentes a favor de las grandes mayor\u00edas\u00bb.<\/p>\n\n\n\n<p><em>Maria<\/em> se\u00f1al\u00f3 en este escenario la necesidad de fortalecer al Partido como factor de unidad, pero como garant\u00eda para ir forjando una salida hacia la liberaci\u00f3n nacional y social.<br>Se\u00f1al\u00f3 qu\u00e9 hay grandes contingentes que buscan herramientas para transformar esta realidad y se expresan en las luchas pero tambi\u00e9n en el acercamiento al Partido y movimientos en los que motorizamos o somos parte. Se\u00f1al\u00f3 el entusiasmo que va generando, en particular en las j\u00f3venes la invitaci\u00f3n al Encuentro Plurinacional de Mujeres, Lesbianas, Travestis, Trans y no binaries.<\/p>\n\n\n<div class=\"wp-block-image\">\n<figure class=\"aligncenter size-large is-resized\"><img data-recalc-dims=\"1\" loading=\"lazy\" decoding=\"async\" src=\"https:\/\/i0.wp.com\/vamosporlaliberacion.org\/crpmlm\/wp-content\/uploads\/2022\/07\/charlaColecta3-700x525.jpeg?resize=499%2C374\" alt=\"\" class=\"wp-image-25562\" width=\"499\" height=\"374\" srcset=\"https:\/\/i0.wp.com\/vamosporlaliberacion.org\/crpmlm\/wp-content\/uploads\/2022\/07\/charlaColecta3.jpeg?resize=700%2C525&amp;ssl=1 700w, https:\/\/i0.wp.com\/vamosporlaliberacion.org\/crpmlm\/wp-content\/uploads\/2022\/07\/charlaColecta3.jpeg?resize=300%2C225&amp;ssl=1 300w, https:\/\/i0.wp.com\/vamosporlaliberacion.org\/crpmlm\/wp-content\/uploads\/2022\/07\/charlaColecta3.jpeg?resize=768%2C576&amp;ssl=1 768w, https:\/\/i0.wp.com\/vamosporlaliberacion.org\/crpmlm\/wp-content\/uploads\/2022\/07\/charlaColecta3.jpeg?resize=150%2C113&amp;ssl=1 150w, https:\/\/i0.wp.com\/vamosporlaliberacion.org\/crpmlm\/wp-content\/uploads\/2022\/07\/charlaColecta3.jpeg?resize=696%2C522&amp;ssl=1 696w, https:\/\/i0.wp.com\/vamosporlaliberacion.org\/crpmlm\/wp-content\/uploads\/2022\/07\/charlaColecta3.jpeg?resize=560%2C420&amp;ssl=1 560w, https:\/\/i0.wp.com\/vamosporlaliberacion.org\/crpmlm\/wp-content\/uploads\/2022\/07\/charlaColecta3.jpeg?resize=80%2C60&amp;ssl=1 80w, https:\/\/i0.wp.com\/vamosporlaliberacion.org\/crpmlm\/wp-content\/uploads\/2022\/07\/charlaColecta3.jpeg?resize=265%2C198&amp;ssl=1 265w, https:\/\/i0.wp.com\/vamosporlaliberacion.org\/crpmlm\/wp-content\/uploads\/2022\/07\/charlaColecta3.jpeg?w=1024&amp;ssl=1 1024w\" sizes=\"auto, (max-width: 499px) 100vw, 499px\" \/><\/figure>\n<\/div>\n\n\n<p>Se\u00f1al\u00f3 en este sentido la necesidad de fortalecer la estructura para estar a la altura de la asimilaci\u00f3n y la consolidaci\u00f3n de lxs nuevxs afiliadxs que se van sumando en varias provincias.<br>El debate fue muy bueno, se expusieron experiencias y procesos, y tuvo un centro en el an\u00e1lisis de la dif\u00edcil situaci\u00f3n del pueblo. En este sentido se cintaron experiencias en los territorios y lugares de trabajo. Fue muy interesante el relato del debate y nuestras posturas en las comisiones del Congreso de la Corriente Federal de Trabajadorxs el pasado viernes.<\/p>\n\n\n\n<p>Se se\u00f1al\u00f3 la necesidad de superar las dificultades y crisis de los reagrupamientos populares que se vienen abriendo camino en la regi\u00f3n, pero donde se evidencian las dificultades y limitaciones de las fuerzas antiimperialista y democr\u00e1ticas para llevar adelante los programas que se acuerdan luego de ganadas las elecciones.<\/p>\n\n\n\n<p>Elecciones que fueron precedidas por gigantescas puebladas con muertos, heridos y detenidos, pero que abrieron brechas que permitieron imponer salidas donde el neoliberalismo retrocedi\u00f3.<br>En este sentido se dijo que el repliegue no significa derrota, y de no profundizarse el proceso popular cuando debe hacerse, avanzan y se recompone los sectores reaccionarios como sucede en el pa\u00eds.<br>Se se\u00f1al\u00f3 la importancia de sacar adecuadas conclusiones de una situaci\u00f3n internacional signada por mas guerra y la crisis de las materias primas, con nuevos reagrupamientos y perspectivas de escaladas guerreristas. Una crisis que se lleva puesto al Primer Ministro Boris johnson, o irrumpen insurrecciones populares de decenas de miles que toman el poder como en Sri Lanka.<\/p>\n\n\n\n<p>Se se\u00f1al\u00f3 en este sentido la necesidad de oponerse a la guerra imperialista desarrollando medidas de solidaridad con los pueblos oprimidos que padecen la guerra y ocupaciones como en Palestina, as\u00ed como desarrollar medidas soberanas de sustituci\u00f3n y nacionalizaci\u00f3n de recursos estrat\u00e9gicos como acaba de hacer Francia con la energ\u00eda, haciendo pagar a los que lucran y llevan a la quiebra a esas empresas.<\/p>\n\n\n\n<p>Maria puso \u00e9nfasis en la oportunidad en que se va llevar adelante el Congreso del Partido y la necesidad frente a este escenario para mostrar a miles la l\u00ednea y objetivos del Conunismo Revolucionario, el marxismo leninismo mao\u00edsmo, como salidas para millones que vieron satisfacer sus necesidades en aquellos pa\u00edses que hicieron la revoluci\u00f3n y que en la actualidad se presenta como una salida v\u00e1lida y posible frente a la desesperanza y el avance de las derechas.<\/p>\n\n\n\n<p>\u201c<strong><em>Debemos sentirnos y mostrarnos orgullosos del Partido que tenemos, encendiendo a la militancia y multiplicando y fortaleciendo nuestra organizaci\u00f3n<\/em><\/strong>\u201d.<\/p>\n\n\n\n<p>Las empanadas y vino tambi\u00e9n dijeron presentes en este d\u00eda patrio y de lucha!<\/p>\n\n\n\n<p class=\"has-text-align-right\"><em>Corresponsal<\/em><\/p>\n<!-- AddThis Advanced Settings generic via filter on the_content --><!-- AddThis Share Buttons generic via filter on the_content -->","protected":false},"excerpt":{"rendered":"<p>Con muy buena concurrencia se realiz\u00f3 el lanzamiento de la Colecta Financiera 2022 con la charla debate a cargo de Maria Rinaldi y Gustavo Funes. Gustavo se refiri\u00f3 a la fecha hist\u00f3rica de nuestra independencia y las tareas inconclusas a realizarse en esta etapa a cargo de la clase obrera acaudillando al conjunto de sectores, [&hellip;]<!-- AddThis Advanced Settings generic via filter on get_the_excerpt --><!-- AddThis Share Buttons generic via filter on get_the_excerpt --><\/p>\n","protected":false},"author":9,"featured_media":25564,"comment_status":"open","ping_status":"open","sticky":false,"template":"","format":"standard","meta":{"_jetpack_memberships_contains_paid_content":false,"footnotes":""},"categories":[1699,1879],"tags":[],"class_list":{"0":"post-25561","1":"post","2":"type-post","3":"status-publish","4":"format-standard","5":"has-post-thumbnail","7":"category-noticias","8":"category-nuestro-ejemplo"},"yoast_head":"<!-- This site is optimized with the Yoast SEO plugin v27.4 - https:\/\/yoast.com\/product\/yoast-seo-wordpress\/ -->\n<title>Se lanz\u00f3 la colecta 2022 - Vamos por la Liberaci\u00f3n<\/title>\n<meta name=\"robots\" content=\"index, follow, max-snippet:-1, max-image-preview:large, max-video-preview:-1\" \/>\n<link rel=\"canonical\" href=\"http:\/\/vamosporlaliberacion.org\/crpmlm\/se-lanzo-la-colecta-2022\/\" \/>\n<meta name=\"twitter:label1\" content=\"Escrito por\" \/>\n\t<meta name=\"twitter:data1\" content=\"Prensa Vamos\" \/>\n\t<meta name=\"twitter:label2\" content=\"Tiempo de lectura\" \/>\n\t<meta name=\"twitter:data2\" content=\"6 minutos\" \/>\n<script type=\"application\/ld+json\" class=\"yoast-schema-graph\">{\"@context\":\"https:\\\/\\\/schema.org\",\"@graph\":[{\"@type\":\"Article\",\"@id\":\"http:\\\/\\\/vamosporlaliberacion.org\\\/crpmlm\\\/se-lanzo-la-colecta-2022\\\/#article\",\"isPartOf\":{\"@id\":\"http:\\\/\\\/vamosporlaliberacion.org\\\/crpmlm\\\/se-lanzo-la-colecta-2022\\\/\"},\"author\":{\"name\":\"Prensa Vamos\",\"@id\":\"https:\\\/\\\/vamosporlaliberacion.org\\\/crpmlm\\\/#\\\/schema\\\/person\\\/ebdbd4bf0e9418b9f0c0a93395366b2f\"},\"headline\":\"Se lanz\u00f3 la colecta 2022\",\"datePublished\":\"2022-07-10T14:41:20+00:00\",\"dateModified\":\"2022-07-10T14:43:27+00:00\",\"mainEntityOfPage\":{\"@id\":\"http:\\\/\\\/vamosporlaliberacion.org\\\/crpmlm\\\/se-lanzo-la-colecta-2022\\\/\"},\"wordCount\":1238,\"commentCount\":0,\"image\":{\"@id\":\"http:\\\/\\\/vamosporlaliberacion.org\\\/crpmlm\\\/se-lanzo-la-colecta-2022\\\/#primaryimage\"},\"thumbnailUrl\":\"https:\\\/\\\/i0.wp.com\\\/vamosporlaliberacion.org\\\/crpmlm\\\/wp-content\\\/uploads\\\/2022\\\/07\\\/charlaColecta1.jpeg?fit=1024%2C768&ssl=1\",\"articleSection\":[\"Noticias\",\"Nuestro ejemplo\"],\"inLanguage\":\"es\",\"potentialAction\":[{\"@type\":\"CommentAction\",\"name\":\"Comment\",\"target\":[\"http:\\\/\\\/vamosporlaliberacion.org\\\/crpmlm\\\/se-lanzo-la-colecta-2022\\\/#respond\"]}]},{\"@type\":\"WebPage\",\"@id\":\"http:\\\/\\\/vamosporlaliberacion.org\\\/crpmlm\\\/se-lanzo-la-colecta-2022\\\/\",\"url\":\"http:\\\/\\\/vamosporlaliberacion.org\\\/crpmlm\\\/se-lanzo-la-colecta-2022\\\/\",\"name\":\"Se lanz\u00f3 la colecta 2022 - Vamos por la Liberaci\u00f3n\",\"isPartOf\":{\"@id\":\"https:\\\/\\\/vamosporlaliberacion.org\\\/crpmlm\\\/#website\"},\"primaryImageOfPage\":{\"@id\":\"http:\\\/\\\/vamosporlaliberacion.org\\\/crpmlm\\\/se-lanzo-la-colecta-2022\\\/#primaryimage\"},\"image\":{\"@id\":\"http:\\\/\\\/vamosporlaliberacion.org\\\/crpmlm\\\/se-lanzo-la-colecta-2022\\\/#primaryimage\"},\"thumbnailUrl\":\"https:\\\/\\\/i0.wp.com\\\/vamosporlaliberacion.org\\\/crpmlm\\\/wp-content\\\/uploads\\\/2022\\\/07\\\/charlaColecta1.jpeg?fit=1024%2C768&ssl=1\",\"datePublished\":\"2022-07-10T14:41:20+00:00\",\"dateModified\":\"2022-07-10T14:43:27+00:00\",\"author\":{\"@id\":\"https:\\\/\\\/vamosporlaliberacion.org\\\/crpmlm\\\/#\\\/schema\\\/person\\\/ebdbd4bf0e9418b9f0c0a93395366b2f\"},\"breadcrumb\":{\"@id\":\"http:\\\/\\\/vamosporlaliberacion.org\\\/crpmlm\\\/se-lanzo-la-colecta-2022\\\/#breadcrumb\"},\"inLanguage\":\"es\",\"potentialAction\":[{\"@type\":\"ReadAction\",\"target\":[\"http:\\\/\\\/vamosporlaliberacion.org\\\/crpmlm\\\/se-lanzo-la-colecta-2022\\\/\"]}]},{\"@type\":\"ImageObject\",\"inLanguage\":\"es\",\"@id\":\"http:\\\/\\\/vamosporlaliberacion.org\\\/crpmlm\\\/se-lanzo-la-colecta-2022\\\/#primaryimage\",\"url\":\"https:\\\/\\\/i0.wp.com\\\/vamosporlaliberacion.org\\\/crpmlm\\\/wp-content\\\/uploads\\\/2022\\\/07\\\/charlaColecta1.jpeg?fit=1024%2C768&ssl=1\",\"contentUrl\":\"https:\\\/\\\/i0.wp.com\\\/vamosporlaliberacion.org\\\/crpmlm\\\/wp-content\\\/uploads\\\/2022\\\/07\\\/charlaColecta1.jpeg?fit=1024%2C768&ssl=1\",\"width\":1024,\"height\":768},{\"@type\":\"BreadcrumbList\",\"@id\":\"http:\\\/\\\/vamosporlaliberacion.org\\\/crpmlm\\\/se-lanzo-la-colecta-2022\\\/#breadcrumb\",\"itemListElement\":[{\"@type\":\"ListItem\",\"position\":1,\"name\":\"Portada\",\"item\":\"https:\\\/\\\/vamosporlaliberacion.org\\\/crpmlm\\\/\"},{\"@type\":\"ListItem\",\"position\":2,\"name\":\"Se lanz\u00f3 la colecta 2022\"}]},{\"@type\":\"WebSite\",\"@id\":\"https:\\\/\\\/vamosporlaliberacion.org\\\/crpmlm\\\/#website\",\"url\":\"https:\\\/\\\/vamosporlaliberacion.org\\\/crpmlm\\\/\",\"name\":\"Vamos por la Liberaci\u00f3n\",\"description\":\"Prensa CR\",\"potentialAction\":[{\"@type\":\"SearchAction\",\"target\":{\"@type\":\"EntryPoint\",\"urlTemplate\":\"https:\\\/\\\/vamosporlaliberacion.org\\\/crpmlm\\\/?s={search_term_string}\"},\"query-input\":{\"@type\":\"PropertyValueSpecification\",\"valueRequired\":true,\"valueName\":\"search_term_string\"}}],\"inLanguage\":\"es\"},{\"@type\":\"Person\",\"@id\":\"https:\\\/\\\/vamosporlaliberacion.org\\\/crpmlm\\\/#\\\/schema\\\/person\\\/ebdbd4bf0e9418b9f0c0a93395366b2f\",\"name\":\"Prensa Vamos\",\"sameAs\":[\"http:\\\/\\\/vamposporlaliberacion.org\"],\"url\":\"https:\\\/\\\/vamosporlaliberacion.org\\\/crpmlm\\\/author\\\/editor\\\/\"}]}<\/script>\n<!-- \/ Yoast SEO plugin. -->","yoast_head_json":{"title":"Se lanz\u00f3 la colecta 2022 - Vamos por la Liberaci\u00f3n","robots":{"index":"index","follow":"follow","max-snippet":"max-snippet:-1","max-image-preview":"max-image-preview:large","max-video-preview":"max-video-preview:-1"},"canonical":"http:\/\/vamosporlaliberacion.org\/crpmlm\/se-lanzo-la-colecta-2022\/","twitter_misc":{"Escrito por":"Prensa Vamos","Tiempo de lectura":"6 minutos"},"schema":{"@context":"https:\/\/schema.org","@graph":[{"@type":"Article","@id":"http:\/\/vamosporlaliberacion.org\/crpmlm\/se-lanzo-la-colecta-2022\/#article","isPartOf":{"@id":"http:\/\/vamosporlaliberacion.org\/crpmlm\/se-lanzo-la-colecta-2022\/"},"author":{"name":"Prensa Vamos","@id":"https:\/\/vamosporlaliberacion.org\/crpmlm\/#\/schema\/person\/ebdbd4bf0e9418b9f0c0a93395366b2f"},"headline":"Se lanz\u00f3 la colecta 2022","datePublished":"2022-07-10T14:41:20+00:00","dateModified":"2022-07-10T14:43:27+00:00","mainEntityOfPage":{"@id":"http:\/\/vamosporlaliberacion.org\/crpmlm\/se-lanzo-la-colecta-2022\/"},"wordCount":1238,"commentCount":0,"image":{"@id":"http:\/\/vamosporlaliberacion.org\/crpmlm\/se-lanzo-la-colecta-2022\/#primaryimage"},"thumbnailUrl":"https:\/\/i0.wp.com\/vamosporlaliberacion.org\/crpmlm\/wp-content\/uploads\/2022\/07\/charlaColecta1.jpeg?fit=1024%2C768&ssl=1","articleSection":["Noticias","Nuestro ejemplo"],"inLanguage":"es","potentialAction":[{"@type":"CommentAction","name":"Comment","target":["http:\/\/vamosporlaliberacion.org\/crpmlm\/se-lanzo-la-colecta-2022\/#respond"]}]},{"@type":"WebPage","@id":"http:\/\/vamosporlaliberacion.org\/crpmlm\/se-lanzo-la-colecta-2022\/","url":"http:\/\/vamosporlaliberacion.org\/crpmlm\/se-lanzo-la-colecta-2022\/","name":"Se lanz\u00f3 la colecta 2022 - Vamos por la Liberaci\u00f3n","isPartOf":{"@id":"https:\/\/vamosporlaliberacion.org\/crpmlm\/#website"},"primaryImageOfPage":{"@id":"http:\/\/vamosporlaliberacion.org\/crpmlm\/se-lanzo-la-colecta-2022\/#primaryimage"},"image":{"@id":"http:\/\/vamosporlaliberacion.org\/crpmlm\/se-lanzo-la-colecta-2022\/#primaryimage"},"thumbnailUrl":"https:\/\/i0.wp.com\/vamosporlaliberacion.org\/crpmlm\/wp-content\/uploads\/2022\/07\/charlaColecta1.jpeg?fit=1024%2C768&ssl=1","datePublished":"2022-07-10T14:41:20+00:00","dateModified":"2022-07-10T14:43:27+00:00","author":{"@id":"https:\/\/vamosporlaliberacion.org\/crpmlm\/#\/schema\/person\/ebdbd4bf0e9418b9f0c0a93395366b2f"},"breadcrumb":{"@id":"http:\/\/vamosporlaliberacion.org\/crpmlm\/se-lanzo-la-colecta-2022\/#breadcrumb"},"inLanguage":"es","potentialAction":[{"@type":"ReadAction","target":["http:\/\/vamosporlaliberacion.org\/crpmlm\/se-lanzo-la-colecta-2022\/"]}]},{"@type":"ImageObject","inLanguage":"es","@id":"http:\/\/vamosporlaliberacion.org\/crpmlm\/se-lanzo-la-colecta-2022\/#primaryimage","url":"https:\/\/i0.wp.com\/vamosporlaliberacion.org\/crpmlm\/wp-content\/uploads\/2022\/07\/charlaColecta1.jpeg?fit=1024%2C768&ssl=1","contentUrl":"https:\/\/i0.wp.com\/vamosporlaliberacion.org\/crpmlm\/wp-content\/uploads\/2022\/07\/charlaColecta1.jpeg?fit=1024%2C768&ssl=1","width":1024,"height":768},{"@type":"BreadcrumbList","@id":"http:\/\/vamosporlaliberacion.org\/crpmlm\/se-lanzo-la-colecta-2022\/#breadcrumb","itemListElement":[{"@type":"ListItem","position":1,"name":"Portada","item":"https:\/\/vamosporlaliberacion.org\/crpmlm\/"},{"@type":"ListItem","position":2,"name":"Se lanz\u00f3 la colecta 2022"}]},{"@type":"WebSite","@id":"https:\/\/vamosporlaliberacion.org\/crpmlm\/#website","url":"https:\/\/vamosporlaliberacion.org\/crpmlm\/","name":"Vamos por la Liberaci\u00f3n","description":"Prensa CR","potentialAction":[{"@type":"SearchAction","target":{"@type":"EntryPoint","urlTemplate":"https:\/\/vamosporlaliberacion.org\/crpmlm\/?s={search_term_string}"},"query-input":{"@type":"PropertyValueSpecification","valueRequired":true,"valueName":"search_term_string"}}],"inLanguage":"es"},{"@type":"Person","@id":"https:\/\/vamosporlaliberacion.org\/crpmlm\/#\/schema\/person\/ebdbd4bf0e9418b9f0c0a93395366b2f","name":"Prensa Vamos","sameAs":["http:\/\/vamposporlaliberacion.org"],"url":"https:\/\/vamosporlaliberacion.org\/crpmlm\/author\/editor\/"}]}},"jetpack_featured_media_url":"https:\/\/i0.wp.com\/vamosporlaliberacion.org\/crpmlm\/wp-content\/uploads\/2022\/07\/charlaColecta1.jpeg?fit=1024%2C768&ssl=1","jetpack_sharing_enabled":true,"_links":{"self":[{"href":"https:\/\/vamosporlaliberacion.org\/crpmlm\/wp-json\/wp\/v2\/posts\/25561","targetHints":{"allow":["GET"]}}],"collection":[{"href":"https:\/\/vamosporlaliberacion.org\/crpmlm\/wp-json\/wp\/v2\/posts"}],"about":[{"href":"https:\/\/vamosporlaliberacion.org\/crpmlm\/wp-json\/wp\/v2\/types\/post"}],"author":[{"embeddable":true,"href":"https:\/\/vamosporlaliberacion.org\/crpmlm\/wp-json\/wp\/v2\/users\/9"}],"replies":[{"embeddable":true,"href":"https:\/\/vamosporlaliberacion.org\/crpmlm\/wp-json\/wp\/v2\/comments?post=25561"}],"version-history":[{"count":1,"href":"https:\/\/vamosporlaliberacion.org\/crpmlm\/wp-json\/wp\/v2\/posts\/25561\/revisions"}],"predecessor-version":[{"id":25565,"href":"https:\/\/vamosporlaliberacion.org\/crpmlm\/wp-json\/wp\/v2\/posts\/25561\/revisions\/25565"}],"wp:featuredmedia":[{"embeddable":true,"href":"https:\/\/vamosporlaliberacion.org\/crpmlm\/wp-json\/wp\/v2\/media\/25564"}],"wp:attachment":[{"href":"https:\/\/vamosporlaliberacion.org\/crpmlm\/wp-json\/wp\/v2\/media?parent=25561"}],"wp:term":[{"taxonomy":"category","embeddable":true,"href":"https:\/\/vamosporlaliberacion.org\/crpmlm\/wp-json\/wp\/v2\/categories?post=25561"},{"taxonomy":"post_tag","embeddable":true,"href":"https:\/\/vamosporlaliberacion.org\/crpmlm\/wp-json\/wp\/v2\/tags?post=25561"}],"curies":[{"name":"wp","href":"https:\/\/api.w.org\/{rel}","templated":true}]}}