{"id":25072,"date":"2022-03-24T17:15:14","date_gmt":"2022-03-24T20:15:14","guid":{"rendered":"http:\/\/vamosporlaliberacion.org\/crpmlm\/?p=25072"},"modified":"2022-03-25T14:27:25","modified_gmt":"2022-03-25T17:27:25","slug":"el-24-de-marzo-y-la-memoria-presente","status":"publish","type":"post","link":"https:\/\/vamosporlaliberacion.org\/crpmlm\/el-24-de-marzo-y-la-memoria-presente\/","title":{"rendered":"EL 24 DE MARZO Y LA MEMORIA PRESENTE"},"content":{"rendered":"\n<p>[ ] Memoria de aquel siniestro 24 de marzo que instaur\u00f3 con un golpe de estado un genocidio de Estado que vino a cortar un gigantesco auge de luchas que hab\u00eda derrotando otra dictadura con hitos obreros y populares como el Cordobazo de mayo del 69.<\/p>\n\n\n\n<p>&#8211; [ ] Memoria que vinieron para terminar con la gigantesca organizaci\u00f3n obrera que inundaba las f\u00e1bricas y sindicatos donde se iba pariendo la democracia grande con delegados, cuerpos de delegados y mandatos de las bases.<\/p>\n\n\n\n<p>-[ ] Memoria que el genocidio fue de Estado porque tenia que ser del tama\u00f1o de ese auge de masas que recorr\u00eda America latina con faros revolucionarios que alumbraban dignidad. Memoria de un \u201cPlan C\u00f3ndor\u201d en la regi\u00f3n organizado por las potencias imperialistas para terminar esa experiencia cultural de los pueblos.<\/p>\n\n\n\n<p>&#8211; [ ] Memoria para se\u00f1alar a quienes con sangre en las manos como Mart\u00ednez de Hoz y la dictadura trajeron al FMI para endeudarnos y luego estatizar con Cavallo la deuda a las empresas privadas como Socma del grupo Macri, quien volvi\u00f3 a traer al FMI con una deuda hist\u00f3rica, fugada y hoy reconocida que pretenden pague el pueblo argentino.<\/p>\n\n\n\n<div class=\"wp-block-jetpack-tiled-gallery aligncenter is-style-rectangular\"><div class=\"tiled-gallery__gallery\"><div class=\"tiled-gallery__row\"><div class=\"tiled-gallery__col\" style=\"flex-basis:36.14386%\"><figure class=\"tiled-gallery__item\"><img decoding=\"async\" srcset=\"https:\/\/i2.wp.com\/vamosporlaliberacion.org\/crpmlm\/wp-content\/uploads\/2022\/03\/24deMarzoMemoriaypresente1-700x438.jpg?strip=info&#038;w=600&#038;ssl=1 600w,https:\/\/i2.wp.com\/vamosporlaliberacion.org\/crpmlm\/wp-content\/uploads\/2022\/03\/24deMarzoMemoriaypresente1-700x438.jpg?strip=info&#038;w=800&#038;ssl=1 800w\" alt=\"\" data-height=\"500\" data-id=\"25082\" data-link=\"http:\/\/vamosporlaliberacion.org\/crpmlm\/?attachment_id=25082\" data-url=\"http:\/\/vamosporlaliberacion.org\/crpmlm\/wp-content\/uploads\/2022\/03\/24deMarzoMemoriaypresente1-700x438.jpg\" data-width=\"800\" src=\"https:\/\/i2.wp.com\/vamosporlaliberacion.org\/crpmlm\/wp-content\/uploads\/2022\/03\/24deMarzoMemoriaypresente1-700x438.jpg?ssl=1\" data-amp-layout=\"responsive\"\/><\/figure><figure class=\"tiled-gallery__item\"><img decoding=\"async\" srcset=\"https:\/\/i1.wp.com\/vamosporlaliberacion.org\/crpmlm\/wp-content\/uploads\/2022\/03\/24deMarzoMemoriaypresente2.jpg?strip=info&#038;w=600&#038;ssl=1 600w\" alt=\"\" data-height=\"324\" data-id=\"25081\" data-link=\"http:\/\/vamosporlaliberacion.org\/crpmlm\/?attachment_id=25081\" data-url=\"http:\/\/vamosporlaliberacion.org\/crpmlm\/wp-content\/uploads\/2022\/03\/24deMarzoMemoriaypresente2.jpg\" data-width=\"600\" src=\"https:\/\/i1.wp.com\/vamosporlaliberacion.org\/crpmlm\/wp-content\/uploads\/2022\/03\/24deMarzoMemoriaypresente2.jpg?ssl=1\" data-amp-layout=\"responsive\"\/><\/figure><\/div><div class=\"tiled-gallery__col\" style=\"flex-basis:63.85614%\"><figure class=\"tiled-gallery__item\"><img decoding=\"async\" srcset=\"https:\/\/i0.wp.com\/vamosporlaliberacion.org\/crpmlm\/wp-content\/uploads\/2022\/03\/24deMarzoMemoriaypresente4.jpg?strip=info&#038;w=274&#038;ssl=1 274w\" alt=\"\" data-height=\"182\" data-id=\"25079\" data-link=\"http:\/\/vamosporlaliberacion.org\/crpmlm\/?attachment_id=25079\" data-url=\"http:\/\/vamosporlaliberacion.org\/crpmlm\/wp-content\/uploads\/2022\/03\/24deMarzoMemoriaypresente4.jpg\" data-width=\"274\" src=\"https:\/\/i0.wp.com\/vamosporlaliberacion.org\/crpmlm\/wp-content\/uploads\/2022\/03\/24deMarzoMemoriaypresente4.jpg?ssl=1\" data-amp-layout=\"responsive\"\/><\/figure><\/div><\/div><div class=\"tiled-gallery__row\"><div class=\"tiled-gallery__col\" style=\"flex-basis:50.00000%\"><figure class=\"tiled-gallery__item\"><img decoding=\"async\" srcset=\"https:\/\/i2.wp.com\/vamosporlaliberacion.org\/crpmlm\/wp-content\/uploads\/2022\/03\/24deMarzoMemoriaypresente3-700x394.jpg?strip=info&#038;w=600&#038;ssl=1 600w,https:\/\/i2.wp.com\/vamosporlaliberacion.org\/crpmlm\/wp-content\/uploads\/2022\/03\/24deMarzoMemoriaypresente3-700x394.jpg?strip=info&#038;w=900&#038;ssl=1 900w,https:\/\/i2.wp.com\/vamosporlaliberacion.org\/crpmlm\/wp-content\/uploads\/2022\/03\/24deMarzoMemoriaypresente3-700x394.jpg?strip=info&#038;w=1024&#038;ssl=1 1024w\" alt=\"\" data-height=\"576\" data-id=\"25080\" data-link=\"http:\/\/vamosporlaliberacion.org\/crpmlm\/?attachment_id=25080\" data-url=\"http:\/\/vamosporlaliberacion.org\/crpmlm\/wp-content\/uploads\/2022\/03\/24deMarzoMemoriaypresente3-700x394.jpg\" data-width=\"1024\" src=\"https:\/\/i2.wp.com\/vamosporlaliberacion.org\/crpmlm\/wp-content\/uploads\/2022\/03\/24deMarzoMemoriaypresente3-700x394.jpg?ssl=1\" data-amp-layout=\"responsive\"\/><\/figure><\/div><div class=\"tiled-gallery__col\" style=\"flex-basis:50.00000%\"><figure class=\"tiled-gallery__item\"><img decoding=\"async\" srcset=\"https:\/\/i0.wp.com\/vamosporlaliberacion.org\/crpmlm\/wp-content\/uploads\/2022\/03\/24deMarzoMemoriaypresente5-700x394.jpg?strip=info&#038;w=600&#038;ssl=1 600w,https:\/\/i0.wp.com\/vamosporlaliberacion.org\/crpmlm\/wp-content\/uploads\/2022\/03\/24deMarzoMemoriaypresente5-700x394.jpg?strip=info&#038;w=768&#038;ssl=1 768w\" alt=\"\" data-height=\"432\" data-id=\"25078\" data-link=\"http:\/\/vamosporlaliberacion.org\/crpmlm\/?attachment_id=25078\" data-url=\"http:\/\/vamosporlaliberacion.org\/crpmlm\/wp-content\/uploads\/2022\/03\/24deMarzoMemoriaypresente5-700x394.jpg\" data-width=\"768\" src=\"https:\/\/i0.wp.com\/vamosporlaliberacion.org\/crpmlm\/wp-content\/uploads\/2022\/03\/24deMarzoMemoriaypresente5-700x394.jpg?ssl=1\" data-amp-layout=\"responsive\"\/><\/figure><\/div><\/div><\/div><\/div>\n\n\n\n<p>&#8211; [ ] Memoria con nombres y apellidos de aquellxs que dieron la vida por sus ideales plagados de dignidad y liberaci\u00f3n para los pueblos. &#8211;<\/p>\n\n\n\n<p>[ ] Memoria de aquellxs que no se quebraron en las mesas de tortura, no colaboraron y no cantaron a sus compa\u00f1erxs.-<\/p>\n\n\n\n<p>[ ] Memoria de aquellxs empresarios, terratenientes, jueces y pol\u00edticos que fueron parte del plan sistem\u00e1tico y direcci\u00f3n del golpe de estado y la dictadura militar fascista que tortur\u00f3 y desapareci\u00f3 a lxs 30.000.<\/p>\n\n\n\n<p>&#8211; [ ] Memoria para saber que muchos de esos empresarios, terratenientes, jueces y pol\u00edticxs, gobernaron hace solo 2 a\u00f1os y quieren y pueden volver en el 2023 para llevar adelante, desde el primer d\u00eda, las \u201ctareas inconclusas\u201d de la reforma laboral, privatizaciones, m\u00e1s endeudamientos y hambre para nuestro pueblo.<\/p>\n\n\n\n<p>&#8211; [ ] Memoria de saber que no les tiembla la mano para volver por medio de desestabilizaci\u00f3n y golpes blandos o duros si les hace falta.<\/p>\n\n\n\n<p>&#8211; [ ] Memoria con certezas para saber que cuando los gobiernos que nacieron de procesos populares y llegaron para empoderar a los pueblos y no lo hicieron, fue la puerta abierta para que volvieran los d\u00edas de zozobra y oscuridad.<\/p>\n\n\n\n<div class=\"wp-block-jetpack-tiled-gallery aligncenter is-style-rectangular\"><div class=\"tiled-gallery__gallery\"><div class=\"tiled-gallery__row\"><div class=\"tiled-gallery__col\" style=\"flex-basis:53.00103%\"><figure class=\"tiled-gallery__item\"><img decoding=\"async\" srcset=\"https:\/\/i0.wp.com\/vamosporlaliberacion.org\/crpmlm\/wp-content\/uploads\/2022\/03\/24deMarzoMemoriaypresente6-700x394.jpg?strip=info&#038;w=600&#038;ssl=1 600w,https:\/\/i0.wp.com\/vamosporlaliberacion.org\/crpmlm\/wp-content\/uploads\/2022\/03\/24deMarzoMemoriaypresente6-700x394.jpg?strip=info&#038;w=900&#038;ssl=1 900w,https:\/\/i0.wp.com\/vamosporlaliberacion.org\/crpmlm\/wp-content\/uploads\/2022\/03\/24deMarzoMemoriaypresente6-700x394.jpg?strip=info&#038;w=1000&#038;ssl=1 1000w\" alt=\"\" data-height=\"563\" data-id=\"25077\" data-link=\"http:\/\/vamosporlaliberacion.org\/crpmlm\/?attachment_id=25077\" data-url=\"http:\/\/vamosporlaliberacion.org\/crpmlm\/wp-content\/uploads\/2022\/03\/24deMarzoMemoriaypresente6-700x394.jpg\" data-width=\"1000\" src=\"https:\/\/i0.wp.com\/vamosporlaliberacion.org\/crpmlm\/wp-content\/uploads\/2022\/03\/24deMarzoMemoriaypresente6-700x394.jpg?ssl=1\" data-amp-layout=\"responsive\"\/><\/figure><figure class=\"tiled-gallery__item\"><img decoding=\"async\" srcset=\"https:\/\/i1.wp.com\/vamosporlaliberacion.org\/crpmlm\/wp-content\/uploads\/2022\/03\/24deMarzoMemoriaypresente7-700x394.jpg?strip=info&#038;w=600&#038;ssl=1 600w,https:\/\/i1.wp.com\/vamosporlaliberacion.org\/crpmlm\/wp-content\/uploads\/2022\/03\/24deMarzoMemoriaypresente7-700x394.jpg?strip=info&#038;w=900&#038;ssl=1 900w,https:\/\/i1.wp.com\/vamosporlaliberacion.org\/crpmlm\/wp-content\/uploads\/2022\/03\/24deMarzoMemoriaypresente7-700x394.jpg?strip=info&#038;w=1058&#038;ssl=1 1058w\" alt=\"\" data-height=\"595\" data-id=\"25076\" data-link=\"http:\/\/vamosporlaliberacion.org\/crpmlm\/?attachment_id=25076\" data-url=\"http:\/\/vamosporlaliberacion.org\/crpmlm\/wp-content\/uploads\/2022\/03\/24deMarzoMemoriaypresente7-700x394.jpg\" data-width=\"1058\" src=\"https:\/\/i1.wp.com\/vamosporlaliberacion.org\/crpmlm\/wp-content\/uploads\/2022\/03\/24deMarzoMemoriaypresente7-700x394.jpg?ssl=1\" data-amp-layout=\"responsive\"\/><\/figure><\/div><div class=\"tiled-gallery__col\" style=\"flex-basis:46.99897%\"><figure class=\"tiled-gallery__item\"><img decoding=\"async\" srcset=\"https:\/\/i2.wp.com\/vamosporlaliberacion.org\/crpmlm\/wp-content\/uploads\/2022\/03\/24deMarzoMemoriaypresente8-546x700.jpg?strip=info&#038;w=600&#038;ssl=1 600w,https:\/\/i2.wp.com\/vamosporlaliberacion.org\/crpmlm\/wp-content\/uploads\/2022\/03\/24deMarzoMemoriaypresente8-546x700.jpg?strip=info&#038;w=900&#038;ssl=1 900w,https:\/\/i2.wp.com\/vamosporlaliberacion.org\/crpmlm\/wp-content\/uploads\/2022\/03\/24deMarzoMemoriaypresente8-546x700.jpg?strip=info&#038;w=1200&#038;ssl=1 1200w\" alt=\"\" data-height=\"1538\" data-id=\"25075\" data-link=\"http:\/\/vamosporlaliberacion.org\/crpmlm\/?attachment_id=25075\" data-url=\"http:\/\/vamosporlaliberacion.org\/crpmlm\/wp-content\/uploads\/2022\/03\/24deMarzoMemoriaypresente8-546x700.jpg\" data-width=\"1200\" src=\"https:\/\/i2.wp.com\/vamosporlaliberacion.org\/crpmlm\/wp-content\/uploads\/2022\/03\/24deMarzoMemoriaypresente8-546x700.jpg?ssl=1\" data-amp-layout=\"responsive\"\/><\/figure><\/div><\/div><\/div><\/div>\n\n\n\n<p>&#8211; [ ] Memoria, entonces, que el transitar un rumbo popular, que le quite poder a los que lo tuvieron con la dictadura m\u00e1s sangrienta que hoy siguen venerando, nos fortalecer\u00e1 y ganaremos en la conciencia y preparaci\u00f3n para los enfrentamientos m\u00e1s encarnizados que vendr\u00e1n para defender las conquistas, los sue\u00f1os de millones y futuras generaciones.<\/p>\n\n\n\n<p>&#8211; [ ] Memoria, del presente que grita y exige otro modelo con soberan\u00eda sobre nuestros r\u00edos y mares, con soberan\u00eda alimentaria, con democracia sobre nuestra tierra y justicia, con trabajo que no embrutezca en lo econ\u00f3mico y en sus condiciones, sino que alcance con lo necesario para vivir dignamente en cada familia.<\/p>\n\n\n\n<div class=\"wp-block-jetpack-slideshow aligncenter\" data-effect=\"slide\"><div class=\"wp-block-jetpack-slideshow_container swiper-container\"><ul class=\"wp-block-jetpack-slideshow_swiper-wrapper swiper-wrapper\"><li class=\"wp-block-jetpack-slideshow_slide swiper-slide\"><figure><img data-recalc-dims=\"1\" loading=\"lazy\" decoding=\"async\" width=\"696\" height=\"522\" alt=\"\" class=\"wp-block-jetpack-slideshow_image wp-image-25085\" data-id=\"25085\" src=\"https:\/\/i0.wp.com\/vamosporlaliberacion.org\/crpmlm\/wp-content\/uploads\/2022\/03\/24deMayo2022PlazadeMayo-5-700x525.jpeg?resize=696%2C522\" srcset=\"https:\/\/i0.wp.com\/vamosporlaliberacion.org\/crpmlm\/wp-content\/uploads\/2022\/03\/24deMayo2022PlazadeMayo-5.jpeg?resize=700%2C525&amp;ssl=1 700w, https:\/\/i0.wp.com\/vamosporlaliberacion.org\/crpmlm\/wp-content\/uploads\/2022\/03\/24deMayo2022PlazadeMayo-5.jpeg?resize=300%2C225&amp;ssl=1 300w, https:\/\/i0.wp.com\/vamosporlaliberacion.org\/crpmlm\/wp-content\/uploads\/2022\/03\/24deMayo2022PlazadeMayo-5.jpeg?resize=768%2C576&amp;ssl=1 768w, https:\/\/i0.wp.com\/vamosporlaliberacion.org\/crpmlm\/wp-content\/uploads\/2022\/03\/24deMayo2022PlazadeMayo-5.jpeg?resize=150%2C113&amp;ssl=1 150w, https:\/\/i0.wp.com\/vamosporlaliberacion.org\/crpmlm\/wp-content\/uploads\/2022\/03\/24deMayo2022PlazadeMayo-5.jpeg?resize=696%2C522&amp;ssl=1 696w, https:\/\/i0.wp.com\/vamosporlaliberacion.org\/crpmlm\/wp-content\/uploads\/2022\/03\/24deMayo2022PlazadeMayo-5.jpeg?resize=1068%2C801&amp;ssl=1 1068w, https:\/\/i0.wp.com\/vamosporlaliberacion.org\/crpmlm\/wp-content\/uploads\/2022\/03\/24deMayo2022PlazadeMayo-5.jpeg?resize=560%2C420&amp;ssl=1 560w, https:\/\/i0.wp.com\/vamosporlaliberacion.org\/crpmlm\/wp-content\/uploads\/2022\/03\/24deMayo2022PlazadeMayo-5.jpeg?resize=80%2C60&amp;ssl=1 80w, https:\/\/i0.wp.com\/vamosporlaliberacion.org\/crpmlm\/wp-content\/uploads\/2022\/03\/24deMayo2022PlazadeMayo-5.jpeg?resize=265%2C198&amp;ssl=1 265w, https:\/\/i0.wp.com\/vamosporlaliberacion.org\/crpmlm\/wp-content\/uploads\/2022\/03\/24deMayo2022PlazadeMayo-5.jpeg?w=1280&amp;ssl=1 1280w\" sizes=\"(max-width: 696px) 100vw, 696px\" \/><figcaption class=\"wp-block-jetpack-slideshow_caption gallery-caption\">24\/3\/2022 Plaza de mayo<\/figcaption><\/figure><\/li><li class=\"wp-block-jetpack-slideshow_slide swiper-slide\"><figure><img data-recalc-dims=\"1\" loading=\"lazy\" decoding=\"async\" width=\"696\" height=\"522\" alt=\"\" class=\"wp-block-jetpack-slideshow_image wp-image-25090\" data-id=\"25090\" src=\"https:\/\/i0.wp.com\/vamosporlaliberacion.org\/crpmlm\/wp-content\/uploads\/2022\/03\/24deMayo2022PlazadeMayo-6-700x525.jpeg?resize=696%2C522\" srcset=\"https:\/\/i0.wp.com\/vamosporlaliberacion.org\/crpmlm\/wp-content\/uploads\/2022\/03\/24deMayo2022PlazadeMayo-6.jpeg?resize=700%2C525&amp;ssl=1 700w, https:\/\/i0.wp.com\/vamosporlaliberacion.org\/crpmlm\/wp-content\/uploads\/2022\/03\/24deMayo2022PlazadeMayo-6.jpeg?resize=300%2C225&amp;ssl=1 300w, https:\/\/i0.wp.com\/vamosporlaliberacion.org\/crpmlm\/wp-content\/uploads\/2022\/03\/24deMayo2022PlazadeMayo-6.jpeg?resize=768%2C576&amp;ssl=1 768w, https:\/\/i0.wp.com\/vamosporlaliberacion.org\/crpmlm\/wp-content\/uploads\/2022\/03\/24deMayo2022PlazadeMayo-6.jpeg?resize=1536%2C1152&amp;ssl=1 1536w, https:\/\/i0.wp.com\/vamosporlaliberacion.org\/crpmlm\/wp-content\/uploads\/2022\/03\/24deMayo2022PlazadeMayo-6.jpeg?resize=150%2C113&amp;ssl=1 150w, https:\/\/i0.wp.com\/vamosporlaliberacion.org\/crpmlm\/wp-content\/uploads\/2022\/03\/24deMayo2022PlazadeMayo-6.jpeg?resize=696%2C522&amp;ssl=1 696w, https:\/\/i0.wp.com\/vamosporlaliberacion.org\/crpmlm\/wp-content\/uploads\/2022\/03\/24deMayo2022PlazadeMayo-6.jpeg?resize=1068%2C801&amp;ssl=1 1068w, https:\/\/i0.wp.com\/vamosporlaliberacion.org\/crpmlm\/wp-content\/uploads\/2022\/03\/24deMayo2022PlazadeMayo-6.jpeg?resize=560%2C420&amp;ssl=1 560w, https:\/\/i0.wp.com\/vamosporlaliberacion.org\/crpmlm\/wp-content\/uploads\/2022\/03\/24deMayo2022PlazadeMayo-6.jpeg?resize=80%2C60&amp;ssl=1 80w, https:\/\/i0.wp.com\/vamosporlaliberacion.org\/crpmlm\/wp-content\/uploads\/2022\/03\/24deMayo2022PlazadeMayo-6.jpeg?resize=265%2C198&amp;ssl=1 265w, https:\/\/i0.wp.com\/vamosporlaliberacion.org\/crpmlm\/wp-content\/uploads\/2022\/03\/24deMayo2022PlazadeMayo-6.jpeg?w=1600&amp;ssl=1 1600w, https:\/\/i0.wp.com\/vamosporlaliberacion.org\/crpmlm\/wp-content\/uploads\/2022\/03\/24deMayo2022PlazadeMayo-6.jpeg?w=1392&amp;ssl=1 1392w\" sizes=\"(max-width: 696px) 100vw, 696px\" \/><figcaption class=\"wp-block-jetpack-slideshow_caption gallery-caption\">24\/3\/2022 Plaza de mayo<\/figcaption><\/figure><\/li><li class=\"wp-block-jetpack-slideshow_slide swiper-slide\"><figure><img data-recalc-dims=\"1\" loading=\"lazy\" decoding=\"async\" width=\"696\" height=\"522\" alt=\"\" class=\"wp-block-jetpack-slideshow_image wp-image-25089\" data-id=\"25089\" src=\"https:\/\/i0.wp.com\/vamosporlaliberacion.org\/crpmlm\/wp-content\/uploads\/2022\/03\/24deMayo2022PlazadeMayo-1-700x525.jpeg?resize=696%2C522\" srcset=\"https:\/\/i0.wp.com\/vamosporlaliberacion.org\/crpmlm\/wp-content\/uploads\/2022\/03\/24deMayo2022PlazadeMayo-1.jpeg?resize=700%2C525&amp;ssl=1 700w, https:\/\/i0.wp.com\/vamosporlaliberacion.org\/crpmlm\/wp-content\/uploads\/2022\/03\/24deMayo2022PlazadeMayo-1.jpeg?resize=300%2C225&amp;ssl=1 300w, https:\/\/i0.wp.com\/vamosporlaliberacion.org\/crpmlm\/wp-content\/uploads\/2022\/03\/24deMayo2022PlazadeMayo-1.jpeg?resize=768%2C576&amp;ssl=1 768w, https:\/\/i0.wp.com\/vamosporlaliberacion.org\/crpmlm\/wp-content\/uploads\/2022\/03\/24deMayo2022PlazadeMayo-1.jpeg?resize=1536%2C1152&amp;ssl=1 1536w, https:\/\/i0.wp.com\/vamosporlaliberacion.org\/crpmlm\/wp-content\/uploads\/2022\/03\/24deMayo2022PlazadeMayo-1.jpeg?resize=150%2C113&amp;ssl=1 150w, https:\/\/i0.wp.com\/vamosporlaliberacion.org\/crpmlm\/wp-content\/uploads\/2022\/03\/24deMayo2022PlazadeMayo-1.jpeg?resize=696%2C522&amp;ssl=1 696w, https:\/\/i0.wp.com\/vamosporlaliberacion.org\/crpmlm\/wp-content\/uploads\/2022\/03\/24deMayo2022PlazadeMayo-1.jpeg?resize=1068%2C801&amp;ssl=1 1068w, https:\/\/i0.wp.com\/vamosporlaliberacion.org\/crpmlm\/wp-content\/uploads\/2022\/03\/24deMayo2022PlazadeMayo-1.jpeg?resize=560%2C420&amp;ssl=1 560w, https:\/\/i0.wp.com\/vamosporlaliberacion.org\/crpmlm\/wp-content\/uploads\/2022\/03\/24deMayo2022PlazadeMayo-1.jpeg?resize=80%2C60&amp;ssl=1 80w, https:\/\/i0.wp.com\/vamosporlaliberacion.org\/crpmlm\/wp-content\/uploads\/2022\/03\/24deMayo2022PlazadeMayo-1.jpeg?resize=265%2C198&amp;ssl=1 265w, https:\/\/i0.wp.com\/vamosporlaliberacion.org\/crpmlm\/wp-content\/uploads\/2022\/03\/24deMayo2022PlazadeMayo-1.jpeg?w=1600&amp;ssl=1 1600w, https:\/\/i0.wp.com\/vamosporlaliberacion.org\/crpmlm\/wp-content\/uploads\/2022\/03\/24deMayo2022PlazadeMayo-1.jpeg?w=1392&amp;ssl=1 1392w\" sizes=\"(max-width: 696px) 100vw, 696px\" \/><figcaption class=\"wp-block-jetpack-slideshow_caption gallery-caption\">24\/3\/2022 Plaza de mayo<\/figcaption><\/figure><\/li><li class=\"wp-block-jetpack-slideshow_slide swiper-slide\"><figure><img data-recalc-dims=\"1\" loading=\"lazy\" decoding=\"async\" width=\"696\" height=\"339\" alt=\"\" class=\"wp-block-jetpack-slideshow_image wp-image-25086\" data-id=\"25086\" src=\"https:\/\/i0.wp.com\/vamosporlaliberacion.org\/crpmlm\/wp-content\/uploads\/2022\/03\/24deMayo2022PlazadeMayo-4-700x341.jpeg?resize=696%2C339\" srcset=\"https:\/\/i0.wp.com\/vamosporlaliberacion.org\/crpmlm\/wp-content\/uploads\/2022\/03\/24deMayo2022PlazadeMayo-4.jpeg?resize=700%2C341&amp;ssl=1 700w, https:\/\/i0.wp.com\/vamosporlaliberacion.org\/crpmlm\/wp-content\/uploads\/2022\/03\/24deMayo2022PlazadeMayo-4.jpeg?resize=300%2C146&amp;ssl=1 300w, https:\/\/i0.wp.com\/vamosporlaliberacion.org\/crpmlm\/wp-content\/uploads\/2022\/03\/24deMayo2022PlazadeMayo-4.jpeg?resize=768%2C374&amp;ssl=1 768w, https:\/\/i0.wp.com\/vamosporlaliberacion.org\/crpmlm\/wp-content\/uploads\/2022\/03\/24deMayo2022PlazadeMayo-4.jpeg?resize=150%2C73&amp;ssl=1 150w, https:\/\/i0.wp.com\/vamosporlaliberacion.org\/crpmlm\/wp-content\/uploads\/2022\/03\/24deMayo2022PlazadeMayo-4.jpeg?resize=696%2C339&amp;ssl=1 696w, https:\/\/i0.wp.com\/vamosporlaliberacion.org\/crpmlm\/wp-content\/uploads\/2022\/03\/24deMayo2022PlazadeMayo-4.jpeg?resize=863%2C420&amp;ssl=1 863w, https:\/\/i0.wp.com\/vamosporlaliberacion.org\/crpmlm\/wp-content\/uploads\/2022\/03\/24deMayo2022PlazadeMayo-4.jpeg?resize=533%2C261&amp;ssl=1 533w, https:\/\/i0.wp.com\/vamosporlaliberacion.org\/crpmlm\/wp-content\/uploads\/2022\/03\/24deMayo2022PlazadeMayo-4.jpeg?w=1032&amp;ssl=1 1032w\" sizes=\"(max-width: 696px) 100vw, 696px\" \/><figcaption class=\"wp-block-jetpack-slideshow_caption gallery-caption\">24\/3\/2022 Plaza de mayo<\/figcaption><\/figure><\/li><li class=\"wp-block-jetpack-slideshow_slide swiper-slide\"><figure><img data-recalc-dims=\"1\" loading=\"lazy\" decoding=\"async\" width=\"696\" height=\"392\" alt=\"\" class=\"wp-block-jetpack-slideshow_image wp-image-25087\" data-id=\"25087\" src=\"https:\/\/i0.wp.com\/vamosporlaliberacion.org\/crpmlm\/wp-content\/uploads\/2022\/03\/24deMayo2022PlazadeMayo-3-700x394.jpeg?resize=696%2C392\" srcset=\"https:\/\/i0.wp.com\/vamosporlaliberacion.org\/crpmlm\/wp-content\/uploads\/2022\/03\/24deMayo2022PlazadeMayo-3.jpeg?resize=700%2C394&amp;ssl=1 700w, https:\/\/i0.wp.com\/vamosporlaliberacion.org\/crpmlm\/wp-content\/uploads\/2022\/03\/24deMayo2022PlazadeMayo-3.jpeg?resize=300%2C169&amp;ssl=1 300w, https:\/\/i0.wp.com\/vamosporlaliberacion.org\/crpmlm\/wp-content\/uploads\/2022\/03\/24deMayo2022PlazadeMayo-3.jpeg?resize=768%2C432&amp;ssl=1 768w, https:\/\/i0.wp.com\/vamosporlaliberacion.org\/crpmlm\/wp-content\/uploads\/2022\/03\/24deMayo2022PlazadeMayo-3.jpeg?resize=1536%2C864&amp;ssl=1 1536w, https:\/\/i0.wp.com\/vamosporlaliberacion.org\/crpmlm\/wp-content\/uploads\/2022\/03\/24deMayo2022PlazadeMayo-3.jpeg?resize=150%2C84&amp;ssl=1 150w, https:\/\/i0.wp.com\/vamosporlaliberacion.org\/crpmlm\/wp-content\/uploads\/2022\/03\/24deMayo2022PlazadeMayo-3.jpeg?resize=696%2C391&amp;ssl=1 696w, https:\/\/i0.wp.com\/vamosporlaliberacion.org\/crpmlm\/wp-content\/uploads\/2022\/03\/24deMayo2022PlazadeMayo-3.jpeg?resize=1068%2C600&amp;ssl=1 1068w, https:\/\/i0.wp.com\/vamosporlaliberacion.org\/crpmlm\/wp-content\/uploads\/2022\/03\/24deMayo2022PlazadeMayo-3.jpeg?resize=747%2C420&amp;ssl=1 747w, https:\/\/i0.wp.com\/vamosporlaliberacion.org\/crpmlm\/wp-content\/uploads\/2022\/03\/24deMayo2022PlazadeMayo-3.jpeg?w=1599&amp;ssl=1 1599w, https:\/\/i0.wp.com\/vamosporlaliberacion.org\/crpmlm\/wp-content\/uploads\/2022\/03\/24deMayo2022PlazadeMayo-3.jpeg?w=1392&amp;ssl=1 1392w\" sizes=\"(max-width: 696px) 100vw, 696px\" \/><figcaption class=\"wp-block-jetpack-slideshow_caption gallery-caption\">24\/3\/2022 Plaza de mayo<\/figcaption><\/figure><\/li><li class=\"wp-block-jetpack-slideshow_slide swiper-slide\"><figure><img data-recalc-dims=\"1\" loading=\"lazy\" decoding=\"async\" width=\"525\" height=\"700\" alt=\"\" class=\"wp-block-jetpack-slideshow_image wp-image-25088\" data-id=\"25088\" src=\"https:\/\/i0.wp.com\/vamosporlaliberacion.org\/crpmlm\/wp-content\/uploads\/2022\/03\/24deMayo2022PlazadeMayo-2-525x700.jpeg?resize=525%2C700\" srcset=\"https:\/\/i0.wp.com\/vamosporlaliberacion.org\/crpmlm\/wp-content\/uploads\/2022\/03\/24deMayo2022PlazadeMayo-2.jpeg?resize=525%2C700&amp;ssl=1 525w, https:\/\/i0.wp.com\/vamosporlaliberacion.org\/crpmlm\/wp-content\/uploads\/2022\/03\/24deMayo2022PlazadeMayo-2.jpeg?resize=225%2C300&amp;ssl=1 225w, https:\/\/i0.wp.com\/vamosporlaliberacion.org\/crpmlm\/wp-content\/uploads\/2022\/03\/24deMayo2022PlazadeMayo-2.jpeg?resize=768%2C1024&amp;ssl=1 768w, https:\/\/i0.wp.com\/vamosporlaliberacion.org\/crpmlm\/wp-content\/uploads\/2022\/03\/24deMayo2022PlazadeMayo-2.jpeg?resize=1152%2C1536&amp;ssl=1 1152w, https:\/\/i0.wp.com\/vamosporlaliberacion.org\/crpmlm\/wp-content\/uploads\/2022\/03\/24deMayo2022PlazadeMayo-2.jpeg?resize=150%2C200&amp;ssl=1 150w, https:\/\/i0.wp.com\/vamosporlaliberacion.org\/crpmlm\/wp-content\/uploads\/2022\/03\/24deMayo2022PlazadeMayo-2.jpeg?resize=300%2C400&amp;ssl=1 300w, https:\/\/i0.wp.com\/vamosporlaliberacion.org\/crpmlm\/wp-content\/uploads\/2022\/03\/24deMayo2022PlazadeMayo-2.jpeg?resize=696%2C928&amp;ssl=1 696w, https:\/\/i0.wp.com\/vamosporlaliberacion.org\/crpmlm\/wp-content\/uploads\/2022\/03\/24deMayo2022PlazadeMayo-2.jpeg?resize=1068%2C1424&amp;ssl=1 1068w, https:\/\/i0.wp.com\/vamosporlaliberacion.org\/crpmlm\/wp-content\/uploads\/2022\/03\/24deMayo2022PlazadeMayo-2.jpeg?resize=315%2C420&amp;ssl=1 315w, https:\/\/i0.wp.com\/vamosporlaliberacion.org\/crpmlm\/wp-content\/uploads\/2022\/03\/24deMayo2022PlazadeMayo-2.jpeg?w=1200&amp;ssl=1 1200w\" sizes=\"(max-width: 525px) 100vw, 525px\" \/><figcaption class=\"wp-block-jetpack-slideshow_caption gallery-caption\">24\/3\/2022 Plaza de mayo<\/figcaption><\/figure><\/li><li class=\"wp-block-jetpack-slideshow_slide swiper-slide\"><figure><img data-recalc-dims=\"1\" loading=\"lazy\" decoding=\"async\" width=\"389\" height=\"700\" alt=\"\" class=\"wp-block-jetpack-slideshow_image wp-image-25093\" data-id=\"25093\" src=\"https:\/\/i0.wp.com\/vamosporlaliberacion.org\/crpmlm\/wp-content\/uploads\/2022\/03\/24deMayo2022StaFe-4-389x700.jpeg?resize=389%2C700\" srcset=\"https:\/\/i0.wp.com\/vamosporlaliberacion.org\/crpmlm\/wp-content\/uploads\/2022\/03\/24deMayo2022StaFe-4.jpeg?resize=389%2C700&amp;ssl=1 389w, https:\/\/i0.wp.com\/vamosporlaliberacion.org\/crpmlm\/wp-content\/uploads\/2022\/03\/24deMayo2022StaFe-4.jpeg?resize=167%2C300&amp;ssl=1 167w, https:\/\/i0.wp.com\/vamosporlaliberacion.org\/crpmlm\/wp-content\/uploads\/2022\/03\/24deMayo2022StaFe-4.jpeg?resize=768%2C1384&amp;ssl=1 768w, https:\/\/i0.wp.com\/vamosporlaliberacion.org\/crpmlm\/wp-content\/uploads\/2022\/03\/24deMayo2022StaFe-4.jpeg?resize=852%2C1536&amp;ssl=1 852w, https:\/\/i0.wp.com\/vamosporlaliberacion.org\/crpmlm\/wp-content\/uploads\/2022\/03\/24deMayo2022StaFe-4.jpeg?resize=150%2C270&amp;ssl=1 150w, https:\/\/i0.wp.com\/vamosporlaliberacion.org\/crpmlm\/wp-content\/uploads\/2022\/03\/24deMayo2022StaFe-4.jpeg?resize=300%2C541&amp;ssl=1 300w, https:\/\/i0.wp.com\/vamosporlaliberacion.org\/crpmlm\/wp-content\/uploads\/2022\/03\/24deMayo2022StaFe-4.jpeg?resize=696%2C1254&amp;ssl=1 696w, https:\/\/i0.wp.com\/vamosporlaliberacion.org\/crpmlm\/wp-content\/uploads\/2022\/03\/24deMayo2022StaFe-4.jpeg?resize=233%2C420&amp;ssl=1 233w, https:\/\/i0.wp.com\/vamosporlaliberacion.org\/crpmlm\/wp-content\/uploads\/2022\/03\/24deMayo2022StaFe-4.jpeg?w=888&amp;ssl=1 888w\" sizes=\"(max-width: 389px) 100vw, 389px\" \/><figcaption class=\"wp-block-jetpack-slideshow_caption gallery-caption\">24\/3\/2022 Santa Fe<\/figcaption><\/figure><\/li><li class=\"wp-block-jetpack-slideshow_slide swiper-slide\"><figure><img data-recalc-dims=\"1\" loading=\"lazy\" decoding=\"async\" width=\"389\" height=\"700\" alt=\"\" class=\"wp-block-jetpack-slideshow_image wp-image-25094\" data-id=\"25094\" src=\"https:\/\/i0.wp.com\/vamosporlaliberacion.org\/crpmlm\/wp-content\/uploads\/2022\/03\/24deMayo2022StaFe-3-389x700.jpeg?resize=389%2C700\" srcset=\"https:\/\/i0.wp.com\/vamosporlaliberacion.org\/crpmlm\/wp-content\/uploads\/2022\/03\/24deMayo2022StaFe-3.jpeg?resize=389%2C700&amp;ssl=1 389w, https:\/\/i0.wp.com\/vamosporlaliberacion.org\/crpmlm\/wp-content\/uploads\/2022\/03\/24deMayo2022StaFe-3.jpeg?resize=167%2C300&amp;ssl=1 167w, https:\/\/i0.wp.com\/vamosporlaliberacion.org\/crpmlm\/wp-content\/uploads\/2022\/03\/24deMayo2022StaFe-3.jpeg?resize=768%2C1384&amp;ssl=1 768w, https:\/\/i0.wp.com\/vamosporlaliberacion.org\/crpmlm\/wp-content\/uploads\/2022\/03\/24deMayo2022StaFe-3.jpeg?resize=852%2C1536&amp;ssl=1 852w, https:\/\/i0.wp.com\/vamosporlaliberacion.org\/crpmlm\/wp-content\/uploads\/2022\/03\/24deMayo2022StaFe-3.jpeg?resize=150%2C270&amp;ssl=1 150w, https:\/\/i0.wp.com\/vamosporlaliberacion.org\/crpmlm\/wp-content\/uploads\/2022\/03\/24deMayo2022StaFe-3.jpeg?resize=300%2C541&amp;ssl=1 300w, https:\/\/i0.wp.com\/vamosporlaliberacion.org\/crpmlm\/wp-content\/uploads\/2022\/03\/24deMayo2022StaFe-3.jpeg?resize=696%2C1254&amp;ssl=1 696w, https:\/\/i0.wp.com\/vamosporlaliberacion.org\/crpmlm\/wp-content\/uploads\/2022\/03\/24deMayo2022StaFe-3.jpeg?resize=233%2C420&amp;ssl=1 233w, https:\/\/i0.wp.com\/vamosporlaliberacion.org\/crpmlm\/wp-content\/uploads\/2022\/03\/24deMayo2022StaFe-3.jpeg?w=888&amp;ssl=1 888w\" sizes=\"(max-width: 389px) 100vw, 389px\" \/><figcaption class=\"wp-block-jetpack-slideshow_caption gallery-caption\">24\/3\/2022 Santa Fe<\/figcaption><\/figure><\/li><li class=\"wp-block-jetpack-slideshow_slide swiper-slide\"><figure><img data-recalc-dims=\"1\" loading=\"lazy\" decoding=\"async\" width=\"696\" height=\"387\" alt=\"\" class=\"wp-block-jetpack-slideshow_image wp-image-25095\" data-id=\"25095\" src=\"https:\/\/i0.wp.com\/vamosporlaliberacion.org\/crpmlm\/wp-content\/uploads\/2022\/03\/24deMayo2022StaFe-2-700x389.jpeg?resize=696%2C387\" srcset=\"https:\/\/i0.wp.com\/vamosporlaliberacion.org\/crpmlm\/wp-content\/uploads\/2022\/03\/24deMayo2022StaFe-2.jpeg?resize=700%2C389&amp;ssl=1 700w, https:\/\/i0.wp.com\/vamosporlaliberacion.org\/crpmlm\/wp-content\/uploads\/2022\/03\/24deMayo2022StaFe-2.jpeg?resize=300%2C167&amp;ssl=1 300w, https:\/\/i0.wp.com\/vamosporlaliberacion.org\/crpmlm\/wp-content\/uploads\/2022\/03\/24deMayo2022StaFe-2.jpeg?resize=768%2C426&amp;ssl=1 768w, https:\/\/i0.wp.com\/vamosporlaliberacion.org\/crpmlm\/wp-content\/uploads\/2022\/03\/24deMayo2022StaFe-2.jpeg?resize=1536%2C852&amp;ssl=1 1536w, https:\/\/i0.wp.com\/vamosporlaliberacion.org\/crpmlm\/wp-content\/uploads\/2022\/03\/24deMayo2022StaFe-2.jpeg?resize=150%2C83&amp;ssl=1 150w, https:\/\/i0.wp.com\/vamosporlaliberacion.org\/crpmlm\/wp-content\/uploads\/2022\/03\/24deMayo2022StaFe-2.jpeg?resize=696%2C386&amp;ssl=1 696w, https:\/\/i0.wp.com\/vamosporlaliberacion.org\/crpmlm\/wp-content\/uploads\/2022\/03\/24deMayo2022StaFe-2.jpeg?resize=1068%2C593&amp;ssl=1 1068w, https:\/\/i0.wp.com\/vamosporlaliberacion.org\/crpmlm\/wp-content\/uploads\/2022\/03\/24deMayo2022StaFe-2.jpeg?resize=757%2C420&amp;ssl=1 757w, https:\/\/i0.wp.com\/vamosporlaliberacion.org\/crpmlm\/wp-content\/uploads\/2022\/03\/24deMayo2022StaFe-2.jpeg?w=1600&amp;ssl=1 1600w, https:\/\/i0.wp.com\/vamosporlaliberacion.org\/crpmlm\/wp-content\/uploads\/2022\/03\/24deMayo2022StaFe-2.jpeg?w=1392&amp;ssl=1 1392w\" sizes=\"(max-width: 696px) 100vw, 696px\" \/><figcaption class=\"wp-block-jetpack-slideshow_caption gallery-caption\">24\/3\/2022 Santa Fe<\/figcaption><\/figure><\/li><li class=\"wp-block-jetpack-slideshow_slide swiper-slide\"><figure><img data-recalc-dims=\"1\" loading=\"lazy\" decoding=\"async\" width=\"389\" height=\"700\" alt=\"\" class=\"wp-block-jetpack-slideshow_image wp-image-25096\" data-id=\"25096\" src=\"https:\/\/i0.wp.com\/vamosporlaliberacion.org\/crpmlm\/wp-content\/uploads\/2022\/03\/24deMayo2022StaFe-1-389x700.jpeg?resize=389%2C700\" srcset=\"https:\/\/i0.wp.com\/vamosporlaliberacion.org\/crpmlm\/wp-content\/uploads\/2022\/03\/24deMayo2022StaFe-1.jpeg?resize=389%2C700&amp;ssl=1 389w, https:\/\/i0.wp.com\/vamosporlaliberacion.org\/crpmlm\/wp-content\/uploads\/2022\/03\/24deMayo2022StaFe-1.jpeg?resize=167%2C300&amp;ssl=1 167w, https:\/\/i0.wp.com\/vamosporlaliberacion.org\/crpmlm\/wp-content\/uploads\/2022\/03\/24deMayo2022StaFe-1.jpeg?resize=768%2C1384&amp;ssl=1 768w, https:\/\/i0.wp.com\/vamosporlaliberacion.org\/crpmlm\/wp-content\/uploads\/2022\/03\/24deMayo2022StaFe-1.jpeg?resize=852%2C1536&amp;ssl=1 852w, https:\/\/i0.wp.com\/vamosporlaliberacion.org\/crpmlm\/wp-content\/uploads\/2022\/03\/24deMayo2022StaFe-1.jpeg?resize=150%2C270&amp;ssl=1 150w, https:\/\/i0.wp.com\/vamosporlaliberacion.org\/crpmlm\/wp-content\/uploads\/2022\/03\/24deMayo2022StaFe-1.jpeg?resize=300%2C541&amp;ssl=1 300w, https:\/\/i0.wp.com\/vamosporlaliberacion.org\/crpmlm\/wp-content\/uploads\/2022\/03\/24deMayo2022StaFe-1.jpeg?resize=696%2C1254&amp;ssl=1 696w, https:\/\/i0.wp.com\/vamosporlaliberacion.org\/crpmlm\/wp-content\/uploads\/2022\/03\/24deMayo2022StaFe-1.jpeg?resize=233%2C420&amp;ssl=1 233w, https:\/\/i0.wp.com\/vamosporlaliberacion.org\/crpmlm\/wp-content\/uploads\/2022\/03\/24deMayo2022StaFe-1.jpeg?w=888&amp;ssl=1 888w\" sizes=\"(max-width: 389px) 100vw, 389px\" \/><figcaption class=\"wp-block-jetpack-slideshow_caption gallery-caption\">24\/3\/2022 Santa Fe<\/figcaption><\/figure><\/li><li class=\"wp-block-jetpack-slideshow_slide swiper-slide\"><figure><img data-recalc-dims=\"1\" loading=\"lazy\" decoding=\"async\" width=\"332\" height=\"700\" alt=\"\" class=\"wp-block-jetpack-slideshow_image wp-image-25102\" data-id=\"25102\" src=\"https:\/\/i0.wp.com\/vamosporlaliberacion.org\/crpmlm\/wp-content\/uploads\/2022\/03\/24deMayo2022RioIV-332x700.jpeg?resize=332%2C700\" srcset=\"https:\/\/i0.wp.com\/vamosporlaliberacion.org\/crpmlm\/wp-content\/uploads\/2022\/03\/24deMayo2022RioIV.jpeg?resize=332%2C700&amp;ssl=1 332w, https:\/\/i0.wp.com\/vamosporlaliberacion.org\/crpmlm\/wp-content\/uploads\/2022\/03\/24deMayo2022RioIV.jpeg?resize=142%2C300&amp;ssl=1 142w, https:\/\/i0.wp.com\/vamosporlaliberacion.org\/crpmlm\/wp-content\/uploads\/2022\/03\/24deMayo2022RioIV.jpeg?resize=150%2C317&amp;ssl=1 150w, https:\/\/i0.wp.com\/vamosporlaliberacion.org\/crpmlm\/wp-content\/uploads\/2022\/03\/24deMayo2022RioIV.jpeg?resize=300%2C633&amp;ssl=1 300w, https:\/\/i0.wp.com\/vamosporlaliberacion.org\/crpmlm\/wp-content\/uploads\/2022\/03\/24deMayo2022RioIV.jpeg?resize=696%2C1469&amp;ssl=1 696w, https:\/\/i0.wp.com\/vamosporlaliberacion.org\/crpmlm\/wp-content\/uploads\/2022\/03\/24deMayo2022RioIV.jpeg?resize=199%2C420&amp;ssl=1 199w, https:\/\/i0.wp.com\/vamosporlaliberacion.org\/crpmlm\/wp-content\/uploads\/2022\/03\/24deMayo2022RioIV.jpeg?w=720&amp;ssl=1 720w\" sizes=\"(max-width: 332px) 100vw, 332px\" \/><figcaption class=\"wp-block-jetpack-slideshow_caption gallery-caption\">24\/3\/2022 R\u00edo IV Cba.<\/figcaption><\/figure><\/li><li class=\"wp-block-jetpack-slideshow_slide swiper-slide\"><figure><img data-recalc-dims=\"1\" loading=\"lazy\" decoding=\"async\" width=\"696\" height=\"418\" alt=\"\" class=\"wp-block-jetpack-slideshow_image wp-image-25099\" data-id=\"25099\" src=\"https:\/\/i0.wp.com\/vamosporlaliberacion.org\/crpmlm\/wp-content\/uploads\/2022\/03\/24deMayo2022Cordoba-3-700x420.jpeg?resize=696%2C418\" srcset=\"https:\/\/i0.wp.com\/vamosporlaliberacion.org\/crpmlm\/wp-content\/uploads\/2022\/03\/24deMayo2022Cordoba-3.jpeg?resize=700%2C420&amp;ssl=1 700w, https:\/\/i0.wp.com\/vamosporlaliberacion.org\/crpmlm\/wp-content\/uploads\/2022\/03\/24deMayo2022Cordoba-3.jpeg?resize=300%2C180&amp;ssl=1 300w, https:\/\/i0.wp.com\/vamosporlaliberacion.org\/crpmlm\/wp-content\/uploads\/2022\/03\/24deMayo2022Cordoba-3.jpeg?resize=768%2C461&amp;ssl=1 768w, https:\/\/i0.wp.com\/vamosporlaliberacion.org\/crpmlm\/wp-content\/uploads\/2022\/03\/24deMayo2022Cordoba-3.jpeg?resize=150%2C90&amp;ssl=1 150w, https:\/\/i0.wp.com\/vamosporlaliberacion.org\/crpmlm\/wp-content\/uploads\/2022\/03\/24deMayo2022Cordoba-3.jpeg?resize=696%2C418&amp;ssl=1 696w, https:\/\/i0.wp.com\/vamosporlaliberacion.org\/crpmlm\/wp-content\/uploads\/2022\/03\/24deMayo2022Cordoba-3.jpeg?resize=1068%2C641&amp;ssl=1 1068w, https:\/\/i0.wp.com\/vamosporlaliberacion.org\/crpmlm\/wp-content\/uploads\/2022\/03\/24deMayo2022Cordoba-3.jpeg?w=1280&amp;ssl=1 1280w\" sizes=\"(max-width: 696px) 100vw, 696px\" \/><figcaption class=\"wp-block-jetpack-slideshow_caption gallery-caption\">24\/3\/2022 C\u00f3rdoba<\/figcaption><\/figure><\/li><li class=\"wp-block-jetpack-slideshow_slide swiper-slide\"><figure><img data-recalc-dims=\"1\" loading=\"lazy\" decoding=\"async\" width=\"696\" height=\"418\" alt=\"\" class=\"wp-block-jetpack-slideshow_image wp-image-25101\" data-id=\"25101\" src=\"https:\/\/i0.wp.com\/vamosporlaliberacion.org\/crpmlm\/wp-content\/uploads\/2022\/03\/24deMayo2022Cordoba-1-700x420.jpeg?resize=696%2C418\" srcset=\"https:\/\/i0.wp.com\/vamosporlaliberacion.org\/crpmlm\/wp-content\/uploads\/2022\/03\/24deMayo2022Cordoba-1.jpeg?resize=700%2C420&amp;ssl=1 700w, https:\/\/i0.wp.com\/vamosporlaliberacion.org\/crpmlm\/wp-content\/uploads\/2022\/03\/24deMayo2022Cordoba-1.jpeg?resize=300%2C180&amp;ssl=1 300w, https:\/\/i0.wp.com\/vamosporlaliberacion.org\/crpmlm\/wp-content\/uploads\/2022\/03\/24deMayo2022Cordoba-1.jpeg?resize=768%2C461&amp;ssl=1 768w, https:\/\/i0.wp.com\/vamosporlaliberacion.org\/crpmlm\/wp-content\/uploads\/2022\/03\/24deMayo2022Cordoba-1.jpeg?resize=150%2C90&amp;ssl=1 150w, https:\/\/i0.wp.com\/vamosporlaliberacion.org\/crpmlm\/wp-content\/uploads\/2022\/03\/24deMayo2022Cordoba-1.jpeg?resize=696%2C418&amp;ssl=1 696w, https:\/\/i0.wp.com\/vamosporlaliberacion.org\/crpmlm\/wp-content\/uploads\/2022\/03\/24deMayo2022Cordoba-1.jpeg?resize=1068%2C641&amp;ssl=1 1068w, https:\/\/i0.wp.com\/vamosporlaliberacion.org\/crpmlm\/wp-content\/uploads\/2022\/03\/24deMayo2022Cordoba-1.jpeg?w=1280&amp;ssl=1 1280w\" sizes=\"(max-width: 696px) 100vw, 696px\" \/><figcaption class=\"wp-block-jetpack-slideshow_caption gallery-caption\">24\/3\/2022 C\u00f3rdoba<\/figcaption><\/figure><\/li><\/ul><a class=\"wp-block-jetpack-slideshow_button-prev swiper-button-prev swiper-button-white\" role=\"button\"><\/a><a class=\"wp-block-jetpack-slideshow_button-next swiper-button-next swiper-button-white\" role=\"button\"><\/a><a aria-label=\"Pause Slideshow\" class=\"wp-block-jetpack-slideshow_button-pause\" role=\"button\"><\/a><div class=\"wp-block-jetpack-slideshow_pagination swiper-pagination swiper-pagination-white\"><\/div><\/div><\/div>\n\n\n\n<p>&#8211; [ ] Memoria, dignidad y coraje para emprender un rumbo donde le arrebatemos el poder a los que lo ostentan, cueste lo que cueste, por el bien de futuras generaciones y la naturaleza.<\/p>\n\n\n\n<p>&#8211; [ ] Memoria hist\u00f3rica de las Madres de la vida que sembraron esperanzas y lucha para que recojamos liberaci\u00f3n como la que buscaron nuestros queridos 30 mil detenidxs desaparecidxs porque sab\u00edan que los pueblos que rompen las cadenas del sometimiento y la desesperanza son felices. <strong>Este camino es el nuestro\u2026plagado de memoria y revoluci\u00f3n!<\/strong><\/p>\n\n\n\n<div class=\"wp-block-image\"><figure class=\"aligncenter size-large is-resized\"><img data-recalc-dims=\"1\" loading=\"lazy\" decoding=\"async\" src=\"https:\/\/i0.wp.com\/vamosporlaliberacion.org\/crpmlm\/wp-content\/uploads\/2022\/03\/24deMarzoMemoriaypresente9-700x700.jpg?resize=418%2C413\" alt=\"\" class=\"wp-image-25074\" width=\"418\" height=\"413\"\/><\/figure><\/div>\n<!-- AddThis Advanced Settings generic via filter on the_content --><!-- AddThis Share Buttons generic via filter on the_content -->","protected":false},"excerpt":{"rendered":"<p>[ ] Memoria de aquel siniestro 24 de marzo que instaur\u00f3 con un golpe de estado un genocidio de Estado que vino a cortar un gigantesco auge de luchas que hab\u00eda derrotando otra dictadura con hitos obreros y populares como el Cordobazo de mayo del 69. &#8211; [ ] Memoria que vinieron para terminar con [&hellip;]<!-- AddThis Advanced Settings generic via filter on get_the_excerpt --><!-- AddThis Share Buttons generic via filter on get_the_excerpt --><\/p>\n","protected":false},"author":9,"featured_media":25073,"comment_status":"open","ping_status":"open","sticky":false,"template":"","format":"standard","meta":{"_jetpack_memberships_contains_paid_content":false,"footnotes":""},"categories":[1699,1879],"tags":[],"class_list":{"0":"post-25072","1":"post","2":"type-post","3":"status-publish","4":"format-standard","5":"has-post-thumbnail","7":"category-noticias","8":"category-nuestro-ejemplo"},"yoast_head":"<!-- This site is optimized with the Yoast SEO plugin v27.4 - https:\/\/yoast.com\/product\/yoast-seo-wordpress\/ -->\n<title>EL 24 DE MARZO Y LA MEMORIA PRESENTE - Vamos por la Liberaci\u00f3n<\/title>\n<meta name=\"robots\" content=\"index, follow, max-snippet:-1, max-image-preview:large, max-video-preview:-1\" \/>\n<link rel=\"canonical\" href=\"https:\/\/vamosporlaliberacion.org\/crpmlm\/el-24-de-marzo-y-la-memoria-presente\/\" \/>\n<meta name=\"twitter:label1\" content=\"Escrito por\" \/>\n\t<meta name=\"twitter:data1\" content=\"Prensa Vamos\" \/>\n\t<meta name=\"twitter:label2\" content=\"Tiempo de lectura\" \/>\n\t<meta name=\"twitter:data2\" content=\"8 minutos\" \/>\n<script type=\"application\/ld+json\" class=\"yoast-schema-graph\">{\"@context\":\"https:\\\/\\\/schema.org\",\"@graph\":[{\"@type\":\"Article\",\"@id\":\"https:\\\/\\\/vamosporlaliberacion.org\\\/crpmlm\\\/el-24-de-marzo-y-la-memoria-presente\\\/#article\",\"isPartOf\":{\"@id\":\"https:\\\/\\\/vamosporlaliberacion.org\\\/crpmlm\\\/el-24-de-marzo-y-la-memoria-presente\\\/\"},\"author\":{\"name\":\"Prensa Vamos\",\"@id\":\"https:\\\/\\\/vamosporlaliberacion.org\\\/crpmlm\\\/#\\\/schema\\\/person\\\/ebdbd4bf0e9418b9f0c0a93395366b2f\"},\"headline\":\"EL 24 DE MARZO Y LA MEMORIA PRESENTE\",\"datePublished\":\"2022-03-24T20:15:14+00:00\",\"dateModified\":\"2022-03-25T17:27:25+00:00\",\"mainEntityOfPage\":{\"@id\":\"https:\\\/\\\/vamosporlaliberacion.org\\\/crpmlm\\\/el-24-de-marzo-y-la-memoria-presente\\\/\"},\"wordCount\":636,\"commentCount\":0,\"image\":{\"@id\":\"https:\\\/\\\/vamosporlaliberacion.org\\\/crpmlm\\\/el-24-de-marzo-y-la-memoria-presente\\\/#primaryimage\"},\"thumbnailUrl\":\"https:\\\/\\\/i0.wp.com\\\/vamosporlaliberacion.org\\\/crpmlm\\\/wp-content\\\/uploads\\\/2022\\\/03\\\/24deMarzoMemoriaypresente10.jpg?fit=1080%2C1080&ssl=1\",\"articleSection\":[\"Noticias\",\"Nuestro ejemplo\"],\"inLanguage\":\"es\",\"potentialAction\":[{\"@type\":\"CommentAction\",\"name\":\"Comment\",\"target\":[\"https:\\\/\\\/vamosporlaliberacion.org\\\/crpmlm\\\/el-24-de-marzo-y-la-memoria-presente\\\/#respond\"]}]},{\"@type\":\"WebPage\",\"@id\":\"https:\\\/\\\/vamosporlaliberacion.org\\\/crpmlm\\\/el-24-de-marzo-y-la-memoria-presente\\\/\",\"url\":\"https:\\\/\\\/vamosporlaliberacion.org\\\/crpmlm\\\/el-24-de-marzo-y-la-memoria-presente\\\/\",\"name\":\"EL 24 DE MARZO Y LA MEMORIA PRESENTE - Vamos por la Liberaci\u00f3n\",\"isPartOf\":{\"@id\":\"https:\\\/\\\/vamosporlaliberacion.org\\\/crpmlm\\\/#website\"},\"primaryImageOfPage\":{\"@id\":\"https:\\\/\\\/vamosporlaliberacion.org\\\/crpmlm\\\/el-24-de-marzo-y-la-memoria-presente\\\/#primaryimage\"},\"image\":{\"@id\":\"https:\\\/\\\/vamosporlaliberacion.org\\\/crpmlm\\\/el-24-de-marzo-y-la-memoria-presente\\\/#primaryimage\"},\"thumbnailUrl\":\"https:\\\/\\\/i0.wp.com\\\/vamosporlaliberacion.org\\\/crpmlm\\\/wp-content\\\/uploads\\\/2022\\\/03\\\/24deMarzoMemoriaypresente10.jpg?fit=1080%2C1080&ssl=1\",\"datePublished\":\"2022-03-24T20:15:14+00:00\",\"dateModified\":\"2022-03-25T17:27:25+00:00\",\"author\":{\"@id\":\"https:\\\/\\\/vamosporlaliberacion.org\\\/crpmlm\\\/#\\\/schema\\\/person\\\/ebdbd4bf0e9418b9f0c0a93395366b2f\"},\"breadcrumb\":{\"@id\":\"https:\\\/\\\/vamosporlaliberacion.org\\\/crpmlm\\\/el-24-de-marzo-y-la-memoria-presente\\\/#breadcrumb\"},\"inLanguage\":\"es\",\"potentialAction\":[{\"@type\":\"ReadAction\",\"target\":[\"https:\\\/\\\/vamosporlaliberacion.org\\\/crpmlm\\\/el-24-de-marzo-y-la-memoria-presente\\\/\"]}]},{\"@type\":\"ImageObject\",\"inLanguage\":\"es\",\"@id\":\"https:\\\/\\\/vamosporlaliberacion.org\\\/crpmlm\\\/el-24-de-marzo-y-la-memoria-presente\\\/#primaryimage\",\"url\":\"https:\\\/\\\/i0.wp.com\\\/vamosporlaliberacion.org\\\/crpmlm\\\/wp-content\\\/uploads\\\/2022\\\/03\\\/24deMarzoMemoriaypresente10.jpg?fit=1080%2C1080&ssl=1\",\"contentUrl\":\"https:\\\/\\\/i0.wp.com\\\/vamosporlaliberacion.org\\\/crpmlm\\\/wp-content\\\/uploads\\\/2022\\\/03\\\/24deMarzoMemoriaypresente10.jpg?fit=1080%2C1080&ssl=1\",\"width\":1080,\"height\":1080},{\"@type\":\"BreadcrumbList\",\"@id\":\"https:\\\/\\\/vamosporlaliberacion.org\\\/crpmlm\\\/el-24-de-marzo-y-la-memoria-presente\\\/#breadcrumb\",\"itemListElement\":[{\"@type\":\"ListItem\",\"position\":1,\"name\":\"Portada\",\"item\":\"https:\\\/\\\/vamosporlaliberacion.org\\\/crpmlm\\\/\"},{\"@type\":\"ListItem\",\"position\":2,\"name\":\"EL 24 DE MARZO Y LA MEMORIA PRESENTE\"}]},{\"@type\":\"WebSite\",\"@id\":\"https:\\\/\\\/vamosporlaliberacion.org\\\/crpmlm\\\/#website\",\"url\":\"https:\\\/\\\/vamosporlaliberacion.org\\\/crpmlm\\\/\",\"name\":\"Vamos por la Liberaci\u00f3n\",\"description\":\"Prensa CR\",\"potentialAction\":[{\"@type\":\"SearchAction\",\"target\":{\"@type\":\"EntryPoint\",\"urlTemplate\":\"https:\\\/\\\/vamosporlaliberacion.org\\\/crpmlm\\\/?s={search_term_string}\"},\"query-input\":{\"@type\":\"PropertyValueSpecification\",\"valueRequired\":true,\"valueName\":\"search_term_string\"}}],\"inLanguage\":\"es\"},{\"@type\":\"Person\",\"@id\":\"https:\\\/\\\/vamosporlaliberacion.org\\\/crpmlm\\\/#\\\/schema\\\/person\\\/ebdbd4bf0e9418b9f0c0a93395366b2f\",\"name\":\"Prensa Vamos\",\"sameAs\":[\"http:\\\/\\\/vamposporlaliberacion.org\"],\"url\":\"https:\\\/\\\/vamosporlaliberacion.org\\\/crpmlm\\\/author\\\/editor\\\/\"}]}<\/script>\n<!-- \/ Yoast SEO plugin. -->","yoast_head_json":{"title":"EL 24 DE MARZO Y LA MEMORIA PRESENTE - Vamos por la Liberaci\u00f3n","robots":{"index":"index","follow":"follow","max-snippet":"max-snippet:-1","max-image-preview":"max-image-preview:large","max-video-preview":"max-video-preview:-1"},"canonical":"https:\/\/vamosporlaliberacion.org\/crpmlm\/el-24-de-marzo-y-la-memoria-presente\/","twitter_misc":{"Escrito por":"Prensa Vamos","Tiempo de lectura":"8 minutos"},"schema":{"@context":"https:\/\/schema.org","@graph":[{"@type":"Article","@id":"https:\/\/vamosporlaliberacion.org\/crpmlm\/el-24-de-marzo-y-la-memoria-presente\/#article","isPartOf":{"@id":"https:\/\/vamosporlaliberacion.org\/crpmlm\/el-24-de-marzo-y-la-memoria-presente\/"},"author":{"name":"Prensa Vamos","@id":"https:\/\/vamosporlaliberacion.org\/crpmlm\/#\/schema\/person\/ebdbd4bf0e9418b9f0c0a93395366b2f"},"headline":"EL 24 DE MARZO Y LA MEMORIA PRESENTE","datePublished":"2022-03-24T20:15:14+00:00","dateModified":"2022-03-25T17:27:25+00:00","mainEntityOfPage":{"@id":"https:\/\/vamosporlaliberacion.org\/crpmlm\/el-24-de-marzo-y-la-memoria-presente\/"},"wordCount":636,"commentCount":0,"image":{"@id":"https:\/\/vamosporlaliberacion.org\/crpmlm\/el-24-de-marzo-y-la-memoria-presente\/#primaryimage"},"thumbnailUrl":"https:\/\/i0.wp.com\/vamosporlaliberacion.org\/crpmlm\/wp-content\/uploads\/2022\/03\/24deMarzoMemoriaypresente10.jpg?fit=1080%2C1080&ssl=1","articleSection":["Noticias","Nuestro ejemplo"],"inLanguage":"es","potentialAction":[{"@type":"CommentAction","name":"Comment","target":["https:\/\/vamosporlaliberacion.org\/crpmlm\/el-24-de-marzo-y-la-memoria-presente\/#respond"]}]},{"@type":"WebPage","@id":"https:\/\/vamosporlaliberacion.org\/crpmlm\/el-24-de-marzo-y-la-memoria-presente\/","url":"https:\/\/vamosporlaliberacion.org\/crpmlm\/el-24-de-marzo-y-la-memoria-presente\/","name":"EL 24 DE MARZO Y LA MEMORIA PRESENTE - Vamos por la Liberaci\u00f3n","isPartOf":{"@id":"https:\/\/vamosporlaliberacion.org\/crpmlm\/#website"},"primaryImageOfPage":{"@id":"https:\/\/vamosporlaliberacion.org\/crpmlm\/el-24-de-marzo-y-la-memoria-presente\/#primaryimage"},"image":{"@id":"https:\/\/vamosporlaliberacion.org\/crpmlm\/el-24-de-marzo-y-la-memoria-presente\/#primaryimage"},"thumbnailUrl":"https:\/\/i0.wp.com\/vamosporlaliberacion.org\/crpmlm\/wp-content\/uploads\/2022\/03\/24deMarzoMemoriaypresente10.jpg?fit=1080%2C1080&ssl=1","datePublished":"2022-03-24T20:15:14+00:00","dateModified":"2022-03-25T17:27:25+00:00","author":{"@id":"https:\/\/vamosporlaliberacion.org\/crpmlm\/#\/schema\/person\/ebdbd4bf0e9418b9f0c0a93395366b2f"},"breadcrumb":{"@id":"https:\/\/vamosporlaliberacion.org\/crpmlm\/el-24-de-marzo-y-la-memoria-presente\/#breadcrumb"},"inLanguage":"es","potentialAction":[{"@type":"ReadAction","target":["https:\/\/vamosporlaliberacion.org\/crpmlm\/el-24-de-marzo-y-la-memoria-presente\/"]}]},{"@type":"ImageObject","inLanguage":"es","@id":"https:\/\/vamosporlaliberacion.org\/crpmlm\/el-24-de-marzo-y-la-memoria-presente\/#primaryimage","url":"https:\/\/i0.wp.com\/vamosporlaliberacion.org\/crpmlm\/wp-content\/uploads\/2022\/03\/24deMarzoMemoriaypresente10.jpg?fit=1080%2C1080&ssl=1","contentUrl":"https:\/\/i0.wp.com\/vamosporlaliberacion.org\/crpmlm\/wp-content\/uploads\/2022\/03\/24deMarzoMemoriaypresente10.jpg?fit=1080%2C1080&ssl=1","width":1080,"height":1080},{"@type":"BreadcrumbList","@id":"https:\/\/vamosporlaliberacion.org\/crpmlm\/el-24-de-marzo-y-la-memoria-presente\/#breadcrumb","itemListElement":[{"@type":"ListItem","position":1,"name":"Portada","item":"https:\/\/vamosporlaliberacion.org\/crpmlm\/"},{"@type":"ListItem","position":2,"name":"EL 24 DE MARZO Y LA MEMORIA PRESENTE"}]},{"@type":"WebSite","@id":"https:\/\/vamosporlaliberacion.org\/crpmlm\/#website","url":"https:\/\/vamosporlaliberacion.org\/crpmlm\/","name":"Vamos por la Liberaci\u00f3n","description":"Prensa CR","potentialAction":[{"@type":"SearchAction","target":{"@type":"EntryPoint","urlTemplate":"https:\/\/vamosporlaliberacion.org\/crpmlm\/?s={search_term_string}"},"query-input":{"@type":"PropertyValueSpecification","valueRequired":true,"valueName":"search_term_string"}}],"inLanguage":"es"},{"@type":"Person","@id":"https:\/\/vamosporlaliberacion.org\/crpmlm\/#\/schema\/person\/ebdbd4bf0e9418b9f0c0a93395366b2f","name":"Prensa Vamos","sameAs":["http:\/\/vamposporlaliberacion.org"],"url":"https:\/\/vamosporlaliberacion.org\/crpmlm\/author\/editor\/"}]}},"jetpack_featured_media_url":"https:\/\/i0.wp.com\/vamosporlaliberacion.org\/crpmlm\/wp-content\/uploads\/2022\/03\/24deMarzoMemoriaypresente10.jpg?fit=1080%2C1080&ssl=1","jetpack_sharing_enabled":true,"_links":{"self":[{"href":"https:\/\/vamosporlaliberacion.org\/crpmlm\/wp-json\/wp\/v2\/posts\/25072","targetHints":{"allow":["GET"]}}],"collection":[{"href":"https:\/\/vamosporlaliberacion.org\/crpmlm\/wp-json\/wp\/v2\/posts"}],"about":[{"href":"https:\/\/vamosporlaliberacion.org\/crpmlm\/wp-json\/wp\/v2\/types\/post"}],"author":[{"embeddable":true,"href":"https:\/\/vamosporlaliberacion.org\/crpmlm\/wp-json\/wp\/v2\/users\/9"}],"replies":[{"embeddable":true,"href":"https:\/\/vamosporlaliberacion.org\/crpmlm\/wp-json\/wp\/v2\/comments?post=25072"}],"version-history":[{"count":5,"href":"https:\/\/vamosporlaliberacion.org\/crpmlm\/wp-json\/wp\/v2\/posts\/25072\/revisions"}],"predecessor-version":[{"id":25104,"href":"https:\/\/vamosporlaliberacion.org\/crpmlm\/wp-json\/wp\/v2\/posts\/25072\/revisions\/25104"}],"wp:featuredmedia":[{"embeddable":true,"href":"https:\/\/vamosporlaliberacion.org\/crpmlm\/wp-json\/wp\/v2\/media\/25073"}],"wp:attachment":[{"href":"https:\/\/vamosporlaliberacion.org\/crpmlm\/wp-json\/wp\/v2\/media?parent=25072"}],"wp:term":[{"taxonomy":"category","embeddable":true,"href":"https:\/\/vamosporlaliberacion.org\/crpmlm\/wp-json\/wp\/v2\/categories?post=25072"},{"taxonomy":"post_tag","embeddable":true,"href":"https:\/\/vamosporlaliberacion.org\/crpmlm\/wp-json\/wp\/v2\/tags?post=25072"}],"curies":[{"name":"wp","href":"https:\/\/api.w.org\/{rel}","templated":true}]}}