{"id":2498,"date":"2013-12-03T16:25:51","date_gmt":"2013-12-03T16:25:51","guid":{"rendered":"http:\/\/vamosporlaliberacion.org\/crpmlm\/?p=2498"},"modified":"2020-10-12T19:00:42","modified_gmt":"2020-10-12T22:00:42","slug":"repudiamos-la-reforma-reaccionaria-del-codigo-civil","status":"publish","type":"post","link":"https:\/\/vamosporlaliberacion.org\/crpmlm\/repudiamos-la-reforma-reaccionaria-del-codigo-civil\/","title":{"rendered":"Repudiamos la reforma reaccionaria del C\u00f3digo Civil"},"content":{"rendered":"<p>El mi\u00e9rcoles 27, convocadas por la Campa\u00f1a Nacional por el Derecho al Aborto legal, seguro y gratuito, numerosas agrupaciones de mujeres -entre ellas Insurrectas- y organizaciones sociales, pol\u00edticas, estudiantiles y gremiales como la CTA, se hicieron presentes en el Congreso para expresar el repudio a las reformas del C\u00f3digo Civil.<\/p>\n<p>Entre otras cosas, ahora se establece que la existencia de la persona humana comienza desde la concepci\u00f3n (art\u00edculo 19); instalan as\u00ed una traba m\u00e1s a la legalizaci\u00f3n del aborto.<\/p>\n<p>El dictamen oficialista tambi\u00e9n elimin\u00f3 el segundo p\u00e1rrafo que planteaba que, en el caso de reproducci\u00f3n asistida, la existencia de una persona comienza desde \u201cla implantaci\u00f3n del embri\u00f3n\u201d.<\/p>\n<p>Este es un nuevo acuerdo del kirchnerismo con la Iglesia Cat\u00f3lica. Se suma a lo sostenido por  Ricardo Lorenzetti, presidente de la Corte Suprema de Justicia de la Naci\u00f3n, que ya hab\u00eda aclarado -en acuerdo con los dichos de Cristina Kirchner- que el nuevo texto del C\u00f3digo Penal \u201cno regular\u00eda el aborto\u201d. Tambi\u00e9n a las declaraciones del nuevo jefe de Gabinete Jorge Capitanich, quien nuevamente se manifest\u00f3 contra de cualquier iniciativa en pos de la despenalizaci\u00f3n y\/o legalizaci\u00f3n del derecho al aborto. Se\u00f1al\u00f3 que \u201cla protecci\u00f3n de la vida desde la concepci\u00f3n en el seno materno es un principio esencial\u201d, reafirmando as\u00ed su posici\u00f3n de  criminalizar y penalizar a las mujeres que abortan.<\/p>\n<p>Al mismo tiempo, en el Encuentro Nacional de Mujeres realizado en San Juan, la inmensa mayor\u00eda de las compa\u00f1eras que se dieron cita en los talleres de \u201cAnticoncepci\u00f3n y aborto, estrategias para el acceso al aborto y de derechos sexuales y reproductivos\u201d, mostraron su disconformidad con esta reforma; y plantearon la necesidad de la movilizaci\u00f3n para enfrentarla, para exigir la inmediata separaci\u00f3n de la Iglesia del Estado y para lograr que se apruebe la ley de interrupci\u00f3n voluntaria del embarazo presentada por la Campa\u00f1a.<\/p>\n<!-- AddThis Advanced Settings generic via filter on the_content --><!-- AddThis Share Buttons generic via filter on the_content -->","protected":false},"excerpt":{"rendered":"<p>El mi\u00e9rcoles 27, convocadas por la Campa\u00f1a Nacional por el Derecho al Aborto legal, seguro y gratuito, numerosas agrupaciones de mujeres -entre ellas Insurrectas- y organizaciones sociales, pol\u00edticas, estudiantiles y gremiales como la CTA, se hicieron presentes en el Congreso para expresar el repudio a las reformas del C\u00f3digo Civil. Entre otras cosas, ahora se [&hellip;]<!-- AddThis Advanced Settings generic via filter on get_the_excerpt --><!-- AddThis Share Buttons generic via filter on get_the_excerpt --><\/p>\n","protected":false},"author":6,"featured_media":2504,"comment_status":"open","ping_status":"open","sticky":false,"template":"","format":"standard","meta":{"_jetpack_memberships_contains_paid_content":false,"footnotes":""},"categories":[1875],"tags":[304,370],"class_list":{"0":"post-2498","1":"post","2":"type-post","3":"status-publish","4":"format-standard","5":"has-post-thumbnail","7":"category-genero","8":"tag-aborto","9":"tag-vxl-19"},"yoast_head":"<!-- This site is optimized with the Yoast SEO plugin v27.4 - https:\/\/yoast.com\/product\/yoast-seo-wordpress\/ -->\n<title>Repudiamos la reforma reaccionaria del C\u00f3digo Civil - Vamos por la Liberaci\u00f3n<\/title>\n<meta name=\"robots\" content=\"index, follow, max-snippet:-1, max-image-preview:large, max-video-preview:-1\" \/>\n<link rel=\"canonical\" href=\"https:\/\/vamosporlaliberacion.org\/crpmlm\/repudiamos-la-reforma-reaccionaria-del-codigo-civil\/\" \/>\n<meta name=\"twitter:label1\" content=\"Escrito por\" \/>\n\t<meta name=\"twitter:data1\" content=\"vamos!\" \/>\n\t<meta name=\"twitter:label2\" content=\"Tiempo de lectura\" \/>\n\t<meta name=\"twitter:data2\" content=\"2 minutos\" \/>\n<script type=\"application\/ld+json\" class=\"yoast-schema-graph\">{\"@context\":\"https:\\\/\\\/schema.org\",\"@graph\":[{\"@type\":\"Article\",\"@id\":\"https:\\\/\\\/vamosporlaliberacion.org\\\/crpmlm\\\/repudiamos-la-reforma-reaccionaria-del-codigo-civil\\\/#article\",\"isPartOf\":{\"@id\":\"https:\\\/\\\/vamosporlaliberacion.org\\\/crpmlm\\\/repudiamos-la-reforma-reaccionaria-del-codigo-civil\\\/\"},\"author\":{\"name\":\"vamos!\",\"@id\":\"https:\\\/\\\/vamosporlaliberacion.org\\\/crpmlm\\\/#\\\/schema\\\/person\\\/d6eac7758df3770dae9cd9eb104d615c\"},\"headline\":\"Repudiamos la reforma reaccionaria del C\u00f3digo Civil\",\"datePublished\":\"2013-12-03T16:25:51+00:00\",\"dateModified\":\"2020-10-12T22:00:42+00:00\",\"mainEntityOfPage\":{\"@id\":\"https:\\\/\\\/vamosporlaliberacion.org\\\/crpmlm\\\/repudiamos-la-reforma-reaccionaria-del-codigo-civil\\\/\"},\"wordCount\":343,\"commentCount\":0,\"image\":{\"@id\":\"https:\\\/\\\/vamosporlaliberacion.org\\\/crpmlm\\\/repudiamos-la-reforma-reaccionaria-del-codigo-civil\\\/#primaryimage\"},\"thumbnailUrl\":\"https:\\\/\\\/i0.wp.com\\\/vamosporlaliberacion.org\\\/crpmlm\\\/wp-content\\\/uploads\\\/2015\\\/10\\\/vxl19-05.jpg?fit=696%2C469&ssl=1\",\"keywords\":[\"Aborto\",\"vxl 19\"],\"articleSection\":[\"Genero\"],\"inLanguage\":\"es\",\"potentialAction\":[{\"@type\":\"CommentAction\",\"name\":\"Comment\",\"target\":[\"https:\\\/\\\/vamosporlaliberacion.org\\\/crpmlm\\\/repudiamos-la-reforma-reaccionaria-del-codigo-civil\\\/#respond\"]}]},{\"@type\":\"WebPage\",\"@id\":\"https:\\\/\\\/vamosporlaliberacion.org\\\/crpmlm\\\/repudiamos-la-reforma-reaccionaria-del-codigo-civil\\\/\",\"url\":\"https:\\\/\\\/vamosporlaliberacion.org\\\/crpmlm\\\/repudiamos-la-reforma-reaccionaria-del-codigo-civil\\\/\",\"name\":\"Repudiamos la reforma reaccionaria del C\u00f3digo Civil - Vamos por la Liberaci\u00f3n\",\"isPartOf\":{\"@id\":\"https:\\\/\\\/vamosporlaliberacion.org\\\/crpmlm\\\/#website\"},\"primaryImageOfPage\":{\"@id\":\"https:\\\/\\\/vamosporlaliberacion.org\\\/crpmlm\\\/repudiamos-la-reforma-reaccionaria-del-codigo-civil\\\/#primaryimage\"},\"image\":{\"@id\":\"https:\\\/\\\/vamosporlaliberacion.org\\\/crpmlm\\\/repudiamos-la-reforma-reaccionaria-del-codigo-civil\\\/#primaryimage\"},\"thumbnailUrl\":\"https:\\\/\\\/i0.wp.com\\\/vamosporlaliberacion.org\\\/crpmlm\\\/wp-content\\\/uploads\\\/2015\\\/10\\\/vxl19-05.jpg?fit=696%2C469&ssl=1\",\"datePublished\":\"2013-12-03T16:25:51+00:00\",\"dateModified\":\"2020-10-12T22:00:42+00:00\",\"author\":{\"@id\":\"https:\\\/\\\/vamosporlaliberacion.org\\\/crpmlm\\\/#\\\/schema\\\/person\\\/d6eac7758df3770dae9cd9eb104d615c\"},\"breadcrumb\":{\"@id\":\"https:\\\/\\\/vamosporlaliberacion.org\\\/crpmlm\\\/repudiamos-la-reforma-reaccionaria-del-codigo-civil\\\/#breadcrumb\"},\"inLanguage\":\"es\",\"potentialAction\":[{\"@type\":\"ReadAction\",\"target\":[\"https:\\\/\\\/vamosporlaliberacion.org\\\/crpmlm\\\/repudiamos-la-reforma-reaccionaria-del-codigo-civil\\\/\"]}]},{\"@type\":\"ImageObject\",\"inLanguage\":\"es\",\"@id\":\"https:\\\/\\\/vamosporlaliberacion.org\\\/crpmlm\\\/repudiamos-la-reforma-reaccionaria-del-codigo-civil\\\/#primaryimage\",\"url\":\"https:\\\/\\\/i0.wp.com\\\/vamosporlaliberacion.org\\\/crpmlm\\\/wp-content\\\/uploads\\\/2015\\\/10\\\/vxl19-05.jpg?fit=696%2C469&ssl=1\",\"contentUrl\":\"https:\\\/\\\/i0.wp.com\\\/vamosporlaliberacion.org\\\/crpmlm\\\/wp-content\\\/uploads\\\/2015\\\/10\\\/vxl19-05.jpg?fit=696%2C469&ssl=1\",\"width\":696,\"height\":469},{\"@type\":\"BreadcrumbList\",\"@id\":\"https:\\\/\\\/vamosporlaliberacion.org\\\/crpmlm\\\/repudiamos-la-reforma-reaccionaria-del-codigo-civil\\\/#breadcrumb\",\"itemListElement\":[{\"@type\":\"ListItem\",\"position\":1,\"name\":\"Portada\",\"item\":\"https:\\\/\\\/vamosporlaliberacion.org\\\/crpmlm\\\/\"},{\"@type\":\"ListItem\",\"position\":2,\"name\":\"Repudiamos la reforma reaccionaria del C\u00f3digo Civil\"}]},{\"@type\":\"WebSite\",\"@id\":\"https:\\\/\\\/vamosporlaliberacion.org\\\/crpmlm\\\/#website\",\"url\":\"https:\\\/\\\/vamosporlaliberacion.org\\\/crpmlm\\\/\",\"name\":\"Vamos por la Liberaci\u00f3n\",\"description\":\"Prensa CR\",\"potentialAction\":[{\"@type\":\"SearchAction\",\"target\":{\"@type\":\"EntryPoint\",\"urlTemplate\":\"https:\\\/\\\/vamosporlaliberacion.org\\\/crpmlm\\\/?s={search_term_string}\"},\"query-input\":{\"@type\":\"PropertyValueSpecification\",\"valueRequired\":true,\"valueName\":\"search_term_string\"}}],\"inLanguage\":\"es\"},{\"@type\":\"Person\",\"@id\":\"https:\\\/\\\/vamosporlaliberacion.org\\\/crpmlm\\\/#\\\/schema\\\/person\\\/d6eac7758df3770dae9cd9eb104d615c\",\"name\":\"vamos!\",\"url\":\"https:\\\/\\\/vamosporlaliberacion.org\\\/crpmlm\\\/author\\\/adminvxl\\\/\"}]}<\/script>\n<!-- \/ Yoast SEO plugin. -->","yoast_head_json":{"title":"Repudiamos la reforma reaccionaria del C\u00f3digo Civil - Vamos por la Liberaci\u00f3n","robots":{"index":"index","follow":"follow","max-snippet":"max-snippet:-1","max-image-preview":"max-image-preview:large","max-video-preview":"max-video-preview:-1"},"canonical":"https:\/\/vamosporlaliberacion.org\/crpmlm\/repudiamos-la-reforma-reaccionaria-del-codigo-civil\/","twitter_misc":{"Escrito por":"vamos!","Tiempo de lectura":"2 minutos"},"schema":{"@context":"https:\/\/schema.org","@graph":[{"@type":"Article","@id":"https:\/\/vamosporlaliberacion.org\/crpmlm\/repudiamos-la-reforma-reaccionaria-del-codigo-civil\/#article","isPartOf":{"@id":"https:\/\/vamosporlaliberacion.org\/crpmlm\/repudiamos-la-reforma-reaccionaria-del-codigo-civil\/"},"author":{"name":"vamos!","@id":"https:\/\/vamosporlaliberacion.org\/crpmlm\/#\/schema\/person\/d6eac7758df3770dae9cd9eb104d615c"},"headline":"Repudiamos la reforma reaccionaria del C\u00f3digo Civil","datePublished":"2013-12-03T16:25:51+00:00","dateModified":"2020-10-12T22:00:42+00:00","mainEntityOfPage":{"@id":"https:\/\/vamosporlaliberacion.org\/crpmlm\/repudiamos-la-reforma-reaccionaria-del-codigo-civil\/"},"wordCount":343,"commentCount":0,"image":{"@id":"https:\/\/vamosporlaliberacion.org\/crpmlm\/repudiamos-la-reforma-reaccionaria-del-codigo-civil\/#primaryimage"},"thumbnailUrl":"https:\/\/i0.wp.com\/vamosporlaliberacion.org\/crpmlm\/wp-content\/uploads\/2015\/10\/vxl19-05.jpg?fit=696%2C469&ssl=1","keywords":["Aborto","vxl 19"],"articleSection":["Genero"],"inLanguage":"es","potentialAction":[{"@type":"CommentAction","name":"Comment","target":["https:\/\/vamosporlaliberacion.org\/crpmlm\/repudiamos-la-reforma-reaccionaria-del-codigo-civil\/#respond"]}]},{"@type":"WebPage","@id":"https:\/\/vamosporlaliberacion.org\/crpmlm\/repudiamos-la-reforma-reaccionaria-del-codigo-civil\/","url":"https:\/\/vamosporlaliberacion.org\/crpmlm\/repudiamos-la-reforma-reaccionaria-del-codigo-civil\/","name":"Repudiamos la reforma reaccionaria del C\u00f3digo Civil - Vamos por la Liberaci\u00f3n","isPartOf":{"@id":"https:\/\/vamosporlaliberacion.org\/crpmlm\/#website"},"primaryImageOfPage":{"@id":"https:\/\/vamosporlaliberacion.org\/crpmlm\/repudiamos-la-reforma-reaccionaria-del-codigo-civil\/#primaryimage"},"image":{"@id":"https:\/\/vamosporlaliberacion.org\/crpmlm\/repudiamos-la-reforma-reaccionaria-del-codigo-civil\/#primaryimage"},"thumbnailUrl":"https:\/\/i0.wp.com\/vamosporlaliberacion.org\/crpmlm\/wp-content\/uploads\/2015\/10\/vxl19-05.jpg?fit=696%2C469&ssl=1","datePublished":"2013-12-03T16:25:51+00:00","dateModified":"2020-10-12T22:00:42+00:00","author":{"@id":"https:\/\/vamosporlaliberacion.org\/crpmlm\/#\/schema\/person\/d6eac7758df3770dae9cd9eb104d615c"},"breadcrumb":{"@id":"https:\/\/vamosporlaliberacion.org\/crpmlm\/repudiamos-la-reforma-reaccionaria-del-codigo-civil\/#breadcrumb"},"inLanguage":"es","potentialAction":[{"@type":"ReadAction","target":["https:\/\/vamosporlaliberacion.org\/crpmlm\/repudiamos-la-reforma-reaccionaria-del-codigo-civil\/"]}]},{"@type":"ImageObject","inLanguage":"es","@id":"https:\/\/vamosporlaliberacion.org\/crpmlm\/repudiamos-la-reforma-reaccionaria-del-codigo-civil\/#primaryimage","url":"https:\/\/i0.wp.com\/vamosporlaliberacion.org\/crpmlm\/wp-content\/uploads\/2015\/10\/vxl19-05.jpg?fit=696%2C469&ssl=1","contentUrl":"https:\/\/i0.wp.com\/vamosporlaliberacion.org\/crpmlm\/wp-content\/uploads\/2015\/10\/vxl19-05.jpg?fit=696%2C469&ssl=1","width":696,"height":469},{"@type":"BreadcrumbList","@id":"https:\/\/vamosporlaliberacion.org\/crpmlm\/repudiamos-la-reforma-reaccionaria-del-codigo-civil\/#breadcrumb","itemListElement":[{"@type":"ListItem","position":1,"name":"Portada","item":"https:\/\/vamosporlaliberacion.org\/crpmlm\/"},{"@type":"ListItem","position":2,"name":"Repudiamos la reforma reaccionaria del C\u00f3digo Civil"}]},{"@type":"WebSite","@id":"https:\/\/vamosporlaliberacion.org\/crpmlm\/#website","url":"https:\/\/vamosporlaliberacion.org\/crpmlm\/","name":"Vamos por la Liberaci\u00f3n","description":"Prensa CR","potentialAction":[{"@type":"SearchAction","target":{"@type":"EntryPoint","urlTemplate":"https:\/\/vamosporlaliberacion.org\/crpmlm\/?s={search_term_string}"},"query-input":{"@type":"PropertyValueSpecification","valueRequired":true,"valueName":"search_term_string"}}],"inLanguage":"es"},{"@type":"Person","@id":"https:\/\/vamosporlaliberacion.org\/crpmlm\/#\/schema\/person\/d6eac7758df3770dae9cd9eb104d615c","name":"vamos!","url":"https:\/\/vamosporlaliberacion.org\/crpmlm\/author\/adminvxl\/"}]}},"jetpack_featured_media_url":"https:\/\/i0.wp.com\/vamosporlaliberacion.org\/crpmlm\/wp-content\/uploads\/2015\/10\/vxl19-05.jpg?fit=696%2C469&ssl=1","jetpack_sharing_enabled":true,"_links":{"self":[{"href":"https:\/\/vamosporlaliberacion.org\/crpmlm\/wp-json\/wp\/v2\/posts\/2498","targetHints":{"allow":["GET"]}}],"collection":[{"href":"https:\/\/vamosporlaliberacion.org\/crpmlm\/wp-json\/wp\/v2\/posts"}],"about":[{"href":"https:\/\/vamosporlaliberacion.org\/crpmlm\/wp-json\/wp\/v2\/types\/post"}],"author":[{"embeddable":true,"href":"https:\/\/vamosporlaliberacion.org\/crpmlm\/wp-json\/wp\/v2\/users\/6"}],"replies":[{"embeddable":true,"href":"https:\/\/vamosporlaliberacion.org\/crpmlm\/wp-json\/wp\/v2\/comments?post=2498"}],"version-history":[{"count":1,"href":"https:\/\/vamosporlaliberacion.org\/crpmlm\/wp-json\/wp\/v2\/posts\/2498\/revisions"}],"predecessor-version":[{"id":19960,"href":"https:\/\/vamosporlaliberacion.org\/crpmlm\/wp-json\/wp\/v2\/posts\/2498\/revisions\/19960"}],"wp:featuredmedia":[{"embeddable":true,"href":"https:\/\/vamosporlaliberacion.org\/crpmlm\/wp-json\/wp\/v2\/media\/2504"}],"wp:attachment":[{"href":"https:\/\/vamosporlaliberacion.org\/crpmlm\/wp-json\/wp\/v2\/media?parent=2498"}],"wp:term":[{"taxonomy":"category","embeddable":true,"href":"https:\/\/vamosporlaliberacion.org\/crpmlm\/wp-json\/wp\/v2\/categories?post=2498"},{"taxonomy":"post_tag","embeddable":true,"href":"https:\/\/vamosporlaliberacion.org\/crpmlm\/wp-json\/wp\/v2\/tags?post=2498"}],"curies":[{"name":"wp","href":"https:\/\/api.w.org\/{rel}","templated":true}]}}