{"id":2488,"date":"2013-12-03T16:19:25","date_gmt":"2013-12-03T16:19:25","guid":{"rendered":"http:\/\/vamosporlaliberacion.org\/crpmlm\/?p=2488"},"modified":"2015-10-28T16:28:41","modified_gmt":"2015-10-28T16:28:41","slug":"las-causas-no-se-han-resuelto","status":"publish","type":"post","link":"https:\/\/vamosporlaliberacion.org\/crpmlm\/las-causas-no-se-han-resuelto\/","title":{"rendered":"\u201cLas causas no se han resuelto\u201d"},"content":{"rendered":"<p>El 7 de diciembre se cumplen tres a\u00f1os de la ocupaci\u00f3n del Parque Indoamericano, situado en el barrio de Soldati de la Capital Federal. Una ocupaci\u00f3n que no tard\u00f3 en ser respondida por un operativo conjunto de la Polic\u00eda Federal y la Metropolitana. En esa brutal represi\u00f3n fueron asesinados Bernardo Salgueiro (22 a\u00f1os) y Rossemary Chura Pu\u00f1a (28 a\u00f1os). D\u00edas m\u00e1s tarde fue asesinado tambi\u00e9n Emilio Canaviri \u00c1lvarez (42 a\u00f1os), de un tiro en el pecho disparado por francotiradores que asediaban la ocupaci\u00f3n que no aflojaba.<\/p>\n<p>En ese momento, Mirta Villarroel y Sergio P\u00e1rraga integraban la CCC. Hoy son parte de la Agrupaci\u00f3n Clasista Lucha y Trabajo de la CABA. Ellos nos muestran la mirada de quienes apostaron a conquistar los terrenos y no han bajado los brazos.<\/p>\n<p>Sobre los motivos que llevaron a la ocupaci\u00f3n Mirta se\u00f1ala: \u201cSi bien algunos ten\u00edan sus casitas, viv\u00edan con sus familias hacinados. Y lo que quer\u00edan es un espacio nuevo, en el cual pueda la familia joven desprenderse de vivir con la madre y el padre en una habitaci\u00f3n \u00fanica. En su mayor\u00eda eran de la Villa 20, y quer\u00edan forjarse algo propio, no ser dependientes ni vivir pr\u00e1cticamente abarrotados en una humilde casita. Hab\u00eda mucha gente joven.\u201d<\/p>\n<h3><strong>Contra viento y balacera<\/strong><\/h3>\n<p>Comentan lo complejo de la organizaci\u00f3n de la ocupaci\u00f3n: \u201cLo primero que hac\u00edas al entrar era lotear. Vos quiz\u00e1s dejabas a alguien y ven\u00edan tres o cuatro y lo echaban. Entonces una parte de la organizaci\u00f3n de eso pasaba por defender los que pens\u00e1bamos que ya era nuestro. Era mucho esfuerzo, mucho desgaste\u201d cuenta Mirta.<\/p>\n<p>\u201cDespu\u00e9s establecimos una comida, un campamento central, un comedor, que era para todas las familias que estaban ah\u00ed alrededor\u201d, agrega Sergio. \u201cEmpezamos a pedir donaciones, m\u00e1s la mercader\u00eda que ten\u00edamos. Establecimos una guardia rotativa. En el atardecer se daban los enfrentamientos y las balaceras de francotiradores, en el otro sector del Indoamericano, y ten\u00edas que armar la guardia ah\u00ed. Y despu\u00e9s de cada tiroteo ten\u00edas que recorrer todo el campamento para ver la situaci\u00f3n de los compa\u00f1eros; muchos se quer\u00edan ir, ten\u00edan miedo. Un gran esfuerzo organizativo. Nosotros llegamos a organizar a 50 o 60 familias; hicimos un censo de los que est\u00e1bamos ah\u00ed. Pero eso era muy chico comparado con la dimensi\u00f3n que hab\u00eda tomado el Indoamericano.\u201d<\/p>\n<h3><strong>El acuerdo para desalojar<\/strong><\/h3>\n<p>A las inclemencias del calor abrumador durante el d\u00eda, sin sombra, y las fuertes lluvias durante algunas noches, se sum\u00f3 el acuerdo -a veces m\u00e1s, a veces menos expl\u00edcito- entre los gobiernos de Ciudad y Naci\u00f3n para el desalojo. Sergio afirma que este acuerdo \u201cse vio de movida, en la primer represi\u00f3n [el martes 7\/12\/2010] realizada en forma conjunta entre la Polic\u00eda Federal y la Metropolitana.<\/p>\n<p>\u201cDespu\u00e9s, al fracasar esa represi\u00f3n y la gente volver a ocupar, el acuerdo entre los Gobiernos se da en otro plano para ir al desalojo. Entonces buscaron que aquello no se estabilizara. Uno le reclamaba comida, agua, ba\u00f1os; y no hab\u00eda respuesta. Luego empezaron a aflojar esas cosas. Ese tiempo ellos lo iban ganando para el operativo desalojo, a partir de ganar la direcci\u00f3n de la toma, a trav\u00e9s de ganar el Cuerpo de delegados, que eran m\u00e1s de 100. En un momento ellos tienen mayor\u00eda, luego de meter al Pitu Salvatierra y un n\u00famero grande de personas en la ocupaci\u00f3n. Y el operativo de la Gendarmer\u00eda se da desde el domingo [12\/12\/2010].\u201d<\/p>\n<p>El gobierno nacional por un lado realiz\u00f3 un censo con promesas de respuestas. Por el otro, cuenta Sergio, \u201chicieron una asamblea con el Pitu Salvatierra, d\u00f3nde \u00e9l dijo que Duhalde y la derecha quer\u00edan voltear al gobierno nacional, y que hab\u00eda que firmar el papel [del censo]. Planteamos que era mentira, me mandan unos matones y medio que se dispersa y hacen una votaci\u00f3n. Luego logran que la mayor\u00eda empiecen a firmar el papel\u201d.<\/p>\n<p>\u201cNosotros nos negamos a firmar, porque sab\u00edamos que sin ocupaci\u00f3n no iba a haber soluci\u00f3n. Y efectivamente las promesas quedaron en palabras\u201d, sentenci\u00f3 Mirta.<\/p>\n<h3><strong>Investigaciones<\/strong><\/h3>\n<p>Comenta Sergio que la investigaci\u00f3n por los asesinatos de los tres compa\u00f1eros est\u00e1 parada, aunque las pericias son bastantes negativas para la Polic\u00eda Federal y la Metropolitana. \u201cEsto es expresi\u00f3n de los acuerdos que llevaron al desalojo. Habr\u00e1 que ver qu\u00e9 pasa m\u00e1s adelante. Se vienen haciendo movilizaciones, pero no hay avance. Y por otro lado procesaron a seis dirigentes, entre ellos Diosnel P\u00e9rez y Luciano Nardulli.\u201d<\/p>\n<h3><strong>Necesidades y negocios<\/strong><\/h3>\n<p>\u201cEl 80% de las tierras p\u00fablicas de la Ciudad est\u00e1n por esta zona. El Indoamericano es parte de las tierras que ahora le van a dar otro uso y entran en el plan maestro para la rezonificaci\u00f3n de los parques que, en la Legislatura de la Ciudad, requiri\u00f3 el apoyo del kirchnerismo al PRO. Van a una reestructuraci\u00f3n de toda esta zona, creando un distrito tecnol\u00f3gico en Parque Patricios, biotecnol\u00f3gico en esta zona con el polo farmac\u00e9utico, el distrito del deporte&#8230; Van a un cambio en toda la zona, que lo que est\u00e1 haciendo es aumentar los alquileres, y eso es expulsivo para los sectores m\u00e1s pobres de esa zona. En vez de partir de las necesidades de esos sectores y crear un programa para resolver los problemas de vivienda, fomentan la entrada de empresas. Por eso este 28 de noviembre se hizo una movilizaci\u00f3n reclamando presupuesto para vivienda y urbanizaci\u00f3n de las villas entre otros temas en la Legislatura\u201d, precisa Sergio P\u00e1rraga.<\/p>\n<p>Mirta Villarroel agrega: \u201cLos negocios inmobiliarios siguen avanzando, porque esas son las metas del gobierno: avanzar sobre las \u00fanicas tierras que hay.\u201d<\/p>\n<p>Finalmente, Sergio concluye: \u201cLas causas que provocaron la ocupaci\u00f3n del Indoamericano est\u00e1n intactas. No se han resuelto. Hoy el desaf\u00edo es avanzar en esto que se est\u00e1 gestando, un movimiento m\u00e1s fuerte, en el que una parte viene de participar del proceso del Indoamericano.\u201d<\/p>\n<h3><strong>Por presupuesto para urbanizaci\u00f3n<\/strong><\/h3>\n<p>Convocados por la Corriente Villera Independiente, el jueves 28\/11 numerosas organizaciones sociales y barriales se movilizaron a la Legislatura porte\u00f1a en momentos que se trataba el Presupuesto 2014. En su comunicado afirma: \u201cNo vamos a permitir que nos sigan imponiendo un modelo de ciudad para pocos y pocas, que desfinancia la salud y la educaci\u00f3n p\u00fablica, que realiza fabulosos negociados con la tierra y la vivienda, fomentando la especulaci\u00f3n inmobiliaria en desmedro del derecho a la vivienda digna, que encarece el transporte p\u00fablico, privatiza los bienes comunes y clausura espacios p\u00fablicos y culturales.\u201d Reclamaron por vivienda, urbanizaci\u00f3n, radicaci\u00f3n en las villas de la Ciudad, presupuesto para salud y educaci\u00f3n.<\/p>\n<!-- AddThis Advanced Settings generic via filter on the_content --><!-- AddThis Share Buttons generic via filter on the_content -->","protected":false},"excerpt":{"rendered":"<p>El 7 de diciembre se cumplen tres a\u00f1os de la ocupaci\u00f3n del Parque Indoamericano, situado en el barrio de Soldati de la Capital Federal. Una ocupaci\u00f3n que no tard\u00f3 en ser respondida por un operativo conjunto de la Polic\u00eda Federal y la Metropolitana. En esa brutal represi\u00f3n fueron asesinados Bernardo Salgueiro (22 a\u00f1os) y Rossemary [&hellip;]<!-- AddThis Advanced Settings generic via filter on get_the_excerpt --><!-- AddThis Share Buttons generic via filter on get_the_excerpt --><\/p>\n","protected":false},"author":6,"featured_media":2500,"comment_status":"open","ping_status":"open","sticky":false,"template":"","format":"standard","meta":{"_jetpack_memberships_contains_paid_content":false,"footnotes":""},"categories":[1699],"tags":[372,370],"class_list":{"0":"post-2488","1":"post","2":"type-post","3":"status-publish","4":"format-standard","5":"has-post-thumbnail","7":"category-noticias","8":"tag-indoamericano","9":"tag-vxl-19"},"yoast_head":"<!-- This site is optimized with the Yoast SEO plugin v27.4 - https:\/\/yoast.com\/product\/yoast-seo-wordpress\/ -->\n<title>\u201cLas causas no se han resuelto\u201d - Vamos por la Liberaci\u00f3n<\/title>\n<meta name=\"robots\" content=\"index, follow, max-snippet:-1, max-image-preview:large, max-video-preview:-1\" \/>\n<link rel=\"canonical\" href=\"http:\/\/vamosporlaliberacion.org\/crpmlm\/las-causas-no-se-han-resuelto\/\" \/>\n<meta name=\"twitter:label1\" content=\"Escrito por\" \/>\n\t<meta name=\"twitter:data1\" content=\"vamos!\" \/>\n\t<meta name=\"twitter:label2\" content=\"Tiempo de lectura\" \/>\n\t<meta name=\"twitter:data2\" content=\"6 minutos\" \/>\n<script type=\"application\/ld+json\" class=\"yoast-schema-graph\">{\"@context\":\"https:\\\/\\\/schema.org\",\"@graph\":[{\"@type\":\"Article\",\"@id\":\"http:\\\/\\\/vamosporlaliberacion.org\\\/crpmlm\\\/las-causas-no-se-han-resuelto\\\/#article\",\"isPartOf\":{\"@id\":\"http:\\\/\\\/vamosporlaliberacion.org\\\/crpmlm\\\/las-causas-no-se-han-resuelto\\\/\"},\"author\":{\"name\":\"vamos!\",\"@id\":\"https:\\\/\\\/vamosporlaliberacion.org\\\/crpmlm\\\/#\\\/schema\\\/person\\\/d6eac7758df3770dae9cd9eb104d615c\"},\"headline\":\"\u201cLas causas no se han resuelto\u201d\",\"datePublished\":\"2013-12-03T16:19:25+00:00\",\"dateModified\":\"2015-10-28T16:28:41+00:00\",\"mainEntityOfPage\":{\"@id\":\"http:\\\/\\\/vamosporlaliberacion.org\\\/crpmlm\\\/las-causas-no-se-han-resuelto\\\/\"},\"wordCount\":1170,\"commentCount\":0,\"image\":{\"@id\":\"http:\\\/\\\/vamosporlaliberacion.org\\\/crpmlm\\\/las-causas-no-se-han-resuelto\\\/#primaryimage\"},\"thumbnailUrl\":\"https:\\\/\\\/i0.wp.com\\\/vamosporlaliberacion.org\\\/crpmlm\\\/wp-content\\\/uploads\\\/2015\\\/10\\\/vxl19-03.jpg?fit=696%2C469&ssl=1\",\"keywords\":[\"Indoamericano\",\"vxl 19\"],\"articleSection\":[\"Noticias\"],\"inLanguage\":\"es\",\"potentialAction\":[{\"@type\":\"CommentAction\",\"name\":\"Comment\",\"target\":[\"http:\\\/\\\/vamosporlaliberacion.org\\\/crpmlm\\\/las-causas-no-se-han-resuelto\\\/#respond\"]}]},{\"@type\":\"WebPage\",\"@id\":\"http:\\\/\\\/vamosporlaliberacion.org\\\/crpmlm\\\/las-causas-no-se-han-resuelto\\\/\",\"url\":\"http:\\\/\\\/vamosporlaliberacion.org\\\/crpmlm\\\/las-causas-no-se-han-resuelto\\\/\",\"name\":\"\u201cLas causas no se han resuelto\u201d - Vamos por la Liberaci\u00f3n\",\"isPartOf\":{\"@id\":\"https:\\\/\\\/vamosporlaliberacion.org\\\/crpmlm\\\/#website\"},\"primaryImageOfPage\":{\"@id\":\"http:\\\/\\\/vamosporlaliberacion.org\\\/crpmlm\\\/las-causas-no-se-han-resuelto\\\/#primaryimage\"},\"image\":{\"@id\":\"http:\\\/\\\/vamosporlaliberacion.org\\\/crpmlm\\\/las-causas-no-se-han-resuelto\\\/#primaryimage\"},\"thumbnailUrl\":\"https:\\\/\\\/i0.wp.com\\\/vamosporlaliberacion.org\\\/crpmlm\\\/wp-content\\\/uploads\\\/2015\\\/10\\\/vxl19-03.jpg?fit=696%2C469&ssl=1\",\"datePublished\":\"2013-12-03T16:19:25+00:00\",\"dateModified\":\"2015-10-28T16:28:41+00:00\",\"author\":{\"@id\":\"https:\\\/\\\/vamosporlaliberacion.org\\\/crpmlm\\\/#\\\/schema\\\/person\\\/d6eac7758df3770dae9cd9eb104d615c\"},\"breadcrumb\":{\"@id\":\"http:\\\/\\\/vamosporlaliberacion.org\\\/crpmlm\\\/las-causas-no-se-han-resuelto\\\/#breadcrumb\"},\"inLanguage\":\"es\",\"potentialAction\":[{\"@type\":\"ReadAction\",\"target\":[\"http:\\\/\\\/vamosporlaliberacion.org\\\/crpmlm\\\/las-causas-no-se-han-resuelto\\\/\"]}]},{\"@type\":\"ImageObject\",\"inLanguage\":\"es\",\"@id\":\"http:\\\/\\\/vamosporlaliberacion.org\\\/crpmlm\\\/las-causas-no-se-han-resuelto\\\/#primaryimage\",\"url\":\"https:\\\/\\\/i0.wp.com\\\/vamosporlaliberacion.org\\\/crpmlm\\\/wp-content\\\/uploads\\\/2015\\\/10\\\/vxl19-03.jpg?fit=696%2C469&ssl=1\",\"contentUrl\":\"https:\\\/\\\/i0.wp.com\\\/vamosporlaliberacion.org\\\/crpmlm\\\/wp-content\\\/uploads\\\/2015\\\/10\\\/vxl19-03.jpg?fit=696%2C469&ssl=1\",\"width\":696,\"height\":469},{\"@type\":\"BreadcrumbList\",\"@id\":\"http:\\\/\\\/vamosporlaliberacion.org\\\/crpmlm\\\/las-causas-no-se-han-resuelto\\\/#breadcrumb\",\"itemListElement\":[{\"@type\":\"ListItem\",\"position\":1,\"name\":\"Portada\",\"item\":\"https:\\\/\\\/vamosporlaliberacion.org\\\/crpmlm\\\/\"},{\"@type\":\"ListItem\",\"position\":2,\"name\":\"\u201cLas causas no se han resuelto\u201d\"}]},{\"@type\":\"WebSite\",\"@id\":\"https:\\\/\\\/vamosporlaliberacion.org\\\/crpmlm\\\/#website\",\"url\":\"https:\\\/\\\/vamosporlaliberacion.org\\\/crpmlm\\\/\",\"name\":\"Vamos por la Liberaci\u00f3n\",\"description\":\"Prensa CR\",\"potentialAction\":[{\"@type\":\"SearchAction\",\"target\":{\"@type\":\"EntryPoint\",\"urlTemplate\":\"https:\\\/\\\/vamosporlaliberacion.org\\\/crpmlm\\\/?s={search_term_string}\"},\"query-input\":{\"@type\":\"PropertyValueSpecification\",\"valueRequired\":true,\"valueName\":\"search_term_string\"}}],\"inLanguage\":\"es\"},{\"@type\":\"Person\",\"@id\":\"https:\\\/\\\/vamosporlaliberacion.org\\\/crpmlm\\\/#\\\/schema\\\/person\\\/d6eac7758df3770dae9cd9eb104d615c\",\"name\":\"vamos!\",\"url\":\"https:\\\/\\\/vamosporlaliberacion.org\\\/crpmlm\\\/author\\\/adminvxl\\\/\"}]}<\/script>\n<!-- \/ Yoast SEO plugin. -->","yoast_head_json":{"title":"\u201cLas causas no se han resuelto\u201d - Vamos por la Liberaci\u00f3n","robots":{"index":"index","follow":"follow","max-snippet":"max-snippet:-1","max-image-preview":"max-image-preview:large","max-video-preview":"max-video-preview:-1"},"canonical":"http:\/\/vamosporlaliberacion.org\/crpmlm\/las-causas-no-se-han-resuelto\/","twitter_misc":{"Escrito por":"vamos!","Tiempo de lectura":"6 minutos"},"schema":{"@context":"https:\/\/schema.org","@graph":[{"@type":"Article","@id":"http:\/\/vamosporlaliberacion.org\/crpmlm\/las-causas-no-se-han-resuelto\/#article","isPartOf":{"@id":"http:\/\/vamosporlaliberacion.org\/crpmlm\/las-causas-no-se-han-resuelto\/"},"author":{"name":"vamos!","@id":"https:\/\/vamosporlaliberacion.org\/crpmlm\/#\/schema\/person\/d6eac7758df3770dae9cd9eb104d615c"},"headline":"\u201cLas causas no se han resuelto\u201d","datePublished":"2013-12-03T16:19:25+00:00","dateModified":"2015-10-28T16:28:41+00:00","mainEntityOfPage":{"@id":"http:\/\/vamosporlaliberacion.org\/crpmlm\/las-causas-no-se-han-resuelto\/"},"wordCount":1170,"commentCount":0,"image":{"@id":"http:\/\/vamosporlaliberacion.org\/crpmlm\/las-causas-no-se-han-resuelto\/#primaryimage"},"thumbnailUrl":"https:\/\/i0.wp.com\/vamosporlaliberacion.org\/crpmlm\/wp-content\/uploads\/2015\/10\/vxl19-03.jpg?fit=696%2C469&ssl=1","keywords":["Indoamericano","vxl 19"],"articleSection":["Noticias"],"inLanguage":"es","potentialAction":[{"@type":"CommentAction","name":"Comment","target":["http:\/\/vamosporlaliberacion.org\/crpmlm\/las-causas-no-se-han-resuelto\/#respond"]}]},{"@type":"WebPage","@id":"http:\/\/vamosporlaliberacion.org\/crpmlm\/las-causas-no-se-han-resuelto\/","url":"http:\/\/vamosporlaliberacion.org\/crpmlm\/las-causas-no-se-han-resuelto\/","name":"\u201cLas causas no se han resuelto\u201d - Vamos por la Liberaci\u00f3n","isPartOf":{"@id":"https:\/\/vamosporlaliberacion.org\/crpmlm\/#website"},"primaryImageOfPage":{"@id":"http:\/\/vamosporlaliberacion.org\/crpmlm\/las-causas-no-se-han-resuelto\/#primaryimage"},"image":{"@id":"http:\/\/vamosporlaliberacion.org\/crpmlm\/las-causas-no-se-han-resuelto\/#primaryimage"},"thumbnailUrl":"https:\/\/i0.wp.com\/vamosporlaliberacion.org\/crpmlm\/wp-content\/uploads\/2015\/10\/vxl19-03.jpg?fit=696%2C469&ssl=1","datePublished":"2013-12-03T16:19:25+00:00","dateModified":"2015-10-28T16:28:41+00:00","author":{"@id":"https:\/\/vamosporlaliberacion.org\/crpmlm\/#\/schema\/person\/d6eac7758df3770dae9cd9eb104d615c"},"breadcrumb":{"@id":"http:\/\/vamosporlaliberacion.org\/crpmlm\/las-causas-no-se-han-resuelto\/#breadcrumb"},"inLanguage":"es","potentialAction":[{"@type":"ReadAction","target":["http:\/\/vamosporlaliberacion.org\/crpmlm\/las-causas-no-se-han-resuelto\/"]}]},{"@type":"ImageObject","inLanguage":"es","@id":"http:\/\/vamosporlaliberacion.org\/crpmlm\/las-causas-no-se-han-resuelto\/#primaryimage","url":"https:\/\/i0.wp.com\/vamosporlaliberacion.org\/crpmlm\/wp-content\/uploads\/2015\/10\/vxl19-03.jpg?fit=696%2C469&ssl=1","contentUrl":"https:\/\/i0.wp.com\/vamosporlaliberacion.org\/crpmlm\/wp-content\/uploads\/2015\/10\/vxl19-03.jpg?fit=696%2C469&ssl=1","width":696,"height":469},{"@type":"BreadcrumbList","@id":"http:\/\/vamosporlaliberacion.org\/crpmlm\/las-causas-no-se-han-resuelto\/#breadcrumb","itemListElement":[{"@type":"ListItem","position":1,"name":"Portada","item":"https:\/\/vamosporlaliberacion.org\/crpmlm\/"},{"@type":"ListItem","position":2,"name":"\u201cLas causas no se han resuelto\u201d"}]},{"@type":"WebSite","@id":"https:\/\/vamosporlaliberacion.org\/crpmlm\/#website","url":"https:\/\/vamosporlaliberacion.org\/crpmlm\/","name":"Vamos por la Liberaci\u00f3n","description":"Prensa CR","potentialAction":[{"@type":"SearchAction","target":{"@type":"EntryPoint","urlTemplate":"https:\/\/vamosporlaliberacion.org\/crpmlm\/?s={search_term_string}"},"query-input":{"@type":"PropertyValueSpecification","valueRequired":true,"valueName":"search_term_string"}}],"inLanguage":"es"},{"@type":"Person","@id":"https:\/\/vamosporlaliberacion.org\/crpmlm\/#\/schema\/person\/d6eac7758df3770dae9cd9eb104d615c","name":"vamos!","url":"https:\/\/vamosporlaliberacion.org\/crpmlm\/author\/adminvxl\/"}]}},"jetpack_featured_media_url":"https:\/\/i0.wp.com\/vamosporlaliberacion.org\/crpmlm\/wp-content\/uploads\/2015\/10\/vxl19-03.jpg?fit=696%2C469&ssl=1","jetpack_sharing_enabled":true,"_links":{"self":[{"href":"https:\/\/vamosporlaliberacion.org\/crpmlm\/wp-json\/wp\/v2\/posts\/2488","targetHints":{"allow":["GET"]}}],"collection":[{"href":"https:\/\/vamosporlaliberacion.org\/crpmlm\/wp-json\/wp\/v2\/posts"}],"about":[{"href":"https:\/\/vamosporlaliberacion.org\/crpmlm\/wp-json\/wp\/v2\/types\/post"}],"author":[{"embeddable":true,"href":"https:\/\/vamosporlaliberacion.org\/crpmlm\/wp-json\/wp\/v2\/users\/6"}],"replies":[{"embeddable":true,"href":"https:\/\/vamosporlaliberacion.org\/crpmlm\/wp-json\/wp\/v2\/comments?post=2488"}],"version-history":[{"count":0,"href":"https:\/\/vamosporlaliberacion.org\/crpmlm\/wp-json\/wp\/v2\/posts\/2488\/revisions"}],"wp:featuredmedia":[{"embeddable":true,"href":"https:\/\/vamosporlaliberacion.org\/crpmlm\/wp-json\/wp\/v2\/media\/2500"}],"wp:attachment":[{"href":"https:\/\/vamosporlaliberacion.org\/crpmlm\/wp-json\/wp\/v2\/media?parent=2488"}],"wp:term":[{"taxonomy":"category","embeddable":true,"href":"https:\/\/vamosporlaliberacion.org\/crpmlm\/wp-json\/wp\/v2\/categories?post=2488"},{"taxonomy":"post_tag","embeddable":true,"href":"https:\/\/vamosporlaliberacion.org\/crpmlm\/wp-json\/wp\/v2\/tags?post=2488"}],"curies":[{"name":"wp","href":"https:\/\/api.w.org\/{rel}","templated":true}]}}