{"id":2487,"date":"2013-12-03T16:19:24","date_gmt":"2013-12-03T16:19:24","guid":{"rendered":"http:\/\/vamosporlaliberacion.org\/crpmlm\/?p=2487"},"modified":"2015-10-28T16:25:37","modified_gmt":"2015-10-28T16:25:37","slug":"el-cei-denuncia-al-decano-por-instrumentar-demanda-contra-8-ex-presidentes","status":"publish","type":"post","link":"https:\/\/vamosporlaliberacion.org\/crpmlm\/el-cei-denuncia-al-decano-por-instrumentar-demanda-contra-8-ex-presidentes\/","title":{"rendered":"El CEI denuncia al decano por instrumentar demanda contra 8 ex-presidentes"},"content":{"rendered":"<p>En el Juzgado N\u00ba 38 del Fuero Laboral se est\u00e1 desarrollando una demanda de un empleado de la Facultad de Ingenier\u00eda, Sergio Magallanes, contra el Centro de Estudiantes de Ingenier\u00eda \u201cLa L\u00ednea Recta\u201d y 8 presidentes del mismo. La conducci\u00f3n del CEI denuncia que se trata de un intento del Decano Rosito, alineado con el kirchnerismo, de condicionar al Centro de Estudiantes, que ha enfrentado desde un inicio las pol\u00edticas que \u00e9ste ha impulsado en la Facultad: la Coneau, las restricciones, el ahogo presupuestario, etc.<\/p>\n<p>En el 2007, el Decano Rosito y el Consejo Directivo resolvieron y ejecutaron el desalojo de los trabajadores de los locales de fotocopiadora, librer\u00eda y comedor, eliminando el men\u00fa estudiantil econ\u00f3mico y las becas de apuntes y librer\u00eda. Para lo que adem\u00e1s se us\u00f3 a la empresa de seguridad \u201cprivada\u201d ENTEUS, que contaba entre sus directores al coronel Seineld\u00edn y funcionarios del Ministerio del Interior, contratada por el Decano.  M\u00e1s tarde sali\u00f3 a la luz que esta empresa se dedicaba a investigar a los no docentes de APUBA y al Centro de Estudiantes, al mejor estilo Proyecto X.<\/p>\n<p>Marcelo Magallanes, a diferencia de sus ex-compa\u00f1eros, en vez de reclamar a la UBA su indemnizaci\u00f3n por los a\u00f1os trabajados en la fotocopiadora de Paseo Col\u00f3n, inici\u00f3 una demanda al \u201cCentro de Estudiantes de Ingenier\u00eda -La L\u00ednea Recta- Sociedad de Hecho\u201d y a 8 ex presidentes del CEI. Magallanes ingres\u00f3 como contratado y pas\u00f3 a planta de la FUBA como producto de la lucha que los trabajadores de la fotocopiadora, librer\u00eda e imprenta con el CEI, llevaron adelante, cuando el decano Rosito -ya alineado al kirchnerismo- resolvi\u00f3 cerrarles los locales y dejarlos en la calle. Hoy ocupa un puesto en el pabell\u00f3n de Ingenier\u00eda Qu\u00edmica en Ciudad Universitaria y ha ascendido mucho m\u00e1s r\u00e1pido que la mayor\u00eda de sus compa\u00f1eros no docentes.<\/p>\n<p>Con esta demanda, a su vez se busca definir a los Centros de Estudiantes como \u201csociedades de hecho\u201d, sentando jurisprudencia mediante un fallo judicial lo que la ausencia de reglamentaci\u00f3n de la Ley de Educaci\u00f3n Superior deja vac\u00edo.<\/p>\n<p>Queda  m\u00e1s que claro que la demanda est\u00e1 instrumentada por el Decano Rosito y los que est\u00e1n detr\u00e1s de \u00e9l. Por esto la FUBA y los Centros de Estudiantes de la UBA denuncian que esta demanda aparentemente \u201claboral\u201d de Magallanes, est\u00e1 manipulada pol\u00edticamente y es una extorsi\u00f3n a los presidentes del CEI, a todos los Centros de Estudiantes y las Federaciones.<\/p>\n<p>Habiendo sido el Consejo Directivo y el Decano Rosito los que resolvieron y ejecutaron el desalojo de los trabajadores de los locales de fotocopiadora, librer\u00eda y comedor en el 2007, es la UBA la que se tiene que hacer cargo de su accionar, y tienen que terminar las manipulaciones pol\u00edticas y extorsiones contra el Centro de Estudiantes de Ingenier\u00eda y sus ex-Presidentes.<br \/>\nCorresponsal<\/p>\n<h3><strong>Declaraci\u00f3n del CEI<\/strong><\/h3>\n<p>Frente a la demanda llevada adelante por Marcelo Magallanes contra 8 presidentes del CEI, la Comisi\u00f3n Directiva declara:<br \/>\n&#8211; El Consejo Directivo y el Decano Rosito resolvieron y ejecutaron el desalojo de los trabajadores de los locales de fotocopiadora, librer\u00eda y comedor en el 2007. Que la UBA se haga cargo de su accionar.<br \/>\n&#8211; Basta de manipulaci\u00f3n pol\u00edtica y extorsionar a los presidentes del CEI con la demanda de Marcelo Magallanes (ex trabajador de fotocopiadora y no docente desde 2007).<br \/>\n&#8211; Los Centros de Estudiantes NO somos \u201cSociedades de Hecho\u201d. <\/p>\n<!-- AddThis Advanced Settings generic via filter on the_content --><!-- AddThis Share Buttons generic via filter on the_content -->","protected":false},"excerpt":{"rendered":"<p>En el Juzgado N\u00ba 38 del Fuero Laboral se est\u00e1 desarrollando una demanda de un empleado de la Facultad de Ingenier\u00eda, Sergio Magallanes, contra el Centro de Estudiantes de Ingenier\u00eda \u201cLa L\u00ednea Recta\u201d y 8 presidentes del mismo. La conducci\u00f3n del CEI denuncia que se trata de un intento del Decano Rosito, alineado con el [&hellip;]<!-- AddThis Advanced Settings generic via filter on get_the_excerpt --><!-- AddThis Share Buttons generic via filter on get_the_excerpt --><\/p>\n","protected":false},"author":6,"featured_media":0,"comment_status":"open","ping_status":"open","sticky":false,"template":"","format":"standard","meta":{"_jetpack_memberships_contains_paid_content":false,"footnotes":""},"categories":[1699],"tags":[371,256,370],"class_list":{"0":"post-2487","1":"post","2":"type-post","3":"status-publish","4":"format-standard","6":"category-noticias","7":"tag-cei","8":"tag-uba","9":"tag-vxl-19"},"yoast_head":"<!-- This site is optimized with the Yoast SEO plugin v27.4 - https:\/\/yoast.com\/product\/yoast-seo-wordpress\/ -->\n<title>El CEI denuncia al decano por instrumentar demanda contra 8 ex-presidentes - Vamos por la Liberaci\u00f3n<\/title>\n<meta name=\"robots\" content=\"index, follow, max-snippet:-1, max-image-preview:large, max-video-preview:-1\" \/>\n<link rel=\"canonical\" href=\"https:\/\/vamosporlaliberacion.org\/crpmlm\/el-cei-denuncia-al-decano-por-instrumentar-demanda-contra-8-ex-presidentes\/\" \/>\n<meta name=\"twitter:label1\" content=\"Escrito por\" \/>\n\t<meta name=\"twitter:data1\" content=\"vamos!\" \/>\n\t<meta name=\"twitter:label2\" content=\"Tiempo de lectura\" \/>\n\t<meta name=\"twitter:data2\" content=\"3 minutos\" \/>\n<script type=\"application\/ld+json\" class=\"yoast-schema-graph\">{\"@context\":\"https:\\\/\\\/schema.org\",\"@graph\":[{\"@type\":\"Article\",\"@id\":\"https:\\\/\\\/vamosporlaliberacion.org\\\/crpmlm\\\/el-cei-denuncia-al-decano-por-instrumentar-demanda-contra-8-ex-presidentes\\\/#article\",\"isPartOf\":{\"@id\":\"https:\\\/\\\/vamosporlaliberacion.org\\\/crpmlm\\\/el-cei-denuncia-al-decano-por-instrumentar-demanda-contra-8-ex-presidentes\\\/\"},\"author\":{\"name\":\"vamos!\",\"@id\":\"https:\\\/\\\/vamosporlaliberacion.org\\\/crpmlm\\\/#\\\/schema\\\/person\\\/d6eac7758df3770dae9cd9eb104d615c\"},\"headline\":\"El CEI denuncia al decano por instrumentar demanda contra 8 ex-presidentes\",\"datePublished\":\"2013-12-03T16:19:24+00:00\",\"dateModified\":\"2015-10-28T16:25:37+00:00\",\"mainEntityOfPage\":{\"@id\":\"https:\\\/\\\/vamosporlaliberacion.org\\\/crpmlm\\\/el-cei-denuncia-al-decano-por-instrumentar-demanda-contra-8-ex-presidentes\\\/\"},\"wordCount\":604,\"commentCount\":0,\"keywords\":[\"CEI\",\"UBA\",\"vxl 19\"],\"articleSection\":[\"Noticias\"],\"inLanguage\":\"es\",\"potentialAction\":[{\"@type\":\"CommentAction\",\"name\":\"Comment\",\"target\":[\"https:\\\/\\\/vamosporlaliberacion.org\\\/crpmlm\\\/el-cei-denuncia-al-decano-por-instrumentar-demanda-contra-8-ex-presidentes\\\/#respond\"]}]},{\"@type\":\"WebPage\",\"@id\":\"https:\\\/\\\/vamosporlaliberacion.org\\\/crpmlm\\\/el-cei-denuncia-al-decano-por-instrumentar-demanda-contra-8-ex-presidentes\\\/\",\"url\":\"https:\\\/\\\/vamosporlaliberacion.org\\\/crpmlm\\\/el-cei-denuncia-al-decano-por-instrumentar-demanda-contra-8-ex-presidentes\\\/\",\"name\":\"El CEI denuncia al decano por instrumentar demanda contra 8 ex-presidentes - Vamos por la Liberaci\u00f3n\",\"isPartOf\":{\"@id\":\"https:\\\/\\\/vamosporlaliberacion.org\\\/crpmlm\\\/#website\"},\"datePublished\":\"2013-12-03T16:19:24+00:00\",\"dateModified\":\"2015-10-28T16:25:37+00:00\",\"author\":{\"@id\":\"https:\\\/\\\/vamosporlaliberacion.org\\\/crpmlm\\\/#\\\/schema\\\/person\\\/d6eac7758df3770dae9cd9eb104d615c\"},\"breadcrumb\":{\"@id\":\"https:\\\/\\\/vamosporlaliberacion.org\\\/crpmlm\\\/el-cei-denuncia-al-decano-por-instrumentar-demanda-contra-8-ex-presidentes\\\/#breadcrumb\"},\"inLanguage\":\"es\",\"potentialAction\":[{\"@type\":\"ReadAction\",\"target\":[\"https:\\\/\\\/vamosporlaliberacion.org\\\/crpmlm\\\/el-cei-denuncia-al-decano-por-instrumentar-demanda-contra-8-ex-presidentes\\\/\"]}]},{\"@type\":\"BreadcrumbList\",\"@id\":\"https:\\\/\\\/vamosporlaliberacion.org\\\/crpmlm\\\/el-cei-denuncia-al-decano-por-instrumentar-demanda-contra-8-ex-presidentes\\\/#breadcrumb\",\"itemListElement\":[{\"@type\":\"ListItem\",\"position\":1,\"name\":\"Portada\",\"item\":\"https:\\\/\\\/vamosporlaliberacion.org\\\/crpmlm\\\/\"},{\"@type\":\"ListItem\",\"position\":2,\"name\":\"El CEI denuncia al decano por instrumentar demanda contra 8 ex-presidentes\"}]},{\"@type\":\"WebSite\",\"@id\":\"https:\\\/\\\/vamosporlaliberacion.org\\\/crpmlm\\\/#website\",\"url\":\"https:\\\/\\\/vamosporlaliberacion.org\\\/crpmlm\\\/\",\"name\":\"Vamos por la Liberaci\u00f3n\",\"description\":\"Prensa CR\",\"potentialAction\":[{\"@type\":\"SearchAction\",\"target\":{\"@type\":\"EntryPoint\",\"urlTemplate\":\"https:\\\/\\\/vamosporlaliberacion.org\\\/crpmlm\\\/?s={search_term_string}\"},\"query-input\":{\"@type\":\"PropertyValueSpecification\",\"valueRequired\":true,\"valueName\":\"search_term_string\"}}],\"inLanguage\":\"es\"},{\"@type\":\"Person\",\"@id\":\"https:\\\/\\\/vamosporlaliberacion.org\\\/crpmlm\\\/#\\\/schema\\\/person\\\/d6eac7758df3770dae9cd9eb104d615c\",\"name\":\"vamos!\",\"url\":\"https:\\\/\\\/vamosporlaliberacion.org\\\/crpmlm\\\/author\\\/adminvxl\\\/\"}]}<\/script>\n<!-- \/ Yoast SEO plugin. -->","yoast_head_json":{"title":"El CEI denuncia al decano por instrumentar demanda contra 8 ex-presidentes - Vamos por la Liberaci\u00f3n","robots":{"index":"index","follow":"follow","max-snippet":"max-snippet:-1","max-image-preview":"max-image-preview:large","max-video-preview":"max-video-preview:-1"},"canonical":"https:\/\/vamosporlaliberacion.org\/crpmlm\/el-cei-denuncia-al-decano-por-instrumentar-demanda-contra-8-ex-presidentes\/","twitter_misc":{"Escrito por":"vamos!","Tiempo de lectura":"3 minutos"},"schema":{"@context":"https:\/\/schema.org","@graph":[{"@type":"Article","@id":"https:\/\/vamosporlaliberacion.org\/crpmlm\/el-cei-denuncia-al-decano-por-instrumentar-demanda-contra-8-ex-presidentes\/#article","isPartOf":{"@id":"https:\/\/vamosporlaliberacion.org\/crpmlm\/el-cei-denuncia-al-decano-por-instrumentar-demanda-contra-8-ex-presidentes\/"},"author":{"name":"vamos!","@id":"https:\/\/vamosporlaliberacion.org\/crpmlm\/#\/schema\/person\/d6eac7758df3770dae9cd9eb104d615c"},"headline":"El CEI denuncia al decano por instrumentar demanda contra 8 ex-presidentes","datePublished":"2013-12-03T16:19:24+00:00","dateModified":"2015-10-28T16:25:37+00:00","mainEntityOfPage":{"@id":"https:\/\/vamosporlaliberacion.org\/crpmlm\/el-cei-denuncia-al-decano-por-instrumentar-demanda-contra-8-ex-presidentes\/"},"wordCount":604,"commentCount":0,"keywords":["CEI","UBA","vxl 19"],"articleSection":["Noticias"],"inLanguage":"es","potentialAction":[{"@type":"CommentAction","name":"Comment","target":["https:\/\/vamosporlaliberacion.org\/crpmlm\/el-cei-denuncia-al-decano-por-instrumentar-demanda-contra-8-ex-presidentes\/#respond"]}]},{"@type":"WebPage","@id":"https:\/\/vamosporlaliberacion.org\/crpmlm\/el-cei-denuncia-al-decano-por-instrumentar-demanda-contra-8-ex-presidentes\/","url":"https:\/\/vamosporlaliberacion.org\/crpmlm\/el-cei-denuncia-al-decano-por-instrumentar-demanda-contra-8-ex-presidentes\/","name":"El CEI denuncia al decano por instrumentar demanda contra 8 ex-presidentes - Vamos por la Liberaci\u00f3n","isPartOf":{"@id":"https:\/\/vamosporlaliberacion.org\/crpmlm\/#website"},"datePublished":"2013-12-03T16:19:24+00:00","dateModified":"2015-10-28T16:25:37+00:00","author":{"@id":"https:\/\/vamosporlaliberacion.org\/crpmlm\/#\/schema\/person\/d6eac7758df3770dae9cd9eb104d615c"},"breadcrumb":{"@id":"https:\/\/vamosporlaliberacion.org\/crpmlm\/el-cei-denuncia-al-decano-por-instrumentar-demanda-contra-8-ex-presidentes\/#breadcrumb"},"inLanguage":"es","potentialAction":[{"@type":"ReadAction","target":["https:\/\/vamosporlaliberacion.org\/crpmlm\/el-cei-denuncia-al-decano-por-instrumentar-demanda-contra-8-ex-presidentes\/"]}]},{"@type":"BreadcrumbList","@id":"https:\/\/vamosporlaliberacion.org\/crpmlm\/el-cei-denuncia-al-decano-por-instrumentar-demanda-contra-8-ex-presidentes\/#breadcrumb","itemListElement":[{"@type":"ListItem","position":1,"name":"Portada","item":"https:\/\/vamosporlaliberacion.org\/crpmlm\/"},{"@type":"ListItem","position":2,"name":"El CEI denuncia al decano por instrumentar demanda contra 8 ex-presidentes"}]},{"@type":"WebSite","@id":"https:\/\/vamosporlaliberacion.org\/crpmlm\/#website","url":"https:\/\/vamosporlaliberacion.org\/crpmlm\/","name":"Vamos por la Liberaci\u00f3n","description":"Prensa CR","potentialAction":[{"@type":"SearchAction","target":{"@type":"EntryPoint","urlTemplate":"https:\/\/vamosporlaliberacion.org\/crpmlm\/?s={search_term_string}"},"query-input":{"@type":"PropertyValueSpecification","valueRequired":true,"valueName":"search_term_string"}}],"inLanguage":"es"},{"@type":"Person","@id":"https:\/\/vamosporlaliberacion.org\/crpmlm\/#\/schema\/person\/d6eac7758df3770dae9cd9eb104d615c","name":"vamos!","url":"https:\/\/vamosporlaliberacion.org\/crpmlm\/author\/adminvxl\/"}]}},"jetpack_featured_media_url":"","jetpack_sharing_enabled":true,"_links":{"self":[{"href":"https:\/\/vamosporlaliberacion.org\/crpmlm\/wp-json\/wp\/v2\/posts\/2487","targetHints":{"allow":["GET"]}}],"collection":[{"href":"https:\/\/vamosporlaliberacion.org\/crpmlm\/wp-json\/wp\/v2\/posts"}],"about":[{"href":"https:\/\/vamosporlaliberacion.org\/crpmlm\/wp-json\/wp\/v2\/types\/post"}],"author":[{"embeddable":true,"href":"https:\/\/vamosporlaliberacion.org\/crpmlm\/wp-json\/wp\/v2\/users\/6"}],"replies":[{"embeddable":true,"href":"https:\/\/vamosporlaliberacion.org\/crpmlm\/wp-json\/wp\/v2\/comments?post=2487"}],"version-history":[{"count":0,"href":"https:\/\/vamosporlaliberacion.org\/crpmlm\/wp-json\/wp\/v2\/posts\/2487\/revisions"}],"wp:attachment":[{"href":"https:\/\/vamosporlaliberacion.org\/crpmlm\/wp-json\/wp\/v2\/media?parent=2487"}],"wp:term":[{"taxonomy":"category","embeddable":true,"href":"https:\/\/vamosporlaliberacion.org\/crpmlm\/wp-json\/wp\/v2\/categories?post=2487"},{"taxonomy":"post_tag","embeddable":true,"href":"https:\/\/vamosporlaliberacion.org\/crpmlm\/wp-json\/wp\/v2\/tags?post=2487"}],"curies":[{"name":"wp","href":"https:\/\/api.w.org\/{rel}","templated":true}]}}