{"id":24737,"date":"2021-12-02T14:36:23","date_gmt":"2021-12-02T17:36:23","guid":{"rendered":"http:\/\/vamosporlaliberacion.org\/crpmlm\/?p=24737"},"modified":"2021-12-02T14:36:31","modified_gmt":"2021-12-02T17:36:31","slug":"operativo-aprender-2021-u-operativo-de-evaluacion-meritocratica-2021","status":"publish","type":"post","link":"https:\/\/vamosporlaliberacion.org\/crpmlm\/operativo-aprender-2021-u-operativo-de-evaluacion-meritocratica-2021\/","title":{"rendered":"Operativo Aprender 2021 u \u00bfOperativo de Evaluaci\u00f3n Meritocr\u00e1tica 2021?"},"content":{"rendered":"\n<h4 class=\"wp-block-heading\">C<strong>ompartimos el Informe del Centro de Formaci\u00f3n y Estudios Pedag\u00f3gicos CeFEP Sim\u00f3n Rodr\u00edguez<\/strong>, del Sindicato Unificado de Trabajadores de la Educaci\u00f3n Fueguina (SUTEF).<\/h4>\n\n\n\n<p>Nuevamente asistimos, como cada a\u00f1o, a la medici\u00f3n del Sistema Educativo Argentino,\u00a0donde la perspectiva del progresismo y del m\u00e9rito por acumulaci\u00f3n se traduce en decisiones de pol\u00edticas educativas y de financiamiento del sistema.<\/p>\n\n\n\n<p><strong>\u00bfPor qu\u00e9 hablar de m\u00e9rito por acumulaci\u00f3n?<\/strong><\/p>\n\n\n\n<p>Porque a partir del desempe\u00f1o de les estudiantes y de las mediciones sumativas que se obtienen a partir de sus resultados se determinan conclusiones sobre las formas de ense\u00f1anza y se establecen los rankings de escuelas y&nbsp;de jurisdicciones. Es peligroso que los N\u00facleos de Aprendizajes Prioritarios (N.A.P.) como piso pedag\u00f3gico para pensar y dise\u00f1ar Dise\u00f1os Curriculares Jurisdiccionales sean usados para prescribir una evaluaci\u00f3n estandarizada que toma con ingenuidad conceptual a los N.A.P. como de bajada directa en la ense\u00f1anza, lo cual ser\u00eda una visi\u00f3n de car\u00e1cter un\u00edvoco, lineal y jer\u00e1rquico. Entonces, \u00bfpara qu\u00e9 elaborar Dise\u00f1os Curriculares Jurisdiccionales?<\/p>\n\n\n\n<p>El Operativo Aprender 2021 utiliza a los N.A.P. como un criterio de justicia evaluativa frente a una diversidad de Dise\u00f1os Jurisdiccionales y principalmente sobre las diferentes y comprensibles formas de ense\u00f1anza, pero la mascarada termina cuando utilizan a los mismos como piso homegeneizante, como est\u00e1ndar que arrasa lo .diverso de cada provincia.<\/p>\n\n\n\n<p>El peso del desempe\u00f1o meritorio que se asigna a les estudiantes para leer al Sistema Educativo es inoportuno e irrespetuoso, cuando&nbsp; a trav\u00e9s de elles se intenta mirar los efectos de las decisiones de las pol\u00edticas educativas. Esto se traduce en lo siguiente: si los resultados son positivos son por efecto de las buenas pol\u00edticas ministeriales, pero si los resultados son adversos ser\u00e1n por las deficientes formaciones de los docentes o de los procesos de aislamiento de la pandemia.<\/p>\n\n\n\n<p><strong>\u00bfOperativos Aprender o Censos Educativos?<\/strong><\/p>\n\n\n\n<p>Las pol\u00edticas educativas Ministeriales deber\u00edan de una vez por todas realizar trabajos estad\u00edsticos con car\u00e1cter censal, y por ello, m\u00e1s integrales, les estudiantes son&nbsp; unes actores del sistema educativo,&nbsp; \u00bfpero deben asumir que a trav\u00e9s de elles se analice el sistema educativo?, \u00bfy les docentes?, \u00bfy les administratives docentes?, \u00bfy la infraestructura escolar?, \u00bfy los recursos materiales?, entre variados estructurantes del sistema educativo.<\/p>\n\n\n\n<p><strong>Raz\u00f3n \u00e9tica del Operativo Aprender 2021<\/strong><\/p>\n\n\n\n<p>El Operativo Aprender 2021 expone una raz\u00f3n \u00e9tica, <em>\u201c\u2026 que todos\/as los\/as estudiantes se encuentren en igualdad de condiciones a la hora de rendir\u201d<\/em>, \u00bfqu\u00e9 condiciones ser\u00edan?, \u00bflas materiales?, \u00bflas simb\u00f3licas?, \u00bftodas?, \u00bfc\u00f3mo el Estado Argentino a trav\u00e9s de sus gobernantes y administradores garantiza estas condiciones?<\/p>\n\n\n\n<p>\u00bfD\u00f3nde estar\u00eda lo \u00e9tico?, \u00bfqu\u00e9 interpretaci\u00f3n le dan a establecer la igualdad de condiciones a la hora de rendir?, \u00bfestar en un aula con el mismo material en tiempo simult\u00e1neo y la presi\u00f3n examinadora? Esas condiciones solo remiten a la imagen de un sistema de evaluaci\u00f3n vetusto de inicio de los Sistemas Educativos Nacionales que solo destacan los errores y ofrecen justificativo para promover acreencias con el Banco Mundial para importantes reformas que poco impactan en la mejora del sistema; pero s\u00ed en las arcas de qui\u00e9nes administran esos fondos. Estamos en un contexto social donde la pandemia del COVID-19 oblig\u00f3 a decretar procesos de aislamientos y distanciamiento social que impactaron en las trayectorias escolares en condiciones de vulnerabilidad y las llevaron a procesos de abandonos intermitentes, profundizando las&nbsp; escolaridades de baja intensidad y con marcadas&nbsp; incidencias negativas en los aprendizajes y el Estado Argentino se propone realizar un \u201cOperativo de Evaluaci\u00f3n Estandarizada\u201d.<\/p>\n\n\n\n<p>Pero adem\u00e1s, la raz\u00f3n \u00e9tica jerarquiza determinadas \u00e1reas, \u201cLengua y Matem\u00e1tica\u201d, \u00bfy las otras \u00e1reas?, \u00bfquedan como otras?, \u00bfen car\u00e1cter complementario? Y agregan el criterio de <em>\u201c\u2026 conocer el grado de dominio que loas\/los estudiantes tienen sobre&nbsp; un recorte espec\u00edfico de contenidos y de capacidades cognitivas\u201d<\/em>, esto da cuenta de la ponderaci\u00f3n hegem\u00f3nica de determinadas disciplinas como de capacidades, y se\u00f1alan expl\u00edcitamente que le interesa a quienes gobiernan, marcan donde poner el acento en la ense\u00f1anza aunque se digan otras cosas pol\u00edticamente correctas en otros momentos del ciclo lectivo, porque hoy la&nbsp; Estad\u00edstica manda y propone otra agenda.&nbsp;<\/p>\n<!-- AddThis Advanced Settings generic via filter on the_content --><!-- AddThis Share Buttons generic via filter on the_content -->","protected":false},"excerpt":{"rendered":"<p>Compartimos el Informe del Centro de Formaci\u00f3n y Estudios Pedag\u00f3gicos CeFEP Sim\u00f3n Rodr\u00edguez, del Sindicato Unificado de Trabajadores de la Educaci\u00f3n Fueguina (SUTEF). Nuevamente asistimos, como cada a\u00f1o, a la medici\u00f3n del Sistema Educativo Argentino,\u00a0donde la perspectiva del progresismo y del m\u00e9rito por acumulaci\u00f3n se traduce en decisiones de pol\u00edticas educativas y de financiamiento del [&hellip;]<!-- AddThis Advanced Settings generic via filter on get_the_excerpt --><!-- AddThis Share Buttons generic via filter on get_the_excerpt --><\/p>\n","protected":false},"author":9,"featured_media":24738,"comment_status":"open","ping_status":"open","sticky":false,"template":"","format":"standard","meta":{"_jetpack_memberships_contains_paid_content":false,"footnotes":""},"categories":[1932],"tags":[],"class_list":{"0":"post-24737","1":"post","2":"type-post","3":"status-publish","4":"format-standard","5":"has-post-thumbnail","7":"category-educacion"},"yoast_head":"<!-- This site is optimized with the Yoast SEO plugin v27.4 - https:\/\/yoast.com\/product\/yoast-seo-wordpress\/ -->\n<title>Operativo Aprender 2021 u \u00bfOperativo de Evaluaci\u00f3n Meritocr\u00e1tica 2021? - Vamos por la Liberaci\u00f3n<\/title>\n<meta name=\"description\" content=\"Compartimos el Informe del Centro de Formaci\u00f3n y Estudios Pedag\u00f3gicos CeFEP Sim\u00f3n Rodr\u00edguez, del Sindicato Unificado de Trabajadores de la Educaci\u00f3n Fueguina (SUTEF).\" \/>\n<meta name=\"robots\" content=\"index, follow, max-snippet:-1, max-image-preview:large, max-video-preview:-1\" \/>\n<link rel=\"canonical\" href=\"http:\/\/vamosporlaliberacion.org\/crpmlm\/operativo-aprender-2021-u-operativo-de-evaluacion-meritocratica-2021\/\" \/>\n<meta name=\"twitter:label1\" content=\"Escrito por\" \/>\n\t<meta name=\"twitter:data1\" content=\"Prensa Vamos\" \/>\n\t<meta name=\"twitter:label2\" content=\"Tiempo de lectura\" \/>\n\t<meta name=\"twitter:data2\" content=\"3 minutos\" \/>\n<script type=\"application\/ld+json\" class=\"yoast-schema-graph\">{\"@context\":\"https:\\\/\\\/schema.org\",\"@graph\":[{\"@type\":\"Article\",\"@id\":\"http:\\\/\\\/vamosporlaliberacion.org\\\/crpmlm\\\/operativo-aprender-2021-u-operativo-de-evaluacion-meritocratica-2021\\\/#article\",\"isPartOf\":{\"@id\":\"http:\\\/\\\/vamosporlaliberacion.org\\\/crpmlm\\\/operativo-aprender-2021-u-operativo-de-evaluacion-meritocratica-2021\\\/\"},\"author\":{\"name\":\"Prensa Vamos\",\"@id\":\"https:\\\/\\\/vamosporlaliberacion.org\\\/crpmlm\\\/#\\\/schema\\\/person\\\/ebdbd4bf0e9418b9f0c0a93395366b2f\"},\"headline\":\"Operativo Aprender 2021 u \u00bfOperativo de Evaluaci\u00f3n Meritocr\u00e1tica 2021?\",\"datePublished\":\"2021-12-02T17:36:23+00:00\",\"dateModified\":\"2021-12-02T17:36:31+00:00\",\"mainEntityOfPage\":{\"@id\":\"http:\\\/\\\/vamosporlaliberacion.org\\\/crpmlm\\\/operativo-aprender-2021-u-operativo-de-evaluacion-meritocratica-2021\\\/\"},\"wordCount\":752,\"commentCount\":0,\"image\":{\"@id\":\"http:\\\/\\\/vamosporlaliberacion.org\\\/crpmlm\\\/operativo-aprender-2021-u-operativo-de-evaluacion-meritocratica-2021\\\/#primaryimage\"},\"thumbnailUrl\":\"https:\\\/\\\/i0.wp.com\\\/vamosporlaliberacion.org\\\/crpmlm\\\/wp-content\\\/uploads\\\/2021\\\/12\\\/sutef2.png?fit=696%2C364&ssl=1\",\"articleSection\":[\"Educaci\u00f3n\"],\"inLanguage\":\"es\",\"potentialAction\":[{\"@type\":\"CommentAction\",\"name\":\"Comment\",\"target\":[\"http:\\\/\\\/vamosporlaliberacion.org\\\/crpmlm\\\/operativo-aprender-2021-u-operativo-de-evaluacion-meritocratica-2021\\\/#respond\"]}]},{\"@type\":\"WebPage\",\"@id\":\"http:\\\/\\\/vamosporlaliberacion.org\\\/crpmlm\\\/operativo-aprender-2021-u-operativo-de-evaluacion-meritocratica-2021\\\/\",\"url\":\"http:\\\/\\\/vamosporlaliberacion.org\\\/crpmlm\\\/operativo-aprender-2021-u-operativo-de-evaluacion-meritocratica-2021\\\/\",\"name\":\"Operativo Aprender 2021 u \u00bfOperativo de Evaluaci\u00f3n Meritocr\u00e1tica 2021? - Vamos por la Liberaci\u00f3n\",\"isPartOf\":{\"@id\":\"https:\\\/\\\/vamosporlaliberacion.org\\\/crpmlm\\\/#website\"},\"primaryImageOfPage\":{\"@id\":\"http:\\\/\\\/vamosporlaliberacion.org\\\/crpmlm\\\/operativo-aprender-2021-u-operativo-de-evaluacion-meritocratica-2021\\\/#primaryimage\"},\"image\":{\"@id\":\"http:\\\/\\\/vamosporlaliberacion.org\\\/crpmlm\\\/operativo-aprender-2021-u-operativo-de-evaluacion-meritocratica-2021\\\/#primaryimage\"},\"thumbnailUrl\":\"https:\\\/\\\/i0.wp.com\\\/vamosporlaliberacion.org\\\/crpmlm\\\/wp-content\\\/uploads\\\/2021\\\/12\\\/sutef2.png?fit=696%2C364&ssl=1\",\"datePublished\":\"2021-12-02T17:36:23+00:00\",\"dateModified\":\"2021-12-02T17:36:31+00:00\",\"author\":{\"@id\":\"https:\\\/\\\/vamosporlaliberacion.org\\\/crpmlm\\\/#\\\/schema\\\/person\\\/ebdbd4bf0e9418b9f0c0a93395366b2f\"},\"description\":\"Compartimos el Informe del Centro de Formaci\u00f3n y Estudios Pedag\u00f3gicos CeFEP Sim\u00f3n Rodr\u00edguez, del Sindicato Unificado de Trabajadores de la Educaci\u00f3n Fueguina (SUTEF).\",\"breadcrumb\":{\"@id\":\"http:\\\/\\\/vamosporlaliberacion.org\\\/crpmlm\\\/operativo-aprender-2021-u-operativo-de-evaluacion-meritocratica-2021\\\/#breadcrumb\"},\"inLanguage\":\"es\",\"potentialAction\":[{\"@type\":\"ReadAction\",\"target\":[\"http:\\\/\\\/vamosporlaliberacion.org\\\/crpmlm\\\/operativo-aprender-2021-u-operativo-de-evaluacion-meritocratica-2021\\\/\"]}]},{\"@type\":\"ImageObject\",\"inLanguage\":\"es\",\"@id\":\"http:\\\/\\\/vamosporlaliberacion.org\\\/crpmlm\\\/operativo-aprender-2021-u-operativo-de-evaluacion-meritocratica-2021\\\/#primaryimage\",\"url\":\"https:\\\/\\\/i0.wp.com\\\/vamosporlaliberacion.org\\\/crpmlm\\\/wp-content\\\/uploads\\\/2021\\\/12\\\/sutef2.png?fit=696%2C364&ssl=1\",\"contentUrl\":\"https:\\\/\\\/i0.wp.com\\\/vamosporlaliberacion.org\\\/crpmlm\\\/wp-content\\\/uploads\\\/2021\\\/12\\\/sutef2.png?fit=696%2C364&ssl=1\",\"width\":696,\"height\":364},{\"@type\":\"BreadcrumbList\",\"@id\":\"http:\\\/\\\/vamosporlaliberacion.org\\\/crpmlm\\\/operativo-aprender-2021-u-operativo-de-evaluacion-meritocratica-2021\\\/#breadcrumb\",\"itemListElement\":[{\"@type\":\"ListItem\",\"position\":1,\"name\":\"Portada\",\"item\":\"https:\\\/\\\/vamosporlaliberacion.org\\\/crpmlm\\\/\"},{\"@type\":\"ListItem\",\"position\":2,\"name\":\"Operativo Aprender 2021 u \u00bfOperativo de Evaluaci\u00f3n Meritocr\u00e1tica 2021?\"}]},{\"@type\":\"WebSite\",\"@id\":\"https:\\\/\\\/vamosporlaliberacion.org\\\/crpmlm\\\/#website\",\"url\":\"https:\\\/\\\/vamosporlaliberacion.org\\\/crpmlm\\\/\",\"name\":\"Vamos por la Liberaci\u00f3n\",\"description\":\"Prensa CR\",\"potentialAction\":[{\"@type\":\"SearchAction\",\"target\":{\"@type\":\"EntryPoint\",\"urlTemplate\":\"https:\\\/\\\/vamosporlaliberacion.org\\\/crpmlm\\\/?s={search_term_string}\"},\"query-input\":{\"@type\":\"PropertyValueSpecification\",\"valueRequired\":true,\"valueName\":\"search_term_string\"}}],\"inLanguage\":\"es\"},{\"@type\":\"Person\",\"@id\":\"https:\\\/\\\/vamosporlaliberacion.org\\\/crpmlm\\\/#\\\/schema\\\/person\\\/ebdbd4bf0e9418b9f0c0a93395366b2f\",\"name\":\"Prensa Vamos\",\"sameAs\":[\"http:\\\/\\\/vamposporlaliberacion.org\"],\"url\":\"https:\\\/\\\/vamosporlaliberacion.org\\\/crpmlm\\\/author\\\/editor\\\/\"}]}<\/script>\n<!-- \/ Yoast SEO plugin. -->","yoast_head_json":{"title":"Operativo Aprender 2021 u \u00bfOperativo de Evaluaci\u00f3n Meritocr\u00e1tica 2021? - Vamos por la Liberaci\u00f3n","description":"Compartimos el Informe del Centro de Formaci\u00f3n y Estudios Pedag\u00f3gicos CeFEP Sim\u00f3n Rodr\u00edguez, del Sindicato Unificado de Trabajadores de la Educaci\u00f3n Fueguina (SUTEF).","robots":{"index":"index","follow":"follow","max-snippet":"max-snippet:-1","max-image-preview":"max-image-preview:large","max-video-preview":"max-video-preview:-1"},"canonical":"http:\/\/vamosporlaliberacion.org\/crpmlm\/operativo-aprender-2021-u-operativo-de-evaluacion-meritocratica-2021\/","twitter_misc":{"Escrito por":"Prensa Vamos","Tiempo de lectura":"3 minutos"},"schema":{"@context":"https:\/\/schema.org","@graph":[{"@type":"Article","@id":"http:\/\/vamosporlaliberacion.org\/crpmlm\/operativo-aprender-2021-u-operativo-de-evaluacion-meritocratica-2021\/#article","isPartOf":{"@id":"http:\/\/vamosporlaliberacion.org\/crpmlm\/operativo-aprender-2021-u-operativo-de-evaluacion-meritocratica-2021\/"},"author":{"name":"Prensa Vamos","@id":"https:\/\/vamosporlaliberacion.org\/crpmlm\/#\/schema\/person\/ebdbd4bf0e9418b9f0c0a93395366b2f"},"headline":"Operativo Aprender 2021 u \u00bfOperativo de Evaluaci\u00f3n Meritocr\u00e1tica 2021?","datePublished":"2021-12-02T17:36:23+00:00","dateModified":"2021-12-02T17:36:31+00:00","mainEntityOfPage":{"@id":"http:\/\/vamosporlaliberacion.org\/crpmlm\/operativo-aprender-2021-u-operativo-de-evaluacion-meritocratica-2021\/"},"wordCount":752,"commentCount":0,"image":{"@id":"http:\/\/vamosporlaliberacion.org\/crpmlm\/operativo-aprender-2021-u-operativo-de-evaluacion-meritocratica-2021\/#primaryimage"},"thumbnailUrl":"https:\/\/i0.wp.com\/vamosporlaliberacion.org\/crpmlm\/wp-content\/uploads\/2021\/12\/sutef2.png?fit=696%2C364&ssl=1","articleSection":["Educaci\u00f3n"],"inLanguage":"es","potentialAction":[{"@type":"CommentAction","name":"Comment","target":["http:\/\/vamosporlaliberacion.org\/crpmlm\/operativo-aprender-2021-u-operativo-de-evaluacion-meritocratica-2021\/#respond"]}]},{"@type":"WebPage","@id":"http:\/\/vamosporlaliberacion.org\/crpmlm\/operativo-aprender-2021-u-operativo-de-evaluacion-meritocratica-2021\/","url":"http:\/\/vamosporlaliberacion.org\/crpmlm\/operativo-aprender-2021-u-operativo-de-evaluacion-meritocratica-2021\/","name":"Operativo Aprender 2021 u \u00bfOperativo de Evaluaci\u00f3n Meritocr\u00e1tica 2021? - Vamos por la Liberaci\u00f3n","isPartOf":{"@id":"https:\/\/vamosporlaliberacion.org\/crpmlm\/#website"},"primaryImageOfPage":{"@id":"http:\/\/vamosporlaliberacion.org\/crpmlm\/operativo-aprender-2021-u-operativo-de-evaluacion-meritocratica-2021\/#primaryimage"},"image":{"@id":"http:\/\/vamosporlaliberacion.org\/crpmlm\/operativo-aprender-2021-u-operativo-de-evaluacion-meritocratica-2021\/#primaryimage"},"thumbnailUrl":"https:\/\/i0.wp.com\/vamosporlaliberacion.org\/crpmlm\/wp-content\/uploads\/2021\/12\/sutef2.png?fit=696%2C364&ssl=1","datePublished":"2021-12-02T17:36:23+00:00","dateModified":"2021-12-02T17:36:31+00:00","author":{"@id":"https:\/\/vamosporlaliberacion.org\/crpmlm\/#\/schema\/person\/ebdbd4bf0e9418b9f0c0a93395366b2f"},"description":"Compartimos el Informe del Centro de Formaci\u00f3n y Estudios Pedag\u00f3gicos CeFEP Sim\u00f3n Rodr\u00edguez, del Sindicato Unificado de Trabajadores de la Educaci\u00f3n Fueguina (SUTEF).","breadcrumb":{"@id":"http:\/\/vamosporlaliberacion.org\/crpmlm\/operativo-aprender-2021-u-operativo-de-evaluacion-meritocratica-2021\/#breadcrumb"},"inLanguage":"es","potentialAction":[{"@type":"ReadAction","target":["http:\/\/vamosporlaliberacion.org\/crpmlm\/operativo-aprender-2021-u-operativo-de-evaluacion-meritocratica-2021\/"]}]},{"@type":"ImageObject","inLanguage":"es","@id":"http:\/\/vamosporlaliberacion.org\/crpmlm\/operativo-aprender-2021-u-operativo-de-evaluacion-meritocratica-2021\/#primaryimage","url":"https:\/\/i0.wp.com\/vamosporlaliberacion.org\/crpmlm\/wp-content\/uploads\/2021\/12\/sutef2.png?fit=696%2C364&ssl=1","contentUrl":"https:\/\/i0.wp.com\/vamosporlaliberacion.org\/crpmlm\/wp-content\/uploads\/2021\/12\/sutef2.png?fit=696%2C364&ssl=1","width":696,"height":364},{"@type":"BreadcrumbList","@id":"http:\/\/vamosporlaliberacion.org\/crpmlm\/operativo-aprender-2021-u-operativo-de-evaluacion-meritocratica-2021\/#breadcrumb","itemListElement":[{"@type":"ListItem","position":1,"name":"Portada","item":"https:\/\/vamosporlaliberacion.org\/crpmlm\/"},{"@type":"ListItem","position":2,"name":"Operativo Aprender 2021 u \u00bfOperativo de Evaluaci\u00f3n Meritocr\u00e1tica 2021?"}]},{"@type":"WebSite","@id":"https:\/\/vamosporlaliberacion.org\/crpmlm\/#website","url":"https:\/\/vamosporlaliberacion.org\/crpmlm\/","name":"Vamos por la Liberaci\u00f3n","description":"Prensa CR","potentialAction":[{"@type":"SearchAction","target":{"@type":"EntryPoint","urlTemplate":"https:\/\/vamosporlaliberacion.org\/crpmlm\/?s={search_term_string}"},"query-input":{"@type":"PropertyValueSpecification","valueRequired":true,"valueName":"search_term_string"}}],"inLanguage":"es"},{"@type":"Person","@id":"https:\/\/vamosporlaliberacion.org\/crpmlm\/#\/schema\/person\/ebdbd4bf0e9418b9f0c0a93395366b2f","name":"Prensa Vamos","sameAs":["http:\/\/vamposporlaliberacion.org"],"url":"https:\/\/vamosporlaliberacion.org\/crpmlm\/author\/editor\/"}]}},"jetpack_featured_media_url":"https:\/\/i0.wp.com\/vamosporlaliberacion.org\/crpmlm\/wp-content\/uploads\/2021\/12\/sutef2.png?fit=696%2C364&ssl=1","jetpack_sharing_enabled":true,"_links":{"self":[{"href":"https:\/\/vamosporlaliberacion.org\/crpmlm\/wp-json\/wp\/v2\/posts\/24737","targetHints":{"allow":["GET"]}}],"collection":[{"href":"https:\/\/vamosporlaliberacion.org\/crpmlm\/wp-json\/wp\/v2\/posts"}],"about":[{"href":"https:\/\/vamosporlaliberacion.org\/crpmlm\/wp-json\/wp\/v2\/types\/post"}],"author":[{"embeddable":true,"href":"https:\/\/vamosporlaliberacion.org\/crpmlm\/wp-json\/wp\/v2\/users\/9"}],"replies":[{"embeddable":true,"href":"https:\/\/vamosporlaliberacion.org\/crpmlm\/wp-json\/wp\/v2\/comments?post=24737"}],"version-history":[{"count":1,"href":"https:\/\/vamosporlaliberacion.org\/crpmlm\/wp-json\/wp\/v2\/posts\/24737\/revisions"}],"predecessor-version":[{"id":24739,"href":"https:\/\/vamosporlaliberacion.org\/crpmlm\/wp-json\/wp\/v2\/posts\/24737\/revisions\/24739"}],"wp:featuredmedia":[{"embeddable":true,"href":"https:\/\/vamosporlaliberacion.org\/crpmlm\/wp-json\/wp\/v2\/media\/24738"}],"wp:attachment":[{"href":"https:\/\/vamosporlaliberacion.org\/crpmlm\/wp-json\/wp\/v2\/media?parent=24737"}],"wp:term":[{"taxonomy":"category","embeddable":true,"href":"https:\/\/vamosporlaliberacion.org\/crpmlm\/wp-json\/wp\/v2\/categories?post=24737"},{"taxonomy":"post_tag","embeddable":true,"href":"https:\/\/vamosporlaliberacion.org\/crpmlm\/wp-json\/wp\/v2\/tags?post=24737"}],"curies":[{"name":"wp","href":"https:\/\/api.w.org\/{rel}","templated":true}]}}