{"id":24591,"date":"2021-10-28T19:36:47","date_gmt":"2021-10-28T22:36:47","guid":{"rendered":"http:\/\/vamosporlaliberacion.org\/crpmlm\/?p=24591"},"modified":"2021-11-05T17:51:29","modified_gmt":"2021-11-05T20:51:29","slug":"luis-marquez-presente-2","status":"publish","type":"post","link":"https:\/\/vamosporlaliberacion.org\/crpmlm\/luis-marquez-presente-2\/","title":{"rendered":"Luis M\u00e1rquez \u00a1Presente!"},"content":{"rendered":"\n<p>En la madrugada del 28 de octubre de 1975, Luis fue secuestrado de su casa en barrio Maldonado por un grupo de tareas de la polic\u00eda. Permaneci\u00f3 cautivo en el Centro Clandestino de Detenci\u00f3n, Tortura y Exterminio Departamento de Informaciones de la Polic\u00eda de C\u00f3rdoba (D2), a\u00fan contin\u00faa desaparecido.<br>Luis ten\u00eda 23 a\u00f1os, trabajaba en la automotriz Transax -en ese entonces filial de Ford, hoy Volkswagen- donde trabajaba su padre y donde hab\u00eda ingresado luego de estudiar en la escuela t\u00e9cnica Casafus. Estaba casado y ten\u00eda una hija. En 1972 particip\u00f3 de la fundaci\u00f3n de la JCR, fue miembro de su comit\u00e9 central y secretario del zonal de C\u00f3rdoba. Como parte de la corriente salamanquista en el SMATA C\u00f3rdoba hab\u00eda impulsado la l\u00ednea de unir la exigencia de reivindicaciones obreras a la denuncia y la lucha contra el golpe.<br>Aquel 28, ante el secuestro de Luis, la respuesta de lxs obrerxs fue ejemplar. Transax fue ocupada por lxs trabajadorxs el 28, 29 y 30 de octubre para exigir su aparici\u00f3n.<br>\ufffc<\/p>\n\n\n\n<p>El 29 de octubre se produjo un abandono masivo de las f\u00e1bricas IKA Renault, Transax y Thompson Ramco exigiendo la aparici\u00f3n con vida de Luis. \u00abEn la asamblea de Renault Santa Isabel los trabajadores condenaron en\u00e9rgicamente la violencia de todo tipo. Luego por resoluci\u00f3n de todas las asambleas, m\u00e1s de 5 mil trabajadores abandonaron sus lugares de trabajo en repudio a todos los actos de violencia que se abaten sobre C\u00f3rdoba y en particuar sobre la clase trabajadora. Los turnos vespertinos de las tres empresas (IKA Renault, Transax y Thompson Ramco) adoptaron la misma actitud. Una gruesa columna de obreros se dirigi\u00f3 a la sede sindical de SMATA donde volvi\u00f3 a repetirse en forma deconsignas la condena a las acciones terroristas quehan recrudecido en C\u00f3rdoba en las \u00faltimas semanas\u00bb, relatar\u00eda el diario La Opini\u00f3n del 30.<br>Luis M\u00e1rquez nunca apareci\u00f3. Pocos meses despu\u00e9s de su secuestro se ejecutaba el golpe. Lxs clasistas y lxs comunistas revolucionarixs, mantenemos en alto las banderas de Luis, y no pararemos hasta que haya castigo tanto para los responsables de los cr\u00edmenes de la Triple A, como para los cometidos por las bandas golpistas que prepararon el camino para el golpe de Estado del 24 de marzo, que instaur\u00f3 la dictadura terrorista m\u00e1s sangrienta que conoci\u00f3 nuestro pa\u00eds.<br>La semilla que sembr\u00f3 la generaci\u00f3n a la que Luis M\u00e1rquez pertenec\u00eda no pudo ser aniquilada y sigue latiendo en cada lucha por una reivindicaci\u00f3n o por justicia. Y lo seguir\u00e1 haciendo hasta una patria liberada, en una sociedad sin explotadores ni explotados.<\/p>\n\n\n\n<div class=\"wp-block-image\"><figure class=\"aligncenter size-large is-resized\"><img data-recalc-dims=\"1\" loading=\"lazy\" decoding=\"async\" src=\"https:\/\/i0.wp.com\/vamosporlaliberacion.org\/crpmlm\/wp-content\/uploads\/2021\/10\/Marquez1-567x700.jpeg?resize=500%2C617\" alt=\"\" class=\"wp-image-24593\" width=\"500\" height=\"617\" srcset=\"https:\/\/i0.wp.com\/vamosporlaliberacion.org\/crpmlm\/wp-content\/uploads\/2021\/10\/Marquez1.jpeg?resize=567%2C700&amp;ssl=1 567w, https:\/\/i0.wp.com\/vamosporlaliberacion.org\/crpmlm\/wp-content\/uploads\/2021\/10\/Marquez1.jpeg?resize=243%2C300&amp;ssl=1 243w, https:\/\/i0.wp.com\/vamosporlaliberacion.org\/crpmlm\/wp-content\/uploads\/2021\/10\/Marquez1.jpeg?resize=768%2C949&amp;ssl=1 768w, https:\/\/i0.wp.com\/vamosporlaliberacion.org\/crpmlm\/wp-content\/uploads\/2021\/10\/Marquez1.jpeg?resize=150%2C185&amp;ssl=1 150w, https:\/\/i0.wp.com\/vamosporlaliberacion.org\/crpmlm\/wp-content\/uploads\/2021\/10\/Marquez1.jpeg?resize=300%2C371&amp;ssl=1 300w, https:\/\/i0.wp.com\/vamosporlaliberacion.org\/crpmlm\/wp-content\/uploads\/2021\/10\/Marquez1.jpeg?resize=324%2C400&amp;ssl=1 324w, https:\/\/i0.wp.com\/vamosporlaliberacion.org\/crpmlm\/wp-content\/uploads\/2021\/10\/Marquez1.jpeg?resize=696%2C860&amp;ssl=1 696w, https:\/\/i0.wp.com\/vamosporlaliberacion.org\/crpmlm\/wp-content\/uploads\/2021\/10\/Marquez1.jpeg?resize=340%2C420&amp;ssl=1 340w, https:\/\/i0.wp.com\/vamosporlaliberacion.org\/crpmlm\/wp-content\/uploads\/2021\/10\/Marquez1.jpeg?w=829&amp;ssl=1 829w\" sizes=\"auto, (max-width: 500px) 100vw, 500px\" \/><\/figure><\/div>\n<!-- AddThis Advanced Settings generic via filter on the_content --><!-- AddThis Share Buttons generic via filter on the_content -->","protected":false},"excerpt":{"rendered":"<p>En la madrugada del 28 de octubre de 1975, Luis fue secuestrado de su casa en barrio Maldonado por un grupo de tareas de la polic\u00eda. Permaneci\u00f3 cautivo en el Centro Clandestino de Detenci\u00f3n, Tortura y Exterminio Departamento de Informaciones de la Polic\u00eda de C\u00f3rdoba (D2), a\u00fan contin\u00faa desaparecido.Luis ten\u00eda 23 a\u00f1os, trabajaba en la [&hellip;]<!-- AddThis Advanced Settings generic via filter on get_the_excerpt --><!-- AddThis Share Buttons generic via filter on get_the_excerpt --><\/p>\n","protected":false},"author":9,"featured_media":24592,"comment_status":"open","ping_status":"open","sticky":false,"template":"","format":"standard","meta":{"_jetpack_memberships_contains_paid_content":false,"footnotes":""},"categories":[1853,1879],"tags":[],"class_list":{"0":"post-24591","1":"post","2":"type-post","3":"status-publish","4":"format-standard","5":"has-post-thumbnail","7":"category-historia","8":"category-nuestro-ejemplo"},"yoast_head":"<!-- This site is optimized with the Yoast SEO plugin v27.4 - https:\/\/yoast.com\/product\/yoast-seo-wordpress\/ -->\n<title>Luis M\u00e1rquez \u00a1Presente! - Vamos por la Liberaci\u00f3n<\/title>\n<meta name=\"robots\" content=\"index, follow, max-snippet:-1, max-image-preview:large, max-video-preview:-1\" \/>\n<link rel=\"canonical\" href=\"http:\/\/vamosporlaliberacion.org\/crpmlm\/luis-marquez-presente-2\/\" \/>\n<meta name=\"twitter:label1\" content=\"Escrito por\" \/>\n\t<meta name=\"twitter:data1\" content=\"Prensa Vamos\" \/>\n\t<meta name=\"twitter:label2\" content=\"Tiempo de lectura\" \/>\n\t<meta name=\"twitter:data2\" content=\"3 minutos\" \/>\n<script type=\"application\/ld+json\" class=\"yoast-schema-graph\">{\"@context\":\"https:\\\/\\\/schema.org\",\"@graph\":[{\"@type\":\"Article\",\"@id\":\"http:\\\/\\\/vamosporlaliberacion.org\\\/crpmlm\\\/luis-marquez-presente-2\\\/#article\",\"isPartOf\":{\"@id\":\"http:\\\/\\\/vamosporlaliberacion.org\\\/crpmlm\\\/luis-marquez-presente-2\\\/\"},\"author\":{\"name\":\"Prensa Vamos\",\"@id\":\"https:\\\/\\\/vamosporlaliberacion.org\\\/crpmlm\\\/#\\\/schema\\\/person\\\/ebdbd4bf0e9418b9f0c0a93395366b2f\"},\"headline\":\"Luis M\u00e1rquez \u00a1Presente!\",\"datePublished\":\"2021-10-28T22:36:47+00:00\",\"dateModified\":\"2021-11-05T20:51:29+00:00\",\"mainEntityOfPage\":{\"@id\":\"http:\\\/\\\/vamosporlaliberacion.org\\\/crpmlm\\\/luis-marquez-presente-2\\\/\"},\"wordCount\":453,\"commentCount\":0,\"image\":{\"@id\":\"http:\\\/\\\/vamosporlaliberacion.org\\\/crpmlm\\\/luis-marquez-presente-2\\\/#primaryimage\"},\"thumbnailUrl\":\"https:\\\/\\\/i0.wp.com\\\/vamosporlaliberacion.org\\\/crpmlm\\\/wp-content\\\/uploads\\\/2021\\\/10\\\/Marquez2.jpeg?fit=900%2C563&ssl=1\",\"articleSection\":[\"Historia \\\/ Teor\u00eda\",\"Nuestro ejemplo\"],\"inLanguage\":\"es\",\"potentialAction\":[{\"@type\":\"CommentAction\",\"name\":\"Comment\",\"target\":[\"http:\\\/\\\/vamosporlaliberacion.org\\\/crpmlm\\\/luis-marquez-presente-2\\\/#respond\"]}]},{\"@type\":\"WebPage\",\"@id\":\"http:\\\/\\\/vamosporlaliberacion.org\\\/crpmlm\\\/luis-marquez-presente-2\\\/\",\"url\":\"http:\\\/\\\/vamosporlaliberacion.org\\\/crpmlm\\\/luis-marquez-presente-2\\\/\",\"name\":\"Luis M\u00e1rquez \u00a1Presente! - Vamos por la Liberaci\u00f3n\",\"isPartOf\":{\"@id\":\"https:\\\/\\\/vamosporlaliberacion.org\\\/crpmlm\\\/#website\"},\"primaryImageOfPage\":{\"@id\":\"http:\\\/\\\/vamosporlaliberacion.org\\\/crpmlm\\\/luis-marquez-presente-2\\\/#primaryimage\"},\"image\":{\"@id\":\"http:\\\/\\\/vamosporlaliberacion.org\\\/crpmlm\\\/luis-marquez-presente-2\\\/#primaryimage\"},\"thumbnailUrl\":\"https:\\\/\\\/i0.wp.com\\\/vamosporlaliberacion.org\\\/crpmlm\\\/wp-content\\\/uploads\\\/2021\\\/10\\\/Marquez2.jpeg?fit=900%2C563&ssl=1\",\"datePublished\":\"2021-10-28T22:36:47+00:00\",\"dateModified\":\"2021-11-05T20:51:29+00:00\",\"author\":{\"@id\":\"https:\\\/\\\/vamosporlaliberacion.org\\\/crpmlm\\\/#\\\/schema\\\/person\\\/ebdbd4bf0e9418b9f0c0a93395366b2f\"},\"breadcrumb\":{\"@id\":\"http:\\\/\\\/vamosporlaliberacion.org\\\/crpmlm\\\/luis-marquez-presente-2\\\/#breadcrumb\"},\"inLanguage\":\"es\",\"potentialAction\":[{\"@type\":\"ReadAction\",\"target\":[\"http:\\\/\\\/vamosporlaliberacion.org\\\/crpmlm\\\/luis-marquez-presente-2\\\/\"]}]},{\"@type\":\"ImageObject\",\"inLanguage\":\"es\",\"@id\":\"http:\\\/\\\/vamosporlaliberacion.org\\\/crpmlm\\\/luis-marquez-presente-2\\\/#primaryimage\",\"url\":\"https:\\\/\\\/i0.wp.com\\\/vamosporlaliberacion.org\\\/crpmlm\\\/wp-content\\\/uploads\\\/2021\\\/10\\\/Marquez2.jpeg?fit=900%2C563&ssl=1\",\"contentUrl\":\"https:\\\/\\\/i0.wp.com\\\/vamosporlaliberacion.org\\\/crpmlm\\\/wp-content\\\/uploads\\\/2021\\\/10\\\/Marquez2.jpeg?fit=900%2C563&ssl=1\",\"width\":900,\"height\":563},{\"@type\":\"BreadcrumbList\",\"@id\":\"http:\\\/\\\/vamosporlaliberacion.org\\\/crpmlm\\\/luis-marquez-presente-2\\\/#breadcrumb\",\"itemListElement\":[{\"@type\":\"ListItem\",\"position\":1,\"name\":\"Portada\",\"item\":\"https:\\\/\\\/vamosporlaliberacion.org\\\/crpmlm\\\/\"},{\"@type\":\"ListItem\",\"position\":2,\"name\":\"Luis M\u00e1rquez \u00a1Presente!\"}]},{\"@type\":\"WebSite\",\"@id\":\"https:\\\/\\\/vamosporlaliberacion.org\\\/crpmlm\\\/#website\",\"url\":\"https:\\\/\\\/vamosporlaliberacion.org\\\/crpmlm\\\/\",\"name\":\"Vamos por la Liberaci\u00f3n\",\"description\":\"Prensa CR\",\"potentialAction\":[{\"@type\":\"SearchAction\",\"target\":{\"@type\":\"EntryPoint\",\"urlTemplate\":\"https:\\\/\\\/vamosporlaliberacion.org\\\/crpmlm\\\/?s={search_term_string}\"},\"query-input\":{\"@type\":\"PropertyValueSpecification\",\"valueRequired\":true,\"valueName\":\"search_term_string\"}}],\"inLanguage\":\"es\"},{\"@type\":\"Person\",\"@id\":\"https:\\\/\\\/vamosporlaliberacion.org\\\/crpmlm\\\/#\\\/schema\\\/person\\\/ebdbd4bf0e9418b9f0c0a93395366b2f\",\"name\":\"Prensa Vamos\",\"sameAs\":[\"http:\\\/\\\/vamposporlaliberacion.org\"],\"url\":\"https:\\\/\\\/vamosporlaliberacion.org\\\/crpmlm\\\/author\\\/editor\\\/\"}]}<\/script>\n<!-- \/ Yoast SEO plugin. -->","yoast_head_json":{"title":"Luis M\u00e1rquez \u00a1Presente! - Vamos por la Liberaci\u00f3n","robots":{"index":"index","follow":"follow","max-snippet":"max-snippet:-1","max-image-preview":"max-image-preview:large","max-video-preview":"max-video-preview:-1"},"canonical":"http:\/\/vamosporlaliberacion.org\/crpmlm\/luis-marquez-presente-2\/","twitter_misc":{"Escrito por":"Prensa Vamos","Tiempo de lectura":"3 minutos"},"schema":{"@context":"https:\/\/schema.org","@graph":[{"@type":"Article","@id":"http:\/\/vamosporlaliberacion.org\/crpmlm\/luis-marquez-presente-2\/#article","isPartOf":{"@id":"http:\/\/vamosporlaliberacion.org\/crpmlm\/luis-marquez-presente-2\/"},"author":{"name":"Prensa Vamos","@id":"https:\/\/vamosporlaliberacion.org\/crpmlm\/#\/schema\/person\/ebdbd4bf0e9418b9f0c0a93395366b2f"},"headline":"Luis M\u00e1rquez \u00a1Presente!","datePublished":"2021-10-28T22:36:47+00:00","dateModified":"2021-11-05T20:51:29+00:00","mainEntityOfPage":{"@id":"http:\/\/vamosporlaliberacion.org\/crpmlm\/luis-marquez-presente-2\/"},"wordCount":453,"commentCount":0,"image":{"@id":"http:\/\/vamosporlaliberacion.org\/crpmlm\/luis-marquez-presente-2\/#primaryimage"},"thumbnailUrl":"https:\/\/i0.wp.com\/vamosporlaliberacion.org\/crpmlm\/wp-content\/uploads\/2021\/10\/Marquez2.jpeg?fit=900%2C563&ssl=1","articleSection":["Historia \/ Teor\u00eda","Nuestro ejemplo"],"inLanguage":"es","potentialAction":[{"@type":"CommentAction","name":"Comment","target":["http:\/\/vamosporlaliberacion.org\/crpmlm\/luis-marquez-presente-2\/#respond"]}]},{"@type":"WebPage","@id":"http:\/\/vamosporlaliberacion.org\/crpmlm\/luis-marquez-presente-2\/","url":"http:\/\/vamosporlaliberacion.org\/crpmlm\/luis-marquez-presente-2\/","name":"Luis M\u00e1rquez \u00a1Presente! - Vamos por la Liberaci\u00f3n","isPartOf":{"@id":"https:\/\/vamosporlaliberacion.org\/crpmlm\/#website"},"primaryImageOfPage":{"@id":"http:\/\/vamosporlaliberacion.org\/crpmlm\/luis-marquez-presente-2\/#primaryimage"},"image":{"@id":"http:\/\/vamosporlaliberacion.org\/crpmlm\/luis-marquez-presente-2\/#primaryimage"},"thumbnailUrl":"https:\/\/i0.wp.com\/vamosporlaliberacion.org\/crpmlm\/wp-content\/uploads\/2021\/10\/Marquez2.jpeg?fit=900%2C563&ssl=1","datePublished":"2021-10-28T22:36:47+00:00","dateModified":"2021-11-05T20:51:29+00:00","author":{"@id":"https:\/\/vamosporlaliberacion.org\/crpmlm\/#\/schema\/person\/ebdbd4bf0e9418b9f0c0a93395366b2f"},"breadcrumb":{"@id":"http:\/\/vamosporlaliberacion.org\/crpmlm\/luis-marquez-presente-2\/#breadcrumb"},"inLanguage":"es","potentialAction":[{"@type":"ReadAction","target":["http:\/\/vamosporlaliberacion.org\/crpmlm\/luis-marquez-presente-2\/"]}]},{"@type":"ImageObject","inLanguage":"es","@id":"http:\/\/vamosporlaliberacion.org\/crpmlm\/luis-marquez-presente-2\/#primaryimage","url":"https:\/\/i0.wp.com\/vamosporlaliberacion.org\/crpmlm\/wp-content\/uploads\/2021\/10\/Marquez2.jpeg?fit=900%2C563&ssl=1","contentUrl":"https:\/\/i0.wp.com\/vamosporlaliberacion.org\/crpmlm\/wp-content\/uploads\/2021\/10\/Marquez2.jpeg?fit=900%2C563&ssl=1","width":900,"height":563},{"@type":"BreadcrumbList","@id":"http:\/\/vamosporlaliberacion.org\/crpmlm\/luis-marquez-presente-2\/#breadcrumb","itemListElement":[{"@type":"ListItem","position":1,"name":"Portada","item":"https:\/\/vamosporlaliberacion.org\/crpmlm\/"},{"@type":"ListItem","position":2,"name":"Luis M\u00e1rquez \u00a1Presente!"}]},{"@type":"WebSite","@id":"https:\/\/vamosporlaliberacion.org\/crpmlm\/#website","url":"https:\/\/vamosporlaliberacion.org\/crpmlm\/","name":"Vamos por la Liberaci\u00f3n","description":"Prensa CR","potentialAction":[{"@type":"SearchAction","target":{"@type":"EntryPoint","urlTemplate":"https:\/\/vamosporlaliberacion.org\/crpmlm\/?s={search_term_string}"},"query-input":{"@type":"PropertyValueSpecification","valueRequired":true,"valueName":"search_term_string"}}],"inLanguage":"es"},{"@type":"Person","@id":"https:\/\/vamosporlaliberacion.org\/crpmlm\/#\/schema\/person\/ebdbd4bf0e9418b9f0c0a93395366b2f","name":"Prensa Vamos","sameAs":["http:\/\/vamposporlaliberacion.org"],"url":"https:\/\/vamosporlaliberacion.org\/crpmlm\/author\/editor\/"}]}},"jetpack_featured_media_url":"https:\/\/i0.wp.com\/vamosporlaliberacion.org\/crpmlm\/wp-content\/uploads\/2021\/10\/Marquez2.jpeg?fit=900%2C563&ssl=1","jetpack_sharing_enabled":true,"_links":{"self":[{"href":"https:\/\/vamosporlaliberacion.org\/crpmlm\/wp-json\/wp\/v2\/posts\/24591","targetHints":{"allow":["GET"]}}],"collection":[{"href":"https:\/\/vamosporlaliberacion.org\/crpmlm\/wp-json\/wp\/v2\/posts"}],"about":[{"href":"https:\/\/vamosporlaliberacion.org\/crpmlm\/wp-json\/wp\/v2\/types\/post"}],"author":[{"embeddable":true,"href":"https:\/\/vamosporlaliberacion.org\/crpmlm\/wp-json\/wp\/v2\/users\/9"}],"replies":[{"embeddable":true,"href":"https:\/\/vamosporlaliberacion.org\/crpmlm\/wp-json\/wp\/v2\/comments?post=24591"}],"version-history":[{"count":1,"href":"https:\/\/vamosporlaliberacion.org\/crpmlm\/wp-json\/wp\/v2\/posts\/24591\/revisions"}],"predecessor-version":[{"id":24594,"href":"https:\/\/vamosporlaliberacion.org\/crpmlm\/wp-json\/wp\/v2\/posts\/24591\/revisions\/24594"}],"wp:featuredmedia":[{"embeddable":true,"href":"https:\/\/vamosporlaliberacion.org\/crpmlm\/wp-json\/wp\/v2\/media\/24592"}],"wp:attachment":[{"href":"https:\/\/vamosporlaliberacion.org\/crpmlm\/wp-json\/wp\/v2\/media?parent=24591"}],"wp:term":[{"taxonomy":"category","embeddable":true,"href":"https:\/\/vamosporlaliberacion.org\/crpmlm\/wp-json\/wp\/v2\/categories?post=24591"},{"taxonomy":"post_tag","embeddable":true,"href":"https:\/\/vamosporlaliberacion.org\/crpmlm\/wp-json\/wp\/v2\/tags?post=24591"}],"curies":[{"name":"wp","href":"https:\/\/api.w.org\/{rel}","templated":true}]}}