{"id":24312,"date":"2021-08-27T14:44:35","date_gmt":"2021-08-27T17:44:35","guid":{"rendered":"http:\/\/vamosporlaliberacion.org\/crpmlm\/?p=24312"},"modified":"2021-08-27T22:46:55","modified_gmt":"2021-08-28T01:46:55","slug":"kuna-mbarete-inaugura-su-local-un-espacio-donde-ayudar-a-otras-mujeres","status":"publish","type":"post","link":"https:\/\/vamosporlaliberacion.org\/crpmlm\/kuna-mbarete-inaugura-su-local-un-espacio-donde-ayudar-a-otras-mujeres\/","title":{"rendered":"Ku\u00f1\u00e1 Mbarete inaugura su local: \u00abUn espacio donde ayudar a otras mujeres\u00bb"},"content":{"rendered":"\n<p>El lunes 28 de agosto en Montecarlo, Misiones, la agrupaci\u00f3n Ku\u00f1\u00e1 Mbarete (mujeres fuertes en guaran\u00ed) inaugur\u00f3 su nuevo local en el centro de la ciudad.<\/p>\n\n\n\n<p>\u00abUn espacio donde poder ayudar a otras mujeres que lo necesiten\u2026 para venir a compartir con las compa\u00f1eras y luchar con ellas\u00bb han afirmado las presentes en el evento virtual compartido con representantes de la agrupaci\u00f3n sindical Ren\u00e9 Salamanca y la Corriente Insurrecta- mujeres y disidencias.<\/p>\n\n\n\n<p>En la celebraci\u00f3n de esta apertura se han relatado las distintas luchas que las mujeres de Montecarlo llevan adelante, entre las que se destacan las movilizaciones para mejorar la situaci\u00f3n de precariedad que tiene el sistema de salud de la ciudad. En Montecarlo casi no hay m\u00e9dicos y las mujeres deben viajar 20 km hasta Eldorado para poder parir en condiciones y que un m\u00e9dico las atienda. Gracias a la lucha consiguieron una ambulancia y una sala de partos hace dos a\u00f1os, aunque con la pandemia no se pudo poner en funcionamiento.<\/p>\n\n\n\n<p>Refiri\u00e9ndose a las problem\u00e1ticas que atraviesan las mujeres de la zona, las compa\u00f1eras expusieron el d\u00eda a d\u00eda de las tareferas (trabajadoras rurales de la yerba), la situaci\u00f3n de explotaci\u00f3n que viven, con jornadas extenuantes e insalubres, habiendo tanto j\u00f3venes como ni\u00f1os y ni\u00f1as que dejan de ir a la escuela para trabajar por monedas en el yerbatal.<\/p>\n\n\n\n<p>Con mucha emoci\u00f3n las compa\u00f1eras presentes de distintos lugares del pa\u00eds dieron su saludo, compartieron palabras y felicitaciones en esta nueva etapa que comienzan Ku\u00f1\u00e1 Mbarete de Montecarlo, en la lucha por los derechos y reivindicaciones de las mujeres.<\/p>\n<!-- AddThis Advanced Settings generic via filter on the_content --><!-- AddThis Share Buttons generic via filter on the_content -->","protected":false},"excerpt":{"rendered":"<p>El lunes 28 de agosto en Montecarlo, Misiones, la agrupaci\u00f3n Ku\u00f1\u00e1 Mbarete (mujeres fuertes en guaran\u00ed) inaugur\u00f3 su nuevo local en el centro de la ciudad. \u00abUn espacio donde poder ayudar a otras mujeres que lo necesiten\u2026 para venir a compartir con las compa\u00f1eras y luchar con ellas\u00bb han afirmado las presentes en el evento [&hellip;]<!-- AddThis Advanced Settings generic via filter on get_the_excerpt --><!-- AddThis Share Buttons generic via filter on get_the_excerpt --><\/p>\n","protected":false},"author":9,"featured_media":24313,"comment_status":"open","ping_status":"open","sticky":false,"template":"","format":"standard","meta":{"_jetpack_memberships_contains_paid_content":false,"footnotes":""},"categories":[1875],"tags":[],"class_list":{"0":"post-24312","1":"post","2":"type-post","3":"status-publish","4":"format-standard","5":"has-post-thumbnail","7":"category-genero"},"yoast_head":"<!-- This site is optimized with the Yoast SEO plugin v27.4 - https:\/\/yoast.com\/product\/yoast-seo-wordpress\/ -->\n<title>Ku\u00f1\u00e1 Mbarete inaugura su local: &quot;Un espacio donde ayudar a otras mujeres&quot; - Vamos por la Liberaci\u00f3n<\/title>\n<meta name=\"robots\" content=\"index, follow, max-snippet:-1, max-image-preview:large, max-video-preview:-1\" \/>\n<link rel=\"canonical\" href=\"http:\/\/vamosporlaliberacion.org\/crpmlm\/kuna-mbarete-inaugura-su-local-un-espacio-donde-ayudar-a-otras-mujeres\/\" \/>\n<meta name=\"twitter:label1\" content=\"Escrito por\" \/>\n\t<meta name=\"twitter:data1\" content=\"Prensa Vamos\" \/>\n\t<meta name=\"twitter:label2\" content=\"Tiempo de lectura\" \/>\n\t<meta name=\"twitter:data2\" content=\"2 minutos\" \/>\n<script type=\"application\/ld+json\" class=\"yoast-schema-graph\">{\"@context\":\"https:\\\/\\\/schema.org\",\"@graph\":[{\"@type\":\"Article\",\"@id\":\"http:\\\/\\\/vamosporlaliberacion.org\\\/crpmlm\\\/kuna-mbarete-inaugura-su-local-un-espacio-donde-ayudar-a-otras-mujeres\\\/#article\",\"isPartOf\":{\"@id\":\"http:\\\/\\\/vamosporlaliberacion.org\\\/crpmlm\\\/kuna-mbarete-inaugura-su-local-un-espacio-donde-ayudar-a-otras-mujeres\\\/\"},\"author\":{\"name\":\"Prensa Vamos\",\"@id\":\"https:\\\/\\\/vamosporlaliberacion.org\\\/crpmlm\\\/#\\\/schema\\\/person\\\/ebdbd4bf0e9418b9f0c0a93395366b2f\"},\"headline\":\"Ku\u00f1\u00e1 Mbarete inaugura su local: \u00abUn espacio donde ayudar a otras mujeres\u00bb\",\"datePublished\":\"2021-08-27T17:44:35+00:00\",\"dateModified\":\"2021-08-28T01:46:55+00:00\",\"mainEntityOfPage\":{\"@id\":\"http:\\\/\\\/vamosporlaliberacion.org\\\/crpmlm\\\/kuna-mbarete-inaugura-su-local-un-espacio-donde-ayudar-a-otras-mujeres\\\/\"},\"wordCount\":292,\"commentCount\":0,\"image\":{\"@id\":\"http:\\\/\\\/vamosporlaliberacion.org\\\/crpmlm\\\/kuna-mbarete-inaugura-su-local-un-espacio-donde-ayudar-a-otras-mujeres\\\/#primaryimage\"},\"thumbnailUrl\":\"https:\\\/\\\/i0.wp.com\\\/vamosporlaliberacion.org\\\/crpmlm\\\/wp-content\\\/uploads\\\/2021\\\/08\\\/IMG-20210827-WA0007.jpg?fit=480%2C270&ssl=1\",\"articleSection\":[\"Genero\"],\"inLanguage\":\"es\",\"potentialAction\":[{\"@type\":\"CommentAction\",\"name\":\"Comment\",\"target\":[\"http:\\\/\\\/vamosporlaliberacion.org\\\/crpmlm\\\/kuna-mbarete-inaugura-su-local-un-espacio-donde-ayudar-a-otras-mujeres\\\/#respond\"]}]},{\"@type\":\"WebPage\",\"@id\":\"http:\\\/\\\/vamosporlaliberacion.org\\\/crpmlm\\\/kuna-mbarete-inaugura-su-local-un-espacio-donde-ayudar-a-otras-mujeres\\\/\",\"url\":\"http:\\\/\\\/vamosporlaliberacion.org\\\/crpmlm\\\/kuna-mbarete-inaugura-su-local-un-espacio-donde-ayudar-a-otras-mujeres\\\/\",\"name\":\"Ku\u00f1\u00e1 Mbarete inaugura su local: \\\"Un espacio donde ayudar a otras mujeres\\\" - Vamos por la Liberaci\u00f3n\",\"isPartOf\":{\"@id\":\"https:\\\/\\\/vamosporlaliberacion.org\\\/crpmlm\\\/#website\"},\"primaryImageOfPage\":{\"@id\":\"http:\\\/\\\/vamosporlaliberacion.org\\\/crpmlm\\\/kuna-mbarete-inaugura-su-local-un-espacio-donde-ayudar-a-otras-mujeres\\\/#primaryimage\"},\"image\":{\"@id\":\"http:\\\/\\\/vamosporlaliberacion.org\\\/crpmlm\\\/kuna-mbarete-inaugura-su-local-un-espacio-donde-ayudar-a-otras-mujeres\\\/#primaryimage\"},\"thumbnailUrl\":\"https:\\\/\\\/i0.wp.com\\\/vamosporlaliberacion.org\\\/crpmlm\\\/wp-content\\\/uploads\\\/2021\\\/08\\\/IMG-20210827-WA0007.jpg?fit=480%2C270&ssl=1\",\"datePublished\":\"2021-08-27T17:44:35+00:00\",\"dateModified\":\"2021-08-28T01:46:55+00:00\",\"author\":{\"@id\":\"https:\\\/\\\/vamosporlaliberacion.org\\\/crpmlm\\\/#\\\/schema\\\/person\\\/ebdbd4bf0e9418b9f0c0a93395366b2f\"},\"breadcrumb\":{\"@id\":\"http:\\\/\\\/vamosporlaliberacion.org\\\/crpmlm\\\/kuna-mbarete-inaugura-su-local-un-espacio-donde-ayudar-a-otras-mujeres\\\/#breadcrumb\"},\"inLanguage\":\"es\",\"potentialAction\":[{\"@type\":\"ReadAction\",\"target\":[\"http:\\\/\\\/vamosporlaliberacion.org\\\/crpmlm\\\/kuna-mbarete-inaugura-su-local-un-espacio-donde-ayudar-a-otras-mujeres\\\/\"]}]},{\"@type\":\"ImageObject\",\"inLanguage\":\"es\",\"@id\":\"http:\\\/\\\/vamosporlaliberacion.org\\\/crpmlm\\\/kuna-mbarete-inaugura-su-local-un-espacio-donde-ayudar-a-otras-mujeres\\\/#primaryimage\",\"url\":\"https:\\\/\\\/i0.wp.com\\\/vamosporlaliberacion.org\\\/crpmlm\\\/wp-content\\\/uploads\\\/2021\\\/08\\\/IMG-20210827-WA0007.jpg?fit=480%2C270&ssl=1\",\"contentUrl\":\"https:\\\/\\\/i0.wp.com\\\/vamosporlaliberacion.org\\\/crpmlm\\\/wp-content\\\/uploads\\\/2021\\\/08\\\/IMG-20210827-WA0007.jpg?fit=480%2C270&ssl=1\",\"width\":480,\"height\":270},{\"@type\":\"BreadcrumbList\",\"@id\":\"http:\\\/\\\/vamosporlaliberacion.org\\\/crpmlm\\\/kuna-mbarete-inaugura-su-local-un-espacio-donde-ayudar-a-otras-mujeres\\\/#breadcrumb\",\"itemListElement\":[{\"@type\":\"ListItem\",\"position\":1,\"name\":\"Portada\",\"item\":\"https:\\\/\\\/vamosporlaliberacion.org\\\/crpmlm\\\/\"},{\"@type\":\"ListItem\",\"position\":2,\"name\":\"Ku\u00f1\u00e1 Mbarete inaugura su local: \u00abUn espacio donde ayudar a otras mujeres\u00bb\"}]},{\"@type\":\"WebSite\",\"@id\":\"https:\\\/\\\/vamosporlaliberacion.org\\\/crpmlm\\\/#website\",\"url\":\"https:\\\/\\\/vamosporlaliberacion.org\\\/crpmlm\\\/\",\"name\":\"Vamos por la Liberaci\u00f3n\",\"description\":\"Prensa CR\",\"potentialAction\":[{\"@type\":\"SearchAction\",\"target\":{\"@type\":\"EntryPoint\",\"urlTemplate\":\"https:\\\/\\\/vamosporlaliberacion.org\\\/crpmlm\\\/?s={search_term_string}\"},\"query-input\":{\"@type\":\"PropertyValueSpecification\",\"valueRequired\":true,\"valueName\":\"search_term_string\"}}],\"inLanguage\":\"es\"},{\"@type\":\"Person\",\"@id\":\"https:\\\/\\\/vamosporlaliberacion.org\\\/crpmlm\\\/#\\\/schema\\\/person\\\/ebdbd4bf0e9418b9f0c0a93395366b2f\",\"name\":\"Prensa Vamos\",\"sameAs\":[\"http:\\\/\\\/vamposporlaliberacion.org\"],\"url\":\"https:\\\/\\\/vamosporlaliberacion.org\\\/crpmlm\\\/author\\\/editor\\\/\"}]}<\/script>\n<!-- \/ Yoast SEO plugin. -->","yoast_head_json":{"title":"Ku\u00f1\u00e1 Mbarete inaugura su local: \"Un espacio donde ayudar a otras mujeres\" - Vamos por la Liberaci\u00f3n","robots":{"index":"index","follow":"follow","max-snippet":"max-snippet:-1","max-image-preview":"max-image-preview:large","max-video-preview":"max-video-preview:-1"},"canonical":"http:\/\/vamosporlaliberacion.org\/crpmlm\/kuna-mbarete-inaugura-su-local-un-espacio-donde-ayudar-a-otras-mujeres\/","twitter_misc":{"Escrito por":"Prensa Vamos","Tiempo de lectura":"2 minutos"},"schema":{"@context":"https:\/\/schema.org","@graph":[{"@type":"Article","@id":"http:\/\/vamosporlaliberacion.org\/crpmlm\/kuna-mbarete-inaugura-su-local-un-espacio-donde-ayudar-a-otras-mujeres\/#article","isPartOf":{"@id":"http:\/\/vamosporlaliberacion.org\/crpmlm\/kuna-mbarete-inaugura-su-local-un-espacio-donde-ayudar-a-otras-mujeres\/"},"author":{"name":"Prensa Vamos","@id":"https:\/\/vamosporlaliberacion.org\/crpmlm\/#\/schema\/person\/ebdbd4bf0e9418b9f0c0a93395366b2f"},"headline":"Ku\u00f1\u00e1 Mbarete inaugura su local: \u00abUn espacio donde ayudar a otras mujeres\u00bb","datePublished":"2021-08-27T17:44:35+00:00","dateModified":"2021-08-28T01:46:55+00:00","mainEntityOfPage":{"@id":"http:\/\/vamosporlaliberacion.org\/crpmlm\/kuna-mbarete-inaugura-su-local-un-espacio-donde-ayudar-a-otras-mujeres\/"},"wordCount":292,"commentCount":0,"image":{"@id":"http:\/\/vamosporlaliberacion.org\/crpmlm\/kuna-mbarete-inaugura-su-local-un-espacio-donde-ayudar-a-otras-mujeres\/#primaryimage"},"thumbnailUrl":"https:\/\/i0.wp.com\/vamosporlaliberacion.org\/crpmlm\/wp-content\/uploads\/2021\/08\/IMG-20210827-WA0007.jpg?fit=480%2C270&ssl=1","articleSection":["Genero"],"inLanguage":"es","potentialAction":[{"@type":"CommentAction","name":"Comment","target":["http:\/\/vamosporlaliberacion.org\/crpmlm\/kuna-mbarete-inaugura-su-local-un-espacio-donde-ayudar-a-otras-mujeres\/#respond"]}]},{"@type":"WebPage","@id":"http:\/\/vamosporlaliberacion.org\/crpmlm\/kuna-mbarete-inaugura-su-local-un-espacio-donde-ayudar-a-otras-mujeres\/","url":"http:\/\/vamosporlaliberacion.org\/crpmlm\/kuna-mbarete-inaugura-su-local-un-espacio-donde-ayudar-a-otras-mujeres\/","name":"Ku\u00f1\u00e1 Mbarete inaugura su local: \"Un espacio donde ayudar a otras mujeres\" - Vamos por la Liberaci\u00f3n","isPartOf":{"@id":"https:\/\/vamosporlaliberacion.org\/crpmlm\/#website"},"primaryImageOfPage":{"@id":"http:\/\/vamosporlaliberacion.org\/crpmlm\/kuna-mbarete-inaugura-su-local-un-espacio-donde-ayudar-a-otras-mujeres\/#primaryimage"},"image":{"@id":"http:\/\/vamosporlaliberacion.org\/crpmlm\/kuna-mbarete-inaugura-su-local-un-espacio-donde-ayudar-a-otras-mujeres\/#primaryimage"},"thumbnailUrl":"https:\/\/i0.wp.com\/vamosporlaliberacion.org\/crpmlm\/wp-content\/uploads\/2021\/08\/IMG-20210827-WA0007.jpg?fit=480%2C270&ssl=1","datePublished":"2021-08-27T17:44:35+00:00","dateModified":"2021-08-28T01:46:55+00:00","author":{"@id":"https:\/\/vamosporlaliberacion.org\/crpmlm\/#\/schema\/person\/ebdbd4bf0e9418b9f0c0a93395366b2f"},"breadcrumb":{"@id":"http:\/\/vamosporlaliberacion.org\/crpmlm\/kuna-mbarete-inaugura-su-local-un-espacio-donde-ayudar-a-otras-mujeres\/#breadcrumb"},"inLanguage":"es","potentialAction":[{"@type":"ReadAction","target":["http:\/\/vamosporlaliberacion.org\/crpmlm\/kuna-mbarete-inaugura-su-local-un-espacio-donde-ayudar-a-otras-mujeres\/"]}]},{"@type":"ImageObject","inLanguage":"es","@id":"http:\/\/vamosporlaliberacion.org\/crpmlm\/kuna-mbarete-inaugura-su-local-un-espacio-donde-ayudar-a-otras-mujeres\/#primaryimage","url":"https:\/\/i0.wp.com\/vamosporlaliberacion.org\/crpmlm\/wp-content\/uploads\/2021\/08\/IMG-20210827-WA0007.jpg?fit=480%2C270&ssl=1","contentUrl":"https:\/\/i0.wp.com\/vamosporlaliberacion.org\/crpmlm\/wp-content\/uploads\/2021\/08\/IMG-20210827-WA0007.jpg?fit=480%2C270&ssl=1","width":480,"height":270},{"@type":"BreadcrumbList","@id":"http:\/\/vamosporlaliberacion.org\/crpmlm\/kuna-mbarete-inaugura-su-local-un-espacio-donde-ayudar-a-otras-mujeres\/#breadcrumb","itemListElement":[{"@type":"ListItem","position":1,"name":"Portada","item":"https:\/\/vamosporlaliberacion.org\/crpmlm\/"},{"@type":"ListItem","position":2,"name":"Ku\u00f1\u00e1 Mbarete inaugura su local: \u00abUn espacio donde ayudar a otras mujeres\u00bb"}]},{"@type":"WebSite","@id":"https:\/\/vamosporlaliberacion.org\/crpmlm\/#website","url":"https:\/\/vamosporlaliberacion.org\/crpmlm\/","name":"Vamos por la Liberaci\u00f3n","description":"Prensa CR","potentialAction":[{"@type":"SearchAction","target":{"@type":"EntryPoint","urlTemplate":"https:\/\/vamosporlaliberacion.org\/crpmlm\/?s={search_term_string}"},"query-input":{"@type":"PropertyValueSpecification","valueRequired":true,"valueName":"search_term_string"}}],"inLanguage":"es"},{"@type":"Person","@id":"https:\/\/vamosporlaliberacion.org\/crpmlm\/#\/schema\/person\/ebdbd4bf0e9418b9f0c0a93395366b2f","name":"Prensa Vamos","sameAs":["http:\/\/vamposporlaliberacion.org"],"url":"https:\/\/vamosporlaliberacion.org\/crpmlm\/author\/editor\/"}]}},"jetpack_featured_media_url":"https:\/\/i0.wp.com\/vamosporlaliberacion.org\/crpmlm\/wp-content\/uploads\/2021\/08\/IMG-20210827-WA0007.jpg?fit=480%2C270&ssl=1","jetpack_sharing_enabled":true,"_links":{"self":[{"href":"https:\/\/vamosporlaliberacion.org\/crpmlm\/wp-json\/wp\/v2\/posts\/24312","targetHints":{"allow":["GET"]}}],"collection":[{"href":"https:\/\/vamosporlaliberacion.org\/crpmlm\/wp-json\/wp\/v2\/posts"}],"about":[{"href":"https:\/\/vamosporlaliberacion.org\/crpmlm\/wp-json\/wp\/v2\/types\/post"}],"author":[{"embeddable":true,"href":"https:\/\/vamosporlaliberacion.org\/crpmlm\/wp-json\/wp\/v2\/users\/9"}],"replies":[{"embeddable":true,"href":"https:\/\/vamosporlaliberacion.org\/crpmlm\/wp-json\/wp\/v2\/comments?post=24312"}],"version-history":[{"count":3,"href":"https:\/\/vamosporlaliberacion.org\/crpmlm\/wp-json\/wp\/v2\/posts\/24312\/revisions"}],"predecessor-version":[{"id":24320,"href":"https:\/\/vamosporlaliberacion.org\/crpmlm\/wp-json\/wp\/v2\/posts\/24312\/revisions\/24320"}],"wp:featuredmedia":[{"embeddable":true,"href":"https:\/\/vamosporlaliberacion.org\/crpmlm\/wp-json\/wp\/v2\/media\/24313"}],"wp:attachment":[{"href":"https:\/\/vamosporlaliberacion.org\/crpmlm\/wp-json\/wp\/v2\/media?parent=24312"}],"wp:term":[{"taxonomy":"category","embeddable":true,"href":"https:\/\/vamosporlaliberacion.org\/crpmlm\/wp-json\/wp\/v2\/categories?post=24312"},{"taxonomy":"post_tag","embeddable":true,"href":"https:\/\/vamosporlaliberacion.org\/crpmlm\/wp-json\/wp\/v2\/tags?post=24312"}],"curies":[{"name":"wp","href":"https:\/\/api.w.org\/{rel}","templated":true}]}}