{"id":24094,"date":"2021-07-19T14:50:30","date_gmt":"2021-07-19T17:50:30","guid":{"rendered":"http:\/\/vamosporlaliberacion.org\/crpmlm\/?p=24094"},"modified":"2021-07-19T14:51:07","modified_gmt":"2021-07-19T17:51:07","slug":"avanza-la-lucha-para-recuperar-el-regimen-jubilatorio-docente-en-tierra-del-fuego","status":"publish","type":"post","link":"https:\/\/vamosporlaliberacion.org\/crpmlm\/avanza-la-lucha-para-recuperar-el-regimen-jubilatorio-docente-en-tierra-del-fuego\/","title":{"rendered":"Avanza la lucha para recuperar el r\u00e9gimen jubilatorio docente en Tierra del Fuego"},"content":{"rendered":"\n<p>A principios de 2016, en sinton\u00eda con la flamante presidencia de Mauricio Macri, la gobernadora Rosana Bertone modific\u00f3 el r\u00e9gimen jubilatorio provincial en desmedro de lxs docentes jubiladxs de Tierra del Fuego. La reforma consist\u00eda b\u00e1sicamente en liquidar la autonom\u00eda de la caja jubilatoria, situaci\u00f3n que les daba cierta ventaja a lxs jubiladxs de la provincia en comparaci\u00f3n con la mayor parte del resto del pa\u00eds, en una provincia donde el costo de vida tambi\u00e9n es m\u00e1s alto que la media nacional.<\/p>\n\n\n\n<p>Esta avanzada provoc\u00f3 una enorme lucha docente motorizada alrededor del paro convocado por el SUTEF (sindicato docente de la provincia), pero a pesar de la masividad del rechazo popular, se termin\u00f3 imponiendo.<\/p>\n\n\n\n<p>No obstante, la lucha no termin\u00f3. La semana pasada tom\u00f3 estado parlamentario el proyecto de ley presentado por el SUTEF para recuperar los derechos de lxs jubiladxs docentes. En di\u00e1logo con TV P\u00fablica Fueguina, Horacio Catena (secretario general del sindicato) resumi\u00f3 los puntos m\u00e1s importantes del proyecto: se propone que sean 25 a\u00f1os de aporte sin l\u00edmite de edad y que lxs docentes se jubilen con el 82 % m\u00f3vil real del salario.<\/p>\n\n\n\n<h3 class=\"wp-block-heading\">\u00a1Todo el apoyo a lxs docentes de Tierra del Fuego!<\/h3>\n\n\n\n<iframe loading=\"lazy\" width=\"677\" height=\"381\" src=\"https:\/\/www.youtube.com\/embed\/cT9BomHCcgs\" title=\"YouTube video player\" frameborder=\"0\" allow=\"accelerometer; autoplay; clipboard-write; encrypted-media; gyroscope; picture-in-picture\" allowfullscreen><\/iframe>\n<!-- AddThis Advanced Settings generic via filter on the_content --><!-- AddThis Share Buttons generic via filter on the_content -->","protected":false},"excerpt":{"rendered":"<p>A principios de 2016, en sinton\u00eda con la flamante presidencia de Mauricio Macri, la gobernadora Rosana Bertone modific\u00f3 el r\u00e9gimen jubilatorio provincial en desmedro de lxs docentes jubiladxs de Tierra del Fuego. La reforma consist\u00eda b\u00e1sicamente en liquidar la autonom\u00eda de la caja jubilatoria, situaci\u00f3n que les daba cierta ventaja a lxs jubiladxs de la [&hellip;]<!-- AddThis Advanced Settings generic via filter on get_the_excerpt --><!-- AddThis Share Buttons generic via filter on get_the_excerpt --><\/p>\n","protected":false},"author":9,"featured_media":24095,"comment_status":"open","ping_status":"open","sticky":false,"template":"","format":"standard","meta":{"_jetpack_memberships_contains_paid_content":false,"footnotes":""},"categories":[1877],"tags":[],"class_list":{"0":"post-24094","1":"post","2":"type-post","3":"status-publish","4":"format-standard","5":"has-post-thumbnail","7":"category-gremiales"},"yoast_head":"<!-- This site is optimized with the Yoast SEO plugin v27.4 - https:\/\/yoast.com\/product\/yoast-seo-wordpress\/ -->\n<title>Avanza la lucha para recuperar el r\u00e9gimen jubilatorio docente en Tierra del Fuego - Vamos por la Liberaci\u00f3n<\/title>\n<meta name=\"robots\" content=\"index, follow, max-snippet:-1, max-image-preview:large, max-video-preview:-1\" \/>\n<link rel=\"canonical\" href=\"http:\/\/vamosporlaliberacion.org\/crpmlm\/avanza-la-lucha-para-recuperar-el-regimen-jubilatorio-docente-en-tierra-del-fuego\/\" \/>\n<meta name=\"twitter:label1\" content=\"Escrito por\" \/>\n\t<meta name=\"twitter:data1\" content=\"Prensa Vamos\" \/>\n\t<meta name=\"twitter:label2\" content=\"Tiempo de lectura\" \/>\n\t<meta name=\"twitter:data2\" content=\"1 minuto\" \/>\n<script type=\"application\/ld+json\" class=\"yoast-schema-graph\">{\"@context\":\"https:\\\/\\\/schema.org\",\"@graph\":[{\"@type\":\"Article\",\"@id\":\"http:\\\/\\\/vamosporlaliberacion.org\\\/crpmlm\\\/avanza-la-lucha-para-recuperar-el-regimen-jubilatorio-docente-en-tierra-del-fuego\\\/#article\",\"isPartOf\":{\"@id\":\"http:\\\/\\\/vamosporlaliberacion.org\\\/crpmlm\\\/avanza-la-lucha-para-recuperar-el-regimen-jubilatorio-docente-en-tierra-del-fuego\\\/\"},\"author\":{\"name\":\"Prensa Vamos\",\"@id\":\"https:\\\/\\\/vamosporlaliberacion.org\\\/crpmlm\\\/#\\\/schema\\\/person\\\/ebdbd4bf0e9418b9f0c0a93395366b2f\"},\"headline\":\"Avanza la lucha para recuperar el r\u00e9gimen jubilatorio docente en Tierra del Fuego\",\"datePublished\":\"2021-07-19T17:50:30+00:00\",\"dateModified\":\"2021-07-19T17:51:07+00:00\",\"mainEntityOfPage\":{\"@id\":\"http:\\\/\\\/vamosporlaliberacion.org\\\/crpmlm\\\/avanza-la-lucha-para-recuperar-el-regimen-jubilatorio-docente-en-tierra-del-fuego\\\/\"},\"wordCount\":223,\"commentCount\":0,\"image\":{\"@id\":\"http:\\\/\\\/vamosporlaliberacion.org\\\/crpmlm\\\/avanza-la-lucha-para-recuperar-el-regimen-jubilatorio-docente-en-tierra-del-fuego\\\/#primaryimage\"},\"thumbnailUrl\":\"https:\\\/\\\/i0.wp.com\\\/vamosporlaliberacion.org\\\/crpmlm\\\/wp-content\\\/uploads\\\/2021\\\/07\\\/regimenJubilatorioTDF.jpeg?fit=620%2C330&ssl=1\",\"articleSection\":[\"Actualidad e historia del movimiento obrero\"],\"inLanguage\":\"es\",\"potentialAction\":[{\"@type\":\"CommentAction\",\"name\":\"Comment\",\"target\":[\"http:\\\/\\\/vamosporlaliberacion.org\\\/crpmlm\\\/avanza-la-lucha-para-recuperar-el-regimen-jubilatorio-docente-en-tierra-del-fuego\\\/#respond\"]}]},{\"@type\":\"WebPage\",\"@id\":\"http:\\\/\\\/vamosporlaliberacion.org\\\/crpmlm\\\/avanza-la-lucha-para-recuperar-el-regimen-jubilatorio-docente-en-tierra-del-fuego\\\/\",\"url\":\"http:\\\/\\\/vamosporlaliberacion.org\\\/crpmlm\\\/avanza-la-lucha-para-recuperar-el-regimen-jubilatorio-docente-en-tierra-del-fuego\\\/\",\"name\":\"Avanza la lucha para recuperar el r\u00e9gimen jubilatorio docente en Tierra del Fuego - Vamos por la Liberaci\u00f3n\",\"isPartOf\":{\"@id\":\"https:\\\/\\\/vamosporlaliberacion.org\\\/crpmlm\\\/#website\"},\"primaryImageOfPage\":{\"@id\":\"http:\\\/\\\/vamosporlaliberacion.org\\\/crpmlm\\\/avanza-la-lucha-para-recuperar-el-regimen-jubilatorio-docente-en-tierra-del-fuego\\\/#primaryimage\"},\"image\":{\"@id\":\"http:\\\/\\\/vamosporlaliberacion.org\\\/crpmlm\\\/avanza-la-lucha-para-recuperar-el-regimen-jubilatorio-docente-en-tierra-del-fuego\\\/#primaryimage\"},\"thumbnailUrl\":\"https:\\\/\\\/i0.wp.com\\\/vamosporlaliberacion.org\\\/crpmlm\\\/wp-content\\\/uploads\\\/2021\\\/07\\\/regimenJubilatorioTDF.jpeg?fit=620%2C330&ssl=1\",\"datePublished\":\"2021-07-19T17:50:30+00:00\",\"dateModified\":\"2021-07-19T17:51:07+00:00\",\"author\":{\"@id\":\"https:\\\/\\\/vamosporlaliberacion.org\\\/crpmlm\\\/#\\\/schema\\\/person\\\/ebdbd4bf0e9418b9f0c0a93395366b2f\"},\"breadcrumb\":{\"@id\":\"http:\\\/\\\/vamosporlaliberacion.org\\\/crpmlm\\\/avanza-la-lucha-para-recuperar-el-regimen-jubilatorio-docente-en-tierra-del-fuego\\\/#breadcrumb\"},\"inLanguage\":\"es\",\"potentialAction\":[{\"@type\":\"ReadAction\",\"target\":[\"http:\\\/\\\/vamosporlaliberacion.org\\\/crpmlm\\\/avanza-la-lucha-para-recuperar-el-regimen-jubilatorio-docente-en-tierra-del-fuego\\\/\"]}]},{\"@type\":\"ImageObject\",\"inLanguage\":\"es\",\"@id\":\"http:\\\/\\\/vamosporlaliberacion.org\\\/crpmlm\\\/avanza-la-lucha-para-recuperar-el-regimen-jubilatorio-docente-en-tierra-del-fuego\\\/#primaryimage\",\"url\":\"https:\\\/\\\/i0.wp.com\\\/vamosporlaliberacion.org\\\/crpmlm\\\/wp-content\\\/uploads\\\/2021\\\/07\\\/regimenJubilatorioTDF.jpeg?fit=620%2C330&ssl=1\",\"contentUrl\":\"https:\\\/\\\/i0.wp.com\\\/vamosporlaliberacion.org\\\/crpmlm\\\/wp-content\\\/uploads\\\/2021\\\/07\\\/regimenJubilatorioTDF.jpeg?fit=620%2C330&ssl=1\",\"width\":620,\"height\":330},{\"@type\":\"BreadcrumbList\",\"@id\":\"http:\\\/\\\/vamosporlaliberacion.org\\\/crpmlm\\\/avanza-la-lucha-para-recuperar-el-regimen-jubilatorio-docente-en-tierra-del-fuego\\\/#breadcrumb\",\"itemListElement\":[{\"@type\":\"ListItem\",\"position\":1,\"name\":\"Portada\",\"item\":\"https:\\\/\\\/vamosporlaliberacion.org\\\/crpmlm\\\/\"},{\"@type\":\"ListItem\",\"position\":2,\"name\":\"Avanza la lucha para recuperar el r\u00e9gimen jubilatorio docente en Tierra del Fuego\"}]},{\"@type\":\"WebSite\",\"@id\":\"https:\\\/\\\/vamosporlaliberacion.org\\\/crpmlm\\\/#website\",\"url\":\"https:\\\/\\\/vamosporlaliberacion.org\\\/crpmlm\\\/\",\"name\":\"Vamos por la Liberaci\u00f3n\",\"description\":\"Prensa CR\",\"potentialAction\":[{\"@type\":\"SearchAction\",\"target\":{\"@type\":\"EntryPoint\",\"urlTemplate\":\"https:\\\/\\\/vamosporlaliberacion.org\\\/crpmlm\\\/?s={search_term_string}\"},\"query-input\":{\"@type\":\"PropertyValueSpecification\",\"valueRequired\":true,\"valueName\":\"search_term_string\"}}],\"inLanguage\":\"es\"},{\"@type\":\"Person\",\"@id\":\"https:\\\/\\\/vamosporlaliberacion.org\\\/crpmlm\\\/#\\\/schema\\\/person\\\/ebdbd4bf0e9418b9f0c0a93395366b2f\",\"name\":\"Prensa Vamos\",\"sameAs\":[\"http:\\\/\\\/vamposporlaliberacion.org\"],\"url\":\"https:\\\/\\\/vamosporlaliberacion.org\\\/crpmlm\\\/author\\\/editor\\\/\"}]}<\/script>\n<!-- \/ Yoast SEO plugin. -->","yoast_head_json":{"title":"Avanza la lucha para recuperar el r\u00e9gimen jubilatorio docente en Tierra del Fuego - Vamos por la Liberaci\u00f3n","robots":{"index":"index","follow":"follow","max-snippet":"max-snippet:-1","max-image-preview":"max-image-preview:large","max-video-preview":"max-video-preview:-1"},"canonical":"http:\/\/vamosporlaliberacion.org\/crpmlm\/avanza-la-lucha-para-recuperar-el-regimen-jubilatorio-docente-en-tierra-del-fuego\/","twitter_misc":{"Escrito por":"Prensa Vamos","Tiempo de lectura":"1 minuto"},"schema":{"@context":"https:\/\/schema.org","@graph":[{"@type":"Article","@id":"http:\/\/vamosporlaliberacion.org\/crpmlm\/avanza-la-lucha-para-recuperar-el-regimen-jubilatorio-docente-en-tierra-del-fuego\/#article","isPartOf":{"@id":"http:\/\/vamosporlaliberacion.org\/crpmlm\/avanza-la-lucha-para-recuperar-el-regimen-jubilatorio-docente-en-tierra-del-fuego\/"},"author":{"name":"Prensa Vamos","@id":"https:\/\/vamosporlaliberacion.org\/crpmlm\/#\/schema\/person\/ebdbd4bf0e9418b9f0c0a93395366b2f"},"headline":"Avanza la lucha para recuperar el r\u00e9gimen jubilatorio docente en Tierra del Fuego","datePublished":"2021-07-19T17:50:30+00:00","dateModified":"2021-07-19T17:51:07+00:00","mainEntityOfPage":{"@id":"http:\/\/vamosporlaliberacion.org\/crpmlm\/avanza-la-lucha-para-recuperar-el-regimen-jubilatorio-docente-en-tierra-del-fuego\/"},"wordCount":223,"commentCount":0,"image":{"@id":"http:\/\/vamosporlaliberacion.org\/crpmlm\/avanza-la-lucha-para-recuperar-el-regimen-jubilatorio-docente-en-tierra-del-fuego\/#primaryimage"},"thumbnailUrl":"https:\/\/i0.wp.com\/vamosporlaliberacion.org\/crpmlm\/wp-content\/uploads\/2021\/07\/regimenJubilatorioTDF.jpeg?fit=620%2C330&ssl=1","articleSection":["Actualidad e historia del movimiento obrero"],"inLanguage":"es","potentialAction":[{"@type":"CommentAction","name":"Comment","target":["http:\/\/vamosporlaliberacion.org\/crpmlm\/avanza-la-lucha-para-recuperar-el-regimen-jubilatorio-docente-en-tierra-del-fuego\/#respond"]}]},{"@type":"WebPage","@id":"http:\/\/vamosporlaliberacion.org\/crpmlm\/avanza-la-lucha-para-recuperar-el-regimen-jubilatorio-docente-en-tierra-del-fuego\/","url":"http:\/\/vamosporlaliberacion.org\/crpmlm\/avanza-la-lucha-para-recuperar-el-regimen-jubilatorio-docente-en-tierra-del-fuego\/","name":"Avanza la lucha para recuperar el r\u00e9gimen jubilatorio docente en Tierra del Fuego - Vamos por la Liberaci\u00f3n","isPartOf":{"@id":"https:\/\/vamosporlaliberacion.org\/crpmlm\/#website"},"primaryImageOfPage":{"@id":"http:\/\/vamosporlaliberacion.org\/crpmlm\/avanza-la-lucha-para-recuperar-el-regimen-jubilatorio-docente-en-tierra-del-fuego\/#primaryimage"},"image":{"@id":"http:\/\/vamosporlaliberacion.org\/crpmlm\/avanza-la-lucha-para-recuperar-el-regimen-jubilatorio-docente-en-tierra-del-fuego\/#primaryimage"},"thumbnailUrl":"https:\/\/i0.wp.com\/vamosporlaliberacion.org\/crpmlm\/wp-content\/uploads\/2021\/07\/regimenJubilatorioTDF.jpeg?fit=620%2C330&ssl=1","datePublished":"2021-07-19T17:50:30+00:00","dateModified":"2021-07-19T17:51:07+00:00","author":{"@id":"https:\/\/vamosporlaliberacion.org\/crpmlm\/#\/schema\/person\/ebdbd4bf0e9418b9f0c0a93395366b2f"},"breadcrumb":{"@id":"http:\/\/vamosporlaliberacion.org\/crpmlm\/avanza-la-lucha-para-recuperar-el-regimen-jubilatorio-docente-en-tierra-del-fuego\/#breadcrumb"},"inLanguage":"es","potentialAction":[{"@type":"ReadAction","target":["http:\/\/vamosporlaliberacion.org\/crpmlm\/avanza-la-lucha-para-recuperar-el-regimen-jubilatorio-docente-en-tierra-del-fuego\/"]}]},{"@type":"ImageObject","inLanguage":"es","@id":"http:\/\/vamosporlaliberacion.org\/crpmlm\/avanza-la-lucha-para-recuperar-el-regimen-jubilatorio-docente-en-tierra-del-fuego\/#primaryimage","url":"https:\/\/i0.wp.com\/vamosporlaliberacion.org\/crpmlm\/wp-content\/uploads\/2021\/07\/regimenJubilatorioTDF.jpeg?fit=620%2C330&ssl=1","contentUrl":"https:\/\/i0.wp.com\/vamosporlaliberacion.org\/crpmlm\/wp-content\/uploads\/2021\/07\/regimenJubilatorioTDF.jpeg?fit=620%2C330&ssl=1","width":620,"height":330},{"@type":"BreadcrumbList","@id":"http:\/\/vamosporlaliberacion.org\/crpmlm\/avanza-la-lucha-para-recuperar-el-regimen-jubilatorio-docente-en-tierra-del-fuego\/#breadcrumb","itemListElement":[{"@type":"ListItem","position":1,"name":"Portada","item":"https:\/\/vamosporlaliberacion.org\/crpmlm\/"},{"@type":"ListItem","position":2,"name":"Avanza la lucha para recuperar el r\u00e9gimen jubilatorio docente en Tierra del Fuego"}]},{"@type":"WebSite","@id":"https:\/\/vamosporlaliberacion.org\/crpmlm\/#website","url":"https:\/\/vamosporlaliberacion.org\/crpmlm\/","name":"Vamos por la Liberaci\u00f3n","description":"Prensa CR","potentialAction":[{"@type":"SearchAction","target":{"@type":"EntryPoint","urlTemplate":"https:\/\/vamosporlaliberacion.org\/crpmlm\/?s={search_term_string}"},"query-input":{"@type":"PropertyValueSpecification","valueRequired":true,"valueName":"search_term_string"}}],"inLanguage":"es"},{"@type":"Person","@id":"https:\/\/vamosporlaliberacion.org\/crpmlm\/#\/schema\/person\/ebdbd4bf0e9418b9f0c0a93395366b2f","name":"Prensa Vamos","sameAs":["http:\/\/vamposporlaliberacion.org"],"url":"https:\/\/vamosporlaliberacion.org\/crpmlm\/author\/editor\/"}]}},"jetpack_featured_media_url":"https:\/\/i0.wp.com\/vamosporlaliberacion.org\/crpmlm\/wp-content\/uploads\/2021\/07\/regimenJubilatorioTDF.jpeg?fit=620%2C330&ssl=1","jetpack_sharing_enabled":true,"_links":{"self":[{"href":"https:\/\/vamosporlaliberacion.org\/crpmlm\/wp-json\/wp\/v2\/posts\/24094","targetHints":{"allow":["GET"]}}],"collection":[{"href":"https:\/\/vamosporlaliberacion.org\/crpmlm\/wp-json\/wp\/v2\/posts"}],"about":[{"href":"https:\/\/vamosporlaliberacion.org\/crpmlm\/wp-json\/wp\/v2\/types\/post"}],"author":[{"embeddable":true,"href":"https:\/\/vamosporlaliberacion.org\/crpmlm\/wp-json\/wp\/v2\/users\/9"}],"replies":[{"embeddable":true,"href":"https:\/\/vamosporlaliberacion.org\/crpmlm\/wp-json\/wp\/v2\/comments?post=24094"}],"version-history":[{"count":2,"href":"https:\/\/vamosporlaliberacion.org\/crpmlm\/wp-json\/wp\/v2\/posts\/24094\/revisions"}],"predecessor-version":[{"id":24097,"href":"https:\/\/vamosporlaliberacion.org\/crpmlm\/wp-json\/wp\/v2\/posts\/24094\/revisions\/24097"}],"wp:featuredmedia":[{"embeddable":true,"href":"https:\/\/vamosporlaliberacion.org\/crpmlm\/wp-json\/wp\/v2\/media\/24095"}],"wp:attachment":[{"href":"https:\/\/vamosporlaliberacion.org\/crpmlm\/wp-json\/wp\/v2\/media?parent=24094"}],"wp:term":[{"taxonomy":"category","embeddable":true,"href":"https:\/\/vamosporlaliberacion.org\/crpmlm\/wp-json\/wp\/v2\/categories?post=24094"},{"taxonomy":"post_tag","embeddable":true,"href":"https:\/\/vamosporlaliberacion.org\/crpmlm\/wp-json\/wp\/v2\/tags?post=24094"}],"curies":[{"name":"wp","href":"https:\/\/api.w.org\/{rel}","templated":true}]}}