{"id":23669,"date":"2021-04-22T21:28:09","date_gmt":"2021-04-23T00:28:09","guid":{"rendered":"http:\/\/vamosporlaliberacion.org\/crpmlm\/?p=23669"},"modified":"2021-04-22T21:28:16","modified_gmt":"2021-04-23T00:28:16","slug":"seguimos-preguntando-donde-esta-tehuel","status":"publish","type":"post","link":"https:\/\/vamosporlaliberacion.org\/crpmlm\/seguimos-preguntando-donde-esta-tehuel\/","title":{"rendered":"Seguimos preguntando: \u00bfd\u00f3nde est\u00e1 Tehuel?"},"content":{"rendered":"\n<p>Tehuel de la Torre es un joven trans que hace m\u00e1s de un mes se encuentra desaparecido. Cumpli\u00f3 22 a\u00f1os hace pocos d\u00edas y no lo pudo festejar, pero lo peor es que no sabemos si lo podr\u00e1 hacer.<\/p>\n\n\n\n<p>El 11 de marzo fue la \u00faltima vez que se lo vio, cuando iba a una entrevista laboral ofrecida por Luis Alberto Ramos. Tehuel y Ramos se dirigieron a la casa de Oscar Montes, situaci\u00f3n de la cual hay una foto; pero tanto Ramos como Montes negaron haber visto a Tehuel. Por este falso testimonio y por encubrimiento, ambos se encuentran detenidos actualmente.<\/p>\n\n\n\n<p>Esta desaparici\u00f3n pone al descubierto la realidad de las personas trans en el mundo laboral: son discriminadxs por las patronales y muchas veces arrojados a trabajos \u201cturbios\u201d (y, en el caso de las mujeres trans, directamente a la prostituci\u00f3n). Por eso es fundamental reclamar por el cupo laboral travesti-trans (que ya se encuentra vigente en el sector p\u00fablico, pero no en el mercado laboral general).<\/p>\n\n\n\n<p>Hubo varias movilizaciones por la aparici\u00f3n con vida de Tehuel, tanto en San Vicente (de donde es oriundo) y en la Ciudad de Buenos Aires. Frente al silencio de los medios hegem\u00f3nicos, que no cubren el tema o lo hacen sin respetar la identidad de g\u00e9nero de Tehuel, es fundamental que las organizaciones populares nos pongamos al hombro el reclamo de su aparici\u00f3n con vida y de la implementaci\u00f3n del cupo laboral travesti-trans.<\/p>\n<!-- AddThis Advanced Settings generic via filter on the_content --><!-- AddThis Share Buttons generic via filter on the_content -->","protected":false},"excerpt":{"rendered":"<p>Tehuel de la Torre es un joven trans que hace m\u00e1s de un mes se encuentra desaparecido. Cumpli\u00f3 22 a\u00f1os hace pocos d\u00edas y no lo pudo festejar, pero lo peor es que no sabemos si lo podr\u00e1 hacer. El 11 de marzo fue la \u00faltima vez que se lo vio, cuando iba a una [&hellip;]<!-- AddThis Advanced Settings generic via filter on get_the_excerpt --><!-- AddThis Share Buttons generic via filter on get_the_excerpt --><\/p>\n","protected":false},"author":9,"featured_media":23670,"comment_status":"open","ping_status":"open","sticky":false,"template":"","format":"standard","meta":{"_jetpack_memberships_contains_paid_content":false,"footnotes":""},"categories":[1875,1699],"tags":[],"class_list":{"0":"post-23669","1":"post","2":"type-post","3":"status-publish","4":"format-standard","5":"has-post-thumbnail","7":"category-genero","8":"category-noticias"},"yoast_head":"<!-- This site is optimized with the Yoast SEO plugin v27.4 - https:\/\/yoast.com\/product\/yoast-seo-wordpress\/ -->\n<title>Seguimos preguntando: \u00bfd\u00f3nde est\u00e1 Tehuel? - Vamos por la Liberaci\u00f3n<\/title>\n<meta name=\"robots\" content=\"index, follow, max-snippet:-1, max-image-preview:large, max-video-preview:-1\" \/>\n<link rel=\"canonical\" href=\"https:\/\/vamosporlaliberacion.org\/crpmlm\/seguimos-preguntando-donde-esta-tehuel\/\" \/>\n<meta name=\"twitter:label1\" content=\"Escrito por\" \/>\n\t<meta name=\"twitter:data1\" content=\"Prensa Vamos\" \/>\n\t<meta name=\"twitter:label2\" content=\"Tiempo de lectura\" \/>\n\t<meta name=\"twitter:data2\" content=\"2 minutos\" \/>\n<script type=\"application\/ld+json\" class=\"yoast-schema-graph\">{\"@context\":\"https:\\\/\\\/schema.org\",\"@graph\":[{\"@type\":\"Article\",\"@id\":\"https:\\\/\\\/vamosporlaliberacion.org\\\/crpmlm\\\/seguimos-preguntando-donde-esta-tehuel\\\/#article\",\"isPartOf\":{\"@id\":\"https:\\\/\\\/vamosporlaliberacion.org\\\/crpmlm\\\/seguimos-preguntando-donde-esta-tehuel\\\/\"},\"author\":{\"name\":\"Prensa Vamos\",\"@id\":\"https:\\\/\\\/vamosporlaliberacion.org\\\/crpmlm\\\/#\\\/schema\\\/person\\\/ebdbd4bf0e9418b9f0c0a93395366b2f\"},\"headline\":\"Seguimos preguntando: \u00bfd\u00f3nde est\u00e1 Tehuel?\",\"datePublished\":\"2021-04-23T00:28:09+00:00\",\"dateModified\":\"2021-04-23T00:28:16+00:00\",\"mainEntityOfPage\":{\"@id\":\"https:\\\/\\\/vamosporlaliberacion.org\\\/crpmlm\\\/seguimos-preguntando-donde-esta-tehuel\\\/\"},\"wordCount\":256,\"commentCount\":0,\"image\":{\"@id\":\"https:\\\/\\\/vamosporlaliberacion.org\\\/crpmlm\\\/seguimos-preguntando-donde-esta-tehuel\\\/#primaryimage\"},\"thumbnailUrl\":\"https:\\\/\\\/i0.wp.com\\\/vamosporlaliberacion.org\\\/crpmlm\\\/wp-content\\\/uploads\\\/2021\\\/04\\\/tehuel.jpeg?fit=720%2C405&ssl=1\",\"articleSection\":[\"Genero\",\"Noticias\"],\"inLanguage\":\"es\",\"potentialAction\":[{\"@type\":\"CommentAction\",\"name\":\"Comment\",\"target\":[\"https:\\\/\\\/vamosporlaliberacion.org\\\/crpmlm\\\/seguimos-preguntando-donde-esta-tehuel\\\/#respond\"]}]},{\"@type\":\"WebPage\",\"@id\":\"https:\\\/\\\/vamosporlaliberacion.org\\\/crpmlm\\\/seguimos-preguntando-donde-esta-tehuel\\\/\",\"url\":\"https:\\\/\\\/vamosporlaliberacion.org\\\/crpmlm\\\/seguimos-preguntando-donde-esta-tehuel\\\/\",\"name\":\"Seguimos preguntando: \u00bfd\u00f3nde est\u00e1 Tehuel? - Vamos por la Liberaci\u00f3n\",\"isPartOf\":{\"@id\":\"https:\\\/\\\/vamosporlaliberacion.org\\\/crpmlm\\\/#website\"},\"primaryImageOfPage\":{\"@id\":\"https:\\\/\\\/vamosporlaliberacion.org\\\/crpmlm\\\/seguimos-preguntando-donde-esta-tehuel\\\/#primaryimage\"},\"image\":{\"@id\":\"https:\\\/\\\/vamosporlaliberacion.org\\\/crpmlm\\\/seguimos-preguntando-donde-esta-tehuel\\\/#primaryimage\"},\"thumbnailUrl\":\"https:\\\/\\\/i0.wp.com\\\/vamosporlaliberacion.org\\\/crpmlm\\\/wp-content\\\/uploads\\\/2021\\\/04\\\/tehuel.jpeg?fit=720%2C405&ssl=1\",\"datePublished\":\"2021-04-23T00:28:09+00:00\",\"dateModified\":\"2021-04-23T00:28:16+00:00\",\"author\":{\"@id\":\"https:\\\/\\\/vamosporlaliberacion.org\\\/crpmlm\\\/#\\\/schema\\\/person\\\/ebdbd4bf0e9418b9f0c0a93395366b2f\"},\"breadcrumb\":{\"@id\":\"https:\\\/\\\/vamosporlaliberacion.org\\\/crpmlm\\\/seguimos-preguntando-donde-esta-tehuel\\\/#breadcrumb\"},\"inLanguage\":\"es\",\"potentialAction\":[{\"@type\":\"ReadAction\",\"target\":[\"https:\\\/\\\/vamosporlaliberacion.org\\\/crpmlm\\\/seguimos-preguntando-donde-esta-tehuel\\\/\"]}]},{\"@type\":\"ImageObject\",\"inLanguage\":\"es\",\"@id\":\"https:\\\/\\\/vamosporlaliberacion.org\\\/crpmlm\\\/seguimos-preguntando-donde-esta-tehuel\\\/#primaryimage\",\"url\":\"https:\\\/\\\/i0.wp.com\\\/vamosporlaliberacion.org\\\/crpmlm\\\/wp-content\\\/uploads\\\/2021\\\/04\\\/tehuel.jpeg?fit=720%2C405&ssl=1\",\"contentUrl\":\"https:\\\/\\\/i0.wp.com\\\/vamosporlaliberacion.org\\\/crpmlm\\\/wp-content\\\/uploads\\\/2021\\\/04\\\/tehuel.jpeg?fit=720%2C405&ssl=1\",\"width\":720,\"height\":405},{\"@type\":\"BreadcrumbList\",\"@id\":\"https:\\\/\\\/vamosporlaliberacion.org\\\/crpmlm\\\/seguimos-preguntando-donde-esta-tehuel\\\/#breadcrumb\",\"itemListElement\":[{\"@type\":\"ListItem\",\"position\":1,\"name\":\"Portada\",\"item\":\"https:\\\/\\\/vamosporlaliberacion.org\\\/crpmlm\\\/\"},{\"@type\":\"ListItem\",\"position\":2,\"name\":\"Seguimos preguntando: \u00bfd\u00f3nde est\u00e1 Tehuel?\"}]},{\"@type\":\"WebSite\",\"@id\":\"https:\\\/\\\/vamosporlaliberacion.org\\\/crpmlm\\\/#website\",\"url\":\"https:\\\/\\\/vamosporlaliberacion.org\\\/crpmlm\\\/\",\"name\":\"Vamos por la Liberaci\u00f3n\",\"description\":\"Prensa CR\",\"potentialAction\":[{\"@type\":\"SearchAction\",\"target\":{\"@type\":\"EntryPoint\",\"urlTemplate\":\"https:\\\/\\\/vamosporlaliberacion.org\\\/crpmlm\\\/?s={search_term_string}\"},\"query-input\":{\"@type\":\"PropertyValueSpecification\",\"valueRequired\":true,\"valueName\":\"search_term_string\"}}],\"inLanguage\":\"es\"},{\"@type\":\"Person\",\"@id\":\"https:\\\/\\\/vamosporlaliberacion.org\\\/crpmlm\\\/#\\\/schema\\\/person\\\/ebdbd4bf0e9418b9f0c0a93395366b2f\",\"name\":\"Prensa Vamos\",\"sameAs\":[\"http:\\\/\\\/vamposporlaliberacion.org\"],\"url\":\"https:\\\/\\\/vamosporlaliberacion.org\\\/crpmlm\\\/author\\\/editor\\\/\"}]}<\/script>\n<!-- \/ Yoast SEO plugin. -->","yoast_head_json":{"title":"Seguimos preguntando: \u00bfd\u00f3nde est\u00e1 Tehuel? - Vamos por la Liberaci\u00f3n","robots":{"index":"index","follow":"follow","max-snippet":"max-snippet:-1","max-image-preview":"max-image-preview:large","max-video-preview":"max-video-preview:-1"},"canonical":"https:\/\/vamosporlaliberacion.org\/crpmlm\/seguimos-preguntando-donde-esta-tehuel\/","twitter_misc":{"Escrito por":"Prensa Vamos","Tiempo de lectura":"2 minutos"},"schema":{"@context":"https:\/\/schema.org","@graph":[{"@type":"Article","@id":"https:\/\/vamosporlaliberacion.org\/crpmlm\/seguimos-preguntando-donde-esta-tehuel\/#article","isPartOf":{"@id":"https:\/\/vamosporlaliberacion.org\/crpmlm\/seguimos-preguntando-donde-esta-tehuel\/"},"author":{"name":"Prensa Vamos","@id":"https:\/\/vamosporlaliberacion.org\/crpmlm\/#\/schema\/person\/ebdbd4bf0e9418b9f0c0a93395366b2f"},"headline":"Seguimos preguntando: \u00bfd\u00f3nde est\u00e1 Tehuel?","datePublished":"2021-04-23T00:28:09+00:00","dateModified":"2021-04-23T00:28:16+00:00","mainEntityOfPage":{"@id":"https:\/\/vamosporlaliberacion.org\/crpmlm\/seguimos-preguntando-donde-esta-tehuel\/"},"wordCount":256,"commentCount":0,"image":{"@id":"https:\/\/vamosporlaliberacion.org\/crpmlm\/seguimos-preguntando-donde-esta-tehuel\/#primaryimage"},"thumbnailUrl":"https:\/\/i0.wp.com\/vamosporlaliberacion.org\/crpmlm\/wp-content\/uploads\/2021\/04\/tehuel.jpeg?fit=720%2C405&ssl=1","articleSection":["Genero","Noticias"],"inLanguage":"es","potentialAction":[{"@type":"CommentAction","name":"Comment","target":["https:\/\/vamosporlaliberacion.org\/crpmlm\/seguimos-preguntando-donde-esta-tehuel\/#respond"]}]},{"@type":"WebPage","@id":"https:\/\/vamosporlaliberacion.org\/crpmlm\/seguimos-preguntando-donde-esta-tehuel\/","url":"https:\/\/vamosporlaliberacion.org\/crpmlm\/seguimos-preguntando-donde-esta-tehuel\/","name":"Seguimos preguntando: \u00bfd\u00f3nde est\u00e1 Tehuel? - Vamos por la Liberaci\u00f3n","isPartOf":{"@id":"https:\/\/vamosporlaliberacion.org\/crpmlm\/#website"},"primaryImageOfPage":{"@id":"https:\/\/vamosporlaliberacion.org\/crpmlm\/seguimos-preguntando-donde-esta-tehuel\/#primaryimage"},"image":{"@id":"https:\/\/vamosporlaliberacion.org\/crpmlm\/seguimos-preguntando-donde-esta-tehuel\/#primaryimage"},"thumbnailUrl":"https:\/\/i0.wp.com\/vamosporlaliberacion.org\/crpmlm\/wp-content\/uploads\/2021\/04\/tehuel.jpeg?fit=720%2C405&ssl=1","datePublished":"2021-04-23T00:28:09+00:00","dateModified":"2021-04-23T00:28:16+00:00","author":{"@id":"https:\/\/vamosporlaliberacion.org\/crpmlm\/#\/schema\/person\/ebdbd4bf0e9418b9f0c0a93395366b2f"},"breadcrumb":{"@id":"https:\/\/vamosporlaliberacion.org\/crpmlm\/seguimos-preguntando-donde-esta-tehuel\/#breadcrumb"},"inLanguage":"es","potentialAction":[{"@type":"ReadAction","target":["https:\/\/vamosporlaliberacion.org\/crpmlm\/seguimos-preguntando-donde-esta-tehuel\/"]}]},{"@type":"ImageObject","inLanguage":"es","@id":"https:\/\/vamosporlaliberacion.org\/crpmlm\/seguimos-preguntando-donde-esta-tehuel\/#primaryimage","url":"https:\/\/i0.wp.com\/vamosporlaliberacion.org\/crpmlm\/wp-content\/uploads\/2021\/04\/tehuel.jpeg?fit=720%2C405&ssl=1","contentUrl":"https:\/\/i0.wp.com\/vamosporlaliberacion.org\/crpmlm\/wp-content\/uploads\/2021\/04\/tehuel.jpeg?fit=720%2C405&ssl=1","width":720,"height":405},{"@type":"BreadcrumbList","@id":"https:\/\/vamosporlaliberacion.org\/crpmlm\/seguimos-preguntando-donde-esta-tehuel\/#breadcrumb","itemListElement":[{"@type":"ListItem","position":1,"name":"Portada","item":"https:\/\/vamosporlaliberacion.org\/crpmlm\/"},{"@type":"ListItem","position":2,"name":"Seguimos preguntando: \u00bfd\u00f3nde est\u00e1 Tehuel?"}]},{"@type":"WebSite","@id":"https:\/\/vamosporlaliberacion.org\/crpmlm\/#website","url":"https:\/\/vamosporlaliberacion.org\/crpmlm\/","name":"Vamos por la Liberaci\u00f3n","description":"Prensa CR","potentialAction":[{"@type":"SearchAction","target":{"@type":"EntryPoint","urlTemplate":"https:\/\/vamosporlaliberacion.org\/crpmlm\/?s={search_term_string}"},"query-input":{"@type":"PropertyValueSpecification","valueRequired":true,"valueName":"search_term_string"}}],"inLanguage":"es"},{"@type":"Person","@id":"https:\/\/vamosporlaliberacion.org\/crpmlm\/#\/schema\/person\/ebdbd4bf0e9418b9f0c0a93395366b2f","name":"Prensa Vamos","sameAs":["http:\/\/vamposporlaliberacion.org"],"url":"https:\/\/vamosporlaliberacion.org\/crpmlm\/author\/editor\/"}]}},"jetpack_featured_media_url":"https:\/\/i0.wp.com\/vamosporlaliberacion.org\/crpmlm\/wp-content\/uploads\/2021\/04\/tehuel.jpeg?fit=720%2C405&ssl=1","jetpack_sharing_enabled":true,"_links":{"self":[{"href":"https:\/\/vamosporlaliberacion.org\/crpmlm\/wp-json\/wp\/v2\/posts\/23669","targetHints":{"allow":["GET"]}}],"collection":[{"href":"https:\/\/vamosporlaliberacion.org\/crpmlm\/wp-json\/wp\/v2\/posts"}],"about":[{"href":"https:\/\/vamosporlaliberacion.org\/crpmlm\/wp-json\/wp\/v2\/types\/post"}],"author":[{"embeddable":true,"href":"https:\/\/vamosporlaliberacion.org\/crpmlm\/wp-json\/wp\/v2\/users\/9"}],"replies":[{"embeddable":true,"href":"https:\/\/vamosporlaliberacion.org\/crpmlm\/wp-json\/wp\/v2\/comments?post=23669"}],"version-history":[{"count":1,"href":"https:\/\/vamosporlaliberacion.org\/crpmlm\/wp-json\/wp\/v2\/posts\/23669\/revisions"}],"predecessor-version":[{"id":23671,"href":"https:\/\/vamosporlaliberacion.org\/crpmlm\/wp-json\/wp\/v2\/posts\/23669\/revisions\/23671"}],"wp:featuredmedia":[{"embeddable":true,"href":"https:\/\/vamosporlaliberacion.org\/crpmlm\/wp-json\/wp\/v2\/media\/23670"}],"wp:attachment":[{"href":"https:\/\/vamosporlaliberacion.org\/crpmlm\/wp-json\/wp\/v2\/media?parent=23669"}],"wp:term":[{"taxonomy":"category","embeddable":true,"href":"https:\/\/vamosporlaliberacion.org\/crpmlm\/wp-json\/wp\/v2\/categories?post=23669"},{"taxonomy":"post_tag","embeddable":true,"href":"https:\/\/vamosporlaliberacion.org\/crpmlm\/wp-json\/wp\/v2\/tags?post=23669"}],"curies":[{"name":"wp","href":"https:\/\/api.w.org\/{rel}","templated":true}]}}