{"id":23445,"date":"2021-03-19T18:25:20","date_gmt":"2021-03-19T21:25:20","guid":{"rendered":"http:\/\/vamosporlaliberacion.org\/crpmlm\/?p=23445"},"modified":"2021-03-19T18:25:27","modified_gmt":"2021-03-19T21:25:27","slug":"vidas-que-importan","status":"publish","type":"post","link":"https:\/\/vamosporlaliberacion.org\/crpmlm\/vidas-que-importan\/","title":{"rendered":"Vidas que importan"},"content":{"rendered":"\n<p>    <strong>Una ni\u00f1a desaparece.<\/strong><\/p>\n\n\n\n<p>    <strong>Una ni\u00f1a indigente desaparece.<\/strong><\/p>\n\n\n\n<p>    <strong>La madre hace la denuncia.<\/strong><\/p>\n\n\n\n<p>    <strong>El Estado la ignora.<\/strong><\/p>\n\n\n\n<p>El caso de Maia puso en evidencia, m\u00e1s que nunca, el entramado de enorme desigualdad en el que vive gran parte de la poblaci\u00f3n de la Ciudad de Buenos Aires. Seg\u00fan los censos realizados por organizaciones sociales, alrededor de 7.300 personas son las que viven hoy en la calle. Pero el n\u00famero podr\u00eda ser considerablemente mayor.<\/p>\n\n\n\n<p>Sin embargo, a pesar de reflejar algo de claridad sobre el problema, las cifras no dicen mucho sobre el estado de vulnerabilidad en el que se encuentran las personas que viven en la calle. Y dicen a\u00fan menos sobre la situaci\u00f3n de mujeres y ni\u00f1es que han sido absolutamente abandonades por el Estado. Es bien sabido que en la calle no hay derechos. La ciudadan\u00eda requiere de cuatro paredes que la contengan para existir. Y quien carece de esas cuatro paredes es considerado lo que sobra, lo que es ajeno, lo que no se mira. Incluso lo que debe ser descartado. Las vidas de estas personas parecieran no importar. Y en el caso de las infancias, vulnerables por naturaleza, el abandono es a\u00fan mayor.<\/p>\n\n\n\n<h4 class=\"wp-block-heading\">Tal es el caso de Maia.<\/h4>\n\n\n\n<p>La desaparici\u00f3n de una ni\u00f1a no siempre es noticia. Y mucho menos la de una ni\u00f1a pobre. A diario desaparecen engrosando las filas de las redes de trata. Pero, en esta oportunidad, lo que la distingue de tantas otras es que el desamparo de la pobreza encontr\u00f3 su contrapartida en una enorme explosi\u00f3n de solidaridad de vecinos y vecinas de Barrio Cilda\u00f1ez que, en una expresi\u00f3n de hartazgo y ya acostumbrades a no ser escuchades, a no ser vistes, decidieron cortar la autopista para hacerse escuchar, para hacerse ver. As\u00ed, el caso tom\u00f3 estado p\u00fablico.<\/p>\n\n\n\n<p>Nos enteramos de que la nena y su mam\u00e1 viv\u00edan en la calle. Que un hombre que ya hab\u00eda sido denunciado por abuso de menores se la hab\u00eda llevado. Que el Estado decidi\u00f3 no tomarle la denuncia a la madre. Y que las vidas de quienes han sido arrastrades a la marginalidad tambi\u00e9n importan.<\/p>\n\n\n\n<h4 class=\"wp-block-heading\">\u00bfPero a qui\u00e9n?<\/h4>\n\n\n\n<p>La vulnerabilidad de Maia fue utilizada por funcionarios p\u00fablicos, a los que poco pareciera importarle la realidad de miles de personas que viven en la calle, para pasearse por canales de televisi\u00f3n y posicionarse de cara al futuro escenario electoral. No olvidemos que el ministro de Seguridad Berni que busc\u00f3 a Maia fue el mismo que se ocup\u00f3 de desalojar a miles de familias que se encontraban en la misma situaci\u00f3n de vulnerabilidad y precariedad en el predio de Guernica. Por otro lado, las autoridades de la Ciudad de Buenos Aires, encabezadas por Santilli, en un acto de cinismo a\u00fan mayor, hicieron lo mismo. Sin embargo, y a pesar del Estado, la b\u00fasqueda ya se hab\u00eda iniciado, gracias a la solidaridad de les vecines de Lugano, y encontrada, posteriormente, gracias a una vecina de Luj\u00e1n que al ver al hombre se anim\u00f3 a seguirlo y, de esta manera, Maia pudo ser rescatada con vida.<\/p>\n\n\n\n<p>Entonces vuelve a aparecer la misma pregunta. Las vidas de las personas arrastradas a la marginalidad importan. S\u00ed, \u00bfpero a qui\u00e9n?<\/p>\n\n\n\n<p>La secuencia de acciones que siguieron a la desaparici\u00f3n de una ni\u00f1a pobre demuestran que la expresi\u00f3n \u201cs\u00f3lo el pueblo salvar\u00e1 al pueblo\u201d se hace manifiesta y certera, de formas absolutas, en los momentos m\u00e1s dif\u00edciles y entre las personas m\u00e1s vulnerables: en una peque\u00f1a casilla de lonas que finge ser una casa sobre los m\u00e1rgenes de la autopista Dellepiane, como si se tratara, de alguna manera, de una representaci\u00f3n de los otros m\u00e1rgenes a los que son corridas las personas que viven en la calle, vive una familia. En esa familia, una ni\u00f1a. Un hombre se la lleva. La polic\u00eda no act\u00faa. Les vecines protestan. Los medios aparecen. Los funcionarios lo aprovechan. El pueblo la busca. El pueblo la encuentra.<\/p>\n\n\n\n<p>El caso tiene poco de representaci\u00f3n y mucho de realidad. Una realidad que evitamos ver. Pero que existe. Existe para cientos de personas a las que todos los d\u00edas les son arrebatados sus derechos. Y con ellos su dignidad. Y ya es tiempo de que el Estado se la devuelva y se haga presente. Se lo debe a Maia y, en ella, a cada una de las Maias a las que arrastran todos los d\u00edas a una vida cercenada por la pobreza y por la vulnerabilidad.<\/p>\n\n\n\n<h3 class=\"wp-block-heading\">Basta.<\/h3>\n\n\n\n<p><\/p>\n<!-- AddThis Advanced Settings generic via filter on the_content --><!-- AddThis Share Buttons generic via filter on the_content -->","protected":false},"excerpt":{"rendered":"<p>Una ni\u00f1a desaparece. Una ni\u00f1a indigente desaparece. La madre hace la denuncia. El Estado la ignora. El caso de Maia puso en evidencia, m\u00e1s que nunca, el entramado de enorme desigualdad en el que vive gran parte de la poblaci\u00f3n de la Ciudad de Buenos Aires. Seg\u00fan los censos realizados por organizaciones sociales, alrededor de [&hellip;]<!-- AddThis Advanced Settings generic via filter on get_the_excerpt --><!-- AddThis Share Buttons generic via filter on get_the_excerpt --><\/p>\n","protected":false},"author":9,"featured_media":23446,"comment_status":"open","ping_status":"open","sticky":false,"template":"","format":"standard","meta":{"_jetpack_memberships_contains_paid_content":false,"footnotes":""},"categories":[1875,1699],"tags":[],"class_list":{"0":"post-23445","1":"post","2":"type-post","3":"status-publish","4":"format-standard","5":"has-post-thumbnail","7":"category-genero","8":"category-noticias"},"yoast_head":"<!-- This site is optimized with the Yoast SEO plugin v27.4 - https:\/\/yoast.com\/product\/yoast-seo-wordpress\/ -->\n<title>Vidas que importan - Vamos por la Liberaci\u00f3n<\/title>\n<meta name=\"robots\" content=\"index, follow, max-snippet:-1, max-image-preview:large, max-video-preview:-1\" \/>\n<link rel=\"canonical\" href=\"https:\/\/vamosporlaliberacion.org\/crpmlm\/vidas-que-importan\/\" \/>\n<meta name=\"twitter:label1\" content=\"Escrito por\" \/>\n\t<meta name=\"twitter:data1\" content=\"Prensa Vamos\" \/>\n\t<meta name=\"twitter:label2\" content=\"Tiempo de lectura\" \/>\n\t<meta name=\"twitter:data2\" content=\"4 minutos\" \/>\n<script type=\"application\/ld+json\" class=\"yoast-schema-graph\">{\"@context\":\"https:\\\/\\\/schema.org\",\"@graph\":[{\"@type\":\"Article\",\"@id\":\"https:\\\/\\\/vamosporlaliberacion.org\\\/crpmlm\\\/vidas-que-importan\\\/#article\",\"isPartOf\":{\"@id\":\"https:\\\/\\\/vamosporlaliberacion.org\\\/crpmlm\\\/vidas-que-importan\\\/\"},\"author\":{\"name\":\"Prensa Vamos\",\"@id\":\"https:\\\/\\\/vamosporlaliberacion.org\\\/crpmlm\\\/#\\\/schema\\\/person\\\/ebdbd4bf0e9418b9f0c0a93395366b2f\"},\"headline\":\"Vidas que importan\",\"datePublished\":\"2021-03-19T21:25:20+00:00\",\"dateModified\":\"2021-03-19T21:25:27+00:00\",\"mainEntityOfPage\":{\"@id\":\"https:\\\/\\\/vamosporlaliberacion.org\\\/crpmlm\\\/vidas-que-importan\\\/\"},\"wordCount\":788,\"commentCount\":0,\"image\":{\"@id\":\"https:\\\/\\\/vamosporlaliberacion.org\\\/crpmlm\\\/vidas-que-importan\\\/#primaryimage\"},\"thumbnailUrl\":\"https:\\\/\\\/i0.wp.com\\\/vamosporlaliberacion.org\\\/crpmlm\\\/wp-content\\\/uploads\\\/2021\\\/03\\\/photo_2021-03-19_18-21-11.jpg?fit=420%2C236&ssl=1\",\"articleSection\":[\"Genero\",\"Noticias\"],\"inLanguage\":\"es\",\"potentialAction\":[{\"@type\":\"CommentAction\",\"name\":\"Comment\",\"target\":[\"https:\\\/\\\/vamosporlaliberacion.org\\\/crpmlm\\\/vidas-que-importan\\\/#respond\"]}]},{\"@type\":\"WebPage\",\"@id\":\"https:\\\/\\\/vamosporlaliberacion.org\\\/crpmlm\\\/vidas-que-importan\\\/\",\"url\":\"https:\\\/\\\/vamosporlaliberacion.org\\\/crpmlm\\\/vidas-que-importan\\\/\",\"name\":\"Vidas que importan - Vamos por la Liberaci\u00f3n\",\"isPartOf\":{\"@id\":\"https:\\\/\\\/vamosporlaliberacion.org\\\/crpmlm\\\/#website\"},\"primaryImageOfPage\":{\"@id\":\"https:\\\/\\\/vamosporlaliberacion.org\\\/crpmlm\\\/vidas-que-importan\\\/#primaryimage\"},\"image\":{\"@id\":\"https:\\\/\\\/vamosporlaliberacion.org\\\/crpmlm\\\/vidas-que-importan\\\/#primaryimage\"},\"thumbnailUrl\":\"https:\\\/\\\/i0.wp.com\\\/vamosporlaliberacion.org\\\/crpmlm\\\/wp-content\\\/uploads\\\/2021\\\/03\\\/photo_2021-03-19_18-21-11.jpg?fit=420%2C236&ssl=1\",\"datePublished\":\"2021-03-19T21:25:20+00:00\",\"dateModified\":\"2021-03-19T21:25:27+00:00\",\"author\":{\"@id\":\"https:\\\/\\\/vamosporlaliberacion.org\\\/crpmlm\\\/#\\\/schema\\\/person\\\/ebdbd4bf0e9418b9f0c0a93395366b2f\"},\"breadcrumb\":{\"@id\":\"https:\\\/\\\/vamosporlaliberacion.org\\\/crpmlm\\\/vidas-que-importan\\\/#breadcrumb\"},\"inLanguage\":\"es\",\"potentialAction\":[{\"@type\":\"ReadAction\",\"target\":[\"https:\\\/\\\/vamosporlaliberacion.org\\\/crpmlm\\\/vidas-que-importan\\\/\"]}]},{\"@type\":\"ImageObject\",\"inLanguage\":\"es\",\"@id\":\"https:\\\/\\\/vamosporlaliberacion.org\\\/crpmlm\\\/vidas-que-importan\\\/#primaryimage\",\"url\":\"https:\\\/\\\/i0.wp.com\\\/vamosporlaliberacion.org\\\/crpmlm\\\/wp-content\\\/uploads\\\/2021\\\/03\\\/photo_2021-03-19_18-21-11.jpg?fit=420%2C236&ssl=1\",\"contentUrl\":\"https:\\\/\\\/i0.wp.com\\\/vamosporlaliberacion.org\\\/crpmlm\\\/wp-content\\\/uploads\\\/2021\\\/03\\\/photo_2021-03-19_18-21-11.jpg?fit=420%2C236&ssl=1\",\"width\":420,\"height\":236},{\"@type\":\"BreadcrumbList\",\"@id\":\"https:\\\/\\\/vamosporlaliberacion.org\\\/crpmlm\\\/vidas-que-importan\\\/#breadcrumb\",\"itemListElement\":[{\"@type\":\"ListItem\",\"position\":1,\"name\":\"Portada\",\"item\":\"https:\\\/\\\/vamosporlaliberacion.org\\\/crpmlm\\\/\"},{\"@type\":\"ListItem\",\"position\":2,\"name\":\"Vidas que importan\"}]},{\"@type\":\"WebSite\",\"@id\":\"https:\\\/\\\/vamosporlaliberacion.org\\\/crpmlm\\\/#website\",\"url\":\"https:\\\/\\\/vamosporlaliberacion.org\\\/crpmlm\\\/\",\"name\":\"Vamos por la Liberaci\u00f3n\",\"description\":\"Prensa CR\",\"potentialAction\":[{\"@type\":\"SearchAction\",\"target\":{\"@type\":\"EntryPoint\",\"urlTemplate\":\"https:\\\/\\\/vamosporlaliberacion.org\\\/crpmlm\\\/?s={search_term_string}\"},\"query-input\":{\"@type\":\"PropertyValueSpecification\",\"valueRequired\":true,\"valueName\":\"search_term_string\"}}],\"inLanguage\":\"es\"},{\"@type\":\"Person\",\"@id\":\"https:\\\/\\\/vamosporlaliberacion.org\\\/crpmlm\\\/#\\\/schema\\\/person\\\/ebdbd4bf0e9418b9f0c0a93395366b2f\",\"name\":\"Prensa Vamos\",\"sameAs\":[\"http:\\\/\\\/vamposporlaliberacion.org\"],\"url\":\"https:\\\/\\\/vamosporlaliberacion.org\\\/crpmlm\\\/author\\\/editor\\\/\"}]}<\/script>\n<!-- \/ Yoast SEO plugin. -->","yoast_head_json":{"title":"Vidas que importan - Vamos por la Liberaci\u00f3n","robots":{"index":"index","follow":"follow","max-snippet":"max-snippet:-1","max-image-preview":"max-image-preview:large","max-video-preview":"max-video-preview:-1"},"canonical":"https:\/\/vamosporlaliberacion.org\/crpmlm\/vidas-que-importan\/","twitter_misc":{"Escrito por":"Prensa Vamos","Tiempo de lectura":"4 minutos"},"schema":{"@context":"https:\/\/schema.org","@graph":[{"@type":"Article","@id":"https:\/\/vamosporlaliberacion.org\/crpmlm\/vidas-que-importan\/#article","isPartOf":{"@id":"https:\/\/vamosporlaliberacion.org\/crpmlm\/vidas-que-importan\/"},"author":{"name":"Prensa Vamos","@id":"https:\/\/vamosporlaliberacion.org\/crpmlm\/#\/schema\/person\/ebdbd4bf0e9418b9f0c0a93395366b2f"},"headline":"Vidas que importan","datePublished":"2021-03-19T21:25:20+00:00","dateModified":"2021-03-19T21:25:27+00:00","mainEntityOfPage":{"@id":"https:\/\/vamosporlaliberacion.org\/crpmlm\/vidas-que-importan\/"},"wordCount":788,"commentCount":0,"image":{"@id":"https:\/\/vamosporlaliberacion.org\/crpmlm\/vidas-que-importan\/#primaryimage"},"thumbnailUrl":"https:\/\/i0.wp.com\/vamosporlaliberacion.org\/crpmlm\/wp-content\/uploads\/2021\/03\/photo_2021-03-19_18-21-11.jpg?fit=420%2C236&ssl=1","articleSection":["Genero","Noticias"],"inLanguage":"es","potentialAction":[{"@type":"CommentAction","name":"Comment","target":["https:\/\/vamosporlaliberacion.org\/crpmlm\/vidas-que-importan\/#respond"]}]},{"@type":"WebPage","@id":"https:\/\/vamosporlaliberacion.org\/crpmlm\/vidas-que-importan\/","url":"https:\/\/vamosporlaliberacion.org\/crpmlm\/vidas-que-importan\/","name":"Vidas que importan - Vamos por la Liberaci\u00f3n","isPartOf":{"@id":"https:\/\/vamosporlaliberacion.org\/crpmlm\/#website"},"primaryImageOfPage":{"@id":"https:\/\/vamosporlaliberacion.org\/crpmlm\/vidas-que-importan\/#primaryimage"},"image":{"@id":"https:\/\/vamosporlaliberacion.org\/crpmlm\/vidas-que-importan\/#primaryimage"},"thumbnailUrl":"https:\/\/i0.wp.com\/vamosporlaliberacion.org\/crpmlm\/wp-content\/uploads\/2021\/03\/photo_2021-03-19_18-21-11.jpg?fit=420%2C236&ssl=1","datePublished":"2021-03-19T21:25:20+00:00","dateModified":"2021-03-19T21:25:27+00:00","author":{"@id":"https:\/\/vamosporlaliberacion.org\/crpmlm\/#\/schema\/person\/ebdbd4bf0e9418b9f0c0a93395366b2f"},"breadcrumb":{"@id":"https:\/\/vamosporlaliberacion.org\/crpmlm\/vidas-que-importan\/#breadcrumb"},"inLanguage":"es","potentialAction":[{"@type":"ReadAction","target":["https:\/\/vamosporlaliberacion.org\/crpmlm\/vidas-que-importan\/"]}]},{"@type":"ImageObject","inLanguage":"es","@id":"https:\/\/vamosporlaliberacion.org\/crpmlm\/vidas-que-importan\/#primaryimage","url":"https:\/\/i0.wp.com\/vamosporlaliberacion.org\/crpmlm\/wp-content\/uploads\/2021\/03\/photo_2021-03-19_18-21-11.jpg?fit=420%2C236&ssl=1","contentUrl":"https:\/\/i0.wp.com\/vamosporlaliberacion.org\/crpmlm\/wp-content\/uploads\/2021\/03\/photo_2021-03-19_18-21-11.jpg?fit=420%2C236&ssl=1","width":420,"height":236},{"@type":"BreadcrumbList","@id":"https:\/\/vamosporlaliberacion.org\/crpmlm\/vidas-que-importan\/#breadcrumb","itemListElement":[{"@type":"ListItem","position":1,"name":"Portada","item":"https:\/\/vamosporlaliberacion.org\/crpmlm\/"},{"@type":"ListItem","position":2,"name":"Vidas que importan"}]},{"@type":"WebSite","@id":"https:\/\/vamosporlaliberacion.org\/crpmlm\/#website","url":"https:\/\/vamosporlaliberacion.org\/crpmlm\/","name":"Vamos por la Liberaci\u00f3n","description":"Prensa CR","potentialAction":[{"@type":"SearchAction","target":{"@type":"EntryPoint","urlTemplate":"https:\/\/vamosporlaliberacion.org\/crpmlm\/?s={search_term_string}"},"query-input":{"@type":"PropertyValueSpecification","valueRequired":true,"valueName":"search_term_string"}}],"inLanguage":"es"},{"@type":"Person","@id":"https:\/\/vamosporlaliberacion.org\/crpmlm\/#\/schema\/person\/ebdbd4bf0e9418b9f0c0a93395366b2f","name":"Prensa Vamos","sameAs":["http:\/\/vamposporlaliberacion.org"],"url":"https:\/\/vamosporlaliberacion.org\/crpmlm\/author\/editor\/"}]}},"jetpack_featured_media_url":"https:\/\/i0.wp.com\/vamosporlaliberacion.org\/crpmlm\/wp-content\/uploads\/2021\/03\/photo_2021-03-19_18-21-11.jpg?fit=420%2C236&ssl=1","jetpack_sharing_enabled":true,"_links":{"self":[{"href":"https:\/\/vamosporlaliberacion.org\/crpmlm\/wp-json\/wp\/v2\/posts\/23445","targetHints":{"allow":["GET"]}}],"collection":[{"href":"https:\/\/vamosporlaliberacion.org\/crpmlm\/wp-json\/wp\/v2\/posts"}],"about":[{"href":"https:\/\/vamosporlaliberacion.org\/crpmlm\/wp-json\/wp\/v2\/types\/post"}],"author":[{"embeddable":true,"href":"https:\/\/vamosporlaliberacion.org\/crpmlm\/wp-json\/wp\/v2\/users\/9"}],"replies":[{"embeddable":true,"href":"https:\/\/vamosporlaliberacion.org\/crpmlm\/wp-json\/wp\/v2\/comments?post=23445"}],"version-history":[{"count":1,"href":"https:\/\/vamosporlaliberacion.org\/crpmlm\/wp-json\/wp\/v2\/posts\/23445\/revisions"}],"predecessor-version":[{"id":23447,"href":"https:\/\/vamosporlaliberacion.org\/crpmlm\/wp-json\/wp\/v2\/posts\/23445\/revisions\/23447"}],"wp:featuredmedia":[{"embeddable":true,"href":"https:\/\/vamosporlaliberacion.org\/crpmlm\/wp-json\/wp\/v2\/media\/23446"}],"wp:attachment":[{"href":"https:\/\/vamosporlaliberacion.org\/crpmlm\/wp-json\/wp\/v2\/media?parent=23445"}],"wp:term":[{"taxonomy":"category","embeddable":true,"href":"https:\/\/vamosporlaliberacion.org\/crpmlm\/wp-json\/wp\/v2\/categories?post=23445"},{"taxonomy":"post_tag","embeddable":true,"href":"https:\/\/vamosporlaliberacion.org\/crpmlm\/wp-json\/wp\/v2\/tags?post=23445"}],"curies":[{"name":"wp","href":"https:\/\/api.w.org\/{rel}","templated":true}]}}