{"id":23340,"date":"2021-03-08T16:17:06","date_gmt":"2021-03-08T19:17:06","guid":{"rendered":"http:\/\/vamosporlaliberacion.org\/crpmlm\/?p=23340"},"modified":"2021-03-27T16:41:23","modified_gmt":"2021-03-27T19:41:23","slug":"sur-de-santa-fe-acto-y-paro-plurinacional-de-mujeres-y-disidencias","status":"publish","type":"post","link":"https:\/\/vamosporlaliberacion.org\/crpmlm\/sur-de-santa-fe-acto-y-paro-plurinacional-de-mujeres-y-disidencias\/","title":{"rendered":"Sur de Santa Fe: acto y paro plurinacional de mujeres y disidencias"},"content":{"rendered":"\n<p>La conmemoraci\u00f3n por el D\u00eda Internacional de la Mujer Trabajadora arranc\u00f3 a puro bombo en el cord\u00f3n industrial del sur de Santa Fe el domingo 7\/3.<br>\u201cMovilizamos en San Lorenzo hasta Puerto General San Mart\u00edn, ya que es un lugar muy complejo, donde hubo muchos femicidios que a\u00fan no tuvieron justicia \u2013explica Patricia Mamani de la agrupaci\u00f3n Bartolina Sisa\u2013. Las compa\u00f1eras de la Bartorina encabezamos la marcha con la batucada. Vinieron compa\u00f1eras de Pueblo Esther y Alvear, del campo y las que trabajan en el ladrillo. Estamos muy contentas, muchas compa\u00f1eras hicieron todo lo posible por venir. Fue su primera marcha como mujeres.<\/p>\n\n\n\n<p>Este es el primer a\u00f1o que logramos ac\u00e1 el paro de mujeres y disidencias\u201d. En el acto central se ley\u00f3 un documento multisectorial y entre otras expresiones de artistas locales, las compa\u00f1eras de la Barolina Sisa bailaron su danza Salay. \u00a1Jalalla mujeres de pollera! \u00a1Fuerza obreras y campesinas!<\/p>\n\n\n\n<div class=\"wp-block-jetpack-tiled-gallery aligncenter is-style-rectangular\"><div class=\"tiled-gallery__gallery\"><div class=\"tiled-gallery__row\"><div class=\"tiled-gallery__col\" style=\"flex-basis:100%\"><figure class=\"tiled-gallery__item\"><img decoding=\"async\" srcset=\"https:\/\/i2.wp.com\/vamosporlaliberacion.org\/crpmlm\/wp-content\/uploads\/2021\/03\/IMG-20210307-WA0018.jpg?strip=info&#038;w=600&#038;ssl=1 600w,https:\/\/i2.wp.com\/vamosporlaliberacion.org\/crpmlm\/wp-content\/uploads\/2021\/03\/IMG-20210307-WA0018.jpg?strip=info&#038;w=900&#038;ssl=1 900w,https:\/\/i2.wp.com\/vamosporlaliberacion.org\/crpmlm\/wp-content\/uploads\/2021\/03\/IMG-20210307-WA0018.jpg?strip=info&#038;w=1024&#038;ssl=1 1024w\" alt=\"\" data-height=\"473\" data-id=\"23344\" data-link=\"http:\/\/vamosporlaliberacion.org\/crpmlm\/sur-de-santa-fe-acto-y-paro-plurinacional-de-mujeres-y-disidencias\/img-20210307-wa0018\/\" data-url=\"http:\/\/vamosporlaliberacion.org\/crpmlm\/wp-content\/uploads\/2021\/03\/IMG-20210307-WA0018.jpg\" data-width=\"1024\" src=\"https:\/\/i2.wp.com\/vamosporlaliberacion.org\/crpmlm\/wp-content\/uploads\/2021\/03\/IMG-20210307-WA0018.jpg?ssl=1\" layout=\"responsive\"\/><\/figure><\/div><\/div><div class=\"tiled-gallery__row\"><div class=\"tiled-gallery__col\" style=\"flex-basis:100%\"><figure class=\"tiled-gallery__item\"><img decoding=\"async\" srcset=\"https:\/\/i1.wp.com\/vamosporlaliberacion.org\/crpmlm\/wp-content\/uploads\/2021\/03\/IMG-20210307-WA0017.jpg?strip=info&#038;w=600&#038;ssl=1 600w,https:\/\/i1.wp.com\/vamosporlaliberacion.org\/crpmlm\/wp-content\/uploads\/2021\/03\/IMG-20210307-WA0017.jpg?strip=info&#038;w=900&#038;ssl=1 900w,https:\/\/i1.wp.com\/vamosporlaliberacion.org\/crpmlm\/wp-content\/uploads\/2021\/03\/IMG-20210307-WA0017.jpg?strip=info&#038;w=1024&#038;ssl=1 1024w\" alt=\"\" data-height=\"473\" data-id=\"23345\" data-link=\"http:\/\/vamosporlaliberacion.org\/crpmlm\/sur-de-santa-fe-acto-y-paro-plurinacional-de-mujeres-y-disidencias\/img-20210307-wa0017\/\" data-url=\"http:\/\/vamosporlaliberacion.org\/crpmlm\/wp-content\/uploads\/2021\/03\/IMG-20210307-WA0017.jpg\" data-width=\"1024\" src=\"https:\/\/i1.wp.com\/vamosporlaliberacion.org\/crpmlm\/wp-content\/uploads\/2021\/03\/IMG-20210307-WA0017.jpg?ssl=1\" layout=\"responsive\"\/><\/figure><\/div><\/div><div class=\"tiled-gallery__row\"><div class=\"tiled-gallery__col\" style=\"flex-basis:100%\"><figure class=\"tiled-gallery__item\"><img decoding=\"async\" srcset=\"https:\/\/i2.wp.com\/vamosporlaliberacion.org\/crpmlm\/wp-content\/uploads\/2021\/03\/IMG-20210308-WA0016.jpg?strip=info&#038;w=600&#038;ssl=1 600w,https:\/\/i2.wp.com\/vamosporlaliberacion.org\/crpmlm\/wp-content\/uploads\/2021\/03\/IMG-20210308-WA0016.jpg?strip=info&#038;w=900&#038;ssl=1 900w,https:\/\/i2.wp.com\/vamosporlaliberacion.org\/crpmlm\/wp-content\/uploads\/2021\/03\/IMG-20210308-WA0016.jpg?strip=info&#038;w=1024&#038;ssl=1 1024w\" alt=\"\" data-height=\"768\" data-id=\"23346\" data-link=\"http:\/\/vamosporlaliberacion.org\/crpmlm\/sur-de-santa-fe-acto-y-paro-plurinacional-de-mujeres-y-disidencias\/img-20210308-wa0016\/\" data-url=\"http:\/\/vamosporlaliberacion.org\/crpmlm\/wp-content\/uploads\/2021\/03\/IMG-20210308-WA0016.jpg\" data-width=\"1024\" src=\"https:\/\/i2.wp.com\/vamosporlaliberacion.org\/crpmlm\/wp-content\/uploads\/2021\/03\/IMG-20210308-WA0016.jpg?ssl=1\" layout=\"responsive\"\/><\/figure><\/div><\/div><\/div><\/div>\n<!-- AddThis Advanced Settings generic via filter on the_content --><!-- AddThis Share Buttons generic via filter on the_content -->","protected":false},"excerpt":{"rendered":"<p>La conmemoraci\u00f3n por el D\u00eda Internacional de la Mujer Trabajadora arranc\u00f3 a puro bombo en el cord\u00f3n industrial del sur de Santa Fe el domingo 7\/3.\u201cMovilizamos en San Lorenzo hasta Puerto General San Mart\u00edn, ya que es un lugar muy complejo, donde hubo muchos femicidios que a\u00fan no tuvieron justicia \u2013explica Patricia Mamani de la [&hellip;]<!-- AddThis Advanced Settings generic via filter on get_the_excerpt --><!-- AddThis Share Buttons generic via filter on get_the_excerpt --><\/p>\n","protected":false},"author":9,"featured_media":23341,"comment_status":"open","ping_status":"open","sticky":false,"template":"","format":"standard","meta":{"_jetpack_memberships_contains_paid_content":false,"footnotes":""},"categories":[1875],"tags":[],"class_list":{"0":"post-23340","1":"post","2":"type-post","3":"status-publish","4":"format-standard","5":"has-post-thumbnail","7":"category-genero"},"yoast_head":"<!-- This site is optimized with the Yoast SEO plugin v27.4 - https:\/\/yoast.com\/product\/yoast-seo-wordpress\/ -->\n<title>Sur de Santa Fe: acto y paro plurinacional de mujeres y disidencias - Vamos por la Liberaci\u00f3n<\/title>\n<meta name=\"robots\" content=\"index, follow, max-snippet:-1, max-image-preview:large, max-video-preview:-1\" \/>\n<link rel=\"canonical\" href=\"https:\/\/vamosporlaliberacion.org\/crpmlm\/sur-de-santa-fe-acto-y-paro-plurinacional-de-mujeres-y-disidencias\/\" \/>\n<meta name=\"twitter:label1\" content=\"Escrito por\" \/>\n\t<meta name=\"twitter:data1\" content=\"Prensa Vamos\" \/>\n\t<meta name=\"twitter:label2\" content=\"Tiempo de lectura\" \/>\n\t<meta name=\"twitter:data2\" content=\"1 minuto\" \/>\n<script type=\"application\/ld+json\" class=\"yoast-schema-graph\">{\"@context\":\"https:\\\/\\\/schema.org\",\"@graph\":[{\"@type\":\"Article\",\"@id\":\"https:\\\/\\\/vamosporlaliberacion.org\\\/crpmlm\\\/sur-de-santa-fe-acto-y-paro-plurinacional-de-mujeres-y-disidencias\\\/#article\",\"isPartOf\":{\"@id\":\"https:\\\/\\\/vamosporlaliberacion.org\\\/crpmlm\\\/sur-de-santa-fe-acto-y-paro-plurinacional-de-mujeres-y-disidencias\\\/\"},\"author\":{\"name\":\"Prensa Vamos\",\"@id\":\"https:\\\/\\\/vamosporlaliberacion.org\\\/crpmlm\\\/#\\\/schema\\\/person\\\/ebdbd4bf0e9418b9f0c0a93395366b2f\"},\"headline\":\"Sur de Santa Fe: acto y paro plurinacional de mujeres y disidencias\",\"datePublished\":\"2021-03-08T19:17:06+00:00\",\"dateModified\":\"2021-03-27T19:41:23+00:00\",\"mainEntityOfPage\":{\"@id\":\"https:\\\/\\\/vamosporlaliberacion.org\\\/crpmlm\\\/sur-de-santa-fe-acto-y-paro-plurinacional-de-mujeres-y-disidencias\\\/\"},\"wordCount\":173,\"commentCount\":0,\"image\":{\"@id\":\"https:\\\/\\\/vamosporlaliberacion.org\\\/crpmlm\\\/sur-de-santa-fe-acto-y-paro-plurinacional-de-mujeres-y-disidencias\\\/#primaryimage\"},\"thumbnailUrl\":\"https:\\\/\\\/i0.wp.com\\\/vamosporlaliberacion.org\\\/crpmlm\\\/wp-content\\\/uploads\\\/2021\\\/03\\\/IMG-20210307-WA0016.jpg?fit=1024%2C576&ssl=1\",\"articleSection\":[\"Genero\"],\"inLanguage\":\"es\",\"potentialAction\":[{\"@type\":\"CommentAction\",\"name\":\"Comment\",\"target\":[\"https:\\\/\\\/vamosporlaliberacion.org\\\/crpmlm\\\/sur-de-santa-fe-acto-y-paro-plurinacional-de-mujeres-y-disidencias\\\/#respond\"]}]},{\"@type\":\"WebPage\",\"@id\":\"https:\\\/\\\/vamosporlaliberacion.org\\\/crpmlm\\\/sur-de-santa-fe-acto-y-paro-plurinacional-de-mujeres-y-disidencias\\\/\",\"url\":\"https:\\\/\\\/vamosporlaliberacion.org\\\/crpmlm\\\/sur-de-santa-fe-acto-y-paro-plurinacional-de-mujeres-y-disidencias\\\/\",\"name\":\"Sur de Santa Fe: acto y paro plurinacional de mujeres y disidencias - Vamos por la Liberaci\u00f3n\",\"isPartOf\":{\"@id\":\"https:\\\/\\\/vamosporlaliberacion.org\\\/crpmlm\\\/#website\"},\"primaryImageOfPage\":{\"@id\":\"https:\\\/\\\/vamosporlaliberacion.org\\\/crpmlm\\\/sur-de-santa-fe-acto-y-paro-plurinacional-de-mujeres-y-disidencias\\\/#primaryimage\"},\"image\":{\"@id\":\"https:\\\/\\\/vamosporlaliberacion.org\\\/crpmlm\\\/sur-de-santa-fe-acto-y-paro-plurinacional-de-mujeres-y-disidencias\\\/#primaryimage\"},\"thumbnailUrl\":\"https:\\\/\\\/i0.wp.com\\\/vamosporlaliberacion.org\\\/crpmlm\\\/wp-content\\\/uploads\\\/2021\\\/03\\\/IMG-20210307-WA0016.jpg?fit=1024%2C576&ssl=1\",\"datePublished\":\"2021-03-08T19:17:06+00:00\",\"dateModified\":\"2021-03-27T19:41:23+00:00\",\"author\":{\"@id\":\"https:\\\/\\\/vamosporlaliberacion.org\\\/crpmlm\\\/#\\\/schema\\\/person\\\/ebdbd4bf0e9418b9f0c0a93395366b2f\"},\"breadcrumb\":{\"@id\":\"https:\\\/\\\/vamosporlaliberacion.org\\\/crpmlm\\\/sur-de-santa-fe-acto-y-paro-plurinacional-de-mujeres-y-disidencias\\\/#breadcrumb\"},\"inLanguage\":\"es\",\"potentialAction\":[{\"@type\":\"ReadAction\",\"target\":[\"https:\\\/\\\/vamosporlaliberacion.org\\\/crpmlm\\\/sur-de-santa-fe-acto-y-paro-plurinacional-de-mujeres-y-disidencias\\\/\"]}]},{\"@type\":\"ImageObject\",\"inLanguage\":\"es\",\"@id\":\"https:\\\/\\\/vamosporlaliberacion.org\\\/crpmlm\\\/sur-de-santa-fe-acto-y-paro-plurinacional-de-mujeres-y-disidencias\\\/#primaryimage\",\"url\":\"https:\\\/\\\/i0.wp.com\\\/vamosporlaliberacion.org\\\/crpmlm\\\/wp-content\\\/uploads\\\/2021\\\/03\\\/IMG-20210307-WA0016.jpg?fit=1024%2C576&ssl=1\",\"contentUrl\":\"https:\\\/\\\/i0.wp.com\\\/vamosporlaliberacion.org\\\/crpmlm\\\/wp-content\\\/uploads\\\/2021\\\/03\\\/IMG-20210307-WA0016.jpg?fit=1024%2C576&ssl=1\",\"width\":1024,\"height\":576},{\"@type\":\"BreadcrumbList\",\"@id\":\"https:\\\/\\\/vamosporlaliberacion.org\\\/crpmlm\\\/sur-de-santa-fe-acto-y-paro-plurinacional-de-mujeres-y-disidencias\\\/#breadcrumb\",\"itemListElement\":[{\"@type\":\"ListItem\",\"position\":1,\"name\":\"Portada\",\"item\":\"https:\\\/\\\/vamosporlaliberacion.org\\\/crpmlm\\\/\"},{\"@type\":\"ListItem\",\"position\":2,\"name\":\"Sur de Santa Fe: acto y paro plurinacional de mujeres y disidencias\"}]},{\"@type\":\"WebSite\",\"@id\":\"https:\\\/\\\/vamosporlaliberacion.org\\\/crpmlm\\\/#website\",\"url\":\"https:\\\/\\\/vamosporlaliberacion.org\\\/crpmlm\\\/\",\"name\":\"Vamos por la Liberaci\u00f3n\",\"description\":\"Prensa CR\",\"potentialAction\":[{\"@type\":\"SearchAction\",\"target\":{\"@type\":\"EntryPoint\",\"urlTemplate\":\"https:\\\/\\\/vamosporlaliberacion.org\\\/crpmlm\\\/?s={search_term_string}\"},\"query-input\":{\"@type\":\"PropertyValueSpecification\",\"valueRequired\":true,\"valueName\":\"search_term_string\"}}],\"inLanguage\":\"es\"},{\"@type\":\"Person\",\"@id\":\"https:\\\/\\\/vamosporlaliberacion.org\\\/crpmlm\\\/#\\\/schema\\\/person\\\/ebdbd4bf0e9418b9f0c0a93395366b2f\",\"name\":\"Prensa Vamos\",\"sameAs\":[\"http:\\\/\\\/vamposporlaliberacion.org\"],\"url\":\"https:\\\/\\\/vamosporlaliberacion.org\\\/crpmlm\\\/author\\\/editor\\\/\"}]}<\/script>\n<!-- \/ Yoast SEO plugin. -->","yoast_head_json":{"title":"Sur de Santa Fe: acto y paro plurinacional de mujeres y disidencias - Vamos por la Liberaci\u00f3n","robots":{"index":"index","follow":"follow","max-snippet":"max-snippet:-1","max-image-preview":"max-image-preview:large","max-video-preview":"max-video-preview:-1"},"canonical":"https:\/\/vamosporlaliberacion.org\/crpmlm\/sur-de-santa-fe-acto-y-paro-plurinacional-de-mujeres-y-disidencias\/","twitter_misc":{"Escrito por":"Prensa Vamos","Tiempo de lectura":"1 minuto"},"schema":{"@context":"https:\/\/schema.org","@graph":[{"@type":"Article","@id":"https:\/\/vamosporlaliberacion.org\/crpmlm\/sur-de-santa-fe-acto-y-paro-plurinacional-de-mujeres-y-disidencias\/#article","isPartOf":{"@id":"https:\/\/vamosporlaliberacion.org\/crpmlm\/sur-de-santa-fe-acto-y-paro-plurinacional-de-mujeres-y-disidencias\/"},"author":{"name":"Prensa Vamos","@id":"https:\/\/vamosporlaliberacion.org\/crpmlm\/#\/schema\/person\/ebdbd4bf0e9418b9f0c0a93395366b2f"},"headline":"Sur de Santa Fe: acto y paro plurinacional de mujeres y disidencias","datePublished":"2021-03-08T19:17:06+00:00","dateModified":"2021-03-27T19:41:23+00:00","mainEntityOfPage":{"@id":"https:\/\/vamosporlaliberacion.org\/crpmlm\/sur-de-santa-fe-acto-y-paro-plurinacional-de-mujeres-y-disidencias\/"},"wordCount":173,"commentCount":0,"image":{"@id":"https:\/\/vamosporlaliberacion.org\/crpmlm\/sur-de-santa-fe-acto-y-paro-plurinacional-de-mujeres-y-disidencias\/#primaryimage"},"thumbnailUrl":"https:\/\/i0.wp.com\/vamosporlaliberacion.org\/crpmlm\/wp-content\/uploads\/2021\/03\/IMG-20210307-WA0016.jpg?fit=1024%2C576&ssl=1","articleSection":["Genero"],"inLanguage":"es","potentialAction":[{"@type":"CommentAction","name":"Comment","target":["https:\/\/vamosporlaliberacion.org\/crpmlm\/sur-de-santa-fe-acto-y-paro-plurinacional-de-mujeres-y-disidencias\/#respond"]}]},{"@type":"WebPage","@id":"https:\/\/vamosporlaliberacion.org\/crpmlm\/sur-de-santa-fe-acto-y-paro-plurinacional-de-mujeres-y-disidencias\/","url":"https:\/\/vamosporlaliberacion.org\/crpmlm\/sur-de-santa-fe-acto-y-paro-plurinacional-de-mujeres-y-disidencias\/","name":"Sur de Santa Fe: acto y paro plurinacional de mujeres y disidencias - Vamos por la Liberaci\u00f3n","isPartOf":{"@id":"https:\/\/vamosporlaliberacion.org\/crpmlm\/#website"},"primaryImageOfPage":{"@id":"https:\/\/vamosporlaliberacion.org\/crpmlm\/sur-de-santa-fe-acto-y-paro-plurinacional-de-mujeres-y-disidencias\/#primaryimage"},"image":{"@id":"https:\/\/vamosporlaliberacion.org\/crpmlm\/sur-de-santa-fe-acto-y-paro-plurinacional-de-mujeres-y-disidencias\/#primaryimage"},"thumbnailUrl":"https:\/\/i0.wp.com\/vamosporlaliberacion.org\/crpmlm\/wp-content\/uploads\/2021\/03\/IMG-20210307-WA0016.jpg?fit=1024%2C576&ssl=1","datePublished":"2021-03-08T19:17:06+00:00","dateModified":"2021-03-27T19:41:23+00:00","author":{"@id":"https:\/\/vamosporlaliberacion.org\/crpmlm\/#\/schema\/person\/ebdbd4bf0e9418b9f0c0a93395366b2f"},"breadcrumb":{"@id":"https:\/\/vamosporlaliberacion.org\/crpmlm\/sur-de-santa-fe-acto-y-paro-plurinacional-de-mujeres-y-disidencias\/#breadcrumb"},"inLanguage":"es","potentialAction":[{"@type":"ReadAction","target":["https:\/\/vamosporlaliberacion.org\/crpmlm\/sur-de-santa-fe-acto-y-paro-plurinacional-de-mujeres-y-disidencias\/"]}]},{"@type":"ImageObject","inLanguage":"es","@id":"https:\/\/vamosporlaliberacion.org\/crpmlm\/sur-de-santa-fe-acto-y-paro-plurinacional-de-mujeres-y-disidencias\/#primaryimage","url":"https:\/\/i0.wp.com\/vamosporlaliberacion.org\/crpmlm\/wp-content\/uploads\/2021\/03\/IMG-20210307-WA0016.jpg?fit=1024%2C576&ssl=1","contentUrl":"https:\/\/i0.wp.com\/vamosporlaliberacion.org\/crpmlm\/wp-content\/uploads\/2021\/03\/IMG-20210307-WA0016.jpg?fit=1024%2C576&ssl=1","width":1024,"height":576},{"@type":"BreadcrumbList","@id":"https:\/\/vamosporlaliberacion.org\/crpmlm\/sur-de-santa-fe-acto-y-paro-plurinacional-de-mujeres-y-disidencias\/#breadcrumb","itemListElement":[{"@type":"ListItem","position":1,"name":"Portada","item":"https:\/\/vamosporlaliberacion.org\/crpmlm\/"},{"@type":"ListItem","position":2,"name":"Sur de Santa Fe: acto y paro plurinacional de mujeres y disidencias"}]},{"@type":"WebSite","@id":"https:\/\/vamosporlaliberacion.org\/crpmlm\/#website","url":"https:\/\/vamosporlaliberacion.org\/crpmlm\/","name":"Vamos por la Liberaci\u00f3n","description":"Prensa CR","potentialAction":[{"@type":"SearchAction","target":{"@type":"EntryPoint","urlTemplate":"https:\/\/vamosporlaliberacion.org\/crpmlm\/?s={search_term_string}"},"query-input":{"@type":"PropertyValueSpecification","valueRequired":true,"valueName":"search_term_string"}}],"inLanguage":"es"},{"@type":"Person","@id":"https:\/\/vamosporlaliberacion.org\/crpmlm\/#\/schema\/person\/ebdbd4bf0e9418b9f0c0a93395366b2f","name":"Prensa Vamos","sameAs":["http:\/\/vamposporlaliberacion.org"],"url":"https:\/\/vamosporlaliberacion.org\/crpmlm\/author\/editor\/"}]}},"jetpack_featured_media_url":"https:\/\/i0.wp.com\/vamosporlaliberacion.org\/crpmlm\/wp-content\/uploads\/2021\/03\/IMG-20210307-WA0016.jpg?fit=1024%2C576&ssl=1","jetpack_sharing_enabled":true,"_links":{"self":[{"href":"https:\/\/vamosporlaliberacion.org\/crpmlm\/wp-json\/wp\/v2\/posts\/23340","targetHints":{"allow":["GET"]}}],"collection":[{"href":"https:\/\/vamosporlaliberacion.org\/crpmlm\/wp-json\/wp\/v2\/posts"}],"about":[{"href":"https:\/\/vamosporlaliberacion.org\/crpmlm\/wp-json\/wp\/v2\/types\/post"}],"author":[{"embeddable":true,"href":"https:\/\/vamosporlaliberacion.org\/crpmlm\/wp-json\/wp\/v2\/users\/9"}],"replies":[{"embeddable":true,"href":"https:\/\/vamosporlaliberacion.org\/crpmlm\/wp-json\/wp\/v2\/comments?post=23340"}],"version-history":[{"count":2,"href":"https:\/\/vamosporlaliberacion.org\/crpmlm\/wp-json\/wp\/v2\/posts\/23340\/revisions"}],"predecessor-version":[{"id":23347,"href":"https:\/\/vamosporlaliberacion.org\/crpmlm\/wp-json\/wp\/v2\/posts\/23340\/revisions\/23347"}],"wp:featuredmedia":[{"embeddable":true,"href":"https:\/\/vamosporlaliberacion.org\/crpmlm\/wp-json\/wp\/v2\/media\/23341"}],"wp:attachment":[{"href":"https:\/\/vamosporlaliberacion.org\/crpmlm\/wp-json\/wp\/v2\/media?parent=23340"}],"wp:term":[{"taxonomy":"category","embeddable":true,"href":"https:\/\/vamosporlaliberacion.org\/crpmlm\/wp-json\/wp\/v2\/categories?post=23340"},{"taxonomy":"post_tag","embeddable":true,"href":"https:\/\/vamosporlaliberacion.org\/crpmlm\/wp-json\/wp\/v2\/tags?post=23340"}],"curies":[{"name":"wp","href":"https:\/\/api.w.org\/{rel}","templated":true}]}}