{"id":23173,"date":"2021-02-22T20:39:32","date_gmt":"2021-02-22T23:39:32","guid":{"rendered":"http:\/\/vamosporlaliberacion.org\/crpmlm\/?p=23173"},"modified":"2021-02-22T21:22:50","modified_gmt":"2021-02-23T00:22:50","slug":"antonio-machado-poeta-del-pueblo","status":"publish","type":"post","link":"https:\/\/vamosporlaliberacion.org\/crpmlm\/antonio-machado-poeta-del-pueblo\/","title":{"rendered":"Antonio Machado, poeta del pueblo"},"content":{"rendered":"\n<p><\/p>\n\n\n\n<p class=\"has-text-align-right\">[\u00a1Eh, se\u00f1ores!],<br>tras el vivir y el so\u00f1ar est\u00e1 lo que m\u00e1s importa: despertar.<\/p>\n\n\n\n<p>A pocos d\u00edas de terminada la Guerra Civil Espa\u00f1ola, el 22 de febrero de 1939, lejos de su tierra y en el exilio, mor\u00eda Antonio Machado. El poeta, que se hab\u00eda comprometido profundamente con su tiempo y con su patria, dejaba el mundo para siempre cargando con \u00e9l una bandera republicana. Y su po\u00e9tica, que a partir de ese momento alcanz\u00f3 la inmortalidad, se volvi\u00f3 imprescindible. Porque Machado, que hab\u00eda pertenecido a la Generaci\u00f3n del 98, reflej\u00f3 en sus poemas la expresi\u00f3n sobria de las emociones humanas. Para, partiendo de ellas, alcanzar lo universal y despertar en cada unx de nosotrxs lo que nos hace m\u00e1s humanxs. En definitiva, lo que nos une. As\u00ed, el poeta nos habla y nos interpela. Y adem\u00e1s nos convoca.<\/p>\n\n\n\n<p>A pesar de formar parte del modernismo espa\u00f1ol, Machado no comulgar\u00e1 nunca con la idea de pensar una poes\u00eda que profese un culto exclusivo a la forma o se sirva s\u00f3lo de ella proponiendo una sonoridad vac\u00eda. Por el contrario, su b\u00fasqueda est\u00e9tica lo conducir\u00e1 a la defensa de la forma pero tambi\u00e9n a construir una po\u00e9tica honesta cargada de principios. De esta manera, el poeta, desde su perspectiva, no s\u00f3lo contempla sino que tambi\u00e9n vive. Vive, lucha, se involucra y transforma la realidad. La habita mientras dialoga consigo mismo y con esos principios, sin alejarse del di\u00e1logo con su tiempo. Porque seg\u00fan Machado, el elemento po\u00e9tico es una honda palpitaci\u00f3n del esp\u00edritu. Y su poes\u00eda, intensamente noble, lleva en su ra\u00edz, en su origen, ese palpitar, ese esp\u00edritu de lucha inquebrantable que se manifiesta, apelando de manera continua a las emociones humanas, en un intento constante e insistente de despertar la conciencia.<\/p>\n\n\n\n<p>Antonio Machado se alej\u00f3 del mundo para siempre en 1939, es cierto, pero su esp\u00edritu a\u00fan perdura. Persiste en su poes\u00eda, que nos indica que el camino no est\u00e1 hecho sino que lo vamos haciendo a medida que caminamos. Que nos ense\u00f1a a no perseguir la gloria sino a habitar los mundos sutiles. Y, finalmente, que nos impulsa a mirar atr\u00e1s solo para seguir avanzando.<\/p>\n\n\n\n<p>Antonio Machado es un poeta del pueblo. Y merece ser le\u00eddo y recordado.<br>Que vayan con \u00e9l estas palabras.<\/p>\n\n\n\n<p><\/p>\n\n\n\n<p><\/p>\n\n\n\n<p><\/p>\n\n\n\n<p><strong>Proverbios y cantares\u2026<\/strong><\/p>\n\n\n\n<p><\/p>\n\n\n\n<p>Caminante, son tus huellas el camino y nada m\u00e1s;<br>caminante, no hay camino, se hace camino al andar.<\/p>\n\n\n\n<p>Al andar se hace camino<br>y al volver la vista atr\u00e1s se ve la senda<br>que nunca se ha de volver a pisar.<\/p>\n\n\n\n<p>Caminante no hay camino<br>sino estelas en la mar\u2026<\/p>\n\n\n\n<p>Antonio Machado<br>Publicado en Campos de Castilla (1912)<\/p>\n<!-- AddThis Advanced Settings generic via filter on the_content --><!-- AddThis Share Buttons generic via filter on the_content -->","protected":false},"excerpt":{"rendered":"<p>[\u00a1Eh, se\u00f1ores!],tras el vivir y el so\u00f1ar est\u00e1 lo que m\u00e1s importa: despertar. A pocos d\u00edas de terminada la Guerra Civil Espa\u00f1ola, el 22 de febrero de 1939, lejos de su tierra y en el exilio, mor\u00eda Antonio Machado. El poeta, que se hab\u00eda comprometido profundamente con su tiempo y con su patria, dejaba el [&hellip;]<!-- AddThis Advanced Settings generic via filter on get_the_excerpt --><!-- AddThis Share Buttons generic via filter on get_the_excerpt --><\/p>\n","protected":false},"author":9,"featured_media":23174,"comment_status":"open","ping_status":"open","sticky":false,"template":"","format":"standard","meta":{"_jetpack_memberships_contains_paid_content":false,"footnotes":""},"categories":[1850],"tags":[],"class_list":{"0":"post-23173","1":"post","2":"type-post","3":"status-publish","4":"format-standard","5":"has-post-thumbnail","7":"category-cultura"},"yoast_head":"<!-- This site is optimized with the Yoast SEO plugin v27.4 - https:\/\/yoast.com\/product\/yoast-seo-wordpress\/ -->\n<title>Antonio Machado, poeta del pueblo - Vamos por la Liberaci\u00f3n<\/title>\n<meta name=\"robots\" content=\"index, follow, max-snippet:-1, max-image-preview:large, max-video-preview:-1\" \/>\n<link rel=\"canonical\" href=\"https:\/\/vamosporlaliberacion.org\/crpmlm\/antonio-machado-poeta-del-pueblo\/\" \/>\n<meta name=\"twitter:label1\" content=\"Escrito por\" \/>\n\t<meta name=\"twitter:data1\" content=\"Prensa Vamos\" \/>\n\t<meta name=\"twitter:label2\" content=\"Tiempo de lectura\" \/>\n\t<meta name=\"twitter:data2\" content=\"2 minutos\" \/>\n<script type=\"application\/ld+json\" class=\"yoast-schema-graph\">{\"@context\":\"https:\\\/\\\/schema.org\",\"@graph\":[{\"@type\":\"Article\",\"@id\":\"https:\\\/\\\/vamosporlaliberacion.org\\\/crpmlm\\\/antonio-machado-poeta-del-pueblo\\\/#article\",\"isPartOf\":{\"@id\":\"https:\\\/\\\/vamosporlaliberacion.org\\\/crpmlm\\\/antonio-machado-poeta-del-pueblo\\\/\"},\"author\":{\"name\":\"Prensa Vamos\",\"@id\":\"https:\\\/\\\/vamosporlaliberacion.org\\\/crpmlm\\\/#\\\/schema\\\/person\\\/ebdbd4bf0e9418b9f0c0a93395366b2f\"},\"headline\":\"Antonio Machado, poeta del pueblo\",\"datePublished\":\"2021-02-22T23:39:32+00:00\",\"dateModified\":\"2021-02-23T00:22:50+00:00\",\"mainEntityOfPage\":{\"@id\":\"https:\\\/\\\/vamosporlaliberacion.org\\\/crpmlm\\\/antonio-machado-poeta-del-pueblo\\\/\"},\"wordCount\":472,\"commentCount\":0,\"image\":{\"@id\":\"https:\\\/\\\/vamosporlaliberacion.org\\\/crpmlm\\\/antonio-machado-poeta-del-pueblo\\\/#primaryimage\"},\"thumbnailUrl\":\"https:\\\/\\\/i0.wp.com\\\/vamosporlaliberacion.org\\\/crpmlm\\\/wp-content\\\/uploads\\\/2021\\\/02\\\/machado.jpg?fit=765%2C510&ssl=1\",\"articleSection\":[\"cultura\"],\"inLanguage\":\"es\",\"potentialAction\":[{\"@type\":\"CommentAction\",\"name\":\"Comment\",\"target\":[\"https:\\\/\\\/vamosporlaliberacion.org\\\/crpmlm\\\/antonio-machado-poeta-del-pueblo\\\/#respond\"]}]},{\"@type\":\"WebPage\",\"@id\":\"https:\\\/\\\/vamosporlaliberacion.org\\\/crpmlm\\\/antonio-machado-poeta-del-pueblo\\\/\",\"url\":\"https:\\\/\\\/vamosporlaliberacion.org\\\/crpmlm\\\/antonio-machado-poeta-del-pueblo\\\/\",\"name\":\"Antonio Machado, poeta del pueblo - Vamos por la Liberaci\u00f3n\",\"isPartOf\":{\"@id\":\"https:\\\/\\\/vamosporlaliberacion.org\\\/crpmlm\\\/#website\"},\"primaryImageOfPage\":{\"@id\":\"https:\\\/\\\/vamosporlaliberacion.org\\\/crpmlm\\\/antonio-machado-poeta-del-pueblo\\\/#primaryimage\"},\"image\":{\"@id\":\"https:\\\/\\\/vamosporlaliberacion.org\\\/crpmlm\\\/antonio-machado-poeta-del-pueblo\\\/#primaryimage\"},\"thumbnailUrl\":\"https:\\\/\\\/i0.wp.com\\\/vamosporlaliberacion.org\\\/crpmlm\\\/wp-content\\\/uploads\\\/2021\\\/02\\\/machado.jpg?fit=765%2C510&ssl=1\",\"datePublished\":\"2021-02-22T23:39:32+00:00\",\"dateModified\":\"2021-02-23T00:22:50+00:00\",\"author\":{\"@id\":\"https:\\\/\\\/vamosporlaliberacion.org\\\/crpmlm\\\/#\\\/schema\\\/person\\\/ebdbd4bf0e9418b9f0c0a93395366b2f\"},\"breadcrumb\":{\"@id\":\"https:\\\/\\\/vamosporlaliberacion.org\\\/crpmlm\\\/antonio-machado-poeta-del-pueblo\\\/#breadcrumb\"},\"inLanguage\":\"es\",\"potentialAction\":[{\"@type\":\"ReadAction\",\"target\":[\"https:\\\/\\\/vamosporlaliberacion.org\\\/crpmlm\\\/antonio-machado-poeta-del-pueblo\\\/\"]}]},{\"@type\":\"ImageObject\",\"inLanguage\":\"es\",\"@id\":\"https:\\\/\\\/vamosporlaliberacion.org\\\/crpmlm\\\/antonio-machado-poeta-del-pueblo\\\/#primaryimage\",\"url\":\"https:\\\/\\\/i0.wp.com\\\/vamosporlaliberacion.org\\\/crpmlm\\\/wp-content\\\/uploads\\\/2021\\\/02\\\/machado.jpg?fit=765%2C510&ssl=1\",\"contentUrl\":\"https:\\\/\\\/i0.wp.com\\\/vamosporlaliberacion.org\\\/crpmlm\\\/wp-content\\\/uploads\\\/2021\\\/02\\\/machado.jpg?fit=765%2C510&ssl=1\",\"width\":765,\"height\":510,\"caption\":\"Homenaje a 82 a\u00f1os de su muerte\"},{\"@type\":\"BreadcrumbList\",\"@id\":\"https:\\\/\\\/vamosporlaliberacion.org\\\/crpmlm\\\/antonio-machado-poeta-del-pueblo\\\/#breadcrumb\",\"itemListElement\":[{\"@type\":\"ListItem\",\"position\":1,\"name\":\"Portada\",\"item\":\"https:\\\/\\\/vamosporlaliberacion.org\\\/crpmlm\\\/\"},{\"@type\":\"ListItem\",\"position\":2,\"name\":\"Antonio Machado, poeta del pueblo\"}]},{\"@type\":\"WebSite\",\"@id\":\"https:\\\/\\\/vamosporlaliberacion.org\\\/crpmlm\\\/#website\",\"url\":\"https:\\\/\\\/vamosporlaliberacion.org\\\/crpmlm\\\/\",\"name\":\"Vamos por la Liberaci\u00f3n\",\"description\":\"Prensa CR\",\"potentialAction\":[{\"@type\":\"SearchAction\",\"target\":{\"@type\":\"EntryPoint\",\"urlTemplate\":\"https:\\\/\\\/vamosporlaliberacion.org\\\/crpmlm\\\/?s={search_term_string}\"},\"query-input\":{\"@type\":\"PropertyValueSpecification\",\"valueRequired\":true,\"valueName\":\"search_term_string\"}}],\"inLanguage\":\"es\"},{\"@type\":\"Person\",\"@id\":\"https:\\\/\\\/vamosporlaliberacion.org\\\/crpmlm\\\/#\\\/schema\\\/person\\\/ebdbd4bf0e9418b9f0c0a93395366b2f\",\"name\":\"Prensa Vamos\",\"sameAs\":[\"http:\\\/\\\/vamposporlaliberacion.org\"],\"url\":\"https:\\\/\\\/vamosporlaliberacion.org\\\/crpmlm\\\/author\\\/editor\\\/\"}]}<\/script>\n<!-- \/ Yoast SEO plugin. -->","yoast_head_json":{"title":"Antonio Machado, poeta del pueblo - Vamos por la Liberaci\u00f3n","robots":{"index":"index","follow":"follow","max-snippet":"max-snippet:-1","max-image-preview":"max-image-preview:large","max-video-preview":"max-video-preview:-1"},"canonical":"https:\/\/vamosporlaliberacion.org\/crpmlm\/antonio-machado-poeta-del-pueblo\/","twitter_misc":{"Escrito por":"Prensa Vamos","Tiempo de lectura":"2 minutos"},"schema":{"@context":"https:\/\/schema.org","@graph":[{"@type":"Article","@id":"https:\/\/vamosporlaliberacion.org\/crpmlm\/antonio-machado-poeta-del-pueblo\/#article","isPartOf":{"@id":"https:\/\/vamosporlaliberacion.org\/crpmlm\/antonio-machado-poeta-del-pueblo\/"},"author":{"name":"Prensa Vamos","@id":"https:\/\/vamosporlaliberacion.org\/crpmlm\/#\/schema\/person\/ebdbd4bf0e9418b9f0c0a93395366b2f"},"headline":"Antonio Machado, poeta del pueblo","datePublished":"2021-02-22T23:39:32+00:00","dateModified":"2021-02-23T00:22:50+00:00","mainEntityOfPage":{"@id":"https:\/\/vamosporlaliberacion.org\/crpmlm\/antonio-machado-poeta-del-pueblo\/"},"wordCount":472,"commentCount":0,"image":{"@id":"https:\/\/vamosporlaliberacion.org\/crpmlm\/antonio-machado-poeta-del-pueblo\/#primaryimage"},"thumbnailUrl":"https:\/\/i0.wp.com\/vamosporlaliberacion.org\/crpmlm\/wp-content\/uploads\/2021\/02\/machado.jpg?fit=765%2C510&ssl=1","articleSection":["cultura"],"inLanguage":"es","potentialAction":[{"@type":"CommentAction","name":"Comment","target":["https:\/\/vamosporlaliberacion.org\/crpmlm\/antonio-machado-poeta-del-pueblo\/#respond"]}]},{"@type":"WebPage","@id":"https:\/\/vamosporlaliberacion.org\/crpmlm\/antonio-machado-poeta-del-pueblo\/","url":"https:\/\/vamosporlaliberacion.org\/crpmlm\/antonio-machado-poeta-del-pueblo\/","name":"Antonio Machado, poeta del pueblo - Vamos por la Liberaci\u00f3n","isPartOf":{"@id":"https:\/\/vamosporlaliberacion.org\/crpmlm\/#website"},"primaryImageOfPage":{"@id":"https:\/\/vamosporlaliberacion.org\/crpmlm\/antonio-machado-poeta-del-pueblo\/#primaryimage"},"image":{"@id":"https:\/\/vamosporlaliberacion.org\/crpmlm\/antonio-machado-poeta-del-pueblo\/#primaryimage"},"thumbnailUrl":"https:\/\/i0.wp.com\/vamosporlaliberacion.org\/crpmlm\/wp-content\/uploads\/2021\/02\/machado.jpg?fit=765%2C510&ssl=1","datePublished":"2021-02-22T23:39:32+00:00","dateModified":"2021-02-23T00:22:50+00:00","author":{"@id":"https:\/\/vamosporlaliberacion.org\/crpmlm\/#\/schema\/person\/ebdbd4bf0e9418b9f0c0a93395366b2f"},"breadcrumb":{"@id":"https:\/\/vamosporlaliberacion.org\/crpmlm\/antonio-machado-poeta-del-pueblo\/#breadcrumb"},"inLanguage":"es","potentialAction":[{"@type":"ReadAction","target":["https:\/\/vamosporlaliberacion.org\/crpmlm\/antonio-machado-poeta-del-pueblo\/"]}]},{"@type":"ImageObject","inLanguage":"es","@id":"https:\/\/vamosporlaliberacion.org\/crpmlm\/antonio-machado-poeta-del-pueblo\/#primaryimage","url":"https:\/\/i0.wp.com\/vamosporlaliberacion.org\/crpmlm\/wp-content\/uploads\/2021\/02\/machado.jpg?fit=765%2C510&ssl=1","contentUrl":"https:\/\/i0.wp.com\/vamosporlaliberacion.org\/crpmlm\/wp-content\/uploads\/2021\/02\/machado.jpg?fit=765%2C510&ssl=1","width":765,"height":510,"caption":"Homenaje a 82 a\u00f1os de su muerte"},{"@type":"BreadcrumbList","@id":"https:\/\/vamosporlaliberacion.org\/crpmlm\/antonio-machado-poeta-del-pueblo\/#breadcrumb","itemListElement":[{"@type":"ListItem","position":1,"name":"Portada","item":"https:\/\/vamosporlaliberacion.org\/crpmlm\/"},{"@type":"ListItem","position":2,"name":"Antonio Machado, poeta del pueblo"}]},{"@type":"WebSite","@id":"https:\/\/vamosporlaliberacion.org\/crpmlm\/#website","url":"https:\/\/vamosporlaliberacion.org\/crpmlm\/","name":"Vamos por la Liberaci\u00f3n","description":"Prensa CR","potentialAction":[{"@type":"SearchAction","target":{"@type":"EntryPoint","urlTemplate":"https:\/\/vamosporlaliberacion.org\/crpmlm\/?s={search_term_string}"},"query-input":{"@type":"PropertyValueSpecification","valueRequired":true,"valueName":"search_term_string"}}],"inLanguage":"es"},{"@type":"Person","@id":"https:\/\/vamosporlaliberacion.org\/crpmlm\/#\/schema\/person\/ebdbd4bf0e9418b9f0c0a93395366b2f","name":"Prensa Vamos","sameAs":["http:\/\/vamposporlaliberacion.org"],"url":"https:\/\/vamosporlaliberacion.org\/crpmlm\/author\/editor\/"}]}},"jetpack_featured_media_url":"https:\/\/i0.wp.com\/vamosporlaliberacion.org\/crpmlm\/wp-content\/uploads\/2021\/02\/machado.jpg?fit=765%2C510&ssl=1","jetpack_sharing_enabled":true,"_links":{"self":[{"href":"https:\/\/vamosporlaliberacion.org\/crpmlm\/wp-json\/wp\/v2\/posts\/23173","targetHints":{"allow":["GET"]}}],"collection":[{"href":"https:\/\/vamosporlaliberacion.org\/crpmlm\/wp-json\/wp\/v2\/posts"}],"about":[{"href":"https:\/\/vamosporlaliberacion.org\/crpmlm\/wp-json\/wp\/v2\/types\/post"}],"author":[{"embeddable":true,"href":"https:\/\/vamosporlaliberacion.org\/crpmlm\/wp-json\/wp\/v2\/users\/9"}],"replies":[{"embeddable":true,"href":"https:\/\/vamosporlaliberacion.org\/crpmlm\/wp-json\/wp\/v2\/comments?post=23173"}],"version-history":[{"count":2,"href":"https:\/\/vamosporlaliberacion.org\/crpmlm\/wp-json\/wp\/v2\/posts\/23173\/revisions"}],"predecessor-version":[{"id":23177,"href":"https:\/\/vamosporlaliberacion.org\/crpmlm\/wp-json\/wp\/v2\/posts\/23173\/revisions\/23177"}],"wp:featuredmedia":[{"embeddable":true,"href":"https:\/\/vamosporlaliberacion.org\/crpmlm\/wp-json\/wp\/v2\/media\/23174"}],"wp:attachment":[{"href":"https:\/\/vamosporlaliberacion.org\/crpmlm\/wp-json\/wp\/v2\/media?parent=23173"}],"wp:term":[{"taxonomy":"category","embeddable":true,"href":"https:\/\/vamosporlaliberacion.org\/crpmlm\/wp-json\/wp\/v2\/categories?post=23173"},{"taxonomy":"post_tag","embeddable":true,"href":"https:\/\/vamosporlaliberacion.org\/crpmlm\/wp-json\/wp\/v2\/tags?post=23173"}],"curies":[{"name":"wp","href":"https:\/\/api.w.org\/{rel}","templated":true}]}}