{"id":22946,"date":"2021-01-25T13:31:24","date_gmt":"2021-01-25T16:31:24","guid":{"rendered":"http:\/\/vamosporlaliberacion.org\/crpmlm\/?p=22946"},"modified":"2021-01-25T13:31:28","modified_gmt":"2021-01-25T16:31:28","slug":"el-cupo-y-la-inclusion-laboral-travesti-trans-fue-incluido-en-las-sesiones-extraordinarias-por-el-ejecutivo","status":"publish","type":"post","link":"https:\/\/vamosporlaliberacion.org\/crpmlm\/el-cupo-y-la-inclusion-laboral-travesti-trans-fue-incluido-en-las-sesiones-extraordinarias-por-el-ejecutivo\/","title":{"rendered":"El cupo y la inclusi\u00f3n laboral travesti trans fue incluido en las sesiones extraordinarias por el Ejecutivo"},"content":{"rendered":"\n<p>El Decreto del Ejecutivo habilit\u00f3 el tratamiento del proyecto que ven\u00edan solicitando las m\u00e1s de 200 organizaciones que integran la Campa\u00f1a por una Ley Nacional de Cupo e Inclusi\u00f3n Laboral Travesti Trans.<\/p>\n\n\n\n<p>Desde el 8 de octubre de 2020 el proyecto bautizado como Ley de Promoci\u00f3n del Acceso al Empleo Formal para Personas Travestis, Transexuales y Transg\u00e9nero \u00abDiana Sacay\u00e1n \u2013 Lohana Berkins\u00bb tiene Dictamen de las Comisiones de Mujeres y Diversidad, de Legislaci\u00f3n del Trabajo y de Presupuesto y Hacienda de la C\u00e1mara de Diputados de la Naci\u00f3n. Ahora vamos por la media sanci\u00f3n. Con la inclusi\u00f3n en las sesiones extraordinarias programadas hasta el 28 de febrero, podr\u00eda llegar a ser ley. Desde la Campa\u00f1a se\u00f1alaron que \u00abla sanci\u00f3n de la Ley Nacional de Cupo e Inclusi\u00f3n Laboral Travesti Trans cobra a\u00fan m\u00e1s relevancia en el contexto actual de pandemia, que agrav\u00f3 las condiciones de exclusi\u00f3n y violencia hist\u00f3rica y estructural que atraviesa la poblaci\u00f3n trans y que requiere ser atendida de modo urgente\u00bb.<\/p>\n\n\n\n<p>Adem\u00e1s, destacaron que \u00aben su tratamiento en comisiones el proyecto tuvo un amplio consenso por lo que no hay un Dictamen de minor\u00eda, fue publicado con la orden del d\u00eda N\u00b0 265 sin que se llegar\u00e1 a tratar y, con esta decisi\u00f3n del Presidente Alberto Fern\u00e1ndez, vuelve nuevamente a estar en condiciones de llegar al recinto\u00bb.<\/p>\n\n\n\n<p>Esta Ley, que obligar\u00e1 a los tres poderes del Estado a destinar un cupo laboral del 1% para personas travestis y trans, un reclamo hist\u00f3rico de uno de los colectivos m\u00e1s vulnerados de la sociedad argentina. Es imprescindible que el Estado comience a implementar pol\u00edticas p\u00fablicas en pos de la inclusi\u00f3n laboral, que luego se traduzca en una amplitud de derechos para este sector que es adem\u00e1s uno de los m\u00e1s afectados por el aislamiento producto de la pandemia.<\/p>\n<!-- AddThis Advanced Settings generic via filter on the_content --><!-- AddThis Share Buttons generic via filter on the_content -->","protected":false},"excerpt":{"rendered":"<p>El Decreto del Ejecutivo habilit\u00f3 el tratamiento del proyecto que ven\u00edan solicitando las m\u00e1s de 200 organizaciones que integran la Campa\u00f1a por una Ley Nacional de Cupo e Inclusi\u00f3n Laboral Travesti Trans. Desde el 8 de octubre de 2020 el proyecto bautizado como Ley de Promoci\u00f3n del Acceso al Empleo Formal para Personas Travestis, Transexuales [&hellip;]<!-- AddThis Advanced Settings generic via filter on get_the_excerpt --><!-- AddThis Share Buttons generic via filter on get_the_excerpt --><\/p>\n","protected":false},"author":6,"featured_media":22947,"comment_status":"open","ping_status":"open","sticky":false,"template":"","format":"standard","meta":{"_jetpack_memberships_contains_paid_content":false,"footnotes":""},"categories":[1875],"tags":[],"class_list":{"0":"post-22946","1":"post","2":"type-post","3":"status-publish","4":"format-standard","5":"has-post-thumbnail","7":"category-genero"},"yoast_head":"<!-- This site is optimized with the Yoast SEO plugin v27.4 - https:\/\/yoast.com\/product\/yoast-seo-wordpress\/ -->\n<title>El cupo y la inclusi\u00f3n laboral travesti trans fue incluido en las sesiones extraordinarias por el Ejecutivo - Vamos por la Liberaci\u00f3n<\/title>\n<meta name=\"robots\" content=\"index, follow, max-snippet:-1, max-image-preview:large, max-video-preview:-1\" \/>\n<link rel=\"canonical\" href=\"https:\/\/vamosporlaliberacion.org\/crpmlm\/el-cupo-y-la-inclusion-laboral-travesti-trans-fue-incluido-en-las-sesiones-extraordinarias-por-el-ejecutivo\/\" \/>\n<meta name=\"twitter:label1\" content=\"Escrito por\" \/>\n\t<meta name=\"twitter:data1\" content=\"vamos!\" \/>\n\t<meta name=\"twitter:label2\" content=\"Tiempo de lectura\" \/>\n\t<meta name=\"twitter:data2\" content=\"2 minutos\" \/>\n<script type=\"application\/ld+json\" class=\"yoast-schema-graph\">{\"@context\":\"https:\\\/\\\/schema.org\",\"@graph\":[{\"@type\":\"Article\",\"@id\":\"https:\\\/\\\/vamosporlaliberacion.org\\\/crpmlm\\\/el-cupo-y-la-inclusion-laboral-travesti-trans-fue-incluido-en-las-sesiones-extraordinarias-por-el-ejecutivo\\\/#article\",\"isPartOf\":{\"@id\":\"https:\\\/\\\/vamosporlaliberacion.org\\\/crpmlm\\\/el-cupo-y-la-inclusion-laboral-travesti-trans-fue-incluido-en-las-sesiones-extraordinarias-por-el-ejecutivo\\\/\"},\"author\":{\"name\":\"vamos!\",\"@id\":\"https:\\\/\\\/vamosporlaliberacion.org\\\/crpmlm\\\/#\\\/schema\\\/person\\\/d6eac7758df3770dae9cd9eb104d615c\"},\"headline\":\"El cupo y la inclusi\u00f3n laboral travesti trans fue incluido en las sesiones extraordinarias por el Ejecutivo\",\"datePublished\":\"2021-01-25T16:31:24+00:00\",\"dateModified\":\"2021-01-25T16:31:28+00:00\",\"mainEntityOfPage\":{\"@id\":\"https:\\\/\\\/vamosporlaliberacion.org\\\/crpmlm\\\/el-cupo-y-la-inclusion-laboral-travesti-trans-fue-incluido-en-las-sesiones-extraordinarias-por-el-ejecutivo\\\/\"},\"wordCount\":344,\"commentCount\":0,\"image\":{\"@id\":\"https:\\\/\\\/vamosporlaliberacion.org\\\/crpmlm\\\/el-cupo-y-la-inclusion-laboral-travesti-trans-fue-incluido-en-las-sesiones-extraordinarias-por-el-ejecutivo\\\/#primaryimage\"},\"thumbnailUrl\":\"https:\\\/\\\/i0.wp.com\\\/vamosporlaliberacion.org\\\/crpmlm\\\/wp-content\\\/uploads\\\/2021\\\/01\\\/EscMZqqVcAIGaHa.jpg?fit=1024%2C512&ssl=1\",\"articleSection\":[\"Genero\"],\"inLanguage\":\"es\",\"potentialAction\":[{\"@type\":\"CommentAction\",\"name\":\"Comment\",\"target\":[\"https:\\\/\\\/vamosporlaliberacion.org\\\/crpmlm\\\/el-cupo-y-la-inclusion-laboral-travesti-trans-fue-incluido-en-las-sesiones-extraordinarias-por-el-ejecutivo\\\/#respond\"]}]},{\"@type\":\"WebPage\",\"@id\":\"https:\\\/\\\/vamosporlaliberacion.org\\\/crpmlm\\\/el-cupo-y-la-inclusion-laboral-travesti-trans-fue-incluido-en-las-sesiones-extraordinarias-por-el-ejecutivo\\\/\",\"url\":\"https:\\\/\\\/vamosporlaliberacion.org\\\/crpmlm\\\/el-cupo-y-la-inclusion-laboral-travesti-trans-fue-incluido-en-las-sesiones-extraordinarias-por-el-ejecutivo\\\/\",\"name\":\"El cupo y la inclusi\u00f3n laboral travesti trans fue incluido en las sesiones extraordinarias por el Ejecutivo - Vamos por la Liberaci\u00f3n\",\"isPartOf\":{\"@id\":\"https:\\\/\\\/vamosporlaliberacion.org\\\/crpmlm\\\/#website\"},\"primaryImageOfPage\":{\"@id\":\"https:\\\/\\\/vamosporlaliberacion.org\\\/crpmlm\\\/el-cupo-y-la-inclusion-laboral-travesti-trans-fue-incluido-en-las-sesiones-extraordinarias-por-el-ejecutivo\\\/#primaryimage\"},\"image\":{\"@id\":\"https:\\\/\\\/vamosporlaliberacion.org\\\/crpmlm\\\/el-cupo-y-la-inclusion-laboral-travesti-trans-fue-incluido-en-las-sesiones-extraordinarias-por-el-ejecutivo\\\/#primaryimage\"},\"thumbnailUrl\":\"https:\\\/\\\/i0.wp.com\\\/vamosporlaliberacion.org\\\/crpmlm\\\/wp-content\\\/uploads\\\/2021\\\/01\\\/EscMZqqVcAIGaHa.jpg?fit=1024%2C512&ssl=1\",\"datePublished\":\"2021-01-25T16:31:24+00:00\",\"dateModified\":\"2021-01-25T16:31:28+00:00\",\"author\":{\"@id\":\"https:\\\/\\\/vamosporlaliberacion.org\\\/crpmlm\\\/#\\\/schema\\\/person\\\/d6eac7758df3770dae9cd9eb104d615c\"},\"breadcrumb\":{\"@id\":\"https:\\\/\\\/vamosporlaliberacion.org\\\/crpmlm\\\/el-cupo-y-la-inclusion-laboral-travesti-trans-fue-incluido-en-las-sesiones-extraordinarias-por-el-ejecutivo\\\/#breadcrumb\"},\"inLanguage\":\"es\",\"potentialAction\":[{\"@type\":\"ReadAction\",\"target\":[\"https:\\\/\\\/vamosporlaliberacion.org\\\/crpmlm\\\/el-cupo-y-la-inclusion-laboral-travesti-trans-fue-incluido-en-las-sesiones-extraordinarias-por-el-ejecutivo\\\/\"]}]},{\"@type\":\"ImageObject\",\"inLanguage\":\"es\",\"@id\":\"https:\\\/\\\/vamosporlaliberacion.org\\\/crpmlm\\\/el-cupo-y-la-inclusion-laboral-travesti-trans-fue-incluido-en-las-sesiones-extraordinarias-por-el-ejecutivo\\\/#primaryimage\",\"url\":\"https:\\\/\\\/i0.wp.com\\\/vamosporlaliberacion.org\\\/crpmlm\\\/wp-content\\\/uploads\\\/2021\\\/01\\\/EscMZqqVcAIGaHa.jpg?fit=1024%2C512&ssl=1\",\"contentUrl\":\"https:\\\/\\\/i0.wp.com\\\/vamosporlaliberacion.org\\\/crpmlm\\\/wp-content\\\/uploads\\\/2021\\\/01\\\/EscMZqqVcAIGaHa.jpg?fit=1024%2C512&ssl=1\",\"width\":1024,\"height\":512},{\"@type\":\"BreadcrumbList\",\"@id\":\"https:\\\/\\\/vamosporlaliberacion.org\\\/crpmlm\\\/el-cupo-y-la-inclusion-laboral-travesti-trans-fue-incluido-en-las-sesiones-extraordinarias-por-el-ejecutivo\\\/#breadcrumb\",\"itemListElement\":[{\"@type\":\"ListItem\",\"position\":1,\"name\":\"Portada\",\"item\":\"https:\\\/\\\/vamosporlaliberacion.org\\\/crpmlm\\\/\"},{\"@type\":\"ListItem\",\"position\":2,\"name\":\"El cupo y la inclusi\u00f3n laboral travesti trans fue incluido en las sesiones extraordinarias por el Ejecutivo\"}]},{\"@type\":\"WebSite\",\"@id\":\"https:\\\/\\\/vamosporlaliberacion.org\\\/crpmlm\\\/#website\",\"url\":\"https:\\\/\\\/vamosporlaliberacion.org\\\/crpmlm\\\/\",\"name\":\"Vamos por la Liberaci\u00f3n\",\"description\":\"Prensa CR\",\"potentialAction\":[{\"@type\":\"SearchAction\",\"target\":{\"@type\":\"EntryPoint\",\"urlTemplate\":\"https:\\\/\\\/vamosporlaliberacion.org\\\/crpmlm\\\/?s={search_term_string}\"},\"query-input\":{\"@type\":\"PropertyValueSpecification\",\"valueRequired\":true,\"valueName\":\"search_term_string\"}}],\"inLanguage\":\"es\"},{\"@type\":\"Person\",\"@id\":\"https:\\\/\\\/vamosporlaliberacion.org\\\/crpmlm\\\/#\\\/schema\\\/person\\\/d6eac7758df3770dae9cd9eb104d615c\",\"name\":\"vamos!\",\"url\":\"https:\\\/\\\/vamosporlaliberacion.org\\\/crpmlm\\\/author\\\/adminvxl\\\/\"}]}<\/script>\n<!-- \/ Yoast SEO plugin. -->","yoast_head_json":{"title":"El cupo y la inclusi\u00f3n laboral travesti trans fue incluido en las sesiones extraordinarias por el Ejecutivo - Vamos por la Liberaci\u00f3n","robots":{"index":"index","follow":"follow","max-snippet":"max-snippet:-1","max-image-preview":"max-image-preview:large","max-video-preview":"max-video-preview:-1"},"canonical":"https:\/\/vamosporlaliberacion.org\/crpmlm\/el-cupo-y-la-inclusion-laboral-travesti-trans-fue-incluido-en-las-sesiones-extraordinarias-por-el-ejecutivo\/","twitter_misc":{"Escrito por":"vamos!","Tiempo de lectura":"2 minutos"},"schema":{"@context":"https:\/\/schema.org","@graph":[{"@type":"Article","@id":"https:\/\/vamosporlaliberacion.org\/crpmlm\/el-cupo-y-la-inclusion-laboral-travesti-trans-fue-incluido-en-las-sesiones-extraordinarias-por-el-ejecutivo\/#article","isPartOf":{"@id":"https:\/\/vamosporlaliberacion.org\/crpmlm\/el-cupo-y-la-inclusion-laboral-travesti-trans-fue-incluido-en-las-sesiones-extraordinarias-por-el-ejecutivo\/"},"author":{"name":"vamos!","@id":"https:\/\/vamosporlaliberacion.org\/crpmlm\/#\/schema\/person\/d6eac7758df3770dae9cd9eb104d615c"},"headline":"El cupo y la inclusi\u00f3n laboral travesti trans fue incluido en las sesiones extraordinarias por el Ejecutivo","datePublished":"2021-01-25T16:31:24+00:00","dateModified":"2021-01-25T16:31:28+00:00","mainEntityOfPage":{"@id":"https:\/\/vamosporlaliberacion.org\/crpmlm\/el-cupo-y-la-inclusion-laboral-travesti-trans-fue-incluido-en-las-sesiones-extraordinarias-por-el-ejecutivo\/"},"wordCount":344,"commentCount":0,"image":{"@id":"https:\/\/vamosporlaliberacion.org\/crpmlm\/el-cupo-y-la-inclusion-laboral-travesti-trans-fue-incluido-en-las-sesiones-extraordinarias-por-el-ejecutivo\/#primaryimage"},"thumbnailUrl":"https:\/\/i0.wp.com\/vamosporlaliberacion.org\/crpmlm\/wp-content\/uploads\/2021\/01\/EscMZqqVcAIGaHa.jpg?fit=1024%2C512&ssl=1","articleSection":["Genero"],"inLanguage":"es","potentialAction":[{"@type":"CommentAction","name":"Comment","target":["https:\/\/vamosporlaliberacion.org\/crpmlm\/el-cupo-y-la-inclusion-laboral-travesti-trans-fue-incluido-en-las-sesiones-extraordinarias-por-el-ejecutivo\/#respond"]}]},{"@type":"WebPage","@id":"https:\/\/vamosporlaliberacion.org\/crpmlm\/el-cupo-y-la-inclusion-laboral-travesti-trans-fue-incluido-en-las-sesiones-extraordinarias-por-el-ejecutivo\/","url":"https:\/\/vamosporlaliberacion.org\/crpmlm\/el-cupo-y-la-inclusion-laboral-travesti-trans-fue-incluido-en-las-sesiones-extraordinarias-por-el-ejecutivo\/","name":"El cupo y la inclusi\u00f3n laboral travesti trans fue incluido en las sesiones extraordinarias por el Ejecutivo - Vamos por la Liberaci\u00f3n","isPartOf":{"@id":"https:\/\/vamosporlaliberacion.org\/crpmlm\/#website"},"primaryImageOfPage":{"@id":"https:\/\/vamosporlaliberacion.org\/crpmlm\/el-cupo-y-la-inclusion-laboral-travesti-trans-fue-incluido-en-las-sesiones-extraordinarias-por-el-ejecutivo\/#primaryimage"},"image":{"@id":"https:\/\/vamosporlaliberacion.org\/crpmlm\/el-cupo-y-la-inclusion-laboral-travesti-trans-fue-incluido-en-las-sesiones-extraordinarias-por-el-ejecutivo\/#primaryimage"},"thumbnailUrl":"https:\/\/i0.wp.com\/vamosporlaliberacion.org\/crpmlm\/wp-content\/uploads\/2021\/01\/EscMZqqVcAIGaHa.jpg?fit=1024%2C512&ssl=1","datePublished":"2021-01-25T16:31:24+00:00","dateModified":"2021-01-25T16:31:28+00:00","author":{"@id":"https:\/\/vamosporlaliberacion.org\/crpmlm\/#\/schema\/person\/d6eac7758df3770dae9cd9eb104d615c"},"breadcrumb":{"@id":"https:\/\/vamosporlaliberacion.org\/crpmlm\/el-cupo-y-la-inclusion-laboral-travesti-trans-fue-incluido-en-las-sesiones-extraordinarias-por-el-ejecutivo\/#breadcrumb"},"inLanguage":"es","potentialAction":[{"@type":"ReadAction","target":["https:\/\/vamosporlaliberacion.org\/crpmlm\/el-cupo-y-la-inclusion-laboral-travesti-trans-fue-incluido-en-las-sesiones-extraordinarias-por-el-ejecutivo\/"]}]},{"@type":"ImageObject","inLanguage":"es","@id":"https:\/\/vamosporlaliberacion.org\/crpmlm\/el-cupo-y-la-inclusion-laboral-travesti-trans-fue-incluido-en-las-sesiones-extraordinarias-por-el-ejecutivo\/#primaryimage","url":"https:\/\/i0.wp.com\/vamosporlaliberacion.org\/crpmlm\/wp-content\/uploads\/2021\/01\/EscMZqqVcAIGaHa.jpg?fit=1024%2C512&ssl=1","contentUrl":"https:\/\/i0.wp.com\/vamosporlaliberacion.org\/crpmlm\/wp-content\/uploads\/2021\/01\/EscMZqqVcAIGaHa.jpg?fit=1024%2C512&ssl=1","width":1024,"height":512},{"@type":"BreadcrumbList","@id":"https:\/\/vamosporlaliberacion.org\/crpmlm\/el-cupo-y-la-inclusion-laboral-travesti-trans-fue-incluido-en-las-sesiones-extraordinarias-por-el-ejecutivo\/#breadcrumb","itemListElement":[{"@type":"ListItem","position":1,"name":"Portada","item":"https:\/\/vamosporlaliberacion.org\/crpmlm\/"},{"@type":"ListItem","position":2,"name":"El cupo y la inclusi\u00f3n laboral travesti trans fue incluido en las sesiones extraordinarias por el Ejecutivo"}]},{"@type":"WebSite","@id":"https:\/\/vamosporlaliberacion.org\/crpmlm\/#website","url":"https:\/\/vamosporlaliberacion.org\/crpmlm\/","name":"Vamos por la Liberaci\u00f3n","description":"Prensa CR","potentialAction":[{"@type":"SearchAction","target":{"@type":"EntryPoint","urlTemplate":"https:\/\/vamosporlaliberacion.org\/crpmlm\/?s={search_term_string}"},"query-input":{"@type":"PropertyValueSpecification","valueRequired":true,"valueName":"search_term_string"}}],"inLanguage":"es"},{"@type":"Person","@id":"https:\/\/vamosporlaliberacion.org\/crpmlm\/#\/schema\/person\/d6eac7758df3770dae9cd9eb104d615c","name":"vamos!","url":"https:\/\/vamosporlaliberacion.org\/crpmlm\/author\/adminvxl\/"}]}},"jetpack_featured_media_url":"https:\/\/i0.wp.com\/vamosporlaliberacion.org\/crpmlm\/wp-content\/uploads\/2021\/01\/EscMZqqVcAIGaHa.jpg?fit=1024%2C512&ssl=1","jetpack_sharing_enabled":true,"_links":{"self":[{"href":"https:\/\/vamosporlaliberacion.org\/crpmlm\/wp-json\/wp\/v2\/posts\/22946","targetHints":{"allow":["GET"]}}],"collection":[{"href":"https:\/\/vamosporlaliberacion.org\/crpmlm\/wp-json\/wp\/v2\/posts"}],"about":[{"href":"https:\/\/vamosporlaliberacion.org\/crpmlm\/wp-json\/wp\/v2\/types\/post"}],"author":[{"embeddable":true,"href":"https:\/\/vamosporlaliberacion.org\/crpmlm\/wp-json\/wp\/v2\/users\/6"}],"replies":[{"embeddable":true,"href":"https:\/\/vamosporlaliberacion.org\/crpmlm\/wp-json\/wp\/v2\/comments?post=22946"}],"version-history":[{"count":1,"href":"https:\/\/vamosporlaliberacion.org\/crpmlm\/wp-json\/wp\/v2\/posts\/22946\/revisions"}],"predecessor-version":[{"id":22948,"href":"https:\/\/vamosporlaliberacion.org\/crpmlm\/wp-json\/wp\/v2\/posts\/22946\/revisions\/22948"}],"wp:featuredmedia":[{"embeddable":true,"href":"https:\/\/vamosporlaliberacion.org\/crpmlm\/wp-json\/wp\/v2\/media\/22947"}],"wp:attachment":[{"href":"https:\/\/vamosporlaliberacion.org\/crpmlm\/wp-json\/wp\/v2\/media?parent=22946"}],"wp:term":[{"taxonomy":"category","embeddable":true,"href":"https:\/\/vamosporlaliberacion.org\/crpmlm\/wp-json\/wp\/v2\/categories?post=22946"},{"taxonomy":"post_tag","embeddable":true,"href":"https:\/\/vamosporlaliberacion.org\/crpmlm\/wp-json\/wp\/v2\/tags?post=22946"}],"curies":[{"name":"wp","href":"https:\/\/api.w.org\/{rel}","templated":true}]}}