{"id":22941,"date":"2021-01-25T12:53:46","date_gmt":"2021-01-25T15:53:46","guid":{"rendered":"http:\/\/vamosporlaliberacion.org\/crpmlm\/?p=22941"},"modified":"2021-01-25T12:55:42","modified_gmt":"2021-01-25T15:55:42","slug":"campana-solidaria-para-ruben-patagonia","status":"publish","type":"post","link":"https:\/\/vamosporlaliberacion.org\/crpmlm\/campana-solidaria-para-ruben-patagonia\/","title":{"rendered":"Campa\u00f1a solidaria por Rub\u00e9n Patagonia"},"content":{"rendered":"\n<p>Los hijos del cantautor folkl\u00f3rico Rub\u00e9n Patagonia lanzaron un pedido solidario con el fin de obtener los fondos que le permitan al artista someterse a una compleja intervenci\u00f3n quir\u00fargica y realizar el tratamiento correspondiente para su recuperaci\u00f3n total.<\/p>\n\n\n\n<p>\u00abDesde el coraz\u00f3n de nuestra familia queremos compartir este dif\u00edcil momento. Nuestro padre, Rub\u00e9n Patagonia, debe enfrentar una delicada operaci\u00f3n. Si bien su estado es estable, se encuentra realizando los estudios correspondientes para avanzar sobre una intervenci\u00f3n quir\u00fargica. Recorrimos a su solidaridad, la que muchas veces estuvo y est\u00e1 presente\u00bb, manifestaron sus hijos a trav\u00e9s de las redes sociales.<\/p>\n\n\n\n<p>Y a\u00f1adieron: \u00abLos costos son altos y en un dif\u00edcil contexto donde lxs artistas no hemos podido retomar nuestro trabajo, hacemos este pedido para que entre muchxs podamos garantizar el tratamiento m\u00e9dico correspondiente que hoy es nuestra prioridad\u00bb.<br><br>En tal sentido, organizaron una serie de actividades para recaudar fondos, como la venta de un pack que incluye un disco oficial del m\u00fasico y una remera artesanal, que pueden encargarse desde cualquier punto del pa\u00eds a trav\u00e9s de sus redes sociales oficiales: Facebook:\u00a0<a href=\"https:\/\/www.facebook.com\/photo?fbid=238597711041467&amp;set=a.187974899437082\">Rub\u00e9n Patagonia Oficial<\/a>\u00a0o <a href=\"https:\/\/www.instagram.com\/rubenpatagoniaoficial\/\">Instagram Rub\u00e9n Patagonia Oficial<\/a><br><br>Tambi\u00e9n se reciben donaciones en la cuenta caja de ahorro del Banco Naci\u00f3n a nombre de Chauqui Fabricio Jeremias, CBU: 0110214930021472359651.<br><br>La intervenci\u00f3n que deber\u00e1 realizarse Patagonia requiere algunos cuidados especiales por la presencia de algunas patolog\u00edas preexistentes, por lo que se imponen costosos traslados y tratamientos especiales.<\/p>\n\n\n\n<div class=\"wp-block-image\"><figure class=\"alignleft size-large\"><img data-recalc-dims=\"1\" loading=\"lazy\" decoding=\"async\" width=\"505\" height=\"700\" src=\"https:\/\/i0.wp.com\/vamosporlaliberacion.org\/crpmlm\/wp-content\/uploads\/2021\/01\/140921536_242070980694140_599370369919587665_o-505x700.jpg?resize=505%2C700\" alt=\"\" class=\"wp-image-22942\" srcset=\"https:\/\/i0.wp.com\/vamosporlaliberacion.org\/crpmlm\/wp-content\/uploads\/2021\/01\/140921536_242070980694140_599370369919587665_o.jpg?resize=505%2C700&amp;ssl=1 505w, https:\/\/i0.wp.com\/vamosporlaliberacion.org\/crpmlm\/wp-content\/uploads\/2021\/01\/140921536_242070980694140_599370369919587665_o.jpg?resize=216%2C300&amp;ssl=1 216w, https:\/\/i0.wp.com\/vamosporlaliberacion.org\/crpmlm\/wp-content\/uploads\/2021\/01\/140921536_242070980694140_599370369919587665_o.jpg?resize=768%2C1065&amp;ssl=1 768w, https:\/\/i0.wp.com\/vamosporlaliberacion.org\/crpmlm\/wp-content\/uploads\/2021\/01\/140921536_242070980694140_599370369919587665_o.jpg?resize=1108%2C1536&amp;ssl=1 1108w, https:\/\/i0.wp.com\/vamosporlaliberacion.org\/crpmlm\/wp-content\/uploads\/2021\/01\/140921536_242070980694140_599370369919587665_o.jpg?resize=150%2C208&amp;ssl=1 150w, https:\/\/i0.wp.com\/vamosporlaliberacion.org\/crpmlm\/wp-content\/uploads\/2021\/01\/140921536_242070980694140_599370369919587665_o.jpg?resize=300%2C416&amp;ssl=1 300w, https:\/\/i0.wp.com\/vamosporlaliberacion.org\/crpmlm\/wp-content\/uploads\/2021\/01\/140921536_242070980694140_599370369919587665_o.jpg?resize=696%2C965&amp;ssl=1 696w, https:\/\/i0.wp.com\/vamosporlaliberacion.org\/crpmlm\/wp-content\/uploads\/2021\/01\/140921536_242070980694140_599370369919587665_o.jpg?resize=1068%2C1481&amp;ssl=1 1068w, https:\/\/i0.wp.com\/vamosporlaliberacion.org\/crpmlm\/wp-content\/uploads\/2021\/01\/140921536_242070980694140_599370369919587665_o.jpg?resize=303%2C420&amp;ssl=1 303w, https:\/\/i0.wp.com\/vamosporlaliberacion.org\/crpmlm\/wp-content\/uploads\/2021\/01\/140921536_242070980694140_599370369919587665_o.jpg?w=1157&amp;ssl=1 1157w\" sizes=\"auto, (max-width: 505px) 100vw, 505px\" \/><\/figure><\/div>\n\n\n\n<h2 class=\"wp-block-heading\">Mollo, Gieco y La Renga, en programa especial para ayudar a Rub\u00e9n Patagonia<\/h2>\n\n\n\n<p>Este jueves 28 de enero, diversxs artistas -entre lxs que se encuentran Ricardo Mollo, Le\u00f3n Gieco, Teresa Parodi, La Renga, V\u00edctor Heredia y Ligia Piro- participar\u00e1n de la transmisi\u00f3n especial <strong>\u00abNewen! Fuerza Rub\u00e9n\u00bb<\/strong>.<\/p>\n\n\n\n<p><strong>Podr\u00e1 verse a partir de las 20 desde su <a href=\"https:\/\/www.youtube.com\/channel\/UCryU5rF3MMvCHUBBuSmdGng\">canal oficial de YouTube<\/a><\/strong>.<\/p>\n<!-- AddThis Advanced Settings generic via filter on the_content --><!-- AddThis Share Buttons generic via filter on the_content -->","protected":false},"excerpt":{"rendered":"<p>Los hijos del cantautor folkl\u00f3rico Rub\u00e9n Patagonia lanzaron un pedido solidario con el fin de obtener los fondos que le permitan al artista someterse a una compleja intervenci\u00f3n quir\u00fargica y realizar el tratamiento correspondiente para su recuperaci\u00f3n total. \u00abDesde el coraz\u00f3n de nuestra familia queremos compartir este dif\u00edcil momento. Nuestro padre, Rub\u00e9n Patagonia, debe enfrentar [&hellip;]<!-- AddThis Advanced Settings generic via filter on get_the_excerpt --><!-- AddThis Share Buttons generic via filter on get_the_excerpt --><\/p>\n","protected":false},"author":6,"featured_media":22943,"comment_status":"open","ping_status":"open","sticky":false,"template":"","format":"standard","meta":{"_jetpack_memberships_contains_paid_content":false,"footnotes":""},"categories":[1850],"tags":[],"class_list":{"0":"post-22941","1":"post","2":"type-post","3":"status-publish","4":"format-standard","5":"has-post-thumbnail","7":"category-cultura"},"yoast_head":"<!-- This site is optimized with the Yoast SEO plugin v27.4 - https:\/\/yoast.com\/product\/yoast-seo-wordpress\/ -->\n<title>Campa\u00f1a solidaria por Rub\u00e9n Patagonia - Vamos por la Liberaci\u00f3n<\/title>\n<meta name=\"robots\" content=\"index, follow, max-snippet:-1, max-image-preview:large, max-video-preview:-1\" \/>\n<link rel=\"canonical\" href=\"https:\/\/vamosporlaliberacion.org\/crpmlm\/campana-solidaria-para-ruben-patagonia\/\" \/>\n<meta name=\"twitter:label1\" content=\"Escrito por\" \/>\n\t<meta name=\"twitter:data1\" content=\"vamos!\" \/>\n\t<meta name=\"twitter:label2\" content=\"Tiempo de lectura\" \/>\n\t<meta name=\"twitter:data2\" content=\"2 minutos\" \/>\n<script type=\"application\/ld+json\" class=\"yoast-schema-graph\">{\"@context\":\"https:\\\/\\\/schema.org\",\"@graph\":[{\"@type\":\"Article\",\"@id\":\"https:\\\/\\\/vamosporlaliberacion.org\\\/crpmlm\\\/campana-solidaria-para-ruben-patagonia\\\/#article\",\"isPartOf\":{\"@id\":\"https:\\\/\\\/vamosporlaliberacion.org\\\/crpmlm\\\/campana-solidaria-para-ruben-patagonia\\\/\"},\"author\":{\"name\":\"vamos!\",\"@id\":\"https:\\\/\\\/vamosporlaliberacion.org\\\/crpmlm\\\/#\\\/schema\\\/person\\\/d6eac7758df3770dae9cd9eb104d615c\"},\"headline\":\"Campa\u00f1a solidaria por Rub\u00e9n Patagonia\",\"datePublished\":\"2021-01-25T15:53:46+00:00\",\"dateModified\":\"2021-01-25T15:55:42+00:00\",\"mainEntityOfPage\":{\"@id\":\"https:\\\/\\\/vamosporlaliberacion.org\\\/crpmlm\\\/campana-solidaria-para-ruben-patagonia\\\/\"},\"wordCount\":328,\"commentCount\":0,\"image\":{\"@id\":\"https:\\\/\\\/vamosporlaliberacion.org\\\/crpmlm\\\/campana-solidaria-para-ruben-patagonia\\\/#primaryimage\"},\"thumbnailUrl\":\"https:\\\/\\\/i0.wp.com\\\/vamosporlaliberacion.org\\\/crpmlm\\\/wp-content\\\/uploads\\\/2021\\\/01\\\/photo_2021-01-25_12-51-35.jpg?fit=920%2C517&ssl=1\",\"articleSection\":[\"cultura\"],\"inLanguage\":\"es\",\"potentialAction\":[{\"@type\":\"CommentAction\",\"name\":\"Comment\",\"target\":[\"https:\\\/\\\/vamosporlaliberacion.org\\\/crpmlm\\\/campana-solidaria-para-ruben-patagonia\\\/#respond\"]}]},{\"@type\":\"WebPage\",\"@id\":\"https:\\\/\\\/vamosporlaliberacion.org\\\/crpmlm\\\/campana-solidaria-para-ruben-patagonia\\\/\",\"url\":\"https:\\\/\\\/vamosporlaliberacion.org\\\/crpmlm\\\/campana-solidaria-para-ruben-patagonia\\\/\",\"name\":\"Campa\u00f1a solidaria por Rub\u00e9n Patagonia - Vamos por la Liberaci\u00f3n\",\"isPartOf\":{\"@id\":\"https:\\\/\\\/vamosporlaliberacion.org\\\/crpmlm\\\/#website\"},\"primaryImageOfPage\":{\"@id\":\"https:\\\/\\\/vamosporlaliberacion.org\\\/crpmlm\\\/campana-solidaria-para-ruben-patagonia\\\/#primaryimage\"},\"image\":{\"@id\":\"https:\\\/\\\/vamosporlaliberacion.org\\\/crpmlm\\\/campana-solidaria-para-ruben-patagonia\\\/#primaryimage\"},\"thumbnailUrl\":\"https:\\\/\\\/i0.wp.com\\\/vamosporlaliberacion.org\\\/crpmlm\\\/wp-content\\\/uploads\\\/2021\\\/01\\\/photo_2021-01-25_12-51-35.jpg?fit=920%2C517&ssl=1\",\"datePublished\":\"2021-01-25T15:53:46+00:00\",\"dateModified\":\"2021-01-25T15:55:42+00:00\",\"author\":{\"@id\":\"https:\\\/\\\/vamosporlaliberacion.org\\\/crpmlm\\\/#\\\/schema\\\/person\\\/d6eac7758df3770dae9cd9eb104d615c\"},\"breadcrumb\":{\"@id\":\"https:\\\/\\\/vamosporlaliberacion.org\\\/crpmlm\\\/campana-solidaria-para-ruben-patagonia\\\/#breadcrumb\"},\"inLanguage\":\"es\",\"potentialAction\":[{\"@type\":\"ReadAction\",\"target\":[\"https:\\\/\\\/vamosporlaliberacion.org\\\/crpmlm\\\/campana-solidaria-para-ruben-patagonia\\\/\"]}]},{\"@type\":\"ImageObject\",\"inLanguage\":\"es\",\"@id\":\"https:\\\/\\\/vamosporlaliberacion.org\\\/crpmlm\\\/campana-solidaria-para-ruben-patagonia\\\/#primaryimage\",\"url\":\"https:\\\/\\\/i0.wp.com\\\/vamosporlaliberacion.org\\\/crpmlm\\\/wp-content\\\/uploads\\\/2021\\\/01\\\/photo_2021-01-25_12-51-35.jpg?fit=920%2C517&ssl=1\",\"contentUrl\":\"https:\\\/\\\/i0.wp.com\\\/vamosporlaliberacion.org\\\/crpmlm\\\/wp-content\\\/uploads\\\/2021\\\/01\\\/photo_2021-01-25_12-51-35.jpg?fit=920%2C517&ssl=1\",\"width\":920,\"height\":517},{\"@type\":\"BreadcrumbList\",\"@id\":\"https:\\\/\\\/vamosporlaliberacion.org\\\/crpmlm\\\/campana-solidaria-para-ruben-patagonia\\\/#breadcrumb\",\"itemListElement\":[{\"@type\":\"ListItem\",\"position\":1,\"name\":\"Portada\",\"item\":\"https:\\\/\\\/vamosporlaliberacion.org\\\/crpmlm\\\/\"},{\"@type\":\"ListItem\",\"position\":2,\"name\":\"Campa\u00f1a solidaria por Rub\u00e9n Patagonia\"}]},{\"@type\":\"WebSite\",\"@id\":\"https:\\\/\\\/vamosporlaliberacion.org\\\/crpmlm\\\/#website\",\"url\":\"https:\\\/\\\/vamosporlaliberacion.org\\\/crpmlm\\\/\",\"name\":\"Vamos por la Liberaci\u00f3n\",\"description\":\"Prensa CR\",\"potentialAction\":[{\"@type\":\"SearchAction\",\"target\":{\"@type\":\"EntryPoint\",\"urlTemplate\":\"https:\\\/\\\/vamosporlaliberacion.org\\\/crpmlm\\\/?s={search_term_string}\"},\"query-input\":{\"@type\":\"PropertyValueSpecification\",\"valueRequired\":true,\"valueName\":\"search_term_string\"}}],\"inLanguage\":\"es\"},{\"@type\":\"Person\",\"@id\":\"https:\\\/\\\/vamosporlaliberacion.org\\\/crpmlm\\\/#\\\/schema\\\/person\\\/d6eac7758df3770dae9cd9eb104d615c\",\"name\":\"vamos!\",\"url\":\"https:\\\/\\\/vamosporlaliberacion.org\\\/crpmlm\\\/author\\\/adminvxl\\\/\"}]}<\/script>\n<!-- \/ Yoast SEO plugin. -->","yoast_head_json":{"title":"Campa\u00f1a solidaria por Rub\u00e9n Patagonia - Vamos por la Liberaci\u00f3n","robots":{"index":"index","follow":"follow","max-snippet":"max-snippet:-1","max-image-preview":"max-image-preview:large","max-video-preview":"max-video-preview:-1"},"canonical":"https:\/\/vamosporlaliberacion.org\/crpmlm\/campana-solidaria-para-ruben-patagonia\/","twitter_misc":{"Escrito por":"vamos!","Tiempo de lectura":"2 minutos"},"schema":{"@context":"https:\/\/schema.org","@graph":[{"@type":"Article","@id":"https:\/\/vamosporlaliberacion.org\/crpmlm\/campana-solidaria-para-ruben-patagonia\/#article","isPartOf":{"@id":"https:\/\/vamosporlaliberacion.org\/crpmlm\/campana-solidaria-para-ruben-patagonia\/"},"author":{"name":"vamos!","@id":"https:\/\/vamosporlaliberacion.org\/crpmlm\/#\/schema\/person\/d6eac7758df3770dae9cd9eb104d615c"},"headline":"Campa\u00f1a solidaria por Rub\u00e9n Patagonia","datePublished":"2021-01-25T15:53:46+00:00","dateModified":"2021-01-25T15:55:42+00:00","mainEntityOfPage":{"@id":"https:\/\/vamosporlaliberacion.org\/crpmlm\/campana-solidaria-para-ruben-patagonia\/"},"wordCount":328,"commentCount":0,"image":{"@id":"https:\/\/vamosporlaliberacion.org\/crpmlm\/campana-solidaria-para-ruben-patagonia\/#primaryimage"},"thumbnailUrl":"https:\/\/i0.wp.com\/vamosporlaliberacion.org\/crpmlm\/wp-content\/uploads\/2021\/01\/photo_2021-01-25_12-51-35.jpg?fit=920%2C517&ssl=1","articleSection":["cultura"],"inLanguage":"es","potentialAction":[{"@type":"CommentAction","name":"Comment","target":["https:\/\/vamosporlaliberacion.org\/crpmlm\/campana-solidaria-para-ruben-patagonia\/#respond"]}]},{"@type":"WebPage","@id":"https:\/\/vamosporlaliberacion.org\/crpmlm\/campana-solidaria-para-ruben-patagonia\/","url":"https:\/\/vamosporlaliberacion.org\/crpmlm\/campana-solidaria-para-ruben-patagonia\/","name":"Campa\u00f1a solidaria por Rub\u00e9n Patagonia - Vamos por la Liberaci\u00f3n","isPartOf":{"@id":"https:\/\/vamosporlaliberacion.org\/crpmlm\/#website"},"primaryImageOfPage":{"@id":"https:\/\/vamosporlaliberacion.org\/crpmlm\/campana-solidaria-para-ruben-patagonia\/#primaryimage"},"image":{"@id":"https:\/\/vamosporlaliberacion.org\/crpmlm\/campana-solidaria-para-ruben-patagonia\/#primaryimage"},"thumbnailUrl":"https:\/\/i0.wp.com\/vamosporlaliberacion.org\/crpmlm\/wp-content\/uploads\/2021\/01\/photo_2021-01-25_12-51-35.jpg?fit=920%2C517&ssl=1","datePublished":"2021-01-25T15:53:46+00:00","dateModified":"2021-01-25T15:55:42+00:00","author":{"@id":"https:\/\/vamosporlaliberacion.org\/crpmlm\/#\/schema\/person\/d6eac7758df3770dae9cd9eb104d615c"},"breadcrumb":{"@id":"https:\/\/vamosporlaliberacion.org\/crpmlm\/campana-solidaria-para-ruben-patagonia\/#breadcrumb"},"inLanguage":"es","potentialAction":[{"@type":"ReadAction","target":["https:\/\/vamosporlaliberacion.org\/crpmlm\/campana-solidaria-para-ruben-patagonia\/"]}]},{"@type":"ImageObject","inLanguage":"es","@id":"https:\/\/vamosporlaliberacion.org\/crpmlm\/campana-solidaria-para-ruben-patagonia\/#primaryimage","url":"https:\/\/i0.wp.com\/vamosporlaliberacion.org\/crpmlm\/wp-content\/uploads\/2021\/01\/photo_2021-01-25_12-51-35.jpg?fit=920%2C517&ssl=1","contentUrl":"https:\/\/i0.wp.com\/vamosporlaliberacion.org\/crpmlm\/wp-content\/uploads\/2021\/01\/photo_2021-01-25_12-51-35.jpg?fit=920%2C517&ssl=1","width":920,"height":517},{"@type":"BreadcrumbList","@id":"https:\/\/vamosporlaliberacion.org\/crpmlm\/campana-solidaria-para-ruben-patagonia\/#breadcrumb","itemListElement":[{"@type":"ListItem","position":1,"name":"Portada","item":"https:\/\/vamosporlaliberacion.org\/crpmlm\/"},{"@type":"ListItem","position":2,"name":"Campa\u00f1a solidaria por Rub\u00e9n Patagonia"}]},{"@type":"WebSite","@id":"https:\/\/vamosporlaliberacion.org\/crpmlm\/#website","url":"https:\/\/vamosporlaliberacion.org\/crpmlm\/","name":"Vamos por la Liberaci\u00f3n","description":"Prensa CR","potentialAction":[{"@type":"SearchAction","target":{"@type":"EntryPoint","urlTemplate":"https:\/\/vamosporlaliberacion.org\/crpmlm\/?s={search_term_string}"},"query-input":{"@type":"PropertyValueSpecification","valueRequired":true,"valueName":"search_term_string"}}],"inLanguage":"es"},{"@type":"Person","@id":"https:\/\/vamosporlaliberacion.org\/crpmlm\/#\/schema\/person\/d6eac7758df3770dae9cd9eb104d615c","name":"vamos!","url":"https:\/\/vamosporlaliberacion.org\/crpmlm\/author\/adminvxl\/"}]}},"jetpack_featured_media_url":"https:\/\/i0.wp.com\/vamosporlaliberacion.org\/crpmlm\/wp-content\/uploads\/2021\/01\/photo_2021-01-25_12-51-35.jpg?fit=920%2C517&ssl=1","jetpack_sharing_enabled":true,"_links":{"self":[{"href":"https:\/\/vamosporlaliberacion.org\/crpmlm\/wp-json\/wp\/v2\/posts\/22941","targetHints":{"allow":["GET"]}}],"collection":[{"href":"https:\/\/vamosporlaliberacion.org\/crpmlm\/wp-json\/wp\/v2\/posts"}],"about":[{"href":"https:\/\/vamosporlaliberacion.org\/crpmlm\/wp-json\/wp\/v2\/types\/post"}],"author":[{"embeddable":true,"href":"https:\/\/vamosporlaliberacion.org\/crpmlm\/wp-json\/wp\/v2\/users\/6"}],"replies":[{"embeddable":true,"href":"https:\/\/vamosporlaliberacion.org\/crpmlm\/wp-json\/wp\/v2\/comments?post=22941"}],"version-history":[{"count":2,"href":"https:\/\/vamosporlaliberacion.org\/crpmlm\/wp-json\/wp\/v2\/posts\/22941\/revisions"}],"predecessor-version":[{"id":22945,"href":"https:\/\/vamosporlaliberacion.org\/crpmlm\/wp-json\/wp\/v2\/posts\/22941\/revisions\/22945"}],"wp:featuredmedia":[{"embeddable":true,"href":"https:\/\/vamosporlaliberacion.org\/crpmlm\/wp-json\/wp\/v2\/media\/22943"}],"wp:attachment":[{"href":"https:\/\/vamosporlaliberacion.org\/crpmlm\/wp-json\/wp\/v2\/media?parent=22941"}],"wp:term":[{"taxonomy":"category","embeddable":true,"href":"https:\/\/vamosporlaliberacion.org\/crpmlm\/wp-json\/wp\/v2\/categories?post=22941"},{"taxonomy":"post_tag","embeddable":true,"href":"https:\/\/vamosporlaliberacion.org\/crpmlm\/wp-json\/wp\/v2\/tags?post=22941"}],"curies":[{"name":"wp","href":"https:\/\/api.w.org\/{rel}","templated":true}]}}