{"id":2277,"date":"2013-09-24T22:55:22","date_gmt":"2013-09-24T22:55:22","guid":{"rendered":"http:\/\/vamosporlaliberacion.org\/crpmlm\/?p=2277"},"modified":"2015-10-27T22:56:41","modified_gmt":"2015-10-27T22:56:41","slug":"una-nueva-ruptura-del-pcr","status":"publish","type":"post","link":"https:\/\/vamosporlaliberacion.org\/crpmlm\/una-nueva-ruptura-del-pcr\/","title":{"rendered":"Una nueva ruptura del PCR"},"content":{"rendered":"<p>Recientemente compa\u00f1eros de Santiago de Estero han publicado una declaraci\u00f3n de ruptura con el PCR. Afirman que es el resultado de un proceso de meses de discusi\u00f3n y se produce luego del 12\u00b0 Congreso de ese partido. Denuncian la l\u00ednea oportunista de derecha que ha pasado a hegemonizar en la direcci\u00f3n nacional de la organizaci\u00f3n, seg\u00fan afirman: \u201cproduci\u00e9ndose un cambio de car\u00e1cter de clase que hist\u00f3ricamente ha tenido el PCR\u201d.<\/p>\n<p>En la declaraci\u00f3n denuncian tambi\u00e9n el ocultamiento sistem\u00e1tico que se ha promovido dentro del PCR sobre las vinculaciones que se ven\u00edan tejiendo con sectores de las clases dominantes, particularmente con Oscar Alvarado: terrateniente de la provincia de Buenos Aires y fundador del grupo sojero El Tejar. Tambi\u00e9n, con el Banco Santander y Garbarino.<\/p>\n<p>Sostienen que esta l\u00ednea de derecha ha llevado al PCR a \u201crifar\u201d al zonal de Tierra del Fuego. \u00c9ste es otro zonal que ha roto con el PCR tras la alianza electoral en provincia de Buenos Aires del PTP-PCR con el Partido Social conducido por Fabiana R\u00edos, gobernadora fueguina. La gobernadora contin\u00faa con la persecuci\u00f3n judicial a los docentes y camioneros de la provincia del sur, luego de una lucha hist\u00f3rica que conquist\u00f3 un aumento salarial del 43% para los docentes.<\/p>\n<p>El texto finaliza afirmando que: \u201cva siendo hora de unir  los que pensamos de la misma manera, tratar de buscar un punto de encuentro que nos permita armar la verdadera herramienta que necesita el Pueblo, el Partido de Vanguardia de la Clases Obrera y el Campesinado, en ese camino nos comprometemos a hacer el mayor esfuerzo para poder concretar ese anhelo\u201d.<\/p>\n<p>Un saludo fraternal para los compa\u00f1eros comunistas revolucionarios de Santiago del Estero. Compartimos los objetivos de revoluci\u00f3n y unidad por los intereses de la clase obrera y el pueblo.<\/p>\n<!-- AddThis Advanced Settings generic via filter on the_content --><!-- AddThis Share Buttons generic via filter on the_content -->","protected":false},"excerpt":{"rendered":"<p>Recientemente compa\u00f1eros de Santiago de Estero han publicado una declaraci\u00f3n de ruptura con el PCR. Afirman que es el resultado de un proceso de meses de discusi\u00f3n y se produce luego del 12\u00b0 Congreso de ese partido. Denuncian la l\u00ednea oportunista de derecha que ha pasado a hegemonizar en la direcci\u00f3n nacional de la organizaci\u00f3n, [&hellip;]<!-- AddThis Advanced Settings generic via filter on get_the_excerpt --><!-- AddThis Share Buttons generic via filter on get_the_excerpt --><\/p>\n","protected":false},"author":6,"featured_media":0,"comment_status":"open","ping_status":"open","sticky":false,"template":"","format":"standard","meta":{"_jetpack_memberships_contains_paid_content":false,"footnotes":""},"categories":[1699],"tags":[228,342],"class_list":{"0":"post-2277","1":"post","2":"type-post","3":"status-publish","4":"format-standard","6":"category-noticias","7":"tag-santiago-del-estero","8":"tag-vxl-14"},"yoast_head":"<!-- This site is optimized with the Yoast SEO plugin v27.4 - https:\/\/yoast.com\/product\/yoast-seo-wordpress\/ -->\n<title>Una nueva ruptura del PCR - Vamos por la Liberaci\u00f3n<\/title>\n<meta name=\"robots\" content=\"index, follow, max-snippet:-1, max-image-preview:large, max-video-preview:-1\" \/>\n<link rel=\"canonical\" href=\"http:\/\/vamosporlaliberacion.org\/crpmlm\/una-nueva-ruptura-del-pcr\/\" \/>\n<meta name=\"twitter:label1\" content=\"Escrito por\" \/>\n\t<meta name=\"twitter:data1\" content=\"vamos!\" \/>\n\t<meta name=\"twitter:label2\" content=\"Tiempo de lectura\" \/>\n\t<meta name=\"twitter:data2\" content=\"2 minutos\" \/>\n<script type=\"application\/ld+json\" class=\"yoast-schema-graph\">{\"@context\":\"https:\\\/\\\/schema.org\",\"@graph\":[{\"@type\":\"Article\",\"@id\":\"http:\\\/\\\/vamosporlaliberacion.org\\\/crpmlm\\\/una-nueva-ruptura-del-pcr\\\/#article\",\"isPartOf\":{\"@id\":\"http:\\\/\\\/vamosporlaliberacion.org\\\/crpmlm\\\/una-nueva-ruptura-del-pcr\\\/\"},\"author\":{\"name\":\"vamos!\",\"@id\":\"https:\\\/\\\/vamosporlaliberacion.org\\\/crpmlm\\\/#\\\/schema\\\/person\\\/d6eac7758df3770dae9cd9eb104d615c\"},\"headline\":\"Una nueva ruptura del PCR\",\"datePublished\":\"2013-09-24T22:55:22+00:00\",\"dateModified\":\"2015-10-27T22:56:41+00:00\",\"mainEntityOfPage\":{\"@id\":\"http:\\\/\\\/vamosporlaliberacion.org\\\/crpmlm\\\/una-nueva-ruptura-del-pcr\\\/\"},\"wordCount\":319,\"commentCount\":0,\"keywords\":[\"Santiago del Estero\",\"vxl 14\"],\"articleSection\":[\"Noticias\"],\"inLanguage\":\"es\",\"potentialAction\":[{\"@type\":\"CommentAction\",\"name\":\"Comment\",\"target\":[\"http:\\\/\\\/vamosporlaliberacion.org\\\/crpmlm\\\/una-nueva-ruptura-del-pcr\\\/#respond\"]}]},{\"@type\":\"WebPage\",\"@id\":\"http:\\\/\\\/vamosporlaliberacion.org\\\/crpmlm\\\/una-nueva-ruptura-del-pcr\\\/\",\"url\":\"http:\\\/\\\/vamosporlaliberacion.org\\\/crpmlm\\\/una-nueva-ruptura-del-pcr\\\/\",\"name\":\"Una nueva ruptura del PCR - Vamos por la Liberaci\u00f3n\",\"isPartOf\":{\"@id\":\"https:\\\/\\\/vamosporlaliberacion.org\\\/crpmlm\\\/#website\"},\"datePublished\":\"2013-09-24T22:55:22+00:00\",\"dateModified\":\"2015-10-27T22:56:41+00:00\",\"author\":{\"@id\":\"https:\\\/\\\/vamosporlaliberacion.org\\\/crpmlm\\\/#\\\/schema\\\/person\\\/d6eac7758df3770dae9cd9eb104d615c\"},\"breadcrumb\":{\"@id\":\"http:\\\/\\\/vamosporlaliberacion.org\\\/crpmlm\\\/una-nueva-ruptura-del-pcr\\\/#breadcrumb\"},\"inLanguage\":\"es\",\"potentialAction\":[{\"@type\":\"ReadAction\",\"target\":[\"http:\\\/\\\/vamosporlaliberacion.org\\\/crpmlm\\\/una-nueva-ruptura-del-pcr\\\/\"]}]},{\"@type\":\"BreadcrumbList\",\"@id\":\"http:\\\/\\\/vamosporlaliberacion.org\\\/crpmlm\\\/una-nueva-ruptura-del-pcr\\\/#breadcrumb\",\"itemListElement\":[{\"@type\":\"ListItem\",\"position\":1,\"name\":\"Portada\",\"item\":\"https:\\\/\\\/vamosporlaliberacion.org\\\/crpmlm\\\/\"},{\"@type\":\"ListItem\",\"position\":2,\"name\":\"Una nueva ruptura del PCR\"}]},{\"@type\":\"WebSite\",\"@id\":\"https:\\\/\\\/vamosporlaliberacion.org\\\/crpmlm\\\/#website\",\"url\":\"https:\\\/\\\/vamosporlaliberacion.org\\\/crpmlm\\\/\",\"name\":\"Vamos por la Liberaci\u00f3n\",\"description\":\"Prensa CR\",\"potentialAction\":[{\"@type\":\"SearchAction\",\"target\":{\"@type\":\"EntryPoint\",\"urlTemplate\":\"https:\\\/\\\/vamosporlaliberacion.org\\\/crpmlm\\\/?s={search_term_string}\"},\"query-input\":{\"@type\":\"PropertyValueSpecification\",\"valueRequired\":true,\"valueName\":\"search_term_string\"}}],\"inLanguage\":\"es\"},{\"@type\":\"Person\",\"@id\":\"https:\\\/\\\/vamosporlaliberacion.org\\\/crpmlm\\\/#\\\/schema\\\/person\\\/d6eac7758df3770dae9cd9eb104d615c\",\"name\":\"vamos!\",\"url\":\"https:\\\/\\\/vamosporlaliberacion.org\\\/crpmlm\\\/author\\\/adminvxl\\\/\"}]}<\/script>\n<!-- \/ Yoast SEO plugin. -->","yoast_head_json":{"title":"Una nueva ruptura del PCR - Vamos por la Liberaci\u00f3n","robots":{"index":"index","follow":"follow","max-snippet":"max-snippet:-1","max-image-preview":"max-image-preview:large","max-video-preview":"max-video-preview:-1"},"canonical":"http:\/\/vamosporlaliberacion.org\/crpmlm\/una-nueva-ruptura-del-pcr\/","twitter_misc":{"Escrito por":"vamos!","Tiempo de lectura":"2 minutos"},"schema":{"@context":"https:\/\/schema.org","@graph":[{"@type":"Article","@id":"http:\/\/vamosporlaliberacion.org\/crpmlm\/una-nueva-ruptura-del-pcr\/#article","isPartOf":{"@id":"http:\/\/vamosporlaliberacion.org\/crpmlm\/una-nueva-ruptura-del-pcr\/"},"author":{"name":"vamos!","@id":"https:\/\/vamosporlaliberacion.org\/crpmlm\/#\/schema\/person\/d6eac7758df3770dae9cd9eb104d615c"},"headline":"Una nueva ruptura del PCR","datePublished":"2013-09-24T22:55:22+00:00","dateModified":"2015-10-27T22:56:41+00:00","mainEntityOfPage":{"@id":"http:\/\/vamosporlaliberacion.org\/crpmlm\/una-nueva-ruptura-del-pcr\/"},"wordCount":319,"commentCount":0,"keywords":["Santiago del Estero","vxl 14"],"articleSection":["Noticias"],"inLanguage":"es","potentialAction":[{"@type":"CommentAction","name":"Comment","target":["http:\/\/vamosporlaliberacion.org\/crpmlm\/una-nueva-ruptura-del-pcr\/#respond"]}]},{"@type":"WebPage","@id":"http:\/\/vamosporlaliberacion.org\/crpmlm\/una-nueva-ruptura-del-pcr\/","url":"http:\/\/vamosporlaliberacion.org\/crpmlm\/una-nueva-ruptura-del-pcr\/","name":"Una nueva ruptura del PCR - Vamos por la Liberaci\u00f3n","isPartOf":{"@id":"https:\/\/vamosporlaliberacion.org\/crpmlm\/#website"},"datePublished":"2013-09-24T22:55:22+00:00","dateModified":"2015-10-27T22:56:41+00:00","author":{"@id":"https:\/\/vamosporlaliberacion.org\/crpmlm\/#\/schema\/person\/d6eac7758df3770dae9cd9eb104d615c"},"breadcrumb":{"@id":"http:\/\/vamosporlaliberacion.org\/crpmlm\/una-nueva-ruptura-del-pcr\/#breadcrumb"},"inLanguage":"es","potentialAction":[{"@type":"ReadAction","target":["http:\/\/vamosporlaliberacion.org\/crpmlm\/una-nueva-ruptura-del-pcr\/"]}]},{"@type":"BreadcrumbList","@id":"http:\/\/vamosporlaliberacion.org\/crpmlm\/una-nueva-ruptura-del-pcr\/#breadcrumb","itemListElement":[{"@type":"ListItem","position":1,"name":"Portada","item":"https:\/\/vamosporlaliberacion.org\/crpmlm\/"},{"@type":"ListItem","position":2,"name":"Una nueva ruptura del PCR"}]},{"@type":"WebSite","@id":"https:\/\/vamosporlaliberacion.org\/crpmlm\/#website","url":"https:\/\/vamosporlaliberacion.org\/crpmlm\/","name":"Vamos por la Liberaci\u00f3n","description":"Prensa CR","potentialAction":[{"@type":"SearchAction","target":{"@type":"EntryPoint","urlTemplate":"https:\/\/vamosporlaliberacion.org\/crpmlm\/?s={search_term_string}"},"query-input":{"@type":"PropertyValueSpecification","valueRequired":true,"valueName":"search_term_string"}}],"inLanguage":"es"},{"@type":"Person","@id":"https:\/\/vamosporlaliberacion.org\/crpmlm\/#\/schema\/person\/d6eac7758df3770dae9cd9eb104d615c","name":"vamos!","url":"https:\/\/vamosporlaliberacion.org\/crpmlm\/author\/adminvxl\/"}]}},"jetpack_featured_media_url":"","jetpack_sharing_enabled":true,"_links":{"self":[{"href":"https:\/\/vamosporlaliberacion.org\/crpmlm\/wp-json\/wp\/v2\/posts\/2277","targetHints":{"allow":["GET"]}}],"collection":[{"href":"https:\/\/vamosporlaliberacion.org\/crpmlm\/wp-json\/wp\/v2\/posts"}],"about":[{"href":"https:\/\/vamosporlaliberacion.org\/crpmlm\/wp-json\/wp\/v2\/types\/post"}],"author":[{"embeddable":true,"href":"https:\/\/vamosporlaliberacion.org\/crpmlm\/wp-json\/wp\/v2\/users\/6"}],"replies":[{"embeddable":true,"href":"https:\/\/vamosporlaliberacion.org\/crpmlm\/wp-json\/wp\/v2\/comments?post=2277"}],"version-history":[{"count":0,"href":"https:\/\/vamosporlaliberacion.org\/crpmlm\/wp-json\/wp\/v2\/posts\/2277\/revisions"}],"wp:attachment":[{"href":"https:\/\/vamosporlaliberacion.org\/crpmlm\/wp-json\/wp\/v2\/media?parent=2277"}],"wp:term":[{"taxonomy":"category","embeddable":true,"href":"https:\/\/vamosporlaliberacion.org\/crpmlm\/wp-json\/wp\/v2\/categories?post=2277"},{"taxonomy":"post_tag","embeddable":true,"href":"https:\/\/vamosporlaliberacion.org\/crpmlm\/wp-json\/wp\/v2\/tags?post=2277"}],"curies":[{"name":"wp","href":"https:\/\/api.w.org\/{rel}","templated":true}]}}