{"id":2267,"date":"2013-09-24T22:46:46","date_gmt":"2013-09-24T22:46:46","guid":{"rendered":"http:\/\/vamosporlaliberacion.org\/crpmlm\/?p=2267"},"modified":"2015-10-27T22:55:16","modified_gmt":"2015-10-27T22:55:16","slug":"caba-debates-en-la-coordinadora-de-estudiantes-de-base","status":"publish","type":"post","link":"https:\/\/vamosporlaliberacion.org\/crpmlm\/caba-debates-en-la-coordinadora-de-estudiantes-de-base\/","title":{"rendered":"CABA: Debates en la Coordinadora de Estudiantes de Base"},"content":{"rendered":"<p>La OES (con candidatos en la colectora kirchnerista \u201cAlternativa Popular\u201d, del ex jefe de gobierno An\u00edbal Ibarra) y Nuevo Encuentro participan dentro de la CEB (Coordinadora de Estudiantes de Base). Cuando ven que alg\u00fan reclamo va contra los dos gobiernos y no logran hegemonizar, intentan confundir y desviar la atenci\u00f3n cambiando fechas y lugares de las marchas a \u00faltimo momento. As\u00ed fue que intentaron imponer un comunicado 6hs antes de la movilizaci\u00f3n que no denuncia nada del CFE ni del kirchnerismo.<\/p>\n<p>Las fuerzas que hegemonizan hoy la CEB hicieron otro comunicado que reclama ciertos puntos al CFE sin cuestionar la reforma ni la homologaci\u00f3n en general.<\/p>\n<p>La torpeza del trotskismo de querer imponer un comunicado con solo dos mandatos de base, sabiendo la actitud de las otras fuerzas, les permiti\u00f3 a los dem\u00e1s llevarse la bandera de la CEB y los centros de estudiantes que dirigen esas fuerzas, quedando aislado.<\/p>\n<p>Desde A Martillazos y La Corriente Secundarios proponen que si no hay un documento com\u00fan, puedan hablar todos los centros de estudiantes para difundir sus reclamos y declaraciones, pero no para hacer una \u201casamblea de los luchadores movilizados\u201d, sino que los que decidan sean los pibes en asambleas de cada colegio. Para garantizar esta unidad es necesario que crezca una l\u00ednea antiimperialista que comprenda la necesidad de unir a la mayor\u00eda para que protagonice la lucha.<\/p>\n<h3><strong>Lo que nadie dice de la reforma.<\/strong><\/h3>\n<p>La incorporaci\u00f3n de m\u00e1s horas de \u201cformaci\u00f3n ciudadana\u201d les sirve a las clases dominantes para borrar la experiencia de lucha del pueblo dici\u00e9ndole a los j\u00f3venes: \u201cya pas\u00f3 el 2001, la pol\u00edtica se hace votando cada dos o cuatro a\u00f1os, y no cortando calles ni tomando colegios\u201d, \u201cel pueblo no delibera ni gobierna sino a trav\u00e9s de sus representantes\u201d. El sistema educativo, con todas las contradicciones que tiene, es en definitiva una parte del aparato ideol\u00f3gico del Estado que controlan las clases dominantes.<\/p>\n<!-- AddThis Advanced Settings generic via filter on the_content --><!-- AddThis Share Buttons generic via filter on the_content -->","protected":false},"excerpt":{"rendered":"<p>La OES (con candidatos en la colectora kirchnerista \u201cAlternativa Popular\u201d, del ex jefe de gobierno An\u00edbal Ibarra) y Nuevo Encuentro participan dentro de la CEB (Coordinadora de Estudiantes de Base). Cuando ven que alg\u00fan reclamo va contra los dos gobiernos y no logran hegemonizar, intentan confundir y desviar la atenci\u00f3n cambiando fechas y lugares de [&hellip;]<!-- AddThis Advanced Settings generic via filter on get_the_excerpt --><!-- AddThis Share Buttons generic via filter on get_the_excerpt --><\/p>\n","protected":false},"author":6,"featured_media":0,"comment_status":"open","ping_status":"open","sticky":false,"template":"","format":"standard","meta":{"_jetpack_memberships_contains_paid_content":false,"footnotes":""},"categories":[1699],"tags":[232,342],"class_list":{"0":"post-2267","1":"post","2":"type-post","3":"status-publish","4":"format-standard","6":"category-noticias","7":"tag-secundarios","8":"tag-vxl-14"},"yoast_head":"<!-- This site is optimized with the Yoast SEO plugin v27.4 - https:\/\/yoast.com\/product\/yoast-seo-wordpress\/ -->\n<title>CABA: Debates en la Coordinadora de Estudiantes de Base - Vamos por la Liberaci\u00f3n<\/title>\n<meta name=\"robots\" content=\"index, follow, max-snippet:-1, max-image-preview:large, max-video-preview:-1\" \/>\n<link rel=\"canonical\" href=\"http:\/\/vamosporlaliberacion.org\/crpmlm\/caba-debates-en-la-coordinadora-de-estudiantes-de-base\/\" \/>\n<meta name=\"twitter:label1\" content=\"Escrito por\" \/>\n\t<meta name=\"twitter:data1\" content=\"vamos!\" \/>\n\t<meta name=\"twitter:label2\" content=\"Tiempo de lectura\" \/>\n\t<meta name=\"twitter:data2\" content=\"2 minutos\" \/>\n<script type=\"application\/ld+json\" class=\"yoast-schema-graph\">{\"@context\":\"https:\\\/\\\/schema.org\",\"@graph\":[{\"@type\":\"Article\",\"@id\":\"http:\\\/\\\/vamosporlaliberacion.org\\\/crpmlm\\\/caba-debates-en-la-coordinadora-de-estudiantes-de-base\\\/#article\",\"isPartOf\":{\"@id\":\"http:\\\/\\\/vamosporlaliberacion.org\\\/crpmlm\\\/caba-debates-en-la-coordinadora-de-estudiantes-de-base\\\/\"},\"author\":{\"name\":\"vamos!\",\"@id\":\"https:\\\/\\\/vamosporlaliberacion.org\\\/crpmlm\\\/#\\\/schema\\\/person\\\/d6eac7758df3770dae9cd9eb104d615c\"},\"headline\":\"CABA: Debates en la Coordinadora de Estudiantes de Base\",\"datePublished\":\"2013-09-24T22:46:46+00:00\",\"dateModified\":\"2015-10-27T22:55:16+00:00\",\"mainEntityOfPage\":{\"@id\":\"http:\\\/\\\/vamosporlaliberacion.org\\\/crpmlm\\\/caba-debates-en-la-coordinadora-de-estudiantes-de-base\\\/\"},\"wordCount\":342,\"commentCount\":0,\"keywords\":[\"Secundarios\",\"vxl 14\"],\"articleSection\":[\"Noticias\"],\"inLanguage\":\"es\",\"potentialAction\":[{\"@type\":\"CommentAction\",\"name\":\"Comment\",\"target\":[\"http:\\\/\\\/vamosporlaliberacion.org\\\/crpmlm\\\/caba-debates-en-la-coordinadora-de-estudiantes-de-base\\\/#respond\"]}]},{\"@type\":\"WebPage\",\"@id\":\"http:\\\/\\\/vamosporlaliberacion.org\\\/crpmlm\\\/caba-debates-en-la-coordinadora-de-estudiantes-de-base\\\/\",\"url\":\"http:\\\/\\\/vamosporlaliberacion.org\\\/crpmlm\\\/caba-debates-en-la-coordinadora-de-estudiantes-de-base\\\/\",\"name\":\"CABA: Debates en la Coordinadora de Estudiantes de Base - Vamos por la Liberaci\u00f3n\",\"isPartOf\":{\"@id\":\"https:\\\/\\\/vamosporlaliberacion.org\\\/crpmlm\\\/#website\"},\"datePublished\":\"2013-09-24T22:46:46+00:00\",\"dateModified\":\"2015-10-27T22:55:16+00:00\",\"author\":{\"@id\":\"https:\\\/\\\/vamosporlaliberacion.org\\\/crpmlm\\\/#\\\/schema\\\/person\\\/d6eac7758df3770dae9cd9eb104d615c\"},\"breadcrumb\":{\"@id\":\"http:\\\/\\\/vamosporlaliberacion.org\\\/crpmlm\\\/caba-debates-en-la-coordinadora-de-estudiantes-de-base\\\/#breadcrumb\"},\"inLanguage\":\"es\",\"potentialAction\":[{\"@type\":\"ReadAction\",\"target\":[\"http:\\\/\\\/vamosporlaliberacion.org\\\/crpmlm\\\/caba-debates-en-la-coordinadora-de-estudiantes-de-base\\\/\"]}]},{\"@type\":\"BreadcrumbList\",\"@id\":\"http:\\\/\\\/vamosporlaliberacion.org\\\/crpmlm\\\/caba-debates-en-la-coordinadora-de-estudiantes-de-base\\\/#breadcrumb\",\"itemListElement\":[{\"@type\":\"ListItem\",\"position\":1,\"name\":\"Portada\",\"item\":\"https:\\\/\\\/vamosporlaliberacion.org\\\/crpmlm\\\/\"},{\"@type\":\"ListItem\",\"position\":2,\"name\":\"CABA: Debates en la Coordinadora de Estudiantes de Base\"}]},{\"@type\":\"WebSite\",\"@id\":\"https:\\\/\\\/vamosporlaliberacion.org\\\/crpmlm\\\/#website\",\"url\":\"https:\\\/\\\/vamosporlaliberacion.org\\\/crpmlm\\\/\",\"name\":\"Vamos por la Liberaci\u00f3n\",\"description\":\"Prensa CR\",\"potentialAction\":[{\"@type\":\"SearchAction\",\"target\":{\"@type\":\"EntryPoint\",\"urlTemplate\":\"https:\\\/\\\/vamosporlaliberacion.org\\\/crpmlm\\\/?s={search_term_string}\"},\"query-input\":{\"@type\":\"PropertyValueSpecification\",\"valueRequired\":true,\"valueName\":\"search_term_string\"}}],\"inLanguage\":\"es\"},{\"@type\":\"Person\",\"@id\":\"https:\\\/\\\/vamosporlaliberacion.org\\\/crpmlm\\\/#\\\/schema\\\/person\\\/d6eac7758df3770dae9cd9eb104d615c\",\"name\":\"vamos!\",\"url\":\"https:\\\/\\\/vamosporlaliberacion.org\\\/crpmlm\\\/author\\\/adminvxl\\\/\"}]}<\/script>\n<!-- \/ Yoast SEO plugin. -->","yoast_head_json":{"title":"CABA: Debates en la Coordinadora de Estudiantes de Base - Vamos por la Liberaci\u00f3n","robots":{"index":"index","follow":"follow","max-snippet":"max-snippet:-1","max-image-preview":"max-image-preview:large","max-video-preview":"max-video-preview:-1"},"canonical":"http:\/\/vamosporlaliberacion.org\/crpmlm\/caba-debates-en-la-coordinadora-de-estudiantes-de-base\/","twitter_misc":{"Escrito por":"vamos!","Tiempo de lectura":"2 minutos"},"schema":{"@context":"https:\/\/schema.org","@graph":[{"@type":"Article","@id":"http:\/\/vamosporlaliberacion.org\/crpmlm\/caba-debates-en-la-coordinadora-de-estudiantes-de-base\/#article","isPartOf":{"@id":"http:\/\/vamosporlaliberacion.org\/crpmlm\/caba-debates-en-la-coordinadora-de-estudiantes-de-base\/"},"author":{"name":"vamos!","@id":"https:\/\/vamosporlaliberacion.org\/crpmlm\/#\/schema\/person\/d6eac7758df3770dae9cd9eb104d615c"},"headline":"CABA: Debates en la Coordinadora de Estudiantes de Base","datePublished":"2013-09-24T22:46:46+00:00","dateModified":"2015-10-27T22:55:16+00:00","mainEntityOfPage":{"@id":"http:\/\/vamosporlaliberacion.org\/crpmlm\/caba-debates-en-la-coordinadora-de-estudiantes-de-base\/"},"wordCount":342,"commentCount":0,"keywords":["Secundarios","vxl 14"],"articleSection":["Noticias"],"inLanguage":"es","potentialAction":[{"@type":"CommentAction","name":"Comment","target":["http:\/\/vamosporlaliberacion.org\/crpmlm\/caba-debates-en-la-coordinadora-de-estudiantes-de-base\/#respond"]}]},{"@type":"WebPage","@id":"http:\/\/vamosporlaliberacion.org\/crpmlm\/caba-debates-en-la-coordinadora-de-estudiantes-de-base\/","url":"http:\/\/vamosporlaliberacion.org\/crpmlm\/caba-debates-en-la-coordinadora-de-estudiantes-de-base\/","name":"CABA: Debates en la Coordinadora de Estudiantes de Base - Vamos por la Liberaci\u00f3n","isPartOf":{"@id":"https:\/\/vamosporlaliberacion.org\/crpmlm\/#website"},"datePublished":"2013-09-24T22:46:46+00:00","dateModified":"2015-10-27T22:55:16+00:00","author":{"@id":"https:\/\/vamosporlaliberacion.org\/crpmlm\/#\/schema\/person\/d6eac7758df3770dae9cd9eb104d615c"},"breadcrumb":{"@id":"http:\/\/vamosporlaliberacion.org\/crpmlm\/caba-debates-en-la-coordinadora-de-estudiantes-de-base\/#breadcrumb"},"inLanguage":"es","potentialAction":[{"@type":"ReadAction","target":["http:\/\/vamosporlaliberacion.org\/crpmlm\/caba-debates-en-la-coordinadora-de-estudiantes-de-base\/"]}]},{"@type":"BreadcrumbList","@id":"http:\/\/vamosporlaliberacion.org\/crpmlm\/caba-debates-en-la-coordinadora-de-estudiantes-de-base\/#breadcrumb","itemListElement":[{"@type":"ListItem","position":1,"name":"Portada","item":"https:\/\/vamosporlaliberacion.org\/crpmlm\/"},{"@type":"ListItem","position":2,"name":"CABA: Debates en la Coordinadora de Estudiantes de Base"}]},{"@type":"WebSite","@id":"https:\/\/vamosporlaliberacion.org\/crpmlm\/#website","url":"https:\/\/vamosporlaliberacion.org\/crpmlm\/","name":"Vamos por la Liberaci\u00f3n","description":"Prensa CR","potentialAction":[{"@type":"SearchAction","target":{"@type":"EntryPoint","urlTemplate":"https:\/\/vamosporlaliberacion.org\/crpmlm\/?s={search_term_string}"},"query-input":{"@type":"PropertyValueSpecification","valueRequired":true,"valueName":"search_term_string"}}],"inLanguage":"es"},{"@type":"Person","@id":"https:\/\/vamosporlaliberacion.org\/crpmlm\/#\/schema\/person\/d6eac7758df3770dae9cd9eb104d615c","name":"vamos!","url":"https:\/\/vamosporlaliberacion.org\/crpmlm\/author\/adminvxl\/"}]}},"jetpack_featured_media_url":"","jetpack_sharing_enabled":true,"_links":{"self":[{"href":"https:\/\/vamosporlaliberacion.org\/crpmlm\/wp-json\/wp\/v2\/posts\/2267","targetHints":{"allow":["GET"]}}],"collection":[{"href":"https:\/\/vamosporlaliberacion.org\/crpmlm\/wp-json\/wp\/v2\/posts"}],"about":[{"href":"https:\/\/vamosporlaliberacion.org\/crpmlm\/wp-json\/wp\/v2\/types\/post"}],"author":[{"embeddable":true,"href":"https:\/\/vamosporlaliberacion.org\/crpmlm\/wp-json\/wp\/v2\/users\/6"}],"replies":[{"embeddable":true,"href":"https:\/\/vamosporlaliberacion.org\/crpmlm\/wp-json\/wp\/v2\/comments?post=2267"}],"version-history":[{"count":0,"href":"https:\/\/vamosporlaliberacion.org\/crpmlm\/wp-json\/wp\/v2\/posts\/2267\/revisions"}],"wp:attachment":[{"href":"https:\/\/vamosporlaliberacion.org\/crpmlm\/wp-json\/wp\/v2\/media?parent=2267"}],"wp:term":[{"taxonomy":"category","embeddable":true,"href":"https:\/\/vamosporlaliberacion.org\/crpmlm\/wp-json\/wp\/v2\/categories?post=2267"},{"taxonomy":"post_tag","embeddable":true,"href":"https:\/\/vamosporlaliberacion.org\/crpmlm\/wp-json\/wp\/v2\/tags?post=2267"}],"curies":[{"name":"wp","href":"https:\/\/api.w.org\/{rel}","templated":true}]}}