{"id":2264,"date":"2013-09-24T22:44:54","date_gmt":"2013-09-25T01:44:54","guid":{"rendered":"http:\/\/vamosporlaliberacion.org\/crpmlm\/?p=2264"},"modified":"2020-10-26T16:03:54","modified_gmt":"2020-10-26T19:03:54","slug":"marcha-de-los-guardapolvos-blancos","status":"publish","type":"post","link":"https:\/\/vamosporlaliberacion.org\/crpmlm\/marcha-de-los-guardapolvos-blancos\/","title":{"rendered":"Marcha de los guardapolvos blancos"},"content":{"rendered":"<p>El viernes 13 de septiembre por la ma\u00f1ana, miles de trabajadores realizaron una ruidosa manifestaci\u00f3n por las calles del centro de la ciudad, reclamando el pago de los salarios adeudados y la mejora en las condiciones laborales. La denominada \u201cMarcha de los guardapolvos blancos\u201d fue protagonizada por docentes, estatales y m\u00e9dicos que dependen del gobierno provincial.<\/p>\n<p>Entre otros puntos, el reclamo se bas\u00f3 en los m\u00e1s de 400 maestros que llevan un a\u00f1o sin cobrar sus salarios, en las malas condiciones edilicias de los colegios bahienses y del Hospital Penna, y en el vaciamiento del IOMA (Instituto de Obra M\u00ebdico Asistencial). \u201cContra el ajuste: paro y movilizaci\u00f3n\u201d, fue una de las consignas repetidas en los c\u00e1nticos.<\/p>\n<p>Los manifestantes se concentraron frente a la sede de Regi\u00f3n Sanitaria I, en calle Moreno, y desde all\u00ed se trasladaron hasta el Consejo Escolar y la Plaza Rivadavia.<\/p>\n<p>La pr\u00f3xima semana el gobierno abonar\u00eda los salarios adeudados a docentes. Son m\u00e1s de 27 mil los maestros en toda la Provincia (400 en nuestra ciudad), que en los \u00faltimos meses no percibieron sus salarios. Sin embargo, la titular del Suteba local advirti\u00f3 que uno de los rumores es que la Provincia abonar\u00e1 s\u00f3lo los \u00faltimos dos meses.<br \/>\nEl jueves 19 se realiz\u00f3 una sentada y asamblea frente al Palacio Municipal con estos reclamos. Planifican otra movilizaci\u00f3n para la semana entrante.<\/p>\n<!-- AddThis Advanced Settings generic via filter on the_content --><!-- AddThis Share Buttons generic via filter on the_content -->","protected":false},"excerpt":{"rendered":"<p>El viernes 13 de septiembre por la ma\u00f1ana, miles de trabajadores realizaron una ruidosa manifestaci\u00f3n por las calles del centro de la ciudad, reclamando el pago de los salarios adeudados y la mejora en las condiciones laborales. La denominada \u201cMarcha de los guardapolvos blancos\u201d fue protagonizada por docentes, estatales y m\u00e9dicos que dependen del gobierno [&hellip;]<!-- AddThis Advanced Settings generic via filter on get_the_excerpt --><!-- AddThis Share Buttons generic via filter on get_the_excerpt --><\/p>\n","protected":false},"author":6,"featured_media":0,"comment_status":"open","ping_status":"open","sticky":false,"template":"","format":"standard","meta":{"_jetpack_memberships_contains_paid_content":false,"footnotes":""},"categories":[1877],"tags":[37,88,343,342],"class_list":{"0":"post-2264","1":"post","2":"type-post","3":"status-publish","4":"format-standard","6":"category-gremiales","7":"tag-bahia-blanca","8":"tag-docentes","9":"tag-medicos","10":"tag-vxl-14"},"yoast_head":"<!-- This site is optimized with the Yoast SEO plugin v27.4 - https:\/\/yoast.com\/product\/yoast-seo-wordpress\/ -->\n<title>Marcha de los guardapolvos blancos - Vamos por la Liberaci\u00f3n<\/title>\n<meta name=\"robots\" content=\"index, follow, max-snippet:-1, max-image-preview:large, max-video-preview:-1\" \/>\n<link rel=\"canonical\" href=\"http:\/\/vamosporlaliberacion.org\/crpmlm\/marcha-de-los-guardapolvos-blancos\/\" \/>\n<meta name=\"twitter:label1\" content=\"Escrito por\" \/>\n\t<meta name=\"twitter:data1\" content=\"vamos!\" \/>\n\t<meta name=\"twitter:label2\" content=\"Tiempo de lectura\" \/>\n\t<meta name=\"twitter:data2\" content=\"1 minuto\" \/>\n<script type=\"application\/ld+json\" class=\"yoast-schema-graph\">{\"@context\":\"https:\\\/\\\/schema.org\",\"@graph\":[{\"@type\":\"Article\",\"@id\":\"http:\\\/\\\/vamosporlaliberacion.org\\\/crpmlm\\\/marcha-de-los-guardapolvos-blancos\\\/#article\",\"isPartOf\":{\"@id\":\"http:\\\/\\\/vamosporlaliberacion.org\\\/crpmlm\\\/marcha-de-los-guardapolvos-blancos\\\/\"},\"author\":{\"name\":\"vamos!\",\"@id\":\"https:\\\/\\\/vamosporlaliberacion.org\\\/crpmlm\\\/#\\\/schema\\\/person\\\/d6eac7758df3770dae9cd9eb104d615c\"},\"headline\":\"Marcha de los guardapolvos blancos\",\"datePublished\":\"2013-09-25T01:44:54+00:00\",\"dateModified\":\"2020-10-26T19:03:54+00:00\",\"mainEntityOfPage\":{\"@id\":\"http:\\\/\\\/vamosporlaliberacion.org\\\/crpmlm\\\/marcha-de-los-guardapolvos-blancos\\\/\"},\"wordCount\":239,\"commentCount\":0,\"keywords\":[\"Bah\u00eda Blanca\",\"docentes\",\"m\u00e9dicos\",\"vxl 14\"],\"articleSection\":[\"Actualidad e historia del movimiento obrero\"],\"inLanguage\":\"es\",\"potentialAction\":[{\"@type\":\"CommentAction\",\"name\":\"Comment\",\"target\":[\"http:\\\/\\\/vamosporlaliberacion.org\\\/crpmlm\\\/marcha-de-los-guardapolvos-blancos\\\/#respond\"]}]},{\"@type\":\"WebPage\",\"@id\":\"http:\\\/\\\/vamosporlaliberacion.org\\\/crpmlm\\\/marcha-de-los-guardapolvos-blancos\\\/\",\"url\":\"http:\\\/\\\/vamosporlaliberacion.org\\\/crpmlm\\\/marcha-de-los-guardapolvos-blancos\\\/\",\"name\":\"Marcha de los guardapolvos blancos - Vamos por la Liberaci\u00f3n\",\"isPartOf\":{\"@id\":\"https:\\\/\\\/vamosporlaliberacion.org\\\/crpmlm\\\/#website\"},\"datePublished\":\"2013-09-25T01:44:54+00:00\",\"dateModified\":\"2020-10-26T19:03:54+00:00\",\"author\":{\"@id\":\"https:\\\/\\\/vamosporlaliberacion.org\\\/crpmlm\\\/#\\\/schema\\\/person\\\/d6eac7758df3770dae9cd9eb104d615c\"},\"breadcrumb\":{\"@id\":\"http:\\\/\\\/vamosporlaliberacion.org\\\/crpmlm\\\/marcha-de-los-guardapolvos-blancos\\\/#breadcrumb\"},\"inLanguage\":\"es\",\"potentialAction\":[{\"@type\":\"ReadAction\",\"target\":[\"http:\\\/\\\/vamosporlaliberacion.org\\\/crpmlm\\\/marcha-de-los-guardapolvos-blancos\\\/\"]}]},{\"@type\":\"BreadcrumbList\",\"@id\":\"http:\\\/\\\/vamosporlaliberacion.org\\\/crpmlm\\\/marcha-de-los-guardapolvos-blancos\\\/#breadcrumb\",\"itemListElement\":[{\"@type\":\"ListItem\",\"position\":1,\"name\":\"Portada\",\"item\":\"https:\\\/\\\/vamosporlaliberacion.org\\\/crpmlm\\\/\"},{\"@type\":\"ListItem\",\"position\":2,\"name\":\"Marcha de los guardapolvos blancos\"}]},{\"@type\":\"WebSite\",\"@id\":\"https:\\\/\\\/vamosporlaliberacion.org\\\/crpmlm\\\/#website\",\"url\":\"https:\\\/\\\/vamosporlaliberacion.org\\\/crpmlm\\\/\",\"name\":\"Vamos por la Liberaci\u00f3n\",\"description\":\"Prensa CR\",\"potentialAction\":[{\"@type\":\"SearchAction\",\"target\":{\"@type\":\"EntryPoint\",\"urlTemplate\":\"https:\\\/\\\/vamosporlaliberacion.org\\\/crpmlm\\\/?s={search_term_string}\"},\"query-input\":{\"@type\":\"PropertyValueSpecification\",\"valueRequired\":true,\"valueName\":\"search_term_string\"}}],\"inLanguage\":\"es\"},{\"@type\":\"Person\",\"@id\":\"https:\\\/\\\/vamosporlaliberacion.org\\\/crpmlm\\\/#\\\/schema\\\/person\\\/d6eac7758df3770dae9cd9eb104d615c\",\"name\":\"vamos!\",\"url\":\"https:\\\/\\\/vamosporlaliberacion.org\\\/crpmlm\\\/author\\\/adminvxl\\\/\"}]}<\/script>\n<!-- \/ Yoast SEO plugin. -->","yoast_head_json":{"title":"Marcha de los guardapolvos blancos - Vamos por la Liberaci\u00f3n","robots":{"index":"index","follow":"follow","max-snippet":"max-snippet:-1","max-image-preview":"max-image-preview:large","max-video-preview":"max-video-preview:-1"},"canonical":"http:\/\/vamosporlaliberacion.org\/crpmlm\/marcha-de-los-guardapolvos-blancos\/","twitter_misc":{"Escrito por":"vamos!","Tiempo de lectura":"1 minuto"},"schema":{"@context":"https:\/\/schema.org","@graph":[{"@type":"Article","@id":"http:\/\/vamosporlaliberacion.org\/crpmlm\/marcha-de-los-guardapolvos-blancos\/#article","isPartOf":{"@id":"http:\/\/vamosporlaliberacion.org\/crpmlm\/marcha-de-los-guardapolvos-blancos\/"},"author":{"name":"vamos!","@id":"https:\/\/vamosporlaliberacion.org\/crpmlm\/#\/schema\/person\/d6eac7758df3770dae9cd9eb104d615c"},"headline":"Marcha de los guardapolvos blancos","datePublished":"2013-09-25T01:44:54+00:00","dateModified":"2020-10-26T19:03:54+00:00","mainEntityOfPage":{"@id":"http:\/\/vamosporlaliberacion.org\/crpmlm\/marcha-de-los-guardapolvos-blancos\/"},"wordCount":239,"commentCount":0,"keywords":["Bah\u00eda Blanca","docentes","m\u00e9dicos","vxl 14"],"articleSection":["Actualidad e historia del movimiento obrero"],"inLanguage":"es","potentialAction":[{"@type":"CommentAction","name":"Comment","target":["http:\/\/vamosporlaliberacion.org\/crpmlm\/marcha-de-los-guardapolvos-blancos\/#respond"]}]},{"@type":"WebPage","@id":"http:\/\/vamosporlaliberacion.org\/crpmlm\/marcha-de-los-guardapolvos-blancos\/","url":"http:\/\/vamosporlaliberacion.org\/crpmlm\/marcha-de-los-guardapolvos-blancos\/","name":"Marcha de los guardapolvos blancos - Vamos por la Liberaci\u00f3n","isPartOf":{"@id":"https:\/\/vamosporlaliberacion.org\/crpmlm\/#website"},"datePublished":"2013-09-25T01:44:54+00:00","dateModified":"2020-10-26T19:03:54+00:00","author":{"@id":"https:\/\/vamosporlaliberacion.org\/crpmlm\/#\/schema\/person\/d6eac7758df3770dae9cd9eb104d615c"},"breadcrumb":{"@id":"http:\/\/vamosporlaliberacion.org\/crpmlm\/marcha-de-los-guardapolvos-blancos\/#breadcrumb"},"inLanguage":"es","potentialAction":[{"@type":"ReadAction","target":["http:\/\/vamosporlaliberacion.org\/crpmlm\/marcha-de-los-guardapolvos-blancos\/"]}]},{"@type":"BreadcrumbList","@id":"http:\/\/vamosporlaliberacion.org\/crpmlm\/marcha-de-los-guardapolvos-blancos\/#breadcrumb","itemListElement":[{"@type":"ListItem","position":1,"name":"Portada","item":"https:\/\/vamosporlaliberacion.org\/crpmlm\/"},{"@type":"ListItem","position":2,"name":"Marcha de los guardapolvos blancos"}]},{"@type":"WebSite","@id":"https:\/\/vamosporlaliberacion.org\/crpmlm\/#website","url":"https:\/\/vamosporlaliberacion.org\/crpmlm\/","name":"Vamos por la Liberaci\u00f3n","description":"Prensa CR","potentialAction":[{"@type":"SearchAction","target":{"@type":"EntryPoint","urlTemplate":"https:\/\/vamosporlaliberacion.org\/crpmlm\/?s={search_term_string}"},"query-input":{"@type":"PropertyValueSpecification","valueRequired":true,"valueName":"search_term_string"}}],"inLanguage":"es"},{"@type":"Person","@id":"https:\/\/vamosporlaliberacion.org\/crpmlm\/#\/schema\/person\/d6eac7758df3770dae9cd9eb104d615c","name":"vamos!","url":"https:\/\/vamosporlaliberacion.org\/crpmlm\/author\/adminvxl\/"}]}},"jetpack_featured_media_url":"","jetpack_sharing_enabled":true,"_links":{"self":[{"href":"https:\/\/vamosporlaliberacion.org\/crpmlm\/wp-json\/wp\/v2\/posts\/2264","targetHints":{"allow":["GET"]}}],"collection":[{"href":"https:\/\/vamosporlaliberacion.org\/crpmlm\/wp-json\/wp\/v2\/posts"}],"about":[{"href":"https:\/\/vamosporlaliberacion.org\/crpmlm\/wp-json\/wp\/v2\/types\/post"}],"author":[{"embeddable":true,"href":"https:\/\/vamosporlaliberacion.org\/crpmlm\/wp-json\/wp\/v2\/users\/6"}],"replies":[{"embeddable":true,"href":"https:\/\/vamosporlaliberacion.org\/crpmlm\/wp-json\/wp\/v2\/comments?post=2264"}],"version-history":[{"count":1,"href":"https:\/\/vamosporlaliberacion.org\/crpmlm\/wp-json\/wp\/v2\/posts\/2264\/revisions"}],"predecessor-version":[{"id":20835,"href":"https:\/\/vamosporlaliberacion.org\/crpmlm\/wp-json\/wp\/v2\/posts\/2264\/revisions\/20835"}],"wp:attachment":[{"href":"https:\/\/vamosporlaliberacion.org\/crpmlm\/wp-json\/wp\/v2\/media?parent=2264"}],"wp:term":[{"taxonomy":"category","embeddable":true,"href":"https:\/\/vamosporlaliberacion.org\/crpmlm\/wp-json\/wp\/v2\/categories?post=2264"},{"taxonomy":"post_tag","embeddable":true,"href":"https:\/\/vamosporlaliberacion.org\/crpmlm\/wp-json\/wp\/v2\/tags?post=2264"}],"curies":[{"name":"wp","href":"https:\/\/api.w.org\/{rel}","templated":true}]}}