{"id":2262,"date":"2013-09-24T22:44:37","date_gmt":"2013-09-24T22:44:37","guid":{"rendered":"http:\/\/vamosporlaliberacion.org\/crpmlm\/?p=2262"},"modified":"2015-10-27T22:51:41","modified_gmt":"2015-10-27T22:51:41","slug":"7-anos-sin-julio-lopez-no-hay-dekada-ganada","status":"publish","type":"post","link":"https:\/\/vamosporlaliberacion.org\/crpmlm\/7-anos-sin-julio-lopez-no-hay-dekada-ganada\/","title":{"rendered":"\u201c7 a\u00f1os sin Julio L\u00f3pez, no hay d\u00e9kada ganada\u201d"},"content":{"rendered":"<p>Julio L\u00f3pez es un alba\u00f1il, que volvi\u00f3 del horror de la dictadura para contarlo y acusar a sus torturadores, entre ellos Miguel Etchecolatz. Desapareci\u00f3 por segunda vez el d\u00eda que se ley\u00f3 la sentencia del represor a cadena perpetua.<\/p>\n<p>En La Plata la convocatoria reuni\u00f3 a m\u00e1s de 5.000 personas: organizaciones sociales, centros de estudiantes y la FULP, estudiantes secundarios, partidos pol\u00edticos y agrupaciones. Tambi\u00e9n march\u00f3 la Asamblea de Inundados de Tolosa. Marcharon desde la Plaza Moreno hasta la Casa de Gobierno de la Provincia.<\/p>\n<p>El acto comenz\u00f3 haciendo referencia a la importante cantidad de habeas corpus presentados por Julio L\u00f3pez, en diversas localidades del pa\u00eds e incluso en Espa\u00f1a. Luego dirigi\u00f3 unas palabras una integrante de la Asamblea de Inundados de Tolosa. Denunci\u00f3 que \u201cni antes, ni durante, ni despu\u00e9s de la inundaci\u00f3n\u201d del 2 de abril hubo una asistencia adecuada por parte del Estado y los gobiernos. Reclam\u00f3 justicia por L\u00f3pez, como as\u00ed tambi\u00e9n que salga a la luz la verdad sobre las v\u00edctimas de la inundaci\u00f3n, ocultadas deliberadamente. <\/p>\n<p>Luego se ley\u00f3 el documento de la Multisectorial de La Plata, Berisso y Ensenada, que hace un sint\u00e9tico balance de la desaparici\u00f3n, el encubrimiento y el reclamo de verdad y justicia por L\u00f3pez y los 30.000 detenidos-desaparecidos. Un encubrimiento articulado desde el Estado, tanto en el Poder Judicial como con los operativos medi\u00e1ticos impulsados en su momento por el gobernador Felipe Sol\u00e1, con polic\u00edas vinculados a la represi\u00f3n dictatorial, siguiendo pistas por dem\u00e1s inveros\u00edmiles y descartando pericias elementales. <\/p>\n<p>Este encubrimiento fue acompa\u00f1ado desde el gobierno nacional con afirmaciones como que L\u00f3pez se encontraba asustado, \u201cseguramente en la casa de alguna t\u00eda\u201d, como asegur\u00f3 An\u00edbal Fern\u00e1ndez en aquel momento; o como asever\u00f3 recientemente la presidenta Cristina Kirchner: \u201cPor suerte hoy nadie puede desaparecer, y estamos todos vivitos y coleado\u201d. Pero Andr\u00e9s Nu\u00f1ez, Miguel Bru y Jorge Julio L\u00f3pez son desaparecidos en democracia. <\/p>\n<p>El documento tambi\u00e9n se\u00f1ala que \u201ca diez a\u00f1os de reabiertas las causas se han logrado condenar a 400 genocidas. En La Plata s\u00f3lo 46 represores tienen sentencia, cifra insignificante si tenemos en cuenta los 29 centros clandestinos de detenci\u00f3n que existieron\u201d. Hoy sigue vigente el reclamo de justicia. La lucha tambi\u00e9n.<\/p>\n<!-- AddThis Advanced Settings generic via filter on the_content --><!-- AddThis Share Buttons generic via filter on the_content -->","protected":false},"excerpt":{"rendered":"<p>Julio L\u00f3pez es un alba\u00f1il, que volvi\u00f3 del horror de la dictadura para contarlo y acusar a sus torturadores, entre ellos Miguel Etchecolatz. Desapareci\u00f3 por segunda vez el d\u00eda que se ley\u00f3 la sentencia del represor a cadena perpetua. En La Plata la convocatoria reuni\u00f3 a m\u00e1s de 5.000 personas: organizaciones sociales, centros de estudiantes [&hellip;]<!-- AddThis Advanced Settings generic via filter on get_the_excerpt --><!-- AddThis Share Buttons generic via filter on get_the_excerpt --><\/p>\n","protected":false},"author":6,"featured_media":2272,"comment_status":"open","ping_status":"open","sticky":false,"template":"","format":"standard","meta":{"_jetpack_memberships_contains_paid_content":false,"footnotes":""},"categories":[1699],"tags":[148,342],"class_list":{"0":"post-2262","1":"post","2":"type-post","3":"status-publish","4":"format-standard","5":"has-post-thumbnail","7":"category-noticias","8":"tag-julio-lopez","9":"tag-vxl-14"},"yoast_head":"<!-- This site is optimized with the Yoast SEO plugin v27.4 - https:\/\/yoast.com\/product\/yoast-seo-wordpress\/ -->\n<title>\u201c7 a\u00f1os sin Julio L\u00f3pez, no hay d\u00e9kada ganada\u201d - Vamos por la Liberaci\u00f3n<\/title>\n<meta name=\"robots\" content=\"index, follow, max-snippet:-1, max-image-preview:large, max-video-preview:-1\" \/>\n<link rel=\"canonical\" href=\"http:\/\/vamosporlaliberacion.org\/crpmlm\/7-anos-sin-julio-lopez-no-hay-dekada-ganada\/\" \/>\n<meta name=\"twitter:label1\" content=\"Escrito por\" \/>\n\t<meta name=\"twitter:data1\" content=\"vamos!\" \/>\n\t<meta name=\"twitter:label2\" content=\"Tiempo de lectura\" \/>\n\t<meta name=\"twitter:data2\" content=\"2 minutos\" \/>\n<script type=\"application\/ld+json\" class=\"yoast-schema-graph\">{\"@context\":\"https:\\\/\\\/schema.org\",\"@graph\":[{\"@type\":\"Article\",\"@id\":\"http:\\\/\\\/vamosporlaliberacion.org\\\/crpmlm\\\/7-anos-sin-julio-lopez-no-hay-dekada-ganada\\\/#article\",\"isPartOf\":{\"@id\":\"http:\\\/\\\/vamosporlaliberacion.org\\\/crpmlm\\\/7-anos-sin-julio-lopez-no-hay-dekada-ganada\\\/\"},\"author\":{\"name\":\"vamos!\",\"@id\":\"https:\\\/\\\/vamosporlaliberacion.org\\\/crpmlm\\\/#\\\/schema\\\/person\\\/d6eac7758df3770dae9cd9eb104d615c\"},\"headline\":\"\u201c7 a\u00f1os sin Julio L\u00f3pez, no hay d\u00e9kada ganada\u201d\",\"datePublished\":\"2013-09-24T22:44:37+00:00\",\"dateModified\":\"2015-10-27T22:51:41+00:00\",\"mainEntityOfPage\":{\"@id\":\"http:\\\/\\\/vamosporlaliberacion.org\\\/crpmlm\\\/7-anos-sin-julio-lopez-no-hay-dekada-ganada\\\/\"},\"wordCount\":405,\"commentCount\":0,\"image\":{\"@id\":\"http:\\\/\\\/vamosporlaliberacion.org\\\/crpmlm\\\/7-anos-sin-julio-lopez-no-hay-dekada-ganada\\\/#primaryimage\"},\"thumbnailUrl\":\"https:\\\/\\\/i0.wp.com\\\/vamosporlaliberacion.org\\\/crpmlm\\\/wp-content\\\/uploads\\\/2015\\\/10\\\/vxl14-06.jpg?fit=696%2C425&ssl=1\",\"keywords\":[\"Julio Lopez\",\"vxl 14\"],\"articleSection\":[\"Noticias\"],\"inLanguage\":\"es\",\"potentialAction\":[{\"@type\":\"CommentAction\",\"name\":\"Comment\",\"target\":[\"http:\\\/\\\/vamosporlaliberacion.org\\\/crpmlm\\\/7-anos-sin-julio-lopez-no-hay-dekada-ganada\\\/#respond\"]}]},{\"@type\":\"WebPage\",\"@id\":\"http:\\\/\\\/vamosporlaliberacion.org\\\/crpmlm\\\/7-anos-sin-julio-lopez-no-hay-dekada-ganada\\\/\",\"url\":\"http:\\\/\\\/vamosporlaliberacion.org\\\/crpmlm\\\/7-anos-sin-julio-lopez-no-hay-dekada-ganada\\\/\",\"name\":\"\u201c7 a\u00f1os sin Julio L\u00f3pez, no hay d\u00e9kada ganada\u201d - Vamos por la Liberaci\u00f3n\",\"isPartOf\":{\"@id\":\"https:\\\/\\\/vamosporlaliberacion.org\\\/crpmlm\\\/#website\"},\"primaryImageOfPage\":{\"@id\":\"http:\\\/\\\/vamosporlaliberacion.org\\\/crpmlm\\\/7-anos-sin-julio-lopez-no-hay-dekada-ganada\\\/#primaryimage\"},\"image\":{\"@id\":\"http:\\\/\\\/vamosporlaliberacion.org\\\/crpmlm\\\/7-anos-sin-julio-lopez-no-hay-dekada-ganada\\\/#primaryimage\"},\"thumbnailUrl\":\"https:\\\/\\\/i0.wp.com\\\/vamosporlaliberacion.org\\\/crpmlm\\\/wp-content\\\/uploads\\\/2015\\\/10\\\/vxl14-06.jpg?fit=696%2C425&ssl=1\",\"datePublished\":\"2013-09-24T22:44:37+00:00\",\"dateModified\":\"2015-10-27T22:51:41+00:00\",\"author\":{\"@id\":\"https:\\\/\\\/vamosporlaliberacion.org\\\/crpmlm\\\/#\\\/schema\\\/person\\\/d6eac7758df3770dae9cd9eb104d615c\"},\"breadcrumb\":{\"@id\":\"http:\\\/\\\/vamosporlaliberacion.org\\\/crpmlm\\\/7-anos-sin-julio-lopez-no-hay-dekada-ganada\\\/#breadcrumb\"},\"inLanguage\":\"es\",\"potentialAction\":[{\"@type\":\"ReadAction\",\"target\":[\"http:\\\/\\\/vamosporlaliberacion.org\\\/crpmlm\\\/7-anos-sin-julio-lopez-no-hay-dekada-ganada\\\/\"]}]},{\"@type\":\"ImageObject\",\"inLanguage\":\"es\",\"@id\":\"http:\\\/\\\/vamosporlaliberacion.org\\\/crpmlm\\\/7-anos-sin-julio-lopez-no-hay-dekada-ganada\\\/#primaryimage\",\"url\":\"https:\\\/\\\/i0.wp.com\\\/vamosporlaliberacion.org\\\/crpmlm\\\/wp-content\\\/uploads\\\/2015\\\/10\\\/vxl14-06.jpg?fit=696%2C425&ssl=1\",\"contentUrl\":\"https:\\\/\\\/i0.wp.com\\\/vamosporlaliberacion.org\\\/crpmlm\\\/wp-content\\\/uploads\\\/2015\\\/10\\\/vxl14-06.jpg?fit=696%2C425&ssl=1\",\"width\":696,\"height\":425},{\"@type\":\"BreadcrumbList\",\"@id\":\"http:\\\/\\\/vamosporlaliberacion.org\\\/crpmlm\\\/7-anos-sin-julio-lopez-no-hay-dekada-ganada\\\/#breadcrumb\",\"itemListElement\":[{\"@type\":\"ListItem\",\"position\":1,\"name\":\"Portada\",\"item\":\"https:\\\/\\\/vamosporlaliberacion.org\\\/crpmlm\\\/\"},{\"@type\":\"ListItem\",\"position\":2,\"name\":\"\u201c7 a\u00f1os sin Julio L\u00f3pez, no hay d\u00e9kada ganada\u201d\"}]},{\"@type\":\"WebSite\",\"@id\":\"https:\\\/\\\/vamosporlaliberacion.org\\\/crpmlm\\\/#website\",\"url\":\"https:\\\/\\\/vamosporlaliberacion.org\\\/crpmlm\\\/\",\"name\":\"Vamos por la Liberaci\u00f3n\",\"description\":\"Prensa CR\",\"potentialAction\":[{\"@type\":\"SearchAction\",\"target\":{\"@type\":\"EntryPoint\",\"urlTemplate\":\"https:\\\/\\\/vamosporlaliberacion.org\\\/crpmlm\\\/?s={search_term_string}\"},\"query-input\":{\"@type\":\"PropertyValueSpecification\",\"valueRequired\":true,\"valueName\":\"search_term_string\"}}],\"inLanguage\":\"es\"},{\"@type\":\"Person\",\"@id\":\"https:\\\/\\\/vamosporlaliberacion.org\\\/crpmlm\\\/#\\\/schema\\\/person\\\/d6eac7758df3770dae9cd9eb104d615c\",\"name\":\"vamos!\",\"url\":\"https:\\\/\\\/vamosporlaliberacion.org\\\/crpmlm\\\/author\\\/adminvxl\\\/\"}]}<\/script>\n<!-- \/ Yoast SEO plugin. -->","yoast_head_json":{"title":"\u201c7 a\u00f1os sin Julio L\u00f3pez, no hay d\u00e9kada ganada\u201d - Vamos por la Liberaci\u00f3n","robots":{"index":"index","follow":"follow","max-snippet":"max-snippet:-1","max-image-preview":"max-image-preview:large","max-video-preview":"max-video-preview:-1"},"canonical":"http:\/\/vamosporlaliberacion.org\/crpmlm\/7-anos-sin-julio-lopez-no-hay-dekada-ganada\/","twitter_misc":{"Escrito por":"vamos!","Tiempo de lectura":"2 minutos"},"schema":{"@context":"https:\/\/schema.org","@graph":[{"@type":"Article","@id":"http:\/\/vamosporlaliberacion.org\/crpmlm\/7-anos-sin-julio-lopez-no-hay-dekada-ganada\/#article","isPartOf":{"@id":"http:\/\/vamosporlaliberacion.org\/crpmlm\/7-anos-sin-julio-lopez-no-hay-dekada-ganada\/"},"author":{"name":"vamos!","@id":"https:\/\/vamosporlaliberacion.org\/crpmlm\/#\/schema\/person\/d6eac7758df3770dae9cd9eb104d615c"},"headline":"\u201c7 a\u00f1os sin Julio L\u00f3pez, no hay d\u00e9kada ganada\u201d","datePublished":"2013-09-24T22:44:37+00:00","dateModified":"2015-10-27T22:51:41+00:00","mainEntityOfPage":{"@id":"http:\/\/vamosporlaliberacion.org\/crpmlm\/7-anos-sin-julio-lopez-no-hay-dekada-ganada\/"},"wordCount":405,"commentCount":0,"image":{"@id":"http:\/\/vamosporlaliberacion.org\/crpmlm\/7-anos-sin-julio-lopez-no-hay-dekada-ganada\/#primaryimage"},"thumbnailUrl":"https:\/\/i0.wp.com\/vamosporlaliberacion.org\/crpmlm\/wp-content\/uploads\/2015\/10\/vxl14-06.jpg?fit=696%2C425&ssl=1","keywords":["Julio Lopez","vxl 14"],"articleSection":["Noticias"],"inLanguage":"es","potentialAction":[{"@type":"CommentAction","name":"Comment","target":["http:\/\/vamosporlaliberacion.org\/crpmlm\/7-anos-sin-julio-lopez-no-hay-dekada-ganada\/#respond"]}]},{"@type":"WebPage","@id":"http:\/\/vamosporlaliberacion.org\/crpmlm\/7-anos-sin-julio-lopez-no-hay-dekada-ganada\/","url":"http:\/\/vamosporlaliberacion.org\/crpmlm\/7-anos-sin-julio-lopez-no-hay-dekada-ganada\/","name":"\u201c7 a\u00f1os sin Julio L\u00f3pez, no hay d\u00e9kada ganada\u201d - Vamos por la Liberaci\u00f3n","isPartOf":{"@id":"https:\/\/vamosporlaliberacion.org\/crpmlm\/#website"},"primaryImageOfPage":{"@id":"http:\/\/vamosporlaliberacion.org\/crpmlm\/7-anos-sin-julio-lopez-no-hay-dekada-ganada\/#primaryimage"},"image":{"@id":"http:\/\/vamosporlaliberacion.org\/crpmlm\/7-anos-sin-julio-lopez-no-hay-dekada-ganada\/#primaryimage"},"thumbnailUrl":"https:\/\/i0.wp.com\/vamosporlaliberacion.org\/crpmlm\/wp-content\/uploads\/2015\/10\/vxl14-06.jpg?fit=696%2C425&ssl=1","datePublished":"2013-09-24T22:44:37+00:00","dateModified":"2015-10-27T22:51:41+00:00","author":{"@id":"https:\/\/vamosporlaliberacion.org\/crpmlm\/#\/schema\/person\/d6eac7758df3770dae9cd9eb104d615c"},"breadcrumb":{"@id":"http:\/\/vamosporlaliberacion.org\/crpmlm\/7-anos-sin-julio-lopez-no-hay-dekada-ganada\/#breadcrumb"},"inLanguage":"es","potentialAction":[{"@type":"ReadAction","target":["http:\/\/vamosporlaliberacion.org\/crpmlm\/7-anos-sin-julio-lopez-no-hay-dekada-ganada\/"]}]},{"@type":"ImageObject","inLanguage":"es","@id":"http:\/\/vamosporlaliberacion.org\/crpmlm\/7-anos-sin-julio-lopez-no-hay-dekada-ganada\/#primaryimage","url":"https:\/\/i0.wp.com\/vamosporlaliberacion.org\/crpmlm\/wp-content\/uploads\/2015\/10\/vxl14-06.jpg?fit=696%2C425&ssl=1","contentUrl":"https:\/\/i0.wp.com\/vamosporlaliberacion.org\/crpmlm\/wp-content\/uploads\/2015\/10\/vxl14-06.jpg?fit=696%2C425&ssl=1","width":696,"height":425},{"@type":"BreadcrumbList","@id":"http:\/\/vamosporlaliberacion.org\/crpmlm\/7-anos-sin-julio-lopez-no-hay-dekada-ganada\/#breadcrumb","itemListElement":[{"@type":"ListItem","position":1,"name":"Portada","item":"https:\/\/vamosporlaliberacion.org\/crpmlm\/"},{"@type":"ListItem","position":2,"name":"\u201c7 a\u00f1os sin Julio L\u00f3pez, no hay d\u00e9kada ganada\u201d"}]},{"@type":"WebSite","@id":"https:\/\/vamosporlaliberacion.org\/crpmlm\/#website","url":"https:\/\/vamosporlaliberacion.org\/crpmlm\/","name":"Vamos por la Liberaci\u00f3n","description":"Prensa CR","potentialAction":[{"@type":"SearchAction","target":{"@type":"EntryPoint","urlTemplate":"https:\/\/vamosporlaliberacion.org\/crpmlm\/?s={search_term_string}"},"query-input":{"@type":"PropertyValueSpecification","valueRequired":true,"valueName":"search_term_string"}}],"inLanguage":"es"},{"@type":"Person","@id":"https:\/\/vamosporlaliberacion.org\/crpmlm\/#\/schema\/person\/d6eac7758df3770dae9cd9eb104d615c","name":"vamos!","url":"https:\/\/vamosporlaliberacion.org\/crpmlm\/author\/adminvxl\/"}]}},"jetpack_featured_media_url":"https:\/\/i0.wp.com\/vamosporlaliberacion.org\/crpmlm\/wp-content\/uploads\/2015\/10\/vxl14-06.jpg?fit=696%2C425&ssl=1","jetpack_sharing_enabled":true,"_links":{"self":[{"href":"https:\/\/vamosporlaliberacion.org\/crpmlm\/wp-json\/wp\/v2\/posts\/2262","targetHints":{"allow":["GET"]}}],"collection":[{"href":"https:\/\/vamosporlaliberacion.org\/crpmlm\/wp-json\/wp\/v2\/posts"}],"about":[{"href":"https:\/\/vamosporlaliberacion.org\/crpmlm\/wp-json\/wp\/v2\/types\/post"}],"author":[{"embeddable":true,"href":"https:\/\/vamosporlaliberacion.org\/crpmlm\/wp-json\/wp\/v2\/users\/6"}],"replies":[{"embeddable":true,"href":"https:\/\/vamosporlaliberacion.org\/crpmlm\/wp-json\/wp\/v2\/comments?post=2262"}],"version-history":[{"count":0,"href":"https:\/\/vamosporlaliberacion.org\/crpmlm\/wp-json\/wp\/v2\/posts\/2262\/revisions"}],"wp:featuredmedia":[{"embeddable":true,"href":"https:\/\/vamosporlaliberacion.org\/crpmlm\/wp-json\/wp\/v2\/media\/2272"}],"wp:attachment":[{"href":"https:\/\/vamosporlaliberacion.org\/crpmlm\/wp-json\/wp\/v2\/media?parent=2262"}],"wp:term":[{"taxonomy":"category","embeddable":true,"href":"https:\/\/vamosporlaliberacion.org\/crpmlm\/wp-json\/wp\/v2\/categories?post=2262"},{"taxonomy":"post_tag","embeddable":true,"href":"https:\/\/vamosporlaliberacion.org\/crpmlm\/wp-json\/wp\/v2\/tags?post=2262"}],"curies":[{"name":"wp","href":"https:\/\/api.w.org\/{rel}","templated":true}]}}