{"id":22459,"date":"2020-12-11T16:19:30","date_gmt":"2020-12-11T19:19:30","guid":{"rendered":"http:\/\/vamosporlaliberacion.org\/crpmlm\/?p=22459"},"modified":"2020-12-11T16:19:37","modified_gmt":"2020-12-11T19:19:37","slug":"ricardo-mollo-y-ruben-patagonia-cantan-en-mapuzungun-un-clasico-de-divididos","status":"publish","type":"post","link":"https:\/\/vamosporlaliberacion.org\/crpmlm\/ricardo-mollo-y-ruben-patagonia-cantan-en-mapuzungun-un-clasico-de-divididos\/","title":{"rendered":"Ricardo Mollo y Rub\u00e9n Patagonia cantan en mapuzungun un cl\u00e1sico de Divididos"},"content":{"rendered":"\n<p>Por Adri\u00e1n Moyano.<\/p>\n\n\n\n<p>Desde las 0 del viernes (11 de diciembre), estar\u00e1 disponible en el canal de YouTube del m\u00fasico patag\u00f3nico. Una recreaci\u00f3n conmovedora en un videoclip de notable belleza visual.<\/p>\n\n\n\n<p>En las im\u00e1genes, contrastan el color rojizo del Sol con los contornos oscuros de un hombre. Debajo de la silueta, se extienda un r\u00edo ancho y generoso. El antiguo canto que inaugura los sonidos deja paso a una melod\u00eda que resultar\u00e1 familiar a centenares de miles de argentinos y argentinas. Pero en vez de escucharse \u00abqu\u00e9 hay de esa imagen en mi cielo\u00bb son otras las palabras que brama Rub\u00e9n Patagonia. El sentido es el mismo, pero est\u00e1 expresado en el idioma que el territorio entiende en estas latitudes antes de la llegada del \u00abcastilla\u00bb, antes de Chile y de la Argentina. Y es el mism\u00edsimo Ricardo Mollo quien se adue\u00f1a de vocablos en \u00abmapuzungun\u00bb para redondear la flamante versi\u00f3n de \u00abPar mil\u00bb. Conmovedora, intercultural, emotiva y justiciera.<\/p>\n\n\n\n<p>Desde las 0 horas del viernes quedar\u00e1 disponible el nuevo trabajo en el canal Rub\u00e9n Patagonia Oficial. Salvo el pasaje que dice \u00abLuz, luz, luz del alma \/ Soy un hombre que espera el alba\u00bb, el resto de la letra est\u00e1 interpretada en idioma mapuche. Gesto previsible en el caso del cantor que naciera en Comodoro Rivadavia, cuyo compromiso con los pueblos ind\u00edgenas viene in crescendo hace a\u00f1os, pero absolutamente sorpresivo en la voz de Divididos, una de las figuras m\u00e1s relevantes del rock argentino. Dar\u00e1 que hablar.<\/p>\n\n\n\n<p>Anticip\u00f3 el lanzamiento para El Cordillerano Jerem\u00edas Chauque, productor art\u00edstico de la iniciativa, hijo de Rub\u00e9n y guitarrista en su banda. \u00abEstamos muy contentos porque logramos hacer un laburo con Divididos, una propuesta que le llevamos de grabar un tema muy conocido de ellos. La idea era cantarla en mapuzungun, inclusive con Mollo. Accedieron y le metimos mucho laburo, lo empezamos varios meses atr\u00e1s pero entre la pandemia y los aislamientos, lo pudimos terminar ahora\u00bb, rese\u00f1\u00f3.<\/p>\n\n\n\n<p>La asociaci\u00f3n con el pilar de Divididos es un jal\u00f3n en cierta senda que asumieron Rub\u00e9n Patagonia y los suyos. \u00abPara nosotros es una forma de seguir profundizando la b\u00fasqueda musical y pol\u00edtica de muchos a\u00f1os. Es un proceso con un constante ejercicio de la cr\u00edtica y la autocr\u00edtica, un proceso de descolonizarnos y reencontrarnos con nuestro origen, con nuestro kim\u00fcn (conocimiento) y rakizuam (pensamiento). Hechos como este, nos permiten seguir\u00bb, subray\u00f3 Chauque.<\/p>\n\n\n\n<p>La versi\u00f3n en \u00abmapuzungun\u00bb de \u00abPar mil\u00bb, \u00abnos encuentra en ese ejercicio permanente, por eso lo celebramos\u00bb, resalt\u00f3 el m\u00fasico. El hecho \u00abtrasciende lo personal, la lectura es colectiva y pretende ser un aporte, un empuj\u00f3n al derecho que tenemos de fortalecer nuestra identidad\u00bb, consider\u00f3. Para que llegue a buen t\u00e9rmino, \u00abRicardo estudi\u00f3 mapuzungun e hicimos un trabajo previo muy hermoso\u00bb, confi\u00f3 Chauque.<\/p>\n\n\n\n<p>Adem\u00e1s de Patagonia, Mollo y Jerem\u00edas, participaron de la grabaci\u00f3n Amanda Mart\u00ednez, Jos\u00e9 Wirkaleo, Manuel Allende y Lautaro Mart\u00ednez. En la realizaci\u00f3n audiovisual y edici\u00f3n, tambi\u00e9n trabaj\u00f3 Mart\u00ednez. La adaptaci\u00f3n de la letra original al idioma mapuche corri\u00f3 por cuenta del propio Chauque y de Alex Paillalao. No es la primera vez que el chubutense se encuentra en el camino con Divididos pero esta vez, el cruce est\u00e1 llamado a hacer historia.<\/p>\n<!-- AddThis Advanced Settings generic via filter on the_content --><!-- AddThis Share Buttons generic via filter on the_content -->","protected":false},"excerpt":{"rendered":"<p>Por Adri\u00e1n Moyano. Desde las 0 del viernes (11 de diciembre), estar\u00e1 disponible en el canal de YouTube del m\u00fasico patag\u00f3nico. Una recreaci\u00f3n conmovedora en un videoclip de notable belleza visual. En las im\u00e1genes, contrastan el color rojizo del Sol con los contornos oscuros de un hombre. Debajo de la silueta, se extienda un r\u00edo [&hellip;]<!-- AddThis Advanced Settings generic via filter on get_the_excerpt --><!-- AddThis Share Buttons generic via filter on get_the_excerpt --><\/p>\n","protected":false},"author":6,"featured_media":22463,"comment_status":"open","ping_status":"open","sticky":false,"template":"","format":"video","meta":{"_jetpack_memberships_contains_paid_content":false,"footnotes":""},"categories":[1850],"tags":[],"class_list":{"0":"post-22459","1":"post","2":"type-post","3":"status-publish","4":"format-video","5":"has-post-thumbnail","7":"category-cultura","8":"post_format-post-format-video"},"yoast_head":"<!-- This site is optimized with the Yoast SEO plugin v27.4 - https:\/\/yoast.com\/product\/yoast-seo-wordpress\/ -->\n<title>Ricardo Mollo y Rub\u00e9n Patagonia cantan en mapuzungun un cl\u00e1sico de Divididos - Vamos por la Liberaci\u00f3n<\/title>\n<meta name=\"robots\" content=\"index, follow, max-snippet:-1, max-image-preview:large, max-video-preview:-1\" \/>\n<link rel=\"canonical\" href=\"http:\/\/vamosporlaliberacion.org\/crpmlm\/ricardo-mollo-y-ruben-patagonia-cantan-en-mapuzungun-un-clasico-de-divididos\/\" \/>\n<meta name=\"twitter:label1\" content=\"Escrito por\" \/>\n\t<meta name=\"twitter:data1\" content=\"vamos!\" \/>\n\t<meta name=\"twitter:label2\" content=\"Tiempo de lectura\" \/>\n\t<meta name=\"twitter:data2\" content=\"3 minutos\" \/>\n<script type=\"application\/ld+json\" class=\"yoast-schema-graph\">{\"@context\":\"https:\\\/\\\/schema.org\",\"@graph\":[{\"@type\":\"Article\",\"@id\":\"http:\\\/\\\/vamosporlaliberacion.org\\\/crpmlm\\\/ricardo-mollo-y-ruben-patagonia-cantan-en-mapuzungun-un-clasico-de-divididos\\\/#article\",\"isPartOf\":{\"@id\":\"http:\\\/\\\/vamosporlaliberacion.org\\\/crpmlm\\\/ricardo-mollo-y-ruben-patagonia-cantan-en-mapuzungun-un-clasico-de-divididos\\\/\"},\"author\":{\"name\":\"vamos!\",\"@id\":\"https:\\\/\\\/vamosporlaliberacion.org\\\/crpmlm\\\/#\\\/schema\\\/person\\\/d6eac7758df3770dae9cd9eb104d615c\"},\"headline\":\"Ricardo Mollo y Rub\u00e9n Patagonia cantan en mapuzungun un cl\u00e1sico de Divididos\",\"datePublished\":\"2020-12-11T19:19:30+00:00\",\"dateModified\":\"2020-12-11T19:19:37+00:00\",\"mainEntityOfPage\":{\"@id\":\"http:\\\/\\\/vamosporlaliberacion.org\\\/crpmlm\\\/ricardo-mollo-y-ruben-patagonia-cantan-en-mapuzungun-un-clasico-de-divididos\\\/\"},\"wordCount\":583,\"commentCount\":0,\"image\":{\"@id\":\"http:\\\/\\\/vamosporlaliberacion.org\\\/crpmlm\\\/ricardo-mollo-y-ruben-patagonia-cantan-en-mapuzungun-un-clasico-de-divididos\\\/#primaryimage\"},\"thumbnailUrl\":\"https:\\\/\\\/i0.wp.com\\\/vamosporlaliberacion.org\\\/crpmlm\\\/wp-content\\\/uploads\\\/2020\\\/12\\\/maxresdefault.jpg?fit=1280%2C720&ssl=1\",\"articleSection\":[\"cultura\"],\"inLanguage\":\"es\",\"potentialAction\":[{\"@type\":\"CommentAction\",\"name\":\"Comment\",\"target\":[\"http:\\\/\\\/vamosporlaliberacion.org\\\/crpmlm\\\/ricardo-mollo-y-ruben-patagonia-cantan-en-mapuzungun-un-clasico-de-divididos\\\/#respond\"]}]},{\"@type\":\"WebPage\",\"@id\":\"http:\\\/\\\/vamosporlaliberacion.org\\\/crpmlm\\\/ricardo-mollo-y-ruben-patagonia-cantan-en-mapuzungun-un-clasico-de-divididos\\\/\",\"url\":\"http:\\\/\\\/vamosporlaliberacion.org\\\/crpmlm\\\/ricardo-mollo-y-ruben-patagonia-cantan-en-mapuzungun-un-clasico-de-divididos\\\/\",\"name\":\"Ricardo Mollo y Rub\u00e9n Patagonia cantan en mapuzungun un cl\u00e1sico de Divididos - Vamos por la Liberaci\u00f3n\",\"isPartOf\":{\"@id\":\"https:\\\/\\\/vamosporlaliberacion.org\\\/crpmlm\\\/#website\"},\"primaryImageOfPage\":{\"@id\":\"http:\\\/\\\/vamosporlaliberacion.org\\\/crpmlm\\\/ricardo-mollo-y-ruben-patagonia-cantan-en-mapuzungun-un-clasico-de-divididos\\\/#primaryimage\"},\"image\":{\"@id\":\"http:\\\/\\\/vamosporlaliberacion.org\\\/crpmlm\\\/ricardo-mollo-y-ruben-patagonia-cantan-en-mapuzungun-un-clasico-de-divididos\\\/#primaryimage\"},\"thumbnailUrl\":\"https:\\\/\\\/i0.wp.com\\\/vamosporlaliberacion.org\\\/crpmlm\\\/wp-content\\\/uploads\\\/2020\\\/12\\\/maxresdefault.jpg?fit=1280%2C720&ssl=1\",\"datePublished\":\"2020-12-11T19:19:30+00:00\",\"dateModified\":\"2020-12-11T19:19:37+00:00\",\"author\":{\"@id\":\"https:\\\/\\\/vamosporlaliberacion.org\\\/crpmlm\\\/#\\\/schema\\\/person\\\/d6eac7758df3770dae9cd9eb104d615c\"},\"breadcrumb\":{\"@id\":\"http:\\\/\\\/vamosporlaliberacion.org\\\/crpmlm\\\/ricardo-mollo-y-ruben-patagonia-cantan-en-mapuzungun-un-clasico-de-divididos\\\/#breadcrumb\"},\"inLanguage\":\"es\",\"potentialAction\":[{\"@type\":\"ReadAction\",\"target\":[\"http:\\\/\\\/vamosporlaliberacion.org\\\/crpmlm\\\/ricardo-mollo-y-ruben-patagonia-cantan-en-mapuzungun-un-clasico-de-divididos\\\/\"]}]},{\"@type\":\"ImageObject\",\"inLanguage\":\"es\",\"@id\":\"http:\\\/\\\/vamosporlaliberacion.org\\\/crpmlm\\\/ricardo-mollo-y-ruben-patagonia-cantan-en-mapuzungun-un-clasico-de-divididos\\\/#primaryimage\",\"url\":\"https:\\\/\\\/i0.wp.com\\\/vamosporlaliberacion.org\\\/crpmlm\\\/wp-content\\\/uploads\\\/2020\\\/12\\\/maxresdefault.jpg?fit=1280%2C720&ssl=1\",\"contentUrl\":\"https:\\\/\\\/i0.wp.com\\\/vamosporlaliberacion.org\\\/crpmlm\\\/wp-content\\\/uploads\\\/2020\\\/12\\\/maxresdefault.jpg?fit=1280%2C720&ssl=1\",\"width\":1280,\"height\":720},{\"@type\":\"BreadcrumbList\",\"@id\":\"http:\\\/\\\/vamosporlaliberacion.org\\\/crpmlm\\\/ricardo-mollo-y-ruben-patagonia-cantan-en-mapuzungun-un-clasico-de-divididos\\\/#breadcrumb\",\"itemListElement\":[{\"@type\":\"ListItem\",\"position\":1,\"name\":\"Portada\",\"item\":\"https:\\\/\\\/vamosporlaliberacion.org\\\/crpmlm\\\/\"},{\"@type\":\"ListItem\",\"position\":2,\"name\":\"Ricardo Mollo y Rub\u00e9n Patagonia cantan en mapuzungun un cl\u00e1sico de Divididos\"}]},{\"@type\":\"WebSite\",\"@id\":\"https:\\\/\\\/vamosporlaliberacion.org\\\/crpmlm\\\/#website\",\"url\":\"https:\\\/\\\/vamosporlaliberacion.org\\\/crpmlm\\\/\",\"name\":\"Vamos por la Liberaci\u00f3n\",\"description\":\"Prensa CR\",\"potentialAction\":[{\"@type\":\"SearchAction\",\"target\":{\"@type\":\"EntryPoint\",\"urlTemplate\":\"https:\\\/\\\/vamosporlaliberacion.org\\\/crpmlm\\\/?s={search_term_string}\"},\"query-input\":{\"@type\":\"PropertyValueSpecification\",\"valueRequired\":true,\"valueName\":\"search_term_string\"}}],\"inLanguage\":\"es\"},{\"@type\":\"Person\",\"@id\":\"https:\\\/\\\/vamosporlaliberacion.org\\\/crpmlm\\\/#\\\/schema\\\/person\\\/d6eac7758df3770dae9cd9eb104d615c\",\"name\":\"vamos!\",\"url\":\"https:\\\/\\\/vamosporlaliberacion.org\\\/crpmlm\\\/author\\\/adminvxl\\\/\"}]}<\/script>\n<!-- \/ Yoast SEO plugin. -->","yoast_head_json":{"title":"Ricardo Mollo y Rub\u00e9n Patagonia cantan en mapuzungun un cl\u00e1sico de Divididos - Vamos por la Liberaci\u00f3n","robots":{"index":"index","follow":"follow","max-snippet":"max-snippet:-1","max-image-preview":"max-image-preview:large","max-video-preview":"max-video-preview:-1"},"canonical":"http:\/\/vamosporlaliberacion.org\/crpmlm\/ricardo-mollo-y-ruben-patagonia-cantan-en-mapuzungun-un-clasico-de-divididos\/","twitter_misc":{"Escrito por":"vamos!","Tiempo de lectura":"3 minutos"},"schema":{"@context":"https:\/\/schema.org","@graph":[{"@type":"Article","@id":"http:\/\/vamosporlaliberacion.org\/crpmlm\/ricardo-mollo-y-ruben-patagonia-cantan-en-mapuzungun-un-clasico-de-divididos\/#article","isPartOf":{"@id":"http:\/\/vamosporlaliberacion.org\/crpmlm\/ricardo-mollo-y-ruben-patagonia-cantan-en-mapuzungun-un-clasico-de-divididos\/"},"author":{"name":"vamos!","@id":"https:\/\/vamosporlaliberacion.org\/crpmlm\/#\/schema\/person\/d6eac7758df3770dae9cd9eb104d615c"},"headline":"Ricardo Mollo y Rub\u00e9n Patagonia cantan en mapuzungun un cl\u00e1sico de Divididos","datePublished":"2020-12-11T19:19:30+00:00","dateModified":"2020-12-11T19:19:37+00:00","mainEntityOfPage":{"@id":"http:\/\/vamosporlaliberacion.org\/crpmlm\/ricardo-mollo-y-ruben-patagonia-cantan-en-mapuzungun-un-clasico-de-divididos\/"},"wordCount":583,"commentCount":0,"image":{"@id":"http:\/\/vamosporlaliberacion.org\/crpmlm\/ricardo-mollo-y-ruben-patagonia-cantan-en-mapuzungun-un-clasico-de-divididos\/#primaryimage"},"thumbnailUrl":"https:\/\/i0.wp.com\/vamosporlaliberacion.org\/crpmlm\/wp-content\/uploads\/2020\/12\/maxresdefault.jpg?fit=1280%2C720&ssl=1","articleSection":["cultura"],"inLanguage":"es","potentialAction":[{"@type":"CommentAction","name":"Comment","target":["http:\/\/vamosporlaliberacion.org\/crpmlm\/ricardo-mollo-y-ruben-patagonia-cantan-en-mapuzungun-un-clasico-de-divididos\/#respond"]}]},{"@type":"WebPage","@id":"http:\/\/vamosporlaliberacion.org\/crpmlm\/ricardo-mollo-y-ruben-patagonia-cantan-en-mapuzungun-un-clasico-de-divididos\/","url":"http:\/\/vamosporlaliberacion.org\/crpmlm\/ricardo-mollo-y-ruben-patagonia-cantan-en-mapuzungun-un-clasico-de-divididos\/","name":"Ricardo Mollo y Rub\u00e9n Patagonia cantan en mapuzungun un cl\u00e1sico de Divididos - Vamos por la Liberaci\u00f3n","isPartOf":{"@id":"https:\/\/vamosporlaliberacion.org\/crpmlm\/#website"},"primaryImageOfPage":{"@id":"http:\/\/vamosporlaliberacion.org\/crpmlm\/ricardo-mollo-y-ruben-patagonia-cantan-en-mapuzungun-un-clasico-de-divididos\/#primaryimage"},"image":{"@id":"http:\/\/vamosporlaliberacion.org\/crpmlm\/ricardo-mollo-y-ruben-patagonia-cantan-en-mapuzungun-un-clasico-de-divididos\/#primaryimage"},"thumbnailUrl":"https:\/\/i0.wp.com\/vamosporlaliberacion.org\/crpmlm\/wp-content\/uploads\/2020\/12\/maxresdefault.jpg?fit=1280%2C720&ssl=1","datePublished":"2020-12-11T19:19:30+00:00","dateModified":"2020-12-11T19:19:37+00:00","author":{"@id":"https:\/\/vamosporlaliberacion.org\/crpmlm\/#\/schema\/person\/d6eac7758df3770dae9cd9eb104d615c"},"breadcrumb":{"@id":"http:\/\/vamosporlaliberacion.org\/crpmlm\/ricardo-mollo-y-ruben-patagonia-cantan-en-mapuzungun-un-clasico-de-divididos\/#breadcrumb"},"inLanguage":"es","potentialAction":[{"@type":"ReadAction","target":["http:\/\/vamosporlaliberacion.org\/crpmlm\/ricardo-mollo-y-ruben-patagonia-cantan-en-mapuzungun-un-clasico-de-divididos\/"]}]},{"@type":"ImageObject","inLanguage":"es","@id":"http:\/\/vamosporlaliberacion.org\/crpmlm\/ricardo-mollo-y-ruben-patagonia-cantan-en-mapuzungun-un-clasico-de-divididos\/#primaryimage","url":"https:\/\/i0.wp.com\/vamosporlaliberacion.org\/crpmlm\/wp-content\/uploads\/2020\/12\/maxresdefault.jpg?fit=1280%2C720&ssl=1","contentUrl":"https:\/\/i0.wp.com\/vamosporlaliberacion.org\/crpmlm\/wp-content\/uploads\/2020\/12\/maxresdefault.jpg?fit=1280%2C720&ssl=1","width":1280,"height":720},{"@type":"BreadcrumbList","@id":"http:\/\/vamosporlaliberacion.org\/crpmlm\/ricardo-mollo-y-ruben-patagonia-cantan-en-mapuzungun-un-clasico-de-divididos\/#breadcrumb","itemListElement":[{"@type":"ListItem","position":1,"name":"Portada","item":"https:\/\/vamosporlaliberacion.org\/crpmlm\/"},{"@type":"ListItem","position":2,"name":"Ricardo Mollo y Rub\u00e9n Patagonia cantan en mapuzungun un cl\u00e1sico de Divididos"}]},{"@type":"WebSite","@id":"https:\/\/vamosporlaliberacion.org\/crpmlm\/#website","url":"https:\/\/vamosporlaliberacion.org\/crpmlm\/","name":"Vamos por la Liberaci\u00f3n","description":"Prensa CR","potentialAction":[{"@type":"SearchAction","target":{"@type":"EntryPoint","urlTemplate":"https:\/\/vamosporlaliberacion.org\/crpmlm\/?s={search_term_string}"},"query-input":{"@type":"PropertyValueSpecification","valueRequired":true,"valueName":"search_term_string"}}],"inLanguage":"es"},{"@type":"Person","@id":"https:\/\/vamosporlaliberacion.org\/crpmlm\/#\/schema\/person\/d6eac7758df3770dae9cd9eb104d615c","name":"vamos!","url":"https:\/\/vamosporlaliberacion.org\/crpmlm\/author\/adminvxl\/"}]}},"jetpack_featured_media_url":"https:\/\/i0.wp.com\/vamosporlaliberacion.org\/crpmlm\/wp-content\/uploads\/2020\/12\/maxresdefault.jpg?fit=1280%2C720&ssl=1","jetpack_sharing_enabled":true,"_links":{"self":[{"href":"https:\/\/vamosporlaliberacion.org\/crpmlm\/wp-json\/wp\/v2\/posts\/22459","targetHints":{"allow":["GET"]}}],"collection":[{"href":"https:\/\/vamosporlaliberacion.org\/crpmlm\/wp-json\/wp\/v2\/posts"}],"about":[{"href":"https:\/\/vamosporlaliberacion.org\/crpmlm\/wp-json\/wp\/v2\/types\/post"}],"author":[{"embeddable":true,"href":"https:\/\/vamosporlaliberacion.org\/crpmlm\/wp-json\/wp\/v2\/users\/6"}],"replies":[{"embeddable":true,"href":"https:\/\/vamosporlaliberacion.org\/crpmlm\/wp-json\/wp\/v2\/comments?post=22459"}],"version-history":[{"count":1,"href":"https:\/\/vamosporlaliberacion.org\/crpmlm\/wp-json\/wp\/v2\/posts\/22459\/revisions"}],"predecessor-version":[{"id":22462,"href":"https:\/\/vamosporlaliberacion.org\/crpmlm\/wp-json\/wp\/v2\/posts\/22459\/revisions\/22462"}],"wp:featuredmedia":[{"embeddable":true,"href":"https:\/\/vamosporlaliberacion.org\/crpmlm\/wp-json\/wp\/v2\/media\/22463"}],"wp:attachment":[{"href":"https:\/\/vamosporlaliberacion.org\/crpmlm\/wp-json\/wp\/v2\/media?parent=22459"}],"wp:term":[{"taxonomy":"category","embeddable":true,"href":"https:\/\/vamosporlaliberacion.org\/crpmlm\/wp-json\/wp\/v2\/categories?post=22459"},{"taxonomy":"post_tag","embeddable":true,"href":"https:\/\/vamosporlaliberacion.org\/crpmlm\/wp-json\/wp\/v2\/tags?post=22459"}],"curies":[{"name":"wp","href":"https:\/\/api.w.org\/{rel}","templated":true}]}}