{"id":22045,"date":"2020-11-11T17:44:37","date_gmt":"2020-11-11T20:44:37","guid":{"rendered":"http:\/\/vamosporlaliberacion.org\/crpmlm\/?p=22045"},"modified":"2020-11-11T17:44:55","modified_gmt":"2020-11-11T20:44:55","slug":"hasta-la-victoria-siempre-sergio-salvatore","status":"publish","type":"post","link":"https:\/\/vamosporlaliberacion.org\/crpmlm\/hasta-la-victoria-siempre-sergio-salvatore\/","title":{"rendered":"\u00a1Hasta la victoria siempre Sergio Salvatore!"},"content":{"rendered":"\n<h3 class=\"wp-block-heading\">Con mucho pesar despedimos a Sergio Salvatore.<\/h3>\n\n\n\n<p>Sergio era un contador con mucha experiencia, formado en la Universidad Nacional de La Plata. Estudioso del marxismo, de los ciclos econ\u00f3micos y fan\u00e1tico y ferviente defensor de Horacio Ciafardini.<\/p>\n\n\n\n<p>\u00c9l era un soldado de la causa obrera, con sus aciertos y sus errores, que estaba \u00edntimamente unido a los pensamientos de Jorge Rocha, quien facilit\u00f3 la llegada de Sergio a la provincia de Tierra del Fuego.<\/p>\n\n\n\n<p>Sergio dec\u00eda que \u00e9l se hab\u00eda reeducado, porque era un intelectual que nunca hab\u00eda estado en contacto estrecho entre lxs obrerxs ni en un proceso directo como lo hizo profundamente con lxs trabajadorxs de la f\u00e1brica recuperada Renacer. Esa reeducaci\u00f3n tuvo un gran beneficio para nuestrxs compa\u00f1erxs de f\u00e1brica, entre chistes, peleas, agarradas y discusiones Salvatore lxs ayud\u00f3 a organizar muchas de las cuestiones t\u00e9cnicas, administrativas y contables.<\/p>\n\n\n\n<p>Sergio estaba enamorado de lxs obrerxs de la f\u00e1brica, con su car\u00e1cter especial y explosivo era una persona sumamente entra\u00f1able. \u00c9l estaba convencido y eso nos ayud\u00f3 a convencernos a nosotrxs: ac\u00e1 en Tierra del Fuego decimos que no todxs creyeron en nosotrxs, pero Beatriz Slaen y Sergio Salvatore si lo hicieron, viniendo a vivir a la provincia.<\/p>\n\n\n\n<p>\u00c9l viv\u00eda dentro de la f\u00e1brica y estaba sumamente feliz, con el tiempo pas\u00f3 a vivir a una casa que estaba pegada a la f\u00e1brica. Era amado y odiado al mismo tiempo por lxs trabajadorxs por su car\u00e1cter, pero lo que no se puede negar es que confi\u00f3 en lxs obrerxs y que le dio los \u00faltimos a\u00f1os de su vida laboral a ellxs y que con gratitud lxs trabajadorxs de Renacer lo sostuvieron hasta el \u00faltimo d\u00eda de su vida, no lo abandonaron y siguieron sosteni\u00e9ndolo econ\u00f3micamente y queri\u00e9ndolo.<\/p>\n\n\n\n<p>Salvatore era un gran escritor, escrib\u00eda mucho. Quiz\u00e1s su obra cumbre es \u00abLos compa\u00f1eros\u00bb, el \u00fanico libro escrito de Renacer que requiri\u00f3 un gran trabajo e investigaci\u00f3n y que incluso pag\u00f3 de su bolsillo con el aporte de sus compa\u00f1erxs. Nadie apost\u00f3 a esa obra que abarca todo un per\u00edodo y que es de gran utilidad para todxs nosotrxs, porque est\u00e1 reflejada gran parte de nuestra pr\u00e1ctica y donde nosotrxs tenemos que revisar muchas cosas.<\/p>\n\n\n\n<figure class=\"wp-block-gallery aligncenter columns-2 is-cropped wp-block-gallery-1 is-layout-flex wp-block-gallery-is-layout-flex\"><ul class=\"blocks-gallery-grid\"><li class=\"blocks-gallery-item\"><figure><img data-recalc-dims=\"1\" loading=\"lazy\" decoding=\"async\" width=\"696\" height=\"466\" src=\"https:\/\/i0.wp.com\/vamosporlaliberacion.org\/crpmlm\/wp-content\/uploads\/2020\/11\/photo_2020-11-11_16-00-37-700x469.jpg?resize=696%2C466\" alt=\"\" data-id=\"22047\" class=\"wp-image-22047\" srcset=\"https:\/\/i0.wp.com\/vamosporlaliberacion.org\/crpmlm\/wp-content\/uploads\/2020\/11\/photo_2020-11-11_16-00-37.jpg?resize=700%2C469&amp;ssl=1 700w, https:\/\/i0.wp.com\/vamosporlaliberacion.org\/crpmlm\/wp-content\/uploads\/2020\/11\/photo_2020-11-11_16-00-37.jpg?resize=300%2C201&amp;ssl=1 300w, https:\/\/i0.wp.com\/vamosporlaliberacion.org\/crpmlm\/wp-content\/uploads\/2020\/11\/photo_2020-11-11_16-00-37.jpg?resize=150%2C100&amp;ssl=1 150w, https:\/\/i0.wp.com\/vamosporlaliberacion.org\/crpmlm\/wp-content\/uploads\/2020\/11\/photo_2020-11-11_16-00-37.jpg?resize=696%2C466&amp;ssl=1 696w, https:\/\/i0.wp.com\/vamosporlaliberacion.org\/crpmlm\/wp-content\/uploads\/2020\/11\/photo_2020-11-11_16-00-37.jpg?resize=627%2C420&amp;ssl=1 627w, https:\/\/i0.wp.com\/vamosporlaliberacion.org\/crpmlm\/wp-content\/uploads\/2020\/11\/photo_2020-11-11_16-00-37.jpg?w=720&amp;ssl=1 720w\" sizes=\"auto, (max-width: 696px) 100vw, 696px\" \/><\/figure><\/li><li class=\"blocks-gallery-item\"><figure><img data-recalc-dims=\"1\" loading=\"lazy\" decoding=\"async\" width=\"696\" height=\"522\" src=\"https:\/\/i0.wp.com\/vamosporlaliberacion.org\/crpmlm\/wp-content\/uploads\/2020\/11\/919326_10151471565457991_1986985729_o-700x525.jpg?resize=696%2C522\" alt=\"\" data-id=\"22048\" data-full-url=\"http:\/\/vamosporlaliberacion.org\/crpmlm\/wp-content\/uploads\/2020\/11\/919326_10151471565457991_1986985729_o.jpg\" data-link=\"http:\/\/vamosporlaliberacion.org\/crpmlm\/?attachment_id=22048\" class=\"wp-image-22048\" srcset=\"https:\/\/i0.wp.com\/vamosporlaliberacion.org\/crpmlm\/wp-content\/uploads\/2020\/11\/919326_10151471565457991_1986985729_o.jpg?resize=700%2C525&amp;ssl=1 700w, https:\/\/i0.wp.com\/vamosporlaliberacion.org\/crpmlm\/wp-content\/uploads\/2020\/11\/919326_10151471565457991_1986985729_o.jpg?resize=300%2C225&amp;ssl=1 300w, https:\/\/i0.wp.com\/vamosporlaliberacion.org\/crpmlm\/wp-content\/uploads\/2020\/11\/919326_10151471565457991_1986985729_o.jpg?resize=768%2C576&amp;ssl=1 768w, https:\/\/i0.wp.com\/vamosporlaliberacion.org\/crpmlm\/wp-content\/uploads\/2020\/11\/919326_10151471565457991_1986985729_o.jpg?resize=150%2C113&amp;ssl=1 150w, https:\/\/i0.wp.com\/vamosporlaliberacion.org\/crpmlm\/wp-content\/uploads\/2020\/11\/919326_10151471565457991_1986985729_o.jpg?resize=696%2C522&amp;ssl=1 696w, https:\/\/i0.wp.com\/vamosporlaliberacion.org\/crpmlm\/wp-content\/uploads\/2020\/11\/919326_10151471565457991_1986985729_o.jpg?resize=560%2C420&amp;ssl=1 560w, https:\/\/i0.wp.com\/vamosporlaliberacion.org\/crpmlm\/wp-content\/uploads\/2020\/11\/919326_10151471565457991_1986985729_o.jpg?resize=80%2C60&amp;ssl=1 80w, https:\/\/i0.wp.com\/vamosporlaliberacion.org\/crpmlm\/wp-content\/uploads\/2020\/11\/919326_10151471565457991_1986985729_o.jpg?resize=265%2C198&amp;ssl=1 265w, https:\/\/i0.wp.com\/vamosporlaliberacion.org\/crpmlm\/wp-content\/uploads\/2020\/11\/919326_10151471565457991_1986985729_o.jpg?w=1024&amp;ssl=1 1024w\" sizes=\"auto, (max-width: 696px) 100vw, 696px\" \/><\/figure><\/li><\/ul><\/figure>\n\n\n\n<p>Nos discut\u00eda mucho y planteaba muchos debates cuando a\u00fan est\u00e1bamos en el PCR, much\u00edsimos debates. Salvatore fue uno de los que nos ayud\u00f3 cuando rompimos, nos aport\u00f3 mucho en el plano de lo te\u00f3rico.<\/p>\n\n\n\n<p>Para nosotrxs Salvatore nos dej\u00f3 una gran ense\u00f1anza: todxs somos necesarixs y todxs nos podemos transformar y reeducar.<\/p>\n\n\n\n<p>A Sergio lo recordaremos siempre como un comunista, como un intelectual al servicio de lxs obrerxs y con mucho cari\u00f1o. Pincharrata ac\u00e9rrimo, una muy buena persona y entra\u00f1able que estar\u00e1 siempre presente en nuestrxs pensamientos.<\/p>\n\n\n\n<p>\u00a1Hasta la victoria siempre Sergio Salvatore!<\/p>\n<!-- AddThis Advanced Settings generic via filter on the_content --><!-- AddThis Share Buttons generic via filter on the_content -->","protected":false},"excerpt":{"rendered":"<p>Con mucho pesar despedimos a Sergio Salvatore. Sergio era un contador con mucha experiencia, formado en la Universidad Nacional de La Plata. Estudioso del marxismo, de los ciclos econ\u00f3micos y fan\u00e1tico y ferviente defensor de Horacio Ciafardini. \u00c9l era un soldado de la causa obrera, con sus aciertos y sus errores, que estaba \u00edntimamente unido [&hellip;]<!-- AddThis Advanced Settings generic via filter on get_the_excerpt --><!-- AddThis Share Buttons generic via filter on get_the_excerpt --><\/p>\n","protected":false},"author":6,"featured_media":22046,"comment_status":"open","ping_status":"open","sticky":false,"template":"","format":"standard","meta":{"_jetpack_memberships_contains_paid_content":false,"footnotes":""},"categories":[1879],"tags":[],"class_list":{"0":"post-22045","1":"post","2":"type-post","3":"status-publish","4":"format-standard","5":"has-post-thumbnail","7":"category-nuestro-ejemplo"},"yoast_head":"<!-- This site is optimized with the Yoast SEO plugin v27.4 - https:\/\/yoast.com\/product\/yoast-seo-wordpress\/ -->\n<title>\u00a1Hasta la victoria siempre Sergio Salvatore! - Vamos por la Liberaci\u00f3n<\/title>\n<meta name=\"robots\" content=\"index, follow, max-snippet:-1, max-image-preview:large, max-video-preview:-1\" \/>\n<link rel=\"canonical\" href=\"https:\/\/vamosporlaliberacion.org\/crpmlm\/hasta-la-victoria-siempre-sergio-salvatore\/\" \/>\n<meta name=\"twitter:label1\" content=\"Escrito por\" \/>\n\t<meta name=\"twitter:data1\" content=\"vamos!\" \/>\n\t<meta name=\"twitter:label2\" content=\"Tiempo de lectura\" \/>\n\t<meta name=\"twitter:data2\" content=\"2 minutos\" \/>\n<script type=\"application\/ld+json\" class=\"yoast-schema-graph\">{\"@context\":\"https:\\\/\\\/schema.org\",\"@graph\":[{\"@type\":\"Article\",\"@id\":\"https:\\\/\\\/vamosporlaliberacion.org\\\/crpmlm\\\/hasta-la-victoria-siempre-sergio-salvatore\\\/#article\",\"isPartOf\":{\"@id\":\"https:\\\/\\\/vamosporlaliberacion.org\\\/crpmlm\\\/hasta-la-victoria-siempre-sergio-salvatore\\\/\"},\"author\":{\"name\":\"vamos!\",\"@id\":\"https:\\\/\\\/vamosporlaliberacion.org\\\/crpmlm\\\/#\\\/schema\\\/person\\\/d6eac7758df3770dae9cd9eb104d615c\"},\"headline\":\"\u00a1Hasta la victoria siempre Sergio Salvatore!\",\"datePublished\":\"2020-11-11T20:44:37+00:00\",\"dateModified\":\"2020-11-11T20:44:55+00:00\",\"mainEntityOfPage\":{\"@id\":\"https:\\\/\\\/vamosporlaliberacion.org\\\/crpmlm\\\/hasta-la-victoria-siempre-sergio-salvatore\\\/\"},\"wordCount\":502,\"commentCount\":0,\"image\":{\"@id\":\"https:\\\/\\\/vamosporlaliberacion.org\\\/crpmlm\\\/hasta-la-victoria-siempre-sergio-salvatore\\\/#primaryimage\"},\"thumbnailUrl\":\"https:\\\/\\\/i0.wp.com\\\/vamosporlaliberacion.org\\\/crpmlm\\\/wp-content\\\/uploads\\\/2020\\\/11\\\/sergio.png?fit=1533%2C880&ssl=1\",\"articleSection\":[\"Nuestro ejemplo\"],\"inLanguage\":\"es\",\"potentialAction\":[{\"@type\":\"CommentAction\",\"name\":\"Comment\",\"target\":[\"https:\\\/\\\/vamosporlaliberacion.org\\\/crpmlm\\\/hasta-la-victoria-siempre-sergio-salvatore\\\/#respond\"]}]},{\"@type\":\"WebPage\",\"@id\":\"https:\\\/\\\/vamosporlaliberacion.org\\\/crpmlm\\\/hasta-la-victoria-siempre-sergio-salvatore\\\/\",\"url\":\"https:\\\/\\\/vamosporlaliberacion.org\\\/crpmlm\\\/hasta-la-victoria-siempre-sergio-salvatore\\\/\",\"name\":\"\u00a1Hasta la victoria siempre Sergio Salvatore! - Vamos por la Liberaci\u00f3n\",\"isPartOf\":{\"@id\":\"https:\\\/\\\/vamosporlaliberacion.org\\\/crpmlm\\\/#website\"},\"primaryImageOfPage\":{\"@id\":\"https:\\\/\\\/vamosporlaliberacion.org\\\/crpmlm\\\/hasta-la-victoria-siempre-sergio-salvatore\\\/#primaryimage\"},\"image\":{\"@id\":\"https:\\\/\\\/vamosporlaliberacion.org\\\/crpmlm\\\/hasta-la-victoria-siempre-sergio-salvatore\\\/#primaryimage\"},\"thumbnailUrl\":\"https:\\\/\\\/i0.wp.com\\\/vamosporlaliberacion.org\\\/crpmlm\\\/wp-content\\\/uploads\\\/2020\\\/11\\\/sergio.png?fit=1533%2C880&ssl=1\",\"datePublished\":\"2020-11-11T20:44:37+00:00\",\"dateModified\":\"2020-11-11T20:44:55+00:00\",\"author\":{\"@id\":\"https:\\\/\\\/vamosporlaliberacion.org\\\/crpmlm\\\/#\\\/schema\\\/person\\\/d6eac7758df3770dae9cd9eb104d615c\"},\"breadcrumb\":{\"@id\":\"https:\\\/\\\/vamosporlaliberacion.org\\\/crpmlm\\\/hasta-la-victoria-siempre-sergio-salvatore\\\/#breadcrumb\"},\"inLanguage\":\"es\",\"potentialAction\":[{\"@type\":\"ReadAction\",\"target\":[\"https:\\\/\\\/vamosporlaliberacion.org\\\/crpmlm\\\/hasta-la-victoria-siempre-sergio-salvatore\\\/\"]}]},{\"@type\":\"ImageObject\",\"inLanguage\":\"es\",\"@id\":\"https:\\\/\\\/vamosporlaliberacion.org\\\/crpmlm\\\/hasta-la-victoria-siempre-sergio-salvatore\\\/#primaryimage\",\"url\":\"https:\\\/\\\/i0.wp.com\\\/vamosporlaliberacion.org\\\/crpmlm\\\/wp-content\\\/uploads\\\/2020\\\/11\\\/sergio.png?fit=1533%2C880&ssl=1\",\"contentUrl\":\"https:\\\/\\\/i0.wp.com\\\/vamosporlaliberacion.org\\\/crpmlm\\\/wp-content\\\/uploads\\\/2020\\\/11\\\/sergio.png?fit=1533%2C880&ssl=1\",\"width\":1533,\"height\":880},{\"@type\":\"BreadcrumbList\",\"@id\":\"https:\\\/\\\/vamosporlaliberacion.org\\\/crpmlm\\\/hasta-la-victoria-siempre-sergio-salvatore\\\/#breadcrumb\",\"itemListElement\":[{\"@type\":\"ListItem\",\"position\":1,\"name\":\"Portada\",\"item\":\"https:\\\/\\\/vamosporlaliberacion.org\\\/crpmlm\\\/\"},{\"@type\":\"ListItem\",\"position\":2,\"name\":\"\u00a1Hasta la victoria siempre Sergio Salvatore!\"}]},{\"@type\":\"WebSite\",\"@id\":\"https:\\\/\\\/vamosporlaliberacion.org\\\/crpmlm\\\/#website\",\"url\":\"https:\\\/\\\/vamosporlaliberacion.org\\\/crpmlm\\\/\",\"name\":\"Vamos por la Liberaci\u00f3n\",\"description\":\"Prensa CR\",\"potentialAction\":[{\"@type\":\"SearchAction\",\"target\":{\"@type\":\"EntryPoint\",\"urlTemplate\":\"https:\\\/\\\/vamosporlaliberacion.org\\\/crpmlm\\\/?s={search_term_string}\"},\"query-input\":{\"@type\":\"PropertyValueSpecification\",\"valueRequired\":true,\"valueName\":\"search_term_string\"}}],\"inLanguage\":\"es\"},{\"@type\":\"Person\",\"@id\":\"https:\\\/\\\/vamosporlaliberacion.org\\\/crpmlm\\\/#\\\/schema\\\/person\\\/d6eac7758df3770dae9cd9eb104d615c\",\"name\":\"vamos!\",\"url\":\"https:\\\/\\\/vamosporlaliberacion.org\\\/crpmlm\\\/author\\\/adminvxl\\\/\"}]}<\/script>\n<!-- \/ Yoast SEO plugin. -->","yoast_head_json":{"title":"\u00a1Hasta la victoria siempre Sergio Salvatore! - Vamos por la Liberaci\u00f3n","robots":{"index":"index","follow":"follow","max-snippet":"max-snippet:-1","max-image-preview":"max-image-preview:large","max-video-preview":"max-video-preview:-1"},"canonical":"https:\/\/vamosporlaliberacion.org\/crpmlm\/hasta-la-victoria-siempre-sergio-salvatore\/","twitter_misc":{"Escrito por":"vamos!","Tiempo de lectura":"2 minutos"},"schema":{"@context":"https:\/\/schema.org","@graph":[{"@type":"Article","@id":"https:\/\/vamosporlaliberacion.org\/crpmlm\/hasta-la-victoria-siempre-sergio-salvatore\/#article","isPartOf":{"@id":"https:\/\/vamosporlaliberacion.org\/crpmlm\/hasta-la-victoria-siempre-sergio-salvatore\/"},"author":{"name":"vamos!","@id":"https:\/\/vamosporlaliberacion.org\/crpmlm\/#\/schema\/person\/d6eac7758df3770dae9cd9eb104d615c"},"headline":"\u00a1Hasta la victoria siempre Sergio Salvatore!","datePublished":"2020-11-11T20:44:37+00:00","dateModified":"2020-11-11T20:44:55+00:00","mainEntityOfPage":{"@id":"https:\/\/vamosporlaliberacion.org\/crpmlm\/hasta-la-victoria-siempre-sergio-salvatore\/"},"wordCount":502,"commentCount":0,"image":{"@id":"https:\/\/vamosporlaliberacion.org\/crpmlm\/hasta-la-victoria-siempre-sergio-salvatore\/#primaryimage"},"thumbnailUrl":"https:\/\/i0.wp.com\/vamosporlaliberacion.org\/crpmlm\/wp-content\/uploads\/2020\/11\/sergio.png?fit=1533%2C880&ssl=1","articleSection":["Nuestro ejemplo"],"inLanguage":"es","potentialAction":[{"@type":"CommentAction","name":"Comment","target":["https:\/\/vamosporlaliberacion.org\/crpmlm\/hasta-la-victoria-siempre-sergio-salvatore\/#respond"]}]},{"@type":"WebPage","@id":"https:\/\/vamosporlaliberacion.org\/crpmlm\/hasta-la-victoria-siempre-sergio-salvatore\/","url":"https:\/\/vamosporlaliberacion.org\/crpmlm\/hasta-la-victoria-siempre-sergio-salvatore\/","name":"\u00a1Hasta la victoria siempre Sergio Salvatore! - Vamos por la Liberaci\u00f3n","isPartOf":{"@id":"https:\/\/vamosporlaliberacion.org\/crpmlm\/#website"},"primaryImageOfPage":{"@id":"https:\/\/vamosporlaliberacion.org\/crpmlm\/hasta-la-victoria-siempre-sergio-salvatore\/#primaryimage"},"image":{"@id":"https:\/\/vamosporlaliberacion.org\/crpmlm\/hasta-la-victoria-siempre-sergio-salvatore\/#primaryimage"},"thumbnailUrl":"https:\/\/i0.wp.com\/vamosporlaliberacion.org\/crpmlm\/wp-content\/uploads\/2020\/11\/sergio.png?fit=1533%2C880&ssl=1","datePublished":"2020-11-11T20:44:37+00:00","dateModified":"2020-11-11T20:44:55+00:00","author":{"@id":"https:\/\/vamosporlaliberacion.org\/crpmlm\/#\/schema\/person\/d6eac7758df3770dae9cd9eb104d615c"},"breadcrumb":{"@id":"https:\/\/vamosporlaliberacion.org\/crpmlm\/hasta-la-victoria-siempre-sergio-salvatore\/#breadcrumb"},"inLanguage":"es","potentialAction":[{"@type":"ReadAction","target":["https:\/\/vamosporlaliberacion.org\/crpmlm\/hasta-la-victoria-siempre-sergio-salvatore\/"]}]},{"@type":"ImageObject","inLanguage":"es","@id":"https:\/\/vamosporlaliberacion.org\/crpmlm\/hasta-la-victoria-siempre-sergio-salvatore\/#primaryimage","url":"https:\/\/i0.wp.com\/vamosporlaliberacion.org\/crpmlm\/wp-content\/uploads\/2020\/11\/sergio.png?fit=1533%2C880&ssl=1","contentUrl":"https:\/\/i0.wp.com\/vamosporlaliberacion.org\/crpmlm\/wp-content\/uploads\/2020\/11\/sergio.png?fit=1533%2C880&ssl=1","width":1533,"height":880},{"@type":"BreadcrumbList","@id":"https:\/\/vamosporlaliberacion.org\/crpmlm\/hasta-la-victoria-siempre-sergio-salvatore\/#breadcrumb","itemListElement":[{"@type":"ListItem","position":1,"name":"Portada","item":"https:\/\/vamosporlaliberacion.org\/crpmlm\/"},{"@type":"ListItem","position":2,"name":"\u00a1Hasta la victoria siempre Sergio Salvatore!"}]},{"@type":"WebSite","@id":"https:\/\/vamosporlaliberacion.org\/crpmlm\/#website","url":"https:\/\/vamosporlaliberacion.org\/crpmlm\/","name":"Vamos por la Liberaci\u00f3n","description":"Prensa CR","potentialAction":[{"@type":"SearchAction","target":{"@type":"EntryPoint","urlTemplate":"https:\/\/vamosporlaliberacion.org\/crpmlm\/?s={search_term_string}"},"query-input":{"@type":"PropertyValueSpecification","valueRequired":true,"valueName":"search_term_string"}}],"inLanguage":"es"},{"@type":"Person","@id":"https:\/\/vamosporlaliberacion.org\/crpmlm\/#\/schema\/person\/d6eac7758df3770dae9cd9eb104d615c","name":"vamos!","url":"https:\/\/vamosporlaliberacion.org\/crpmlm\/author\/adminvxl\/"}]}},"jetpack_featured_media_url":"https:\/\/i0.wp.com\/vamosporlaliberacion.org\/crpmlm\/wp-content\/uploads\/2020\/11\/sergio.png?fit=1533%2C880&ssl=1","jetpack_sharing_enabled":true,"_links":{"self":[{"href":"https:\/\/vamosporlaliberacion.org\/crpmlm\/wp-json\/wp\/v2\/posts\/22045","targetHints":{"allow":["GET"]}}],"collection":[{"href":"https:\/\/vamosporlaliberacion.org\/crpmlm\/wp-json\/wp\/v2\/posts"}],"about":[{"href":"https:\/\/vamosporlaliberacion.org\/crpmlm\/wp-json\/wp\/v2\/types\/post"}],"author":[{"embeddable":true,"href":"https:\/\/vamosporlaliberacion.org\/crpmlm\/wp-json\/wp\/v2\/users\/6"}],"replies":[{"embeddable":true,"href":"https:\/\/vamosporlaliberacion.org\/crpmlm\/wp-json\/wp\/v2\/comments?post=22045"}],"version-history":[{"count":1,"href":"https:\/\/vamosporlaliberacion.org\/crpmlm\/wp-json\/wp\/v2\/posts\/22045\/revisions"}],"predecessor-version":[{"id":22049,"href":"https:\/\/vamosporlaliberacion.org\/crpmlm\/wp-json\/wp\/v2\/posts\/22045\/revisions\/22049"}],"wp:featuredmedia":[{"embeddable":true,"href":"https:\/\/vamosporlaliberacion.org\/crpmlm\/wp-json\/wp\/v2\/media\/22046"}],"wp:attachment":[{"href":"https:\/\/vamosporlaliberacion.org\/crpmlm\/wp-json\/wp\/v2\/media?parent=22045"}],"wp:term":[{"taxonomy":"category","embeddable":true,"href":"https:\/\/vamosporlaliberacion.org\/crpmlm\/wp-json\/wp\/v2\/categories?post=22045"},{"taxonomy":"post_tag","embeddable":true,"href":"https:\/\/vamosporlaliberacion.org\/crpmlm\/wp-json\/wp\/v2\/tags?post=22045"}],"curies":[{"name":"wp","href":"https:\/\/api.w.org\/{rel}","templated":true}]}}