{"id":22042,"date":"2020-11-11T13:21:31","date_gmt":"2020-11-11T16:21:31","guid":{"rendered":"http:\/\/vamosporlaliberacion.org\/crpmlm\/?p=22042"},"modified":"2020-11-11T13:21:42","modified_gmt":"2020-11-11T16:21:42","slug":"eugenio-cabib-presente","status":"publish","type":"post","link":"https:\/\/vamosporlaliberacion.org\/crpmlm\/eugenio-cabib-presente\/","title":{"rendered":"Eugenio Cabib \u00a1Presente!"},"content":{"rendered":"\n<p>Eugenio Cabib fue secuestrado el 11 de noviembre de 1976 de su domicilio por un grupo de tareas del Ej\u00e9rcito Argentino. Este grupo procedi\u00f3 a vendar los ojos de Eugenio Cabib y los de su esposa Aida Magdalena Pauluzzi y los maniataron, luego de requisar la casa se retiraron llev\u00e1ndose a Eugenio. A\u00fan se encuentra desaparecido.<\/p>\n\n\n\n<p>Eugenio ten\u00eda 32 a\u00f1os, era comerciante y viv\u00eda junto a Aida y su hija Lia en el barrio de Monserrat, en Capital Federal. Eugenio se hab\u00eda sumado al Partido Comunista Revolucionario en 1970, como parte del torrente revolucionario que se expresaba en las puebladas de esos a\u00f1os.<\/p>\n\n\n\n<p>En 1973 ingres\u00f3 como obrero en la metal\u00fargica Compa\u00f1\u00eda Argentina Metal\u00fargica Esta\u00f1o y Aluminio S. A. (CAMEA). All\u00ed Eugenio ayud\u00f3 a organizar la elecci\u00f3n de delegados, propuesto a candidato por un sector de compa\u00f1eros pierde la elecci\u00f3n y la patronal lo despide. Eso no lo detuvo y luch\u00f3 para quedar como parte de la planta, en ese proceso fue acusado de subversivo y no pudo trabajar en ninguna otra f\u00e1brica.<br><br>Eugenio fue parte de la lucha antigolpista planteada y ya secuestrado, mantuvo sus principios revolucionarios, ya que guard\u00f3 celosamente, ante la tortura, direcciones, nombres, actividades de sus camaradas y organizaci\u00f3n.<\/p>\n\n\n\n<p>A\u00fan no sabemos cu\u00e1l fue su destino, a que centro de detenci\u00f3n, tortura y exterminio lo llevaron. Seguimos luchando por verdad y justicia por Eugenio y lxs 30.000 detenidxs desaparecidxs, por c\u00e1rcel com\u00fan y efectiva para todxs lxs genocidas, por la apertura de todos los archivos de la dictadura c\u00edvico militar.<\/p>\n\n\n\n<p>\u00a1Hasta la victoria siempre querido Eugenio!<br>\u00a1Presente!\u00a1Ahora y siempre!<\/p>\n<!-- AddThis Advanced Settings generic via filter on the_content --><!-- AddThis Share Buttons generic via filter on the_content -->","protected":false},"excerpt":{"rendered":"<p>Eugenio Cabib fue secuestrado el 11 de noviembre de 1976 de su domicilio por un grupo de tareas del Ej\u00e9rcito Argentino. Este grupo procedi\u00f3 a vendar los ojos de Eugenio Cabib y los de su esposa Aida Magdalena Pauluzzi y los maniataron, luego de requisar la casa se retiraron llev\u00e1ndose a Eugenio. A\u00fan se encuentra [&hellip;]<!-- AddThis Advanced Settings generic via filter on get_the_excerpt --><!-- AddThis Share Buttons generic via filter on get_the_excerpt --><\/p>\n","protected":false},"author":6,"featured_media":22043,"comment_status":"open","ping_status":"open","sticky":false,"template":"","format":"standard","meta":{"_jetpack_memberships_contains_paid_content":false,"footnotes":""},"categories":[1879],"tags":[],"class_list":{"0":"post-22042","1":"post","2":"type-post","3":"status-publish","4":"format-standard","5":"has-post-thumbnail","7":"category-nuestro-ejemplo"},"yoast_head":"<!-- This site is optimized with the Yoast SEO plugin v27.4 - https:\/\/yoast.com\/product\/yoast-seo-wordpress\/ -->\n<title>Eugenio Cabib \u00a1Presente! - Vamos por la Liberaci\u00f3n<\/title>\n<meta name=\"robots\" content=\"index, follow, max-snippet:-1, max-image-preview:large, max-video-preview:-1\" \/>\n<link rel=\"canonical\" href=\"https:\/\/vamosporlaliberacion.org\/crpmlm\/eugenio-cabib-presente\/\" \/>\n<meta name=\"twitter:label1\" content=\"Escrito por\" \/>\n\t<meta name=\"twitter:data1\" content=\"vamos!\" \/>\n\t<meta name=\"twitter:label2\" content=\"Tiempo de lectura\" \/>\n\t<meta name=\"twitter:data2\" content=\"1 minuto\" \/>\n<script type=\"application\/ld+json\" class=\"yoast-schema-graph\">{\"@context\":\"https:\\\/\\\/schema.org\",\"@graph\":[{\"@type\":\"Article\",\"@id\":\"https:\\\/\\\/vamosporlaliberacion.org\\\/crpmlm\\\/eugenio-cabib-presente\\\/#article\",\"isPartOf\":{\"@id\":\"https:\\\/\\\/vamosporlaliberacion.org\\\/crpmlm\\\/eugenio-cabib-presente\\\/\"},\"author\":{\"name\":\"vamos!\",\"@id\":\"https:\\\/\\\/vamosporlaliberacion.org\\\/crpmlm\\\/#\\\/schema\\\/person\\\/d6eac7758df3770dae9cd9eb104d615c\"},\"headline\":\"Eugenio Cabib \u00a1Presente!\",\"datePublished\":\"2020-11-11T16:21:31+00:00\",\"dateModified\":\"2020-11-11T16:21:42+00:00\",\"mainEntityOfPage\":{\"@id\":\"https:\\\/\\\/vamosporlaliberacion.org\\\/crpmlm\\\/eugenio-cabib-presente\\\/\"},\"wordCount\":284,\"commentCount\":0,\"image\":{\"@id\":\"https:\\\/\\\/vamosporlaliberacion.org\\\/crpmlm\\\/eugenio-cabib-presente\\\/#primaryimage\"},\"thumbnailUrl\":\"https:\\\/\\\/i0.wp.com\\\/vamosporlaliberacion.org\\\/crpmlm\\\/wp-content\\\/uploads\\\/2020\\\/11\\\/11-10-2020-Eugenio-Cabib.png?fit=960%2C755&ssl=1\",\"articleSection\":[\"Nuestro ejemplo\"],\"inLanguage\":\"es\",\"potentialAction\":[{\"@type\":\"CommentAction\",\"name\":\"Comment\",\"target\":[\"https:\\\/\\\/vamosporlaliberacion.org\\\/crpmlm\\\/eugenio-cabib-presente\\\/#respond\"]}]},{\"@type\":\"WebPage\",\"@id\":\"https:\\\/\\\/vamosporlaliberacion.org\\\/crpmlm\\\/eugenio-cabib-presente\\\/\",\"url\":\"https:\\\/\\\/vamosporlaliberacion.org\\\/crpmlm\\\/eugenio-cabib-presente\\\/\",\"name\":\"Eugenio Cabib \u00a1Presente! - Vamos por la Liberaci\u00f3n\",\"isPartOf\":{\"@id\":\"https:\\\/\\\/vamosporlaliberacion.org\\\/crpmlm\\\/#website\"},\"primaryImageOfPage\":{\"@id\":\"https:\\\/\\\/vamosporlaliberacion.org\\\/crpmlm\\\/eugenio-cabib-presente\\\/#primaryimage\"},\"image\":{\"@id\":\"https:\\\/\\\/vamosporlaliberacion.org\\\/crpmlm\\\/eugenio-cabib-presente\\\/#primaryimage\"},\"thumbnailUrl\":\"https:\\\/\\\/i0.wp.com\\\/vamosporlaliberacion.org\\\/crpmlm\\\/wp-content\\\/uploads\\\/2020\\\/11\\\/11-10-2020-Eugenio-Cabib.png?fit=960%2C755&ssl=1\",\"datePublished\":\"2020-11-11T16:21:31+00:00\",\"dateModified\":\"2020-11-11T16:21:42+00:00\",\"author\":{\"@id\":\"https:\\\/\\\/vamosporlaliberacion.org\\\/crpmlm\\\/#\\\/schema\\\/person\\\/d6eac7758df3770dae9cd9eb104d615c\"},\"breadcrumb\":{\"@id\":\"https:\\\/\\\/vamosporlaliberacion.org\\\/crpmlm\\\/eugenio-cabib-presente\\\/#breadcrumb\"},\"inLanguage\":\"es\",\"potentialAction\":[{\"@type\":\"ReadAction\",\"target\":[\"https:\\\/\\\/vamosporlaliberacion.org\\\/crpmlm\\\/eugenio-cabib-presente\\\/\"]}]},{\"@type\":\"ImageObject\",\"inLanguage\":\"es\",\"@id\":\"https:\\\/\\\/vamosporlaliberacion.org\\\/crpmlm\\\/eugenio-cabib-presente\\\/#primaryimage\",\"url\":\"https:\\\/\\\/i0.wp.com\\\/vamosporlaliberacion.org\\\/crpmlm\\\/wp-content\\\/uploads\\\/2020\\\/11\\\/11-10-2020-Eugenio-Cabib.png?fit=960%2C755&ssl=1\",\"contentUrl\":\"https:\\\/\\\/i0.wp.com\\\/vamosporlaliberacion.org\\\/crpmlm\\\/wp-content\\\/uploads\\\/2020\\\/11\\\/11-10-2020-Eugenio-Cabib.png?fit=960%2C755&ssl=1\",\"width\":960,\"height\":755},{\"@type\":\"BreadcrumbList\",\"@id\":\"https:\\\/\\\/vamosporlaliberacion.org\\\/crpmlm\\\/eugenio-cabib-presente\\\/#breadcrumb\",\"itemListElement\":[{\"@type\":\"ListItem\",\"position\":1,\"name\":\"Portada\",\"item\":\"https:\\\/\\\/vamosporlaliberacion.org\\\/crpmlm\\\/\"},{\"@type\":\"ListItem\",\"position\":2,\"name\":\"Eugenio Cabib \u00a1Presente!\"}]},{\"@type\":\"WebSite\",\"@id\":\"https:\\\/\\\/vamosporlaliberacion.org\\\/crpmlm\\\/#website\",\"url\":\"https:\\\/\\\/vamosporlaliberacion.org\\\/crpmlm\\\/\",\"name\":\"Vamos por la Liberaci\u00f3n\",\"description\":\"Prensa CR\",\"potentialAction\":[{\"@type\":\"SearchAction\",\"target\":{\"@type\":\"EntryPoint\",\"urlTemplate\":\"https:\\\/\\\/vamosporlaliberacion.org\\\/crpmlm\\\/?s={search_term_string}\"},\"query-input\":{\"@type\":\"PropertyValueSpecification\",\"valueRequired\":true,\"valueName\":\"search_term_string\"}}],\"inLanguage\":\"es\"},{\"@type\":\"Person\",\"@id\":\"https:\\\/\\\/vamosporlaliberacion.org\\\/crpmlm\\\/#\\\/schema\\\/person\\\/d6eac7758df3770dae9cd9eb104d615c\",\"name\":\"vamos!\",\"url\":\"https:\\\/\\\/vamosporlaliberacion.org\\\/crpmlm\\\/author\\\/adminvxl\\\/\"}]}<\/script>\n<!-- \/ Yoast SEO plugin. -->","yoast_head_json":{"title":"Eugenio Cabib \u00a1Presente! - Vamos por la Liberaci\u00f3n","robots":{"index":"index","follow":"follow","max-snippet":"max-snippet:-1","max-image-preview":"max-image-preview:large","max-video-preview":"max-video-preview:-1"},"canonical":"https:\/\/vamosporlaliberacion.org\/crpmlm\/eugenio-cabib-presente\/","twitter_misc":{"Escrito por":"vamos!","Tiempo de lectura":"1 minuto"},"schema":{"@context":"https:\/\/schema.org","@graph":[{"@type":"Article","@id":"https:\/\/vamosporlaliberacion.org\/crpmlm\/eugenio-cabib-presente\/#article","isPartOf":{"@id":"https:\/\/vamosporlaliberacion.org\/crpmlm\/eugenio-cabib-presente\/"},"author":{"name":"vamos!","@id":"https:\/\/vamosporlaliberacion.org\/crpmlm\/#\/schema\/person\/d6eac7758df3770dae9cd9eb104d615c"},"headline":"Eugenio Cabib \u00a1Presente!","datePublished":"2020-11-11T16:21:31+00:00","dateModified":"2020-11-11T16:21:42+00:00","mainEntityOfPage":{"@id":"https:\/\/vamosporlaliberacion.org\/crpmlm\/eugenio-cabib-presente\/"},"wordCount":284,"commentCount":0,"image":{"@id":"https:\/\/vamosporlaliberacion.org\/crpmlm\/eugenio-cabib-presente\/#primaryimage"},"thumbnailUrl":"https:\/\/i0.wp.com\/vamosporlaliberacion.org\/crpmlm\/wp-content\/uploads\/2020\/11\/11-10-2020-Eugenio-Cabib.png?fit=960%2C755&ssl=1","articleSection":["Nuestro ejemplo"],"inLanguage":"es","potentialAction":[{"@type":"CommentAction","name":"Comment","target":["https:\/\/vamosporlaliberacion.org\/crpmlm\/eugenio-cabib-presente\/#respond"]}]},{"@type":"WebPage","@id":"https:\/\/vamosporlaliberacion.org\/crpmlm\/eugenio-cabib-presente\/","url":"https:\/\/vamosporlaliberacion.org\/crpmlm\/eugenio-cabib-presente\/","name":"Eugenio Cabib \u00a1Presente! - Vamos por la Liberaci\u00f3n","isPartOf":{"@id":"https:\/\/vamosporlaliberacion.org\/crpmlm\/#website"},"primaryImageOfPage":{"@id":"https:\/\/vamosporlaliberacion.org\/crpmlm\/eugenio-cabib-presente\/#primaryimage"},"image":{"@id":"https:\/\/vamosporlaliberacion.org\/crpmlm\/eugenio-cabib-presente\/#primaryimage"},"thumbnailUrl":"https:\/\/i0.wp.com\/vamosporlaliberacion.org\/crpmlm\/wp-content\/uploads\/2020\/11\/11-10-2020-Eugenio-Cabib.png?fit=960%2C755&ssl=1","datePublished":"2020-11-11T16:21:31+00:00","dateModified":"2020-11-11T16:21:42+00:00","author":{"@id":"https:\/\/vamosporlaliberacion.org\/crpmlm\/#\/schema\/person\/d6eac7758df3770dae9cd9eb104d615c"},"breadcrumb":{"@id":"https:\/\/vamosporlaliberacion.org\/crpmlm\/eugenio-cabib-presente\/#breadcrumb"},"inLanguage":"es","potentialAction":[{"@type":"ReadAction","target":["https:\/\/vamosporlaliberacion.org\/crpmlm\/eugenio-cabib-presente\/"]}]},{"@type":"ImageObject","inLanguage":"es","@id":"https:\/\/vamosporlaliberacion.org\/crpmlm\/eugenio-cabib-presente\/#primaryimage","url":"https:\/\/i0.wp.com\/vamosporlaliberacion.org\/crpmlm\/wp-content\/uploads\/2020\/11\/11-10-2020-Eugenio-Cabib.png?fit=960%2C755&ssl=1","contentUrl":"https:\/\/i0.wp.com\/vamosporlaliberacion.org\/crpmlm\/wp-content\/uploads\/2020\/11\/11-10-2020-Eugenio-Cabib.png?fit=960%2C755&ssl=1","width":960,"height":755},{"@type":"BreadcrumbList","@id":"https:\/\/vamosporlaliberacion.org\/crpmlm\/eugenio-cabib-presente\/#breadcrumb","itemListElement":[{"@type":"ListItem","position":1,"name":"Portada","item":"https:\/\/vamosporlaliberacion.org\/crpmlm\/"},{"@type":"ListItem","position":2,"name":"Eugenio Cabib \u00a1Presente!"}]},{"@type":"WebSite","@id":"https:\/\/vamosporlaliberacion.org\/crpmlm\/#website","url":"https:\/\/vamosporlaliberacion.org\/crpmlm\/","name":"Vamos por la Liberaci\u00f3n","description":"Prensa CR","potentialAction":[{"@type":"SearchAction","target":{"@type":"EntryPoint","urlTemplate":"https:\/\/vamosporlaliberacion.org\/crpmlm\/?s={search_term_string}"},"query-input":{"@type":"PropertyValueSpecification","valueRequired":true,"valueName":"search_term_string"}}],"inLanguage":"es"},{"@type":"Person","@id":"https:\/\/vamosporlaliberacion.org\/crpmlm\/#\/schema\/person\/d6eac7758df3770dae9cd9eb104d615c","name":"vamos!","url":"https:\/\/vamosporlaliberacion.org\/crpmlm\/author\/adminvxl\/"}]}},"jetpack_featured_media_url":"https:\/\/i0.wp.com\/vamosporlaliberacion.org\/crpmlm\/wp-content\/uploads\/2020\/11\/11-10-2020-Eugenio-Cabib.png?fit=960%2C755&ssl=1","jetpack_sharing_enabled":true,"_links":{"self":[{"href":"https:\/\/vamosporlaliberacion.org\/crpmlm\/wp-json\/wp\/v2\/posts\/22042","targetHints":{"allow":["GET"]}}],"collection":[{"href":"https:\/\/vamosporlaliberacion.org\/crpmlm\/wp-json\/wp\/v2\/posts"}],"about":[{"href":"https:\/\/vamosporlaliberacion.org\/crpmlm\/wp-json\/wp\/v2\/types\/post"}],"author":[{"embeddable":true,"href":"https:\/\/vamosporlaliberacion.org\/crpmlm\/wp-json\/wp\/v2\/users\/6"}],"replies":[{"embeddable":true,"href":"https:\/\/vamosporlaliberacion.org\/crpmlm\/wp-json\/wp\/v2\/comments?post=22042"}],"version-history":[{"count":1,"href":"https:\/\/vamosporlaliberacion.org\/crpmlm\/wp-json\/wp\/v2\/posts\/22042\/revisions"}],"predecessor-version":[{"id":22044,"href":"https:\/\/vamosporlaliberacion.org\/crpmlm\/wp-json\/wp\/v2\/posts\/22042\/revisions\/22044"}],"wp:featuredmedia":[{"embeddable":true,"href":"https:\/\/vamosporlaliberacion.org\/crpmlm\/wp-json\/wp\/v2\/media\/22043"}],"wp:attachment":[{"href":"https:\/\/vamosporlaliberacion.org\/crpmlm\/wp-json\/wp\/v2\/media?parent=22042"}],"wp:term":[{"taxonomy":"category","embeddable":true,"href":"https:\/\/vamosporlaliberacion.org\/crpmlm\/wp-json\/wp\/v2\/categories?post=22042"},{"taxonomy":"post_tag","embeddable":true,"href":"https:\/\/vamosporlaliberacion.org\/crpmlm\/wp-json\/wp\/v2\/tags?post=22042"}],"curies":[{"name":"wp","href":"https:\/\/api.w.org\/{rel}","templated":true}]}}