{"id":21991,"date":"2020-11-08T17:37:07","date_gmt":"2020-11-08T20:37:07","guid":{"rendered":"http:\/\/vamosporlaliberacion.org\/crpmlm\/?p=21991"},"modified":"2020-11-08T17:42:44","modified_gmt":"2020-11-08T20:42:44","slug":"maria-remedios-del-valle","status":"publish","type":"post","link":"https:\/\/vamosporlaliberacion.org\/crpmlm\/maria-remedios-del-valle\/","title":{"rendered":"Mar\u00eda Remedios del Valle"},"content":{"rendered":"\n<p><strong>Quiero contar su historia porque ella no pudo hacerlo. Porque a pesar de ser una hero\u00edna y pr\u00f3cer de mi pa\u00eds no la recordamos en los actos escolares, no tiene asignado un feriado, ni una canci\u00f3n o un himno como tantos otros. Y s\u00ed, digo <em>otros<\/em> porque la mayor\u00eda de los patriotas que recordamos en Argentina son hombres. Hoy quiero ser tu voz, Remedios.<\/strong><\/p>\n\n\n\n<p>Por <strong>Geraldine Fortes,<\/strong> Afrodescendiente argentina, heredera de una cultura.<br>Afrofeminas.com<\/p>\n\n\n\n<p>Mar\u00eda Remedios del Valle naci\u00f3 en la ciudad de Buenos Aires, capital del entonces Virreinato del R\u00edo de la Plata, en 1766 o 1767. Este dato no es preciso ya que un grupo de intelectuales argentinos conocidos como \u201cLa generaci\u00f3n del 80\u201d se ocup\u00f3 de escribir la historia oficial y no la incluy\u00f3. Seguramente por dos razones: era mujer y afrodescendiente. Por eso considero que tengo que ser tu voz, porque estoy orgullosa de quien fuiste e indignada porque no me contaron tu historia antes, porque la descubr\u00ed sola.<\/p>\n\n\n\n<p>Esta mujer de piel oscura, cabello rizado y labios grandes actu\u00f3 como auxiliar durante las Invasiones Inglesas, form\u00f3 parte de la Revoluci\u00f3n de Mayo (proceso hist\u00f3rico mediante el cual Argentina obtiene su Primer Gobierno Patrio en 1810) y luch\u00f3 en las guerras por la Independencia del gobierno espa\u00f1ol. En 1812 se presenta ante el General Manuel Belgrano para solicitarle atender a los heridos de los combates. El General le neg\u00f3 el permiso, ya que estaba en contra de que las mujeres formen parte del ej\u00e9rcito, pero ante la exigencia de Remedios termin\u00f3 accediendo. Ingresa con sus dos hijos y su marido, los tres terminan muriendo en combate.&nbsp;<\/p>\n\n\n\n<p>Con el paso del tiempo se convirti\u00f3 en una persona esencial en el conocido Ej\u00e9rcito del Norte, los soldados comenzaron a llamarla <em>Madre de la Patria. <\/em>Tras la victoria de la Batalla de Tucum\u00e1n, Belgrano la nombra capitana de su ej\u00e9rcito. T\u00edtulo que no le era otorgado a las mujeres de la \u00e9poca. Las batallas siguieron para ella hasta que en 1813 fue herida de bala y tomada como prisionera. Desde la prisi\u00f3n ayud\u00f3 a escapar a varios oficiales con los que se encontraba. Cuando la descubrieron fue sometida a azotes en p\u00fablico. Aunque la historia oficial, escrita en Argentina mayoritariamente por hombres, no lo cuente seguramente, por el contexto del cual estamos hablando, es muy probable que tambi\u00e9n haya sido sometida a m\u00faltiples abusos y violaciones por ser negra y mujer.<\/p>\n\n\n\n<p>Una vez finalizada la guerra, y ya siendo muy mayor, Mar\u00eda Remedios del Valle regresa a la Ciudad de Buenos Aires donde termina mendigando hasta que la encuentra el General Viamonte, un hombre que hab\u00eda formado parte del Ej\u00e9rcito de Belgrano, que para ese momento ocupaba un cargo pol\u00edtico que le permiti\u00f3 concederle una peque\u00f1a pensi\u00f3n por la labor desempe\u00f1ada. Dos a\u00f1os despu\u00e9s, Rosas (otro personaje hist\u00f3rico argentino) la nombra sargento mayor y ella decide cambiar su nombre a Mercedes Rosas. Esta hero\u00edna muere en 1847.<\/p>\n\n\n\n<p>Con ella muere su historia, que fue recuperada m\u00e1s de 150 a\u00f1os despu\u00e9s por unos pocos historiadores del pa\u00eds. Como docente doy fe de que a\u00fan no es tema de conversaci\u00f3n en las clases escolares, aunque haya sido, sin dudas, un personaje hist\u00f3rico con gran influencia en la independencia. Cuando conoc\u00ed a esta mujer pens\u00e9 en la educaci\u00f3n formal de mi pa\u00eds. Muy pocas veces se menciona a las mujeres que formaron parte de la construcci\u00f3n de nuestra naci\u00f3n. Hace unos meses realic\u00e9 una encuesta a Instagram en la que el 100% de los participantes respondi\u00f3 que aprendi\u00f3 sobre la vida e influencia del <em>Padre de la Patria<\/em> en su escolaridad y solo el 4% afirm\u00f3 conocer la historia de la <em>Madre de la Patria.<\/em><\/p>\n\n\n\n<p><strong>Mar\u00eda Remedios del Valle<\/strong> fue olvidada por ser mujer y por ser negra. Argentina es un pa\u00eds que, aunque a veces se esfuerza por ocultarlo, niega la historia e influencia africana en su cultura. Un colectivo de mujeres y hombres afrodescendientes decidimos ser la voz que quisieron callar, la voz que intentaron ocultar y especialmente la voz de todas esas personas que fueron borradas de nuestro pasado.<\/p>\n<!-- AddThis Advanced Settings generic via filter on the_content --><!-- AddThis Share Buttons generic via filter on the_content -->","protected":false},"excerpt":{"rendered":"<p>Quiero contar su historia porque ella no pudo hacerlo. Porque a pesar de ser una hero\u00edna y pr\u00f3cer de mi pa\u00eds no la recordamos en los actos escolares, no tiene asignado un feriado, ni una canci\u00f3n o un himno como tantos otros. Y s\u00ed, digo otros porque la mayor\u00eda de los patriotas que recordamos en [&hellip;]<!-- AddThis Advanced Settings generic via filter on get_the_excerpt --><!-- AddThis Share Buttons generic via filter on get_the_excerpt --><\/p>\n","protected":false},"author":6,"featured_media":21992,"comment_status":"open","ping_status":"open","sticky":false,"template":"","format":"standard","meta":{"_jetpack_memberships_contains_paid_content":false,"footnotes":""},"categories":[1875],"tags":[],"class_list":{"0":"post-21991","1":"post","2":"type-post","3":"status-publish","4":"format-standard","5":"has-post-thumbnail","7":"category-genero"},"yoast_head":"<!-- This site is optimized with the Yoast SEO plugin v27.4 - https:\/\/yoast.com\/product\/yoast-seo-wordpress\/ -->\n<title>Mar\u00eda Remedios del Valle - Vamos por la Liberaci\u00f3n<\/title>\n<meta name=\"robots\" content=\"index, follow, max-snippet:-1, max-image-preview:large, max-video-preview:-1\" \/>\n<link rel=\"canonical\" href=\"https:\/\/vamosporlaliberacion.org\/crpmlm\/maria-remedios-del-valle\/\" \/>\n<meta name=\"twitter:label1\" content=\"Escrito por\" \/>\n\t<meta name=\"twitter:data1\" content=\"vamos!\" \/>\n\t<meta name=\"twitter:label2\" content=\"Tiempo de lectura\" \/>\n\t<meta name=\"twitter:data2\" content=\"4 minutos\" \/>\n<script type=\"application\/ld+json\" class=\"yoast-schema-graph\">{\"@context\":\"https:\\\/\\\/schema.org\",\"@graph\":[{\"@type\":\"Article\",\"@id\":\"https:\\\/\\\/vamosporlaliberacion.org\\\/crpmlm\\\/maria-remedios-del-valle\\\/#article\",\"isPartOf\":{\"@id\":\"https:\\\/\\\/vamosporlaliberacion.org\\\/crpmlm\\\/maria-remedios-del-valle\\\/\"},\"author\":{\"name\":\"vamos!\",\"@id\":\"https:\\\/\\\/vamosporlaliberacion.org\\\/crpmlm\\\/#\\\/schema\\\/person\\\/d6eac7758df3770dae9cd9eb104d615c\"},\"headline\":\"Mar\u00eda Remedios del Valle\",\"datePublished\":\"2020-11-08T20:37:07+00:00\",\"dateModified\":\"2020-11-08T20:42:44+00:00\",\"mainEntityOfPage\":{\"@id\":\"https:\\\/\\\/vamosporlaliberacion.org\\\/crpmlm\\\/maria-remedios-del-valle\\\/\"},\"wordCount\":721,\"commentCount\":0,\"image\":{\"@id\":\"https:\\\/\\\/vamosporlaliberacion.org\\\/crpmlm\\\/maria-remedios-del-valle\\\/#primaryimage\"},\"thumbnailUrl\":\"https:\\\/\\\/i0.wp.com\\\/vamosporlaliberacion.org\\\/crpmlm\\\/wp-content\\\/uploads\\\/2020\\\/11\\\/photo_2020-11-08_17-29-39.jpg?fit=1200%2C630&ssl=1\",\"articleSection\":[\"Genero\"],\"inLanguage\":\"es\",\"potentialAction\":[{\"@type\":\"CommentAction\",\"name\":\"Comment\",\"target\":[\"https:\\\/\\\/vamosporlaliberacion.org\\\/crpmlm\\\/maria-remedios-del-valle\\\/#respond\"]}]},{\"@type\":\"WebPage\",\"@id\":\"https:\\\/\\\/vamosporlaliberacion.org\\\/crpmlm\\\/maria-remedios-del-valle\\\/\",\"url\":\"https:\\\/\\\/vamosporlaliberacion.org\\\/crpmlm\\\/maria-remedios-del-valle\\\/\",\"name\":\"Mar\u00eda Remedios del Valle - Vamos por la Liberaci\u00f3n\",\"isPartOf\":{\"@id\":\"https:\\\/\\\/vamosporlaliberacion.org\\\/crpmlm\\\/#website\"},\"primaryImageOfPage\":{\"@id\":\"https:\\\/\\\/vamosporlaliberacion.org\\\/crpmlm\\\/maria-remedios-del-valle\\\/#primaryimage\"},\"image\":{\"@id\":\"https:\\\/\\\/vamosporlaliberacion.org\\\/crpmlm\\\/maria-remedios-del-valle\\\/#primaryimage\"},\"thumbnailUrl\":\"https:\\\/\\\/i0.wp.com\\\/vamosporlaliberacion.org\\\/crpmlm\\\/wp-content\\\/uploads\\\/2020\\\/11\\\/photo_2020-11-08_17-29-39.jpg?fit=1200%2C630&ssl=1\",\"datePublished\":\"2020-11-08T20:37:07+00:00\",\"dateModified\":\"2020-11-08T20:42:44+00:00\",\"author\":{\"@id\":\"https:\\\/\\\/vamosporlaliberacion.org\\\/crpmlm\\\/#\\\/schema\\\/person\\\/d6eac7758df3770dae9cd9eb104d615c\"},\"breadcrumb\":{\"@id\":\"https:\\\/\\\/vamosporlaliberacion.org\\\/crpmlm\\\/maria-remedios-del-valle\\\/#breadcrumb\"},\"inLanguage\":\"es\",\"potentialAction\":[{\"@type\":\"ReadAction\",\"target\":[\"https:\\\/\\\/vamosporlaliberacion.org\\\/crpmlm\\\/maria-remedios-del-valle\\\/\"]}]},{\"@type\":\"ImageObject\",\"inLanguage\":\"es\",\"@id\":\"https:\\\/\\\/vamosporlaliberacion.org\\\/crpmlm\\\/maria-remedios-del-valle\\\/#primaryimage\",\"url\":\"https:\\\/\\\/i0.wp.com\\\/vamosporlaliberacion.org\\\/crpmlm\\\/wp-content\\\/uploads\\\/2020\\\/11\\\/photo_2020-11-08_17-29-39.jpg?fit=1200%2C630&ssl=1\",\"contentUrl\":\"https:\\\/\\\/i0.wp.com\\\/vamosporlaliberacion.org\\\/crpmlm\\\/wp-content\\\/uploads\\\/2020\\\/11\\\/photo_2020-11-08_17-29-39.jpg?fit=1200%2C630&ssl=1\",\"width\":1200,\"height\":630,\"caption\":\"Ilustraci\u00f3n de Eleonora Kortsarz\"},{\"@type\":\"BreadcrumbList\",\"@id\":\"https:\\\/\\\/vamosporlaliberacion.org\\\/crpmlm\\\/maria-remedios-del-valle\\\/#breadcrumb\",\"itemListElement\":[{\"@type\":\"ListItem\",\"position\":1,\"name\":\"Portada\",\"item\":\"https:\\\/\\\/vamosporlaliberacion.org\\\/crpmlm\\\/\"},{\"@type\":\"ListItem\",\"position\":2,\"name\":\"Mar\u00eda Remedios del Valle\"}]},{\"@type\":\"WebSite\",\"@id\":\"https:\\\/\\\/vamosporlaliberacion.org\\\/crpmlm\\\/#website\",\"url\":\"https:\\\/\\\/vamosporlaliberacion.org\\\/crpmlm\\\/\",\"name\":\"Vamos por la Liberaci\u00f3n\",\"description\":\"Prensa CR\",\"potentialAction\":[{\"@type\":\"SearchAction\",\"target\":{\"@type\":\"EntryPoint\",\"urlTemplate\":\"https:\\\/\\\/vamosporlaliberacion.org\\\/crpmlm\\\/?s={search_term_string}\"},\"query-input\":{\"@type\":\"PropertyValueSpecification\",\"valueRequired\":true,\"valueName\":\"search_term_string\"}}],\"inLanguage\":\"es\"},{\"@type\":\"Person\",\"@id\":\"https:\\\/\\\/vamosporlaliberacion.org\\\/crpmlm\\\/#\\\/schema\\\/person\\\/d6eac7758df3770dae9cd9eb104d615c\",\"name\":\"vamos!\",\"url\":\"https:\\\/\\\/vamosporlaliberacion.org\\\/crpmlm\\\/author\\\/adminvxl\\\/\"}]}<\/script>\n<!-- \/ Yoast SEO plugin. -->","yoast_head_json":{"title":"Mar\u00eda Remedios del Valle - Vamos por la Liberaci\u00f3n","robots":{"index":"index","follow":"follow","max-snippet":"max-snippet:-1","max-image-preview":"max-image-preview:large","max-video-preview":"max-video-preview:-1"},"canonical":"https:\/\/vamosporlaliberacion.org\/crpmlm\/maria-remedios-del-valle\/","twitter_misc":{"Escrito por":"vamos!","Tiempo de lectura":"4 minutos"},"schema":{"@context":"https:\/\/schema.org","@graph":[{"@type":"Article","@id":"https:\/\/vamosporlaliberacion.org\/crpmlm\/maria-remedios-del-valle\/#article","isPartOf":{"@id":"https:\/\/vamosporlaliberacion.org\/crpmlm\/maria-remedios-del-valle\/"},"author":{"name":"vamos!","@id":"https:\/\/vamosporlaliberacion.org\/crpmlm\/#\/schema\/person\/d6eac7758df3770dae9cd9eb104d615c"},"headline":"Mar\u00eda Remedios del Valle","datePublished":"2020-11-08T20:37:07+00:00","dateModified":"2020-11-08T20:42:44+00:00","mainEntityOfPage":{"@id":"https:\/\/vamosporlaliberacion.org\/crpmlm\/maria-remedios-del-valle\/"},"wordCount":721,"commentCount":0,"image":{"@id":"https:\/\/vamosporlaliberacion.org\/crpmlm\/maria-remedios-del-valle\/#primaryimage"},"thumbnailUrl":"https:\/\/i0.wp.com\/vamosporlaliberacion.org\/crpmlm\/wp-content\/uploads\/2020\/11\/photo_2020-11-08_17-29-39.jpg?fit=1200%2C630&ssl=1","articleSection":["Genero"],"inLanguage":"es","potentialAction":[{"@type":"CommentAction","name":"Comment","target":["https:\/\/vamosporlaliberacion.org\/crpmlm\/maria-remedios-del-valle\/#respond"]}]},{"@type":"WebPage","@id":"https:\/\/vamosporlaliberacion.org\/crpmlm\/maria-remedios-del-valle\/","url":"https:\/\/vamosporlaliberacion.org\/crpmlm\/maria-remedios-del-valle\/","name":"Mar\u00eda Remedios del Valle - Vamos por la Liberaci\u00f3n","isPartOf":{"@id":"https:\/\/vamosporlaliberacion.org\/crpmlm\/#website"},"primaryImageOfPage":{"@id":"https:\/\/vamosporlaliberacion.org\/crpmlm\/maria-remedios-del-valle\/#primaryimage"},"image":{"@id":"https:\/\/vamosporlaliberacion.org\/crpmlm\/maria-remedios-del-valle\/#primaryimage"},"thumbnailUrl":"https:\/\/i0.wp.com\/vamosporlaliberacion.org\/crpmlm\/wp-content\/uploads\/2020\/11\/photo_2020-11-08_17-29-39.jpg?fit=1200%2C630&ssl=1","datePublished":"2020-11-08T20:37:07+00:00","dateModified":"2020-11-08T20:42:44+00:00","author":{"@id":"https:\/\/vamosporlaliberacion.org\/crpmlm\/#\/schema\/person\/d6eac7758df3770dae9cd9eb104d615c"},"breadcrumb":{"@id":"https:\/\/vamosporlaliberacion.org\/crpmlm\/maria-remedios-del-valle\/#breadcrumb"},"inLanguage":"es","potentialAction":[{"@type":"ReadAction","target":["https:\/\/vamosporlaliberacion.org\/crpmlm\/maria-remedios-del-valle\/"]}]},{"@type":"ImageObject","inLanguage":"es","@id":"https:\/\/vamosporlaliberacion.org\/crpmlm\/maria-remedios-del-valle\/#primaryimage","url":"https:\/\/i0.wp.com\/vamosporlaliberacion.org\/crpmlm\/wp-content\/uploads\/2020\/11\/photo_2020-11-08_17-29-39.jpg?fit=1200%2C630&ssl=1","contentUrl":"https:\/\/i0.wp.com\/vamosporlaliberacion.org\/crpmlm\/wp-content\/uploads\/2020\/11\/photo_2020-11-08_17-29-39.jpg?fit=1200%2C630&ssl=1","width":1200,"height":630,"caption":"Ilustraci\u00f3n de Eleonora Kortsarz"},{"@type":"BreadcrumbList","@id":"https:\/\/vamosporlaliberacion.org\/crpmlm\/maria-remedios-del-valle\/#breadcrumb","itemListElement":[{"@type":"ListItem","position":1,"name":"Portada","item":"https:\/\/vamosporlaliberacion.org\/crpmlm\/"},{"@type":"ListItem","position":2,"name":"Mar\u00eda Remedios del Valle"}]},{"@type":"WebSite","@id":"https:\/\/vamosporlaliberacion.org\/crpmlm\/#website","url":"https:\/\/vamosporlaliberacion.org\/crpmlm\/","name":"Vamos por la Liberaci\u00f3n","description":"Prensa CR","potentialAction":[{"@type":"SearchAction","target":{"@type":"EntryPoint","urlTemplate":"https:\/\/vamosporlaliberacion.org\/crpmlm\/?s={search_term_string}"},"query-input":{"@type":"PropertyValueSpecification","valueRequired":true,"valueName":"search_term_string"}}],"inLanguage":"es"},{"@type":"Person","@id":"https:\/\/vamosporlaliberacion.org\/crpmlm\/#\/schema\/person\/d6eac7758df3770dae9cd9eb104d615c","name":"vamos!","url":"https:\/\/vamosporlaliberacion.org\/crpmlm\/author\/adminvxl\/"}]}},"jetpack_featured_media_url":"https:\/\/i0.wp.com\/vamosporlaliberacion.org\/crpmlm\/wp-content\/uploads\/2020\/11\/photo_2020-11-08_17-29-39.jpg?fit=1200%2C630&ssl=1","jetpack_sharing_enabled":true,"_links":{"self":[{"href":"https:\/\/vamosporlaliberacion.org\/crpmlm\/wp-json\/wp\/v2\/posts\/21991","targetHints":{"allow":["GET"]}}],"collection":[{"href":"https:\/\/vamosporlaliberacion.org\/crpmlm\/wp-json\/wp\/v2\/posts"}],"about":[{"href":"https:\/\/vamosporlaliberacion.org\/crpmlm\/wp-json\/wp\/v2\/types\/post"}],"author":[{"embeddable":true,"href":"https:\/\/vamosporlaliberacion.org\/crpmlm\/wp-json\/wp\/v2\/users\/6"}],"replies":[{"embeddable":true,"href":"https:\/\/vamosporlaliberacion.org\/crpmlm\/wp-json\/wp\/v2\/comments?post=21991"}],"version-history":[{"count":2,"href":"https:\/\/vamosporlaliberacion.org\/crpmlm\/wp-json\/wp\/v2\/posts\/21991\/revisions"}],"predecessor-version":[{"id":21994,"href":"https:\/\/vamosporlaliberacion.org\/crpmlm\/wp-json\/wp\/v2\/posts\/21991\/revisions\/21994"}],"wp:featuredmedia":[{"embeddable":true,"href":"https:\/\/vamosporlaliberacion.org\/crpmlm\/wp-json\/wp\/v2\/media\/21992"}],"wp:attachment":[{"href":"https:\/\/vamosporlaliberacion.org\/crpmlm\/wp-json\/wp\/v2\/media?parent=21991"}],"wp:term":[{"taxonomy":"category","embeddable":true,"href":"https:\/\/vamosporlaliberacion.org\/crpmlm\/wp-json\/wp\/v2\/categories?post=21991"},{"taxonomy":"post_tag","embeddable":true,"href":"https:\/\/vamosporlaliberacion.org\/crpmlm\/wp-json\/wp\/v2\/tags?post=21991"}],"curies":[{"name":"wp","href":"https:\/\/api.w.org\/{rel}","templated":true}]}}