{"id":2170,"date":"2013-07-30T21:01:28","date_gmt":"2013-07-31T00:01:28","guid":{"rendered":"http:\/\/vamosporlaliberacion.org\/crpmlm\/?p=2170"},"modified":"2020-10-26T15:44:13","modified_gmt":"2020-10-26T18:44:13","slug":"rafael-y-maria-hasta-la-victoria-siempre-2","status":"publish","type":"post","link":"https:\/\/vamosporlaliberacion.org\/crpmlm\/rafael-y-maria-hasta-la-victoria-siempre-2\/","title":{"rendered":"Rafael y Mar\u00eda, hasta la victoria siempre!"},"content":{"rendered":"<p>El 31 de julio de 2007, en un accidente automovil\u00edstico, mor\u00edan Rafael Gigli y Mar\u00eda Conti, militantes del Partido Comunista Revolucionario. Rafael, miembro de su Comit\u00e9 Central, estuvo entre sus fundadores, cuando el MENAP (Movimiento Estudiantil Nacional de Acci\u00f3n Popular) al que pertenec\u00eda confluy\u00f3 con quienes rompieron con el Partido Comunista en la creaci\u00f3n del PCR. Parte protag\u00f3nica del Correntinazo, presidente de la Federaci\u00f3n Universitaria del Nordeste, secretario del partido en el Chaco, cay\u00f3 preso a disposici\u00f3n del Poder Ejecutivo durante el gobierno de Isabel y los siete a\u00f1os de detenci\u00f3n le hicieron conocer las c\u00e1rceles de la dictadura. Mar\u00eda fue de esa generaci\u00f3n a la que el Cordobazo hizo crecer de golpe, mirando hacia un futuro lleno de perspectivas revolucionarias. Casi adolescente, emigr\u00f3 desde su Santa Fe natal a esa provincia para entrar en la Universidad. Trasladada a Buenos Aires, con sus hijos peque\u00f1os, no vacil\u00f3 durante la dictadura en desempe\u00f1ar arriesgadas tareas en el \u00e1rea de organizaci\u00f3n del partido.<\/p>\n<p>Si estos breves datos dan cuenta de su formaci\u00f3n, sus vidas enteras desde entonces reflejan un camino sin torceduras, en el que nada ni nadie pudo quebrar sus aspiraciones de comunistas revolucionarios. <\/p>\n<p>La herida provocada por su muerte puede palparse en los testimonios de su prolongada despedida, en la que coincidieron no s\u00f3lo los integrantes del PCR \u2013y entre ellos los m\u00e1s humildes\u2013, sino tambi\u00e9n miembros de otras organizaciones populares que los hab\u00edan conocido por su pr\u00e1ctica. La enorme p\u00e9rdida que signific\u00f3 para el comunismo revolucionario se verifica en el truncamiento de las tareas que desarrollaban, pero tambi\u00e9n en el curso de los acontecimientos posteriores dentro del PCR.<\/p>\n<p>La vida uni\u00f3 a Rafael y Mar\u00eda en la militancia y la lucha con alegr\u00eda, en la integridad de sus posturas, en el abrazo de una l\u00ednea mao\u00edsta que les permiti\u00f3 construir, al primero, tanto entre los Chacareros Federados como alumbrar la Uni\u00f3n Campesina del Chaco; y a Mar\u00eda, tanto entre las mujeres m\u00e1s oprimidas de La Matanza o las originarias, como en una l\u00ednea para el movimiento de mujeres de la Argentina, apoyada en los Encuentros Nacionales, de los que fue ferviente impulsora.<\/p>\n<p>Mar\u00eda y Rafael fueron amplios en sus concepciones, porque su convicci\u00f3n y su pr\u00e1ctica de trabajo militante los alej\u00f3 del dogmatismo. Confiaron siempre en los j\u00f3venes. No necesitaron atrincherarse en consignas: defendieron el mao\u00edsmo desde sus ra\u00edces, y jam\u00e1s apa\u00f1aron en nombre de la unidad a quienes se desviaban de esa l\u00ednea.<\/p>\n<p>La muerte, cruel como nunca, los arrebat\u00f3 del coraz\u00f3n de quienes los am\u00e1bamos y despoj\u00f3 al comunismo revolucionario de dos cuadros muy dif\u00edciles de reemplazar. Mar\u00eda, Rafael: lo que crece, joven y desde abajo, tambi\u00e9n es parte del pan amasado con su harina. \u00a1Hasta la victoria siempre, compa\u00f1eros!<\/p>\n<!-- AddThis Advanced Settings generic via filter on the_content --><!-- AddThis Share Buttons generic via filter on the_content -->","protected":false},"excerpt":{"rendered":"<p>El 31 de julio de 2007, en un accidente automovil\u00edstico, mor\u00edan Rafael Gigli y Mar\u00eda Conti, militantes del Partido Comunista Revolucionario. Rafael, miembro de su Comit\u00e9 Central, estuvo entre sus fundadores, cuando el MENAP (Movimiento Estudiantil Nacional de Acci\u00f3n Popular) al que pertenec\u00eda confluy\u00f3 con quienes rompieron con el Partido Comunista en la creaci\u00f3n del [&hellip;]<!-- AddThis Advanced Settings generic via filter on get_the_excerpt --><!-- AddThis Share Buttons generic via filter on get_the_excerpt --><\/p>\n","protected":false},"author":6,"featured_media":1501,"comment_status":"open","ping_status":"open","sticky":false,"template":"","format":"standard","meta":{"_jetpack_memberships_contains_paid_content":false,"footnotes":""},"categories":[1879],"tags":[328],"class_list":{"0":"post-2170","1":"post","2":"type-post","3":"status-publish","4":"format-standard","5":"has-post-thumbnail","7":"category-nuestro-ejemplo","8":"tag-vxl-10"},"yoast_head":"<!-- This site is optimized with the Yoast SEO plugin v27.4 - https:\/\/yoast.com\/product\/yoast-seo-wordpress\/ -->\n<title>Rafael y Mar\u00eda, hasta la victoria siempre! - Vamos por la Liberaci\u00f3n<\/title>\n<meta name=\"robots\" content=\"index, follow, max-snippet:-1, max-image-preview:large, max-video-preview:-1\" \/>\n<link rel=\"canonical\" href=\"https:\/\/vamosporlaliberacion.org\/crpmlm\/rafael-y-maria-hasta-la-victoria-siempre-2\/\" \/>\n<meta name=\"twitter:label1\" content=\"Escrito por\" \/>\n\t<meta name=\"twitter:data1\" content=\"vamos!\" \/>\n\t<meta name=\"twitter:label2\" content=\"Tiempo de lectura\" \/>\n\t<meta name=\"twitter:data2\" content=\"2 minutos\" \/>\n<script type=\"application\/ld+json\" class=\"yoast-schema-graph\">{\"@context\":\"https:\\\/\\\/schema.org\",\"@graph\":[{\"@type\":\"Article\",\"@id\":\"https:\\\/\\\/vamosporlaliberacion.org\\\/crpmlm\\\/rafael-y-maria-hasta-la-victoria-siempre-2\\\/#article\",\"isPartOf\":{\"@id\":\"https:\\\/\\\/vamosporlaliberacion.org\\\/crpmlm\\\/rafael-y-maria-hasta-la-victoria-siempre-2\\\/\"},\"author\":{\"name\":\"vamos!\",\"@id\":\"https:\\\/\\\/vamosporlaliberacion.org\\\/crpmlm\\\/#\\\/schema\\\/person\\\/d6eac7758df3770dae9cd9eb104d615c\"},\"headline\":\"Rafael y Mar\u00eda, hasta la victoria siempre!\",\"datePublished\":\"2013-07-31T00:01:28+00:00\",\"dateModified\":\"2020-10-26T18:44:13+00:00\",\"mainEntityOfPage\":{\"@id\":\"https:\\\/\\\/vamosporlaliberacion.org\\\/crpmlm\\\/rafael-y-maria-hasta-la-victoria-siempre-2\\\/\"},\"wordCount\":507,\"commentCount\":0,\"image\":{\"@id\":\"https:\\\/\\\/vamosporlaliberacion.org\\\/crpmlm\\\/rafael-y-maria-hasta-la-victoria-siempre-2\\\/#primaryimage\"},\"thumbnailUrl\":\"https:\\\/\\\/i0.wp.com\\\/vamosporlaliberacion.org\\\/crpmlm\\\/wp-content\\\/uploads\\\/2015\\\/10\\\/vxl56-17.jpg?fit=696%2C469&ssl=1\",\"keywords\":[\"vxl 10\"],\"articleSection\":[\"Nuestro ejemplo\"],\"inLanguage\":\"es\",\"potentialAction\":[{\"@type\":\"CommentAction\",\"name\":\"Comment\",\"target\":[\"https:\\\/\\\/vamosporlaliberacion.org\\\/crpmlm\\\/rafael-y-maria-hasta-la-victoria-siempre-2\\\/#respond\"]}]},{\"@type\":\"WebPage\",\"@id\":\"https:\\\/\\\/vamosporlaliberacion.org\\\/crpmlm\\\/rafael-y-maria-hasta-la-victoria-siempre-2\\\/\",\"url\":\"https:\\\/\\\/vamosporlaliberacion.org\\\/crpmlm\\\/rafael-y-maria-hasta-la-victoria-siempre-2\\\/\",\"name\":\"Rafael y Mar\u00eda, hasta la victoria siempre! - Vamos por la Liberaci\u00f3n\",\"isPartOf\":{\"@id\":\"https:\\\/\\\/vamosporlaliberacion.org\\\/crpmlm\\\/#website\"},\"primaryImageOfPage\":{\"@id\":\"https:\\\/\\\/vamosporlaliberacion.org\\\/crpmlm\\\/rafael-y-maria-hasta-la-victoria-siempre-2\\\/#primaryimage\"},\"image\":{\"@id\":\"https:\\\/\\\/vamosporlaliberacion.org\\\/crpmlm\\\/rafael-y-maria-hasta-la-victoria-siempre-2\\\/#primaryimage\"},\"thumbnailUrl\":\"https:\\\/\\\/i0.wp.com\\\/vamosporlaliberacion.org\\\/crpmlm\\\/wp-content\\\/uploads\\\/2015\\\/10\\\/vxl56-17.jpg?fit=696%2C469&ssl=1\",\"datePublished\":\"2013-07-31T00:01:28+00:00\",\"dateModified\":\"2020-10-26T18:44:13+00:00\",\"author\":{\"@id\":\"https:\\\/\\\/vamosporlaliberacion.org\\\/crpmlm\\\/#\\\/schema\\\/person\\\/d6eac7758df3770dae9cd9eb104d615c\"},\"breadcrumb\":{\"@id\":\"https:\\\/\\\/vamosporlaliberacion.org\\\/crpmlm\\\/rafael-y-maria-hasta-la-victoria-siempre-2\\\/#breadcrumb\"},\"inLanguage\":\"es\",\"potentialAction\":[{\"@type\":\"ReadAction\",\"target\":[\"https:\\\/\\\/vamosporlaliberacion.org\\\/crpmlm\\\/rafael-y-maria-hasta-la-victoria-siempre-2\\\/\"]}]},{\"@type\":\"ImageObject\",\"inLanguage\":\"es\",\"@id\":\"https:\\\/\\\/vamosporlaliberacion.org\\\/crpmlm\\\/rafael-y-maria-hasta-la-victoria-siempre-2\\\/#primaryimage\",\"url\":\"https:\\\/\\\/i0.wp.com\\\/vamosporlaliberacion.org\\\/crpmlm\\\/wp-content\\\/uploads\\\/2015\\\/10\\\/vxl56-17.jpg?fit=696%2C469&ssl=1\",\"contentUrl\":\"https:\\\/\\\/i0.wp.com\\\/vamosporlaliberacion.org\\\/crpmlm\\\/wp-content\\\/uploads\\\/2015\\\/10\\\/vxl56-17.jpg?fit=696%2C469&ssl=1\",\"width\":696,\"height\":469},{\"@type\":\"BreadcrumbList\",\"@id\":\"https:\\\/\\\/vamosporlaliberacion.org\\\/crpmlm\\\/rafael-y-maria-hasta-la-victoria-siempre-2\\\/#breadcrumb\",\"itemListElement\":[{\"@type\":\"ListItem\",\"position\":1,\"name\":\"Portada\",\"item\":\"https:\\\/\\\/vamosporlaliberacion.org\\\/crpmlm\\\/\"},{\"@type\":\"ListItem\",\"position\":2,\"name\":\"Rafael y Mar\u00eda, hasta la victoria siempre!\"}]},{\"@type\":\"WebSite\",\"@id\":\"https:\\\/\\\/vamosporlaliberacion.org\\\/crpmlm\\\/#website\",\"url\":\"https:\\\/\\\/vamosporlaliberacion.org\\\/crpmlm\\\/\",\"name\":\"Vamos por la Liberaci\u00f3n\",\"description\":\"Prensa CR\",\"potentialAction\":[{\"@type\":\"SearchAction\",\"target\":{\"@type\":\"EntryPoint\",\"urlTemplate\":\"https:\\\/\\\/vamosporlaliberacion.org\\\/crpmlm\\\/?s={search_term_string}\"},\"query-input\":{\"@type\":\"PropertyValueSpecification\",\"valueRequired\":true,\"valueName\":\"search_term_string\"}}],\"inLanguage\":\"es\"},{\"@type\":\"Person\",\"@id\":\"https:\\\/\\\/vamosporlaliberacion.org\\\/crpmlm\\\/#\\\/schema\\\/person\\\/d6eac7758df3770dae9cd9eb104d615c\",\"name\":\"vamos!\",\"url\":\"https:\\\/\\\/vamosporlaliberacion.org\\\/crpmlm\\\/author\\\/adminvxl\\\/\"}]}<\/script>\n<!-- \/ Yoast SEO plugin. -->","yoast_head_json":{"title":"Rafael y Mar\u00eda, hasta la victoria siempre! - Vamos por la Liberaci\u00f3n","robots":{"index":"index","follow":"follow","max-snippet":"max-snippet:-1","max-image-preview":"max-image-preview:large","max-video-preview":"max-video-preview:-1"},"canonical":"https:\/\/vamosporlaliberacion.org\/crpmlm\/rafael-y-maria-hasta-la-victoria-siempre-2\/","twitter_misc":{"Escrito por":"vamos!","Tiempo de lectura":"2 minutos"},"schema":{"@context":"https:\/\/schema.org","@graph":[{"@type":"Article","@id":"https:\/\/vamosporlaliberacion.org\/crpmlm\/rafael-y-maria-hasta-la-victoria-siempre-2\/#article","isPartOf":{"@id":"https:\/\/vamosporlaliberacion.org\/crpmlm\/rafael-y-maria-hasta-la-victoria-siempre-2\/"},"author":{"name":"vamos!","@id":"https:\/\/vamosporlaliberacion.org\/crpmlm\/#\/schema\/person\/d6eac7758df3770dae9cd9eb104d615c"},"headline":"Rafael y Mar\u00eda, hasta la victoria siempre!","datePublished":"2013-07-31T00:01:28+00:00","dateModified":"2020-10-26T18:44:13+00:00","mainEntityOfPage":{"@id":"https:\/\/vamosporlaliberacion.org\/crpmlm\/rafael-y-maria-hasta-la-victoria-siempre-2\/"},"wordCount":507,"commentCount":0,"image":{"@id":"https:\/\/vamosporlaliberacion.org\/crpmlm\/rafael-y-maria-hasta-la-victoria-siempre-2\/#primaryimage"},"thumbnailUrl":"https:\/\/i0.wp.com\/vamosporlaliberacion.org\/crpmlm\/wp-content\/uploads\/2015\/10\/vxl56-17.jpg?fit=696%2C469&ssl=1","keywords":["vxl 10"],"articleSection":["Nuestro ejemplo"],"inLanguage":"es","potentialAction":[{"@type":"CommentAction","name":"Comment","target":["https:\/\/vamosporlaliberacion.org\/crpmlm\/rafael-y-maria-hasta-la-victoria-siempre-2\/#respond"]}]},{"@type":"WebPage","@id":"https:\/\/vamosporlaliberacion.org\/crpmlm\/rafael-y-maria-hasta-la-victoria-siempre-2\/","url":"https:\/\/vamosporlaliberacion.org\/crpmlm\/rafael-y-maria-hasta-la-victoria-siempre-2\/","name":"Rafael y Mar\u00eda, hasta la victoria siempre! - Vamos por la Liberaci\u00f3n","isPartOf":{"@id":"https:\/\/vamosporlaliberacion.org\/crpmlm\/#website"},"primaryImageOfPage":{"@id":"https:\/\/vamosporlaliberacion.org\/crpmlm\/rafael-y-maria-hasta-la-victoria-siempre-2\/#primaryimage"},"image":{"@id":"https:\/\/vamosporlaliberacion.org\/crpmlm\/rafael-y-maria-hasta-la-victoria-siempre-2\/#primaryimage"},"thumbnailUrl":"https:\/\/i0.wp.com\/vamosporlaliberacion.org\/crpmlm\/wp-content\/uploads\/2015\/10\/vxl56-17.jpg?fit=696%2C469&ssl=1","datePublished":"2013-07-31T00:01:28+00:00","dateModified":"2020-10-26T18:44:13+00:00","author":{"@id":"https:\/\/vamosporlaliberacion.org\/crpmlm\/#\/schema\/person\/d6eac7758df3770dae9cd9eb104d615c"},"breadcrumb":{"@id":"https:\/\/vamosporlaliberacion.org\/crpmlm\/rafael-y-maria-hasta-la-victoria-siempre-2\/#breadcrumb"},"inLanguage":"es","potentialAction":[{"@type":"ReadAction","target":["https:\/\/vamosporlaliberacion.org\/crpmlm\/rafael-y-maria-hasta-la-victoria-siempre-2\/"]}]},{"@type":"ImageObject","inLanguage":"es","@id":"https:\/\/vamosporlaliberacion.org\/crpmlm\/rafael-y-maria-hasta-la-victoria-siempre-2\/#primaryimage","url":"https:\/\/i0.wp.com\/vamosporlaliberacion.org\/crpmlm\/wp-content\/uploads\/2015\/10\/vxl56-17.jpg?fit=696%2C469&ssl=1","contentUrl":"https:\/\/i0.wp.com\/vamosporlaliberacion.org\/crpmlm\/wp-content\/uploads\/2015\/10\/vxl56-17.jpg?fit=696%2C469&ssl=1","width":696,"height":469},{"@type":"BreadcrumbList","@id":"https:\/\/vamosporlaliberacion.org\/crpmlm\/rafael-y-maria-hasta-la-victoria-siempre-2\/#breadcrumb","itemListElement":[{"@type":"ListItem","position":1,"name":"Portada","item":"https:\/\/vamosporlaliberacion.org\/crpmlm\/"},{"@type":"ListItem","position":2,"name":"Rafael y Mar\u00eda, hasta la victoria siempre!"}]},{"@type":"WebSite","@id":"https:\/\/vamosporlaliberacion.org\/crpmlm\/#website","url":"https:\/\/vamosporlaliberacion.org\/crpmlm\/","name":"Vamos por la Liberaci\u00f3n","description":"Prensa CR","potentialAction":[{"@type":"SearchAction","target":{"@type":"EntryPoint","urlTemplate":"https:\/\/vamosporlaliberacion.org\/crpmlm\/?s={search_term_string}"},"query-input":{"@type":"PropertyValueSpecification","valueRequired":true,"valueName":"search_term_string"}}],"inLanguage":"es"},{"@type":"Person","@id":"https:\/\/vamosporlaliberacion.org\/crpmlm\/#\/schema\/person\/d6eac7758df3770dae9cd9eb104d615c","name":"vamos!","url":"https:\/\/vamosporlaliberacion.org\/crpmlm\/author\/adminvxl\/"}]}},"jetpack_featured_media_url":"https:\/\/i0.wp.com\/vamosporlaliberacion.org\/crpmlm\/wp-content\/uploads\/2015\/10\/vxl56-17.jpg?fit=696%2C469&ssl=1","jetpack_sharing_enabled":true,"_links":{"self":[{"href":"https:\/\/vamosporlaliberacion.org\/crpmlm\/wp-json\/wp\/v2\/posts\/2170","targetHints":{"allow":["GET"]}}],"collection":[{"href":"https:\/\/vamosporlaliberacion.org\/crpmlm\/wp-json\/wp\/v2\/posts"}],"about":[{"href":"https:\/\/vamosporlaliberacion.org\/crpmlm\/wp-json\/wp\/v2\/types\/post"}],"author":[{"embeddable":true,"href":"https:\/\/vamosporlaliberacion.org\/crpmlm\/wp-json\/wp\/v2\/users\/6"}],"replies":[{"embeddable":true,"href":"https:\/\/vamosporlaliberacion.org\/crpmlm\/wp-json\/wp\/v2\/comments?post=2170"}],"version-history":[{"count":1,"href":"https:\/\/vamosporlaliberacion.org\/crpmlm\/wp-json\/wp\/v2\/posts\/2170\/revisions"}],"predecessor-version":[{"id":20822,"href":"https:\/\/vamosporlaliberacion.org\/crpmlm\/wp-json\/wp\/v2\/posts\/2170\/revisions\/20822"}],"wp:featuredmedia":[{"embeddable":true,"href":"https:\/\/vamosporlaliberacion.org\/crpmlm\/wp-json\/wp\/v2\/media\/1501"}],"wp:attachment":[{"href":"https:\/\/vamosporlaliberacion.org\/crpmlm\/wp-json\/wp\/v2\/media?parent=2170"}],"wp:term":[{"taxonomy":"category","embeddable":true,"href":"https:\/\/vamosporlaliberacion.org\/crpmlm\/wp-json\/wp\/v2\/categories?post=2170"},{"taxonomy":"post_tag","embeddable":true,"href":"https:\/\/vamosporlaliberacion.org\/crpmlm\/wp-json\/wp\/v2\/tags?post=2170"}],"curies":[{"name":"wp","href":"https:\/\/api.w.org\/{rel}","templated":true}]}}